{"id":1670,"date":"2018-01-11T07:57:32","date_gmt":"2018-01-11T07:57:32","guid":{"rendered":"https:\/\/diarieducacio.cat\/grao\/?p=1670"},"modified":"2024-05-13T18:30:24","modified_gmt":"2024-05-13T16:30:24","slug":"magic-mirror-the-wall-mirallet-mirallet","status":"publish","type":"post","link":"https:\/\/diarieducacio.cat\/grao\/2018\/01\/11\/magic-mirror-the-wall-mirallet-mirallet\/","title":{"rendered":"Magic mirror on the wall&#8230; (&#8220;Mirallet, mirallet&#8230;&#8221;)"},"content":{"rendered":"<p><a href=\"https:\/\/nostalgic-ishizaka.82-223-1-47.plesk.page\/grao\/wp-content\/uploads\/sites\/31\/2017\/11\/frame-1013707_960_720.jpg\"><\/a>\u00daltimament, sentim molt a parlar de l\u2019excel\u00b7l\u00e8ncia de l\u2019educaci\u00f3 finesa i, quan ens mirem al mirall, busquem trets que ens acostin a la imatge que en tenim, per\u00f2\u2026 Aturem-nos un moment i analitzem qui som realment nosaltres; busquem les nostres virtuts i no els nostres defectes; reconeguem que vivim en dues societats molt diferents&#8230;<\/p>\n<p>Sortir de casa i viure experi\u00e8ncies en primera persona \u00e9s un gran exercici de coneixement. Un grup de vuit mestres de la nostra escola vam ser a Finl\u00e0ndia durant la primera setmana de setembre gr\u00e0cies a un projecte Erasmus+ que ens va donar l\u2019oportunitat de veure amb els nostres propis ulls quina \u00e9s la realitat als centres docents finesos.<\/p>\n<p>Durant la visita, hi vam poder comprovar que el seu \u00e8xit \u00e9s una q\u00fcesti\u00f3 pol\u00edtica i social; una q\u00fcesti\u00f3 de confian\u00e7a en el sistema, en el professorat, en els seus fills i filles i en l\u2019alumnat. <strong>Pol\u00edtica<\/strong> perqu\u00e8 hi ha consens entre tots els partits, la qual cosa comporta poques reformes de les lleis educatives (esperen un m\u00ednim de 10 anys per canviar-les), aix\u00f2 garanteix que hi hagi una escola p\u00fablica i de qualitat per a tothom, molta inversi\u00f3 per part del Govern (m\u00e9s d\u2019un 5,6% del PIB) als centres docents, que reben molts recursos materials i humans. A m\u00e9s, la formaci\u00f3, la selecci\u00f3 i l\u2019avaluaci\u00f3 del professorat s\u00f3n exigents i rigoroses. <strong>Social<\/strong> perqu\u00e8 han fet de l\u2019educaci\u00f3 una q\u00fcesti\u00f3 de pa\u00eds -s\u2019ho creuen i se senten orgullosos de la seva escola, i el professorat, de la seva professi\u00f3-. I <strong>de confian\u00e7a<\/strong> perqu\u00e8 eduquen els infants per a la vida i en fomenten l\u2019autonomia, at\u00e8s que van sols a l\u2019escola des de molt petits, hi entren i en surten sense supervisi\u00f3 i dinen (gratu\u00eftament) a l\u2019escola sense la vigil\u00e0ncia de la persona adulta, que, a molt estirar, seu a menjar al seu costat.<\/p>\n<p>Tot i aquesta confian\u00e7a en el sistema que els ha situat en els primers llocs en els resultats dels informes Pisa, no han perdut la inquietud de seguir millorant, i s\u2019han plantejat que encara cal continuar avan\u00e7ant en algun aspecte. \u00c9s per aix\u00f2 que aquest curs han implantat un nou curr\u00edculum que d\u00f3na resposta a algunes mancances del seu sistema.<\/p>\n<p>Sorprenentment, aquests punts es basen en aspectes que aqu\u00ed ja fa temps que estem treballant amb molts menys recursos materials i humans: la inclusi\u00f3 d\u2019alumnat amb necessitats educatives especials a les aules ordin\u00e0ries, el treball dels mestres en equip, l\u2019aplicaci\u00f3 de metodologies noves que permetin que l\u2019alumnat sigui cada cop m\u00e9s el protagonista del seu proc\u00e9s d\u2019aprenentatge (treball per projectes, treball cooperatiu, ambients, racons, etc.), la participaci\u00f3 en xarxes de comunitats pedag\u00f2giques, l\u2019educaci\u00f3 emocional com a eix transversal al llarg de l\u2019escolaritat, la tecnologia, la rob\u00f2tica, etc.<\/p>\n<p>Un cop observada i analitzada la realitat finesa, podem concloure dient que, en un pa\u00eds com el nostre, on des dels temps de la Rep\u00fablica hi ha hagut moviments de renovaci\u00f3 pedag\u00f2gica, en els quals s\u2019han implicat molts mestres i professors i on, cada cop m\u00e9s, s\u2019est\u00e0 estenent aquesta inquietud de canvi i millora, la pilota \u00e9s a la teulada dels pol\u00edtics i de la societat. Els toca a ells moure fitxa.<\/p>\n<p>Tal com se sol dir: \u00abJuguin, senyors!\u00bb, i deixem de mirar-nos al mirall buscant qui no som.<\/p>\n<p>\u00abMirallet, mirallet&#8230;\u00bb<\/p>\n<p><strong>Font:<\/strong> Revista Guix n.438. Xarxa de suport entre centres educatius. Clic <strong><a href=\"http:\/\/www.grao.com\/revistes\/guix\/438-xarxa-de-suport-entre-centres-educatius\/magic-mirror-on-the-wall--mirallet-mirallet-\" target=\"_blank\" rel=\"noopener\">aqu\u00ed<\/a>.<\/strong><\/p>\n","protected":false},"excerpt":{"rendered":"<p>Sovint, quan ens mirem al mirall, tendim a buscar-hi un reflex idealitzat que no som nosaltres, sin\u00f3 el que voldr\u00edem ser.<\/p>\n","protected":false},"author":564,"featured_media":1679,"comment_status":"open","ping_status":"open","sticky":false,"template":"","format":"standard","meta":{"footnotes":""},"categories":[227,121,115],"tags":[239,331,363,364,365,366,367,168],"tipo":[],"class_list":{"0":"post-1670","1":"post","2":"type-post","3":"status-publish","4":"format-standard","5":"has-post-thumbnail","7":"category-indicadors-de-qualitat","8":"category-qualitat-educativa","9":"category-reflexio","10":"tag-confianca","11":"tag-educacio","12":"tag-finlandia","13":"tag-politica-educativa","14":"tag-proces-de-millora","15":"tag-renovacio-pedagogica","16":"tag-sistema-docent","17":"tag-societat"},"yoast_head":"<!-- This site is optimized with the Yoast SEO plugin v27.4 - https:\/\/yoast.com\/product\/yoast-seo-wordpress\/ -->\n<title>Magic mirror on the wall... (&quot;Mirallet, mirallet...&quot;) - L&#039;escola gra\u00f3 a gra\u00f3<\/title>\n<meta name=\"robots\" content=\"index, follow, max-snippet:-1, max-image-preview:large, max-video-preview:-1\" \/>\n<link rel=\"canonical\" href=\"https:\/\/diarieducacio.cat\/grao\/2018\/01\/11\/magic-mirror-the-wall-mirallet-mirallet\/\" \/>\n<meta property=\"og:locale\" content=\"ca_ES\" \/>\n<meta property=\"og:type\" content=\"article\" \/>\n<meta property=\"og:title\" content=\"Magic mirror on the wall... (&quot;Mirallet, mirallet...&quot;) - L&#039;escola gra\u00f3 a gra\u00f3\" \/>\n<meta property=\"og:description\" content=\"Sovint, quan ens mirem al mirall, tendim a buscar-hi un reflex idealitzat que no som nosaltres, sin\u00f3 el que voldr\u00edem ser.\" \/>\n<meta property=\"og:url\" content=\"https:\/\/diarieducacio.cat\/grao\/2018\/01\/11\/magic-mirror-the-wall-mirallet-mirallet\/\" \/>\n<meta property=\"og:site_name\" content=\"L&#039;escola gra\u00f3 a gra\u00f3\" \/>\n<meta property=\"article:published_time\" content=\"2018-01-11T07:57:32+00:00\" \/>\n<meta property=\"article:modified_time\" content=\"2024-05-13T16:30:24+00:00\" \/>\n<meta property=\"og:image\" content=\"https:\/\/diarieducacio.cat\/grao\/wp-content\/uploads\/sites\/31\/2017\/11\/frame-1013707_960_720.jpg\" \/>\n\t<meta property=\"og:image:width\" content=\"720\" \/>\n\t<meta property=\"og:image:height\" content=\"720\" \/>\n\t<meta property=\"og:image:type\" content=\"image\/jpeg\" \/>\n<meta name=\"author\" content=\"Equip de mestres. Escola Dolors Monserd\u00e0-Santapau (BCN)\" \/>\n<meta name=\"twitter:card\" content=\"summary_large_image\" \/>\n<meta name=\"twitter:label1\" content=\"Escrit per\" \/>\n\t<meta name=\"twitter:data1\" content=\"Equip de mestres. Escola Dolors Monserd\u00e0-Santapau (BCN)\" \/>\n\t<meta name=\"twitter:label2\" content=\"Temps estimat de lectura\" \/>\n\t<meta name=\"twitter:data2\" content=\"3 minuts\" \/>\n<script type=\"application\/ld+json\" class=\"yoast-schema-graph\">{\"@context\":\"https:\\\/\\\/schema.org\",\"@graph\":[{\"@type\":\"Article\",\"@id\":\"https:\\\/\\\/diarieducacio.cat\\\/grao\\\/2018\\\/01\\\/11\\\/magic-mirror-the-wall-mirallet-mirallet\\\/#article\",\"isPartOf\":{\"@id\":\"https:\\\/\\\/diarieducacio.cat\\\/grao\\\/2018\\\/01\\\/11\\\/magic-mirror-the-wall-mirallet-mirallet\\\/\"},\"author\":{\"name\":\"Equip de mestres. Escola Dolors Monserd\u00e0-Santapau (BCN)\",\"@id\":\"https:\\\/\\\/diarieducacio.cat\\\/grao\\\/#\\\/schema\\\/person\\\/1d1220ee7eee4c97eba3e09fcccd78fb\"},\"headline\":\"Magic mirror on the wall&#8230; (&#8220;Mirallet, mirallet&#8230;&#8221;)\",\"datePublished\":\"2018-01-11T07:57:32+00:00\",\"dateModified\":\"2024-05-13T16:30:24+00:00\",\"mainEntityOfPage\":{\"@id\":\"https:\\\/\\\/diarieducacio.cat\\\/grao\\\/2018\\\/01\\\/11\\\/magic-mirror-the-wall-mirallet-mirallet\\\/\"},\"wordCount\":617,\"commentCount\":0,\"image\":{\"@id\":\"https:\\\/\\\/diarieducacio.cat\\\/grao\\\/2018\\\/01\\\/11\\\/magic-mirror-the-wall-mirallet-mirallet\\\/#primaryimage\"},\"thumbnailUrl\":\"https:\\\/\\\/diarieducacio.cat\\\/grao\\\/wp-content\\\/uploads\\\/sites\\\/31\\\/2017\\\/11\\\/frame-1013707_960_720.jpg\",\"keywords\":[\"Confian\u00e7a\",\"educaci\u00f3\",\"Finl\u00e0ndia\",\"pol\u00edtica educativa\",\"proc\u00e9s de millora\",\"renovaci\u00f3 pedag\u00f2gica\",\"sistema docent\",\"societat\"],\"articleSection\":[\"Indicadors de qualitat\",\"Qualitat educativa\",\"Reflexi\u00f3\"],\"inLanguage\":\"ca\",\"potentialAction\":[{\"@type\":\"CommentAction\",\"name\":\"Comment\",\"target\":[\"https:\\\/\\\/diarieducacio.cat\\\/grao\\\/2018\\\/01\\\/11\\\/magic-mirror-the-wall-mirallet-mirallet\\\/#respond\"]}]},{\"@type\":\"WebPage\",\"@id\":\"https:\\\/\\\/diarieducacio.cat\\\/grao\\\/2018\\\/01\\\/11\\\/magic-mirror-the-wall-mirallet-mirallet\\\/\",\"url\":\"https:\\\/\\\/diarieducacio.cat\\\/grao\\\/2018\\\/01\\\/11\\\/magic-mirror-the-wall-mirallet-mirallet\\\/\",\"name\":\"Magic mirror on the wall... (\\\"Mirallet, mirallet...\\\") - L'escola gra\u00f3 a gra\u00f3\",\"isPartOf\":{\"@id\":\"https:\\\/\\\/diarieducacio.cat\\\/grao\\\/#website\"},\"primaryImageOfPage\":{\"@id\":\"https:\\\/\\\/diarieducacio.cat\\\/grao\\\/2018\\\/01\\\/11\\\/magic-mirror-the-wall-mirallet-mirallet\\\/#primaryimage\"},\"image\":{\"@id\":\"https:\\\/\\\/diarieducacio.cat\\\/grao\\\/2018\\\/01\\\/11\\\/magic-mirror-the-wall-mirallet-mirallet\\\/#primaryimage\"},\"thumbnailUrl\":\"https:\\\/\\\/diarieducacio.cat\\\/grao\\\/wp-content\\\/uploads\\\/sites\\\/31\\\/2017\\\/11\\\/frame-1013707_960_720.jpg\",\"datePublished\":\"2018-01-11T07:57:32+00:00\",\"dateModified\":\"2024-05-13T16:30:24+00:00\",\"author\":{\"@id\":\"https:\\\/\\\/diarieducacio.cat\\\/grao\\\/#\\\/schema\\\/person\\\/1d1220ee7eee4c97eba3e09fcccd78fb\"},\"breadcrumb\":{\"@id\":\"https:\\\/\\\/diarieducacio.cat\\\/grao\\\/2018\\\/01\\\/11\\\/magic-mirror-the-wall-mirallet-mirallet\\\/#breadcrumb\"},\"inLanguage\":\"ca\",\"potentialAction\":[{\"@type\":\"ReadAction\",\"target\":[\"https:\\\/\\\/diarieducacio.cat\\\/grao\\\/2018\\\/01\\\/11\\\/magic-mirror-the-wall-mirallet-mirallet\\\/\"]}]},{\"@type\":\"ImageObject\",\"inLanguage\":\"ca\",\"@id\":\"https:\\\/\\\/diarieducacio.cat\\\/grao\\\/2018\\\/01\\\/11\\\/magic-mirror-the-wall-mirallet-mirallet\\\/#primaryimage\",\"url\":\"https:\\\/\\\/diarieducacio.cat\\\/grao\\\/wp-content\\\/uploads\\\/sites\\\/31\\\/2017\\\/11\\\/frame-1013707_960_720.jpg\",\"contentUrl\":\"https:\\\/\\\/diarieducacio.cat\\\/grao\\\/wp-content\\\/uploads\\\/sites\\\/31\\\/2017\\\/11\\\/frame-1013707_960_720.jpg\",\"width\":720,\"height\":720},{\"@type\":\"BreadcrumbList\",\"@id\":\"https:\\\/\\\/diarieducacio.cat\\\/grao\\\/2018\\\/01\\\/11\\\/magic-mirror-the-wall-mirallet-mirallet\\\/#breadcrumb\",\"itemListElement\":[{\"@type\":\"ListItem\",\"position\":1,\"name\":\"Inici\",\"item\":\"https:\\\/\\\/diarieducacio.cat\\\/grao\\\/\"},{\"@type\":\"ListItem\",\"position\":2,\"name\":\"Magic mirror on the wall&#8230; (&#8220;Mirallet, mirallet&#8230;&#8221;)\"}]},{\"@type\":\"WebSite\",\"@id\":\"https:\\\/\\\/diarieducacio.cat\\\/grao\\\/#website\",\"url\":\"https:\\\/\\\/diarieducacio.cat\\\/grao\\\/\",\"name\":\"L'escola gra\u00f3 a gra\u00f3\",\"description\":\"Un blog de El Diari de l&#039;Educaci\u00f3\",\"potentialAction\":[{\"@type\":\"SearchAction\",\"target\":{\"@type\":\"EntryPoint\",\"urlTemplate\":\"https:\\\/\\\/diarieducacio.cat\\\/grao\\\/?s={search_term_string}\"},\"query-input\":{\"@type\":\"PropertyValueSpecification\",\"valueRequired\":true,\"valueName\":\"search_term_string\"}}],\"inLanguage\":\"ca\"},{\"@type\":\"Person\",\"@id\":\"https:\\\/\\\/diarieducacio.cat\\\/grao\\\/#\\\/schema\\\/person\\\/1d1220ee7eee4c97eba3e09fcccd78fb\",\"name\":\"Equip de mestres. Escola Dolors Monserd\u00e0-Santapau (BCN)\",\"image\":{\"@type\":\"ImageObject\",\"inLanguage\":\"ca\",\"@id\":\"https:\\\/\\\/secure.gravatar.com\\\/avatar\\\/32bd83702b50ab6dca04ffc904406204e8869a516eca0179a19b8c29678c8ec0?s=96&d=mm&r=g\",\"url\":\"https:\\\/\\\/secure.gravatar.com\\\/avatar\\\/32bd83702b50ab6dca04ffc904406204e8869a516eca0179a19b8c29678c8ec0?s=96&d=mm&r=g\",\"contentUrl\":\"https:\\\/\\\/secure.gravatar.com\\\/avatar\\\/32bd83702b50ab6dca04ffc904406204e8869a516eca0179a19b8c29678c8ec0?s=96&d=mm&r=g\",\"caption\":\"Equip de mestres. Escola Dolors Monserd\u00e0-Santapau (BCN)\"},\"url\":\"https:\\\/\\\/diarieducacio.cat\\\/grao\\\/author\\\/emestresmonserda\\\/\"}]}<\/script>\n<!-- \/ Yoast SEO plugin. -->","yoast_head_json":{"title":"Magic mirror on the wall... (\"Mirallet, mirallet...\") - L'escola gra\u00f3 a gra\u00f3","robots":{"index":"index","follow":"follow","max-snippet":"max-snippet:-1","max-image-preview":"max-image-preview:large","max-video-preview":"max-video-preview:-1"},"canonical":"https:\/\/diarieducacio.cat\/grao\/2018\/01\/11\/magic-mirror-the-wall-mirallet-mirallet\/","og_locale":"ca_ES","og_type":"article","og_title":"Magic mirror on the wall... (\"Mirallet, mirallet...\") - L'escola gra\u00f3 a gra\u00f3","og_description":"Sovint, quan ens mirem al mirall, tendim a buscar-hi un reflex idealitzat que no som nosaltres, sin\u00f3 el que voldr\u00edem ser.","og_url":"https:\/\/diarieducacio.cat\/grao\/2018\/01\/11\/magic-mirror-the-wall-mirallet-mirallet\/","og_site_name":"L'escola gra\u00f3 a gra\u00f3","article_published_time":"2018-01-11T07:57:32+00:00","article_modified_time":"2024-05-13T16:30:24+00:00","og_image":[{"width":720,"height":720,"url":"https:\/\/diarieducacio.cat\/grao\/wp-content\/uploads\/sites\/31\/2017\/11\/frame-1013707_960_720.jpg","type":"image\/jpeg"}],"author":"Equip de mestres. Escola Dolors Monserd\u00e0-Santapau (BCN)","twitter_card":"summary_large_image","twitter_misc":{"Escrit per":"Equip de mestres. Escola Dolors Monserd\u00e0-Santapau (BCN)","Temps estimat de lectura":"3 minuts"},"schema":{"@context":"https:\/\/schema.org","@graph":[{"@type":"Article","@id":"https:\/\/diarieducacio.cat\/grao\/2018\/01\/11\/magic-mirror-the-wall-mirallet-mirallet\/#article","isPartOf":{"@id":"https:\/\/diarieducacio.cat\/grao\/2018\/01\/11\/magic-mirror-the-wall-mirallet-mirallet\/"},"author":{"name":"Equip de mestres. Escola Dolors Monserd\u00e0-Santapau (BCN)","@id":"https:\/\/diarieducacio.cat\/grao\/#\/schema\/person\/1d1220ee7eee4c97eba3e09fcccd78fb"},"headline":"Magic mirror on the wall&#8230; (&#8220;Mirallet, mirallet&#8230;&#8221;)","datePublished":"2018-01-11T07:57:32+00:00","dateModified":"2024-05-13T16:30:24+00:00","mainEntityOfPage":{"@id":"https:\/\/diarieducacio.cat\/grao\/2018\/01\/11\/magic-mirror-the-wall-mirallet-mirallet\/"},"wordCount":617,"commentCount":0,"image":{"@id":"https:\/\/diarieducacio.cat\/grao\/2018\/01\/11\/magic-mirror-the-wall-mirallet-mirallet\/#primaryimage"},"thumbnailUrl":"https:\/\/diarieducacio.cat\/grao\/wp-content\/uploads\/sites\/31\/2017\/11\/frame-1013707_960_720.jpg","keywords":["Confian\u00e7a","educaci\u00f3","Finl\u00e0ndia","pol\u00edtica educativa","proc\u00e9s de millora","renovaci\u00f3 pedag\u00f2gica","sistema docent","societat"],"articleSection":["Indicadors de qualitat","Qualitat educativa","Reflexi\u00f3"],"inLanguage":"ca","potentialAction":[{"@type":"CommentAction","name":"Comment","target":["https:\/\/diarieducacio.cat\/grao\/2018\/01\/11\/magic-mirror-the-wall-mirallet-mirallet\/#respond"]}]},{"@type":"WebPage","@id":"https:\/\/diarieducacio.cat\/grao\/2018\/01\/11\/magic-mirror-the-wall-mirallet-mirallet\/","url":"https:\/\/diarieducacio.cat\/grao\/2018\/01\/11\/magic-mirror-the-wall-mirallet-mirallet\/","name":"Magic mirror on the wall... (\"Mirallet, mirallet...\") - L'escola gra\u00f3 a gra\u00f3","isPartOf":{"@id":"https:\/\/diarieducacio.cat\/grao\/#website"},"primaryImageOfPage":{"@id":"https:\/\/diarieducacio.cat\/grao\/2018\/01\/11\/magic-mirror-the-wall-mirallet-mirallet\/#primaryimage"},"image":{"@id":"https:\/\/diarieducacio.cat\/grao\/2018\/01\/11\/magic-mirror-the-wall-mirallet-mirallet\/#primaryimage"},"thumbnailUrl":"https:\/\/diarieducacio.cat\/grao\/wp-content\/uploads\/sites\/31\/2017\/11\/frame-1013707_960_720.jpg","datePublished":"2018-01-11T07:57:32+00:00","dateModified":"2024-05-13T16:30:24+00:00","author":{"@id":"https:\/\/diarieducacio.cat\/grao\/#\/schema\/person\/1d1220ee7eee4c97eba3e09fcccd78fb"},"breadcrumb":{"@id":"https:\/\/diarieducacio.cat\/grao\/2018\/01\/11\/magic-mirror-the-wall-mirallet-mirallet\/#breadcrumb"},"inLanguage":"ca","potentialAction":[{"@type":"ReadAction","target":["https:\/\/diarieducacio.cat\/grao\/2018\/01\/11\/magic-mirror-the-wall-mirallet-mirallet\/"]}]},{"@type":"ImageObject","inLanguage":"ca","@id":"https:\/\/diarieducacio.cat\/grao\/2018\/01\/11\/magic-mirror-the-wall-mirallet-mirallet\/#primaryimage","url":"https:\/\/diarieducacio.cat\/grao\/wp-content\/uploads\/sites\/31\/2017\/11\/frame-1013707_960_720.jpg","contentUrl":"https:\/\/diarieducacio.cat\/grao\/wp-content\/uploads\/sites\/31\/2017\/11\/frame-1013707_960_720.jpg","width":720,"height":720},{"@type":"BreadcrumbList","@id":"https:\/\/diarieducacio.cat\/grao\/2018\/01\/11\/magic-mirror-the-wall-mirallet-mirallet\/#breadcrumb","itemListElement":[{"@type":"ListItem","position":1,"name":"Inici","item":"https:\/\/diarieducacio.cat\/grao\/"},{"@type":"ListItem","position":2,"name":"Magic mirror on the wall&#8230; (&#8220;Mirallet, mirallet&#8230;&#8221;)"}]},{"@type":"WebSite","@id":"https:\/\/diarieducacio.cat\/grao\/#website","url":"https:\/\/diarieducacio.cat\/grao\/","name":"L'escola gra\u00f3 a gra\u00f3","description":"Un blog de El Diari de l&#039;Educaci\u00f3","potentialAction":[{"@type":"SearchAction","target":{"@type":"EntryPoint","urlTemplate":"https:\/\/diarieducacio.cat\/grao\/?s={search_term_string}"},"query-input":{"@type":"PropertyValueSpecification","valueRequired":true,"valueName":"search_term_string"}}],"inLanguage":"ca"},{"@type":"Person","@id":"https:\/\/diarieducacio.cat\/grao\/#\/schema\/person\/1d1220ee7eee4c97eba3e09fcccd78fb","name":"Equip de mestres. Escola Dolors Monserd\u00e0-Santapau (BCN)","image":{"@type":"ImageObject","inLanguage":"ca","@id":"https:\/\/secure.gravatar.com\/avatar\/32bd83702b50ab6dca04ffc904406204e8869a516eca0179a19b8c29678c8ec0?s=96&d=mm&r=g","url":"https:\/\/secure.gravatar.com\/avatar\/32bd83702b50ab6dca04ffc904406204e8869a516eca0179a19b8c29678c8ec0?s=96&d=mm&r=g","contentUrl":"https:\/\/secure.gravatar.com\/avatar\/32bd83702b50ab6dca04ffc904406204e8869a516eca0179a19b8c29678c8ec0?s=96&d=mm&r=g","caption":"Equip de mestres. Escola Dolors Monserd\u00e0-Santapau (BCN)"},"url":"https:\/\/diarieducacio.cat\/grao\/author\/emestresmonserda\/"}]}},"_links":{"self":[{"href":"https:\/\/diarieducacio.cat\/grao\/wp-json\/wp\/v2\/posts\/1670","targetHints":{"allow":["GET"]}}],"collection":[{"href":"https:\/\/diarieducacio.cat\/grao\/wp-json\/wp\/v2\/posts"}],"about":[{"href":"https:\/\/diarieducacio.cat\/grao\/wp-json\/wp\/v2\/types\/post"}],"author":[{"embeddable":true,"href":"https:\/\/diarieducacio.cat\/grao\/wp-json\/wp\/v2\/users\/564"}],"replies":[{"embeddable":true,"href":"https:\/\/diarieducacio.cat\/grao\/wp-json\/wp\/v2\/comments?post=1670"}],"version-history":[{"count":1,"href":"https:\/\/diarieducacio.cat\/grao\/wp-json\/wp\/v2\/posts\/1670\/revisions"}],"predecessor-version":[{"id":6290,"href":"https:\/\/diarieducacio.cat\/grao\/wp-json\/wp\/v2\/posts\/1670\/revisions\/6290"}],"wp:featuredmedia":[{"embeddable":true,"href":"https:\/\/diarieducacio.cat\/grao\/wp-json\/wp\/v2\/media\/1679"}],"wp:attachment":[{"href":"https:\/\/diarieducacio.cat\/grao\/wp-json\/wp\/v2\/media?parent=1670"}],"wp:term":[{"taxonomy":"category","embeddable":true,"href":"https:\/\/diarieducacio.cat\/grao\/wp-json\/wp\/v2\/categories?post=1670"},{"taxonomy":"post_tag","embeddable":true,"href":"https:\/\/diarieducacio.cat\/grao\/wp-json\/wp\/v2\/tags?post=1670"},{"taxonomy":"tipo","embeddable":true,"href":"https:\/\/diarieducacio.cat\/grao\/wp-json\/wp\/v2\/tipo?post=1670"}],"curies":[{"name":"wp","href":"https:\/\/api.w.org\/{rel}","templated":true}]}}