{"id":1711,"date":"2017-12-06T06:00:18","date_gmt":"2017-12-06T06:00:18","guid":{"rendered":"https:\/\/diarieducacio.cat\/grao\/?p=1711"},"modified":"2024-05-13T18:30:25","modified_gmt":"2024-05-13T16:30:25","slug":"les-preguntes-estupides","status":"publish","type":"post","link":"https:\/\/diarieducacio.cat\/grao\/2017\/12\/06\/les-preguntes-estupides\/","title":{"rendered":"Les preguntes est\u00fapides"},"content":{"rendered":"<p><a href=\"https:\/\/nostalgic-ishizaka.82-223-1-47.plesk.page\/grao\/wp-content\/uploads\/sites\/31\/2017\/11\/filosofando1.jpg\"><\/a><\/p>\n<p>Cinqu\u00e8 de prim\u00e0ria de l\u2019escola El Puig d\u2019Esparreguera (Barcelona). El mestre projecta una colla de suggeriments a la pissarra electr\u00f2nica que provenen de la lectura que van fer a la sessi\u00f3 anterior i pregunta: \u00abDe la pissarra que tenim aqu\u00ed, hi ha alguna idea que us hagi cridat l\u2019atenci\u00f3?\u00bb.<\/p>\n<p><strong>Ferran:<\/strong> A mi, m\u2019ha agradat la q\u00fcesti\u00f3 de les preguntes est\u00fapides. <em>(Es refereix a un dels \u00edtems de la pissarra que diu: \u00abHi ha preguntes est\u00fapides. S\u00f3n les que no tenen cap ni peus\u00bb<\/em>, proposada pel Marcel.) Hi ha preguntes interessants que poden semblar est\u00fapides perqu\u00e8 no tenen resposta.<\/p>\n<p><strong>Mireia:<\/strong> Crec que, de vegades, ens fem preguntes que poden ser interessants, per\u00f2 que no tenen resposta perqu\u00e8 ning\u00fa no les sap.<\/p>\n<p><strong>Marina:<\/strong> Crec que la Mireia t\u00e9 ra\u00f3, perqu\u00e8 hi ha coses que no les sabem i algunes que no es podran respondre mai; per exemple: \u00abqu\u00e8 passa quan ens morim?\u00bb, perqu\u00e8 ning\u00fa que s\u2019hagi mort pot reviure.<\/p>\n<p><strong>Marcel:<\/strong> Jo no hi estic d\u2019acord, perqu\u00e8 una pregunta est\u00fapida pot tenir resposta i la pregunta pot seguir sent est\u00fapida.<\/p>\n<p><strong>Mestre:<\/strong> Pots posar-ne un exemple?<\/p>\n<p><strong>Marcel:<\/strong> Per exemple: \u00abDe quin arbre v\u00e9nen els formatges?\u00bb. La resposta \u00e9s \u00abDe cap\u00bb,\u00a0per\u00f2 la pregunta segueix sent est\u00fapida.<\/p>\n<p><strong>Laia:<\/strong> Aix\u00f2 de l\u2019arbre del formatge no ha de ser pas una pregunta est\u00fapida, perqu\u00e8 un nen o una \u00a0nena de dos anys que no sap d\u2019on ve el formatge, com que sap que la poma ve d\u2019un arbre, es demana com es deu dir l\u2019arbre que fa formatges.<\/p>\n<p><strong>\u00c0lex:<\/strong> Encara que la pregunta no tingui resposta, no vol dir que sigui est\u00fapida.\u00a0 N\u2019hi ha moltes de relacionades amb l\u2019espai, que \u00e9s molt gran i no ho tenim tot investigat, com ara, per exemple:\u00a0\u00abQuants planetes hi ha?\u00bb. No ho sabem, per\u00f2 jo la trobo molt intel\u00b7ligent.<\/p>\n<p><strong>Ferran:<\/strong>\u00a0Jo s\u00ed que crec que hi ha preguntes est\u00fapides, per\u00f2 diria que no hi ha respostes est\u00fapides, sin\u00f3 poc adequades en aquell moment.<\/p>\n<p><strong>Queralt:<\/strong> Jo crec que els cient\u00edfics fan servir les preguntes imaginatives, perqu\u00e8, si no fessin preguntes imaginatives, no farien les descobertes ni els invents que han fet.<\/p>\n<p><strong>Laia:<\/strong> Jo crec que no hi ha cap pregunta est\u00fapida, perqu\u00e8, encara que no tingui sentit, no ha de ser pas est\u00fapida. Crec que s\u00f3n dues coses diferents.<\/p>\n<p><strong>Queralt:<\/strong> Jo crec que cap pregunta \u00e9s est\u00fapida. En pot semblar,\u00a0per\u00f2 si et fa pensar, ja no \u00e9s est\u00fapida.<\/p>\n<p>Queden moltes q\u00fcestions pendents i molt de camp per c\u00f3rrer, per\u00f2 aquest primer moment, el de tempteig, ja t\u00e9 entitat per si mateix. No vull espantar ning\u00fa, per\u00f2, a la pissarra, hi havia tretze propostes m\u00e9s. Seguirem.<\/p>\n<p><strong>Font:<\/strong> Revista Guix n.438. Xarxa de suport entre centres educatius. Clic <strong><a href=\"http:\/\/www.grao.com\/revistes\/guix\/438-xarxa-de-suport-entre-centres-educatius\/les-preguntes-estupides\" target=\"_blank\" rel=\"noopener\">aqu\u00ed<\/a>.<\/strong><\/p>\n","protected":false},"excerpt":{"rendered":"<p>En aquesta secci\u00f3, hi presentem, de la m\u00e0 del Grup IREF (Filosofia 3-18), retalls breus de di\u00e0legs d\u2019aula, aparentment simples i en tot cas espontanis i reals, que permeten que ens adonem de la capacitat reflexiva dels nostres nens i nenes si els oferim l\u2019oportunitat d\u2019expressar-se.<\/p>\n","protected":false},"author":562,"featured_media":1712,"comment_status":"open","ping_status":"open","sticky":false,"template":"","format":"standard","meta":{"footnotes":""},"categories":[163,143,115],"tags":[348,349,350,351,352,353,339,354],"tipo":[],"class_list":{"0":"post-1711","1":"post","2":"type-post","3":"status-publish","4":"format-standard","5":"has-post-thumbnail","7":"category-estrategies-densenyament-aprenentatge","8":"category-filosofia-de-leducacio","9":"category-reflexio","10":"tag-filosofia-3-18","11":"tag-filosofia-a-lescola","12":"tag-filosofia-per-a-nens","13":"tag-grupiref","14":"tag-preguntes","15":"tag-raonament-compartit","16":"tag-raonar","17":"tag-respostes"},"yoast_head":"<!-- This site is optimized with the Yoast SEO plugin v27.5 - https:\/\/yoast.com\/product\/yoast-seo-wordpress\/ -->\n<title>Les preguntes est\u00fapides - L&#039;escola gra\u00f3 a gra\u00f3<\/title>\n<meta name=\"robots\" content=\"index, follow, max-snippet:-1, max-image-preview:large, max-video-preview:-1\" \/>\n<link rel=\"canonical\" href=\"https:\/\/diarieducacio.cat\/grao\/2017\/12\/06\/les-preguntes-estupides\/\" \/>\n<meta property=\"og:locale\" content=\"ca_ES\" \/>\n<meta property=\"og:type\" content=\"article\" \/>\n<meta property=\"og:title\" content=\"Les preguntes est\u00fapides - L&#039;escola gra\u00f3 a gra\u00f3\" \/>\n<meta property=\"og:description\" content=\"En aquesta secci\u00f3, hi presentem, de la m\u00e0 del Grup IREF (Filosofia 3-18), retalls breus de di\u00e0legs d\u2019aula, aparentment simples i en tot cas espontanis i reals, que permeten que ens adonem de la capacitat reflexiva dels nostres nens i nenes si els oferim l\u2019oportunitat d\u2019expressar-se.\" \/>\n<meta property=\"og:url\" content=\"https:\/\/diarieducacio.cat\/grao\/2017\/12\/06\/les-preguntes-estupides\/\" \/>\n<meta property=\"og:site_name\" content=\"L&#039;escola gra\u00f3 a gra\u00f3\" \/>\n<meta property=\"article:published_time\" content=\"2017-12-06T06:00:18+00:00\" \/>\n<meta property=\"article:modified_time\" content=\"2024-05-13T16:30:25+00:00\" \/>\n<meta property=\"og:image\" content=\"https:\/\/diarieducacio.cat\/grao\/wp-content\/uploads\/sites\/31\/2017\/11\/filosofando1.jpg\" \/>\n\t<meta property=\"og:image:width\" content=\"843\" \/>\n\t<meta property=\"og:image:height\" content=\"634\" \/>\n\t<meta property=\"og:image:type\" content=\"image\/jpeg\" \/>\n<meta name=\"author\" content=\"Grup IREF\" \/>\n<meta name=\"twitter:card\" content=\"summary_large_image\" \/>\n<meta name=\"twitter:label1\" content=\"Escrit per\" \/>\n\t<meta name=\"twitter:data1\" content=\"Grup IREF\" \/>\n\t<meta name=\"twitter:label2\" content=\"Temps estimat de lectura\" \/>\n\t<meta name=\"twitter:data2\" content=\"2 minuts\" \/>\n<script type=\"application\/ld+json\" class=\"yoast-schema-graph\">{\"@context\":\"https:\\\/\\\/schema.org\",\"@graph\":[{\"@type\":\"Article\",\"@id\":\"https:\\\/\\\/diarieducacio.cat\\\/grao\\\/2017\\\/12\\\/06\\\/les-preguntes-estupides\\\/#article\",\"isPartOf\":{\"@id\":\"https:\\\/\\\/diarieducacio.cat\\\/grao\\\/2017\\\/12\\\/06\\\/les-preguntes-estupides\\\/\"},\"author\":{\"name\":\"Grup IREF\",\"@id\":\"https:\\\/\\\/diarieducacio.cat\\\/grao\\\/#\\\/schema\\\/person\\\/1c766a315bda253c1f06418dd2f1eced\"},\"headline\":\"Les preguntes est\u00fapides\",\"datePublished\":\"2017-12-06T06:00:18+00:00\",\"dateModified\":\"2024-05-13T16:30:25+00:00\",\"mainEntityOfPage\":{\"@id\":\"https:\\\/\\\/diarieducacio.cat\\\/grao\\\/2017\\\/12\\\/06\\\/les-preguntes-estupides\\\/\"},\"wordCount\":488,\"commentCount\":1,\"image\":{\"@id\":\"https:\\\/\\\/diarieducacio.cat\\\/grao\\\/2017\\\/12\\\/06\\\/les-preguntes-estupides\\\/#primaryimage\"},\"thumbnailUrl\":\"https:\\\/\\\/diarieducacio.cat\\\/grao\\\/wp-content\\\/uploads\\\/sites\\\/31\\\/2017\\\/11\\\/filosofando1.jpg\",\"keywords\":[\"Filosofia 3-18\",\"filosofia a l\u2019escola\",\"filosofia per a nens\",\"GrupIREF\",\"preguntes\",\"raonament compartit\",\"raonar\",\"respostes\"],\"articleSection\":[\"Estrat\u00e8gies d'Ensenyament-Aprenentatge\",\"Filosofia de l'educaci\u00f3\",\"Reflexi\u00f3\"],\"inLanguage\":\"ca\",\"potentialAction\":[{\"@type\":\"CommentAction\",\"name\":\"Comment\",\"target\":[\"https:\\\/\\\/diarieducacio.cat\\\/grao\\\/2017\\\/12\\\/06\\\/les-preguntes-estupides\\\/#respond\"]}]},{\"@type\":\"WebPage\",\"@id\":\"https:\\\/\\\/diarieducacio.cat\\\/grao\\\/2017\\\/12\\\/06\\\/les-preguntes-estupides\\\/\",\"url\":\"https:\\\/\\\/diarieducacio.cat\\\/grao\\\/2017\\\/12\\\/06\\\/les-preguntes-estupides\\\/\",\"name\":\"Les preguntes est\u00fapides - L'escola gra\u00f3 a gra\u00f3\",\"isPartOf\":{\"@id\":\"https:\\\/\\\/diarieducacio.cat\\\/grao\\\/#website\"},\"primaryImageOfPage\":{\"@id\":\"https:\\\/\\\/diarieducacio.cat\\\/grao\\\/2017\\\/12\\\/06\\\/les-preguntes-estupides\\\/#primaryimage\"},\"image\":{\"@id\":\"https:\\\/\\\/diarieducacio.cat\\\/grao\\\/2017\\\/12\\\/06\\\/les-preguntes-estupides\\\/#primaryimage\"},\"thumbnailUrl\":\"https:\\\/\\\/diarieducacio.cat\\\/grao\\\/wp-content\\\/uploads\\\/sites\\\/31\\\/2017\\\/11\\\/filosofando1.jpg\",\"datePublished\":\"2017-12-06T06:00:18+00:00\",\"dateModified\":\"2024-05-13T16:30:25+00:00\",\"author\":{\"@id\":\"https:\\\/\\\/diarieducacio.cat\\\/grao\\\/#\\\/schema\\\/person\\\/1c766a315bda253c1f06418dd2f1eced\"},\"breadcrumb\":{\"@id\":\"https:\\\/\\\/diarieducacio.cat\\\/grao\\\/2017\\\/12\\\/06\\\/les-preguntes-estupides\\\/#breadcrumb\"},\"inLanguage\":\"ca\",\"potentialAction\":[{\"@type\":\"ReadAction\",\"target\":[\"https:\\\/\\\/diarieducacio.cat\\\/grao\\\/2017\\\/12\\\/06\\\/les-preguntes-estupides\\\/\"]}]},{\"@type\":\"ImageObject\",\"inLanguage\":\"ca\",\"@id\":\"https:\\\/\\\/diarieducacio.cat\\\/grao\\\/2017\\\/12\\\/06\\\/les-preguntes-estupides\\\/#primaryimage\",\"url\":\"https:\\\/\\\/diarieducacio.cat\\\/grao\\\/wp-content\\\/uploads\\\/sites\\\/31\\\/2017\\\/11\\\/filosofando1.jpg\",\"contentUrl\":\"https:\\\/\\\/diarieducacio.cat\\\/grao\\\/wp-content\\\/uploads\\\/sites\\\/31\\\/2017\\\/11\\\/filosofando1.jpg\",\"width\":843,\"height\":634},{\"@type\":\"BreadcrumbList\",\"@id\":\"https:\\\/\\\/diarieducacio.cat\\\/grao\\\/2017\\\/12\\\/06\\\/les-preguntes-estupides\\\/#breadcrumb\",\"itemListElement\":[{\"@type\":\"ListItem\",\"position\":1,\"name\":\"Inici\",\"item\":\"https:\\\/\\\/diarieducacio.cat\\\/grao\\\/\"},{\"@type\":\"ListItem\",\"position\":2,\"name\":\"Les preguntes est\u00fapides\"}]},{\"@type\":\"WebSite\",\"@id\":\"https:\\\/\\\/diarieducacio.cat\\\/grao\\\/#website\",\"url\":\"https:\\\/\\\/diarieducacio.cat\\\/grao\\\/\",\"name\":\"L'escola gra\u00f3 a gra\u00f3\",\"description\":\"Un blog de El Diari de l&#039;Educaci\u00f3\",\"potentialAction\":[{\"@type\":\"SearchAction\",\"target\":{\"@type\":\"EntryPoint\",\"urlTemplate\":\"https:\\\/\\\/diarieducacio.cat\\\/grao\\\/?s={search_term_string}\"},\"query-input\":{\"@type\":\"PropertyValueSpecification\",\"valueRequired\":true,\"valueName\":\"search_term_string\"}}],\"inLanguage\":\"ca\"},{\"@type\":\"Person\",\"@id\":\"https:\\\/\\\/diarieducacio.cat\\\/grao\\\/#\\\/schema\\\/person\\\/1c766a315bda253c1f06418dd2f1eced\",\"name\":\"Grup IREF\",\"image\":{\"@type\":\"ImageObject\",\"inLanguage\":\"ca\",\"@id\":\"https:\\\/\\\/secure.gravatar.com\\\/avatar\\\/7ba38a529dc4d91c137ca45f0fb4e050c4ca910a95c857b4c6a93f17a9c8a5c6?s=96&d=mm&r=g\",\"url\":\"https:\\\/\\\/secure.gravatar.com\\\/avatar\\\/7ba38a529dc4d91c137ca45f0fb4e050c4ca910a95c857b4c6a93f17a9c8a5c6?s=96&d=mm&r=g\",\"contentUrl\":\"https:\\\/\\\/secure.gravatar.com\\\/avatar\\\/7ba38a529dc4d91c137ca45f0fb4e050c4ca910a95c857b4c6a93f17a9c8a5c6?s=96&d=mm&r=g\",\"caption\":\"Grup IREF\"},\"url\":\"https:\\\/\\\/diarieducacio.cat\\\/grao\\\/author\\\/giref\\\/\"}]}<\/script>\n<!-- \/ Yoast SEO plugin. -->","yoast_head_json":{"title":"Les preguntes est\u00fapides - L'escola gra\u00f3 a gra\u00f3","robots":{"index":"index","follow":"follow","max-snippet":"max-snippet:-1","max-image-preview":"max-image-preview:large","max-video-preview":"max-video-preview:-1"},"canonical":"https:\/\/diarieducacio.cat\/grao\/2017\/12\/06\/les-preguntes-estupides\/","og_locale":"ca_ES","og_type":"article","og_title":"Les preguntes est\u00fapides - L'escola gra\u00f3 a gra\u00f3","og_description":"En aquesta secci\u00f3, hi presentem, de la m\u00e0 del Grup IREF (Filosofia 3-18), retalls breus de di\u00e0legs d\u2019aula, aparentment simples i en tot cas espontanis i reals, que permeten que ens adonem de la capacitat reflexiva dels nostres nens i nenes si els oferim l\u2019oportunitat d\u2019expressar-se.","og_url":"https:\/\/diarieducacio.cat\/grao\/2017\/12\/06\/les-preguntes-estupides\/","og_site_name":"L'escola gra\u00f3 a gra\u00f3","article_published_time":"2017-12-06T06:00:18+00:00","article_modified_time":"2024-05-13T16:30:25+00:00","og_image":[{"width":843,"height":634,"url":"https:\/\/diarieducacio.cat\/grao\/wp-content\/uploads\/sites\/31\/2017\/11\/filosofando1.jpg","type":"image\/jpeg"}],"author":"Grup IREF","twitter_card":"summary_large_image","twitter_misc":{"Escrit per":"Grup IREF","Temps estimat de lectura":"2 minuts"},"schema":{"@context":"https:\/\/schema.org","@graph":[{"@type":"Article","@id":"https:\/\/diarieducacio.cat\/grao\/2017\/12\/06\/les-preguntes-estupides\/#article","isPartOf":{"@id":"https:\/\/diarieducacio.cat\/grao\/2017\/12\/06\/les-preguntes-estupides\/"},"author":{"name":"Grup IREF","@id":"https:\/\/diarieducacio.cat\/grao\/#\/schema\/person\/1c766a315bda253c1f06418dd2f1eced"},"headline":"Les preguntes est\u00fapides","datePublished":"2017-12-06T06:00:18+00:00","dateModified":"2024-05-13T16:30:25+00:00","mainEntityOfPage":{"@id":"https:\/\/diarieducacio.cat\/grao\/2017\/12\/06\/les-preguntes-estupides\/"},"wordCount":488,"commentCount":1,"image":{"@id":"https:\/\/diarieducacio.cat\/grao\/2017\/12\/06\/les-preguntes-estupides\/#primaryimage"},"thumbnailUrl":"https:\/\/diarieducacio.cat\/grao\/wp-content\/uploads\/sites\/31\/2017\/11\/filosofando1.jpg","keywords":["Filosofia 3-18","filosofia a l\u2019escola","filosofia per a nens","GrupIREF","preguntes","raonament compartit","raonar","respostes"],"articleSection":["Estrat\u00e8gies d'Ensenyament-Aprenentatge","Filosofia de l'educaci\u00f3","Reflexi\u00f3"],"inLanguage":"ca","potentialAction":[{"@type":"CommentAction","name":"Comment","target":["https:\/\/diarieducacio.cat\/grao\/2017\/12\/06\/les-preguntes-estupides\/#respond"]}]},{"@type":"WebPage","@id":"https:\/\/diarieducacio.cat\/grao\/2017\/12\/06\/les-preguntes-estupides\/","url":"https:\/\/diarieducacio.cat\/grao\/2017\/12\/06\/les-preguntes-estupides\/","name":"Les preguntes est\u00fapides - L'escola gra\u00f3 a gra\u00f3","isPartOf":{"@id":"https:\/\/diarieducacio.cat\/grao\/#website"},"primaryImageOfPage":{"@id":"https:\/\/diarieducacio.cat\/grao\/2017\/12\/06\/les-preguntes-estupides\/#primaryimage"},"image":{"@id":"https:\/\/diarieducacio.cat\/grao\/2017\/12\/06\/les-preguntes-estupides\/#primaryimage"},"thumbnailUrl":"https:\/\/diarieducacio.cat\/grao\/wp-content\/uploads\/sites\/31\/2017\/11\/filosofando1.jpg","datePublished":"2017-12-06T06:00:18+00:00","dateModified":"2024-05-13T16:30:25+00:00","author":{"@id":"https:\/\/diarieducacio.cat\/grao\/#\/schema\/person\/1c766a315bda253c1f06418dd2f1eced"},"breadcrumb":{"@id":"https:\/\/diarieducacio.cat\/grao\/2017\/12\/06\/les-preguntes-estupides\/#breadcrumb"},"inLanguage":"ca","potentialAction":[{"@type":"ReadAction","target":["https:\/\/diarieducacio.cat\/grao\/2017\/12\/06\/les-preguntes-estupides\/"]}]},{"@type":"ImageObject","inLanguage":"ca","@id":"https:\/\/diarieducacio.cat\/grao\/2017\/12\/06\/les-preguntes-estupides\/#primaryimage","url":"https:\/\/diarieducacio.cat\/grao\/wp-content\/uploads\/sites\/31\/2017\/11\/filosofando1.jpg","contentUrl":"https:\/\/diarieducacio.cat\/grao\/wp-content\/uploads\/sites\/31\/2017\/11\/filosofando1.jpg","width":843,"height":634},{"@type":"BreadcrumbList","@id":"https:\/\/diarieducacio.cat\/grao\/2017\/12\/06\/les-preguntes-estupides\/#breadcrumb","itemListElement":[{"@type":"ListItem","position":1,"name":"Inici","item":"https:\/\/diarieducacio.cat\/grao\/"},{"@type":"ListItem","position":2,"name":"Les preguntes est\u00fapides"}]},{"@type":"WebSite","@id":"https:\/\/diarieducacio.cat\/grao\/#website","url":"https:\/\/diarieducacio.cat\/grao\/","name":"L'escola gra\u00f3 a gra\u00f3","description":"Un blog de El Diari de l&#039;Educaci\u00f3","potentialAction":[{"@type":"SearchAction","target":{"@type":"EntryPoint","urlTemplate":"https:\/\/diarieducacio.cat\/grao\/?s={search_term_string}"},"query-input":{"@type":"PropertyValueSpecification","valueRequired":true,"valueName":"search_term_string"}}],"inLanguage":"ca"},{"@type":"Person","@id":"https:\/\/diarieducacio.cat\/grao\/#\/schema\/person\/1c766a315bda253c1f06418dd2f1eced","name":"Grup IREF","image":{"@type":"ImageObject","inLanguage":"ca","@id":"https:\/\/secure.gravatar.com\/avatar\/7ba38a529dc4d91c137ca45f0fb4e050c4ca910a95c857b4c6a93f17a9c8a5c6?s=96&d=mm&r=g","url":"https:\/\/secure.gravatar.com\/avatar\/7ba38a529dc4d91c137ca45f0fb4e050c4ca910a95c857b4c6a93f17a9c8a5c6?s=96&d=mm&r=g","contentUrl":"https:\/\/secure.gravatar.com\/avatar\/7ba38a529dc4d91c137ca45f0fb4e050c4ca910a95c857b4c6a93f17a9c8a5c6?s=96&d=mm&r=g","caption":"Grup IREF"},"url":"https:\/\/diarieducacio.cat\/grao\/author\/giref\/"}]}},"_links":{"self":[{"href":"https:\/\/diarieducacio.cat\/grao\/wp-json\/wp\/v2\/posts\/1711","targetHints":{"allow":["GET"]}}],"collection":[{"href":"https:\/\/diarieducacio.cat\/grao\/wp-json\/wp\/v2\/posts"}],"about":[{"href":"https:\/\/diarieducacio.cat\/grao\/wp-json\/wp\/v2\/types\/post"}],"author":[{"embeddable":true,"href":"https:\/\/diarieducacio.cat\/grao\/wp-json\/wp\/v2\/users\/562"}],"replies":[{"embeddable":true,"href":"https:\/\/diarieducacio.cat\/grao\/wp-json\/wp\/v2\/comments?post=1711"}],"version-history":[{"count":1,"href":"https:\/\/diarieducacio.cat\/grao\/wp-json\/wp\/v2\/posts\/1711\/revisions"}],"predecessor-version":[{"id":6292,"href":"https:\/\/diarieducacio.cat\/grao\/wp-json\/wp\/v2\/posts\/1711\/revisions\/6292"}],"wp:featuredmedia":[{"embeddable":true,"href":"https:\/\/diarieducacio.cat\/grao\/wp-json\/wp\/v2\/media\/1712"}],"wp:attachment":[{"href":"https:\/\/diarieducacio.cat\/grao\/wp-json\/wp\/v2\/media?parent=1711"}],"wp:term":[{"taxonomy":"category","embeddable":true,"href":"https:\/\/diarieducacio.cat\/grao\/wp-json\/wp\/v2\/categories?post=1711"},{"taxonomy":"post_tag","embeddable":true,"href":"https:\/\/diarieducacio.cat\/grao\/wp-json\/wp\/v2\/tags?post=1711"},{"taxonomy":"tipo","embeddable":true,"href":"https:\/\/diarieducacio.cat\/grao\/wp-json\/wp\/v2\/tipo?post=1711"}],"curies":[{"name":"wp","href":"https:\/\/api.w.org\/{rel}","templated":true}]}}