{"id":1759,"date":"2018-02-20T07:10:11","date_gmt":"2018-02-20T07:10:11","guid":{"rendered":"https:\/\/diarieducacio.cat\/grao\/?p=1759"},"modified":"2024-05-13T18:30:26","modified_gmt":"2024-05-13T16:30:26","slug":"__trashed","status":"publish","type":"post","link":"https:\/\/diarieducacio.cat\/grao\/2018\/02\/20\/__trashed\/","title":{"rendered":"Gra\u00f3 a Gra\u00f3"},"content":{"rendered":"<p><a href=\"https:\/\/nostalgic-ishizaka.82-223-1-47.plesk.page\/grao\/wp-content\/uploads\/sites\/31\/2018\/01\/grao2.jpg\"><img decoding=\"async\" class=\"alignright wp-image-1769\" src=\"https:\/\/nostalgic-ishizaka.82-223-1-47.plesk.page\/grao\/wp-content\/uploads\/sites\/31\/2018\/01\/grao2.jpg\" alt=\"\" width=\"169\" height=\"165\" srcset=\"https:\/\/diarieducacio.cat\/grao\/wp-content\/uploads\/sites\/31\/2018\/01\/grao2.jpg 202w, https:\/\/diarieducacio.cat\/grao\/wp-content\/uploads\/sites\/31\/2018\/01\/grao2-150x147.jpg 150w\" sizes=\"(max-width: 169px) 100vw, 169px\" \/><\/a>Ens agradaria que el s\u00edmbol d\u2019aquest quarant\u00e8 aniversari, que no \u00e9s cap altre que el de la nostra editorial, amb aires de festa o amb il\u00b7lustracions dels nostres protagonistes, ens serv\u00eds de met\u00e0fora.\u00a0Quan arribes a una fita com aquesta et ve de gust aturar-te. Seguint amb el s\u00edmbol de l\u2019escala,<strong> ens podem trobar en un repl\u00e0 des del qual tinguem una bona perspectiva per mirar avall i veure tot el cam\u00ed recorregut, per\u00f2 tamb\u00e9 la possibilitat de mirar amunt i comen\u00e7ar a preveure el futur.<\/strong><\/p>\n<p>La nostra hist\u00f2ria va estretament lligada, com no podria ser d\u2019altra manera, a la de l\u2019educaci\u00f3 del nostre pa\u00eds. Quaranta anys \u00e9s molt de temps i, com \u00e9s normal, hem trobat alguns trams d\u2019escala plans i amb els graons accessibles, per\u00f2 tamb\u00e9 molts d\u2019altres que ens oferien menys facilitats, i fins tot algunes vegades les dificultats ens han fet agafar a la barana. El trajecte ens ha fet ser el que som, i ens agradaria mostrar-vos-ho en aquest <span style=\"color: #0000ff\"><strong><a style=\"color: #0000ff\" href=\"http:\/\/www.grao.com\/ca\/producte\/10-idees-clau-10-reptes-de-futur-gu440\" target=\"_blank\" rel=\"noopener\">n\u00famero especial<\/a><\/strong><\/span>.<\/p>\n<p>L\u2019estiu de 1977 un grup de mestres entusiastes extremament joves comencen l\u2019aventura de fer una publicaci\u00f3 amb la intenci\u00f3 que pugui ser d\u2019utilitat a d\u2019altres mestres. Fan possible un dels principis i de les accions b\u00e0siques de la renovaci\u00f3 pedag\u00f2gica: l\u2019intercanvi de pensament educatiu i d\u2019experi\u00e8ncies. Amb aquest substrat de fons es va articulant una publicaci\u00f3 que adquireix sentit des de l\u2019horitzontalitat. Un espai pedag\u00f2gic on mestres d\u2019escola i d\u2019universitat ofereixen el seu saber did\u00e0ctic contrastat a uns altres mestres perqu\u00e8 tinguin elements per realitzar l\u2019acci\u00f3 educativa. Si us hi fixeu b\u00e9, precisament aquest \u00e9s el subt\u00edtol de <em>Guix<\/em>.<\/p>\n<p>En aquesta ocasi\u00f3 especial ens ha fet molta il\u00b7lusi\u00f3 poder reunir novament els creadors de la nostra primera publicaci\u00f3. Quaranta anys despr\u00e9s, amb carreres professionals molt consolidades, els hem demanat que rememoressin les taules rodones d\u2019aquells moments inicials, que analitzessin el cam\u00ed recorregut i que ens fessin les seves s\u00e0vies previsions de futur.<\/p>\n<p><strong><a href=\"https:\/\/nostalgic-ishizaka.82-223-1-47.plesk.page\/grao\/wp-content\/uploads\/sites\/31\/2018\/01\/40-aniversari-grao.jpg\"><\/a>La revista <em>Guix<\/em> ha volgut ser una publicaci\u00f3 de sala de mestres i d\u2019escriptori de docent.<\/strong> Un format \u00e0gil per poder ser revisat, compartit i algunes vegades fins i tot fotocopiat, amb una inducci\u00f3 a la pr\u00e0ctica, per\u00f2 sempre des d\u2019una argumentaci\u00f3 te\u00f2rica, amb la intenci\u00f3 de ser una eina d\u2019acompanyament en la vida quotidiana de l\u2019aula, de l\u2019escola, de la societat.<\/p>\n<p>Qui us escriu aquestes l\u00ednies t\u00e9 el <em>Guix<\/em> entre les seves lectures professionals des de la meitat dels anys vuitanta, tot just quan finalitzava els estudis de mestre. En aquells moments li va representar un instrument valu\u00f3s per poder-se enfrontar a l\u2019elaboraci\u00f3 dels primers plantejaments i programacions d\u2019aula. En pocs anys, durant la plena incursi\u00f3 de la LOGSE, la revista li permet\u00e9 fer un seguiment dels debats i de tot el proc\u00e9s d\u2019aplicaci\u00f3, at\u00e8s que li va brindar l\u2019oportunitat de disposar de mostres argumentals i pr\u00e0ctiques dels canvis que proposava la reforma, sempre amb un sentit cr\u00edtic que l\u2019ajudava a tenir criteri.<\/p>\n<p>Aquest sentit cr\u00edtic ha volgut ser una invariable des del convenciment que l\u2019educaci\u00f3 no \u00e9s mai neutral, tot i que nosaltres ens entossudim a mirar-la sempre des de l\u2019escola, des de l\u2019aula, com a eina de transformaci\u00f3 social. D\u2019aquesta manera, no pod\u00edem deixar d\u2019aprofitar per argumentar cr\u00edticament els retrocessos educatius que es plantejaven amb la LOCE i la LOMCE.<\/p>\n<p><strong>La nostra atenci\u00f3 sempre s\u2019ha centrat en aquells mestres, escoles i col\u00b7lectius docents que ens poden donar llum per millorar la nostra actuaci\u00f3 di\u00e0ria.<\/strong> Per aix\u00f2 hem mirat d\u2019estar amatents als processos de renovaci\u00f3 pedag\u00f2gica i d\u2019innovaci\u00f3 educativa de cada moment. Una part d\u2019aquestes persones que considerem interessants les tenim avui com a col\u00b7laboradores de les nostres revistes. En les p\u00e0gines d&#8217;aquest n\u00famero els podreu posar cara i llegir la seva aportaci\u00f3.<\/p>\n<p>La seva participaci\u00f3 va des de la proposta de continguts del Consell Assessor, fins al disseny i la concreci\u00f3 al Consell de Redacci\u00f3, passant per una \u00e0mplia amalgama d\u2019experts en diverses branques educatives que en coordinen les diferents seccions. Tota una miscel\u00b7l\u00e0nia de bons mestres.<\/p>\n<p>La publicaci\u00f3 necessita rigor i amabilitat. Els continguts que rebem cal que siguin validats pedag\u00f2gicament, han de mostrar una correcci\u00f3 ling\u00fc\u00edstica i una forma que permeti fer-ne una lectura agradable. Al darrere hi ha molt bones professionals que us presentarem tot mostrant-vos com es confecciona la revista que teniu a les mans.<\/p>\n<p>Aquest n\u00famero vol mirar els graons pujats, per\u00f2 tamb\u00e9 cal tenir en compte que som al repl\u00e0 per seguir ascendint. Per aix\u00f2 hem volgut demanar consell a alguns dels nostres referents educatius. Cadasc\u00fa des de la seva \u00e0rea de saber educatiu ens ofereix eines per ajudar-nos a construir aquesta educaci\u00f3 que volem que sigui socialment justa, personalment humana i ecol\u00f2gicament sostenible. Les seves aportacions en forma de claus configuren el monogr\u00e0fic d\u2019aquesta edici\u00f3 especial.<\/p>\n<p>Ens agrada la idea d\u2019utopia de Galeano. Si la introdu\u00efm en la nostra met\u00e0fora podem dir que, cada cop que hem pujat deu graons, l\u2019escala ens en mostrava deu m\u00e9s, per\u00f2 el realment important ha estat que hem continuat anant amunt. <strong>A totes les persones que ens ajuden a anar superant els graons dia rere dia des la lectura, el suport i la col\u00b7laboraci\u00f3 els volem fer arribar el nostre agra\u00efment m\u00e9s sincer. El m\u00e8rit i el motiu de celebraci\u00f3 \u00e9s compartit.<\/strong> Tamb\u00e9 volem brindar el nostre reconeixement a tots els lectors que, al llarg d\u2019aquests quaranta anys, ens han fet costat i ens han encoratjat a continuar pujant els graons d\u2019aquesta escala infinita. Moltes felicitats!<\/p>\n<p><strong>Ens veiem el proper 12 de mar\u00e7 al Caixa Forum per celebrar-ho!\u00a0<a href=\"http:\/\/www.grao.com\/files\/grao\/40anys\/dossier%20catala.pdf\">(Programa de l&#8217;acte)<\/a><\/strong><\/p>\n<p><a href=\"https:\/\/nostalgic-ishizaka.82-223-1-47.plesk.page\/grao\/wp-content\/uploads\/sites\/31\/2018\/01\/turu.jpg\"><img fetchpriority=\"high\" decoding=\"async\" class=\"aligncenter size-full wp-image-1760\" src=\"https:\/\/nostalgic-ishizaka.82-223-1-47.plesk.page\/grao\/wp-content\/uploads\/sites\/31\/2018\/01\/turu.jpg\" alt=\"\" width=\"1377\" height=\"969\" srcset=\"https:\/\/diarieducacio.cat\/grao\/wp-content\/uploads\/sites\/31\/2018\/01\/turu.jpg 1377w, https:\/\/diarieducacio.cat\/grao\/wp-content\/uploads\/sites\/31\/2018\/01\/turu-300x211.jpg 300w, https:\/\/diarieducacio.cat\/grao\/wp-content\/uploads\/sites\/31\/2018\/01\/turu-1024x721.jpg 1024w, https:\/\/diarieducacio.cat\/grao\/wp-content\/uploads\/sites\/31\/2018\/01\/turu-768x540.jpg 768w, https:\/\/diarieducacio.cat\/grao\/wp-content\/uploads\/sites\/31\/2018\/01\/turu-150x106.jpg 150w, https:\/\/diarieducacio.cat\/grao\/wp-content\/uploads\/sites\/31\/2018\/01\/turu-450x317.jpg 450w, https:\/\/diarieducacio.cat\/grao\/wp-content\/uploads\/sites\/31\/2018\/01\/turu-1200x844.jpg 1200w\" sizes=\"(max-width: 1377px) 100vw, 1377px\" \/><\/a><\/p>\n","protected":false},"excerpt":{"rendered":"<p>L\u2019estiu de 1977 un grup de mestres entusiastes extremament joves comencen l\u2019aventura de fer una publicaci\u00f3 amb la intenci\u00f3 que pugui ser d\u2019utilitat a d\u2019altres mestres&#8230; <\/p>\n","protected":false},"author":524,"featured_media":1764,"comment_status":"open","ping_status":"open","sticky":false,"template":"","format":"standard","meta":{"footnotes":""},"categories":[345,155,115],"tags":[266,97,147],"tipo":[],"class_list":{"0":"post-1759","1":"post","2":"type-post","3":"status-publish","4":"format-standard","5":"has-post-thumbnail","7":"category-formacio-continua-del-professorat","8":"category-funcio-social-de-lensenyament","9":"category-reflexio","10":"tag-comunitat-educativa","11":"tag-grao","12":"tag-visio-del-mon"},"yoast_head":"<!-- This site is optimized with the Yoast SEO plugin v27.5 - https:\/\/yoast.com\/product\/yoast-seo-wordpress\/ -->\n<title>Gra\u00f3 a Gra\u00f3 - L&#039;escola gra\u00f3 a gra\u00f3<\/title>\n<meta name=\"robots\" content=\"index, follow, max-snippet:-1, max-image-preview:large, max-video-preview:-1\" \/>\n<link rel=\"canonical\" href=\"https:\/\/diarieducacio.cat\/grao\/2018\/02\/20\/__trashed\/\" \/>\n<meta property=\"og:locale\" content=\"ca_ES\" \/>\n<meta property=\"og:type\" content=\"article\" \/>\n<meta property=\"og:title\" content=\"Gra\u00f3 a Gra\u00f3 - L&#039;escola gra\u00f3 a gra\u00f3\" \/>\n<meta property=\"og:description\" content=\"L\u2019estiu de 1977 un grup de mestres entusiastes extremament joves comencen l\u2019aventura de fer una publicaci\u00f3 amb la intenci\u00f3 que pugui ser d\u2019utilitat a d\u2019altres mestres...\" \/>\n<meta property=\"og:url\" content=\"https:\/\/diarieducacio.cat\/grao\/2018\/02\/20\/__trashed\/\" \/>\n<meta property=\"og:site_name\" content=\"L&#039;escola gra\u00f3 a gra\u00f3\" \/>\n<meta property=\"article:published_time\" content=\"2018-02-20T07:10:11+00:00\" \/>\n<meta property=\"article:modified_time\" content=\"2024-05-13T16:30:26+00:00\" \/>\n<meta property=\"og:image\" content=\"https:\/\/diarieducacio.cat\/grao\/wp-content\/uploads\/sites\/31\/2018\/01\/40-aniversari-grao.jpg\" \/>\n\t<meta property=\"og:image:width\" content=\"240\" \/>\n\t<meta property=\"og:image:height\" content=\"150\" \/>\n\t<meta property=\"og:image:type\" content=\"image\/jpeg\" \/>\n<meta name=\"author\" content=\"Redacci\u00f3 - Editorial Gra\u00f3\" \/>\n<meta name=\"twitter:card\" content=\"summary_large_image\" \/>\n<meta name=\"twitter:label1\" content=\"Escrit per\" \/>\n\t<meta name=\"twitter:data1\" content=\"Redacci\u00f3 - Editorial Gra\u00f3\" \/>\n\t<meta name=\"twitter:label2\" content=\"Temps estimat de lectura\" \/>\n\t<meta name=\"twitter:data2\" content=\"5 minuts\" \/>\n<script type=\"application\/ld+json\" class=\"yoast-schema-graph\">{\"@context\":\"https:\\\/\\\/schema.org\",\"@graph\":[{\"@type\":\"Article\",\"@id\":\"https:\\\/\\\/diarieducacio.cat\\\/grao\\\/2018\\\/02\\\/20\\\/__trashed\\\/#article\",\"isPartOf\":{\"@id\":\"https:\\\/\\\/diarieducacio.cat\\\/grao\\\/2018\\\/02\\\/20\\\/__trashed\\\/\"},\"author\":{\"name\":\"Redacci\u00f3 - Editorial Gra\u00f3\",\"@id\":\"https:\\\/\\\/diarieducacio.cat\\\/grao\\\/#\\\/schema\\\/person\\\/131fe889ba50cb4a8381cabc75beb3ff\"},\"headline\":\"Gra\u00f3 a Gra\u00f3\",\"datePublished\":\"2018-02-20T07:10:11+00:00\",\"dateModified\":\"2024-05-13T16:30:26+00:00\",\"mainEntityOfPage\":{\"@id\":\"https:\\\/\\\/diarieducacio.cat\\\/grao\\\/2018\\\/02\\\/20\\\/__trashed\\\/\"},\"wordCount\":1009,\"commentCount\":0,\"image\":{\"@id\":\"https:\\\/\\\/diarieducacio.cat\\\/grao\\\/2018\\\/02\\\/20\\\/__trashed\\\/#primaryimage\"},\"thumbnailUrl\":\"https:\\\/\\\/diarieducacio.cat\\\/grao\\\/wp-content\\\/uploads\\\/sites\\\/31\\\/2018\\\/01\\\/40-aniversari-grao.jpg\",\"keywords\":[\"comunitat educativa\",\"Gra\u00f3\",\"visi\u00f3 del m\u00f3n\"],\"articleSection\":[\"Formaci\u00f3 cont\u00ednua del professorat\",\"Funci\u00f3 social de l'ensenyament\",\"Reflexi\u00f3\"],\"inLanguage\":\"ca\",\"potentialAction\":[{\"@type\":\"CommentAction\",\"name\":\"Comment\",\"target\":[\"https:\\\/\\\/diarieducacio.cat\\\/grao\\\/2018\\\/02\\\/20\\\/__trashed\\\/#respond\"]}]},{\"@type\":\"WebPage\",\"@id\":\"https:\\\/\\\/diarieducacio.cat\\\/grao\\\/2018\\\/02\\\/20\\\/__trashed\\\/\",\"url\":\"https:\\\/\\\/diarieducacio.cat\\\/grao\\\/2018\\\/02\\\/20\\\/__trashed\\\/\",\"name\":\"Gra\u00f3 a Gra\u00f3 - L'escola gra\u00f3 a gra\u00f3\",\"isPartOf\":{\"@id\":\"https:\\\/\\\/diarieducacio.cat\\\/grao\\\/#website\"},\"primaryImageOfPage\":{\"@id\":\"https:\\\/\\\/diarieducacio.cat\\\/grao\\\/2018\\\/02\\\/20\\\/__trashed\\\/#primaryimage\"},\"image\":{\"@id\":\"https:\\\/\\\/diarieducacio.cat\\\/grao\\\/2018\\\/02\\\/20\\\/__trashed\\\/#primaryimage\"},\"thumbnailUrl\":\"https:\\\/\\\/diarieducacio.cat\\\/grao\\\/wp-content\\\/uploads\\\/sites\\\/31\\\/2018\\\/01\\\/40-aniversari-grao.jpg\",\"datePublished\":\"2018-02-20T07:10:11+00:00\",\"dateModified\":\"2024-05-13T16:30:26+00:00\",\"author\":{\"@id\":\"https:\\\/\\\/diarieducacio.cat\\\/grao\\\/#\\\/schema\\\/person\\\/131fe889ba50cb4a8381cabc75beb3ff\"},\"breadcrumb\":{\"@id\":\"https:\\\/\\\/diarieducacio.cat\\\/grao\\\/2018\\\/02\\\/20\\\/__trashed\\\/#breadcrumb\"},\"inLanguage\":\"ca\",\"potentialAction\":[{\"@type\":\"ReadAction\",\"target\":[\"https:\\\/\\\/diarieducacio.cat\\\/grao\\\/2018\\\/02\\\/20\\\/__trashed\\\/\"]}]},{\"@type\":\"ImageObject\",\"inLanguage\":\"ca\",\"@id\":\"https:\\\/\\\/diarieducacio.cat\\\/grao\\\/2018\\\/02\\\/20\\\/__trashed\\\/#primaryimage\",\"url\":\"https:\\\/\\\/diarieducacio.cat\\\/grao\\\/wp-content\\\/uploads\\\/sites\\\/31\\\/2018\\\/01\\\/40-aniversari-grao.jpg\",\"contentUrl\":\"https:\\\/\\\/diarieducacio.cat\\\/grao\\\/wp-content\\\/uploads\\\/sites\\\/31\\\/2018\\\/01\\\/40-aniversari-grao.jpg\",\"width\":240,\"height\":150},{\"@type\":\"BreadcrumbList\",\"@id\":\"https:\\\/\\\/diarieducacio.cat\\\/grao\\\/2018\\\/02\\\/20\\\/__trashed\\\/#breadcrumb\",\"itemListElement\":[{\"@type\":\"ListItem\",\"position\":1,\"name\":\"Inici\",\"item\":\"https:\\\/\\\/diarieducacio.cat\\\/grao\\\/\"},{\"@type\":\"ListItem\",\"position\":2,\"name\":\"Gra\u00f3 a Gra\u00f3\"}]},{\"@type\":\"WebSite\",\"@id\":\"https:\\\/\\\/diarieducacio.cat\\\/grao\\\/#website\",\"url\":\"https:\\\/\\\/diarieducacio.cat\\\/grao\\\/\",\"name\":\"L'escola gra\u00f3 a gra\u00f3\",\"description\":\"Un blog de El Diari de l&#039;Educaci\u00f3\",\"potentialAction\":[{\"@type\":\"SearchAction\",\"target\":{\"@type\":\"EntryPoint\",\"urlTemplate\":\"https:\\\/\\\/diarieducacio.cat\\\/grao\\\/?s={search_term_string}\"},\"query-input\":{\"@type\":\"PropertyValueSpecification\",\"valueRequired\":true,\"valueName\":\"search_term_string\"}}],\"inLanguage\":\"ca\"},{\"@type\":\"Person\",\"@id\":\"https:\\\/\\\/diarieducacio.cat\\\/grao\\\/#\\\/schema\\\/person\\\/131fe889ba50cb4a8381cabc75beb3ff\",\"name\":\"Redacci\u00f3 - Editorial Gra\u00f3\",\"image\":{\"@type\":\"ImageObject\",\"inLanguage\":\"ca\",\"@id\":\"https:\\\/\\\/secure.gravatar.com\\\/avatar\\\/9d8b5293e92495f73d6f062cfac5de13f5a8355a89caf901edc1274d5640ad66?s=96&d=mm&r=g\",\"url\":\"https:\\\/\\\/secure.gravatar.com\\\/avatar\\\/9d8b5293e92495f73d6f062cfac5de13f5a8355a89caf901edc1274d5640ad66?s=96&d=mm&r=g\",\"contentUrl\":\"https:\\\/\\\/secure.gravatar.com\\\/avatar\\\/9d8b5293e92495f73d6f062cfac5de13f5a8355a89caf901edc1274d5640ad66?s=96&d=mm&r=g\",\"caption\":\"Redacci\u00f3 - Editorial Gra\u00f3\"},\"url\":\"https:\\\/\\\/diarieducacio.cat\\\/grao\\\/author\\\/emoreno\\\/\"}]}<\/script>\n<!-- \/ Yoast SEO plugin. -->","yoast_head_json":{"title":"Gra\u00f3 a Gra\u00f3 - L'escola gra\u00f3 a gra\u00f3","robots":{"index":"index","follow":"follow","max-snippet":"max-snippet:-1","max-image-preview":"max-image-preview:large","max-video-preview":"max-video-preview:-1"},"canonical":"https:\/\/diarieducacio.cat\/grao\/2018\/02\/20\/__trashed\/","og_locale":"ca_ES","og_type":"article","og_title":"Gra\u00f3 a Gra\u00f3 - L'escola gra\u00f3 a gra\u00f3","og_description":"L\u2019estiu de 1977 un grup de mestres entusiastes extremament joves comencen l\u2019aventura de fer una publicaci\u00f3 amb la intenci\u00f3 que pugui ser d\u2019utilitat a d\u2019altres mestres...","og_url":"https:\/\/diarieducacio.cat\/grao\/2018\/02\/20\/__trashed\/","og_site_name":"L'escola gra\u00f3 a gra\u00f3","article_published_time":"2018-02-20T07:10:11+00:00","article_modified_time":"2024-05-13T16:30:26+00:00","og_image":[{"width":240,"height":150,"url":"https:\/\/diarieducacio.cat\/grao\/wp-content\/uploads\/sites\/31\/2018\/01\/40-aniversari-grao.jpg","type":"image\/jpeg"}],"author":"Redacci\u00f3 - Editorial Gra\u00f3","twitter_card":"summary_large_image","twitter_misc":{"Escrit per":"Redacci\u00f3 - Editorial Gra\u00f3","Temps estimat de lectura":"5 minuts"},"schema":{"@context":"https:\/\/schema.org","@graph":[{"@type":"Article","@id":"https:\/\/diarieducacio.cat\/grao\/2018\/02\/20\/__trashed\/#article","isPartOf":{"@id":"https:\/\/diarieducacio.cat\/grao\/2018\/02\/20\/__trashed\/"},"author":{"name":"Redacci\u00f3 - Editorial Gra\u00f3","@id":"https:\/\/diarieducacio.cat\/grao\/#\/schema\/person\/131fe889ba50cb4a8381cabc75beb3ff"},"headline":"Gra\u00f3 a Gra\u00f3","datePublished":"2018-02-20T07:10:11+00:00","dateModified":"2024-05-13T16:30:26+00:00","mainEntityOfPage":{"@id":"https:\/\/diarieducacio.cat\/grao\/2018\/02\/20\/__trashed\/"},"wordCount":1009,"commentCount":0,"image":{"@id":"https:\/\/diarieducacio.cat\/grao\/2018\/02\/20\/__trashed\/#primaryimage"},"thumbnailUrl":"https:\/\/diarieducacio.cat\/grao\/wp-content\/uploads\/sites\/31\/2018\/01\/40-aniversari-grao.jpg","keywords":["comunitat educativa","Gra\u00f3","visi\u00f3 del m\u00f3n"],"articleSection":["Formaci\u00f3 cont\u00ednua del professorat","Funci\u00f3 social de l'ensenyament","Reflexi\u00f3"],"inLanguage":"ca","potentialAction":[{"@type":"CommentAction","name":"Comment","target":["https:\/\/diarieducacio.cat\/grao\/2018\/02\/20\/__trashed\/#respond"]}]},{"@type":"WebPage","@id":"https:\/\/diarieducacio.cat\/grao\/2018\/02\/20\/__trashed\/","url":"https:\/\/diarieducacio.cat\/grao\/2018\/02\/20\/__trashed\/","name":"Gra\u00f3 a Gra\u00f3 - L'escola gra\u00f3 a gra\u00f3","isPartOf":{"@id":"https:\/\/diarieducacio.cat\/grao\/#website"},"primaryImageOfPage":{"@id":"https:\/\/diarieducacio.cat\/grao\/2018\/02\/20\/__trashed\/#primaryimage"},"image":{"@id":"https:\/\/diarieducacio.cat\/grao\/2018\/02\/20\/__trashed\/#primaryimage"},"thumbnailUrl":"https:\/\/diarieducacio.cat\/grao\/wp-content\/uploads\/sites\/31\/2018\/01\/40-aniversari-grao.jpg","datePublished":"2018-02-20T07:10:11+00:00","dateModified":"2024-05-13T16:30:26+00:00","author":{"@id":"https:\/\/diarieducacio.cat\/grao\/#\/schema\/person\/131fe889ba50cb4a8381cabc75beb3ff"},"breadcrumb":{"@id":"https:\/\/diarieducacio.cat\/grao\/2018\/02\/20\/__trashed\/#breadcrumb"},"inLanguage":"ca","potentialAction":[{"@type":"ReadAction","target":["https:\/\/diarieducacio.cat\/grao\/2018\/02\/20\/__trashed\/"]}]},{"@type":"ImageObject","inLanguage":"ca","@id":"https:\/\/diarieducacio.cat\/grao\/2018\/02\/20\/__trashed\/#primaryimage","url":"https:\/\/diarieducacio.cat\/grao\/wp-content\/uploads\/sites\/31\/2018\/01\/40-aniversari-grao.jpg","contentUrl":"https:\/\/diarieducacio.cat\/grao\/wp-content\/uploads\/sites\/31\/2018\/01\/40-aniversari-grao.jpg","width":240,"height":150},{"@type":"BreadcrumbList","@id":"https:\/\/diarieducacio.cat\/grao\/2018\/02\/20\/__trashed\/#breadcrumb","itemListElement":[{"@type":"ListItem","position":1,"name":"Inici","item":"https:\/\/diarieducacio.cat\/grao\/"},{"@type":"ListItem","position":2,"name":"Gra\u00f3 a Gra\u00f3"}]},{"@type":"WebSite","@id":"https:\/\/diarieducacio.cat\/grao\/#website","url":"https:\/\/diarieducacio.cat\/grao\/","name":"L'escola gra\u00f3 a gra\u00f3","description":"Un blog de El Diari de l&#039;Educaci\u00f3","potentialAction":[{"@type":"SearchAction","target":{"@type":"EntryPoint","urlTemplate":"https:\/\/diarieducacio.cat\/grao\/?s={search_term_string}"},"query-input":{"@type":"PropertyValueSpecification","valueRequired":true,"valueName":"search_term_string"}}],"inLanguage":"ca"},{"@type":"Person","@id":"https:\/\/diarieducacio.cat\/grao\/#\/schema\/person\/131fe889ba50cb4a8381cabc75beb3ff","name":"Redacci\u00f3 - Editorial Gra\u00f3","image":{"@type":"ImageObject","inLanguage":"ca","@id":"https:\/\/secure.gravatar.com\/avatar\/9d8b5293e92495f73d6f062cfac5de13f5a8355a89caf901edc1274d5640ad66?s=96&d=mm&r=g","url":"https:\/\/secure.gravatar.com\/avatar\/9d8b5293e92495f73d6f062cfac5de13f5a8355a89caf901edc1274d5640ad66?s=96&d=mm&r=g","contentUrl":"https:\/\/secure.gravatar.com\/avatar\/9d8b5293e92495f73d6f062cfac5de13f5a8355a89caf901edc1274d5640ad66?s=96&d=mm&r=g","caption":"Redacci\u00f3 - Editorial Gra\u00f3"},"url":"https:\/\/diarieducacio.cat\/grao\/author\/emoreno\/"}]}},"_links":{"self":[{"href":"https:\/\/diarieducacio.cat\/grao\/wp-json\/wp\/v2\/posts\/1759","targetHints":{"allow":["GET"]}}],"collection":[{"href":"https:\/\/diarieducacio.cat\/grao\/wp-json\/wp\/v2\/posts"}],"about":[{"href":"https:\/\/diarieducacio.cat\/grao\/wp-json\/wp\/v2\/types\/post"}],"author":[{"embeddable":true,"href":"https:\/\/diarieducacio.cat\/grao\/wp-json\/wp\/v2\/users\/524"}],"replies":[{"embeddable":true,"href":"https:\/\/diarieducacio.cat\/grao\/wp-json\/wp\/v2\/comments?post=1759"}],"version-history":[{"count":1,"href":"https:\/\/diarieducacio.cat\/grao\/wp-json\/wp\/v2\/posts\/1759\/revisions"}],"predecessor-version":[{"id":6294,"href":"https:\/\/diarieducacio.cat\/grao\/wp-json\/wp\/v2\/posts\/1759\/revisions\/6294"}],"wp:featuredmedia":[{"embeddable":true,"href":"https:\/\/diarieducacio.cat\/grao\/wp-json\/wp\/v2\/media\/1764"}],"wp:attachment":[{"href":"https:\/\/diarieducacio.cat\/grao\/wp-json\/wp\/v2\/media?parent=1759"}],"wp:term":[{"taxonomy":"category","embeddable":true,"href":"https:\/\/diarieducacio.cat\/grao\/wp-json\/wp\/v2\/categories?post=1759"},{"taxonomy":"post_tag","embeddable":true,"href":"https:\/\/diarieducacio.cat\/grao\/wp-json\/wp\/v2\/tags?post=1759"},{"taxonomy":"tipo","embeddable":true,"href":"https:\/\/diarieducacio.cat\/grao\/wp-json\/wp\/v2\/tipo?post=1759"}],"curies":[{"name":"wp","href":"https:\/\/api.w.org\/{rel}","templated":true}]}}