{"id":1822,"date":"2014-07-01T07:12:23","date_gmt":"2014-07-01T07:12:23","guid":{"rendered":"https:\/\/diarieducacio.cat\/grao\/?p=244"},"modified":"2024-05-13T18:30:11","modified_gmt":"2024-05-13T16:30:11","slug":"elogi-de-leducacio-lenta","status":"publish","type":"post","link":"https:\/\/diarieducacio.cat\/grao\/2014\/07\/01\/elogi-de-leducacio-lenta\/","title":{"rendered":"Elogi de l&#8217;Educaci\u00f3 Lenta"},"content":{"rendered":"<p>Fer elogi de l&#8217;educaci\u00f3 lenta t\u00e9 sentit avui i aqu\u00ed en tant que representa l&#8217;elogi d&#8217;un model educatiu ent\u00e8s com la pe\u00e7a clau en el proc\u00e9s d&#8217;humanitzaci\u00f3 de la societat. El temps no pot colonitzar les nostres vides i les de l&#8217;escola, sin\u00f3 que cal retornar-lo als infants i al professorat per tal que pugui \u00e9sser un temps viscut plenament i, per tant, plenament educatiu. M\u00e9s, abans i m\u00e9s r\u00e0pid no s\u00f3n sin\u00f2nims de millor, i educar per la lentitud significa ajustar la velocitat al moment i a la persona.<\/p>\n<h3>Dec\u00e0leg per a una educaci\u00f3 lenta<\/h3>\n<p>1<em>. Decidir<\/em>. En comptes de mirar constantment el rellotge i organitzar el temps, \u00e9s important decidir cap a on volem anar, per qu\u00e8 volem educar, qu\u00e8 pretenem i compartir-ho amb la comunitat d&#8217;alumnes amb la qual treballem (o tamb\u00e9 en l&#8217;\u00e0mbit familiar).<\/p>\n<p>2.\u00a0<em>Implicar.<\/em>\u00a0Posar els mitjans per tal que, en un proc\u00e9s democr\u00e0tic, la i<em>mplicaci\u00f3<\/em>\u00a0del professorat, dels infants i joves i les seves fam\u00edlies, siguin els aspectes clau en la construcci\u00f3 d&#8217;un projecte educatiu.<\/p>\n<p>3. <em>Prioritzar<\/em>. Saber analitzar i distingir quins s\u00f3n els aspectes importants i quins s\u00f3n els urgents. Decantar-se, sempre que es pugui, per treballar els aspectes importants de l&#8217;educaci\u00f3. Deixar de banda aquelles parts del curr\u00edculum, de l&#8217;organitzaci\u00f3, de la vida de l&#8217;aula, i de l&#8217;escola que no s\u00f3n ni urgents ni importants. Fer un plantejament semblant en l&#8217;\u00e0mbit familiar.<\/p>\n<p>4.\u00a0<em>Saber perdre el temp<\/em>s amb activitats que no estiguin organitzades ni estructurades o que no siguin previsibles.<\/p>\n<p>5.\u00a0<em>Donar prou temps<\/em>\u00a0perqu\u00e8 l&#8217;alumnat pugui ser creatiu en les activitats que realitza.<\/p>\n<p>6.\u00a0<em>Cultivar la paci\u00e8ncia i la perseveran\u00e7a<\/em>, com tamb\u00e9 basar-les en la premissa que els infants i els joves trobin sentit a les activitats que fan, que els proposem o que les encarreguem.<\/p>\n<p>7.\u00a0<em>Saber viure<\/em>, ser positiu. Donar exemple de vida i incorporar el sentit de l&#8217;humor a l&#8217;educaci\u00f3. Donar exemple de respecte envers la diversitat de ritmes.<\/p>\n<p>8.\u00a0<em>Gaudir del moment<\/em>, de les activitats desenvolupades i que tenen sentit, i no estar condicionat constantment pel programa que cal acomplir, per les proves que cal efectuar, o pels resultats que cal obtenir. A la fam\u00edlia, no comparar els fills i les filles amb altres infants o joves de la seva edat.<\/p>\n<p>9.<i>\u00a0<\/i><em>Simplificar els programes escolars<\/em>. Limitar els objectius que es pretenen assolir en cada curs, a fi de poder aprofundir en cada aprenentatge.<\/p>\n<p>10.<i>\u00a0<\/i><em>Basar els canvis<\/em>\u00a0en un coneixement profund de les potencialitats i de les debilitats de tots els sectors de la comunitat educativa, singularment, els infants i joves. Escoltar-los.<\/p>\n<p><strong>Font: <\/strong><em>Elogi a l&#8217;educaci\u00f3 lenta,\u00a0<\/em>Gra\u00f3, 2009. Col\u00b7lecci\u00f3 Micro Macro Refer\u00e8ncies, 9.<\/p>\n","protected":false},"excerpt":{"rendered":"<p>Representa l&#8217;elogi d&#8217;un model educatiu ent\u00e8s com la pe\u00e7a clau en el proc\u00e9s d&#8217;humanitzaci\u00f3 de la societat. El temps no pot colonitzar les nostres vides i les de l&#8217;escola, sin\u00f3 que cal retornar-lo als infants i al professorat<\/p>\n","protected":false},"author":8,"featured_media":247,"comment_status":"open","ping_status":"open","sticky":false,"template":"","format":"standard","meta":{"footnotes":""},"categories":[163,164],"tags":[162,165,166,167,168,169],"tipo":[],"class_list":{"0":"post-1822","1":"post","2":"type-post","3":"status-publish","4":"format-standard","5":"has-post-thumbnail","7":"category-estrategies-densenyament-aprenentatge","8":"category-estrategies-internes","9":"tag-educacio-lenta","10":"tag-infancia","11":"tag-model-educatiu","12":"tag-proces-dhumanitzacio","13":"tag-societat","14":"tag-temps"},"yoast_head":"<!-- This site is optimized with the Yoast SEO plugin v27.5 - https:\/\/yoast.com\/product\/yoast-seo-wordpress\/ -->\n<title>Elogi de l&#039;Educaci\u00f3 Lenta - L&#039;escola gra\u00f3 a gra\u00f3<\/title>\n<meta name=\"robots\" content=\"index, follow, max-snippet:-1, max-image-preview:large, max-video-preview:-1\" \/>\n<link rel=\"canonical\" href=\"https:\/\/diarieducacio.cat\/grao\/2014\/07\/01\/elogi-de-leducacio-lenta\/\" \/>\n<meta property=\"og:locale\" content=\"ca_ES\" \/>\n<meta property=\"og:type\" content=\"article\" \/>\n<meta property=\"og:title\" content=\"Elogi de l&#039;Educaci\u00f3 Lenta - L&#039;escola gra\u00f3 a gra\u00f3\" \/>\n<meta property=\"og:description\" content=\"Representa l&#039;elogi d&#039;un model educatiu ent\u00e8s com la pe\u00e7a clau en el proc\u00e9s d&#039;humanitzaci\u00f3 de la societat. El temps no pot colonitzar les nostres vides i les de l&#039;escola, sin\u00f3 que cal retornar-lo als infants i al professorat\" \/>\n<meta property=\"og:url\" content=\"https:\/\/diarieducacio.cat\/grao\/2014\/07\/01\/elogi-de-leducacio-lenta\/\" \/>\n<meta property=\"og:site_name\" content=\"L&#039;escola gra\u00f3 a gra\u00f3\" \/>\n<meta property=\"article:published_time\" content=\"2014-07-01T07:12:23+00:00\" \/>\n<meta property=\"article:modified_time\" content=\"2024-05-13T16:30:11+00:00\" \/>\n<meta property=\"og:image\" content=\"https:\/\/diarieducacio.cat\/grao\/wp-content\/uploads\/sites\/31\/2014\/06\/RC009f.jpg\" \/>\n\t<meta property=\"og:image:width\" content=\"199\" \/>\n\t<meta property=\"og:image:height\" content=\"309\" \/>\n\t<meta property=\"og:image:type\" content=\"image\/jpeg\" \/>\n<meta name=\"author\" content=\"Joan Dom\u00e8nech\" \/>\n<meta name=\"twitter:card\" content=\"summary_large_image\" \/>\n<meta name=\"twitter:label1\" content=\"Escrit per\" \/>\n\t<meta name=\"twitter:data1\" content=\"Joan Dom\u00e8nech\" \/>\n\t<meta name=\"twitter:label2\" content=\"Temps estimat de lectura\" \/>\n\t<meta name=\"twitter:data2\" content=\"2 minuts\" \/>\n<script type=\"application\/ld+json\" class=\"yoast-schema-graph\">{\"@context\":\"https:\\\/\\\/schema.org\",\"@graph\":[{\"@type\":\"Article\",\"@id\":\"https:\\\/\\\/diarieducacio.cat\\\/grao\\\/2014\\\/07\\\/01\\\/elogi-de-leducacio-lenta\\\/#article\",\"isPartOf\":{\"@id\":\"https:\\\/\\\/diarieducacio.cat\\\/grao\\\/2014\\\/07\\\/01\\\/elogi-de-leducacio-lenta\\\/\"},\"author\":{\"name\":\"Joan Dom\u00e8nech\",\"@id\":\"https:\\\/\\\/diarieducacio.cat\\\/grao\\\/#\\\/schema\\\/person\\\/42bb6671896d6622abb013a78750e11e\"},\"headline\":\"Elogi de l&#8217;Educaci\u00f3 Lenta\",\"datePublished\":\"2014-07-01T07:12:23+00:00\",\"dateModified\":\"2024-05-13T16:30:11+00:00\",\"mainEntityOfPage\":{\"@id\":\"https:\\\/\\\/diarieducacio.cat\\\/grao\\\/2014\\\/07\\\/01\\\/elogi-de-leducacio-lenta\\\/\"},\"wordCount\":470,\"commentCount\":3,\"image\":{\"@id\":\"https:\\\/\\\/diarieducacio.cat\\\/grao\\\/2014\\\/07\\\/01\\\/elogi-de-leducacio-lenta\\\/#primaryimage\"},\"thumbnailUrl\":\"https:\\\/\\\/diarieducacio.cat\\\/grao\\\/wp-content\\\/uploads\\\/sites\\\/31\\\/2014\\\/06\\\/RC009f.jpg\",\"keywords\":[\"Educaci\u00f3 lenta\",\"inf\u00e0ncia\",\"model educatiu\",\"proc\u00e9s d'humanitzaci\u00f3\",\"societat\",\"temps\"],\"articleSection\":[\"Estrat\u00e8gies d'Ensenyament-Aprenentatge\",\"Estrat\u00e8gies Internes\"],\"inLanguage\":\"ca\",\"potentialAction\":[{\"@type\":\"CommentAction\",\"name\":\"Comment\",\"target\":[\"https:\\\/\\\/diarieducacio.cat\\\/grao\\\/2014\\\/07\\\/01\\\/elogi-de-leducacio-lenta\\\/#respond\"]}]},{\"@type\":\"WebPage\",\"@id\":\"https:\\\/\\\/diarieducacio.cat\\\/grao\\\/2014\\\/07\\\/01\\\/elogi-de-leducacio-lenta\\\/\",\"url\":\"https:\\\/\\\/diarieducacio.cat\\\/grao\\\/2014\\\/07\\\/01\\\/elogi-de-leducacio-lenta\\\/\",\"name\":\"Elogi de l'Educaci\u00f3 Lenta - L'escola gra\u00f3 a gra\u00f3\",\"isPartOf\":{\"@id\":\"https:\\\/\\\/diarieducacio.cat\\\/grao\\\/#website\"},\"primaryImageOfPage\":{\"@id\":\"https:\\\/\\\/diarieducacio.cat\\\/grao\\\/2014\\\/07\\\/01\\\/elogi-de-leducacio-lenta\\\/#primaryimage\"},\"image\":{\"@id\":\"https:\\\/\\\/diarieducacio.cat\\\/grao\\\/2014\\\/07\\\/01\\\/elogi-de-leducacio-lenta\\\/#primaryimage\"},\"thumbnailUrl\":\"https:\\\/\\\/diarieducacio.cat\\\/grao\\\/wp-content\\\/uploads\\\/sites\\\/31\\\/2014\\\/06\\\/RC009f.jpg\",\"datePublished\":\"2014-07-01T07:12:23+00:00\",\"dateModified\":\"2024-05-13T16:30:11+00:00\",\"author\":{\"@id\":\"https:\\\/\\\/diarieducacio.cat\\\/grao\\\/#\\\/schema\\\/person\\\/42bb6671896d6622abb013a78750e11e\"},\"breadcrumb\":{\"@id\":\"https:\\\/\\\/diarieducacio.cat\\\/grao\\\/2014\\\/07\\\/01\\\/elogi-de-leducacio-lenta\\\/#breadcrumb\"},\"inLanguage\":\"ca\",\"potentialAction\":[{\"@type\":\"ReadAction\",\"target\":[\"https:\\\/\\\/diarieducacio.cat\\\/grao\\\/2014\\\/07\\\/01\\\/elogi-de-leducacio-lenta\\\/\"]}]},{\"@type\":\"ImageObject\",\"inLanguage\":\"ca\",\"@id\":\"https:\\\/\\\/diarieducacio.cat\\\/grao\\\/2014\\\/07\\\/01\\\/elogi-de-leducacio-lenta\\\/#primaryimage\",\"url\":\"https:\\\/\\\/diarieducacio.cat\\\/grao\\\/wp-content\\\/uploads\\\/sites\\\/31\\\/2014\\\/06\\\/RC009f.jpg\",\"contentUrl\":\"https:\\\/\\\/diarieducacio.cat\\\/grao\\\/wp-content\\\/uploads\\\/sites\\\/31\\\/2014\\\/06\\\/RC009f.jpg\",\"width\":199,\"height\":309},{\"@type\":\"BreadcrumbList\",\"@id\":\"https:\\\/\\\/diarieducacio.cat\\\/grao\\\/2014\\\/07\\\/01\\\/elogi-de-leducacio-lenta\\\/#breadcrumb\",\"itemListElement\":[{\"@type\":\"ListItem\",\"position\":1,\"name\":\"Inici\",\"item\":\"https:\\\/\\\/diarieducacio.cat\\\/grao\\\/\"},{\"@type\":\"ListItem\",\"position\":2,\"name\":\"Elogi de l&#8217;Educaci\u00f3 Lenta\"}]},{\"@type\":\"WebSite\",\"@id\":\"https:\\\/\\\/diarieducacio.cat\\\/grao\\\/#website\",\"url\":\"https:\\\/\\\/diarieducacio.cat\\\/grao\\\/\",\"name\":\"L'escola gra\u00f3 a gra\u00f3\",\"description\":\"Un blog de El Diari de l&#039;Educaci\u00f3\",\"potentialAction\":[{\"@type\":\"SearchAction\",\"target\":{\"@type\":\"EntryPoint\",\"urlTemplate\":\"https:\\\/\\\/diarieducacio.cat\\\/grao\\\/?s={search_term_string}\"},\"query-input\":{\"@type\":\"PropertyValueSpecification\",\"valueRequired\":true,\"valueName\":\"search_term_string\"}}],\"inLanguage\":\"ca\"},{\"@type\":\"Person\",\"@id\":\"https:\\\/\\\/diarieducacio.cat\\\/grao\\\/#\\\/schema\\\/person\\\/42bb6671896d6622abb013a78750e11e\",\"name\":\"Joan Dom\u00e8nech\",\"image\":{\"@type\":\"ImageObject\",\"inLanguage\":\"ca\",\"@id\":\"https:\\\/\\\/diarieducacio.cat\\\/wp-content\\\/uploads\\\/2024\\\/11\\\/joan-domenech_avatar-96x96.jpg\",\"url\":\"https:\\\/\\\/diarieducacio.cat\\\/wp-content\\\/uploads\\\/2024\\\/11\\\/joan-domenech_avatar-96x96.jpg\",\"contentUrl\":\"https:\\\/\\\/diarieducacio.cat\\\/wp-content\\\/uploads\\\/2024\\\/11\\\/joan-domenech_avatar-96x96.jpg\",\"caption\":\"Joan Dom\u00e8nech\"},\"description\":\"Mestre. Exdirector de l'Escola Fructu\u00f3s Gelabert. Membre de l'equip impulsor del Congr\u00e9s d'Educaci\u00f3 P\u00fablica de Catalunya.\",\"url\":\"https:\\\/\\\/diarieducacio.cat\\\/grao\\\/author\\\/jdomenech\\\/\"}]}<\/script>\n<!-- \/ Yoast SEO plugin. -->","yoast_head_json":{"title":"Elogi de l'Educaci\u00f3 Lenta - L'escola gra\u00f3 a gra\u00f3","robots":{"index":"index","follow":"follow","max-snippet":"max-snippet:-1","max-image-preview":"max-image-preview:large","max-video-preview":"max-video-preview:-1"},"canonical":"https:\/\/diarieducacio.cat\/grao\/2014\/07\/01\/elogi-de-leducacio-lenta\/","og_locale":"ca_ES","og_type":"article","og_title":"Elogi de l'Educaci\u00f3 Lenta - L'escola gra\u00f3 a gra\u00f3","og_description":"Representa l'elogi d'un model educatiu ent\u00e8s com la pe\u00e7a clau en el proc\u00e9s d'humanitzaci\u00f3 de la societat. El temps no pot colonitzar les nostres vides i les de l'escola, sin\u00f3 que cal retornar-lo als infants i al professorat","og_url":"https:\/\/diarieducacio.cat\/grao\/2014\/07\/01\/elogi-de-leducacio-lenta\/","og_site_name":"L'escola gra\u00f3 a gra\u00f3","article_published_time":"2014-07-01T07:12:23+00:00","article_modified_time":"2024-05-13T16:30:11+00:00","og_image":[{"width":199,"height":309,"url":"https:\/\/diarieducacio.cat\/grao\/wp-content\/uploads\/sites\/31\/2014\/06\/RC009f.jpg","type":"image\/jpeg"}],"author":"Joan Dom\u00e8nech","twitter_card":"summary_large_image","twitter_misc":{"Escrit per":"Joan Dom\u00e8nech","Temps estimat de lectura":"2 minuts"},"schema":{"@context":"https:\/\/schema.org","@graph":[{"@type":"Article","@id":"https:\/\/diarieducacio.cat\/grao\/2014\/07\/01\/elogi-de-leducacio-lenta\/#article","isPartOf":{"@id":"https:\/\/diarieducacio.cat\/grao\/2014\/07\/01\/elogi-de-leducacio-lenta\/"},"author":{"name":"Joan Dom\u00e8nech","@id":"https:\/\/diarieducacio.cat\/grao\/#\/schema\/person\/42bb6671896d6622abb013a78750e11e"},"headline":"Elogi de l&#8217;Educaci\u00f3 Lenta","datePublished":"2014-07-01T07:12:23+00:00","dateModified":"2024-05-13T16:30:11+00:00","mainEntityOfPage":{"@id":"https:\/\/diarieducacio.cat\/grao\/2014\/07\/01\/elogi-de-leducacio-lenta\/"},"wordCount":470,"commentCount":3,"image":{"@id":"https:\/\/diarieducacio.cat\/grao\/2014\/07\/01\/elogi-de-leducacio-lenta\/#primaryimage"},"thumbnailUrl":"https:\/\/diarieducacio.cat\/grao\/wp-content\/uploads\/sites\/31\/2014\/06\/RC009f.jpg","keywords":["Educaci\u00f3 lenta","inf\u00e0ncia","model educatiu","proc\u00e9s d'humanitzaci\u00f3","societat","temps"],"articleSection":["Estrat\u00e8gies d'Ensenyament-Aprenentatge","Estrat\u00e8gies Internes"],"inLanguage":"ca","potentialAction":[{"@type":"CommentAction","name":"Comment","target":["https:\/\/diarieducacio.cat\/grao\/2014\/07\/01\/elogi-de-leducacio-lenta\/#respond"]}]},{"@type":"WebPage","@id":"https:\/\/diarieducacio.cat\/grao\/2014\/07\/01\/elogi-de-leducacio-lenta\/","url":"https:\/\/diarieducacio.cat\/grao\/2014\/07\/01\/elogi-de-leducacio-lenta\/","name":"Elogi de l'Educaci\u00f3 Lenta - L'escola gra\u00f3 a gra\u00f3","isPartOf":{"@id":"https:\/\/diarieducacio.cat\/grao\/#website"},"primaryImageOfPage":{"@id":"https:\/\/diarieducacio.cat\/grao\/2014\/07\/01\/elogi-de-leducacio-lenta\/#primaryimage"},"image":{"@id":"https:\/\/diarieducacio.cat\/grao\/2014\/07\/01\/elogi-de-leducacio-lenta\/#primaryimage"},"thumbnailUrl":"https:\/\/diarieducacio.cat\/grao\/wp-content\/uploads\/sites\/31\/2014\/06\/RC009f.jpg","datePublished":"2014-07-01T07:12:23+00:00","dateModified":"2024-05-13T16:30:11+00:00","author":{"@id":"https:\/\/diarieducacio.cat\/grao\/#\/schema\/person\/42bb6671896d6622abb013a78750e11e"},"breadcrumb":{"@id":"https:\/\/diarieducacio.cat\/grao\/2014\/07\/01\/elogi-de-leducacio-lenta\/#breadcrumb"},"inLanguage":"ca","potentialAction":[{"@type":"ReadAction","target":["https:\/\/diarieducacio.cat\/grao\/2014\/07\/01\/elogi-de-leducacio-lenta\/"]}]},{"@type":"ImageObject","inLanguage":"ca","@id":"https:\/\/diarieducacio.cat\/grao\/2014\/07\/01\/elogi-de-leducacio-lenta\/#primaryimage","url":"https:\/\/diarieducacio.cat\/grao\/wp-content\/uploads\/sites\/31\/2014\/06\/RC009f.jpg","contentUrl":"https:\/\/diarieducacio.cat\/grao\/wp-content\/uploads\/sites\/31\/2014\/06\/RC009f.jpg","width":199,"height":309},{"@type":"BreadcrumbList","@id":"https:\/\/diarieducacio.cat\/grao\/2014\/07\/01\/elogi-de-leducacio-lenta\/#breadcrumb","itemListElement":[{"@type":"ListItem","position":1,"name":"Inici","item":"https:\/\/diarieducacio.cat\/grao\/"},{"@type":"ListItem","position":2,"name":"Elogi de l&#8217;Educaci\u00f3 Lenta"}]},{"@type":"WebSite","@id":"https:\/\/diarieducacio.cat\/grao\/#website","url":"https:\/\/diarieducacio.cat\/grao\/","name":"L'escola gra\u00f3 a gra\u00f3","description":"Un blog de El Diari de l&#039;Educaci\u00f3","potentialAction":[{"@type":"SearchAction","target":{"@type":"EntryPoint","urlTemplate":"https:\/\/diarieducacio.cat\/grao\/?s={search_term_string}"},"query-input":{"@type":"PropertyValueSpecification","valueRequired":true,"valueName":"search_term_string"}}],"inLanguage":"ca"},{"@type":"Person","@id":"https:\/\/diarieducacio.cat\/grao\/#\/schema\/person\/42bb6671896d6622abb013a78750e11e","name":"Joan Dom\u00e8nech","image":{"@type":"ImageObject","inLanguage":"ca","@id":"https:\/\/diarieducacio.cat\/wp-content\/uploads\/2024\/11\/joan-domenech_avatar-96x96.jpg","url":"https:\/\/diarieducacio.cat\/wp-content\/uploads\/2024\/11\/joan-domenech_avatar-96x96.jpg","contentUrl":"https:\/\/diarieducacio.cat\/wp-content\/uploads\/2024\/11\/joan-domenech_avatar-96x96.jpg","caption":"Joan Dom\u00e8nech"},"description":"Mestre. Exdirector de l'Escola Fructu\u00f3s Gelabert. Membre de l'equip impulsor del Congr\u00e9s d'Educaci\u00f3 P\u00fablica de Catalunya.","url":"https:\/\/diarieducacio.cat\/grao\/author\/jdomenech\/"}]}},"_links":{"self":[{"href":"https:\/\/diarieducacio.cat\/grao\/wp-json\/wp\/v2\/posts\/1822","targetHints":{"allow":["GET"]}}],"collection":[{"href":"https:\/\/diarieducacio.cat\/grao\/wp-json\/wp\/v2\/posts"}],"about":[{"href":"https:\/\/diarieducacio.cat\/grao\/wp-json\/wp\/v2\/types\/post"}],"author":[{"embeddable":true,"href":"https:\/\/diarieducacio.cat\/grao\/wp-json\/wp\/v2\/users\/8"}],"replies":[{"embeddable":true,"href":"https:\/\/diarieducacio.cat\/grao\/wp-json\/wp\/v2\/comments?post=1822"}],"version-history":[{"count":1,"href":"https:\/\/diarieducacio.cat\/grao\/wp-json\/wp\/v2\/posts\/1822\/revisions"}],"predecessor-version":[{"id":6166,"href":"https:\/\/diarieducacio.cat\/grao\/wp-json\/wp\/v2\/posts\/1822\/revisions\/6166"}],"wp:featuredmedia":[{"embeddable":true,"href":"https:\/\/diarieducacio.cat\/grao\/wp-json\/wp\/v2\/media\/247"}],"wp:attachment":[{"href":"https:\/\/diarieducacio.cat\/grao\/wp-json\/wp\/v2\/media?parent=1822"}],"wp:term":[{"taxonomy":"category","embeddable":true,"href":"https:\/\/diarieducacio.cat\/grao\/wp-json\/wp\/v2\/categories?post=1822"},{"taxonomy":"post_tag","embeddable":true,"href":"https:\/\/diarieducacio.cat\/grao\/wp-json\/wp\/v2\/tags?post=1822"},{"taxonomy":"tipo","embeddable":true,"href":"https:\/\/diarieducacio.cat\/grao\/wp-json\/wp\/v2\/tipo?post=1822"}],"curies":[{"name":"wp","href":"https:\/\/api.w.org\/{rel}","templated":true}]}}