{"id":1829,"date":"2015-01-19T08:07:39","date_gmt":"2015-01-19T08:07:39","guid":{"rendered":"https:\/\/diarieducacio.cat\/grao\/?p=675"},"modified":"2024-05-13T18:30:15","modified_gmt":"2024-05-13T16:30:15","slug":"humor-que-vols-ser-de-gran","status":"publish","type":"post","link":"https:\/\/diarieducacio.cat\/grao\/2015\/01\/19\/humor-que-vols-ser-de-gran\/","title":{"rendered":"HUMOR: Qu\u00e8 vols ser de gran?"},"content":{"rendered":"<p><a href=\"https:\/\/nostalgic-ishizaka.82-223-1-47.plesk.page\/grao\/wp-content\/uploads\/sites\/31\/2014\/12\/felic.jpg\"><\/a><\/p>\n<p><b>FONT:\u00a0<\/b>Revista GUIX D&#8217;INFANTIL n.65.<em> Identitat.<\/em>\u00a0Clic <span style=\"color: #0000ff\"><strong><a style=\"color: #0000ff\" href=\"http:\/\/www.grao.com\/revistes\/guix-infantil\/065-identitat\/frato\" target=\"_blank\" rel=\"noopener\">aqu\u00ed<\/a><\/strong><\/span>.<\/p>\n","protected":false},"excerpt":{"rendered":"<p>FONT:\u00a0Revista GUIX D&#8217;INFANTIL n.65. Identitat.\u00a0Clic aqu\u00ed.<\/p>\n","protected":false},"author":534,"featured_media":676,"comment_status":"open","ping_status":"open","sticky":false,"template":"","format":"standard","meta":{"footnotes":""},"categories":[101,123,187,115],"tags":[99,111,165,144],"tipo":[],"class_list":{"0":"post-1829","1":"post","2":"type-post","3":"status-publish","4":"format-standard","5":"has-post-thumbnail","7":"category-desenvolupament-personal","8":"category-evolucio-i-maduracio","9":"category-familia-i-educacio","10":"category-reflexio","11":"tag-creixement-huma","12":"tag-identitat","13":"tag-infancia","14":"tag-interpretacions"},"yoast_head":"<!-- This site is optimized with the Yoast SEO plugin v27.4 - https:\/\/yoast.com\/product\/yoast-seo-wordpress\/ -->\n<title>HUMOR: Qu\u00e8 vols ser de gran? - L&#039;escola gra\u00f3 a gra\u00f3<\/title>\n<meta name=\"robots\" content=\"index, follow, max-snippet:-1, max-image-preview:large, max-video-preview:-1\" \/>\n<link rel=\"canonical\" href=\"https:\/\/diarieducacio.cat\/grao\/2015\/01\/19\/humor-que-vols-ser-de-gran\/\" \/>\n<meta property=\"og:locale\" content=\"ca_ES\" \/>\n<meta property=\"og:type\" content=\"article\" \/>\n<meta property=\"og:title\" content=\"HUMOR: Qu\u00e8 vols ser de gran? - L&#039;escola gra\u00f3 a gra\u00f3\" \/>\n<meta property=\"og:description\" content=\"FONT:\u00a0Revista GUIX D&#8217;INFANTIL n.65. Identitat.\u00a0Clic aqu\u00ed.\" \/>\n<meta property=\"og:url\" content=\"https:\/\/diarieducacio.cat\/grao\/2015\/01\/19\/humor-que-vols-ser-de-gran\/\" \/>\n<meta property=\"og:site_name\" content=\"L&#039;escola gra\u00f3 a gra\u00f3\" \/>\n<meta property=\"article:published_time\" content=\"2015-01-19T08:07:39+00:00\" \/>\n<meta property=\"article:modified_time\" content=\"2024-05-13T16:30:15+00:00\" \/>\n<meta property=\"og:image\" content=\"https:\/\/diarieducacio.cat\/grao\/wp-content\/uploads\/sites\/31\/2014\/12\/felic.jpg\" \/>\n\t<meta property=\"og:image:width\" content=\"668\" \/>\n\t<meta property=\"og:image:height\" content=\"788\" \/>\n\t<meta property=\"og:image:type\" content=\"image\/jpeg\" \/>\n<meta name=\"author\" content=\"FRATO (Francesco Tonucci)\" \/>\n<meta name=\"twitter:card\" content=\"summary_large_image\" \/>\n<meta name=\"twitter:label1\" content=\"Escrit per\" \/>\n\t<meta name=\"twitter:data1\" content=\"FRATO (Francesco Tonucci)\" \/>\n<script type=\"application\/ld+json\" class=\"yoast-schema-graph\">{\"@context\":\"https:\\\/\\\/schema.org\",\"@graph\":[{\"@type\":\"Article\",\"@id\":\"https:\\\/\\\/diarieducacio.cat\\\/grao\\\/2015\\\/01\\\/19\\\/humor-que-vols-ser-de-gran\\\/#article\",\"isPartOf\":{\"@id\":\"https:\\\/\\\/diarieducacio.cat\\\/grao\\\/2015\\\/01\\\/19\\\/humor-que-vols-ser-de-gran\\\/\"},\"author\":{\"name\":\"FRATO (Francesco Tonucci)\",\"@id\":\"https:\\\/\\\/diarieducacio.cat\\\/grao\\\/#\\\/schema\\\/person\\\/48c132245e3ad272404be6d6a33fab46\"},\"headline\":\"HUMOR: Qu\u00e8 vols ser de gran?\",\"datePublished\":\"2015-01-19T08:07:39+00:00\",\"dateModified\":\"2024-05-13T16:30:15+00:00\",\"mainEntityOfPage\":{\"@id\":\"https:\\\/\\\/diarieducacio.cat\\\/grao\\\/2015\\\/01\\\/19\\\/humor-que-vols-ser-de-gran\\\/\"},\"wordCount\":15,\"commentCount\":0,\"image\":{\"@id\":\"https:\\\/\\\/diarieducacio.cat\\\/grao\\\/2015\\\/01\\\/19\\\/humor-que-vols-ser-de-gran\\\/#primaryimage\"},\"thumbnailUrl\":\"https:\\\/\\\/diarieducacio.cat\\\/grao\\\/wp-content\\\/uploads\\\/sites\\\/31\\\/2014\\\/12\\\/felic.jpg\",\"keywords\":[\"creixement hum\u00e0\",\"identitat\",\"inf\u00e0ncia\",\"Interpretacions\"],\"articleSection\":[\"Desenvolupament Personal\",\"Evoluci\u00f3 i Maduraci\u00f3\",\"Fam\u00edlia i educaci\u00f3\",\"Reflexi\u00f3\"],\"inLanguage\":\"ca\",\"potentialAction\":[{\"@type\":\"CommentAction\",\"name\":\"Comment\",\"target\":[\"https:\\\/\\\/diarieducacio.cat\\\/grao\\\/2015\\\/01\\\/19\\\/humor-que-vols-ser-de-gran\\\/#respond\"]}]},{\"@type\":\"WebPage\",\"@id\":\"https:\\\/\\\/diarieducacio.cat\\\/grao\\\/2015\\\/01\\\/19\\\/humor-que-vols-ser-de-gran\\\/\",\"url\":\"https:\\\/\\\/diarieducacio.cat\\\/grao\\\/2015\\\/01\\\/19\\\/humor-que-vols-ser-de-gran\\\/\",\"name\":\"HUMOR: Qu\u00e8 vols ser de gran? - L'escola gra\u00f3 a gra\u00f3\",\"isPartOf\":{\"@id\":\"https:\\\/\\\/diarieducacio.cat\\\/grao\\\/#website\"},\"primaryImageOfPage\":{\"@id\":\"https:\\\/\\\/diarieducacio.cat\\\/grao\\\/2015\\\/01\\\/19\\\/humor-que-vols-ser-de-gran\\\/#primaryimage\"},\"image\":{\"@id\":\"https:\\\/\\\/diarieducacio.cat\\\/grao\\\/2015\\\/01\\\/19\\\/humor-que-vols-ser-de-gran\\\/#primaryimage\"},\"thumbnailUrl\":\"https:\\\/\\\/diarieducacio.cat\\\/grao\\\/wp-content\\\/uploads\\\/sites\\\/31\\\/2014\\\/12\\\/felic.jpg\",\"datePublished\":\"2015-01-19T08:07:39+00:00\",\"dateModified\":\"2024-05-13T16:30:15+00:00\",\"author\":{\"@id\":\"https:\\\/\\\/diarieducacio.cat\\\/grao\\\/#\\\/schema\\\/person\\\/48c132245e3ad272404be6d6a33fab46\"},\"breadcrumb\":{\"@id\":\"https:\\\/\\\/diarieducacio.cat\\\/grao\\\/2015\\\/01\\\/19\\\/humor-que-vols-ser-de-gran\\\/#breadcrumb\"},\"inLanguage\":\"ca\",\"potentialAction\":[{\"@type\":\"ReadAction\",\"target\":[\"https:\\\/\\\/diarieducacio.cat\\\/grao\\\/2015\\\/01\\\/19\\\/humor-que-vols-ser-de-gran\\\/\"]}]},{\"@type\":\"ImageObject\",\"inLanguage\":\"ca\",\"@id\":\"https:\\\/\\\/diarieducacio.cat\\\/grao\\\/2015\\\/01\\\/19\\\/humor-que-vols-ser-de-gran\\\/#primaryimage\",\"url\":\"https:\\\/\\\/diarieducacio.cat\\\/grao\\\/wp-content\\\/uploads\\\/sites\\\/31\\\/2014\\\/12\\\/felic.jpg\",\"contentUrl\":\"https:\\\/\\\/diarieducacio.cat\\\/grao\\\/wp-content\\\/uploads\\\/sites\\\/31\\\/2014\\\/12\\\/felic.jpg\",\"width\":668,\"height\":788},{\"@type\":\"BreadcrumbList\",\"@id\":\"https:\\\/\\\/diarieducacio.cat\\\/grao\\\/2015\\\/01\\\/19\\\/humor-que-vols-ser-de-gran\\\/#breadcrumb\",\"itemListElement\":[{\"@type\":\"ListItem\",\"position\":1,\"name\":\"Inici\",\"item\":\"https:\\\/\\\/diarieducacio.cat\\\/grao\\\/\"},{\"@type\":\"ListItem\",\"position\":2,\"name\":\"HUMOR: Qu\u00e8 vols ser de gran?\"}]},{\"@type\":\"WebSite\",\"@id\":\"https:\\\/\\\/diarieducacio.cat\\\/grao\\\/#website\",\"url\":\"https:\\\/\\\/diarieducacio.cat\\\/grao\\\/\",\"name\":\"L'escola gra\u00f3 a gra\u00f3\",\"description\":\"Un blog de El Diari de l&#039;Educaci\u00f3\",\"potentialAction\":[{\"@type\":\"SearchAction\",\"target\":{\"@type\":\"EntryPoint\",\"urlTemplate\":\"https:\\\/\\\/diarieducacio.cat\\\/grao\\\/?s={search_term_string}\"},\"query-input\":{\"@type\":\"PropertyValueSpecification\",\"valueRequired\":true,\"valueName\":\"search_term_string\"}}],\"inLanguage\":\"ca\"},{\"@type\":\"Person\",\"@id\":\"https:\\\/\\\/diarieducacio.cat\\\/grao\\\/#\\\/schema\\\/person\\\/48c132245e3ad272404be6d6a33fab46\",\"name\":\"FRATO (Francesco Tonucci)\",\"image\":{\"@type\":\"ImageObject\",\"inLanguage\":\"ca\",\"@id\":\"https:\\\/\\\/secure.gravatar.com\\\/avatar\\\/87ffea8edf60b043fee3cb1167bf4711572703d848fe06e48d9fe94e8c134657?s=96&d=mm&r=g\",\"url\":\"https:\\\/\\\/secure.gravatar.com\\\/avatar\\\/87ffea8edf60b043fee3cb1167bf4711572703d848fe06e48d9fe94e8c134657?s=96&d=mm&r=g\",\"contentUrl\":\"https:\\\/\\\/secure.gravatar.com\\\/avatar\\\/87ffea8edf60b043fee3cb1167bf4711572703d848fe06e48d9fe94e8c134657?s=96&d=mm&r=g\",\"caption\":\"FRATO (Francesco Tonucci)\"},\"url\":\"https:\\\/\\\/diarieducacio.cat\\\/grao\\\/author\\\/frato\\\/\"}]}<\/script>\n<!-- \/ Yoast SEO plugin. -->","yoast_head_json":{"title":"HUMOR: Qu\u00e8 vols ser de gran? - L'escola gra\u00f3 a gra\u00f3","robots":{"index":"index","follow":"follow","max-snippet":"max-snippet:-1","max-image-preview":"max-image-preview:large","max-video-preview":"max-video-preview:-1"},"canonical":"https:\/\/diarieducacio.cat\/grao\/2015\/01\/19\/humor-que-vols-ser-de-gran\/","og_locale":"ca_ES","og_type":"article","og_title":"HUMOR: Qu\u00e8 vols ser de gran? - L'escola gra\u00f3 a gra\u00f3","og_description":"FONT:\u00a0Revista GUIX D&#8217;INFANTIL n.65. Identitat.\u00a0Clic aqu\u00ed.","og_url":"https:\/\/diarieducacio.cat\/grao\/2015\/01\/19\/humor-que-vols-ser-de-gran\/","og_site_name":"L'escola gra\u00f3 a gra\u00f3","article_published_time":"2015-01-19T08:07:39+00:00","article_modified_time":"2024-05-13T16:30:15+00:00","og_image":[{"width":668,"height":788,"url":"https:\/\/diarieducacio.cat\/grao\/wp-content\/uploads\/sites\/31\/2014\/12\/felic.jpg","type":"image\/jpeg"}],"author":"FRATO (Francesco Tonucci)","twitter_card":"summary_large_image","twitter_misc":{"Escrit per":"FRATO (Francesco Tonucci)"},"schema":{"@context":"https:\/\/schema.org","@graph":[{"@type":"Article","@id":"https:\/\/diarieducacio.cat\/grao\/2015\/01\/19\/humor-que-vols-ser-de-gran\/#article","isPartOf":{"@id":"https:\/\/diarieducacio.cat\/grao\/2015\/01\/19\/humor-que-vols-ser-de-gran\/"},"author":{"name":"FRATO (Francesco Tonucci)","@id":"https:\/\/diarieducacio.cat\/grao\/#\/schema\/person\/48c132245e3ad272404be6d6a33fab46"},"headline":"HUMOR: Qu\u00e8 vols ser de gran?","datePublished":"2015-01-19T08:07:39+00:00","dateModified":"2024-05-13T16:30:15+00:00","mainEntityOfPage":{"@id":"https:\/\/diarieducacio.cat\/grao\/2015\/01\/19\/humor-que-vols-ser-de-gran\/"},"wordCount":15,"commentCount":0,"image":{"@id":"https:\/\/diarieducacio.cat\/grao\/2015\/01\/19\/humor-que-vols-ser-de-gran\/#primaryimage"},"thumbnailUrl":"https:\/\/diarieducacio.cat\/grao\/wp-content\/uploads\/sites\/31\/2014\/12\/felic.jpg","keywords":["creixement hum\u00e0","identitat","inf\u00e0ncia","Interpretacions"],"articleSection":["Desenvolupament Personal","Evoluci\u00f3 i Maduraci\u00f3","Fam\u00edlia i educaci\u00f3","Reflexi\u00f3"],"inLanguage":"ca","potentialAction":[{"@type":"CommentAction","name":"Comment","target":["https:\/\/diarieducacio.cat\/grao\/2015\/01\/19\/humor-que-vols-ser-de-gran\/#respond"]}]},{"@type":"WebPage","@id":"https:\/\/diarieducacio.cat\/grao\/2015\/01\/19\/humor-que-vols-ser-de-gran\/","url":"https:\/\/diarieducacio.cat\/grao\/2015\/01\/19\/humor-que-vols-ser-de-gran\/","name":"HUMOR: Qu\u00e8 vols ser de gran? - L'escola gra\u00f3 a gra\u00f3","isPartOf":{"@id":"https:\/\/diarieducacio.cat\/grao\/#website"},"primaryImageOfPage":{"@id":"https:\/\/diarieducacio.cat\/grao\/2015\/01\/19\/humor-que-vols-ser-de-gran\/#primaryimage"},"image":{"@id":"https:\/\/diarieducacio.cat\/grao\/2015\/01\/19\/humor-que-vols-ser-de-gran\/#primaryimage"},"thumbnailUrl":"https:\/\/diarieducacio.cat\/grao\/wp-content\/uploads\/sites\/31\/2014\/12\/felic.jpg","datePublished":"2015-01-19T08:07:39+00:00","dateModified":"2024-05-13T16:30:15+00:00","author":{"@id":"https:\/\/diarieducacio.cat\/grao\/#\/schema\/person\/48c132245e3ad272404be6d6a33fab46"},"breadcrumb":{"@id":"https:\/\/diarieducacio.cat\/grao\/2015\/01\/19\/humor-que-vols-ser-de-gran\/#breadcrumb"},"inLanguage":"ca","potentialAction":[{"@type":"ReadAction","target":["https:\/\/diarieducacio.cat\/grao\/2015\/01\/19\/humor-que-vols-ser-de-gran\/"]}]},{"@type":"ImageObject","inLanguage":"ca","@id":"https:\/\/diarieducacio.cat\/grao\/2015\/01\/19\/humor-que-vols-ser-de-gran\/#primaryimage","url":"https:\/\/diarieducacio.cat\/grao\/wp-content\/uploads\/sites\/31\/2014\/12\/felic.jpg","contentUrl":"https:\/\/diarieducacio.cat\/grao\/wp-content\/uploads\/sites\/31\/2014\/12\/felic.jpg","width":668,"height":788},{"@type":"BreadcrumbList","@id":"https:\/\/diarieducacio.cat\/grao\/2015\/01\/19\/humor-que-vols-ser-de-gran\/#breadcrumb","itemListElement":[{"@type":"ListItem","position":1,"name":"Inici","item":"https:\/\/diarieducacio.cat\/grao\/"},{"@type":"ListItem","position":2,"name":"HUMOR: Qu\u00e8 vols ser de gran?"}]},{"@type":"WebSite","@id":"https:\/\/diarieducacio.cat\/grao\/#website","url":"https:\/\/diarieducacio.cat\/grao\/","name":"L'escola gra\u00f3 a gra\u00f3","description":"Un blog de El Diari de l&#039;Educaci\u00f3","potentialAction":[{"@type":"SearchAction","target":{"@type":"EntryPoint","urlTemplate":"https:\/\/diarieducacio.cat\/grao\/?s={search_term_string}"},"query-input":{"@type":"PropertyValueSpecification","valueRequired":true,"valueName":"search_term_string"}}],"inLanguage":"ca"},{"@type":"Person","@id":"https:\/\/diarieducacio.cat\/grao\/#\/schema\/person\/48c132245e3ad272404be6d6a33fab46","name":"FRATO (Francesco Tonucci)","image":{"@type":"ImageObject","inLanguage":"ca","@id":"https:\/\/secure.gravatar.com\/avatar\/87ffea8edf60b043fee3cb1167bf4711572703d848fe06e48d9fe94e8c134657?s=96&d=mm&r=g","url":"https:\/\/secure.gravatar.com\/avatar\/87ffea8edf60b043fee3cb1167bf4711572703d848fe06e48d9fe94e8c134657?s=96&d=mm&r=g","contentUrl":"https:\/\/secure.gravatar.com\/avatar\/87ffea8edf60b043fee3cb1167bf4711572703d848fe06e48d9fe94e8c134657?s=96&d=mm&r=g","caption":"FRATO (Francesco Tonucci)"},"url":"https:\/\/diarieducacio.cat\/grao\/author\/frato\/"}]}},"_links":{"self":[{"href":"https:\/\/diarieducacio.cat\/grao\/wp-json\/wp\/v2\/posts\/1829","targetHints":{"allow":["GET"]}}],"collection":[{"href":"https:\/\/diarieducacio.cat\/grao\/wp-json\/wp\/v2\/posts"}],"about":[{"href":"https:\/\/diarieducacio.cat\/grao\/wp-json\/wp\/v2\/types\/post"}],"author":[{"embeddable":true,"href":"https:\/\/diarieducacio.cat\/grao\/wp-json\/wp\/v2\/users\/534"}],"replies":[{"embeddable":true,"href":"https:\/\/diarieducacio.cat\/grao\/wp-json\/wp\/v2\/comments?post=1829"}],"version-history":[{"count":1,"href":"https:\/\/diarieducacio.cat\/grao\/wp-json\/wp\/v2\/posts\/1829\/revisions"}],"predecessor-version":[{"id":6197,"href":"https:\/\/diarieducacio.cat\/grao\/wp-json\/wp\/v2\/posts\/1829\/revisions\/6197"}],"wp:featuredmedia":[{"embeddable":true,"href":"https:\/\/diarieducacio.cat\/grao\/wp-json\/wp\/v2\/media\/676"}],"wp:attachment":[{"href":"https:\/\/diarieducacio.cat\/grao\/wp-json\/wp\/v2\/media?parent=1829"}],"wp:term":[{"taxonomy":"category","embeddable":true,"href":"https:\/\/diarieducacio.cat\/grao\/wp-json\/wp\/v2\/categories?post=1829"},{"taxonomy":"post_tag","embeddable":true,"href":"https:\/\/diarieducacio.cat\/grao\/wp-json\/wp\/v2\/tags?post=1829"},{"taxonomy":"tipo","embeddable":true,"href":"https:\/\/diarieducacio.cat\/grao\/wp-json\/wp\/v2\/tipo?post=1829"}],"curies":[{"name":"wp","href":"https:\/\/api.w.org\/{rel}","templated":true}]}}