{"id":1835,"date":"2016-11-17T13:29:30","date_gmt":"2016-11-17T13:29:30","guid":{"rendered":"https:\/\/diarieducacio.cat\/grao\/?p=1504"},"modified":"2024-05-13T18:30:24","modified_gmt":"2024-05-13T16:30:24","slug":"filosofem-el-conec-pel-seu-riure","status":"publish","type":"post","link":"https:\/\/diarieducacio.cat\/grao\/2016\/11\/17\/filosofem-el-conec-pel-seu-riure\/","title":{"rendered":"Filosofem: &#8220;El conec pel seu riure&#8221;"},"content":{"rendered":"<p>A cicle inicial, dins de l\u2019espai de filosofia, sempre que la lectura ens hi porti, hi solem plantejar jocs que ens permeten dinamitzar la classe i ens duen a fer una reflexi\u00f3. Alguns dels jocs s\u00f3n tradicionals i uns altres s\u00f3n activitats l\u00fadiques que permeten obrir un di\u00e0leg. En un grup molt novell, despr\u00e9s de descobrir que, <strong>a part de la vista<\/strong>, tots els sentits ens aporten informaci\u00f3, juguem a la gallineta cega.<\/p>\n<blockquote><p><a href=\"https:\/\/nostalgic-ishizaka.82-223-1-47.plesk.page\/grao\/wp-content\/uploads\/sites\/31\/2016\/10\/GU42814.jpg\"><\/a>Tapem els ulls d\u2019un nen i, tal com s\u2019espera, la &#8220;gallineta&#8221; ha d\u2019atrapar un company o una companya per poder-lo identificar sense veure\u2019l. En Pere, el nen dels ulls tapats, es topa amb un altre nen i li toca el cap. Durant una estona, no diu res. La mestra l\u2019ajuda:<\/p>\n<p>\u2014\u00c9s un nen o una nena?<\/p>\n<p>\u2014\u00c9s un nen \u2013contesta segur en Pere.<\/p>\n<p>\u2014Com ho saps? \u2013li pregunta la mestra.<\/p>\n<p>\u2014Perqu\u00e8 t\u00e9 els cabells curts.<\/p>\n<p>\u2014Tots els nens tenen els cabells curts? \u2013li torna a demanar la mestra.<\/p>\n<p><em>(Silenci.) <\/em><\/p>\n<p>\u2014Nom\u00e9s els nens tenen els cabells curts? \u2013el segueix ajudant la mestra, tot intentant desfer prejudicis possibles.<\/p>\n<p><em>(Un altre silenci.)<\/em><\/p>\n<p>\u2014No \u2013respon segur en Pere\u2013, per\u00f2 aquest \u00e9s un nen i es diu Elies! El conec pel seu riure.<\/p>\n<p>Es desf\u00e0 de l\u2019antifa\u00e7 i veu que, efectivament, es tracta de l\u2019Elies. L\u2019Elies pren l\u2019antifa\u00e7, se\u2019l posa i segueix el joc<\/p><\/blockquote>\n<p><strong>Reconduint pensaments<\/strong><\/p>\n<p>Ens quedem en aquesta seq\u00fc\u00e8ncia breu i, especialment, amb la resposta final, que la podem analitzar en dues parts.\u00a0La primera quan, gr\u00e0cies a la mestra, en Pere s\u2019adona que alguns nens porten els cabells llargs i que tenir els cabells curts no \u00e9s exclusiu dels nens. Per aix\u00f2 respon les dues preguntes negativament i alhora.\u00a0A la segona part de la resposta, es referma que es tracta d\u2019un nen concret que es diu Elies. Ens en d\u00f3na una ra\u00f3 contundent: &#8220;El conec pel seu riure&#8221;. De fet, ha dit que era un nen perqu\u00e8 ja sabia que era l\u2019Elies.<\/p>\n<p>\u00a1Que b\u00e9 que es pugui identificar alg\u00fa pel seu riure! El so d\u2019una veu, la peculiaritat d\u2019una rialla \u00e9s una forma de con\u00e8ixer els altres, d\u2019acostar-s\u2019hi, m\u00e9s enll\u00e0 de la vista.<\/p>\n<p><strong>La vista sovint s\u2019imposa, per\u00f2, si usem i desvetllem els altres sentits, ens donem l\u2019oportunitat de descobrir vies noves de coneixement.\u00a0<\/strong>Els sentits ens ajuden a descobrir perspectives diferents, en aquest cas, un simple joc ens obre un m\u00f3n que, en l\u2019exemple d\u2019en Pere, ha passat per l\u2019o\u00efda, per\u00f2 podia haver passat tamb\u00e9 per l\u2019olfacte o pel tacte.<\/p>\n<p><strong>Font:<\/strong> Resvista Guix n.428 (Octubre 2016). Clic <span style=\"color: #0000ff\"><strong><a style=\"color: #0000ff\" href=\"http:\/\/www.grao.com\/revistes\/guix\/428-escriptura-i-grafisme\/innovacio\" target=\"_blank\" rel=\"noopener\">aqu\u00ed<\/a><\/strong><\/span>.<\/p>\n","protected":false},"excerpt":{"rendered":"<p>Que b\u00e9 que es pugui identificar alg\u00fa pel seu riure! El so d\u2019una veu o la peculiaritat d\u2019una rialla \u00e9s una forma de con\u00e8ixer els altres, d\u2019acostar-s\u2019hi, m\u00e9s enll\u00e0 de la vista.<\/p>\n","protected":false},"author":562,"featured_media":1843,"comment_status":"open","ping_status":"open","sticky":false,"template":"","format":"standard","meta":{"footnotes":""},"categories":[270,103,173,143,284,155,115],"tags":[97,111,165,144,147],"tipo":[],"class_list":{"0":"post-1835","1":"post","2":"type-post","3":"status-publish","4":"format-standard","5":"has-post-thumbnail","7":"category-creativitat","8":"category-educacio-afectiva-emocional","9":"category-educacio-per-a-la-convivencia","10":"category-filosofia-de-leducacio","11":"category-finalitats-de-leducacio","12":"category-funcio-social-de-lensenyament","13":"category-reflexio","14":"tag-grao","15":"tag-identitat","16":"tag-infancia","17":"tag-interpretacions","18":"tag-visio-del-mon"},"yoast_head":"<!-- This site is optimized with the Yoast SEO plugin v27.5 - https:\/\/yoast.com\/product\/yoast-seo-wordpress\/ -->\n<title>Filosofem: &quot;El conec pel seu riure&quot; - L&#039;escola gra\u00f3 a gra\u00f3<\/title>\n<meta name=\"robots\" content=\"index, follow, max-snippet:-1, max-image-preview:large, max-video-preview:-1\" \/>\n<link rel=\"canonical\" href=\"https:\/\/diarieducacio.cat\/grao\/2016\/11\/17\/filosofem-el-conec-pel-seu-riure\/\" \/>\n<meta property=\"og:locale\" content=\"ca_ES\" \/>\n<meta property=\"og:type\" content=\"article\" \/>\n<meta property=\"og:title\" content=\"Filosofem: &quot;El conec pel seu riure&quot; - L&#039;escola gra\u00f3 a gra\u00f3\" \/>\n<meta property=\"og:description\" content=\"Que b\u00e9 que es pugui identificar alg\u00fa pel seu riure! El so d\u2019una veu o la peculiaritat d\u2019una rialla \u00e9s una forma de con\u00e8ixer els altres, d\u2019acostar-s\u2019hi, m\u00e9s enll\u00e0 de la vista.\" \/>\n<meta property=\"og:url\" content=\"https:\/\/diarieducacio.cat\/grao\/2016\/11\/17\/filosofem-el-conec-pel-seu-riure\/\" \/>\n<meta property=\"og:site_name\" content=\"L&#039;escola gra\u00f3 a gra\u00f3\" \/>\n<meta property=\"article:published_time\" content=\"2016-11-17T13:29:30+00:00\" \/>\n<meta property=\"article:modified_time\" content=\"2024-05-13T16:30:24+00:00\" \/>\n<meta property=\"og:image\" content=\"https:\/\/diarieducacio.cat\/grao\/wp-content\/uploads\/sites\/31\/2016\/10\/GU42814.jpg\" \/>\n\t<meta property=\"og:image:width\" content=\"263\" \/>\n\t<meta property=\"og:image:height\" content=\"175\" \/>\n\t<meta property=\"og:image:type\" content=\"image\/jpeg\" \/>\n<meta name=\"author\" content=\"Grup IREF\" \/>\n<meta name=\"twitter:card\" content=\"summary_large_image\" \/>\n<meta name=\"twitter:label1\" content=\"Escrit per\" \/>\n\t<meta name=\"twitter:data1\" content=\"Grup IREF\" \/>\n\t<meta name=\"twitter:label2\" content=\"Temps estimat de lectura\" \/>\n\t<meta name=\"twitter:data2\" content=\"2 minuts\" \/>\n<script type=\"application\/ld+json\" class=\"yoast-schema-graph\">{\"@context\":\"https:\\\/\\\/schema.org\",\"@graph\":[{\"@type\":\"Article\",\"@id\":\"https:\\\/\\\/diarieducacio.cat\\\/grao\\\/2016\\\/11\\\/17\\\/filosofem-el-conec-pel-seu-riure\\\/#article\",\"isPartOf\":{\"@id\":\"https:\\\/\\\/diarieducacio.cat\\\/grao\\\/2016\\\/11\\\/17\\\/filosofem-el-conec-pel-seu-riure\\\/\"},\"author\":{\"name\":\"Grup IREF\",\"@id\":\"https:\\\/\\\/diarieducacio.cat\\\/grao\\\/#\\\/schema\\\/person\\\/1c766a315bda253c1f06418dd2f1eced\"},\"headline\":\"Filosofem: &#8220;El conec pel seu riure&#8221;\",\"datePublished\":\"2016-11-17T13:29:30+00:00\",\"dateModified\":\"2024-05-13T16:30:24+00:00\",\"mainEntityOfPage\":{\"@id\":\"https:\\\/\\\/diarieducacio.cat\\\/grao\\\/2016\\\/11\\\/17\\\/filosofem-el-conec-pel-seu-riure\\\/\"},\"wordCount\":463,\"commentCount\":0,\"image\":{\"@id\":\"https:\\\/\\\/diarieducacio.cat\\\/grao\\\/2016\\\/11\\\/17\\\/filosofem-el-conec-pel-seu-riure\\\/#primaryimage\"},\"thumbnailUrl\":\"https:\\\/\\\/diarieducacio.cat\\\/grao\\\/wp-content\\\/uploads\\\/sites\\\/31\\\/2016\\\/10\\\/GU42814.jpg\",\"keywords\":[\"Gra\u00f3\",\"identitat\",\"inf\u00e0ncia\",\"Interpretacions\",\"visi\u00f3 del m\u00f3n\"],\"articleSection\":[\"Creativitat\",\"Educaci\u00f3 afectiva emocional\",\"Educaci\u00f3 per a la conviv\u00e8ncia\",\"Filosofia de l'educaci\u00f3\",\"Finalitats de l'educaci\u00f3\",\"Funci\u00f3 social de l'ensenyament\",\"Reflexi\u00f3\"],\"inLanguage\":\"ca\",\"potentialAction\":[{\"@type\":\"CommentAction\",\"name\":\"Comment\",\"target\":[\"https:\\\/\\\/diarieducacio.cat\\\/grao\\\/2016\\\/11\\\/17\\\/filosofem-el-conec-pel-seu-riure\\\/#respond\"]}]},{\"@type\":\"WebPage\",\"@id\":\"https:\\\/\\\/diarieducacio.cat\\\/grao\\\/2016\\\/11\\\/17\\\/filosofem-el-conec-pel-seu-riure\\\/\",\"url\":\"https:\\\/\\\/diarieducacio.cat\\\/grao\\\/2016\\\/11\\\/17\\\/filosofem-el-conec-pel-seu-riure\\\/\",\"name\":\"Filosofem: \\\"El conec pel seu riure\\\" - L'escola gra\u00f3 a gra\u00f3\",\"isPartOf\":{\"@id\":\"https:\\\/\\\/diarieducacio.cat\\\/grao\\\/#website\"},\"primaryImageOfPage\":{\"@id\":\"https:\\\/\\\/diarieducacio.cat\\\/grao\\\/2016\\\/11\\\/17\\\/filosofem-el-conec-pel-seu-riure\\\/#primaryimage\"},\"image\":{\"@id\":\"https:\\\/\\\/diarieducacio.cat\\\/grao\\\/2016\\\/11\\\/17\\\/filosofem-el-conec-pel-seu-riure\\\/#primaryimage\"},\"thumbnailUrl\":\"https:\\\/\\\/diarieducacio.cat\\\/grao\\\/wp-content\\\/uploads\\\/sites\\\/31\\\/2016\\\/10\\\/GU42814.jpg\",\"datePublished\":\"2016-11-17T13:29:30+00:00\",\"dateModified\":\"2024-05-13T16:30:24+00:00\",\"author\":{\"@id\":\"https:\\\/\\\/diarieducacio.cat\\\/grao\\\/#\\\/schema\\\/person\\\/1c766a315bda253c1f06418dd2f1eced\"},\"breadcrumb\":{\"@id\":\"https:\\\/\\\/diarieducacio.cat\\\/grao\\\/2016\\\/11\\\/17\\\/filosofem-el-conec-pel-seu-riure\\\/#breadcrumb\"},\"inLanguage\":\"ca\",\"potentialAction\":[{\"@type\":\"ReadAction\",\"target\":[\"https:\\\/\\\/diarieducacio.cat\\\/grao\\\/2016\\\/11\\\/17\\\/filosofem-el-conec-pel-seu-riure\\\/\"]}]},{\"@type\":\"ImageObject\",\"inLanguage\":\"ca\",\"@id\":\"https:\\\/\\\/diarieducacio.cat\\\/grao\\\/2016\\\/11\\\/17\\\/filosofem-el-conec-pel-seu-riure\\\/#primaryimage\",\"url\":\"https:\\\/\\\/diarieducacio.cat\\\/grao\\\/wp-content\\\/uploads\\\/sites\\\/31\\\/2016\\\/10\\\/GU42814.jpg\",\"contentUrl\":\"https:\\\/\\\/diarieducacio.cat\\\/grao\\\/wp-content\\\/uploads\\\/sites\\\/31\\\/2016\\\/10\\\/GU42814.jpg\",\"width\":263,\"height\":175},{\"@type\":\"BreadcrumbList\",\"@id\":\"https:\\\/\\\/diarieducacio.cat\\\/grao\\\/2016\\\/11\\\/17\\\/filosofem-el-conec-pel-seu-riure\\\/#breadcrumb\",\"itemListElement\":[{\"@type\":\"ListItem\",\"position\":1,\"name\":\"Inici\",\"item\":\"https:\\\/\\\/diarieducacio.cat\\\/grao\\\/\"},{\"@type\":\"ListItem\",\"position\":2,\"name\":\"Filosofem: &#8220;El conec pel seu riure&#8221;\"}]},{\"@type\":\"WebSite\",\"@id\":\"https:\\\/\\\/diarieducacio.cat\\\/grao\\\/#website\",\"url\":\"https:\\\/\\\/diarieducacio.cat\\\/grao\\\/\",\"name\":\"L'escola gra\u00f3 a gra\u00f3\",\"description\":\"Un blog de El Diari de l&#039;Educaci\u00f3\",\"potentialAction\":[{\"@type\":\"SearchAction\",\"target\":{\"@type\":\"EntryPoint\",\"urlTemplate\":\"https:\\\/\\\/diarieducacio.cat\\\/grao\\\/?s={search_term_string}\"},\"query-input\":{\"@type\":\"PropertyValueSpecification\",\"valueRequired\":true,\"valueName\":\"search_term_string\"}}],\"inLanguage\":\"ca\"},{\"@type\":\"Person\",\"@id\":\"https:\\\/\\\/diarieducacio.cat\\\/grao\\\/#\\\/schema\\\/person\\\/1c766a315bda253c1f06418dd2f1eced\",\"name\":\"Grup IREF\",\"image\":{\"@type\":\"ImageObject\",\"inLanguage\":\"ca\",\"@id\":\"https:\\\/\\\/secure.gravatar.com\\\/avatar\\\/7ba38a529dc4d91c137ca45f0fb4e050c4ca910a95c857b4c6a93f17a9c8a5c6?s=96&d=mm&r=g\",\"url\":\"https:\\\/\\\/secure.gravatar.com\\\/avatar\\\/7ba38a529dc4d91c137ca45f0fb4e050c4ca910a95c857b4c6a93f17a9c8a5c6?s=96&d=mm&r=g\",\"contentUrl\":\"https:\\\/\\\/secure.gravatar.com\\\/avatar\\\/7ba38a529dc4d91c137ca45f0fb4e050c4ca910a95c857b4c6a93f17a9c8a5c6?s=96&d=mm&r=g\",\"caption\":\"Grup IREF\"},\"url\":\"https:\\\/\\\/diarieducacio.cat\\\/grao\\\/author\\\/giref\\\/\"}]}<\/script>\n<!-- \/ Yoast SEO plugin. -->","yoast_head_json":{"title":"Filosofem: \"El conec pel seu riure\" - L'escola gra\u00f3 a gra\u00f3","robots":{"index":"index","follow":"follow","max-snippet":"max-snippet:-1","max-image-preview":"max-image-preview:large","max-video-preview":"max-video-preview:-1"},"canonical":"https:\/\/diarieducacio.cat\/grao\/2016\/11\/17\/filosofem-el-conec-pel-seu-riure\/","og_locale":"ca_ES","og_type":"article","og_title":"Filosofem: \"El conec pel seu riure\" - L'escola gra\u00f3 a gra\u00f3","og_description":"Que b\u00e9 que es pugui identificar alg\u00fa pel seu riure! El so d\u2019una veu o la peculiaritat d\u2019una rialla \u00e9s una forma de con\u00e8ixer els altres, d\u2019acostar-s\u2019hi, m\u00e9s enll\u00e0 de la vista.","og_url":"https:\/\/diarieducacio.cat\/grao\/2016\/11\/17\/filosofem-el-conec-pel-seu-riure\/","og_site_name":"L'escola gra\u00f3 a gra\u00f3","article_published_time":"2016-11-17T13:29:30+00:00","article_modified_time":"2024-05-13T16:30:24+00:00","og_image":[{"width":263,"height":175,"url":"https:\/\/diarieducacio.cat\/grao\/wp-content\/uploads\/sites\/31\/2016\/10\/GU42814.jpg","type":"image\/jpeg"}],"author":"Grup IREF","twitter_card":"summary_large_image","twitter_misc":{"Escrit per":"Grup IREF","Temps estimat de lectura":"2 minuts"},"schema":{"@context":"https:\/\/schema.org","@graph":[{"@type":"Article","@id":"https:\/\/diarieducacio.cat\/grao\/2016\/11\/17\/filosofem-el-conec-pel-seu-riure\/#article","isPartOf":{"@id":"https:\/\/diarieducacio.cat\/grao\/2016\/11\/17\/filosofem-el-conec-pel-seu-riure\/"},"author":{"name":"Grup IREF","@id":"https:\/\/diarieducacio.cat\/grao\/#\/schema\/person\/1c766a315bda253c1f06418dd2f1eced"},"headline":"Filosofem: &#8220;El conec pel seu riure&#8221;","datePublished":"2016-11-17T13:29:30+00:00","dateModified":"2024-05-13T16:30:24+00:00","mainEntityOfPage":{"@id":"https:\/\/diarieducacio.cat\/grao\/2016\/11\/17\/filosofem-el-conec-pel-seu-riure\/"},"wordCount":463,"commentCount":0,"image":{"@id":"https:\/\/diarieducacio.cat\/grao\/2016\/11\/17\/filosofem-el-conec-pel-seu-riure\/#primaryimage"},"thumbnailUrl":"https:\/\/diarieducacio.cat\/grao\/wp-content\/uploads\/sites\/31\/2016\/10\/GU42814.jpg","keywords":["Gra\u00f3","identitat","inf\u00e0ncia","Interpretacions","visi\u00f3 del m\u00f3n"],"articleSection":["Creativitat","Educaci\u00f3 afectiva emocional","Educaci\u00f3 per a la conviv\u00e8ncia","Filosofia de l'educaci\u00f3","Finalitats de l'educaci\u00f3","Funci\u00f3 social de l'ensenyament","Reflexi\u00f3"],"inLanguage":"ca","potentialAction":[{"@type":"CommentAction","name":"Comment","target":["https:\/\/diarieducacio.cat\/grao\/2016\/11\/17\/filosofem-el-conec-pel-seu-riure\/#respond"]}]},{"@type":"WebPage","@id":"https:\/\/diarieducacio.cat\/grao\/2016\/11\/17\/filosofem-el-conec-pel-seu-riure\/","url":"https:\/\/diarieducacio.cat\/grao\/2016\/11\/17\/filosofem-el-conec-pel-seu-riure\/","name":"Filosofem: \"El conec pel seu riure\" - L'escola gra\u00f3 a gra\u00f3","isPartOf":{"@id":"https:\/\/diarieducacio.cat\/grao\/#website"},"primaryImageOfPage":{"@id":"https:\/\/diarieducacio.cat\/grao\/2016\/11\/17\/filosofem-el-conec-pel-seu-riure\/#primaryimage"},"image":{"@id":"https:\/\/diarieducacio.cat\/grao\/2016\/11\/17\/filosofem-el-conec-pel-seu-riure\/#primaryimage"},"thumbnailUrl":"https:\/\/diarieducacio.cat\/grao\/wp-content\/uploads\/sites\/31\/2016\/10\/GU42814.jpg","datePublished":"2016-11-17T13:29:30+00:00","dateModified":"2024-05-13T16:30:24+00:00","author":{"@id":"https:\/\/diarieducacio.cat\/grao\/#\/schema\/person\/1c766a315bda253c1f06418dd2f1eced"},"breadcrumb":{"@id":"https:\/\/diarieducacio.cat\/grao\/2016\/11\/17\/filosofem-el-conec-pel-seu-riure\/#breadcrumb"},"inLanguage":"ca","potentialAction":[{"@type":"ReadAction","target":["https:\/\/diarieducacio.cat\/grao\/2016\/11\/17\/filosofem-el-conec-pel-seu-riure\/"]}]},{"@type":"ImageObject","inLanguage":"ca","@id":"https:\/\/diarieducacio.cat\/grao\/2016\/11\/17\/filosofem-el-conec-pel-seu-riure\/#primaryimage","url":"https:\/\/diarieducacio.cat\/grao\/wp-content\/uploads\/sites\/31\/2016\/10\/GU42814.jpg","contentUrl":"https:\/\/diarieducacio.cat\/grao\/wp-content\/uploads\/sites\/31\/2016\/10\/GU42814.jpg","width":263,"height":175},{"@type":"BreadcrumbList","@id":"https:\/\/diarieducacio.cat\/grao\/2016\/11\/17\/filosofem-el-conec-pel-seu-riure\/#breadcrumb","itemListElement":[{"@type":"ListItem","position":1,"name":"Inici","item":"https:\/\/diarieducacio.cat\/grao\/"},{"@type":"ListItem","position":2,"name":"Filosofem: &#8220;El conec pel seu riure&#8221;"}]},{"@type":"WebSite","@id":"https:\/\/diarieducacio.cat\/grao\/#website","url":"https:\/\/diarieducacio.cat\/grao\/","name":"L'escola gra\u00f3 a gra\u00f3","description":"Un blog de El Diari de l&#039;Educaci\u00f3","potentialAction":[{"@type":"SearchAction","target":{"@type":"EntryPoint","urlTemplate":"https:\/\/diarieducacio.cat\/grao\/?s={search_term_string}"},"query-input":{"@type":"PropertyValueSpecification","valueRequired":true,"valueName":"search_term_string"}}],"inLanguage":"ca"},{"@type":"Person","@id":"https:\/\/diarieducacio.cat\/grao\/#\/schema\/person\/1c766a315bda253c1f06418dd2f1eced","name":"Grup IREF","image":{"@type":"ImageObject","inLanguage":"ca","@id":"https:\/\/secure.gravatar.com\/avatar\/7ba38a529dc4d91c137ca45f0fb4e050c4ca910a95c857b4c6a93f17a9c8a5c6?s=96&d=mm&r=g","url":"https:\/\/secure.gravatar.com\/avatar\/7ba38a529dc4d91c137ca45f0fb4e050c4ca910a95c857b4c6a93f17a9c8a5c6?s=96&d=mm&r=g","contentUrl":"https:\/\/secure.gravatar.com\/avatar\/7ba38a529dc4d91c137ca45f0fb4e050c4ca910a95c857b4c6a93f17a9c8a5c6?s=96&d=mm&r=g","caption":"Grup IREF"},"url":"https:\/\/diarieducacio.cat\/grao\/author\/giref\/"}]}},"_links":{"self":[{"href":"https:\/\/diarieducacio.cat\/grao\/wp-json\/wp\/v2\/posts\/1835","targetHints":{"allow":["GET"]}}],"collection":[{"href":"https:\/\/diarieducacio.cat\/grao\/wp-json\/wp\/v2\/posts"}],"about":[{"href":"https:\/\/diarieducacio.cat\/grao\/wp-json\/wp\/v2\/types\/post"}],"author":[{"embeddable":true,"href":"https:\/\/diarieducacio.cat\/grao\/wp-json\/wp\/v2\/users\/562"}],"replies":[{"embeddable":true,"href":"https:\/\/diarieducacio.cat\/grao\/wp-json\/wp\/v2\/comments?post=1835"}],"version-history":[{"count":1,"href":"https:\/\/diarieducacio.cat\/grao\/wp-json\/wp\/v2\/posts\/1835\/revisions"}],"predecessor-version":[{"id":6278,"href":"https:\/\/diarieducacio.cat\/grao\/wp-json\/wp\/v2\/posts\/1835\/revisions\/6278"}],"wp:featuredmedia":[{"embeddable":true,"href":"https:\/\/diarieducacio.cat\/grao\/wp-json\/wp\/v2\/media\/1843"}],"wp:attachment":[{"href":"https:\/\/diarieducacio.cat\/grao\/wp-json\/wp\/v2\/media?parent=1835"}],"wp:term":[{"taxonomy":"category","embeddable":true,"href":"https:\/\/diarieducacio.cat\/grao\/wp-json\/wp\/v2\/categories?post=1835"},{"taxonomy":"post_tag","embeddable":true,"href":"https:\/\/diarieducacio.cat\/grao\/wp-json\/wp\/v2\/tags?post=1835"},{"taxonomy":"tipo","embeddable":true,"href":"https:\/\/diarieducacio.cat\/grao\/wp-json\/wp\/v2\/tipo?post=1835"}],"curies":[{"name":"wp","href":"https:\/\/api.w.org\/{rel}","templated":true}]}}