{"id":1854,"date":"2018-03-12T16:53:20","date_gmt":"2018-03-12T16:53:20","guid":{"rendered":"https:\/\/diarieducacio.cat\/grao\/?p=1792"},"modified":"2024-05-13T18:30:26","modified_gmt":"2024-05-13T16:30:26","slug":"com-podem-fer-filosofia-a-lescola","status":"publish","type":"post","link":"https:\/\/diarieducacio.cat\/grao\/2018\/03\/12\/com-podem-fer-filosofia-a-lescola\/","title":{"rendered":"Com podem fer filosofia a l&#8217;escola?"},"content":{"rendered":"<p>Partim de dos sup\u00f2sits. Un, que els infants i el jovent han d\u2019aprendre a raonar. Dos, que el lloc idoni per fer-ho \u00e9s el centre docent (no nom\u00e9s, \u00e9s clar). Segurament els dos sup\u00f2sits es poden matisar, per\u00f2 no negar de bon comen\u00e7ament. Si \u00e9s aix\u00ed, la q\u00fcesti\u00f3 que es planteja \u00e9s: \u00abCom podem fer-ho?\u00bb. Permeteu-nos que us fem alguns suggeriments:<\/p>\n<p>1. D\u2019entrada, <strong>d\u2019una manera activa<\/strong>, apel\u00b7lant a la seva experi\u00e8ncia personal. En lloc d\u2019usar el substantiu <strong>filosofia<\/strong> usarem el verb <strong>filosofar<\/strong>, a fi de donar a entendre que posem els infants en acci\u00f3, no en estat de contemplaci\u00f3 passiva o de buscar \u00abels tres peus al gat\u00bb, com de vegades pot semblar que fan alguns fil\u00f2sofs.<\/p>\n<p>2. Ajudant els estudiants a fer el salt <strong>del pensament espontani al pensament reflexiu<\/strong>. El primer sovint comporta l\u2019acceptaci\u00f3 passiva dels fets, dels judicis r\u00e0pids i de les afirmacions no justificades. El pensament reflexiu, en canvi, implica autonomia, sentit cr\u00edtic, raonabilitat, i aix\u00f2 nom\u00e9s s\u2019aconsegueix mitjan\u00e7ant el cultiu de certes habilitats:<\/p>\n<ul>\n<li>Objectivitat en l\u2019an\u00e0lisi dels fets (sentit cr\u00edtic).<\/li>\n<li>Presa de consci\u00e8ncia de les pr\u00f2pies opinions i coratge per anunciar-les (autonomia).<\/li>\n<li>Equilibri entre el que \u00e9s racional i el que \u00e9s sensible, entre la l\u00f2gica, la imaginaci\u00f3 i el sentiment (raonabilitat).<\/li>\n<\/ul>\n<p>3. Procurant que funcioni una <strong>comunitat dial\u00f2gica<\/strong>, \u00e9s a dir, que pensin en grup, en col\u00b7lectivitat, que comparteixin idees i opinions, que puguin defensar els propis punts de vista davant d\u2019altres parers. Aquesta exterioritzaci\u00f3 del pensament \u00e9s especialment potent, perqu\u00e8:<\/p>\n<ul>\n<li>Propicia la capacitat de comunicaci\u00f3, de confrontaci\u00f3 pac\u00edfica, d\u2019adonar-se que podem conviure sense tenir les mateixes opinions i que el m\u00f3n \u00e9s plural.<\/li>\n<li>Potencia el pas del pensament col\u00b7lectiu al pensament individual i a la inversa. Es tracta d\u2019una forma \u00abnatural\u00bb de pensar amb contradiccions, amb marrades, amb autocorrecci\u00f3.<\/li>\n<\/ul>\n<p>4. Apuntant a una <strong>educaci\u00f3 hol\u00edstica<\/strong> que t\u00e9 en compte el cap (l\u00f2gica, epistemologia, etc.), per\u00f2 tamb\u00e9 el cor, i per tant les emocions, els sentiments, els desitjos. Perqu\u00e8 quasi totes les nostres accions estan formades per aquestes dues mat\u00e8ries: ra\u00f3 i passi\u00f3. Hi ha molta teoria en certes respostes emocionals i molta emoci\u00f3 o sentiment en certes decisions \u00abracionals\u00bb.<\/p>\n<p>Filosofem?<\/p>\n<p><strong>GRUP IREF<\/strong><\/p>\n","protected":false},"excerpt":{"rendered":"<p>El Grup IREF ens parla de les experi\u00e8ncies que tenen a veure amb les classes de filosofia a les escoles.<\/p>\n","protected":false},"author":562,"featured_media":5987,"comment_status":"open","ping_status":"open","sticky":false,"template":"","format":"standard","meta":{"footnotes":""},"categories":[163,143,115],"tags":[348,349,350],"tipo":[],"class_list":{"0":"post-1854","1":"post","2":"type-post","3":"status-publish","4":"format-standard","5":"has-post-thumbnail","7":"category-estrategies-densenyament-aprenentatge","8":"category-filosofia-de-leducacio","9":"category-reflexio","10":"tag-filosofia-3-18","11":"tag-filosofia-a-lescola","12":"tag-filosofia-per-a-nens"},"yoast_head":"<!-- This site is optimized with the Yoast SEO plugin v27.5 - https:\/\/yoast.com\/product\/yoast-seo-wordpress\/ -->\n<title>Com podem fer filosofia a l&#039;escola? - L&#039;escola gra\u00f3 a gra\u00f3<\/title>\n<meta name=\"robots\" content=\"index, follow, max-snippet:-1, max-image-preview:large, max-video-preview:-1\" \/>\n<link rel=\"canonical\" href=\"https:\/\/diarieducacio.cat\/grao\/2018\/03\/12\/com-podem-fer-filosofia-a-lescola\/\" \/>\n<meta property=\"og:locale\" content=\"ca_ES\" \/>\n<meta property=\"og:type\" content=\"article\" \/>\n<meta property=\"og:title\" content=\"Com podem fer filosofia a l&#039;escola? - L&#039;escola gra\u00f3 a gra\u00f3\" \/>\n<meta property=\"og:description\" content=\"El Grup IREF ens parla de les experi\u00e8ncies que tenen a veure amb les classes de filosofia a les escoles.\" \/>\n<meta property=\"og:url\" content=\"https:\/\/diarieducacio.cat\/grao\/2018\/03\/12\/com-podem-fer-filosofia-a-lescola\/\" \/>\n<meta property=\"og:site_name\" content=\"L&#039;escola gra\u00f3 a gra\u00f3\" \/>\n<meta property=\"article:published_time\" content=\"2018-03-12T16:53:20+00:00\" \/>\n<meta property=\"article:modified_time\" content=\"2024-05-13T16:30:26+00:00\" \/>\n<meta property=\"og:image\" content=\"https:\/\/diarieducacio.cat\/grao\/wp-content\/uploads\/sites\/31\/2018\/01\/FOTO-LIBRO-3-e1515482690485.jpg\" \/>\n\t<meta property=\"og:image:width\" content=\"500\" \/>\n\t<meta property=\"og:image:height\" content=\"500\" \/>\n\t<meta property=\"og:image:type\" content=\"image\/jpeg\" \/>\n<meta name=\"author\" content=\"Grup IREF\" \/>\n<meta name=\"twitter:card\" content=\"summary_large_image\" \/>\n<meta name=\"twitter:label1\" content=\"Escrit per\" \/>\n\t<meta name=\"twitter:data1\" content=\"Grup IREF\" \/>\n\t<meta name=\"twitter:label2\" content=\"Temps estimat de lectura\" \/>\n\t<meta name=\"twitter:data2\" content=\"2 minuts\" \/>\n<script type=\"application\/ld+json\" class=\"yoast-schema-graph\">{\"@context\":\"https:\\\/\\\/schema.org\",\"@graph\":[{\"@type\":\"Article\",\"@id\":\"https:\\\/\\\/diarieducacio.cat\\\/grao\\\/2018\\\/03\\\/12\\\/com-podem-fer-filosofia-a-lescola\\\/#article\",\"isPartOf\":{\"@id\":\"https:\\\/\\\/diarieducacio.cat\\\/grao\\\/2018\\\/03\\\/12\\\/com-podem-fer-filosofia-a-lescola\\\/\"},\"author\":{\"name\":\"Grup IREF\",\"@id\":\"https:\\\/\\\/diarieducacio.cat\\\/grao\\\/#\\\/schema\\\/person\\\/1c766a315bda253c1f06418dd2f1eced\"},\"headline\":\"Com podem fer filosofia a l&#8217;escola?\",\"datePublished\":\"2018-03-12T16:53:20+00:00\",\"dateModified\":\"2024-05-13T16:30:26+00:00\",\"mainEntityOfPage\":{\"@id\":\"https:\\\/\\\/diarieducacio.cat\\\/grao\\\/2018\\\/03\\\/12\\\/com-podem-fer-filosofia-a-lescola\\\/\"},\"wordCount\":397,\"commentCount\":0,\"image\":{\"@id\":\"https:\\\/\\\/diarieducacio.cat\\\/grao\\\/2018\\\/03\\\/12\\\/com-podem-fer-filosofia-a-lescola\\\/#primaryimage\"},\"thumbnailUrl\":\"https:\\\/\\\/diarieducacio.cat\\\/grao\\\/wp-content\\\/uploads\\\/sites\\\/31\\\/2018\\\/01\\\/FOTO-LIBRO-3-e1515482690485.jpg\",\"keywords\":[\"Filosofia 3-18\",\"filosofia a l\u2019escola\",\"filosofia per a nens\"],\"articleSection\":[\"Estrat\u00e8gies d'Ensenyament-Aprenentatge\",\"Filosofia de l'educaci\u00f3\",\"Reflexi\u00f3\"],\"inLanguage\":\"ca\",\"potentialAction\":[{\"@type\":\"CommentAction\",\"name\":\"Comment\",\"target\":[\"https:\\\/\\\/diarieducacio.cat\\\/grao\\\/2018\\\/03\\\/12\\\/com-podem-fer-filosofia-a-lescola\\\/#respond\"]}]},{\"@type\":\"WebPage\",\"@id\":\"https:\\\/\\\/diarieducacio.cat\\\/grao\\\/2018\\\/03\\\/12\\\/com-podem-fer-filosofia-a-lescola\\\/\",\"url\":\"https:\\\/\\\/diarieducacio.cat\\\/grao\\\/2018\\\/03\\\/12\\\/com-podem-fer-filosofia-a-lescola\\\/\",\"name\":\"Com podem fer filosofia a l'escola? - L'escola gra\u00f3 a gra\u00f3\",\"isPartOf\":{\"@id\":\"https:\\\/\\\/diarieducacio.cat\\\/grao\\\/#website\"},\"primaryImageOfPage\":{\"@id\":\"https:\\\/\\\/diarieducacio.cat\\\/grao\\\/2018\\\/03\\\/12\\\/com-podem-fer-filosofia-a-lescola\\\/#primaryimage\"},\"image\":{\"@id\":\"https:\\\/\\\/diarieducacio.cat\\\/grao\\\/2018\\\/03\\\/12\\\/com-podem-fer-filosofia-a-lescola\\\/#primaryimage\"},\"thumbnailUrl\":\"https:\\\/\\\/diarieducacio.cat\\\/grao\\\/wp-content\\\/uploads\\\/sites\\\/31\\\/2018\\\/01\\\/FOTO-LIBRO-3-e1515482690485.jpg\",\"datePublished\":\"2018-03-12T16:53:20+00:00\",\"dateModified\":\"2024-05-13T16:30:26+00:00\",\"author\":{\"@id\":\"https:\\\/\\\/diarieducacio.cat\\\/grao\\\/#\\\/schema\\\/person\\\/1c766a315bda253c1f06418dd2f1eced\"},\"breadcrumb\":{\"@id\":\"https:\\\/\\\/diarieducacio.cat\\\/grao\\\/2018\\\/03\\\/12\\\/com-podem-fer-filosofia-a-lescola\\\/#breadcrumb\"},\"inLanguage\":\"ca\",\"potentialAction\":[{\"@type\":\"ReadAction\",\"target\":[\"https:\\\/\\\/diarieducacio.cat\\\/grao\\\/2018\\\/03\\\/12\\\/com-podem-fer-filosofia-a-lescola\\\/\"]}]},{\"@type\":\"ImageObject\",\"inLanguage\":\"ca\",\"@id\":\"https:\\\/\\\/diarieducacio.cat\\\/grao\\\/2018\\\/03\\\/12\\\/com-podem-fer-filosofia-a-lescola\\\/#primaryimage\",\"url\":\"https:\\\/\\\/diarieducacio.cat\\\/grao\\\/wp-content\\\/uploads\\\/sites\\\/31\\\/2018\\\/01\\\/FOTO-LIBRO-3-e1515482690485.jpg\",\"contentUrl\":\"https:\\\/\\\/diarieducacio.cat\\\/grao\\\/wp-content\\\/uploads\\\/sites\\\/31\\\/2018\\\/01\\\/FOTO-LIBRO-3-e1515482690485.jpg\",\"width\":500,\"height\":500},{\"@type\":\"BreadcrumbList\",\"@id\":\"https:\\\/\\\/diarieducacio.cat\\\/grao\\\/2018\\\/03\\\/12\\\/com-podem-fer-filosofia-a-lescola\\\/#breadcrumb\",\"itemListElement\":[{\"@type\":\"ListItem\",\"position\":1,\"name\":\"Inici\",\"item\":\"https:\\\/\\\/diarieducacio.cat\\\/grao\\\/\"},{\"@type\":\"ListItem\",\"position\":2,\"name\":\"Com podem fer filosofia a l&#8217;escola?\"}]},{\"@type\":\"WebSite\",\"@id\":\"https:\\\/\\\/diarieducacio.cat\\\/grao\\\/#website\",\"url\":\"https:\\\/\\\/diarieducacio.cat\\\/grao\\\/\",\"name\":\"L'escola gra\u00f3 a gra\u00f3\",\"description\":\"Un blog de El Diari de l&#039;Educaci\u00f3\",\"potentialAction\":[{\"@type\":\"SearchAction\",\"target\":{\"@type\":\"EntryPoint\",\"urlTemplate\":\"https:\\\/\\\/diarieducacio.cat\\\/grao\\\/?s={search_term_string}\"},\"query-input\":{\"@type\":\"PropertyValueSpecification\",\"valueRequired\":true,\"valueName\":\"search_term_string\"}}],\"inLanguage\":\"ca\"},{\"@type\":\"Person\",\"@id\":\"https:\\\/\\\/diarieducacio.cat\\\/grao\\\/#\\\/schema\\\/person\\\/1c766a315bda253c1f06418dd2f1eced\",\"name\":\"Grup IREF\",\"image\":{\"@type\":\"ImageObject\",\"inLanguage\":\"ca\",\"@id\":\"https:\\\/\\\/secure.gravatar.com\\\/avatar\\\/7ba38a529dc4d91c137ca45f0fb4e050c4ca910a95c857b4c6a93f17a9c8a5c6?s=96&d=mm&r=g\",\"url\":\"https:\\\/\\\/secure.gravatar.com\\\/avatar\\\/7ba38a529dc4d91c137ca45f0fb4e050c4ca910a95c857b4c6a93f17a9c8a5c6?s=96&d=mm&r=g\",\"contentUrl\":\"https:\\\/\\\/secure.gravatar.com\\\/avatar\\\/7ba38a529dc4d91c137ca45f0fb4e050c4ca910a95c857b4c6a93f17a9c8a5c6?s=96&d=mm&r=g\",\"caption\":\"Grup IREF\"},\"url\":\"https:\\\/\\\/diarieducacio.cat\\\/grao\\\/author\\\/giref\\\/\"}]}<\/script>\n<!-- \/ Yoast SEO plugin. -->","yoast_head_json":{"title":"Com podem fer filosofia a l'escola? - L'escola gra\u00f3 a gra\u00f3","robots":{"index":"index","follow":"follow","max-snippet":"max-snippet:-1","max-image-preview":"max-image-preview:large","max-video-preview":"max-video-preview:-1"},"canonical":"https:\/\/diarieducacio.cat\/grao\/2018\/03\/12\/com-podem-fer-filosofia-a-lescola\/","og_locale":"ca_ES","og_type":"article","og_title":"Com podem fer filosofia a l'escola? - L'escola gra\u00f3 a gra\u00f3","og_description":"El Grup IREF ens parla de les experi\u00e8ncies que tenen a veure amb les classes de filosofia a les escoles.","og_url":"https:\/\/diarieducacio.cat\/grao\/2018\/03\/12\/com-podem-fer-filosofia-a-lescola\/","og_site_name":"L'escola gra\u00f3 a gra\u00f3","article_published_time":"2018-03-12T16:53:20+00:00","article_modified_time":"2024-05-13T16:30:26+00:00","og_image":[{"width":500,"height":500,"url":"https:\/\/diarieducacio.cat\/grao\/wp-content\/uploads\/sites\/31\/2018\/01\/FOTO-LIBRO-3-e1515482690485.jpg","type":"image\/jpeg"}],"author":"Grup IREF","twitter_card":"summary_large_image","twitter_misc":{"Escrit per":"Grup IREF","Temps estimat de lectura":"2 minuts"},"schema":{"@context":"https:\/\/schema.org","@graph":[{"@type":"Article","@id":"https:\/\/diarieducacio.cat\/grao\/2018\/03\/12\/com-podem-fer-filosofia-a-lescola\/#article","isPartOf":{"@id":"https:\/\/diarieducacio.cat\/grao\/2018\/03\/12\/com-podem-fer-filosofia-a-lescola\/"},"author":{"name":"Grup IREF","@id":"https:\/\/diarieducacio.cat\/grao\/#\/schema\/person\/1c766a315bda253c1f06418dd2f1eced"},"headline":"Com podem fer filosofia a l&#8217;escola?","datePublished":"2018-03-12T16:53:20+00:00","dateModified":"2024-05-13T16:30:26+00:00","mainEntityOfPage":{"@id":"https:\/\/diarieducacio.cat\/grao\/2018\/03\/12\/com-podem-fer-filosofia-a-lescola\/"},"wordCount":397,"commentCount":0,"image":{"@id":"https:\/\/diarieducacio.cat\/grao\/2018\/03\/12\/com-podem-fer-filosofia-a-lescola\/#primaryimage"},"thumbnailUrl":"https:\/\/diarieducacio.cat\/grao\/wp-content\/uploads\/sites\/31\/2018\/01\/FOTO-LIBRO-3-e1515482690485.jpg","keywords":["Filosofia 3-18","filosofia a l\u2019escola","filosofia per a nens"],"articleSection":["Estrat\u00e8gies d'Ensenyament-Aprenentatge","Filosofia de l'educaci\u00f3","Reflexi\u00f3"],"inLanguage":"ca","potentialAction":[{"@type":"CommentAction","name":"Comment","target":["https:\/\/diarieducacio.cat\/grao\/2018\/03\/12\/com-podem-fer-filosofia-a-lescola\/#respond"]}]},{"@type":"WebPage","@id":"https:\/\/diarieducacio.cat\/grao\/2018\/03\/12\/com-podem-fer-filosofia-a-lescola\/","url":"https:\/\/diarieducacio.cat\/grao\/2018\/03\/12\/com-podem-fer-filosofia-a-lescola\/","name":"Com podem fer filosofia a l'escola? - L'escola gra\u00f3 a gra\u00f3","isPartOf":{"@id":"https:\/\/diarieducacio.cat\/grao\/#website"},"primaryImageOfPage":{"@id":"https:\/\/diarieducacio.cat\/grao\/2018\/03\/12\/com-podem-fer-filosofia-a-lescola\/#primaryimage"},"image":{"@id":"https:\/\/diarieducacio.cat\/grao\/2018\/03\/12\/com-podem-fer-filosofia-a-lescola\/#primaryimage"},"thumbnailUrl":"https:\/\/diarieducacio.cat\/grao\/wp-content\/uploads\/sites\/31\/2018\/01\/FOTO-LIBRO-3-e1515482690485.jpg","datePublished":"2018-03-12T16:53:20+00:00","dateModified":"2024-05-13T16:30:26+00:00","author":{"@id":"https:\/\/diarieducacio.cat\/grao\/#\/schema\/person\/1c766a315bda253c1f06418dd2f1eced"},"breadcrumb":{"@id":"https:\/\/diarieducacio.cat\/grao\/2018\/03\/12\/com-podem-fer-filosofia-a-lescola\/#breadcrumb"},"inLanguage":"ca","potentialAction":[{"@type":"ReadAction","target":["https:\/\/diarieducacio.cat\/grao\/2018\/03\/12\/com-podem-fer-filosofia-a-lescola\/"]}]},{"@type":"ImageObject","inLanguage":"ca","@id":"https:\/\/diarieducacio.cat\/grao\/2018\/03\/12\/com-podem-fer-filosofia-a-lescola\/#primaryimage","url":"https:\/\/diarieducacio.cat\/grao\/wp-content\/uploads\/sites\/31\/2018\/01\/FOTO-LIBRO-3-e1515482690485.jpg","contentUrl":"https:\/\/diarieducacio.cat\/grao\/wp-content\/uploads\/sites\/31\/2018\/01\/FOTO-LIBRO-3-e1515482690485.jpg","width":500,"height":500},{"@type":"BreadcrumbList","@id":"https:\/\/diarieducacio.cat\/grao\/2018\/03\/12\/com-podem-fer-filosofia-a-lescola\/#breadcrumb","itemListElement":[{"@type":"ListItem","position":1,"name":"Inici","item":"https:\/\/diarieducacio.cat\/grao\/"},{"@type":"ListItem","position":2,"name":"Com podem fer filosofia a l&#8217;escola?"}]},{"@type":"WebSite","@id":"https:\/\/diarieducacio.cat\/grao\/#website","url":"https:\/\/diarieducacio.cat\/grao\/","name":"L'escola gra\u00f3 a gra\u00f3","description":"Un blog de El Diari de l&#039;Educaci\u00f3","potentialAction":[{"@type":"SearchAction","target":{"@type":"EntryPoint","urlTemplate":"https:\/\/diarieducacio.cat\/grao\/?s={search_term_string}"},"query-input":{"@type":"PropertyValueSpecification","valueRequired":true,"valueName":"search_term_string"}}],"inLanguage":"ca"},{"@type":"Person","@id":"https:\/\/diarieducacio.cat\/grao\/#\/schema\/person\/1c766a315bda253c1f06418dd2f1eced","name":"Grup IREF","image":{"@type":"ImageObject","inLanguage":"ca","@id":"https:\/\/secure.gravatar.com\/avatar\/7ba38a529dc4d91c137ca45f0fb4e050c4ca910a95c857b4c6a93f17a9c8a5c6?s=96&d=mm&r=g","url":"https:\/\/secure.gravatar.com\/avatar\/7ba38a529dc4d91c137ca45f0fb4e050c4ca910a95c857b4c6a93f17a9c8a5c6?s=96&d=mm&r=g","contentUrl":"https:\/\/secure.gravatar.com\/avatar\/7ba38a529dc4d91c137ca45f0fb4e050c4ca910a95c857b4c6a93f17a9c8a5c6?s=96&d=mm&r=g","caption":"Grup IREF"},"url":"https:\/\/diarieducacio.cat\/grao\/author\/giref\/"}]}},"_links":{"self":[{"href":"https:\/\/diarieducacio.cat\/grao\/wp-json\/wp\/v2\/posts\/1854","targetHints":{"allow":["GET"]}}],"collection":[{"href":"https:\/\/diarieducacio.cat\/grao\/wp-json\/wp\/v2\/posts"}],"about":[{"href":"https:\/\/diarieducacio.cat\/grao\/wp-json\/wp\/v2\/types\/post"}],"author":[{"embeddable":true,"href":"https:\/\/diarieducacio.cat\/grao\/wp-json\/wp\/v2\/users\/562"}],"replies":[{"embeddable":true,"href":"https:\/\/diarieducacio.cat\/grao\/wp-json\/wp\/v2\/comments?post=1854"}],"version-history":[{"count":1,"href":"https:\/\/diarieducacio.cat\/grao\/wp-json\/wp\/v2\/posts\/1854\/revisions"}],"predecessor-version":[{"id":6296,"href":"https:\/\/diarieducacio.cat\/grao\/wp-json\/wp\/v2\/posts\/1854\/revisions\/6296"}],"wp:featuredmedia":[{"embeddable":true,"href":"https:\/\/diarieducacio.cat\/grao\/wp-json\/wp\/v2\/media\/5987"}],"wp:attachment":[{"href":"https:\/\/diarieducacio.cat\/grao\/wp-json\/wp\/v2\/media?parent=1854"}],"wp:term":[{"taxonomy":"category","embeddable":true,"href":"https:\/\/diarieducacio.cat\/grao\/wp-json\/wp\/v2\/categories?post=1854"},{"taxonomy":"post_tag","embeddable":true,"href":"https:\/\/diarieducacio.cat\/grao\/wp-json\/wp\/v2\/tags?post=1854"},{"taxonomy":"tipo","embeddable":true,"href":"https:\/\/diarieducacio.cat\/grao\/wp-json\/wp\/v2\/tipo?post=1854"}],"curies":[{"name":"wp","href":"https:\/\/api.w.org\/{rel}","templated":true}]}}