{"id":1855,"date":"2018-06-11T22:28:06","date_gmt":"2018-06-11T22:28:06","guid":{"rendered":"https:\/\/diarieducacio.cat\/grao\/?p=1825"},"modified":"2024-05-13T18:30:26","modified_gmt":"2024-05-13T16:30:26","slug":"retrat-carmen-tamarit","status":"publish","type":"post","link":"https:\/\/diarieducacio.cat\/grao\/2018\/06\/11\/retrat-carmen-tamarit\/","title":{"rendered":"Retrat: Carmen Tamarit"},"content":{"rendered":"<p>Parlo amb la Carmen Tamarit en una de les pauses que fa mentre estudia. Quatre anys enrere, aquesta formadora valenciana de primer cicle d\u2019educaci\u00f3 infantil va comen\u00e7ar a cursar el m\u00f2dul superior d\u2019Educaci\u00f3 Infantil per tal d\u2019actualitzar els seus coneixements. Ho fa a trav\u00e9s d\u2019un programa del Ministeri d\u2019Educaci\u00f3 i Treball que convalida l\u2019experi\u00e8ncia i que ha perm\u00e8s que molts educadors i educadores d\u2019infantil que no tenen la titulaci\u00f3 actual puguin convalidar les seves credencials a trav\u00e9s d\u2019un tribunal d\u2019avaluaci\u00f3. \u00abO agafava el tren o em quedava despenjada del m\u00f3n de la doc\u00e8ncia\u00bb, em diu mentre m\u2019explica que l\u2019angl\u00e8s \u00e9s la mat\u00e8ria que m\u00e9s li costa, i la psicologia la que menys.<\/p>\n<p>El seu cas \u00e9s similar al dels professionals que van \u00abpujar al tren\u00bb per convalidar experi\u00e8ncia: va presentar un projecte, el va superar i es va matricular en un m\u00f2dul que permet fer una formaci\u00f3 semipresencial. Reconeix que la formaci\u00f3 \u00e9s bona, \u00abper\u00f2 la pol\u00edtica no acompanya\u00bb. Parla del buit legal que hi ha en relaci\u00f3 amb els professionals d\u2019infantil i amb els funcionaris. No estan categoritzats ni equiparats a la resta de treballadors p\u00fablics, per la qual cosa ara reivindiquen poder-ne ocupar el grup B, que milloraria les seves condicions laborals i obriria la porta a recon\u00e8ixer, per exemple, les hores no lectives. \u00abTenim un problema\u00bb, explica: \u00abCom que la titulaci\u00f3 que es demana equival al grup B per\u00f2 estem catalogades en un grup inferior, no es convoquen oposicions, i aix\u00f2 provoca que el 90% de la gent sigui interina i que els fixos no puguem canviar de centre\u00bb.<\/p>\n<p>La comunitat es mobilitza cada any per desencallar la situaci\u00f3, per\u00f2, en ser un sector petit, \u00abno ens fan cas\u00bb, apunta. Des del 1989 ella treballa a l\u2019escola El Mol\u00ed, un centre on m\u00e9s de la meitat de l\u2019equip \u00e9s inter\u00ed, per\u00f2 la seva experi\u00e8ncia encara ve de m\u00e9s lluny. M\u2019explica els seus inicis a l\u2019escoleta infantil Malva-Rosa, una cooperativa de pares i treballadors integrada a la Xarxa del Patronat d\u2019Escoles Infantils de Val\u00e8ncia. En parla il\u00b7lusionada i decebuda a la vegada pel fet que ja no existeixi. El projecte, que lluitava per la innovaci\u00f3 i la renovaci\u00f3 pedag\u00f2giques, va ser fulminat l\u2019any 1994 per l\u2019Ajuntament del Partit Popular.<\/p>\n<p>M\u2019emociona com parla i reivindica la figura dels educadors d\u2019infantil, com creu en la tasca formadora que realitzen i com defensa que cal canviar les coses. La Carmen \u00e9s de les que es mobilitza, surt al carrer i al\u00e7a la veu. \u00abLa pol\u00edtica s\u2019est\u00e0 fent malament, ens preparen molt b\u00e9, per\u00f2 despr\u00e9s no se\u2019ns reconeix la tasca educativa\u00bb, un fet que es confirma amb una pr\u00e0ctica que est\u00e0 comen\u00e7ant a tenir lloc a certs centres valencians: \u00abA algunes escoles de prim\u00e0ria s\u2019estan incorporant petits de dos anys. Qui s\u2019ocupa d\u2019aquests menuts \u00e9s una professora de segon cicle d\u2019infantil, i a les educadores ens contracten per, per exemple, canviar bolquers. Estem rebent una educaci\u00f3 complet\u00edssima, per\u00f2 l\u2019Administraci\u00f3 nom\u00e9s ens vol de suport\u00bb.<\/p>\n<p><em><strong>Font:<\/strong> Revista Guix d&#8217;Infantil n.94. Mar\u00e7 2018. (<span style=\"color: #0000ff\"><strong><a style=\"color: #0000ff\" href=\"https:\/\/goo.gl\/XbPCPg\" target=\"_blank\" rel=\"noopener\">https:\/\/goo.gl\/XbPCPg<\/a><\/strong><\/span>)<\/em><\/p>\n","protected":false},"excerpt":{"rendered":"<p>\u00abEns preparen molt b\u00e9, per\u00f2 despr\u00e9s no se\u2019ns reconeix la tasca educativa\u00bb<\/p>\n","protected":false},"author":567,"featured_media":5988,"comment_status":"open","ping_status":"closed","sticky":false,"template":"","format":"standard","meta":{"footnotes":""},"categories":[345,219,146],"tags":[369,370,371,366],"tipo":[],"class_list":{"0":"post-1855","1":"post","2":"type-post","3":"status-publish","4":"format-standard","5":"has-post-thumbnail","7":"category-formacio-continua-del-professorat","8":"category-memoria-historica","9":"category-retrats-de-vivencies-personals","10":"tag-formacio","11":"tag-histories-de-vida","12":"tag-moduls-professionals","13":"tag-renovacio-pedagogica"},"yoast_head":"<!-- This site is optimized with the Yoast SEO plugin v27.4 - https:\/\/yoast.com\/product\/yoast-seo-wordpress\/ -->\n<title>Retrat: Carmen Tamarit - L&#039;escola gra\u00f3 a gra\u00f3<\/title>\n<meta name=\"robots\" content=\"index, follow, max-snippet:-1, max-image-preview:large, max-video-preview:-1\" \/>\n<link rel=\"canonical\" href=\"https:\/\/diarieducacio.cat\/grao\/2018\/06\/11\/retrat-carmen-tamarit\/\" \/>\n<meta property=\"og:locale\" content=\"ca_ES\" \/>\n<meta property=\"og:type\" content=\"article\" \/>\n<meta property=\"og:title\" content=\"Retrat: Carmen Tamarit - L&#039;escola gra\u00f3 a gra\u00f3\" \/>\n<meta property=\"og:description\" content=\"\u00abEns preparen molt b\u00e9, per\u00f2 despr\u00e9s no se\u2019ns reconeix la tasca educativa\u00bb\" \/>\n<meta property=\"og:url\" content=\"https:\/\/diarieducacio.cat\/grao\/2018\/06\/11\/retrat-carmen-tamarit\/\" \/>\n<meta property=\"og:site_name\" content=\"L&#039;escola gra\u00f3 a gra\u00f3\" \/>\n<meta property=\"article:published_time\" content=\"2018-06-11T22:28:06+00:00\" \/>\n<meta property=\"article:modified_time\" content=\"2024-05-13T16:30:26+00:00\" \/>\n<meta property=\"og:image\" content=\"https:\/\/diarieducacio.cat\/grao\/wp-content\/uploads\/sites\/31\/2018\/06\/100_6826.jpg\" \/>\n\t<meta property=\"og:image:width\" content=\"1128\" \/>\n\t<meta property=\"og:image:height\" content=\"793\" \/>\n\t<meta property=\"og:image:type\" content=\"image\/jpeg\" \/>\n<meta name=\"author\" content=\"Anna Galdon\" \/>\n<meta name=\"twitter:card\" content=\"summary_large_image\" \/>\n<meta name=\"twitter:creator\" content=\"@ecortesmau\" \/>\n<meta name=\"twitter:label1\" content=\"Escrit per\" \/>\n\t<meta name=\"twitter:data1\" content=\"Anna Galdon\" \/>\n\t<meta name=\"twitter:label2\" content=\"Temps estimat de lectura\" \/>\n\t<meta name=\"twitter:data2\" content=\"3 minuts\" \/>\n<script type=\"application\/ld+json\" class=\"yoast-schema-graph\">{\"@context\":\"https:\\\/\\\/schema.org\",\"@graph\":[{\"@type\":\"Article\",\"@id\":\"https:\\\/\\\/diarieducacio.cat\\\/grao\\\/2018\\\/06\\\/11\\\/retrat-carmen-tamarit\\\/#article\",\"isPartOf\":{\"@id\":\"https:\\\/\\\/diarieducacio.cat\\\/grao\\\/2018\\\/06\\\/11\\\/retrat-carmen-tamarit\\\/\"},\"author\":{\"name\":\"Anna Galdon\",\"@id\":\"https:\\\/\\\/diarieducacio.cat\\\/grao\\\/#\\\/schema\\\/person\\\/e956ce9d1161c87403605825904bede0\"},\"headline\":\"Retrat: Carmen Tamarit\",\"datePublished\":\"2018-06-11T22:28:06+00:00\",\"dateModified\":\"2024-05-13T16:30:26+00:00\",\"mainEntityOfPage\":{\"@id\":\"https:\\\/\\\/diarieducacio.cat\\\/grao\\\/2018\\\/06\\\/11\\\/retrat-carmen-tamarit\\\/\"},\"wordCount\":561,\"commentCount\":0,\"image\":{\"@id\":\"https:\\\/\\\/diarieducacio.cat\\\/grao\\\/2018\\\/06\\\/11\\\/retrat-carmen-tamarit\\\/#primaryimage\"},\"thumbnailUrl\":\"https:\\\/\\\/diarieducacio.cat\\\/grao\\\/wp-content\\\/uploads\\\/sites\\\/31\\\/2018\\\/06\\\/100_6826.jpg\",\"keywords\":[\"formaci\u00f3\",\"hist\u00f2ries de vida\",\"m\u00f2duls professionals\",\"renovaci\u00f3 pedag\u00f2gica\"],\"articleSection\":[\"Formaci\u00f3 cont\u00ednua del professorat\",\"Mem\u00f2ria Hist\u00f2rica\",\"Retrats de viv\u00e8ncies personals\"],\"inLanguage\":\"ca\",\"potentialAction\":[{\"@type\":\"CommentAction\",\"name\":\"Comment\",\"target\":[\"https:\\\/\\\/diarieducacio.cat\\\/grao\\\/2018\\\/06\\\/11\\\/retrat-carmen-tamarit\\\/#respond\"]}]},{\"@type\":\"WebPage\",\"@id\":\"https:\\\/\\\/diarieducacio.cat\\\/grao\\\/2018\\\/06\\\/11\\\/retrat-carmen-tamarit\\\/\",\"url\":\"https:\\\/\\\/diarieducacio.cat\\\/grao\\\/2018\\\/06\\\/11\\\/retrat-carmen-tamarit\\\/\",\"name\":\"Retrat: Carmen Tamarit - L'escola gra\u00f3 a gra\u00f3\",\"isPartOf\":{\"@id\":\"https:\\\/\\\/diarieducacio.cat\\\/grao\\\/#website\"},\"primaryImageOfPage\":{\"@id\":\"https:\\\/\\\/diarieducacio.cat\\\/grao\\\/2018\\\/06\\\/11\\\/retrat-carmen-tamarit\\\/#primaryimage\"},\"image\":{\"@id\":\"https:\\\/\\\/diarieducacio.cat\\\/grao\\\/2018\\\/06\\\/11\\\/retrat-carmen-tamarit\\\/#primaryimage\"},\"thumbnailUrl\":\"https:\\\/\\\/diarieducacio.cat\\\/grao\\\/wp-content\\\/uploads\\\/sites\\\/31\\\/2018\\\/06\\\/100_6826.jpg\",\"datePublished\":\"2018-06-11T22:28:06+00:00\",\"dateModified\":\"2024-05-13T16:30:26+00:00\",\"author\":{\"@id\":\"https:\\\/\\\/diarieducacio.cat\\\/grao\\\/#\\\/schema\\\/person\\\/e956ce9d1161c87403605825904bede0\"},\"breadcrumb\":{\"@id\":\"https:\\\/\\\/diarieducacio.cat\\\/grao\\\/2018\\\/06\\\/11\\\/retrat-carmen-tamarit\\\/#breadcrumb\"},\"inLanguage\":\"ca\",\"potentialAction\":[{\"@type\":\"ReadAction\",\"target\":[\"https:\\\/\\\/diarieducacio.cat\\\/grao\\\/2018\\\/06\\\/11\\\/retrat-carmen-tamarit\\\/\"]}]},{\"@type\":\"ImageObject\",\"inLanguage\":\"ca\",\"@id\":\"https:\\\/\\\/diarieducacio.cat\\\/grao\\\/2018\\\/06\\\/11\\\/retrat-carmen-tamarit\\\/#primaryimage\",\"url\":\"https:\\\/\\\/diarieducacio.cat\\\/grao\\\/wp-content\\\/uploads\\\/sites\\\/31\\\/2018\\\/06\\\/100_6826.jpg\",\"contentUrl\":\"https:\\\/\\\/diarieducacio.cat\\\/grao\\\/wp-content\\\/uploads\\\/sites\\\/31\\\/2018\\\/06\\\/100_6826.jpg\",\"width\":1128,\"height\":793},{\"@type\":\"BreadcrumbList\",\"@id\":\"https:\\\/\\\/diarieducacio.cat\\\/grao\\\/2018\\\/06\\\/11\\\/retrat-carmen-tamarit\\\/#breadcrumb\",\"itemListElement\":[{\"@type\":\"ListItem\",\"position\":1,\"name\":\"Inici\",\"item\":\"https:\\\/\\\/diarieducacio.cat\\\/grao\\\/\"},{\"@type\":\"ListItem\",\"position\":2,\"name\":\"Retrat: Carmen Tamarit\"}]},{\"@type\":\"WebSite\",\"@id\":\"https:\\\/\\\/diarieducacio.cat\\\/grao\\\/#website\",\"url\":\"https:\\\/\\\/diarieducacio.cat\\\/grao\\\/\",\"name\":\"L'escola gra\u00f3 a gra\u00f3\",\"description\":\"Un blog de El Diari de l&#039;Educaci\u00f3\",\"potentialAction\":[{\"@type\":\"SearchAction\",\"target\":{\"@type\":\"EntryPoint\",\"urlTemplate\":\"https:\\\/\\\/diarieducacio.cat\\\/grao\\\/?s={search_term_string}\"},\"query-input\":{\"@type\":\"PropertyValueSpecification\",\"valueRequired\":true,\"valueName\":\"search_term_string\"}}],\"inLanguage\":\"ca\"},{\"@type\":\"Person\",\"@id\":\"https:\\\/\\\/diarieducacio.cat\\\/grao\\\/#\\\/schema\\\/person\\\/e956ce9d1161c87403605825904bede0\",\"name\":\"Anna Galdon\",\"image\":{\"@type\":\"ImageObject\",\"inLanguage\":\"ca\",\"@id\":\"https:\\\/\\\/secure.gravatar.com\\\/avatar\\\/3632f2718258b79051738d1146857a4569cbd5b1347e854fe45c598dd2b088d7?s=96&d=mm&r=g\",\"url\":\"https:\\\/\\\/secure.gravatar.com\\\/avatar\\\/3632f2718258b79051738d1146857a4569cbd5b1347e854fe45c598dd2b088d7?s=96&d=mm&r=g\",\"contentUrl\":\"https:\\\/\\\/secure.gravatar.com\\\/avatar\\\/3632f2718258b79051738d1146857a4569cbd5b1347e854fe45c598dd2b088d7?s=96&d=mm&r=g\",\"caption\":\"Anna Galdon\"},\"sameAs\":[\"https:\\\/\\\/x.com\\\/ecortesmau\"],\"url\":\"https:\\\/\\\/diarieducacio.cat\\\/grao\\\/author\\\/annagaldon\\\/\"}]}<\/script>\n<!-- \/ Yoast SEO plugin. -->","yoast_head_json":{"title":"Retrat: Carmen Tamarit - L'escola gra\u00f3 a gra\u00f3","robots":{"index":"index","follow":"follow","max-snippet":"max-snippet:-1","max-image-preview":"max-image-preview:large","max-video-preview":"max-video-preview:-1"},"canonical":"https:\/\/diarieducacio.cat\/grao\/2018\/06\/11\/retrat-carmen-tamarit\/","og_locale":"ca_ES","og_type":"article","og_title":"Retrat: Carmen Tamarit - L'escola gra\u00f3 a gra\u00f3","og_description":"\u00abEns preparen molt b\u00e9, per\u00f2 despr\u00e9s no se\u2019ns reconeix la tasca educativa\u00bb","og_url":"https:\/\/diarieducacio.cat\/grao\/2018\/06\/11\/retrat-carmen-tamarit\/","og_site_name":"L'escola gra\u00f3 a gra\u00f3","article_published_time":"2018-06-11T22:28:06+00:00","article_modified_time":"2024-05-13T16:30:26+00:00","og_image":[{"width":1128,"height":793,"url":"https:\/\/diarieducacio.cat\/grao\/wp-content\/uploads\/sites\/31\/2018\/06\/100_6826.jpg","type":"image\/jpeg"}],"author":"Anna Galdon","twitter_card":"summary_large_image","twitter_creator":"@ecortesmau","twitter_misc":{"Escrit per":"Anna Galdon","Temps estimat de lectura":"3 minuts"},"schema":{"@context":"https:\/\/schema.org","@graph":[{"@type":"Article","@id":"https:\/\/diarieducacio.cat\/grao\/2018\/06\/11\/retrat-carmen-tamarit\/#article","isPartOf":{"@id":"https:\/\/diarieducacio.cat\/grao\/2018\/06\/11\/retrat-carmen-tamarit\/"},"author":{"name":"Anna Galdon","@id":"https:\/\/diarieducacio.cat\/grao\/#\/schema\/person\/e956ce9d1161c87403605825904bede0"},"headline":"Retrat: Carmen Tamarit","datePublished":"2018-06-11T22:28:06+00:00","dateModified":"2024-05-13T16:30:26+00:00","mainEntityOfPage":{"@id":"https:\/\/diarieducacio.cat\/grao\/2018\/06\/11\/retrat-carmen-tamarit\/"},"wordCount":561,"commentCount":0,"image":{"@id":"https:\/\/diarieducacio.cat\/grao\/2018\/06\/11\/retrat-carmen-tamarit\/#primaryimage"},"thumbnailUrl":"https:\/\/diarieducacio.cat\/grao\/wp-content\/uploads\/sites\/31\/2018\/06\/100_6826.jpg","keywords":["formaci\u00f3","hist\u00f2ries de vida","m\u00f2duls professionals","renovaci\u00f3 pedag\u00f2gica"],"articleSection":["Formaci\u00f3 cont\u00ednua del professorat","Mem\u00f2ria Hist\u00f2rica","Retrats de viv\u00e8ncies personals"],"inLanguage":"ca","potentialAction":[{"@type":"CommentAction","name":"Comment","target":["https:\/\/diarieducacio.cat\/grao\/2018\/06\/11\/retrat-carmen-tamarit\/#respond"]}]},{"@type":"WebPage","@id":"https:\/\/diarieducacio.cat\/grao\/2018\/06\/11\/retrat-carmen-tamarit\/","url":"https:\/\/diarieducacio.cat\/grao\/2018\/06\/11\/retrat-carmen-tamarit\/","name":"Retrat: Carmen Tamarit - L'escola gra\u00f3 a gra\u00f3","isPartOf":{"@id":"https:\/\/diarieducacio.cat\/grao\/#website"},"primaryImageOfPage":{"@id":"https:\/\/diarieducacio.cat\/grao\/2018\/06\/11\/retrat-carmen-tamarit\/#primaryimage"},"image":{"@id":"https:\/\/diarieducacio.cat\/grao\/2018\/06\/11\/retrat-carmen-tamarit\/#primaryimage"},"thumbnailUrl":"https:\/\/diarieducacio.cat\/grao\/wp-content\/uploads\/sites\/31\/2018\/06\/100_6826.jpg","datePublished":"2018-06-11T22:28:06+00:00","dateModified":"2024-05-13T16:30:26+00:00","author":{"@id":"https:\/\/diarieducacio.cat\/grao\/#\/schema\/person\/e956ce9d1161c87403605825904bede0"},"breadcrumb":{"@id":"https:\/\/diarieducacio.cat\/grao\/2018\/06\/11\/retrat-carmen-tamarit\/#breadcrumb"},"inLanguage":"ca","potentialAction":[{"@type":"ReadAction","target":["https:\/\/diarieducacio.cat\/grao\/2018\/06\/11\/retrat-carmen-tamarit\/"]}]},{"@type":"ImageObject","inLanguage":"ca","@id":"https:\/\/diarieducacio.cat\/grao\/2018\/06\/11\/retrat-carmen-tamarit\/#primaryimage","url":"https:\/\/diarieducacio.cat\/grao\/wp-content\/uploads\/sites\/31\/2018\/06\/100_6826.jpg","contentUrl":"https:\/\/diarieducacio.cat\/grao\/wp-content\/uploads\/sites\/31\/2018\/06\/100_6826.jpg","width":1128,"height":793},{"@type":"BreadcrumbList","@id":"https:\/\/diarieducacio.cat\/grao\/2018\/06\/11\/retrat-carmen-tamarit\/#breadcrumb","itemListElement":[{"@type":"ListItem","position":1,"name":"Inici","item":"https:\/\/diarieducacio.cat\/grao\/"},{"@type":"ListItem","position":2,"name":"Retrat: Carmen Tamarit"}]},{"@type":"WebSite","@id":"https:\/\/diarieducacio.cat\/grao\/#website","url":"https:\/\/diarieducacio.cat\/grao\/","name":"L'escola gra\u00f3 a gra\u00f3","description":"Un blog de El Diari de l&#039;Educaci\u00f3","potentialAction":[{"@type":"SearchAction","target":{"@type":"EntryPoint","urlTemplate":"https:\/\/diarieducacio.cat\/grao\/?s={search_term_string}"},"query-input":{"@type":"PropertyValueSpecification","valueRequired":true,"valueName":"search_term_string"}}],"inLanguage":"ca"},{"@type":"Person","@id":"https:\/\/diarieducacio.cat\/grao\/#\/schema\/person\/e956ce9d1161c87403605825904bede0","name":"Anna Galdon","image":{"@type":"ImageObject","inLanguage":"ca","@id":"https:\/\/secure.gravatar.com\/avatar\/3632f2718258b79051738d1146857a4569cbd5b1347e854fe45c598dd2b088d7?s=96&d=mm&r=g","url":"https:\/\/secure.gravatar.com\/avatar\/3632f2718258b79051738d1146857a4569cbd5b1347e854fe45c598dd2b088d7?s=96&d=mm&r=g","contentUrl":"https:\/\/secure.gravatar.com\/avatar\/3632f2718258b79051738d1146857a4569cbd5b1347e854fe45c598dd2b088d7?s=96&d=mm&r=g","caption":"Anna Galdon"},"sameAs":["https:\/\/x.com\/ecortesmau"],"url":"https:\/\/diarieducacio.cat\/grao\/author\/annagaldon\/"}]}},"_links":{"self":[{"href":"https:\/\/diarieducacio.cat\/grao\/wp-json\/wp\/v2\/posts\/1855","targetHints":{"allow":["GET"]}}],"collection":[{"href":"https:\/\/diarieducacio.cat\/grao\/wp-json\/wp\/v2\/posts"}],"about":[{"href":"https:\/\/diarieducacio.cat\/grao\/wp-json\/wp\/v2\/types\/post"}],"author":[{"embeddable":true,"href":"https:\/\/diarieducacio.cat\/grao\/wp-json\/wp\/v2\/users\/567"}],"replies":[{"embeddable":true,"href":"https:\/\/diarieducacio.cat\/grao\/wp-json\/wp\/v2\/comments?post=1855"}],"version-history":[{"count":1,"href":"https:\/\/diarieducacio.cat\/grao\/wp-json\/wp\/v2\/posts\/1855\/revisions"}],"predecessor-version":[{"id":6297,"href":"https:\/\/diarieducacio.cat\/grao\/wp-json\/wp\/v2\/posts\/1855\/revisions\/6297"}],"wp:featuredmedia":[{"embeddable":true,"href":"https:\/\/diarieducacio.cat\/grao\/wp-json\/wp\/v2\/media\/5988"}],"wp:attachment":[{"href":"https:\/\/diarieducacio.cat\/grao\/wp-json\/wp\/v2\/media?parent=1855"}],"wp:term":[{"taxonomy":"category","embeddable":true,"href":"https:\/\/diarieducacio.cat\/grao\/wp-json\/wp\/v2\/categories?post=1855"},{"taxonomy":"post_tag","embeddable":true,"href":"https:\/\/diarieducacio.cat\/grao\/wp-json\/wp\/v2\/tags?post=1855"},{"taxonomy":"tipo","embeddable":true,"href":"https:\/\/diarieducacio.cat\/grao\/wp-json\/wp\/v2\/tipo?post=1855"}],"curies":[{"name":"wp","href":"https:\/\/api.w.org\/{rel}","templated":true}]}}