{"id":1857,"date":"2018-09-27T20:57:39","date_gmt":"2018-09-27T20:57:39","guid":{"rendered":"https:\/\/diarieducacio.cat\/grao\/?p=1857"},"modified":"2024-05-13T18:30:26","modified_gmt":"2024-05-13T16:30:26","slug":"idees-aprendre-a-prioritzar","status":"publish","type":"post","link":"https:\/\/diarieducacio.cat\/grao\/2018\/09\/27\/idees-aprendre-a-prioritzar\/","title":{"rendered":"Idees: Aprendre a prioritzar"},"content":{"rendered":"<p>Segons Pareto:<\/p>\n<blockquote><p><em>Si tenim un problema amb moltes causes, podem dir que el 20% de les causes resolen el 80% del problema i el 80% de les causes nom\u00e9s resolen el 20% del problema. Igualment, el 20% del temps de treball d\u2019una persona contribueix al 80% dels resultats.<\/em><\/p><\/blockquote>\n<p>El missatge que ens transmet ve a dir: \u00abNo intentis fer m\u00e9s del compte, fes nom\u00e9s les coses adequades i de manera correcta\u00bb.<\/p>\n<p>Quantes activitats del dia a dia d\u2019un centre, o fis i tot personals, podem suprimir sense que aix\u00f2 afecti l\u2019\u00e8xit dels nostres objectius?<\/p>\n<figure id=\"attachment_1859\" aria-describedby=\"caption-attachment-1859\" style=\"width: 498px\" class=\"wp-caption aligncenter\"><a href=\"https:\/\/nostalgic-ishizaka.82-223-1-47.plesk.page\/grao\/wp-content\/uploads\/sites\/31\/2018\/06\/quadre.jpg\"><img fetchpriority=\"high\" decoding=\"async\" class=\" wp-image-1859\" src=\"https:\/\/nostalgic-ishizaka.82-223-1-47.plesk.page\/grao\/wp-content\/uploads\/sites\/31\/2018\/06\/quadre.jpg\" alt=\"\" width=\"498\" height=\"210\" srcset=\"https:\/\/diarieducacio.cat\/grao\/wp-content\/uploads\/sites\/31\/2018\/06\/quadre.jpg 906w, https:\/\/diarieducacio.cat\/grao\/wp-content\/uploads\/sites\/31\/2018\/06\/quadre-300x126.jpg 300w, https:\/\/diarieducacio.cat\/grao\/wp-content\/uploads\/sites\/31\/2018\/06\/quadre-768x324.jpg 768w, https:\/\/diarieducacio.cat\/grao\/wp-content\/uploads\/sites\/31\/2018\/06\/quadre-150x63.jpg 150w, https:\/\/diarieducacio.cat\/grao\/wp-content\/uploads\/sites\/31\/2018\/06\/quadre-450x190.jpg 450w\" sizes=\"(max-width: 498px) 100vw, 498px\" \/><\/a><figcaption id=\"caption-attachment-1859\" class=\"wp-caption-text\">Quadre 1. La relaci\u00f3 entre el que \u00e9s important i el que \u00e9s urgent<\/figcaption><\/figure>\n<p>Una bona estrat\u00e8gia per donar resposta a aquesta pregunta \u00e9s dividir el nostre treball en activitats espec\u00edfiques i intentar discernir quin ser\u00e0 el 20% de les tasques que contribuiran a aconseguir el 80% dels resultats i posteriorment concentrar-se al m\u00e0xim en aquest 20% de tasques.<\/p>\n<p>\u00c9s molt f\u00e0cil que el que \u00e9s urgent desdibuixi el que \u00e9s m\u00e9s important i podem perdre molt de temps en coses o activitats que no aporten gaire a la qualitat del nostre treball. Aprendre a prioritzar \u00e9s un dels reptes m\u00e9s importants en els centres educatius ja que es tracta de fer les coses en l\u2019ordre i el moment correcte. No hem d\u2019oblidar que donar prioritat sempre al que \u00e9s urgent condueix a l\u2019estr\u00e8s, mentre donar prioritat al que \u00e9s important condueix a l\u2019efic\u00e0cia.\u00a0 Les nostres activitats en relaci\u00f3 amb la prioritzaci\u00f3 poden agrupar-se en quatre quadrants (quadre 1).<\/p>\n<ul>\n<li><strong><em>Important i urgent. <\/em><\/strong>S\u00f3n les tasques essencials en qu\u00e8 hem de centrar-nos i que hem d\u2019emprendre immediatament. La seva transcend\u00e8ncia ens obliga a emprendre-les amb la dedicaci\u00f3 suficient per portar-les a bon terme. El fet d\u2019estar ubicats sempre en aquest quadrant pot acabar amb la motivaci\u00f3, l\u2019autoestima i la salut. Hi ha molts equips directius que estan situats constantment en aquest espai.<\/li>\n<li><strong><em>Important i no urgent. <\/em><\/strong>S\u00f3n les tasques que donen qualitat al nostre treball ja que ens permeten una bona organitzaci\u00f3 alhora que suposen anticipar possibles problemes o conflictes. En aquest espai trobem generalment els professors efectius, resolutius i motivats per la doc\u00e8ncia.<\/li>\n<li><strong><em>No important i urgent. <\/em><\/strong>S\u00f3n les tasques poc rellevants, generalment trivials i rutin\u00e0ries. Sempre que sigui possible \u00e9s millor delegar-les o buscar les estrat\u00e8gies que permeten donar-los una resposta amb el m\u00ednim esfor\u00e7 i temps. La tecnologia pot facilitar-nos com gestionar-les.<\/li>\n<li><strong><em>No important i no urgent. <\/em><\/strong>S\u00f3n les tasques en qu\u00e8 podem veure\u2019ns involucrats tot i que sabem que no tenen cap rellev\u00e0ncia i no condueixen a res. El millor que podem fer \u00e9s arxivar-les en l\u2019oblit i no esmer\u00e7ar ni temps ni energia per resoldre-les.<\/li>\n<\/ul>\n<p><strong>Font:<\/strong>\u00a0R. L\u00d3PEZ (2012), La gesti\u00f3 del temps personal i col\u00b7lectiu. Com detectar i combatre els \u00abvampirs\u00bb del temps. Barcelona. Gra\u00f3. (Desenvolupament personal del professorat, 19.)\u00a0<span style=\"color: #0000ff\"><strong><a style=\"color: #0000ff\" href=\"https:\/\/goo.gl\/RoLxH6\" target=\"_blank\" rel=\"noopener\">https:\/\/goo.gl\/RoLxH6<\/a><\/strong><\/span><\/p>\n","protected":false},"excerpt":{"rendered":"<p>Per poder gestionar el nostre temps de forma adequada hem de saber prioritzar totes les activitats i tasques que hem de realitzar. Prioritzar significa classificar per ordre d\u2019import\u00e0ncia.<\/p>\n","protected":false},"author":524,"featured_media":1858,"comment_status":"open","ping_status":"closed","sticky":false,"template":"","format":"standard","meta":{"footnotes":""},"categories":[101,198,164,120,115],"tags":[375,376,377],"tipo":[],"class_list":{"0":"post-1857","1":"post","2":"type-post","3":"status-publish","4":"format-standard","5":"has-post-thumbnail","7":"category-desenvolupament-personal","8":"category-desenvolupament-professional","9":"category-estrategies-internes","10":"category-motivacio","11":"category-reflexio","12":"tag-gestio-del-temps","13":"tag-prioritzar","14":"tag-vampirs-del-temps"},"yoast_head":"<!-- This site is optimized with the Yoast SEO plugin v27.4 - https:\/\/yoast.com\/product\/yoast-seo-wordpress\/ -->\n<title>Idees: Aprendre a prioritzar - L&#039;escola gra\u00f3 a gra\u00f3<\/title>\n<meta name=\"robots\" content=\"index, follow, max-snippet:-1, max-image-preview:large, max-video-preview:-1\" \/>\n<link rel=\"canonical\" href=\"https:\/\/diarieducacio.cat\/grao\/2018\/09\/27\/idees-aprendre-a-prioritzar\/\" \/>\n<meta property=\"og:locale\" content=\"ca_ES\" \/>\n<meta property=\"og:type\" content=\"article\" \/>\n<meta property=\"og:title\" content=\"Idees: Aprendre a prioritzar - L&#039;escola gra\u00f3 a gra\u00f3\" \/>\n<meta property=\"og:description\" content=\"Per poder gestionar el nostre temps de forma adequada hem de saber prioritzar totes les activitats i tasques que hem de realitzar. Prioritzar significa classificar per ordre d\u2019import\u00e0ncia.\" \/>\n<meta property=\"og:url\" content=\"https:\/\/diarieducacio.cat\/grao\/2018\/09\/27\/idees-aprendre-a-prioritzar\/\" \/>\n<meta property=\"og:site_name\" content=\"L&#039;escola gra\u00f3 a gra\u00f3\" \/>\n<meta property=\"article:published_time\" content=\"2018-09-27T20:57:39+00:00\" \/>\n<meta property=\"article:modified_time\" content=\"2024-05-13T16:30:26+00:00\" \/>\n<meta property=\"og:image\" content=\"https:\/\/diarieducacio.cat\/grao\/wp-content\/uploads\/sites\/31\/2018\/06\/GU44415.jpg\" \/>\n\t<meta property=\"og:image:width\" content=\"163\" \/>\n\t<meta property=\"og:image:height\" content=\"163\" \/>\n\t<meta property=\"og:image:type\" content=\"image\/jpeg\" \/>\n<meta name=\"author\" content=\"Redacci\u00f3 - Editorial Gra\u00f3\" \/>\n<meta name=\"twitter:card\" content=\"summary_large_image\" \/>\n<meta name=\"twitter:label1\" content=\"Escrit per\" \/>\n\t<meta name=\"twitter:data1\" content=\"Redacci\u00f3 - Editorial Gra\u00f3\" \/>\n\t<meta name=\"twitter:label2\" content=\"Temps estimat de lectura\" \/>\n\t<meta name=\"twitter:data2\" content=\"3 minuts\" \/>\n<script type=\"application\/ld+json\" class=\"yoast-schema-graph\">{\"@context\":\"https:\\\/\\\/schema.org\",\"@graph\":[{\"@type\":\"Article\",\"@id\":\"https:\\\/\\\/diarieducacio.cat\\\/grao\\\/2018\\\/09\\\/27\\\/idees-aprendre-a-prioritzar\\\/#article\",\"isPartOf\":{\"@id\":\"https:\\\/\\\/diarieducacio.cat\\\/grao\\\/2018\\\/09\\\/27\\\/idees-aprendre-a-prioritzar\\\/\"},\"author\":{\"name\":\"Redacci\u00f3 - Editorial Gra\u00f3\",\"@id\":\"https:\\\/\\\/diarieducacio.cat\\\/grao\\\/#\\\/schema\\\/person\\\/131fe889ba50cb4a8381cabc75beb3ff\"},\"headline\":\"Idees: Aprendre a prioritzar\",\"datePublished\":\"2018-09-27T20:57:39+00:00\",\"dateModified\":\"2024-05-13T16:30:26+00:00\",\"mainEntityOfPage\":{\"@id\":\"https:\\\/\\\/diarieducacio.cat\\\/grao\\\/2018\\\/09\\\/27\\\/idees-aprendre-a-prioritzar\\\/\"},\"wordCount\":507,\"commentCount\":0,\"image\":{\"@id\":\"https:\\\/\\\/diarieducacio.cat\\\/grao\\\/2018\\\/09\\\/27\\\/idees-aprendre-a-prioritzar\\\/#primaryimage\"},\"thumbnailUrl\":\"https:\\\/\\\/diarieducacio.cat\\\/grao\\\/wp-content\\\/uploads\\\/sites\\\/31\\\/2018\\\/06\\\/GU44415.jpg\",\"keywords\":[\"gesti\u00f3 del temps\",\"prioritzar\",\"vampirs del temps\"],\"articleSection\":[\"Desenvolupament Personal\",\"Desenvolupament professional\",\"Estrat\u00e8gies Internes\",\"Motivaci\u00f3\",\"Reflexi\u00f3\"],\"inLanguage\":\"ca\",\"potentialAction\":[{\"@type\":\"CommentAction\",\"name\":\"Comment\",\"target\":[\"https:\\\/\\\/diarieducacio.cat\\\/grao\\\/2018\\\/09\\\/27\\\/idees-aprendre-a-prioritzar\\\/#respond\"]}]},{\"@type\":\"WebPage\",\"@id\":\"https:\\\/\\\/diarieducacio.cat\\\/grao\\\/2018\\\/09\\\/27\\\/idees-aprendre-a-prioritzar\\\/\",\"url\":\"https:\\\/\\\/diarieducacio.cat\\\/grao\\\/2018\\\/09\\\/27\\\/idees-aprendre-a-prioritzar\\\/\",\"name\":\"Idees: Aprendre a prioritzar - L'escola gra\u00f3 a gra\u00f3\",\"isPartOf\":{\"@id\":\"https:\\\/\\\/diarieducacio.cat\\\/grao\\\/#website\"},\"primaryImageOfPage\":{\"@id\":\"https:\\\/\\\/diarieducacio.cat\\\/grao\\\/2018\\\/09\\\/27\\\/idees-aprendre-a-prioritzar\\\/#primaryimage\"},\"image\":{\"@id\":\"https:\\\/\\\/diarieducacio.cat\\\/grao\\\/2018\\\/09\\\/27\\\/idees-aprendre-a-prioritzar\\\/#primaryimage\"},\"thumbnailUrl\":\"https:\\\/\\\/diarieducacio.cat\\\/grao\\\/wp-content\\\/uploads\\\/sites\\\/31\\\/2018\\\/06\\\/GU44415.jpg\",\"datePublished\":\"2018-09-27T20:57:39+00:00\",\"dateModified\":\"2024-05-13T16:30:26+00:00\",\"author\":{\"@id\":\"https:\\\/\\\/diarieducacio.cat\\\/grao\\\/#\\\/schema\\\/person\\\/131fe889ba50cb4a8381cabc75beb3ff\"},\"breadcrumb\":{\"@id\":\"https:\\\/\\\/diarieducacio.cat\\\/grao\\\/2018\\\/09\\\/27\\\/idees-aprendre-a-prioritzar\\\/#breadcrumb\"},\"inLanguage\":\"ca\",\"potentialAction\":[{\"@type\":\"ReadAction\",\"target\":[\"https:\\\/\\\/diarieducacio.cat\\\/grao\\\/2018\\\/09\\\/27\\\/idees-aprendre-a-prioritzar\\\/\"]}]},{\"@type\":\"ImageObject\",\"inLanguage\":\"ca\",\"@id\":\"https:\\\/\\\/diarieducacio.cat\\\/grao\\\/2018\\\/09\\\/27\\\/idees-aprendre-a-prioritzar\\\/#primaryimage\",\"url\":\"https:\\\/\\\/diarieducacio.cat\\\/grao\\\/wp-content\\\/uploads\\\/sites\\\/31\\\/2018\\\/06\\\/GU44415.jpg\",\"contentUrl\":\"https:\\\/\\\/diarieducacio.cat\\\/grao\\\/wp-content\\\/uploads\\\/sites\\\/31\\\/2018\\\/06\\\/GU44415.jpg\",\"width\":163,\"height\":163},{\"@type\":\"BreadcrumbList\",\"@id\":\"https:\\\/\\\/diarieducacio.cat\\\/grao\\\/2018\\\/09\\\/27\\\/idees-aprendre-a-prioritzar\\\/#breadcrumb\",\"itemListElement\":[{\"@type\":\"ListItem\",\"position\":1,\"name\":\"Inici\",\"item\":\"https:\\\/\\\/diarieducacio.cat\\\/grao\\\/\"},{\"@type\":\"ListItem\",\"position\":2,\"name\":\"Idees: Aprendre a prioritzar\"}]},{\"@type\":\"WebSite\",\"@id\":\"https:\\\/\\\/diarieducacio.cat\\\/grao\\\/#website\",\"url\":\"https:\\\/\\\/diarieducacio.cat\\\/grao\\\/\",\"name\":\"L'escola gra\u00f3 a gra\u00f3\",\"description\":\"Un blog de El Diari de l&#039;Educaci\u00f3\",\"potentialAction\":[{\"@type\":\"SearchAction\",\"target\":{\"@type\":\"EntryPoint\",\"urlTemplate\":\"https:\\\/\\\/diarieducacio.cat\\\/grao\\\/?s={search_term_string}\"},\"query-input\":{\"@type\":\"PropertyValueSpecification\",\"valueRequired\":true,\"valueName\":\"search_term_string\"}}],\"inLanguage\":\"ca\"},{\"@type\":\"Person\",\"@id\":\"https:\\\/\\\/diarieducacio.cat\\\/grao\\\/#\\\/schema\\\/person\\\/131fe889ba50cb4a8381cabc75beb3ff\",\"name\":\"Redacci\u00f3 - Editorial Gra\u00f3\",\"image\":{\"@type\":\"ImageObject\",\"inLanguage\":\"ca\",\"@id\":\"https:\\\/\\\/secure.gravatar.com\\\/avatar\\\/9d8b5293e92495f73d6f062cfac5de13f5a8355a89caf901edc1274d5640ad66?s=96&d=mm&r=g\",\"url\":\"https:\\\/\\\/secure.gravatar.com\\\/avatar\\\/9d8b5293e92495f73d6f062cfac5de13f5a8355a89caf901edc1274d5640ad66?s=96&d=mm&r=g\",\"contentUrl\":\"https:\\\/\\\/secure.gravatar.com\\\/avatar\\\/9d8b5293e92495f73d6f062cfac5de13f5a8355a89caf901edc1274d5640ad66?s=96&d=mm&r=g\",\"caption\":\"Redacci\u00f3 - Editorial Gra\u00f3\"},\"url\":\"https:\\\/\\\/diarieducacio.cat\\\/grao\\\/author\\\/emoreno\\\/\"}]}<\/script>\n<!-- \/ Yoast SEO plugin. -->","yoast_head_json":{"title":"Idees: Aprendre a prioritzar - L'escola gra\u00f3 a gra\u00f3","robots":{"index":"index","follow":"follow","max-snippet":"max-snippet:-1","max-image-preview":"max-image-preview:large","max-video-preview":"max-video-preview:-1"},"canonical":"https:\/\/diarieducacio.cat\/grao\/2018\/09\/27\/idees-aprendre-a-prioritzar\/","og_locale":"ca_ES","og_type":"article","og_title":"Idees: Aprendre a prioritzar - L'escola gra\u00f3 a gra\u00f3","og_description":"Per poder gestionar el nostre temps de forma adequada hem de saber prioritzar totes les activitats i tasques que hem de realitzar. Prioritzar significa classificar per ordre d\u2019import\u00e0ncia.","og_url":"https:\/\/diarieducacio.cat\/grao\/2018\/09\/27\/idees-aprendre-a-prioritzar\/","og_site_name":"L'escola gra\u00f3 a gra\u00f3","article_published_time":"2018-09-27T20:57:39+00:00","article_modified_time":"2024-05-13T16:30:26+00:00","og_image":[{"width":163,"height":163,"url":"https:\/\/diarieducacio.cat\/grao\/wp-content\/uploads\/sites\/31\/2018\/06\/GU44415.jpg","type":"image\/jpeg"}],"author":"Redacci\u00f3 - Editorial Gra\u00f3","twitter_card":"summary_large_image","twitter_misc":{"Escrit per":"Redacci\u00f3 - Editorial Gra\u00f3","Temps estimat de lectura":"3 minuts"},"schema":{"@context":"https:\/\/schema.org","@graph":[{"@type":"Article","@id":"https:\/\/diarieducacio.cat\/grao\/2018\/09\/27\/idees-aprendre-a-prioritzar\/#article","isPartOf":{"@id":"https:\/\/diarieducacio.cat\/grao\/2018\/09\/27\/idees-aprendre-a-prioritzar\/"},"author":{"name":"Redacci\u00f3 - Editorial Gra\u00f3","@id":"https:\/\/diarieducacio.cat\/grao\/#\/schema\/person\/131fe889ba50cb4a8381cabc75beb3ff"},"headline":"Idees: Aprendre a prioritzar","datePublished":"2018-09-27T20:57:39+00:00","dateModified":"2024-05-13T16:30:26+00:00","mainEntityOfPage":{"@id":"https:\/\/diarieducacio.cat\/grao\/2018\/09\/27\/idees-aprendre-a-prioritzar\/"},"wordCount":507,"commentCount":0,"image":{"@id":"https:\/\/diarieducacio.cat\/grao\/2018\/09\/27\/idees-aprendre-a-prioritzar\/#primaryimage"},"thumbnailUrl":"https:\/\/diarieducacio.cat\/grao\/wp-content\/uploads\/sites\/31\/2018\/06\/GU44415.jpg","keywords":["gesti\u00f3 del temps","prioritzar","vampirs del temps"],"articleSection":["Desenvolupament Personal","Desenvolupament professional","Estrat\u00e8gies Internes","Motivaci\u00f3","Reflexi\u00f3"],"inLanguage":"ca","potentialAction":[{"@type":"CommentAction","name":"Comment","target":["https:\/\/diarieducacio.cat\/grao\/2018\/09\/27\/idees-aprendre-a-prioritzar\/#respond"]}]},{"@type":"WebPage","@id":"https:\/\/diarieducacio.cat\/grao\/2018\/09\/27\/idees-aprendre-a-prioritzar\/","url":"https:\/\/diarieducacio.cat\/grao\/2018\/09\/27\/idees-aprendre-a-prioritzar\/","name":"Idees: Aprendre a prioritzar - L'escola gra\u00f3 a gra\u00f3","isPartOf":{"@id":"https:\/\/diarieducacio.cat\/grao\/#website"},"primaryImageOfPage":{"@id":"https:\/\/diarieducacio.cat\/grao\/2018\/09\/27\/idees-aprendre-a-prioritzar\/#primaryimage"},"image":{"@id":"https:\/\/diarieducacio.cat\/grao\/2018\/09\/27\/idees-aprendre-a-prioritzar\/#primaryimage"},"thumbnailUrl":"https:\/\/diarieducacio.cat\/grao\/wp-content\/uploads\/sites\/31\/2018\/06\/GU44415.jpg","datePublished":"2018-09-27T20:57:39+00:00","dateModified":"2024-05-13T16:30:26+00:00","author":{"@id":"https:\/\/diarieducacio.cat\/grao\/#\/schema\/person\/131fe889ba50cb4a8381cabc75beb3ff"},"breadcrumb":{"@id":"https:\/\/diarieducacio.cat\/grao\/2018\/09\/27\/idees-aprendre-a-prioritzar\/#breadcrumb"},"inLanguage":"ca","potentialAction":[{"@type":"ReadAction","target":["https:\/\/diarieducacio.cat\/grao\/2018\/09\/27\/idees-aprendre-a-prioritzar\/"]}]},{"@type":"ImageObject","inLanguage":"ca","@id":"https:\/\/diarieducacio.cat\/grao\/2018\/09\/27\/idees-aprendre-a-prioritzar\/#primaryimage","url":"https:\/\/diarieducacio.cat\/grao\/wp-content\/uploads\/sites\/31\/2018\/06\/GU44415.jpg","contentUrl":"https:\/\/diarieducacio.cat\/grao\/wp-content\/uploads\/sites\/31\/2018\/06\/GU44415.jpg","width":163,"height":163},{"@type":"BreadcrumbList","@id":"https:\/\/diarieducacio.cat\/grao\/2018\/09\/27\/idees-aprendre-a-prioritzar\/#breadcrumb","itemListElement":[{"@type":"ListItem","position":1,"name":"Inici","item":"https:\/\/diarieducacio.cat\/grao\/"},{"@type":"ListItem","position":2,"name":"Idees: Aprendre a prioritzar"}]},{"@type":"WebSite","@id":"https:\/\/diarieducacio.cat\/grao\/#website","url":"https:\/\/diarieducacio.cat\/grao\/","name":"L'escola gra\u00f3 a gra\u00f3","description":"Un blog de El Diari de l&#039;Educaci\u00f3","potentialAction":[{"@type":"SearchAction","target":{"@type":"EntryPoint","urlTemplate":"https:\/\/diarieducacio.cat\/grao\/?s={search_term_string}"},"query-input":{"@type":"PropertyValueSpecification","valueRequired":true,"valueName":"search_term_string"}}],"inLanguage":"ca"},{"@type":"Person","@id":"https:\/\/diarieducacio.cat\/grao\/#\/schema\/person\/131fe889ba50cb4a8381cabc75beb3ff","name":"Redacci\u00f3 - Editorial Gra\u00f3","image":{"@type":"ImageObject","inLanguage":"ca","@id":"https:\/\/secure.gravatar.com\/avatar\/9d8b5293e92495f73d6f062cfac5de13f5a8355a89caf901edc1274d5640ad66?s=96&d=mm&r=g","url":"https:\/\/secure.gravatar.com\/avatar\/9d8b5293e92495f73d6f062cfac5de13f5a8355a89caf901edc1274d5640ad66?s=96&d=mm&r=g","contentUrl":"https:\/\/secure.gravatar.com\/avatar\/9d8b5293e92495f73d6f062cfac5de13f5a8355a89caf901edc1274d5640ad66?s=96&d=mm&r=g","caption":"Redacci\u00f3 - Editorial Gra\u00f3"},"url":"https:\/\/diarieducacio.cat\/grao\/author\/emoreno\/"}]}},"_links":{"self":[{"href":"https:\/\/diarieducacio.cat\/grao\/wp-json\/wp\/v2\/posts\/1857","targetHints":{"allow":["GET"]}}],"collection":[{"href":"https:\/\/diarieducacio.cat\/grao\/wp-json\/wp\/v2\/posts"}],"about":[{"href":"https:\/\/diarieducacio.cat\/grao\/wp-json\/wp\/v2\/types\/post"}],"author":[{"embeddable":true,"href":"https:\/\/diarieducacio.cat\/grao\/wp-json\/wp\/v2\/users\/524"}],"replies":[{"embeddable":true,"href":"https:\/\/diarieducacio.cat\/grao\/wp-json\/wp\/v2\/comments?post=1857"}],"version-history":[{"count":1,"href":"https:\/\/diarieducacio.cat\/grao\/wp-json\/wp\/v2\/posts\/1857\/revisions"}],"predecessor-version":[{"id":6299,"href":"https:\/\/diarieducacio.cat\/grao\/wp-json\/wp\/v2\/posts\/1857\/revisions\/6299"}],"wp:featuredmedia":[{"embeddable":true,"href":"https:\/\/diarieducacio.cat\/grao\/wp-json\/wp\/v2\/media\/1858"}],"wp:attachment":[{"href":"https:\/\/diarieducacio.cat\/grao\/wp-json\/wp\/v2\/media?parent=1857"}],"wp:term":[{"taxonomy":"category","embeddable":true,"href":"https:\/\/diarieducacio.cat\/grao\/wp-json\/wp\/v2\/categories?post=1857"},{"taxonomy":"post_tag","embeddable":true,"href":"https:\/\/diarieducacio.cat\/grao\/wp-json\/wp\/v2\/tags?post=1857"},{"taxonomy":"tipo","embeddable":true,"href":"https:\/\/diarieducacio.cat\/grao\/wp-json\/wp\/v2\/tipo?post=1857"}],"curies":[{"name":"wp","href":"https:\/\/api.w.org\/{rel}","templated":true}]}}