{"id":203,"date":"2014-06-20T05:32:34","date_gmt":"2014-06-20T05:32:34","guid":{"rendered":"https:\/\/diarieducacio.cat\/grao\/?p=203"},"modified":"2024-05-13T18:30:11","modified_gmt":"2024-05-13T16:30:11","slug":"tu-maprens","status":"publish","type":"post","link":"https:\/\/diarieducacio.cat\/grao\/2014\/06\/20\/tu-maprens\/","title":{"rendered":"\u00abTu m&#8217;aprens\u00bb."},"content":{"rendered":"<p><em>Si tal com s&#8217;afirma en la introducci\u00f3 d&#8217;aquest llibre \u00abviure \u00e9s conviure amb la mem\u00f2ria\u00bb podr\u00edem deduir que la mem\u00f2ria ens ajuda a construir-nos d&#8217;una determinada manera. Tu m&#8217;aprens no \u00e9s un llibre de mem\u00f2ries. \u00c9s un llibre sobre la mem\u00f2ria on l&#8217;autor reflexiona a partir d&#8217;all\u00f2 que recorda, a partir d&#8217;alguns dels moments que l&#8217;han fet ser com \u00e9s. Aix\u00ed, aquesta mem\u00f2ria es projecta en el present i en el futur, ajuda a donar sentit al dia a dia on el mestre intenta respondre a les necessitats que t\u00e9 la persona a qui acull i acompanya en el proc\u00e9s de descobriment del m\u00f3n. Potser \u00e9s per aix\u00f2 que l&#8217;autor creu que una manera de definir qu\u00e8 significa educar \u00e9s la seg\u00fcent: compartir la interpretaci\u00f3 que fem del m\u00f3n.<\/em><\/p>\n<h3>Veure coses diferents<\/h3>\n<p>Amb la colla de sis\u00e8, discutim el significat d\u2019un acudit del gran Forges.<\/p>\n<p>Abans, per\u00f2, hem de posar en com\u00fa qu\u00e8 hi veiem. Jo hi veig el seg\u00fcent: una patera plena d\u2019immigrants recorrent la travessia durant una nit amb una lluna que \u00e9s un tall de mel\u00f3. El mar est\u00e0 bastant mogut. Un dels que viatgen en aquesta embarcaci\u00f3 tan plena i que pot tenir un final molt tr\u00e0gic pregunta: \u00abMam\u00e1, \u00bfy podr\u00e9 tener un l\u00e1piz?\u00bb. En un rac\u00f3 de la vinyeta, hi apareix aquest cartell: \u00abPremio de Bellas Artes del a\u00f1o 2026 llegando a la costa de las Canarias\u00bb.<\/p>\n<p>Aix\u00f2 \u00e9s el que hi veig, i aquesta lectura \u00e9s compartida per tota la classe.<\/p>\n<p>Un cop hem comentat el que hi hem vist, els infants comencen a interpretar la vinyeta. Els costa, sobretot, relacionar la pregunta que fa la criatura amb el cartell del premi de Belles Arts. Aclarim qu\u00e8 vol dir aix\u00f2 de \u00abBelles Arts\u00bb. Intento plantejar preguntes que els ajudin a interpretar l\u2019acudit. Al final, arribem a un acord bastant acceptat per tothom i els demano que l\u2019escriguin i que diferenci\u00efn qu\u00e8 hi veuen de qu\u00e8 n\u2019interpreten.<\/p>\n<p>En recullo els treballs i l\u2019endem\u00e0 me\u2019ls miro. Una nena que t\u00e9 dificultats auditives escriu el seg\u00fcent: \u00abVeig un grup de girafes que estan anant al zoo de Barcelona\u00bb.<\/p>\n<p>No cal que digui que em quedo amb la boca oberta. Si em punxen, no em treuen sang. Un grup de girafes? Quines girafes? On les veu, les girafes? Ben segur que no ha seguit la classe, \u00e9s clar. L\u2019he abandonat durant una bona estona i, com que t\u00e9 moltes dificultats per sentir-hi, ha arribat a conclusions ben curioses.<\/p>\n<p>Per dins em faig una llista de retrets: que si no puc programar sessions orals tan llargues sabent que tinc dues nenes amb problemes auditius a la classe; que si corro massa; que si xerro pels descosits i hi ha alumnes (i no cal que tinguin problemes auditius) que al cap d\u2019una estona ja han desconnectat i els seus cervells volen per la classe intentant trobar una escletxa per fugir; que si faig classes massa socr\u00e0tiques adre\u00e7ades a les criatures socr\u00e0tiques i que a les altres nom\u00e9s els queda el recurs de badallar; que si sembla mentida, Jaume, que amb els anys que fa que t\u2019arrossegues per les aules encara oblidis que el teu missatge ha de ser rebut per infants molt diversos&#8230;<\/p>\n<p>A la tarda, consulto el cas amb la mestra del Centre de Recursos Educatius per a Deficients Auditius del Vall\u00e8s (<em>CREDAV)<\/em> i decidim parlar amb aquesta nena. Li demanem que ens expliqui la sorpresa de les girafes.<\/p>\n<p>Tot \u00e9s molt m\u00e9s senzill del que ens pens\u00e0vem. \u00c9s ben cert que no va seguir durant gaire estona els meus comentaris i els de la resta de la classe al voltant de l\u2019acudit, per\u00f2 ella hi veu girafes on els altres hi veiem immigrants. I qu\u00e8 redimonis fan unes quantes girafes a plena nit, en una barca? Doncs \u00e9s ben senzill: van al zoo de Barcelona, que \u00e9s un espai que la nena coneix reb\u00e9.<\/p>\n<p><strong>Font: <\/strong><em>Tu m&#8217;aprens. Mem\u00f2ria i oblit d&#8217;un aprenent a mestre,\u00a0<\/em>Gra\u00f3, 2011. Col\u00b7lecci\u00f3 Micro Macro Refer\u00e8ncies, 15.<\/p>\n","protected":false},"excerpt":{"rendered":"<p>Amb la colla de sis\u00e8, discutim el significat d\u2019un acudit del gran Forges. Abans, per\u00f2, hem de posar en com\u00fa qu\u00e8 hi veiem. Jo hi veig el seg\u00fcent: una patera plena d\u2019immigrants recorrent la travessia durant una nit amb una lluna que \u00e9s un tall de mel\u00f3.<\/p>\n","protected":false},"author":532,"featured_media":1812,"comment_status":"open","ping_status":"open","sticky":false,"template":"","format":"standard","meta":{"footnotes":""},"categories":[143,115,146],"tags":[142,144,145,147],"tipo":[],"class_list":{"0":"post-203","1":"post","2":"type-post","3":"status-publish","4":"format-standard","5":"has-post-thumbnail","7":"category-filosofia-de-leducacio","8":"category-reflexio","9":"category-retrats-de-vivencies-personals","10":"tag-creativitat-2","11":"tag-interpretacions","12":"tag-memoria","13":"tag-visio-del-mon"},"yoast_head":"<!-- This site is optimized with the Yoast SEO plugin v27.5 - https:\/\/yoast.com\/product\/yoast-seo-wordpress\/ -->\n<title>\u00abTu m&#039;aprens\u00bb. - L&#039;escola gra\u00f3 a gra\u00f3<\/title>\n<meta name=\"robots\" content=\"index, follow, max-snippet:-1, max-image-preview:large, max-video-preview:-1\" \/>\n<link rel=\"canonical\" href=\"https:\/\/diarieducacio.cat\/grao\/2014\/06\/20\/tu-maprens\/\" \/>\n<meta property=\"og:locale\" content=\"ca_ES\" \/>\n<meta property=\"og:type\" content=\"article\" \/>\n<meta property=\"og:title\" content=\"\u00abTu m&#039;aprens\u00bb. - L&#039;escola gra\u00f3 a gra\u00f3\" \/>\n<meta property=\"og:description\" content=\"Amb la colla de sis\u00e8, discutim el significat d\u2019un acudit del gran Forges. Abans, per\u00f2, hem de posar en com\u00fa qu\u00e8 hi veiem. Jo hi veig el seg\u00fcent: una patera plena d\u2019immigrants recorrent la travessia durant una nit amb una lluna que \u00e9s un tall de mel\u00f3.\" \/>\n<meta property=\"og:url\" content=\"https:\/\/diarieducacio.cat\/grao\/2014\/06\/20\/tu-maprens\/\" \/>\n<meta property=\"og:site_name\" content=\"L&#039;escola gra\u00f3 a gra\u00f3\" \/>\n<meta property=\"article:published_time\" content=\"2014-06-20T05:32:34+00:00\" \/>\n<meta property=\"article:modified_time\" content=\"2024-05-13T16:30:11+00:00\" \/>\n<meta property=\"og:image\" content=\"https:\/\/diarieducacio.cat\/grao\/wp-content\/uploads\/sites\/31\/2014\/06\/cela.jpg\" \/>\n\t<meta property=\"og:image:width\" content=\"263\" \/>\n\t<meta property=\"og:image:height\" content=\"172\" \/>\n\t<meta property=\"og:image:type\" content=\"image\/jpeg\" \/>\n<meta name=\"author\" content=\"Jaume Cela\" \/>\n<meta name=\"twitter:card\" content=\"summary_large_image\" \/>\n<meta name=\"twitter:creator\" content=\"@ecortesmau\" \/>\n<meta name=\"twitter:label1\" content=\"Escrit per\" \/>\n\t<meta name=\"twitter:data1\" content=\"Jaume Cela\" \/>\n\t<meta name=\"twitter:label2\" content=\"Temps estimat de lectura\" \/>\n\t<meta name=\"twitter:data2\" content=\"3 minuts\" \/>\n<script type=\"application\/ld+json\" class=\"yoast-schema-graph\">{\"@context\":\"https:\\\/\\\/schema.org\",\"@graph\":[{\"@type\":\"Article\",\"@id\":\"https:\\\/\\\/diarieducacio.cat\\\/grao\\\/2014\\\/06\\\/20\\\/tu-maprens\\\/#article\",\"isPartOf\":{\"@id\":\"https:\\\/\\\/diarieducacio.cat\\\/grao\\\/2014\\\/06\\\/20\\\/tu-maprens\\\/\"},\"author\":{\"name\":\"Jaume Cela\",\"@id\":\"https:\\\/\\\/diarieducacio.cat\\\/grao\\\/#\\\/schema\\\/person\\\/df9927b9e7c161e25ecb61f7a131452c\"},\"headline\":\"\u00abTu m&#8217;aprens\u00bb.\",\"datePublished\":\"2014-06-20T05:32:34+00:00\",\"dateModified\":\"2024-05-13T16:30:11+00:00\",\"mainEntityOfPage\":{\"@id\":\"https:\\\/\\\/diarieducacio.cat\\\/grao\\\/2014\\\/06\\\/20\\\/tu-maprens\\\/\"},\"wordCount\":711,\"commentCount\":0,\"image\":{\"@id\":\"https:\\\/\\\/diarieducacio.cat\\\/grao\\\/2014\\\/06\\\/20\\\/tu-maprens\\\/#primaryimage\"},\"thumbnailUrl\":\"https:\\\/\\\/diarieducacio.cat\\\/grao\\\/wp-content\\\/uploads\\\/sites\\\/31\\\/2014\\\/06\\\/cela.jpg\",\"keywords\":[\"creativitat\",\"Interpretacions\",\"mem\u00f2ria\",\"visi\u00f3 del m\u00f3n\"],\"articleSection\":[\"Filosofia de l'educaci\u00f3\",\"Reflexi\u00f3\",\"Retrats de viv\u00e8ncies personals\"],\"inLanguage\":\"ca\",\"potentialAction\":[{\"@type\":\"CommentAction\",\"name\":\"Comment\",\"target\":[\"https:\\\/\\\/diarieducacio.cat\\\/grao\\\/2014\\\/06\\\/20\\\/tu-maprens\\\/#respond\"]}]},{\"@type\":\"WebPage\",\"@id\":\"https:\\\/\\\/diarieducacio.cat\\\/grao\\\/2014\\\/06\\\/20\\\/tu-maprens\\\/\",\"url\":\"https:\\\/\\\/diarieducacio.cat\\\/grao\\\/2014\\\/06\\\/20\\\/tu-maprens\\\/\",\"name\":\"\u00abTu m'aprens\u00bb. - L'escola gra\u00f3 a gra\u00f3\",\"isPartOf\":{\"@id\":\"https:\\\/\\\/diarieducacio.cat\\\/grao\\\/#website\"},\"primaryImageOfPage\":{\"@id\":\"https:\\\/\\\/diarieducacio.cat\\\/grao\\\/2014\\\/06\\\/20\\\/tu-maprens\\\/#primaryimage\"},\"image\":{\"@id\":\"https:\\\/\\\/diarieducacio.cat\\\/grao\\\/2014\\\/06\\\/20\\\/tu-maprens\\\/#primaryimage\"},\"thumbnailUrl\":\"https:\\\/\\\/diarieducacio.cat\\\/grao\\\/wp-content\\\/uploads\\\/sites\\\/31\\\/2014\\\/06\\\/cela.jpg\",\"datePublished\":\"2014-06-20T05:32:34+00:00\",\"dateModified\":\"2024-05-13T16:30:11+00:00\",\"author\":{\"@id\":\"https:\\\/\\\/diarieducacio.cat\\\/grao\\\/#\\\/schema\\\/person\\\/df9927b9e7c161e25ecb61f7a131452c\"},\"breadcrumb\":{\"@id\":\"https:\\\/\\\/diarieducacio.cat\\\/grao\\\/2014\\\/06\\\/20\\\/tu-maprens\\\/#breadcrumb\"},\"inLanguage\":\"ca\",\"potentialAction\":[{\"@type\":\"ReadAction\",\"target\":[\"https:\\\/\\\/diarieducacio.cat\\\/grao\\\/2014\\\/06\\\/20\\\/tu-maprens\\\/\"]}]},{\"@type\":\"ImageObject\",\"inLanguage\":\"ca\",\"@id\":\"https:\\\/\\\/diarieducacio.cat\\\/grao\\\/2014\\\/06\\\/20\\\/tu-maprens\\\/#primaryimage\",\"url\":\"https:\\\/\\\/diarieducacio.cat\\\/grao\\\/wp-content\\\/uploads\\\/sites\\\/31\\\/2014\\\/06\\\/cela.jpg\",\"contentUrl\":\"https:\\\/\\\/diarieducacio.cat\\\/grao\\\/wp-content\\\/uploads\\\/sites\\\/31\\\/2014\\\/06\\\/cela.jpg\",\"width\":263,\"height\":172},{\"@type\":\"BreadcrumbList\",\"@id\":\"https:\\\/\\\/diarieducacio.cat\\\/grao\\\/2014\\\/06\\\/20\\\/tu-maprens\\\/#breadcrumb\",\"itemListElement\":[{\"@type\":\"ListItem\",\"position\":1,\"name\":\"Inici\",\"item\":\"https:\\\/\\\/diarieducacio.cat\\\/grao\\\/\"},{\"@type\":\"ListItem\",\"position\":2,\"name\":\"\u00abTu m&#8217;aprens\u00bb.\"}]},{\"@type\":\"WebSite\",\"@id\":\"https:\\\/\\\/diarieducacio.cat\\\/grao\\\/#website\",\"url\":\"https:\\\/\\\/diarieducacio.cat\\\/grao\\\/\",\"name\":\"L'escola gra\u00f3 a gra\u00f3\",\"description\":\"Un blog de El Diari de l&#039;Educaci\u00f3\",\"potentialAction\":[{\"@type\":\"SearchAction\",\"target\":{\"@type\":\"EntryPoint\",\"urlTemplate\":\"https:\\\/\\\/diarieducacio.cat\\\/grao\\\/?s={search_term_string}\"},\"query-input\":{\"@type\":\"PropertyValueSpecification\",\"valueRequired\":true,\"valueName\":\"search_term_string\"}}],\"inLanguage\":\"ca\"},{\"@type\":\"Person\",\"@id\":\"https:\\\/\\\/diarieducacio.cat\\\/grao\\\/#\\\/schema\\\/person\\\/df9927b9e7c161e25ecb61f7a131452c\",\"name\":\"Jaume Cela\",\"image\":{\"@type\":\"ImageObject\",\"inLanguage\":\"ca\",\"@id\":\"https:\\\/\\\/secure.gravatar.com\\\/avatar\\\/812e450fd53ebdc289886070f028814c0e77aad85866619ff28961db447b80fe?s=96&d=mm&r=g\",\"url\":\"https:\\\/\\\/secure.gravatar.com\\\/avatar\\\/812e450fd53ebdc289886070f028814c0e77aad85866619ff28961db447b80fe?s=96&d=mm&r=g\",\"contentUrl\":\"https:\\\/\\\/secure.gravatar.com\\\/avatar\\\/812e450fd53ebdc289886070f028814c0e77aad85866619ff28961db447b80fe?s=96&d=mm&r=g\",\"caption\":\"Jaume Cela\"},\"sameAs\":[\"https:\\\/\\\/x.com\\\/ecortesmau\"],\"url\":\"https:\\\/\\\/diarieducacio.cat\\\/grao\\\/author\\\/jaumecela\\\/\"}]}<\/script>\n<!-- \/ Yoast SEO plugin. -->","yoast_head_json":{"title":"\u00abTu m'aprens\u00bb. - L'escola gra\u00f3 a gra\u00f3","robots":{"index":"index","follow":"follow","max-snippet":"max-snippet:-1","max-image-preview":"max-image-preview:large","max-video-preview":"max-video-preview:-1"},"canonical":"https:\/\/diarieducacio.cat\/grao\/2014\/06\/20\/tu-maprens\/","og_locale":"ca_ES","og_type":"article","og_title":"\u00abTu m'aprens\u00bb. - L'escola gra\u00f3 a gra\u00f3","og_description":"Amb la colla de sis\u00e8, discutim el significat d\u2019un acudit del gran Forges. Abans, per\u00f2, hem de posar en com\u00fa qu\u00e8 hi veiem. Jo hi veig el seg\u00fcent: una patera plena d\u2019immigrants recorrent la travessia durant una nit amb una lluna que \u00e9s un tall de mel\u00f3.","og_url":"https:\/\/diarieducacio.cat\/grao\/2014\/06\/20\/tu-maprens\/","og_site_name":"L'escola gra\u00f3 a gra\u00f3","article_published_time":"2014-06-20T05:32:34+00:00","article_modified_time":"2024-05-13T16:30:11+00:00","og_image":[{"width":263,"height":172,"url":"https:\/\/diarieducacio.cat\/grao\/wp-content\/uploads\/sites\/31\/2014\/06\/cela.jpg","type":"image\/jpeg"}],"author":"Jaume Cela","twitter_card":"summary_large_image","twitter_creator":"@ecortesmau","twitter_misc":{"Escrit per":"Jaume Cela","Temps estimat de lectura":"3 minuts"},"schema":{"@context":"https:\/\/schema.org","@graph":[{"@type":"Article","@id":"https:\/\/diarieducacio.cat\/grao\/2014\/06\/20\/tu-maprens\/#article","isPartOf":{"@id":"https:\/\/diarieducacio.cat\/grao\/2014\/06\/20\/tu-maprens\/"},"author":{"name":"Jaume Cela","@id":"https:\/\/diarieducacio.cat\/grao\/#\/schema\/person\/df9927b9e7c161e25ecb61f7a131452c"},"headline":"\u00abTu m&#8217;aprens\u00bb.","datePublished":"2014-06-20T05:32:34+00:00","dateModified":"2024-05-13T16:30:11+00:00","mainEntityOfPage":{"@id":"https:\/\/diarieducacio.cat\/grao\/2014\/06\/20\/tu-maprens\/"},"wordCount":711,"commentCount":0,"image":{"@id":"https:\/\/diarieducacio.cat\/grao\/2014\/06\/20\/tu-maprens\/#primaryimage"},"thumbnailUrl":"https:\/\/diarieducacio.cat\/grao\/wp-content\/uploads\/sites\/31\/2014\/06\/cela.jpg","keywords":["creativitat","Interpretacions","mem\u00f2ria","visi\u00f3 del m\u00f3n"],"articleSection":["Filosofia de l'educaci\u00f3","Reflexi\u00f3","Retrats de viv\u00e8ncies personals"],"inLanguage":"ca","potentialAction":[{"@type":"CommentAction","name":"Comment","target":["https:\/\/diarieducacio.cat\/grao\/2014\/06\/20\/tu-maprens\/#respond"]}]},{"@type":"WebPage","@id":"https:\/\/diarieducacio.cat\/grao\/2014\/06\/20\/tu-maprens\/","url":"https:\/\/diarieducacio.cat\/grao\/2014\/06\/20\/tu-maprens\/","name":"\u00abTu m'aprens\u00bb. - L'escola gra\u00f3 a gra\u00f3","isPartOf":{"@id":"https:\/\/diarieducacio.cat\/grao\/#website"},"primaryImageOfPage":{"@id":"https:\/\/diarieducacio.cat\/grao\/2014\/06\/20\/tu-maprens\/#primaryimage"},"image":{"@id":"https:\/\/diarieducacio.cat\/grao\/2014\/06\/20\/tu-maprens\/#primaryimage"},"thumbnailUrl":"https:\/\/diarieducacio.cat\/grao\/wp-content\/uploads\/sites\/31\/2014\/06\/cela.jpg","datePublished":"2014-06-20T05:32:34+00:00","dateModified":"2024-05-13T16:30:11+00:00","author":{"@id":"https:\/\/diarieducacio.cat\/grao\/#\/schema\/person\/df9927b9e7c161e25ecb61f7a131452c"},"breadcrumb":{"@id":"https:\/\/diarieducacio.cat\/grao\/2014\/06\/20\/tu-maprens\/#breadcrumb"},"inLanguage":"ca","potentialAction":[{"@type":"ReadAction","target":["https:\/\/diarieducacio.cat\/grao\/2014\/06\/20\/tu-maprens\/"]}]},{"@type":"ImageObject","inLanguage":"ca","@id":"https:\/\/diarieducacio.cat\/grao\/2014\/06\/20\/tu-maprens\/#primaryimage","url":"https:\/\/diarieducacio.cat\/grao\/wp-content\/uploads\/sites\/31\/2014\/06\/cela.jpg","contentUrl":"https:\/\/diarieducacio.cat\/grao\/wp-content\/uploads\/sites\/31\/2014\/06\/cela.jpg","width":263,"height":172},{"@type":"BreadcrumbList","@id":"https:\/\/diarieducacio.cat\/grao\/2014\/06\/20\/tu-maprens\/#breadcrumb","itemListElement":[{"@type":"ListItem","position":1,"name":"Inici","item":"https:\/\/diarieducacio.cat\/grao\/"},{"@type":"ListItem","position":2,"name":"\u00abTu m&#8217;aprens\u00bb."}]},{"@type":"WebSite","@id":"https:\/\/diarieducacio.cat\/grao\/#website","url":"https:\/\/diarieducacio.cat\/grao\/","name":"L'escola gra\u00f3 a gra\u00f3","description":"Un blog de El Diari de l&#039;Educaci\u00f3","potentialAction":[{"@type":"SearchAction","target":{"@type":"EntryPoint","urlTemplate":"https:\/\/diarieducacio.cat\/grao\/?s={search_term_string}"},"query-input":{"@type":"PropertyValueSpecification","valueRequired":true,"valueName":"search_term_string"}}],"inLanguage":"ca"},{"@type":"Person","@id":"https:\/\/diarieducacio.cat\/grao\/#\/schema\/person\/df9927b9e7c161e25ecb61f7a131452c","name":"Jaume Cela","image":{"@type":"ImageObject","inLanguage":"ca","@id":"https:\/\/secure.gravatar.com\/avatar\/812e450fd53ebdc289886070f028814c0e77aad85866619ff28961db447b80fe?s=96&d=mm&r=g","url":"https:\/\/secure.gravatar.com\/avatar\/812e450fd53ebdc289886070f028814c0e77aad85866619ff28961db447b80fe?s=96&d=mm&r=g","contentUrl":"https:\/\/secure.gravatar.com\/avatar\/812e450fd53ebdc289886070f028814c0e77aad85866619ff28961db447b80fe?s=96&d=mm&r=g","caption":"Jaume Cela"},"sameAs":["https:\/\/x.com\/ecortesmau"],"url":"https:\/\/diarieducacio.cat\/grao\/author\/jaumecela\/"}]}},"_links":{"self":[{"href":"https:\/\/diarieducacio.cat\/grao\/wp-json\/wp\/v2\/posts\/203","targetHints":{"allow":["GET"]}}],"collection":[{"href":"https:\/\/diarieducacio.cat\/grao\/wp-json\/wp\/v2\/posts"}],"about":[{"href":"https:\/\/diarieducacio.cat\/grao\/wp-json\/wp\/v2\/types\/post"}],"author":[{"embeddable":true,"href":"https:\/\/diarieducacio.cat\/grao\/wp-json\/wp\/v2\/users\/532"}],"replies":[{"embeddable":true,"href":"https:\/\/diarieducacio.cat\/grao\/wp-json\/wp\/v2\/comments?post=203"}],"version-history":[{"count":1,"href":"https:\/\/diarieducacio.cat\/grao\/wp-json\/wp\/v2\/posts\/203\/revisions"}],"predecessor-version":[{"id":6162,"href":"https:\/\/diarieducacio.cat\/grao\/wp-json\/wp\/v2\/posts\/203\/revisions\/6162"}],"wp:featuredmedia":[{"embeddable":true,"href":"https:\/\/diarieducacio.cat\/grao\/wp-json\/wp\/v2\/media\/1812"}],"wp:attachment":[{"href":"https:\/\/diarieducacio.cat\/grao\/wp-json\/wp\/v2\/media?parent=203"}],"wp:term":[{"taxonomy":"category","embeddable":true,"href":"https:\/\/diarieducacio.cat\/grao\/wp-json\/wp\/v2\/categories?post=203"},{"taxonomy":"post_tag","embeddable":true,"href":"https:\/\/diarieducacio.cat\/grao\/wp-json\/wp\/v2\/tags?post=203"},{"taxonomy":"tipo","embeddable":true,"href":"https:\/\/diarieducacio.cat\/grao\/wp-json\/wp\/v2\/tipo?post=203"}],"curies":[{"name":"wp","href":"https:\/\/api.w.org\/{rel}","templated":true}]}}