{"id":205,"date":"2014-06-25T07:08:33","date_gmt":"2014-06-25T07:08:33","guid":{"rendered":"https:\/\/diarieducacio.cat\/grao\/?p=205"},"modified":"2024-05-13T18:30:11","modified_gmt":"2024-05-13T16:30:11","slug":"les-escoles-destiu-molt-mes-que-formacio-del-professorat","status":"publish","type":"post","link":"https:\/\/diarieducacio.cat\/grao\/2014\/06\/25\/les-escoles-destiu-molt-mes-que-formacio-del-professorat\/","title":{"rendered":"Les escoles d&#8217;estiu, molt m\u00e9s que formaci\u00f3 del professorat"},"content":{"rendered":"<p>La trobada volunt\u00e0ria de mestres o professors a l\u2019escola, en un local municipal, en una cafeteria o sota l\u2019aixopluc associatiu del Moviment de Renovaci\u00f3 Pedag\u00f2gica per compartir coneixements, experi\u00e8ncia, dubtes, il\u00b7lusions o aspectes que no rutllen prou b\u00e9 \u00e9s una mostra m\u00e9s de la professionalitat del teixit educatiu del pa\u00eds. Fruit d\u2019aquest di\u00e0leg compartit des de la diversitat de realitats i necessitats, i alhora en contrast amb la teoria, es plantegen reptes comuns per assolir.<\/p>\n<p>Quina situaci\u00f3 tan senzilla i tan complexa\u00a0alhora. Senzilla, que no vol dir simple\u00a0perqu\u00e8 s\u2019estan generant processos de reflexi\u00f3\u00a0sobre les pr\u00f2pies pr\u00e0ctiques des\u00a0d\u2019una perspectiva totalment volunt\u00e0ria,\u00a0per\u00f2 amb una c\u00e0rrega forta de comprom\u00eds\u00a0professional, personal i \u00e8tic. I complexa, perqu\u00e8\u00a0aquestes trobades d\u2019organitzaci\u00f3\u00a0horitzontal han tingut una gran incid\u00e8ncia\u00a0en la formaci\u00f3 del professorat i en el propi\u00a0sistema educatiu al llarg de la hist\u00f2ria del\u00a0darrer segle.<\/p>\n<p>Aquest ha estat el germen de les escoles\u00a0d\u2019estiu del nostre pa\u00eds. Partir de la centralitat\u00a0de l\u2019alumnat \u2013infants, joves i\u00a0adults\u2013 en el proc\u00e9s educatiu, veure\u2019n les\u00a0capacitats i potencialitats. Tenir en compte preferentment les inquietuds de\u00a0la base, de l\u2019aula, de l\u2019escola, de qualsevol\u00a0centre docent per\u00a0tornar-hi el curs seg\u00fcent\u00a0amb il\u00b7lusions\u00a0renovades i reptes\u00a0nous, posant la mirada\u00a0sempre en el\u00a0context territorial i en\u00a0la situaci\u00f3 social i\u00a0educativa que es viu.\u00a0Cuidant alhora l\u2019enfocament\u00a0de les accions formatives,\u00a0guiades en tots els casos per un gran\u00a0respecte vers el professorat que hi assisteix,\u00a0respecte que suposa reconeixement\u00a0i consideraci\u00f3 professional. Especialment\u00a0important \u00e9s el clima que es genera a\u00a0l\u2019escola d\u2019estiu, l\u2019atmosfera que s\u2019hi viu,\u00a0que s\u2019hi respira. Sempre hi ha espais\u00a0pensats per a la trobada informal, que\u00a0molts cops s\u00f3n retrobada, espais per a la\u00a0conversa, per a la celebraci\u00f3, espais facilitadors\u00a0de benestar, alegria, motivaci\u00f3,\u00a0companyonia entre persones de centres\u00a0educatius d\u2019un mateix territori, d\u2019escoles\u00a0o localitats ve\u00efnes.<\/p>\n<blockquote><p>Aquest ha estat el germen de\u00a0les escoles d\u2019estiu del nostre\u00a0pa\u00eds: partir de la centralitat de\u00a0l\u2019alumnat \u2013infants, joves i\u00a0adults\u2013 en el proc\u00e9s educatiu,\u00a0veure\u2019n les capacitats i potencialitats.<\/p><\/blockquote>\n<p>Tots aquests factors, que han definit i\u00a0acompanyat les activitats i el quefer dels\u00a0moviments de renovaci\u00f3 pedag\u00f2gica,\u00a0contribueixen a enfortir una professionalitat\u00a0m\u00e9s interactiva i col\u00b7laborativa, amb la\u00a0qual cosa es fan realitat els principis de\u00a0la renovaci\u00f3 pedag\u00f2gica.<\/p>\n<p>Perqu\u00e8 les escoles d\u2019estiu puguin obrir\u00a0puntualment a principis de juliol, cal\u00a0molta feina organitzativa que\u00a0acompanyi la pedag\u00f2gica.\u00a0Aquesta\u00a0feina recau sobre un equip de persones,\u00a0a voltes an\u00f2nimes,\u00a0que hi han\u00a0de posar temps,\u00a0esfor\u00e7 i entusiasme per aconseguir que tot surti b\u00e9.<\/p>\n<p>Tamb\u00e9 s\u2019ha de remarcar que el professorat\u00a0assistent \u00e9s gener\u00f3s, col\u00b7laborador\u00a0i comprensiu. En definitiva, una\u00a0conviv\u00e8ncia durant un temps breu que\u00a0podr\u00edem anomenar de \u00ablleure\u00bb, que ens<br \/>\nesperona i que ens il\u00b7lusiona a tornar a\u00a0comen\u00e7ar, a repensar i a treballar per\u00a0l\u2019educaci\u00f3 del pa\u00eds.<\/p>\n<p>Les lectores i els lectors podreu veure\u00a0que Catalunya celebra el centenari de\u00a0la primera escola d\u2019estiu, impulsada\u00a0l\u2019any 1914 per Eladi Homs, despr\u00e9s\u00a0d\u2019una estada a l\u2019estranger, concretament\u00a0als Estats Units, a la Universitat\u00a0de Chicago, on descobr\u00ed com mestres de\u00a0tot el pa\u00eds es formaven durant l\u2019estiu en\u00a0la nova pedagogia de Dewey. La traject\u00f2ria\u00a0duta a terme en l\u2019\u00e8poca moderna,\u00a0des de l\u2019Escola d\u2019Estiu de Rosa Sensat\u00a0l\u2019any 1966, ens constata el valor que ha\u00a0tingut per a l\u2019escola p\u00fablica, per a l\u2019educaci\u00f3\u00a0en general, per a la formaci\u00f3 del\u00a0professorat, per a la normalitzaci\u00f3 ling\u00fc\u00edstica del nostre\u00a0pa\u00eds. Certament que\u00a0estem en moments d\u2019involuci\u00f3 en qu\u00e8 hi\u00a0ha molta feina per fer, per\u00f2 creiem fermament\u00a0que el valor de les escoles\u00a0d\u2019estiu i dels moviments de renovaci\u00f3 pedag\u00f2gica ha de tenir el reconeixement\u00a0professional, administratiu, pol\u00edtic\u00a0i social que realment es mereix.<\/p>\n<p>Nosaltres, des de GUIX, volem retre el\u00a0nostre homenatge particular a les moltes\u00a0persones del pa\u00eds que la fan possible any\u00a0rere any. Cr\u00e8iem, creiem i creurem que \u00e9s\u00a0patrimoni pedag\u00f2gic del nostre pa\u00eds que\u00a0cal preservar, mantenir i potenciar amb\u00a0comprom\u00eds i fermesa per part de totes les inst\u00e0ncies del sistema educatiu.<\/p>\n<p>Podeu accedir a l\u2019article en q\u00fcesti\u00f3 adre\u00e7ant-vos a aquest\u00a0<strong><a href=\"http:\/\/guix.grao.com\/revistes\/guix\/404-escoles-dacute-estiu-essencia-de-la-renovacio-pedagogica\/les-escoles-d-estiu-molt-mes-que-formacio-del-professorat\" target=\"_blank\" rel=\"noopener\">enlla\u00e7<\/a>.<\/strong><\/p>\n<p><strong>Font:\u00a0<\/strong>Revista GUIX, n\u00fam. 404. Gra\u00f3, 2014<\/p>\n","protected":false},"excerpt":{"rendered":"<p>Tots aquests factors, que han definit i acompanyat les activitats i el quefer dels moviments de renovaci\u00f3 pedag\u00f2gica, contribueixen a enfortir una professionalitat m\u00e9s interactiva i col\u00b7laborativa, amb la qual cosa es fan realitat els principis de la renovaci\u00f3 pedag\u00f2gica.<\/p>\n","protected":false},"author":530,"featured_media":396,"comment_status":"open","ping_status":"open","sticky":false,"template":"","format":"standard","meta":{"footnotes":""},"categories":[149,115],"tags":[148,150],"tipo":[],"class_list":{"0":"post-205","1":"post","2":"type-post","3":"status-publish","4":"format-standard","5":"has-post-thumbnail","7":"category-formacio-del-professorat","8":"category-reflexio","9":"tag-escoles-destiu","10":"tag-moviments-de-renovacio-pedagogica"},"yoast_head":"<!-- This site is optimized with the Yoast SEO plugin v27.5 - https:\/\/yoast.com\/product\/yoast-seo-wordpress\/ -->\n<title>Les escoles d&#039;estiu, molt m\u00e9s que formaci\u00f3 del professorat - L&#039;escola gra\u00f3 a gra\u00f3<\/title>\n<meta name=\"robots\" content=\"index, follow, max-snippet:-1, max-image-preview:large, max-video-preview:-1\" \/>\n<link rel=\"canonical\" href=\"https:\/\/diarieducacio.cat\/grao\/2014\/06\/25\/les-escoles-destiu-molt-mes-que-formacio-del-professorat\/\" \/>\n<meta property=\"og:locale\" content=\"ca_ES\" \/>\n<meta property=\"og:type\" content=\"article\" \/>\n<meta property=\"og:title\" content=\"Les escoles d&#039;estiu, molt m\u00e9s que formaci\u00f3 del professorat - L&#039;escola gra\u00f3 a gra\u00f3\" \/>\n<meta property=\"og:description\" content=\"Tots aquests factors, que han definit i acompanyat les activitats i el quefer dels moviments de renovaci\u00f3 pedag\u00f2gica, contribueixen a enfortir una professionalitat m\u00e9s interactiva i col\u00b7laborativa, amb la qual cosa es fan realitat els principis de la renovaci\u00f3 pedag\u00f2gica.\" \/>\n<meta property=\"og:url\" content=\"https:\/\/diarieducacio.cat\/grao\/2014\/06\/25\/les-escoles-destiu-molt-mes-que-formacio-del-professorat\/\" \/>\n<meta property=\"og:site_name\" content=\"L&#039;escola gra\u00f3 a gra\u00f3\" \/>\n<meta property=\"article:published_time\" content=\"2014-06-25T07:08:33+00:00\" \/>\n<meta property=\"article:modified_time\" content=\"2024-05-13T16:30:11+00:00\" \/>\n<meta property=\"og:image\" content=\"https:\/\/diarieducacio.cat\/grao\/wp-content\/uploads\/sites\/31\/2014\/06\/GU404f.jpg\" \/>\n\t<meta property=\"og:image:width\" content=\"263\" \/>\n\t<meta property=\"og:image:height\" content=\"182\" \/>\n\t<meta property=\"og:image:type\" content=\"image\/jpeg\" \/>\n<meta name=\"author\" content=\"Consell de Redacci\u00f3 de la revista Guix\" \/>\n<meta name=\"twitter:card\" content=\"summary_large_image\" \/>\n<meta name=\"twitter:label1\" content=\"Escrit per\" \/>\n\t<meta name=\"twitter:data1\" content=\"Consell de Redacci\u00f3 de la revista Guix\" \/>\n\t<meta name=\"twitter:label2\" content=\"Temps estimat de lectura\" \/>\n\t<meta name=\"twitter:data2\" content=\"4 minuts\" \/>\n<script type=\"application\/ld+json\" class=\"yoast-schema-graph\">{\"@context\":\"https:\\\/\\\/schema.org\",\"@graph\":[{\"@type\":\"Article\",\"@id\":\"https:\\\/\\\/diarieducacio.cat\\\/grao\\\/2014\\\/06\\\/25\\\/les-escoles-destiu-molt-mes-que-formacio-del-professorat\\\/#article\",\"isPartOf\":{\"@id\":\"https:\\\/\\\/diarieducacio.cat\\\/grao\\\/2014\\\/06\\\/25\\\/les-escoles-destiu-molt-mes-que-formacio-del-professorat\\\/\"},\"author\":{\"name\":\"Consell de Redacci\u00f3 de la revista Guix\",\"@id\":\"https:\\\/\\\/diarieducacio.cat\\\/grao\\\/#\\\/schema\\\/person\\\/9aabf75a2193f4d0c28ba2ddc2cb8021\"},\"headline\":\"Les escoles d&#8217;estiu, molt m\u00e9s que formaci\u00f3 del professorat\",\"datePublished\":\"2014-06-25T07:08:33+00:00\",\"dateModified\":\"2024-05-13T16:30:11+00:00\",\"mainEntityOfPage\":{\"@id\":\"https:\\\/\\\/diarieducacio.cat\\\/grao\\\/2014\\\/06\\\/25\\\/les-escoles-destiu-molt-mes-que-formacio-del-professorat\\\/\"},\"wordCount\":789,\"commentCount\":0,\"image\":{\"@id\":\"https:\\\/\\\/diarieducacio.cat\\\/grao\\\/2014\\\/06\\\/25\\\/les-escoles-destiu-molt-mes-que-formacio-del-professorat\\\/#primaryimage\"},\"thumbnailUrl\":\"https:\\\/\\\/diarieducacio.cat\\\/grao\\\/wp-content\\\/uploads\\\/sites\\\/31\\\/2014\\\/06\\\/GU404f.jpg\",\"keywords\":[\"escoles d'estiu\",\"Moviments de Renovaci\u00f3 Pedag\u00f2gica\"],\"articleSection\":[\"Formaci\u00f3 del professorat\",\"Reflexi\u00f3\"],\"inLanguage\":\"ca\",\"potentialAction\":[{\"@type\":\"CommentAction\",\"name\":\"Comment\",\"target\":[\"https:\\\/\\\/diarieducacio.cat\\\/grao\\\/2014\\\/06\\\/25\\\/les-escoles-destiu-molt-mes-que-formacio-del-professorat\\\/#respond\"]}]},{\"@type\":\"WebPage\",\"@id\":\"https:\\\/\\\/diarieducacio.cat\\\/grao\\\/2014\\\/06\\\/25\\\/les-escoles-destiu-molt-mes-que-formacio-del-professorat\\\/\",\"url\":\"https:\\\/\\\/diarieducacio.cat\\\/grao\\\/2014\\\/06\\\/25\\\/les-escoles-destiu-molt-mes-que-formacio-del-professorat\\\/\",\"name\":\"Les escoles d'estiu, molt m\u00e9s que formaci\u00f3 del professorat - L'escola gra\u00f3 a gra\u00f3\",\"isPartOf\":{\"@id\":\"https:\\\/\\\/diarieducacio.cat\\\/grao\\\/#website\"},\"primaryImageOfPage\":{\"@id\":\"https:\\\/\\\/diarieducacio.cat\\\/grao\\\/2014\\\/06\\\/25\\\/les-escoles-destiu-molt-mes-que-formacio-del-professorat\\\/#primaryimage\"},\"image\":{\"@id\":\"https:\\\/\\\/diarieducacio.cat\\\/grao\\\/2014\\\/06\\\/25\\\/les-escoles-destiu-molt-mes-que-formacio-del-professorat\\\/#primaryimage\"},\"thumbnailUrl\":\"https:\\\/\\\/diarieducacio.cat\\\/grao\\\/wp-content\\\/uploads\\\/sites\\\/31\\\/2014\\\/06\\\/GU404f.jpg\",\"datePublished\":\"2014-06-25T07:08:33+00:00\",\"dateModified\":\"2024-05-13T16:30:11+00:00\",\"author\":{\"@id\":\"https:\\\/\\\/diarieducacio.cat\\\/grao\\\/#\\\/schema\\\/person\\\/9aabf75a2193f4d0c28ba2ddc2cb8021\"},\"breadcrumb\":{\"@id\":\"https:\\\/\\\/diarieducacio.cat\\\/grao\\\/2014\\\/06\\\/25\\\/les-escoles-destiu-molt-mes-que-formacio-del-professorat\\\/#breadcrumb\"},\"inLanguage\":\"ca\",\"potentialAction\":[{\"@type\":\"ReadAction\",\"target\":[\"https:\\\/\\\/diarieducacio.cat\\\/grao\\\/2014\\\/06\\\/25\\\/les-escoles-destiu-molt-mes-que-formacio-del-professorat\\\/\"]}]},{\"@type\":\"ImageObject\",\"inLanguage\":\"ca\",\"@id\":\"https:\\\/\\\/diarieducacio.cat\\\/grao\\\/2014\\\/06\\\/25\\\/les-escoles-destiu-molt-mes-que-formacio-del-professorat\\\/#primaryimage\",\"url\":\"https:\\\/\\\/diarieducacio.cat\\\/grao\\\/wp-content\\\/uploads\\\/sites\\\/31\\\/2014\\\/06\\\/GU404f.jpg\",\"contentUrl\":\"https:\\\/\\\/diarieducacio.cat\\\/grao\\\/wp-content\\\/uploads\\\/sites\\\/31\\\/2014\\\/06\\\/GU404f.jpg\",\"width\":263,\"height\":182},{\"@type\":\"BreadcrumbList\",\"@id\":\"https:\\\/\\\/diarieducacio.cat\\\/grao\\\/2014\\\/06\\\/25\\\/les-escoles-destiu-molt-mes-que-formacio-del-professorat\\\/#breadcrumb\",\"itemListElement\":[{\"@type\":\"ListItem\",\"position\":1,\"name\":\"Inici\",\"item\":\"https:\\\/\\\/diarieducacio.cat\\\/grao\\\/\"},{\"@type\":\"ListItem\",\"position\":2,\"name\":\"Les escoles d&#8217;estiu, molt m\u00e9s que formaci\u00f3 del professorat\"}]},{\"@type\":\"WebSite\",\"@id\":\"https:\\\/\\\/diarieducacio.cat\\\/grao\\\/#website\",\"url\":\"https:\\\/\\\/diarieducacio.cat\\\/grao\\\/\",\"name\":\"L'escola gra\u00f3 a gra\u00f3\",\"description\":\"Un blog de El Diari de l&#039;Educaci\u00f3\",\"potentialAction\":[{\"@type\":\"SearchAction\",\"target\":{\"@type\":\"EntryPoint\",\"urlTemplate\":\"https:\\\/\\\/diarieducacio.cat\\\/grao\\\/?s={search_term_string}\"},\"query-input\":{\"@type\":\"PropertyValueSpecification\",\"valueRequired\":true,\"valueName\":\"search_term_string\"}}],\"inLanguage\":\"ca\"},{\"@type\":\"Person\",\"@id\":\"https:\\\/\\\/diarieducacio.cat\\\/grao\\\/#\\\/schema\\\/person\\\/9aabf75a2193f4d0c28ba2ddc2cb8021\",\"name\":\"Consell de Redacci\u00f3 de la revista Guix\",\"image\":{\"@type\":\"ImageObject\",\"inLanguage\":\"ca\",\"@id\":\"https:\\\/\\\/secure.gravatar.com\\\/avatar\\\/495b2dd0ab01155fd99436a14e203a527979fb5bd7022584c096ffe881a8d2c8?s=96&d=mm&r=g\",\"url\":\"https:\\\/\\\/secure.gravatar.com\\\/avatar\\\/495b2dd0ab01155fd99436a14e203a527979fb5bd7022584c096ffe881a8d2c8?s=96&d=mm&r=g\",\"contentUrl\":\"https:\\\/\\\/secure.gravatar.com\\\/avatar\\\/495b2dd0ab01155fd99436a14e203a527979fb5bd7022584c096ffe881a8d2c8?s=96&d=mm&r=g\",\"caption\":\"Consell de Redacci\u00f3 de la revista Guix\"},\"url\":\"https:\\\/\\\/diarieducacio.cat\\\/grao\\\/author\\\/guix\\\/\"}]}<\/script>\n<!-- \/ Yoast SEO plugin. -->","yoast_head_json":{"title":"Les escoles d'estiu, molt m\u00e9s que formaci\u00f3 del professorat - L'escola gra\u00f3 a gra\u00f3","robots":{"index":"index","follow":"follow","max-snippet":"max-snippet:-1","max-image-preview":"max-image-preview:large","max-video-preview":"max-video-preview:-1"},"canonical":"https:\/\/diarieducacio.cat\/grao\/2014\/06\/25\/les-escoles-destiu-molt-mes-que-formacio-del-professorat\/","og_locale":"ca_ES","og_type":"article","og_title":"Les escoles d'estiu, molt m\u00e9s que formaci\u00f3 del professorat - L'escola gra\u00f3 a gra\u00f3","og_description":"Tots aquests factors, que han definit i acompanyat les activitats i el quefer dels moviments de renovaci\u00f3 pedag\u00f2gica, contribueixen a enfortir una professionalitat m\u00e9s interactiva i col\u00b7laborativa, amb la qual cosa es fan realitat els principis de la renovaci\u00f3 pedag\u00f2gica.","og_url":"https:\/\/diarieducacio.cat\/grao\/2014\/06\/25\/les-escoles-destiu-molt-mes-que-formacio-del-professorat\/","og_site_name":"L'escola gra\u00f3 a gra\u00f3","article_published_time":"2014-06-25T07:08:33+00:00","article_modified_time":"2024-05-13T16:30:11+00:00","og_image":[{"width":263,"height":182,"url":"https:\/\/diarieducacio.cat\/grao\/wp-content\/uploads\/sites\/31\/2014\/06\/GU404f.jpg","type":"image\/jpeg"}],"author":"Consell de Redacci\u00f3 de la revista Guix","twitter_card":"summary_large_image","twitter_misc":{"Escrit per":"Consell de Redacci\u00f3 de la revista Guix","Temps estimat de lectura":"4 minuts"},"schema":{"@context":"https:\/\/schema.org","@graph":[{"@type":"Article","@id":"https:\/\/diarieducacio.cat\/grao\/2014\/06\/25\/les-escoles-destiu-molt-mes-que-formacio-del-professorat\/#article","isPartOf":{"@id":"https:\/\/diarieducacio.cat\/grao\/2014\/06\/25\/les-escoles-destiu-molt-mes-que-formacio-del-professorat\/"},"author":{"name":"Consell de Redacci\u00f3 de la revista Guix","@id":"https:\/\/diarieducacio.cat\/grao\/#\/schema\/person\/9aabf75a2193f4d0c28ba2ddc2cb8021"},"headline":"Les escoles d&#8217;estiu, molt m\u00e9s que formaci\u00f3 del professorat","datePublished":"2014-06-25T07:08:33+00:00","dateModified":"2024-05-13T16:30:11+00:00","mainEntityOfPage":{"@id":"https:\/\/diarieducacio.cat\/grao\/2014\/06\/25\/les-escoles-destiu-molt-mes-que-formacio-del-professorat\/"},"wordCount":789,"commentCount":0,"image":{"@id":"https:\/\/diarieducacio.cat\/grao\/2014\/06\/25\/les-escoles-destiu-molt-mes-que-formacio-del-professorat\/#primaryimage"},"thumbnailUrl":"https:\/\/diarieducacio.cat\/grao\/wp-content\/uploads\/sites\/31\/2014\/06\/GU404f.jpg","keywords":["escoles d'estiu","Moviments de Renovaci\u00f3 Pedag\u00f2gica"],"articleSection":["Formaci\u00f3 del professorat","Reflexi\u00f3"],"inLanguage":"ca","potentialAction":[{"@type":"CommentAction","name":"Comment","target":["https:\/\/diarieducacio.cat\/grao\/2014\/06\/25\/les-escoles-destiu-molt-mes-que-formacio-del-professorat\/#respond"]}]},{"@type":"WebPage","@id":"https:\/\/diarieducacio.cat\/grao\/2014\/06\/25\/les-escoles-destiu-molt-mes-que-formacio-del-professorat\/","url":"https:\/\/diarieducacio.cat\/grao\/2014\/06\/25\/les-escoles-destiu-molt-mes-que-formacio-del-professorat\/","name":"Les escoles d'estiu, molt m\u00e9s que formaci\u00f3 del professorat - L'escola gra\u00f3 a gra\u00f3","isPartOf":{"@id":"https:\/\/diarieducacio.cat\/grao\/#website"},"primaryImageOfPage":{"@id":"https:\/\/diarieducacio.cat\/grao\/2014\/06\/25\/les-escoles-destiu-molt-mes-que-formacio-del-professorat\/#primaryimage"},"image":{"@id":"https:\/\/diarieducacio.cat\/grao\/2014\/06\/25\/les-escoles-destiu-molt-mes-que-formacio-del-professorat\/#primaryimage"},"thumbnailUrl":"https:\/\/diarieducacio.cat\/grao\/wp-content\/uploads\/sites\/31\/2014\/06\/GU404f.jpg","datePublished":"2014-06-25T07:08:33+00:00","dateModified":"2024-05-13T16:30:11+00:00","author":{"@id":"https:\/\/diarieducacio.cat\/grao\/#\/schema\/person\/9aabf75a2193f4d0c28ba2ddc2cb8021"},"breadcrumb":{"@id":"https:\/\/diarieducacio.cat\/grao\/2014\/06\/25\/les-escoles-destiu-molt-mes-que-formacio-del-professorat\/#breadcrumb"},"inLanguage":"ca","potentialAction":[{"@type":"ReadAction","target":["https:\/\/diarieducacio.cat\/grao\/2014\/06\/25\/les-escoles-destiu-molt-mes-que-formacio-del-professorat\/"]}]},{"@type":"ImageObject","inLanguage":"ca","@id":"https:\/\/diarieducacio.cat\/grao\/2014\/06\/25\/les-escoles-destiu-molt-mes-que-formacio-del-professorat\/#primaryimage","url":"https:\/\/diarieducacio.cat\/grao\/wp-content\/uploads\/sites\/31\/2014\/06\/GU404f.jpg","contentUrl":"https:\/\/diarieducacio.cat\/grao\/wp-content\/uploads\/sites\/31\/2014\/06\/GU404f.jpg","width":263,"height":182},{"@type":"BreadcrumbList","@id":"https:\/\/diarieducacio.cat\/grao\/2014\/06\/25\/les-escoles-destiu-molt-mes-que-formacio-del-professorat\/#breadcrumb","itemListElement":[{"@type":"ListItem","position":1,"name":"Inici","item":"https:\/\/diarieducacio.cat\/grao\/"},{"@type":"ListItem","position":2,"name":"Les escoles d&#8217;estiu, molt m\u00e9s que formaci\u00f3 del professorat"}]},{"@type":"WebSite","@id":"https:\/\/diarieducacio.cat\/grao\/#website","url":"https:\/\/diarieducacio.cat\/grao\/","name":"L'escola gra\u00f3 a gra\u00f3","description":"Un blog de El Diari de l&#039;Educaci\u00f3","potentialAction":[{"@type":"SearchAction","target":{"@type":"EntryPoint","urlTemplate":"https:\/\/diarieducacio.cat\/grao\/?s={search_term_string}"},"query-input":{"@type":"PropertyValueSpecification","valueRequired":true,"valueName":"search_term_string"}}],"inLanguage":"ca"},{"@type":"Person","@id":"https:\/\/diarieducacio.cat\/grao\/#\/schema\/person\/9aabf75a2193f4d0c28ba2ddc2cb8021","name":"Consell de Redacci\u00f3 de la revista Guix","image":{"@type":"ImageObject","inLanguage":"ca","@id":"https:\/\/secure.gravatar.com\/avatar\/495b2dd0ab01155fd99436a14e203a527979fb5bd7022584c096ffe881a8d2c8?s=96&d=mm&r=g","url":"https:\/\/secure.gravatar.com\/avatar\/495b2dd0ab01155fd99436a14e203a527979fb5bd7022584c096ffe881a8d2c8?s=96&d=mm&r=g","contentUrl":"https:\/\/secure.gravatar.com\/avatar\/495b2dd0ab01155fd99436a14e203a527979fb5bd7022584c096ffe881a8d2c8?s=96&d=mm&r=g","caption":"Consell de Redacci\u00f3 de la revista Guix"},"url":"https:\/\/diarieducacio.cat\/grao\/author\/guix\/"}]}},"_links":{"self":[{"href":"https:\/\/diarieducacio.cat\/grao\/wp-json\/wp\/v2\/posts\/205","targetHints":{"allow":["GET"]}}],"collection":[{"href":"https:\/\/diarieducacio.cat\/grao\/wp-json\/wp\/v2\/posts"}],"about":[{"href":"https:\/\/diarieducacio.cat\/grao\/wp-json\/wp\/v2\/types\/post"}],"author":[{"embeddable":true,"href":"https:\/\/diarieducacio.cat\/grao\/wp-json\/wp\/v2\/users\/530"}],"replies":[{"embeddable":true,"href":"https:\/\/diarieducacio.cat\/grao\/wp-json\/wp\/v2\/comments?post=205"}],"version-history":[{"count":1,"href":"https:\/\/diarieducacio.cat\/grao\/wp-json\/wp\/v2\/posts\/205\/revisions"}],"predecessor-version":[{"id":6163,"href":"https:\/\/diarieducacio.cat\/grao\/wp-json\/wp\/v2\/posts\/205\/revisions\/6163"}],"wp:featuredmedia":[{"embeddable":true,"href":"https:\/\/diarieducacio.cat\/grao\/wp-json\/wp\/v2\/media\/396"}],"wp:attachment":[{"href":"https:\/\/diarieducacio.cat\/grao\/wp-json\/wp\/v2\/media?parent=205"}],"wp:term":[{"taxonomy":"category","embeddable":true,"href":"https:\/\/diarieducacio.cat\/grao\/wp-json\/wp\/v2\/categories?post=205"},{"taxonomy":"post_tag","embeddable":true,"href":"https:\/\/diarieducacio.cat\/grao\/wp-json\/wp\/v2\/tags?post=205"},{"taxonomy":"tipo","embeddable":true,"href":"https:\/\/diarieducacio.cat\/grao\/wp-json\/wp\/v2\/tipo?post=205"}],"curies":[{"name":"wp","href":"https:\/\/api.w.org\/{rel}","templated":true}]}}