{"id":2934,"date":"2019-03-06T23:32:35","date_gmt":"2019-03-06T23:32:35","guid":{"rendered":"https:\/\/diarieducacio.cat\/grao\/?p=2934"},"modified":"2024-05-13T18:30:26","modified_gmt":"2024-05-13T16:30:26","slug":"per-que-es-important-reforcar-la-coeducacio","status":"publish","type":"post","link":"https:\/\/diarieducacio.cat\/grao\/2019\/03\/06\/per-que-es-important-reforcar-la-coeducacio\/","title":{"rendered":"Per qu\u00e8 \u00e9s important refor\u00e7ar la coeducaci\u00f3?"},"content":{"rendered":"<p><strong>La coeducaci\u00f3 no \u00e9s una opci\u00f3, \u00e9s una exig\u00e8ncia.<\/strong> Cal refor\u00e7ar la coeducaci\u00f3 perqu\u00e8 \u00e9s una exig\u00e8ncia de la societat actual, on les dones hem pres protagonisme. En un pa\u00eds en el qual, segons el bar\u00f2metre sobre feminisme presentat a les I Jornades Internacionals Feministes de Saragossa, un 58% de les dones i un 46% dels homes es declaren feministes, <strong>l\u2019escola no se\u2019n pot quedar al marge<\/strong>. En un pa\u00eds on els joves entre 18 i 24 anys i la gent gran de m\u00e9s de 55 anys s\u00f3n\u00a0partidaris d\u2019utilitzar un llenguatge inclusiu, l\u2019escola ha de ser coeducativa. En un pa\u00eds on 9 de cada 10 persones creuen que es critica m\u00e9s una dona amb vida sexual activa que a un home, l\u2019escola ha d\u2019incloure l\u2019educaci\u00f3 afectivosexual. En un pa\u00eds on el 82% de la poblaci\u00f3 creu que hi ha desigualtat entre dones i homes respecte als seus drets socials, pol\u00edtics i\/o econ\u00f2mics, <strong>l\u2019educaci\u00f3 ha de ser coeducativa<\/strong>.<\/p>\n<p>Des d\u2019aquesta perspectiva, per tant, el que est\u00e0 en discussi\u00f3 no \u00e9s si hem d\u2019avan\u00e7ar o no cap a la coeducaci\u00f3, sin\u00f3 com ho podem fer, quins passos hem de seguir, per assolir-la. La q\u00fcesti\u00f3 que se\u2019ns planteja \u00e9s com podem afrontar les dificultats i superar els obstacles que implica avan\u00e7ar des d\u2019un sistema educatiu que respon a un androcentrisme obsolet i que se sustenta en una visi\u00f3 estereotipada dels sexes cap a la coeducaci\u00f3.<\/p>\n<blockquote><p>El que est\u00e0 en discussi\u00f3 no \u00e9s si hem d\u2019avan\u00e7ar o no cap a la coeducaci\u00f3, sin\u00f3 com ho podem fer, quins passos hem de seguir, per assolir-la<\/p><\/blockquote>\n<p>Per refor\u00e7ar la coeducaci\u00f3 cal posar en marxa actuacions que se situen en nivells diferents de l\u2019organitzaci\u00f3 i del funcionament del sistema educatiu que impliquen diversos sectors: el professorat, els equips directius, l\u2019administraci\u00f3 de l\u2019educaci\u00f3 i els responsables pol\u00edtics. La ra\u00f3 d\u2019aquest fet \u00e9s que posar en marxa la coeducaci\u00f3 feminista obliga a realitzar una revisi\u00f3 i una transformaci\u00f3 del sistema educatiu en profunditat, i <strong>aix\u00f2 implica necess\u00e0riament tots els col\u00b7lectius esmentats<\/strong>.<\/p>\n<p>En primer lloc, implica el <strong>professorat<\/strong> i els <strong>equips docents<\/strong>, que s\u00f3n els responsables de dissenyar les estrat\u00e8gies did\u00e0ctiques orientades a promoure un aprenentatge escolar que sigui viscut i sentit per l\u2019alumnat, tenint-ne en compte les difer\u00e8ncies sexuals. En segon lloc, implica els <strong>equips directius<\/strong>, que tenen la responsabilitat de promoure i de facilitar l\u2019adopci\u00f3 de formes d\u2019organitzaci\u00f3 dels centres docents. Per \u00faltim, per\u00f2 no menys important, implica tamb\u00e9 l\u2019<strong>administraci\u00f3 de l\u2019educaci\u00f3<\/strong> i els <strong>responsables pol\u00edtics<\/strong>, que han de definir i aplicar un marc legal que renunci\u00ef definitivament a l\u2019educaci\u00f3 androc\u00e8ntrica que sustenta actualment el sistema educatiu i que \u00e9s totalment incompatible amb l\u2019educaci\u00f3 feminista que necessita la nostra societat.<\/p>\n<p><strong>Entre totes i tots podem continuar somiant en la coeducaci\u00f3 i canviant la jerarquia relacional de l\u2019educaci\u00f3.<\/strong><\/p>\n<p><strong>Autores:<\/strong> Marina Subirats Martori, Amparo Tom\u00e9 Gonz\u00e1lez i N\u00faria Solsona Pair\u00f3<\/p>\n<p>Extret de &#8220;Dossier. Coeducar: posar la vida al centre de l&#8217;educaci\u00f3&#8221; (<a href=\"https:\/\/goo.gl\/fM8HEV\" target=\"_blank\" rel=\"noopener noreferrer\">https:\/\/goo.gl\/fM8HEV<\/a>)<\/p>\n","protected":false},"excerpt":{"rendered":"<p>Qu\u00e8 en sabem de la coeducaci\u00f3? Sovint encara es confon amb l&#8217;escola mixta per\u00f2 sabem que sense una educaci\u00f3 feminista l&#8217;escola continua repetint els estereotips sexistes. <\/p>\n","protected":false},"author":570,"featured_media":2935,"comment_status":"open","ping_status":"closed","sticky":false,"template":"","format":"standard","meta":{"footnotes":""},"categories":[172,110],"tags":[392,266,109,393],"tipo":[],"class_list":{"0":"post-2934","1":"post","2":"type-post","3":"status-publish","4":"format-standard","5":"has-post-thumbnail","7":"category-coeducacio","8":"category-genere-i-educacio","9":"tag-coeducar","10":"tag-comunitat-educativa","11":"tag-genere","12":"tag-vivencies"},"yoast_head":"<!-- This site is optimized with the Yoast SEO plugin v27.5 - https:\/\/yoast.com\/product\/yoast-seo-wordpress\/ -->\n<title>Per qu\u00e8 \u00e9s important refor\u00e7ar la coeducaci\u00f3? - L&#039;escola gra\u00f3 a gra\u00f3<\/title>\n<meta name=\"robots\" content=\"index, follow, max-snippet:-1, max-image-preview:large, max-video-preview:-1\" \/>\n<link rel=\"canonical\" href=\"https:\/\/diarieducacio.cat\/grao\/2019\/03\/06\/per-que-es-important-reforcar-la-coeducacio\/\" \/>\n<meta property=\"og:locale\" content=\"ca_ES\" \/>\n<meta property=\"og:type\" content=\"article\" \/>\n<meta property=\"og:title\" content=\"Per qu\u00e8 \u00e9s important refor\u00e7ar la coeducaci\u00f3? - L&#039;escola gra\u00f3 a gra\u00f3\" \/>\n<meta property=\"og:description\" content=\"Qu\u00e8 en sabem de la coeducaci\u00f3? Sovint encara es confon amb l&#039;escola mixta per\u00f2 sabem que sense una educaci\u00f3 feminista l&#039;escola continua repetint els estereotips sexistes.\" \/>\n<meta property=\"og:url\" content=\"https:\/\/diarieducacio.cat\/grao\/2019\/03\/06\/per-que-es-important-reforcar-la-coeducacio\/\" \/>\n<meta property=\"og:site_name\" content=\"L&#039;escola gra\u00f3 a gra\u00f3\" \/>\n<meta property=\"article:published_time\" content=\"2019-03-06T23:32:35+00:00\" \/>\n<meta property=\"article:modified_time\" content=\"2024-05-13T16:30:26+00:00\" \/>\n<meta property=\"og:image\" content=\"https:\/\/diarieducacio.cat\/grao\/wp-content\/uploads\/sites\/31\/2019\/03\/child-1347388_960_720.jpg\" \/>\n\t<meta property=\"og:image:width\" content=\"475\" \/>\n\t<meta property=\"og:image:height\" content=\"720\" \/>\n\t<meta property=\"og:image:type\" content=\"image\/jpeg\" \/>\n<meta name=\"author\" content=\"Marina Subirats, Amparo Tom\u00e9 i N\u00faria Solsona\" \/>\n<meta name=\"twitter:card\" content=\"summary_large_image\" \/>\n<meta name=\"twitter:label1\" content=\"Escrit per\" \/>\n\t<meta name=\"twitter:data1\" content=\"Marina Subirats, Amparo Tom\u00e9 i N\u00faria Solsona\" \/>\n\t<meta name=\"twitter:label2\" content=\"Temps estimat de lectura\" \/>\n\t<meta name=\"twitter:data2\" content=\"3 minuts\" \/>\n<script type=\"application\/ld+json\" class=\"yoast-schema-graph\">{\"@context\":\"https:\\\/\\\/schema.org\",\"@graph\":[{\"@type\":\"Article\",\"@id\":\"https:\\\/\\\/diarieducacio.cat\\\/grao\\\/2019\\\/03\\\/06\\\/per-que-es-important-reforcar-la-coeducacio\\\/#article\",\"isPartOf\":{\"@id\":\"https:\\\/\\\/diarieducacio.cat\\\/grao\\\/2019\\\/03\\\/06\\\/per-que-es-important-reforcar-la-coeducacio\\\/\"},\"author\":{\"name\":\"Marina Subirats, Amparo Tom\u00e9 i N\u00faria Solsona\",\"@id\":\"https:\\\/\\\/diarieducacio.cat\\\/grao\\\/#\\\/schema\\\/person\\\/f7d4678a4339db4be830951af0869181\"},\"headline\":\"Per qu\u00e8 \u00e9s important refor\u00e7ar la coeducaci\u00f3?\",\"datePublished\":\"2019-03-06T23:32:35+00:00\",\"dateModified\":\"2024-05-13T16:30:26+00:00\",\"mainEntityOfPage\":{\"@id\":\"https:\\\/\\\/diarieducacio.cat\\\/grao\\\/2019\\\/03\\\/06\\\/per-que-es-important-reforcar-la-coeducacio\\\/\"},\"wordCount\":543,\"commentCount\":0,\"image\":{\"@id\":\"https:\\\/\\\/diarieducacio.cat\\\/grao\\\/2019\\\/03\\\/06\\\/per-que-es-important-reforcar-la-coeducacio\\\/#primaryimage\"},\"thumbnailUrl\":\"https:\\\/\\\/diarieducacio.cat\\\/grao\\\/wp-content\\\/uploads\\\/sites\\\/31\\\/2019\\\/03\\\/child-1347388_960_720.jpg\",\"keywords\":[\"coeducar\",\"comunitat educativa\",\"g\u00e8nere\",\"viv\u00e8ncies\"],\"articleSection\":[\"Coeducaci\u00f3\",\"G\u00e8nere i Educaci\u00f3\"],\"inLanguage\":\"ca\",\"potentialAction\":[{\"@type\":\"CommentAction\",\"name\":\"Comment\",\"target\":[\"https:\\\/\\\/diarieducacio.cat\\\/grao\\\/2019\\\/03\\\/06\\\/per-que-es-important-reforcar-la-coeducacio\\\/#respond\"]}]},{\"@type\":\"WebPage\",\"@id\":\"https:\\\/\\\/diarieducacio.cat\\\/grao\\\/2019\\\/03\\\/06\\\/per-que-es-important-reforcar-la-coeducacio\\\/\",\"url\":\"https:\\\/\\\/diarieducacio.cat\\\/grao\\\/2019\\\/03\\\/06\\\/per-que-es-important-reforcar-la-coeducacio\\\/\",\"name\":\"Per qu\u00e8 \u00e9s important refor\u00e7ar la coeducaci\u00f3? - L'escola gra\u00f3 a gra\u00f3\",\"isPartOf\":{\"@id\":\"https:\\\/\\\/diarieducacio.cat\\\/grao\\\/#website\"},\"primaryImageOfPage\":{\"@id\":\"https:\\\/\\\/diarieducacio.cat\\\/grao\\\/2019\\\/03\\\/06\\\/per-que-es-important-reforcar-la-coeducacio\\\/#primaryimage\"},\"image\":{\"@id\":\"https:\\\/\\\/diarieducacio.cat\\\/grao\\\/2019\\\/03\\\/06\\\/per-que-es-important-reforcar-la-coeducacio\\\/#primaryimage\"},\"thumbnailUrl\":\"https:\\\/\\\/diarieducacio.cat\\\/grao\\\/wp-content\\\/uploads\\\/sites\\\/31\\\/2019\\\/03\\\/child-1347388_960_720.jpg\",\"datePublished\":\"2019-03-06T23:32:35+00:00\",\"dateModified\":\"2024-05-13T16:30:26+00:00\",\"author\":{\"@id\":\"https:\\\/\\\/diarieducacio.cat\\\/grao\\\/#\\\/schema\\\/person\\\/f7d4678a4339db4be830951af0869181\"},\"breadcrumb\":{\"@id\":\"https:\\\/\\\/diarieducacio.cat\\\/grao\\\/2019\\\/03\\\/06\\\/per-que-es-important-reforcar-la-coeducacio\\\/#breadcrumb\"},\"inLanguage\":\"ca\",\"potentialAction\":[{\"@type\":\"ReadAction\",\"target\":[\"https:\\\/\\\/diarieducacio.cat\\\/grao\\\/2019\\\/03\\\/06\\\/per-que-es-important-reforcar-la-coeducacio\\\/\"]}]},{\"@type\":\"ImageObject\",\"inLanguage\":\"ca\",\"@id\":\"https:\\\/\\\/diarieducacio.cat\\\/grao\\\/2019\\\/03\\\/06\\\/per-que-es-important-reforcar-la-coeducacio\\\/#primaryimage\",\"url\":\"https:\\\/\\\/diarieducacio.cat\\\/grao\\\/wp-content\\\/uploads\\\/sites\\\/31\\\/2019\\\/03\\\/child-1347388_960_720.jpg\",\"contentUrl\":\"https:\\\/\\\/diarieducacio.cat\\\/grao\\\/wp-content\\\/uploads\\\/sites\\\/31\\\/2019\\\/03\\\/child-1347388_960_720.jpg\",\"width\":475,\"height\":720},{\"@type\":\"BreadcrumbList\",\"@id\":\"https:\\\/\\\/diarieducacio.cat\\\/grao\\\/2019\\\/03\\\/06\\\/per-que-es-important-reforcar-la-coeducacio\\\/#breadcrumb\",\"itemListElement\":[{\"@type\":\"ListItem\",\"position\":1,\"name\":\"Inici\",\"item\":\"https:\\\/\\\/diarieducacio.cat\\\/grao\\\/\"},{\"@type\":\"ListItem\",\"position\":2,\"name\":\"Per qu\u00e8 \u00e9s important refor\u00e7ar la coeducaci\u00f3?\"}]},{\"@type\":\"WebSite\",\"@id\":\"https:\\\/\\\/diarieducacio.cat\\\/grao\\\/#website\",\"url\":\"https:\\\/\\\/diarieducacio.cat\\\/grao\\\/\",\"name\":\"L'escola gra\u00f3 a gra\u00f3\",\"description\":\"Un blog de El Diari de l&#039;Educaci\u00f3\",\"potentialAction\":[{\"@type\":\"SearchAction\",\"target\":{\"@type\":\"EntryPoint\",\"urlTemplate\":\"https:\\\/\\\/diarieducacio.cat\\\/grao\\\/?s={search_term_string}\"},\"query-input\":{\"@type\":\"PropertyValueSpecification\",\"valueRequired\":true,\"valueName\":\"search_term_string\"}}],\"inLanguage\":\"ca\"},{\"@type\":\"Person\",\"@id\":\"https:\\\/\\\/diarieducacio.cat\\\/grao\\\/#\\\/schema\\\/person\\\/f7d4678a4339db4be830951af0869181\",\"name\":\"Marina Subirats, Amparo Tom\u00e9 i N\u00faria Solsona\",\"image\":{\"@type\":\"ImageObject\",\"inLanguage\":\"ca\",\"@id\":\"https:\\\/\\\/secure.gravatar.com\\\/avatar\\\/0d833978be7f3a8c17bb7b81d4359632bc07acc4aae8e5eca865a4b568aa44e0?s=96&d=mm&r=g\",\"url\":\"https:\\\/\\\/secure.gravatar.com\\\/avatar\\\/0d833978be7f3a8c17bb7b81d4359632bc07acc4aae8e5eca865a4b568aa44e0?s=96&d=mm&r=g\",\"contentUrl\":\"https:\\\/\\\/secure.gravatar.com\\\/avatar\\\/0d833978be7f3a8c17bb7b81d4359632bc07acc4aae8e5eca865a4b568aa44e0?s=96&d=mm&r=g\",\"caption\":\"Marina Subirats, Amparo Tom\u00e9 i N\u00faria Solsona\"},\"url\":\"https:\\\/\\\/diarieducacio.cat\\\/grao\\\/author\\\/coeducar\\\/\"}]}<\/script>\n<!-- \/ Yoast SEO plugin. -->","yoast_head_json":{"title":"Per qu\u00e8 \u00e9s important refor\u00e7ar la coeducaci\u00f3? - L'escola gra\u00f3 a gra\u00f3","robots":{"index":"index","follow":"follow","max-snippet":"max-snippet:-1","max-image-preview":"max-image-preview:large","max-video-preview":"max-video-preview:-1"},"canonical":"https:\/\/diarieducacio.cat\/grao\/2019\/03\/06\/per-que-es-important-reforcar-la-coeducacio\/","og_locale":"ca_ES","og_type":"article","og_title":"Per qu\u00e8 \u00e9s important refor\u00e7ar la coeducaci\u00f3? - L'escola gra\u00f3 a gra\u00f3","og_description":"Qu\u00e8 en sabem de la coeducaci\u00f3? Sovint encara es confon amb l'escola mixta per\u00f2 sabem que sense una educaci\u00f3 feminista l'escola continua repetint els estereotips sexistes.","og_url":"https:\/\/diarieducacio.cat\/grao\/2019\/03\/06\/per-que-es-important-reforcar-la-coeducacio\/","og_site_name":"L'escola gra\u00f3 a gra\u00f3","article_published_time":"2019-03-06T23:32:35+00:00","article_modified_time":"2024-05-13T16:30:26+00:00","og_image":[{"width":475,"height":720,"url":"https:\/\/diarieducacio.cat\/grao\/wp-content\/uploads\/sites\/31\/2019\/03\/child-1347388_960_720.jpg","type":"image\/jpeg"}],"author":"Marina Subirats, Amparo Tom\u00e9 i N\u00faria Solsona","twitter_card":"summary_large_image","twitter_misc":{"Escrit per":"Marina Subirats, Amparo Tom\u00e9 i N\u00faria Solsona","Temps estimat de lectura":"3 minuts"},"schema":{"@context":"https:\/\/schema.org","@graph":[{"@type":"Article","@id":"https:\/\/diarieducacio.cat\/grao\/2019\/03\/06\/per-que-es-important-reforcar-la-coeducacio\/#article","isPartOf":{"@id":"https:\/\/diarieducacio.cat\/grao\/2019\/03\/06\/per-que-es-important-reforcar-la-coeducacio\/"},"author":{"name":"Marina Subirats, Amparo Tom\u00e9 i N\u00faria Solsona","@id":"https:\/\/diarieducacio.cat\/grao\/#\/schema\/person\/f7d4678a4339db4be830951af0869181"},"headline":"Per qu\u00e8 \u00e9s important refor\u00e7ar la coeducaci\u00f3?","datePublished":"2019-03-06T23:32:35+00:00","dateModified":"2024-05-13T16:30:26+00:00","mainEntityOfPage":{"@id":"https:\/\/diarieducacio.cat\/grao\/2019\/03\/06\/per-que-es-important-reforcar-la-coeducacio\/"},"wordCount":543,"commentCount":0,"image":{"@id":"https:\/\/diarieducacio.cat\/grao\/2019\/03\/06\/per-que-es-important-reforcar-la-coeducacio\/#primaryimage"},"thumbnailUrl":"https:\/\/diarieducacio.cat\/grao\/wp-content\/uploads\/sites\/31\/2019\/03\/child-1347388_960_720.jpg","keywords":["coeducar","comunitat educativa","g\u00e8nere","viv\u00e8ncies"],"articleSection":["Coeducaci\u00f3","G\u00e8nere i Educaci\u00f3"],"inLanguage":"ca","potentialAction":[{"@type":"CommentAction","name":"Comment","target":["https:\/\/diarieducacio.cat\/grao\/2019\/03\/06\/per-que-es-important-reforcar-la-coeducacio\/#respond"]}]},{"@type":"WebPage","@id":"https:\/\/diarieducacio.cat\/grao\/2019\/03\/06\/per-que-es-important-reforcar-la-coeducacio\/","url":"https:\/\/diarieducacio.cat\/grao\/2019\/03\/06\/per-que-es-important-reforcar-la-coeducacio\/","name":"Per qu\u00e8 \u00e9s important refor\u00e7ar la coeducaci\u00f3? - L'escola gra\u00f3 a gra\u00f3","isPartOf":{"@id":"https:\/\/diarieducacio.cat\/grao\/#website"},"primaryImageOfPage":{"@id":"https:\/\/diarieducacio.cat\/grao\/2019\/03\/06\/per-que-es-important-reforcar-la-coeducacio\/#primaryimage"},"image":{"@id":"https:\/\/diarieducacio.cat\/grao\/2019\/03\/06\/per-que-es-important-reforcar-la-coeducacio\/#primaryimage"},"thumbnailUrl":"https:\/\/diarieducacio.cat\/grao\/wp-content\/uploads\/sites\/31\/2019\/03\/child-1347388_960_720.jpg","datePublished":"2019-03-06T23:32:35+00:00","dateModified":"2024-05-13T16:30:26+00:00","author":{"@id":"https:\/\/diarieducacio.cat\/grao\/#\/schema\/person\/f7d4678a4339db4be830951af0869181"},"breadcrumb":{"@id":"https:\/\/diarieducacio.cat\/grao\/2019\/03\/06\/per-que-es-important-reforcar-la-coeducacio\/#breadcrumb"},"inLanguage":"ca","potentialAction":[{"@type":"ReadAction","target":["https:\/\/diarieducacio.cat\/grao\/2019\/03\/06\/per-que-es-important-reforcar-la-coeducacio\/"]}]},{"@type":"ImageObject","inLanguage":"ca","@id":"https:\/\/diarieducacio.cat\/grao\/2019\/03\/06\/per-que-es-important-reforcar-la-coeducacio\/#primaryimage","url":"https:\/\/diarieducacio.cat\/grao\/wp-content\/uploads\/sites\/31\/2019\/03\/child-1347388_960_720.jpg","contentUrl":"https:\/\/diarieducacio.cat\/grao\/wp-content\/uploads\/sites\/31\/2019\/03\/child-1347388_960_720.jpg","width":475,"height":720},{"@type":"BreadcrumbList","@id":"https:\/\/diarieducacio.cat\/grao\/2019\/03\/06\/per-que-es-important-reforcar-la-coeducacio\/#breadcrumb","itemListElement":[{"@type":"ListItem","position":1,"name":"Inici","item":"https:\/\/diarieducacio.cat\/grao\/"},{"@type":"ListItem","position":2,"name":"Per qu\u00e8 \u00e9s important refor\u00e7ar la coeducaci\u00f3?"}]},{"@type":"WebSite","@id":"https:\/\/diarieducacio.cat\/grao\/#website","url":"https:\/\/diarieducacio.cat\/grao\/","name":"L'escola gra\u00f3 a gra\u00f3","description":"Un blog de El Diari de l&#039;Educaci\u00f3","potentialAction":[{"@type":"SearchAction","target":{"@type":"EntryPoint","urlTemplate":"https:\/\/diarieducacio.cat\/grao\/?s={search_term_string}"},"query-input":{"@type":"PropertyValueSpecification","valueRequired":true,"valueName":"search_term_string"}}],"inLanguage":"ca"},{"@type":"Person","@id":"https:\/\/diarieducacio.cat\/grao\/#\/schema\/person\/f7d4678a4339db4be830951af0869181","name":"Marina Subirats, Amparo Tom\u00e9 i N\u00faria Solsona","image":{"@type":"ImageObject","inLanguage":"ca","@id":"https:\/\/secure.gravatar.com\/avatar\/0d833978be7f3a8c17bb7b81d4359632bc07acc4aae8e5eca865a4b568aa44e0?s=96&d=mm&r=g","url":"https:\/\/secure.gravatar.com\/avatar\/0d833978be7f3a8c17bb7b81d4359632bc07acc4aae8e5eca865a4b568aa44e0?s=96&d=mm&r=g","contentUrl":"https:\/\/secure.gravatar.com\/avatar\/0d833978be7f3a8c17bb7b81d4359632bc07acc4aae8e5eca865a4b568aa44e0?s=96&d=mm&r=g","caption":"Marina Subirats, Amparo Tom\u00e9 i N\u00faria Solsona"},"url":"https:\/\/diarieducacio.cat\/grao\/author\/coeducar\/"}]}},"_links":{"self":[{"href":"https:\/\/diarieducacio.cat\/grao\/wp-json\/wp\/v2\/posts\/2934","targetHints":{"allow":["GET"]}}],"collection":[{"href":"https:\/\/diarieducacio.cat\/grao\/wp-json\/wp\/v2\/posts"}],"about":[{"href":"https:\/\/diarieducacio.cat\/grao\/wp-json\/wp\/v2\/types\/post"}],"author":[{"embeddable":true,"href":"https:\/\/diarieducacio.cat\/grao\/wp-json\/wp\/v2\/users\/570"}],"replies":[{"embeddable":true,"href":"https:\/\/diarieducacio.cat\/grao\/wp-json\/wp\/v2\/comments?post=2934"}],"version-history":[{"count":1,"href":"https:\/\/diarieducacio.cat\/grao\/wp-json\/wp\/v2\/posts\/2934\/revisions"}],"predecessor-version":[{"id":6302,"href":"https:\/\/diarieducacio.cat\/grao\/wp-json\/wp\/v2\/posts\/2934\/revisions\/6302"}],"wp:featuredmedia":[{"embeddable":true,"href":"https:\/\/diarieducacio.cat\/grao\/wp-json\/wp\/v2\/media\/2935"}],"wp:attachment":[{"href":"https:\/\/diarieducacio.cat\/grao\/wp-json\/wp\/v2\/media?parent=2934"}],"wp:term":[{"taxonomy":"category","embeddable":true,"href":"https:\/\/diarieducacio.cat\/grao\/wp-json\/wp\/v2\/categories?post=2934"},{"taxonomy":"post_tag","embeddable":true,"href":"https:\/\/diarieducacio.cat\/grao\/wp-json\/wp\/v2\/tags?post=2934"},{"taxonomy":"tipo","embeddable":true,"href":"https:\/\/diarieducacio.cat\/grao\/wp-json\/wp\/v2\/tipo?post=2934"}],"curies":[{"name":"wp","href":"https:\/\/api.w.org\/{rel}","templated":true}]}}