{"id":430,"date":"2014-10-09T06:19:00","date_gmt":"2014-10-09T06:19:00","guid":{"rendered":"https:\/\/diarieducacio.cat\/grao\/?p=430"},"modified":"2024-05-13T18:30:13","modified_gmt":"2024-05-13T16:30:13","slug":"educacio-benestar","status":"publish","type":"post","link":"https:\/\/diarieducacio.cat\/grao\/2014\/10\/09\/educacio-benestar\/","title":{"rendered":"Educaci\u00f3 i benestar"},"content":{"rendered":"<p><a href=\"https:\/\/nostalgic-ishizaka.82-223-1-47.plesk.page\/grao\/wp-content\/uploads\/sites\/31\/2014\/10\/edubenestar.jpg\"><img decoding=\"async\" class=\"alignleft  wp-image-432\" src=\"https:\/\/diarieducacio.cat\/grao\/wp-content\/uploads\/sites\/10\/2014\/10\/edubenestar-300x205.jpg\" alt=\"edubenestar\" width=\"249\" height=\"170\" \/><\/a>S\u2019ha parlat molt del malestar en educaci\u00f3 i hi ha motius de sobres per estar molestos. Sempre ens sobraran motius per estar-ne. El m\u00e9s f\u00e0cil \u00e9s sentir-se\u2019n, per\u00f2, es pot educar des del malestar?<\/p>\n<p>Segons el meu parer, la resposta \u00e9s negativa. Per tant, cal que el professorat tingui prou capacitat per regular les seves emocions, a fi de reconvertir el malestar probable en benestar necessari. L\u2019aut\u00e8ntica educaci\u00f3 requereix un professorat que sigui capa\u00e7 de relacionar-se positivament amb l\u2019alumnat, transmetre entusiasme per la mat\u00e8ria que imparteix i passar-s\u2019ho b\u00e9 amb la doc\u00e8ncia. El professorat no solament t\u00e9 el dret de sentir benestar, sin\u00f3 que t\u00e9 el deure de fer-lo conscient i de transmetre\u2019l com a caracter\u00edstica de l\u2019aut\u00e8ntica educaci\u00f3.<\/p>\n<p>Perqu\u00e8 aix\u00f2 sigui possible, pot ser molt \u00fatil con\u00e8ixer les aportacions de les ci\u00e8ncies al benestar, principalment a trav\u00e9s de la teoria de les intel\u00b7lig\u00e8ncies m\u00faltiples, de la intel\u00b7lig\u00e8ncia emocional, de la psicologia positiva, de la neuroci\u00e8ncia, de les compet\u00e8ncies emocionals, de l\u2019educaci\u00f3 emocional, etc.<\/p>\n<p>Un factor important de benestar \u00e9s el que en angl\u00e8s s\u2019anomena <em>engagement<\/em>, que es pot traduir per <em>comprom\u00eds professional<\/em> i que significa \u2018implicaci\u00f3 personal en el treball\u2019. Les persones que tenen un nivell elevat de comprom\u00eds professional s\u00f3n les que experimenten m\u00e9s benestar. Com m\u2019hi puc implicar? No hi ha receptes. \u00c9s una decisi\u00f3 personal. Per\u00f2, per obrir cam\u00ed, podem dir que, als contextos socials, es creen climes emocionals que funcionen com un aut\u00e8ntic contagi. N\u2019hi ha alguns que afavoreixen l\u2019<em>engagement<\/em> i el benestar, i uns altres, tot el contrari.<\/p>\n<p>Un cop adquireixo consci\u00e8ncia del clima emocional que m\u2019envolta, em puc preguntar: \u00abDe qu\u00e8 m\u2019estic deixant contagiar?\u00bb, \u00abRealment, m\u2019interessa deixar-me contagiar d\u2019aix\u00f2?\u00bb, \u00abAquesta situaci\u00f3 afavoreix l\u2019<em>engagement<\/em> i el benestar?\u00bb. El desenvolupament de l\u2019autonomia emocional ens ha de capacitar per poder decidir de quines emocions em vull deixar contagiar i de quines no. A partir d\u2019aix\u00f2, podem fer un pas m\u00e9s. Aix\u00ed com tots ens podem sentir contagiats, tamb\u00e9 contribu\u00efm a escampar el contagi emocional: \u00abQuines emocions estic contagiant sense haver-ne estat plenament conscient?\u00bb, \u00abM\u2019interessa contribuir a contagiar aquestes emocions?\u00bb, \u00abQu\u00e8 m\u2019interessa contribuir a contagiar?\u00bb. Segons les respostes que donem a aquestes preguntes, podem contribuir a construir el benestar personal i social.<\/p>\n<p>Conv\u00e9 tenir present que l\u2019educaci\u00f3 emocional t\u00e9 dos prop\u00f2sits principals:<\/p>\n<ul>\n<li>Desenvolupar compet\u00e8ncies emocionals en el professorat, l\u2019alumnat i les fam\u00edlies.<\/li>\n<li>Crear climes emocionals positius que afavoreixin l\u2019aprenentatge, les bones relacions.<\/li>\n<\/ul>\n<p>Tots dos aspectes s\u00f3n essencials per construir el benestar.<\/p>\n<p><strong>FONT:<\/strong>\u00a0Revista GUIX D&#8217;INFANTIL, 76.<\/p>\n<p>Podeu accedir a l&#8217;article en q\u00fcesti\u00f3 fent clic <span style=\"color: #0000ff\"><strong><a style=\"color: #0000ff\" href=\"http:\/\/guixinfantil.grao.com\/revistes\/guix-infantil\/076-educacio-i-vida-quotidiana\/educacio-i-benestar\">aqu\u00ed<\/a><\/strong><\/span>.<\/p>\n","protected":false},"excerpt":{"rendered":"<p>Un factor important de benestar \u00e9s el que en angl\u00e8s s\u2019anomena engagement, que es pot traduir per comprom\u00eds professional i que significa \u2018implicaci\u00f3 personal en el treball\u2019. Les persones que tenen un nivell elevat de comprom\u00eds professional s\u00f3n les que experimenten m\u00e9s benestar<\/p>\n","protected":false},"author":540,"featured_media":432,"comment_status":"open","ping_status":"open","sticky":false,"template":"","format":"standard","meta":{"footnotes":""},"categories":[198,103,231,121],"tags":[98,230,116,176],"tipo":[],"class_list":{"0":"post-430","1":"post","2":"type-post","3":"status-publish","4":"format-standard","5":"has-post-thumbnail","7":"category-desenvolupament-professional","8":"category-educacio-afectiva-emocional","9":"category-intelligencia-emocional","10":"category-qualitat-educativa","11":"tag-benestar-del-professorat","12":"tag-benestar-emocional","13":"tag-benestar-personal","14":"tag-educacio-emocional"},"yoast_head":"<!-- This site is optimized with the Yoast SEO plugin v27.5 - https:\/\/yoast.com\/product\/yoast-seo-wordpress\/ -->\n<title>Educaci\u00f3 i benestar - L&#039;escola gra\u00f3 a gra\u00f3<\/title>\n<meta name=\"robots\" content=\"index, follow, max-snippet:-1, max-image-preview:large, max-video-preview:-1\" \/>\n<link rel=\"canonical\" href=\"https:\/\/diarieducacio.cat\/grao\/2014\/10\/09\/educacio-benestar\/\" \/>\n<meta property=\"og:locale\" content=\"ca_ES\" \/>\n<meta property=\"og:type\" content=\"article\" \/>\n<meta property=\"og:title\" content=\"Educaci\u00f3 i benestar - L&#039;escola gra\u00f3 a gra\u00f3\" \/>\n<meta property=\"og:description\" content=\"Un factor important de benestar \u00e9s el que en angl\u00e8s s\u2019anomena engagement, que es pot traduir per comprom\u00eds professional i que significa \u2018implicaci\u00f3 personal en el treball\u2019. Les persones que tenen un nivell elevat de comprom\u00eds professional s\u00f3n les que experimenten m\u00e9s benestar\" \/>\n<meta property=\"og:url\" content=\"https:\/\/diarieducacio.cat\/grao\/2014\/10\/09\/educacio-benestar\/\" \/>\n<meta property=\"og:site_name\" content=\"L&#039;escola gra\u00f3 a gra\u00f3\" \/>\n<meta property=\"article:published_time\" content=\"2014-10-09T06:19:00+00:00\" \/>\n<meta property=\"article:modified_time\" content=\"2024-05-13T16:30:13+00:00\" \/>\n<meta property=\"og:image\" content=\"https:\/\/diarieducacio.cat\/grao\/wp-content\/uploads\/sites\/31\/2014\/10\/edubenestar.jpg\" \/>\n\t<meta property=\"og:image:width\" content=\"357\" \/>\n\t<meta property=\"og:image:height\" content=\"245\" \/>\n\t<meta property=\"og:image:type\" content=\"image\/jpeg\" \/>\n<meta name=\"author\" content=\"Rafael Bisquerra\" \/>\n<meta name=\"twitter:card\" content=\"summary_large_image\" \/>\n<meta name=\"twitter:creator\" content=\"@ecortesmau\" \/>\n<meta name=\"twitter:label1\" content=\"Escrit per\" \/>\n\t<meta name=\"twitter:data1\" content=\"Rafael Bisquerra\" \/>\n\t<meta name=\"twitter:label2\" content=\"Temps estimat de lectura\" \/>\n\t<meta name=\"twitter:data2\" content=\"2 minuts\" \/>\n<script type=\"application\/ld+json\" class=\"yoast-schema-graph\">{\"@context\":\"https:\\\/\\\/schema.org\",\"@graph\":[{\"@type\":\"Article\",\"@id\":\"https:\\\/\\\/diarieducacio.cat\\\/grao\\\/2014\\\/10\\\/09\\\/educacio-benestar\\\/#article\",\"isPartOf\":{\"@id\":\"https:\\\/\\\/diarieducacio.cat\\\/grao\\\/2014\\\/10\\\/09\\\/educacio-benestar\\\/\"},\"author\":{\"name\":\"Rafael Bisquerra\",\"@id\":\"https:\\\/\\\/diarieducacio.cat\\\/grao\\\/#\\\/schema\\\/person\\\/b9a9cefd4db5cd298d195c0f143ae53f\"},\"headline\":\"Educaci\u00f3 i benestar\",\"datePublished\":\"2014-10-09T06:19:00+00:00\",\"dateModified\":\"2024-05-13T16:30:13+00:00\",\"mainEntityOfPage\":{\"@id\":\"https:\\\/\\\/diarieducacio.cat\\\/grao\\\/2014\\\/10\\\/09\\\/educacio-benestar\\\/\"},\"wordCount\":477,\"commentCount\":1,\"image\":{\"@id\":\"https:\\\/\\\/diarieducacio.cat\\\/grao\\\/2014\\\/10\\\/09\\\/educacio-benestar\\\/#primaryimage\"},\"thumbnailUrl\":\"https:\\\/\\\/diarieducacio.cat\\\/grao\\\/wp-content\\\/uploads\\\/sites\\\/31\\\/2014\\\/10\\\/edubenestar.jpg\",\"keywords\":[\"benestar del professorat\",\"benestar emocional\",\"benestar personal\",\"educaci\u00f3 emocional\"],\"articleSection\":[\"Desenvolupament professional\",\"Educaci\u00f3 afectiva emocional\",\"Intel\u00b7lig\u00e8ncia emocional\",\"Qualitat educativa\"],\"inLanguage\":\"ca\",\"potentialAction\":[{\"@type\":\"CommentAction\",\"name\":\"Comment\",\"target\":[\"https:\\\/\\\/diarieducacio.cat\\\/grao\\\/2014\\\/10\\\/09\\\/educacio-benestar\\\/#respond\"]}]},{\"@type\":\"WebPage\",\"@id\":\"https:\\\/\\\/diarieducacio.cat\\\/grao\\\/2014\\\/10\\\/09\\\/educacio-benestar\\\/\",\"url\":\"https:\\\/\\\/diarieducacio.cat\\\/grao\\\/2014\\\/10\\\/09\\\/educacio-benestar\\\/\",\"name\":\"Educaci\u00f3 i benestar - L'escola gra\u00f3 a gra\u00f3\",\"isPartOf\":{\"@id\":\"https:\\\/\\\/diarieducacio.cat\\\/grao\\\/#website\"},\"primaryImageOfPage\":{\"@id\":\"https:\\\/\\\/diarieducacio.cat\\\/grao\\\/2014\\\/10\\\/09\\\/educacio-benestar\\\/#primaryimage\"},\"image\":{\"@id\":\"https:\\\/\\\/diarieducacio.cat\\\/grao\\\/2014\\\/10\\\/09\\\/educacio-benestar\\\/#primaryimage\"},\"thumbnailUrl\":\"https:\\\/\\\/diarieducacio.cat\\\/grao\\\/wp-content\\\/uploads\\\/sites\\\/31\\\/2014\\\/10\\\/edubenestar.jpg\",\"datePublished\":\"2014-10-09T06:19:00+00:00\",\"dateModified\":\"2024-05-13T16:30:13+00:00\",\"author\":{\"@id\":\"https:\\\/\\\/diarieducacio.cat\\\/grao\\\/#\\\/schema\\\/person\\\/b9a9cefd4db5cd298d195c0f143ae53f\"},\"breadcrumb\":{\"@id\":\"https:\\\/\\\/diarieducacio.cat\\\/grao\\\/2014\\\/10\\\/09\\\/educacio-benestar\\\/#breadcrumb\"},\"inLanguage\":\"ca\",\"potentialAction\":[{\"@type\":\"ReadAction\",\"target\":[\"https:\\\/\\\/diarieducacio.cat\\\/grao\\\/2014\\\/10\\\/09\\\/educacio-benestar\\\/\"]}]},{\"@type\":\"ImageObject\",\"inLanguage\":\"ca\",\"@id\":\"https:\\\/\\\/diarieducacio.cat\\\/grao\\\/2014\\\/10\\\/09\\\/educacio-benestar\\\/#primaryimage\",\"url\":\"https:\\\/\\\/diarieducacio.cat\\\/grao\\\/wp-content\\\/uploads\\\/sites\\\/31\\\/2014\\\/10\\\/edubenestar.jpg\",\"contentUrl\":\"https:\\\/\\\/diarieducacio.cat\\\/grao\\\/wp-content\\\/uploads\\\/sites\\\/31\\\/2014\\\/10\\\/edubenestar.jpg\",\"width\":357,\"height\":245},{\"@type\":\"BreadcrumbList\",\"@id\":\"https:\\\/\\\/diarieducacio.cat\\\/grao\\\/2014\\\/10\\\/09\\\/educacio-benestar\\\/#breadcrumb\",\"itemListElement\":[{\"@type\":\"ListItem\",\"position\":1,\"name\":\"Inici\",\"item\":\"https:\\\/\\\/diarieducacio.cat\\\/grao\\\/\"},{\"@type\":\"ListItem\",\"position\":2,\"name\":\"Educaci\u00f3 i benestar\"}]},{\"@type\":\"WebSite\",\"@id\":\"https:\\\/\\\/diarieducacio.cat\\\/grao\\\/#website\",\"url\":\"https:\\\/\\\/diarieducacio.cat\\\/grao\\\/\",\"name\":\"L'escola gra\u00f3 a gra\u00f3\",\"description\":\"Un blog de El Diari de l&#039;Educaci\u00f3\",\"potentialAction\":[{\"@type\":\"SearchAction\",\"target\":{\"@type\":\"EntryPoint\",\"urlTemplate\":\"https:\\\/\\\/diarieducacio.cat\\\/grao\\\/?s={search_term_string}\"},\"query-input\":{\"@type\":\"PropertyValueSpecification\",\"valueRequired\":true,\"valueName\":\"search_term_string\"}}],\"inLanguage\":\"ca\"},{\"@type\":\"Person\",\"@id\":\"https:\\\/\\\/diarieducacio.cat\\\/grao\\\/#\\\/schema\\\/person\\\/b9a9cefd4db5cd298d195c0f143ae53f\",\"name\":\"Rafael Bisquerra\",\"image\":{\"@type\":\"ImageObject\",\"inLanguage\":\"ca\",\"@id\":\"https:\\\/\\\/diarieducacio.cat\\\/wp-content\\\/uploads\\\/2024\\\/11\\\/rafael-bisquerra_avatar-64x64.jpg\",\"url\":\"https:\\\/\\\/diarieducacio.cat\\\/wp-content\\\/uploads\\\/2024\\\/11\\\/rafael-bisquerra_avatar-64x64.jpg\",\"contentUrl\":\"https:\\\/\\\/diarieducacio.cat\\\/wp-content\\\/uploads\\\/2024\\\/11\\\/rafael-bisquerra_avatar-64x64.jpg\",\"caption\":\"Rafael Bisquerra\"},\"description\":\"Catedr\u00e0tic d\u2019Orientaci\u00f3 Psicopedag\u00f2gica de la Universitat de Barcelona i autor de nombrosos llibres sobre educaci\u00f3 emocional\",\"sameAs\":[\"https:\\\/\\\/x.com\\\/ecortesmau\"],\"url\":\"https:\\\/\\\/diarieducacio.cat\\\/grao\\\/author\\\/rbisquerra\\\/\"}]}<\/script>\n<!-- \/ Yoast SEO plugin. -->","yoast_head_json":{"title":"Educaci\u00f3 i benestar - L'escola gra\u00f3 a gra\u00f3","robots":{"index":"index","follow":"follow","max-snippet":"max-snippet:-1","max-image-preview":"max-image-preview:large","max-video-preview":"max-video-preview:-1"},"canonical":"https:\/\/diarieducacio.cat\/grao\/2014\/10\/09\/educacio-benestar\/","og_locale":"ca_ES","og_type":"article","og_title":"Educaci\u00f3 i benestar - L'escola gra\u00f3 a gra\u00f3","og_description":"Un factor important de benestar \u00e9s el que en angl\u00e8s s\u2019anomena engagement, que es pot traduir per comprom\u00eds professional i que significa \u2018implicaci\u00f3 personal en el treball\u2019. Les persones que tenen un nivell elevat de comprom\u00eds professional s\u00f3n les que experimenten m\u00e9s benestar","og_url":"https:\/\/diarieducacio.cat\/grao\/2014\/10\/09\/educacio-benestar\/","og_site_name":"L'escola gra\u00f3 a gra\u00f3","article_published_time":"2014-10-09T06:19:00+00:00","article_modified_time":"2024-05-13T16:30:13+00:00","og_image":[{"width":357,"height":245,"url":"https:\/\/diarieducacio.cat\/grao\/wp-content\/uploads\/sites\/31\/2014\/10\/edubenestar.jpg","type":"image\/jpeg"}],"author":"Rafael Bisquerra","twitter_card":"summary_large_image","twitter_creator":"@ecortesmau","twitter_misc":{"Escrit per":"Rafael Bisquerra","Temps estimat de lectura":"2 minuts"},"schema":{"@context":"https:\/\/schema.org","@graph":[{"@type":"Article","@id":"https:\/\/diarieducacio.cat\/grao\/2014\/10\/09\/educacio-benestar\/#article","isPartOf":{"@id":"https:\/\/diarieducacio.cat\/grao\/2014\/10\/09\/educacio-benestar\/"},"author":{"name":"Rafael Bisquerra","@id":"https:\/\/diarieducacio.cat\/grao\/#\/schema\/person\/b9a9cefd4db5cd298d195c0f143ae53f"},"headline":"Educaci\u00f3 i benestar","datePublished":"2014-10-09T06:19:00+00:00","dateModified":"2024-05-13T16:30:13+00:00","mainEntityOfPage":{"@id":"https:\/\/diarieducacio.cat\/grao\/2014\/10\/09\/educacio-benestar\/"},"wordCount":477,"commentCount":1,"image":{"@id":"https:\/\/diarieducacio.cat\/grao\/2014\/10\/09\/educacio-benestar\/#primaryimage"},"thumbnailUrl":"https:\/\/diarieducacio.cat\/grao\/wp-content\/uploads\/sites\/31\/2014\/10\/edubenestar.jpg","keywords":["benestar del professorat","benestar emocional","benestar personal","educaci\u00f3 emocional"],"articleSection":["Desenvolupament professional","Educaci\u00f3 afectiva emocional","Intel\u00b7lig\u00e8ncia emocional","Qualitat educativa"],"inLanguage":"ca","potentialAction":[{"@type":"CommentAction","name":"Comment","target":["https:\/\/diarieducacio.cat\/grao\/2014\/10\/09\/educacio-benestar\/#respond"]}]},{"@type":"WebPage","@id":"https:\/\/diarieducacio.cat\/grao\/2014\/10\/09\/educacio-benestar\/","url":"https:\/\/diarieducacio.cat\/grao\/2014\/10\/09\/educacio-benestar\/","name":"Educaci\u00f3 i benestar - L'escola gra\u00f3 a gra\u00f3","isPartOf":{"@id":"https:\/\/diarieducacio.cat\/grao\/#website"},"primaryImageOfPage":{"@id":"https:\/\/diarieducacio.cat\/grao\/2014\/10\/09\/educacio-benestar\/#primaryimage"},"image":{"@id":"https:\/\/diarieducacio.cat\/grao\/2014\/10\/09\/educacio-benestar\/#primaryimage"},"thumbnailUrl":"https:\/\/diarieducacio.cat\/grao\/wp-content\/uploads\/sites\/31\/2014\/10\/edubenestar.jpg","datePublished":"2014-10-09T06:19:00+00:00","dateModified":"2024-05-13T16:30:13+00:00","author":{"@id":"https:\/\/diarieducacio.cat\/grao\/#\/schema\/person\/b9a9cefd4db5cd298d195c0f143ae53f"},"breadcrumb":{"@id":"https:\/\/diarieducacio.cat\/grao\/2014\/10\/09\/educacio-benestar\/#breadcrumb"},"inLanguage":"ca","potentialAction":[{"@type":"ReadAction","target":["https:\/\/diarieducacio.cat\/grao\/2014\/10\/09\/educacio-benestar\/"]}]},{"@type":"ImageObject","inLanguage":"ca","@id":"https:\/\/diarieducacio.cat\/grao\/2014\/10\/09\/educacio-benestar\/#primaryimage","url":"https:\/\/diarieducacio.cat\/grao\/wp-content\/uploads\/sites\/31\/2014\/10\/edubenestar.jpg","contentUrl":"https:\/\/diarieducacio.cat\/grao\/wp-content\/uploads\/sites\/31\/2014\/10\/edubenestar.jpg","width":357,"height":245},{"@type":"BreadcrumbList","@id":"https:\/\/diarieducacio.cat\/grao\/2014\/10\/09\/educacio-benestar\/#breadcrumb","itemListElement":[{"@type":"ListItem","position":1,"name":"Inici","item":"https:\/\/diarieducacio.cat\/grao\/"},{"@type":"ListItem","position":2,"name":"Educaci\u00f3 i benestar"}]},{"@type":"WebSite","@id":"https:\/\/diarieducacio.cat\/grao\/#website","url":"https:\/\/diarieducacio.cat\/grao\/","name":"L'escola gra\u00f3 a gra\u00f3","description":"Un blog de El Diari de l&#039;Educaci\u00f3","potentialAction":[{"@type":"SearchAction","target":{"@type":"EntryPoint","urlTemplate":"https:\/\/diarieducacio.cat\/grao\/?s={search_term_string}"},"query-input":{"@type":"PropertyValueSpecification","valueRequired":true,"valueName":"search_term_string"}}],"inLanguage":"ca"},{"@type":"Person","@id":"https:\/\/diarieducacio.cat\/grao\/#\/schema\/person\/b9a9cefd4db5cd298d195c0f143ae53f","name":"Rafael Bisquerra","image":{"@type":"ImageObject","inLanguage":"ca","@id":"https:\/\/diarieducacio.cat\/wp-content\/uploads\/2024\/11\/rafael-bisquerra_avatar-64x64.jpg","url":"https:\/\/diarieducacio.cat\/wp-content\/uploads\/2024\/11\/rafael-bisquerra_avatar-64x64.jpg","contentUrl":"https:\/\/diarieducacio.cat\/wp-content\/uploads\/2024\/11\/rafael-bisquerra_avatar-64x64.jpg","caption":"Rafael Bisquerra"},"description":"Catedr\u00e0tic d\u2019Orientaci\u00f3 Psicopedag\u00f2gica de la Universitat de Barcelona i autor de nombrosos llibres sobre educaci\u00f3 emocional","sameAs":["https:\/\/x.com\/ecortesmau"],"url":"https:\/\/diarieducacio.cat\/grao\/author\/rbisquerra\/"}]}},"_links":{"self":[{"href":"https:\/\/diarieducacio.cat\/grao\/wp-json\/wp\/v2\/posts\/430","targetHints":{"allow":["GET"]}}],"collection":[{"href":"https:\/\/diarieducacio.cat\/grao\/wp-json\/wp\/v2\/posts"}],"about":[{"href":"https:\/\/diarieducacio.cat\/grao\/wp-json\/wp\/v2\/types\/post"}],"author":[{"embeddable":true,"href":"https:\/\/diarieducacio.cat\/grao\/wp-json\/wp\/v2\/users\/540"}],"replies":[{"embeddable":true,"href":"https:\/\/diarieducacio.cat\/grao\/wp-json\/wp\/v2\/comments?post=430"}],"version-history":[{"count":1,"href":"https:\/\/diarieducacio.cat\/grao\/wp-json\/wp\/v2\/posts\/430\/revisions"}],"predecessor-version":[{"id":6177,"href":"https:\/\/diarieducacio.cat\/grao\/wp-json\/wp\/v2\/posts\/430\/revisions\/6177"}],"wp:featuredmedia":[{"embeddable":true,"href":"https:\/\/diarieducacio.cat\/grao\/wp-json\/wp\/v2\/media\/432"}],"wp:attachment":[{"href":"https:\/\/diarieducacio.cat\/grao\/wp-json\/wp\/v2\/media?parent=430"}],"wp:term":[{"taxonomy":"category","embeddable":true,"href":"https:\/\/diarieducacio.cat\/grao\/wp-json\/wp\/v2\/categories?post=430"},{"taxonomy":"post_tag","embeddable":true,"href":"https:\/\/diarieducacio.cat\/grao\/wp-json\/wp\/v2\/tags?post=430"},{"taxonomy":"tipo","embeddable":true,"href":"https:\/\/diarieducacio.cat\/grao\/wp-json\/wp\/v2\/tipo?post=430"}],"curies":[{"name":"wp","href":"https:\/\/api.w.org\/{rel}","templated":true}]}}