{"id":441,"date":"2014-10-20T11:21:53","date_gmt":"2014-10-20T11:21:53","guid":{"rendered":"https:\/\/diarieducacio.cat\/grao\/?p=441"},"modified":"2024-05-13T18:30:13","modified_gmt":"2024-05-13T16:30:13","slug":"es-un-nen-amb-sort-li-falta-res","status":"publish","type":"post","link":"https:\/\/diarieducacio.cat\/grao\/2014\/10\/20\/es-un-nen-amb-sort-li-falta-res\/","title":{"rendered":"\u00c9s un nen amb sort. No li falta res!"},"content":{"rendered":"<p><a href=\"https:\/\/nostalgic-ishizaka.82-223-1-47.plesk.page\/grao\/wp-content\/uploads\/sites\/31\/2014\/10\/nenambsort1.jpg\"><img fetchpriority=\"high\" decoding=\"async\" class=\"wp-image-460 aligncenter\" src=\"https:\/\/diarieducacio.cat\/grao\/wp-content\/uploads\/sites\/10\/2014\/10\/nenambsort1-251x300.jpg\" alt=\"nenambsort\" width=\"358\" height=\"427\" \/><\/a><\/p>\n<p><strong>FONT:\u00a0<\/strong><em>40 anys amb ulls d&#8217;infant, GRA\u00d3, 2009. Col\u00b7lecci\u00f3 Micro Macro Refer\u00e8ncies, 5.<\/em><\/p>\n<p>Podeu accedir a aquest llibre fent clic <span style=\"color: #0000ff\"><strong><a style=\"color: #0000ff\" href=\"http:\/\/www.grao.com\/llibres\/frato-40-anys-amb-ulls-dacute-infant\" target=\"_blank\" rel=\"noopener\">aqu\u00ed<\/a><\/strong><\/span>.<\/p>\n","protected":false},"excerpt":{"rendered":"<p>Al llarg d&#8217;aquests darrers quaranta anys, Frato ha anat acompanyant amb les seves vinyetes la hist\u00f2ria de l&#8217;educaci\u00f3 occidental; guiant nens i nenes en la dif\u00edcil tasca de cr\u00e9ixer al costat d&#8217;adults que, sovint, no els entenen, no els escolten, els enganyen o pretenen malcriar-los.<\/p>\n","protected":false},"author":534,"featured_media":460,"comment_status":"open","ping_status":"open","sticky":false,"template":"","format":"standard","meta":{"footnotes":""},"categories":[182,187],"tags":[99,132,232,156],"tipo":[],"class_list":{"0":"post-441","1":"post","2":"type-post","3":"status-publish","4":"format-standard","5":"has-post-thumbnail","7":"category-comunitat-educativa","8":"category-familia-i-educacio","9":"tag-creixement-huma","10":"tag-educar","11":"tag-familia","12":"tag-protestes"},"yoast_head":"<!-- This site is optimized with the Yoast SEO plugin v27.5 - https:\/\/yoast.com\/product\/yoast-seo-wordpress\/ -->\n<title>\u00c9s un nen amb sort. No li falta res! - L&#039;escola gra\u00f3 a gra\u00f3<\/title>\n<meta name=\"robots\" content=\"index, follow, max-snippet:-1, max-image-preview:large, max-video-preview:-1\" \/>\n<link rel=\"canonical\" href=\"https:\/\/diarieducacio.cat\/grao\/2014\/10\/20\/es-un-nen-amb-sort-li-falta-res\/\" \/>\n<meta property=\"og:locale\" content=\"ca_ES\" \/>\n<meta property=\"og:type\" content=\"article\" \/>\n<meta property=\"og:title\" content=\"\u00c9s un nen amb sort. No li falta res! - L&#039;escola gra\u00f3 a gra\u00f3\" \/>\n<meta property=\"og:description\" content=\"Al llarg d&#039;aquests darrers quaranta anys, Frato ha anat acompanyant amb les seves vinyetes la hist\u00f2ria de l&#039;educaci\u00f3 occidental; guiant nens i nenes en la dif\u00edcil tasca de cr\u00e9ixer al costat d&#039;adults que, sovint, no els entenen, no els escolten, els enganyen o pretenen malcriar-los.\" \/>\n<meta property=\"og:url\" content=\"https:\/\/diarieducacio.cat\/grao\/2014\/10\/20\/es-un-nen-amb-sort-li-falta-res\/\" \/>\n<meta property=\"og:site_name\" content=\"L&#039;escola gra\u00f3 a gra\u00f3\" \/>\n<meta property=\"article:published_time\" content=\"2014-10-20T11:21:53+00:00\" \/>\n<meta property=\"article:modified_time\" content=\"2024-05-13T16:30:13+00:00\" \/>\n<meta property=\"og:image\" content=\"https:\/\/diarieducacio.cat\/grao\/wp-content\/uploads\/sites\/31\/2014\/10\/nenambsort1.jpg\" \/>\n\t<meta property=\"og:image:width\" content=\"642\" \/>\n\t<meta property=\"og:image:height\" content=\"765\" \/>\n\t<meta property=\"og:image:type\" content=\"image\/jpeg\" \/>\n<meta name=\"author\" content=\"FRATO (Francesco Tonucci)\" \/>\n<meta name=\"twitter:card\" content=\"summary_large_image\" \/>\n<meta name=\"twitter:label1\" content=\"Escrit per\" \/>\n\t<meta name=\"twitter:data1\" content=\"FRATO (Francesco Tonucci)\" \/>\n<script type=\"application\/ld+json\" class=\"yoast-schema-graph\">{\"@context\":\"https:\\\/\\\/schema.org\",\"@graph\":[{\"@type\":\"Article\",\"@id\":\"https:\\\/\\\/diarieducacio.cat\\\/grao\\\/2014\\\/10\\\/20\\\/es-un-nen-amb-sort-li-falta-res\\\/#article\",\"isPartOf\":{\"@id\":\"https:\\\/\\\/diarieducacio.cat\\\/grao\\\/2014\\\/10\\\/20\\\/es-un-nen-amb-sort-li-falta-res\\\/\"},\"author\":{\"name\":\"FRATO (Francesco Tonucci)\",\"@id\":\"https:\\\/\\\/diarieducacio.cat\\\/grao\\\/#\\\/schema\\\/person\\\/48c132245e3ad272404be6d6a33fab46\"},\"headline\":\"\u00c9s un nen amb sort. No li falta res!\",\"datePublished\":\"2014-10-20T11:21:53+00:00\",\"dateModified\":\"2024-05-13T16:30:13+00:00\",\"mainEntityOfPage\":{\"@id\":\"https:\\\/\\\/diarieducacio.cat\\\/grao\\\/2014\\\/10\\\/20\\\/es-un-nen-amb-sort-li-falta-res\\\/\"},\"wordCount\":30,\"commentCount\":0,\"image\":{\"@id\":\"https:\\\/\\\/diarieducacio.cat\\\/grao\\\/2014\\\/10\\\/20\\\/es-un-nen-amb-sort-li-falta-res\\\/#primaryimage\"},\"thumbnailUrl\":\"https:\\\/\\\/diarieducacio.cat\\\/grao\\\/wp-content\\\/uploads\\\/sites\\\/31\\\/2014\\\/10\\\/nenambsort1.jpg\",\"keywords\":[\"creixement hum\u00e0\",\"educar\",\"familia\",\"protestes\"],\"articleSection\":[\"comunitat educativa\",\"Fam\u00edlia i educaci\u00f3\"],\"inLanguage\":\"ca\",\"potentialAction\":[{\"@type\":\"CommentAction\",\"name\":\"Comment\",\"target\":[\"https:\\\/\\\/diarieducacio.cat\\\/grao\\\/2014\\\/10\\\/20\\\/es-un-nen-amb-sort-li-falta-res\\\/#respond\"]}]},{\"@type\":\"WebPage\",\"@id\":\"https:\\\/\\\/diarieducacio.cat\\\/grao\\\/2014\\\/10\\\/20\\\/es-un-nen-amb-sort-li-falta-res\\\/\",\"url\":\"https:\\\/\\\/diarieducacio.cat\\\/grao\\\/2014\\\/10\\\/20\\\/es-un-nen-amb-sort-li-falta-res\\\/\",\"name\":\"\u00c9s un nen amb sort. No li falta res! - L'escola gra\u00f3 a gra\u00f3\",\"isPartOf\":{\"@id\":\"https:\\\/\\\/diarieducacio.cat\\\/grao\\\/#website\"},\"primaryImageOfPage\":{\"@id\":\"https:\\\/\\\/diarieducacio.cat\\\/grao\\\/2014\\\/10\\\/20\\\/es-un-nen-amb-sort-li-falta-res\\\/#primaryimage\"},\"image\":{\"@id\":\"https:\\\/\\\/diarieducacio.cat\\\/grao\\\/2014\\\/10\\\/20\\\/es-un-nen-amb-sort-li-falta-res\\\/#primaryimage\"},\"thumbnailUrl\":\"https:\\\/\\\/diarieducacio.cat\\\/grao\\\/wp-content\\\/uploads\\\/sites\\\/31\\\/2014\\\/10\\\/nenambsort1.jpg\",\"datePublished\":\"2014-10-20T11:21:53+00:00\",\"dateModified\":\"2024-05-13T16:30:13+00:00\",\"author\":{\"@id\":\"https:\\\/\\\/diarieducacio.cat\\\/grao\\\/#\\\/schema\\\/person\\\/48c132245e3ad272404be6d6a33fab46\"},\"breadcrumb\":{\"@id\":\"https:\\\/\\\/diarieducacio.cat\\\/grao\\\/2014\\\/10\\\/20\\\/es-un-nen-amb-sort-li-falta-res\\\/#breadcrumb\"},\"inLanguage\":\"ca\",\"potentialAction\":[{\"@type\":\"ReadAction\",\"target\":[\"https:\\\/\\\/diarieducacio.cat\\\/grao\\\/2014\\\/10\\\/20\\\/es-un-nen-amb-sort-li-falta-res\\\/\"]}]},{\"@type\":\"ImageObject\",\"inLanguage\":\"ca\",\"@id\":\"https:\\\/\\\/diarieducacio.cat\\\/grao\\\/2014\\\/10\\\/20\\\/es-un-nen-amb-sort-li-falta-res\\\/#primaryimage\",\"url\":\"https:\\\/\\\/diarieducacio.cat\\\/grao\\\/wp-content\\\/uploads\\\/sites\\\/31\\\/2014\\\/10\\\/nenambsort1.jpg\",\"contentUrl\":\"https:\\\/\\\/diarieducacio.cat\\\/grao\\\/wp-content\\\/uploads\\\/sites\\\/31\\\/2014\\\/10\\\/nenambsort1.jpg\",\"width\":642,\"height\":765},{\"@type\":\"BreadcrumbList\",\"@id\":\"https:\\\/\\\/diarieducacio.cat\\\/grao\\\/2014\\\/10\\\/20\\\/es-un-nen-amb-sort-li-falta-res\\\/#breadcrumb\",\"itemListElement\":[{\"@type\":\"ListItem\",\"position\":1,\"name\":\"Inici\",\"item\":\"https:\\\/\\\/diarieducacio.cat\\\/grao\\\/\"},{\"@type\":\"ListItem\",\"position\":2,\"name\":\"\u00c9s un nen amb sort. No li falta res!\"}]},{\"@type\":\"WebSite\",\"@id\":\"https:\\\/\\\/diarieducacio.cat\\\/grao\\\/#website\",\"url\":\"https:\\\/\\\/diarieducacio.cat\\\/grao\\\/\",\"name\":\"L'escola gra\u00f3 a gra\u00f3\",\"description\":\"Un blog de El Diari de l&#039;Educaci\u00f3\",\"potentialAction\":[{\"@type\":\"SearchAction\",\"target\":{\"@type\":\"EntryPoint\",\"urlTemplate\":\"https:\\\/\\\/diarieducacio.cat\\\/grao\\\/?s={search_term_string}\"},\"query-input\":{\"@type\":\"PropertyValueSpecification\",\"valueRequired\":true,\"valueName\":\"search_term_string\"}}],\"inLanguage\":\"ca\"},{\"@type\":\"Person\",\"@id\":\"https:\\\/\\\/diarieducacio.cat\\\/grao\\\/#\\\/schema\\\/person\\\/48c132245e3ad272404be6d6a33fab46\",\"name\":\"FRATO (Francesco Tonucci)\",\"image\":{\"@type\":\"ImageObject\",\"inLanguage\":\"ca\",\"@id\":\"https:\\\/\\\/secure.gravatar.com\\\/avatar\\\/87ffea8edf60b043fee3cb1167bf4711572703d848fe06e48d9fe94e8c134657?s=96&d=mm&r=g\",\"url\":\"https:\\\/\\\/secure.gravatar.com\\\/avatar\\\/87ffea8edf60b043fee3cb1167bf4711572703d848fe06e48d9fe94e8c134657?s=96&d=mm&r=g\",\"contentUrl\":\"https:\\\/\\\/secure.gravatar.com\\\/avatar\\\/87ffea8edf60b043fee3cb1167bf4711572703d848fe06e48d9fe94e8c134657?s=96&d=mm&r=g\",\"caption\":\"FRATO (Francesco Tonucci)\"},\"url\":\"https:\\\/\\\/diarieducacio.cat\\\/grao\\\/author\\\/frato\\\/\"}]}<\/script>\n<!-- \/ Yoast SEO plugin. -->","yoast_head_json":{"title":"\u00c9s un nen amb sort. No li falta res! - L'escola gra\u00f3 a gra\u00f3","robots":{"index":"index","follow":"follow","max-snippet":"max-snippet:-1","max-image-preview":"max-image-preview:large","max-video-preview":"max-video-preview:-1"},"canonical":"https:\/\/diarieducacio.cat\/grao\/2014\/10\/20\/es-un-nen-amb-sort-li-falta-res\/","og_locale":"ca_ES","og_type":"article","og_title":"\u00c9s un nen amb sort. No li falta res! - L'escola gra\u00f3 a gra\u00f3","og_description":"Al llarg d'aquests darrers quaranta anys, Frato ha anat acompanyant amb les seves vinyetes la hist\u00f2ria de l'educaci\u00f3 occidental; guiant nens i nenes en la dif\u00edcil tasca de cr\u00e9ixer al costat d'adults que, sovint, no els entenen, no els escolten, els enganyen o pretenen malcriar-los.","og_url":"https:\/\/diarieducacio.cat\/grao\/2014\/10\/20\/es-un-nen-amb-sort-li-falta-res\/","og_site_name":"L'escola gra\u00f3 a gra\u00f3","article_published_time":"2014-10-20T11:21:53+00:00","article_modified_time":"2024-05-13T16:30:13+00:00","og_image":[{"width":642,"height":765,"url":"https:\/\/diarieducacio.cat\/grao\/wp-content\/uploads\/sites\/31\/2014\/10\/nenambsort1.jpg","type":"image\/jpeg"}],"author":"FRATO (Francesco Tonucci)","twitter_card":"summary_large_image","twitter_misc":{"Escrit per":"FRATO (Francesco Tonucci)"},"schema":{"@context":"https:\/\/schema.org","@graph":[{"@type":"Article","@id":"https:\/\/diarieducacio.cat\/grao\/2014\/10\/20\/es-un-nen-amb-sort-li-falta-res\/#article","isPartOf":{"@id":"https:\/\/diarieducacio.cat\/grao\/2014\/10\/20\/es-un-nen-amb-sort-li-falta-res\/"},"author":{"name":"FRATO (Francesco Tonucci)","@id":"https:\/\/diarieducacio.cat\/grao\/#\/schema\/person\/48c132245e3ad272404be6d6a33fab46"},"headline":"\u00c9s un nen amb sort. No li falta res!","datePublished":"2014-10-20T11:21:53+00:00","dateModified":"2024-05-13T16:30:13+00:00","mainEntityOfPage":{"@id":"https:\/\/diarieducacio.cat\/grao\/2014\/10\/20\/es-un-nen-amb-sort-li-falta-res\/"},"wordCount":30,"commentCount":0,"image":{"@id":"https:\/\/diarieducacio.cat\/grao\/2014\/10\/20\/es-un-nen-amb-sort-li-falta-res\/#primaryimage"},"thumbnailUrl":"https:\/\/diarieducacio.cat\/grao\/wp-content\/uploads\/sites\/31\/2014\/10\/nenambsort1.jpg","keywords":["creixement hum\u00e0","educar","familia","protestes"],"articleSection":["comunitat educativa","Fam\u00edlia i educaci\u00f3"],"inLanguage":"ca","potentialAction":[{"@type":"CommentAction","name":"Comment","target":["https:\/\/diarieducacio.cat\/grao\/2014\/10\/20\/es-un-nen-amb-sort-li-falta-res\/#respond"]}]},{"@type":"WebPage","@id":"https:\/\/diarieducacio.cat\/grao\/2014\/10\/20\/es-un-nen-amb-sort-li-falta-res\/","url":"https:\/\/diarieducacio.cat\/grao\/2014\/10\/20\/es-un-nen-amb-sort-li-falta-res\/","name":"\u00c9s un nen amb sort. No li falta res! - L'escola gra\u00f3 a gra\u00f3","isPartOf":{"@id":"https:\/\/diarieducacio.cat\/grao\/#website"},"primaryImageOfPage":{"@id":"https:\/\/diarieducacio.cat\/grao\/2014\/10\/20\/es-un-nen-amb-sort-li-falta-res\/#primaryimage"},"image":{"@id":"https:\/\/diarieducacio.cat\/grao\/2014\/10\/20\/es-un-nen-amb-sort-li-falta-res\/#primaryimage"},"thumbnailUrl":"https:\/\/diarieducacio.cat\/grao\/wp-content\/uploads\/sites\/31\/2014\/10\/nenambsort1.jpg","datePublished":"2014-10-20T11:21:53+00:00","dateModified":"2024-05-13T16:30:13+00:00","author":{"@id":"https:\/\/diarieducacio.cat\/grao\/#\/schema\/person\/48c132245e3ad272404be6d6a33fab46"},"breadcrumb":{"@id":"https:\/\/diarieducacio.cat\/grao\/2014\/10\/20\/es-un-nen-amb-sort-li-falta-res\/#breadcrumb"},"inLanguage":"ca","potentialAction":[{"@type":"ReadAction","target":["https:\/\/diarieducacio.cat\/grao\/2014\/10\/20\/es-un-nen-amb-sort-li-falta-res\/"]}]},{"@type":"ImageObject","inLanguage":"ca","@id":"https:\/\/diarieducacio.cat\/grao\/2014\/10\/20\/es-un-nen-amb-sort-li-falta-res\/#primaryimage","url":"https:\/\/diarieducacio.cat\/grao\/wp-content\/uploads\/sites\/31\/2014\/10\/nenambsort1.jpg","contentUrl":"https:\/\/diarieducacio.cat\/grao\/wp-content\/uploads\/sites\/31\/2014\/10\/nenambsort1.jpg","width":642,"height":765},{"@type":"BreadcrumbList","@id":"https:\/\/diarieducacio.cat\/grao\/2014\/10\/20\/es-un-nen-amb-sort-li-falta-res\/#breadcrumb","itemListElement":[{"@type":"ListItem","position":1,"name":"Inici","item":"https:\/\/diarieducacio.cat\/grao\/"},{"@type":"ListItem","position":2,"name":"\u00c9s un nen amb sort. No li falta res!"}]},{"@type":"WebSite","@id":"https:\/\/diarieducacio.cat\/grao\/#website","url":"https:\/\/diarieducacio.cat\/grao\/","name":"L'escola gra\u00f3 a gra\u00f3","description":"Un blog de El Diari de l&#039;Educaci\u00f3","potentialAction":[{"@type":"SearchAction","target":{"@type":"EntryPoint","urlTemplate":"https:\/\/diarieducacio.cat\/grao\/?s={search_term_string}"},"query-input":{"@type":"PropertyValueSpecification","valueRequired":true,"valueName":"search_term_string"}}],"inLanguage":"ca"},{"@type":"Person","@id":"https:\/\/diarieducacio.cat\/grao\/#\/schema\/person\/48c132245e3ad272404be6d6a33fab46","name":"FRATO (Francesco Tonucci)","image":{"@type":"ImageObject","inLanguage":"ca","@id":"https:\/\/secure.gravatar.com\/avatar\/87ffea8edf60b043fee3cb1167bf4711572703d848fe06e48d9fe94e8c134657?s=96&d=mm&r=g","url":"https:\/\/secure.gravatar.com\/avatar\/87ffea8edf60b043fee3cb1167bf4711572703d848fe06e48d9fe94e8c134657?s=96&d=mm&r=g","contentUrl":"https:\/\/secure.gravatar.com\/avatar\/87ffea8edf60b043fee3cb1167bf4711572703d848fe06e48d9fe94e8c134657?s=96&d=mm&r=g","caption":"FRATO (Francesco Tonucci)"},"url":"https:\/\/diarieducacio.cat\/grao\/author\/frato\/"}]}},"_links":{"self":[{"href":"https:\/\/diarieducacio.cat\/grao\/wp-json\/wp\/v2\/posts\/441","targetHints":{"allow":["GET"]}}],"collection":[{"href":"https:\/\/diarieducacio.cat\/grao\/wp-json\/wp\/v2\/posts"}],"about":[{"href":"https:\/\/diarieducacio.cat\/grao\/wp-json\/wp\/v2\/types\/post"}],"author":[{"embeddable":true,"href":"https:\/\/diarieducacio.cat\/grao\/wp-json\/wp\/v2\/users\/534"}],"replies":[{"embeddable":true,"href":"https:\/\/diarieducacio.cat\/grao\/wp-json\/wp\/v2\/comments?post=441"}],"version-history":[{"count":1,"href":"https:\/\/diarieducacio.cat\/grao\/wp-json\/wp\/v2\/posts\/441\/revisions"}],"predecessor-version":[{"id":6178,"href":"https:\/\/diarieducacio.cat\/grao\/wp-json\/wp\/v2\/posts\/441\/revisions\/6178"}],"wp:featuredmedia":[{"embeddable":true,"href":"https:\/\/diarieducacio.cat\/grao\/wp-json\/wp\/v2\/media\/460"}],"wp:attachment":[{"href":"https:\/\/diarieducacio.cat\/grao\/wp-json\/wp\/v2\/media?parent=441"}],"wp:term":[{"taxonomy":"category","embeddable":true,"href":"https:\/\/diarieducacio.cat\/grao\/wp-json\/wp\/v2\/categories?post=441"},{"taxonomy":"post_tag","embeddable":true,"href":"https:\/\/diarieducacio.cat\/grao\/wp-json\/wp\/v2\/tags?post=441"},{"taxonomy":"tipo","embeddable":true,"href":"https:\/\/diarieducacio.cat\/grao\/wp-json\/wp\/v2\/tipo?post=441"}],"curies":[{"name":"wp","href":"https:\/\/api.w.org\/{rel}","templated":true}]}}