{"id":559,"date":"2014-12-01T06:45:09","date_gmt":"2014-12-01T06:45:09","guid":{"rendered":"https:\/\/diarieducacio.cat\/grao\/?p=559"},"modified":"2024-05-13T18:30:13","modified_gmt":"2024-05-13T16:30:13","slug":"lassertivitat-en-les-relacions-amb-lalumnat","status":"publish","type":"post","link":"https:\/\/diarieducacio.cat\/grao\/2014\/12\/01\/lassertivitat-en-les-relacions-amb-lalumnat\/","title":{"rendered":"L&#8217;assertivitat en les relacions amb l&#8217;alumnat"},"content":{"rendered":"<p>Possiblement la majoria de professionals de l\u2019educaci\u00f3, ja sigui d&#8217;ensenyament obligatori com d\u2019educaci\u00f3 d\u2019adults, opinen\u00a0que la major dificultat de la seva professi\u00f3 \u00e9s la relaci\u00f3 amb l&#8217;alumnat. Aquesta relaci\u00f3 t\u00e9 dos vessants oposats en funci\u00f3\u00a0de l\u2019edat dels alumnes i les alumnes. En el cas de l\u2019alumnat de secund\u00e0ria, la dificultat \u00e9s la mateixa de l\u2019edat adolescent,\u00a0aix\u00ed com el fet de q\u00fcestionar-se el sentit mateix de la formaci\u00f3,\u00a0ja que \u00e9s obligat\u00f2ria i per aquest motiu comporta una\u00a0determinada disciplina.<\/p>\n<p>En el cas de la formaci\u00f3 per a adults no reglada, dels consultors\u00a0en organitzacions i empreses, hi ha unes dificultats\u00a0paral\u00b7leles a les de la formaci\u00f3 secund\u00e0ria. D\u2019una banda, molts\u00a0alumnes tamb\u00e9 assisteixen als cursos de formaci\u00f3 de manera obligat\u00f2ria i amb una disciplina complicada (per exemple, la formaci\u00f3\u00a0fora de l\u2019horari laboral o b\u00e9 per l\u2019obligaci\u00f3 marcada per\u00a0part del cap o de l\u2019organitzaci\u00f3 d\u2019assistir al curs de formaci\u00f3, ja\u00a0sigui directa o indirectament). D\u2019altra banda, i a causa de l\u2019edat,\u00a0l\u2019alumne adult pot q\u00fcestionar la capacitat del professor, pel fet\u00a0que aquest sigui d\u2019edat igual o inferior, o per no tenir la formaci\u00f3\u00a0especialitzada de l\u2019alumne. En els dos casos esmentats, la\u00a0conducta assertiva \u00e9s una bona soluci\u00f3 per a les relacions amb\u00a0l\u2019alumnat.<\/p>\n<p><strong>El professorat assertiu assumeix amb claredat les seves responsabilitats educatives, accepta les cr\u00edtiques de l\u2019alumnat i els seus punts de vista, hi negocia les q\u00fcestions pedag\u00f2giques i disciplin\u00e0ries, sap dir que no, reconeix els seus errors i, sobretot, respecta i no \u00e9s agressiu<\/strong>. Totes aquestes conductes faciliten la comunicaci\u00f3 i la bona relaci\u00f3 a l\u2019aula, alhora que creen un ambient agradable per a l\u2019alumnat i el professorat. Aix\u00ed, el professorat pot disposar d\u2019un estat intern de benestar i crear un ambient agradable a l\u2019aula.<\/p>\n<blockquote><p>Les conductes passives (retreure\u2019s, fer veure que no passa res, tolerar indisciplines) o les agressives (cridar, amena\u00e7ar, imposar-se per la for\u00e7a, no tolerar r\u00e8pliques o cr\u00edtiques) comporten emocions negatives i malestar per a l\u2019alumnat i per al professorat.<\/p><\/blockquote>\n<p><strong>El model de conducta assertiu del professorat engloba tota una relaci\u00f3 amb l\u2019alumnat dins i fora de l\u2019aula<\/strong>. Es tracta de comportar-se de manera assertiva en qualsevol tipus de relaci\u00f3 professional educativa, no \u00fanicament quan s\u2019est\u00e0 impartint la classe a l\u2019aula. D\u2019aquesta manera, es reforcen les relacions comunicatives i es pot crear una relaci\u00f3 de confian\u00e7a i respecte que \u00e9s molt \u00fatil quan sorgeixen problemes, a m\u00e9s de provocar un estat intern positiu. La conducta assertiva \u00e9s, de fet, una conducta existencial i constant en qualsevol \u00e0mbit i amb qualsevol persona. Per tant, el professorat assertiu mant\u00e9 el seu model de conducta fora de l\u2019aula.<\/p>\n<p><strong>FONT:\u00a0<\/strong><em>Per qu\u00e8 he dit blanc si volia dir negre?, <\/em>GRA\u00d3, 2005. Col\u00b7lecci\u00f3 Desenvolupament personal del professorat, 2. Clic <span style=\"color: #0000ff\"><strong><a style=\"color: #0000ff\" href=\"http:\/\/grao.com\/llibres\/per-que-he-dit-blanc-si-volia-dir-negre\" target=\"_blank\" rel=\"noopener\">aqu\u00ed<\/a><\/strong><\/span>.<\/p>\n","protected":false},"excerpt":{"rendered":"<p>L\u00b4assertivitat \u00e9s una habilitat social que consisteix a manifestar de manera clara, franca i respectuosa les pr\u00f2pies opinions, emocions i creences, a acceptar els pensaments i les cr\u00edtiques dels altres i no sentir-se culpable per aix\u00f2.<\/p>\n","protected":false},"author":547,"featured_media":560,"comment_status":"closed","ping_status":"open","sticky":false,"template":"","format":"standard","meta":{"footnotes":""},"categories":[127,101,198,251,206],"tags":[261,100,174],"tipo":[],"class_list":{"0":"post-559","1":"post","2":"type-post","3":"status-publish","4":"format-standard","5":"has-post-thumbnail","7":"category-comunicacio-no-verbal","8":"category-desenvolupament-personal","9":"category-desenvolupament-professional","10":"category-educacio-afectivaemocional","11":"category-habilitats-comunicatives","12":"tag-assertivitat-del-professorat","13":"tag-creixement-personal","14":"tag-socialitzacio"},"yoast_head":"<!-- This site is optimized with the Yoast SEO plugin v27.5 - https:\/\/yoast.com\/product\/yoast-seo-wordpress\/ -->\n<title>L&#039;assertivitat en les relacions amb l&#039;alumnat - L&#039;escola gra\u00f3 a gra\u00f3<\/title>\n<meta name=\"robots\" content=\"index, follow, max-snippet:-1, max-image-preview:large, max-video-preview:-1\" \/>\n<link rel=\"canonical\" href=\"https:\/\/diarieducacio.cat\/grao\/2014\/12\/01\/lassertivitat-en-les-relacions-amb-lalumnat\/\" \/>\n<meta property=\"og:locale\" content=\"ca_ES\" \/>\n<meta property=\"og:type\" content=\"article\" \/>\n<meta property=\"og:title\" content=\"L&#039;assertivitat en les relacions amb l&#039;alumnat - L&#039;escola gra\u00f3 a gra\u00f3\" \/>\n<meta property=\"og:description\" content=\"L\u00b4assertivitat \u00e9s una habilitat social que consisteix a manifestar de manera clara, franca i respectuosa les pr\u00f2pies opinions, emocions i creences, a acceptar els pensaments i les cr\u00edtiques dels altres i no sentir-se culpable per aix\u00f2.\" \/>\n<meta property=\"og:url\" content=\"https:\/\/diarieducacio.cat\/grao\/2014\/12\/01\/lassertivitat-en-les-relacions-amb-lalumnat\/\" \/>\n<meta property=\"og:site_name\" content=\"L&#039;escola gra\u00f3 a gra\u00f3\" \/>\n<meta property=\"article:published_time\" content=\"2014-12-01T06:45:09+00:00\" \/>\n<meta property=\"article:modified_time\" content=\"2024-05-13T16:30:13+00:00\" \/>\n<meta property=\"og:image\" content=\"https:\/\/diarieducacio.cat\/grao\/wp-content\/uploads\/sites\/31\/2014\/11\/blancnegre.jpg\" \/>\n\t<meta property=\"og:image:width\" content=\"199\" \/>\n\t<meta property=\"og:image:height\" content=\"292\" \/>\n\t<meta property=\"og:image:type\" content=\"image\/jpeg\" \/>\n<meta name=\"author\" content=\"Manuel G\u00fcell\" \/>\n<meta name=\"twitter:card\" content=\"summary_large_image\" \/>\n<meta name=\"twitter:label1\" content=\"Escrit per\" \/>\n\t<meta name=\"twitter:data1\" content=\"Manuel G\u00fcell\" \/>\n\t<meta name=\"twitter:label2\" content=\"Temps estimat de lectura\" \/>\n\t<meta name=\"twitter:data2\" content=\"3 minuts\" \/>\n<script type=\"application\/ld+json\" class=\"yoast-schema-graph\">{\"@context\":\"https:\\\/\\\/schema.org\",\"@graph\":[{\"@type\":\"Article\",\"@id\":\"https:\\\/\\\/diarieducacio.cat\\\/grao\\\/2014\\\/12\\\/01\\\/lassertivitat-en-les-relacions-amb-lalumnat\\\/#article\",\"isPartOf\":{\"@id\":\"https:\\\/\\\/diarieducacio.cat\\\/grao\\\/2014\\\/12\\\/01\\\/lassertivitat-en-les-relacions-amb-lalumnat\\\/\"},\"author\":{\"name\":\"Manuel G\u00fcell\",\"@id\":\"https:\\\/\\\/diarieducacio.cat\\\/grao\\\/#\\\/schema\\\/person\\\/2e4ff89552f2877a83de91fa6cb509f4\"},\"headline\":\"L&#8217;assertivitat en les relacions amb l&#8217;alumnat\",\"datePublished\":\"2014-12-01T06:45:09+00:00\",\"dateModified\":\"2024-05-13T16:30:13+00:00\",\"mainEntityOfPage\":{\"@id\":\"https:\\\/\\\/diarieducacio.cat\\\/grao\\\/2014\\\/12\\\/01\\\/lassertivitat-en-les-relacions-amb-lalumnat\\\/\"},\"wordCount\":512,\"image\":{\"@id\":\"https:\\\/\\\/diarieducacio.cat\\\/grao\\\/2014\\\/12\\\/01\\\/lassertivitat-en-les-relacions-amb-lalumnat\\\/#primaryimage\"},\"thumbnailUrl\":\"https:\\\/\\\/diarieducacio.cat\\\/grao\\\/wp-content\\\/uploads\\\/sites\\\/31\\\/2014\\\/11\\\/blancnegre.jpg\",\"keywords\":[\"assertivitat del professorat\",\"creixement personal\",\"socialitzaci\u00f3\"],\"articleSection\":[\"Comunicaci\u00f3 no verbal\",\"Desenvolupament Personal\",\"Desenvolupament professional\",\"Educaci\u00f3 afectiva\\\/emocional\",\"Habilitats comunicatives\"],\"inLanguage\":\"ca\"},{\"@type\":\"WebPage\",\"@id\":\"https:\\\/\\\/diarieducacio.cat\\\/grao\\\/2014\\\/12\\\/01\\\/lassertivitat-en-les-relacions-amb-lalumnat\\\/\",\"url\":\"https:\\\/\\\/diarieducacio.cat\\\/grao\\\/2014\\\/12\\\/01\\\/lassertivitat-en-les-relacions-amb-lalumnat\\\/\",\"name\":\"L'assertivitat en les relacions amb l'alumnat - L'escola gra\u00f3 a gra\u00f3\",\"isPartOf\":{\"@id\":\"https:\\\/\\\/diarieducacio.cat\\\/grao\\\/#website\"},\"primaryImageOfPage\":{\"@id\":\"https:\\\/\\\/diarieducacio.cat\\\/grao\\\/2014\\\/12\\\/01\\\/lassertivitat-en-les-relacions-amb-lalumnat\\\/#primaryimage\"},\"image\":{\"@id\":\"https:\\\/\\\/diarieducacio.cat\\\/grao\\\/2014\\\/12\\\/01\\\/lassertivitat-en-les-relacions-amb-lalumnat\\\/#primaryimage\"},\"thumbnailUrl\":\"https:\\\/\\\/diarieducacio.cat\\\/grao\\\/wp-content\\\/uploads\\\/sites\\\/31\\\/2014\\\/11\\\/blancnegre.jpg\",\"datePublished\":\"2014-12-01T06:45:09+00:00\",\"dateModified\":\"2024-05-13T16:30:13+00:00\",\"author\":{\"@id\":\"https:\\\/\\\/diarieducacio.cat\\\/grao\\\/#\\\/schema\\\/person\\\/2e4ff89552f2877a83de91fa6cb509f4\"},\"breadcrumb\":{\"@id\":\"https:\\\/\\\/diarieducacio.cat\\\/grao\\\/2014\\\/12\\\/01\\\/lassertivitat-en-les-relacions-amb-lalumnat\\\/#breadcrumb\"},\"inLanguage\":\"ca\",\"potentialAction\":[{\"@type\":\"ReadAction\",\"target\":[\"https:\\\/\\\/diarieducacio.cat\\\/grao\\\/2014\\\/12\\\/01\\\/lassertivitat-en-les-relacions-amb-lalumnat\\\/\"]}]},{\"@type\":\"ImageObject\",\"inLanguage\":\"ca\",\"@id\":\"https:\\\/\\\/diarieducacio.cat\\\/grao\\\/2014\\\/12\\\/01\\\/lassertivitat-en-les-relacions-amb-lalumnat\\\/#primaryimage\",\"url\":\"https:\\\/\\\/diarieducacio.cat\\\/grao\\\/wp-content\\\/uploads\\\/sites\\\/31\\\/2014\\\/11\\\/blancnegre.jpg\",\"contentUrl\":\"https:\\\/\\\/diarieducacio.cat\\\/grao\\\/wp-content\\\/uploads\\\/sites\\\/31\\\/2014\\\/11\\\/blancnegre.jpg\",\"width\":199,\"height\":292},{\"@type\":\"BreadcrumbList\",\"@id\":\"https:\\\/\\\/diarieducacio.cat\\\/grao\\\/2014\\\/12\\\/01\\\/lassertivitat-en-les-relacions-amb-lalumnat\\\/#breadcrumb\",\"itemListElement\":[{\"@type\":\"ListItem\",\"position\":1,\"name\":\"Inici\",\"item\":\"https:\\\/\\\/diarieducacio.cat\\\/grao\\\/\"},{\"@type\":\"ListItem\",\"position\":2,\"name\":\"L&#8217;assertivitat en les relacions amb l&#8217;alumnat\"}]},{\"@type\":\"WebSite\",\"@id\":\"https:\\\/\\\/diarieducacio.cat\\\/grao\\\/#website\",\"url\":\"https:\\\/\\\/diarieducacio.cat\\\/grao\\\/\",\"name\":\"L'escola gra\u00f3 a gra\u00f3\",\"description\":\"Un blog de El Diari de l&#039;Educaci\u00f3\",\"potentialAction\":[{\"@type\":\"SearchAction\",\"target\":{\"@type\":\"EntryPoint\",\"urlTemplate\":\"https:\\\/\\\/diarieducacio.cat\\\/grao\\\/?s={search_term_string}\"},\"query-input\":{\"@type\":\"PropertyValueSpecification\",\"valueRequired\":true,\"valueName\":\"search_term_string\"}}],\"inLanguage\":\"ca\"},{\"@type\":\"Person\",\"@id\":\"https:\\\/\\\/diarieducacio.cat\\\/grao\\\/#\\\/schema\\\/person\\\/2e4ff89552f2877a83de91fa6cb509f4\",\"name\":\"Manuel G\u00fcell\",\"image\":{\"@type\":\"ImageObject\",\"inLanguage\":\"ca\",\"@id\":\"https:\\\/\\\/secure.gravatar.com\\\/avatar\\\/4f93fed219b642b9feef2f90f9ca1f2df24f5b5cff82b6aa73805f1a4b741c6f?s=96&d=mm&r=g\",\"url\":\"https:\\\/\\\/secure.gravatar.com\\\/avatar\\\/4f93fed219b642b9feef2f90f9ca1f2df24f5b5cff82b6aa73805f1a4b741c6f?s=96&d=mm&r=g\",\"contentUrl\":\"https:\\\/\\\/secure.gravatar.com\\\/avatar\\\/4f93fed219b642b9feef2f90f9ca1f2df24f5b5cff82b6aa73805f1a4b741c6f?s=96&d=mm&r=g\",\"caption\":\"Manuel G\u00fcell\"},\"url\":\"https:\\\/\\\/diarieducacio.cat\\\/grao\\\/author\\\/mguell\\\/\"}]}<\/script>\n<!-- \/ Yoast SEO plugin. -->","yoast_head_json":{"title":"L'assertivitat en les relacions amb l'alumnat - L'escola gra\u00f3 a gra\u00f3","robots":{"index":"index","follow":"follow","max-snippet":"max-snippet:-1","max-image-preview":"max-image-preview:large","max-video-preview":"max-video-preview:-1"},"canonical":"https:\/\/diarieducacio.cat\/grao\/2014\/12\/01\/lassertivitat-en-les-relacions-amb-lalumnat\/","og_locale":"ca_ES","og_type":"article","og_title":"L'assertivitat en les relacions amb l'alumnat - L'escola gra\u00f3 a gra\u00f3","og_description":"L\u00b4assertivitat \u00e9s una habilitat social que consisteix a manifestar de manera clara, franca i respectuosa les pr\u00f2pies opinions, emocions i creences, a acceptar els pensaments i les cr\u00edtiques dels altres i no sentir-se culpable per aix\u00f2.","og_url":"https:\/\/diarieducacio.cat\/grao\/2014\/12\/01\/lassertivitat-en-les-relacions-amb-lalumnat\/","og_site_name":"L'escola gra\u00f3 a gra\u00f3","article_published_time":"2014-12-01T06:45:09+00:00","article_modified_time":"2024-05-13T16:30:13+00:00","og_image":[{"width":199,"height":292,"url":"https:\/\/diarieducacio.cat\/grao\/wp-content\/uploads\/sites\/31\/2014\/11\/blancnegre.jpg","type":"image\/jpeg"}],"author":"Manuel G\u00fcell","twitter_card":"summary_large_image","twitter_misc":{"Escrit per":"Manuel G\u00fcell","Temps estimat de lectura":"3 minuts"},"schema":{"@context":"https:\/\/schema.org","@graph":[{"@type":"Article","@id":"https:\/\/diarieducacio.cat\/grao\/2014\/12\/01\/lassertivitat-en-les-relacions-amb-lalumnat\/#article","isPartOf":{"@id":"https:\/\/diarieducacio.cat\/grao\/2014\/12\/01\/lassertivitat-en-les-relacions-amb-lalumnat\/"},"author":{"name":"Manuel G\u00fcell","@id":"https:\/\/diarieducacio.cat\/grao\/#\/schema\/person\/2e4ff89552f2877a83de91fa6cb509f4"},"headline":"L&#8217;assertivitat en les relacions amb l&#8217;alumnat","datePublished":"2014-12-01T06:45:09+00:00","dateModified":"2024-05-13T16:30:13+00:00","mainEntityOfPage":{"@id":"https:\/\/diarieducacio.cat\/grao\/2014\/12\/01\/lassertivitat-en-les-relacions-amb-lalumnat\/"},"wordCount":512,"image":{"@id":"https:\/\/diarieducacio.cat\/grao\/2014\/12\/01\/lassertivitat-en-les-relacions-amb-lalumnat\/#primaryimage"},"thumbnailUrl":"https:\/\/diarieducacio.cat\/grao\/wp-content\/uploads\/sites\/31\/2014\/11\/blancnegre.jpg","keywords":["assertivitat del professorat","creixement personal","socialitzaci\u00f3"],"articleSection":["Comunicaci\u00f3 no verbal","Desenvolupament Personal","Desenvolupament professional","Educaci\u00f3 afectiva\/emocional","Habilitats comunicatives"],"inLanguage":"ca"},{"@type":"WebPage","@id":"https:\/\/diarieducacio.cat\/grao\/2014\/12\/01\/lassertivitat-en-les-relacions-amb-lalumnat\/","url":"https:\/\/diarieducacio.cat\/grao\/2014\/12\/01\/lassertivitat-en-les-relacions-amb-lalumnat\/","name":"L'assertivitat en les relacions amb l'alumnat - L'escola gra\u00f3 a gra\u00f3","isPartOf":{"@id":"https:\/\/diarieducacio.cat\/grao\/#website"},"primaryImageOfPage":{"@id":"https:\/\/diarieducacio.cat\/grao\/2014\/12\/01\/lassertivitat-en-les-relacions-amb-lalumnat\/#primaryimage"},"image":{"@id":"https:\/\/diarieducacio.cat\/grao\/2014\/12\/01\/lassertivitat-en-les-relacions-amb-lalumnat\/#primaryimage"},"thumbnailUrl":"https:\/\/diarieducacio.cat\/grao\/wp-content\/uploads\/sites\/31\/2014\/11\/blancnegre.jpg","datePublished":"2014-12-01T06:45:09+00:00","dateModified":"2024-05-13T16:30:13+00:00","author":{"@id":"https:\/\/diarieducacio.cat\/grao\/#\/schema\/person\/2e4ff89552f2877a83de91fa6cb509f4"},"breadcrumb":{"@id":"https:\/\/diarieducacio.cat\/grao\/2014\/12\/01\/lassertivitat-en-les-relacions-amb-lalumnat\/#breadcrumb"},"inLanguage":"ca","potentialAction":[{"@type":"ReadAction","target":["https:\/\/diarieducacio.cat\/grao\/2014\/12\/01\/lassertivitat-en-les-relacions-amb-lalumnat\/"]}]},{"@type":"ImageObject","inLanguage":"ca","@id":"https:\/\/diarieducacio.cat\/grao\/2014\/12\/01\/lassertivitat-en-les-relacions-amb-lalumnat\/#primaryimage","url":"https:\/\/diarieducacio.cat\/grao\/wp-content\/uploads\/sites\/31\/2014\/11\/blancnegre.jpg","contentUrl":"https:\/\/diarieducacio.cat\/grao\/wp-content\/uploads\/sites\/31\/2014\/11\/blancnegre.jpg","width":199,"height":292},{"@type":"BreadcrumbList","@id":"https:\/\/diarieducacio.cat\/grao\/2014\/12\/01\/lassertivitat-en-les-relacions-amb-lalumnat\/#breadcrumb","itemListElement":[{"@type":"ListItem","position":1,"name":"Inici","item":"https:\/\/diarieducacio.cat\/grao\/"},{"@type":"ListItem","position":2,"name":"L&#8217;assertivitat en les relacions amb l&#8217;alumnat"}]},{"@type":"WebSite","@id":"https:\/\/diarieducacio.cat\/grao\/#website","url":"https:\/\/diarieducacio.cat\/grao\/","name":"L'escola gra\u00f3 a gra\u00f3","description":"Un blog de El Diari de l&#039;Educaci\u00f3","potentialAction":[{"@type":"SearchAction","target":{"@type":"EntryPoint","urlTemplate":"https:\/\/diarieducacio.cat\/grao\/?s={search_term_string}"},"query-input":{"@type":"PropertyValueSpecification","valueRequired":true,"valueName":"search_term_string"}}],"inLanguage":"ca"},{"@type":"Person","@id":"https:\/\/diarieducacio.cat\/grao\/#\/schema\/person\/2e4ff89552f2877a83de91fa6cb509f4","name":"Manuel G\u00fcell","image":{"@type":"ImageObject","inLanguage":"ca","@id":"https:\/\/secure.gravatar.com\/avatar\/4f93fed219b642b9feef2f90f9ca1f2df24f5b5cff82b6aa73805f1a4b741c6f?s=96&d=mm&r=g","url":"https:\/\/secure.gravatar.com\/avatar\/4f93fed219b642b9feef2f90f9ca1f2df24f5b5cff82b6aa73805f1a4b741c6f?s=96&d=mm&r=g","contentUrl":"https:\/\/secure.gravatar.com\/avatar\/4f93fed219b642b9feef2f90f9ca1f2df24f5b5cff82b6aa73805f1a4b741c6f?s=96&d=mm&r=g","caption":"Manuel G\u00fcell"},"url":"https:\/\/diarieducacio.cat\/grao\/author\/mguell\/"}]}},"_links":{"self":[{"href":"https:\/\/diarieducacio.cat\/grao\/wp-json\/wp\/v2\/posts\/559","targetHints":{"allow":["GET"]}}],"collection":[{"href":"https:\/\/diarieducacio.cat\/grao\/wp-json\/wp\/v2\/posts"}],"about":[{"href":"https:\/\/diarieducacio.cat\/grao\/wp-json\/wp\/v2\/types\/post"}],"author":[{"embeddable":true,"href":"https:\/\/diarieducacio.cat\/grao\/wp-json\/wp\/v2\/users\/547"}],"replies":[{"embeddable":true,"href":"https:\/\/diarieducacio.cat\/grao\/wp-json\/wp\/v2\/comments?post=559"}],"version-history":[{"count":1,"href":"https:\/\/diarieducacio.cat\/grao\/wp-json\/wp\/v2\/posts\/559\/revisions"}],"predecessor-version":[{"id":6189,"href":"https:\/\/diarieducacio.cat\/grao\/wp-json\/wp\/v2\/posts\/559\/revisions\/6189"}],"wp:featuredmedia":[{"embeddable":true,"href":"https:\/\/diarieducacio.cat\/grao\/wp-json\/wp\/v2\/media\/560"}],"wp:attachment":[{"href":"https:\/\/diarieducacio.cat\/grao\/wp-json\/wp\/v2\/media?parent=559"}],"wp:term":[{"taxonomy":"category","embeddable":true,"href":"https:\/\/diarieducacio.cat\/grao\/wp-json\/wp\/v2\/categories?post=559"},{"taxonomy":"post_tag","embeddable":true,"href":"https:\/\/diarieducacio.cat\/grao\/wp-json\/wp\/v2\/tags?post=559"},{"taxonomy":"tipo","embeddable":true,"href":"https:\/\/diarieducacio.cat\/grao\/wp-json\/wp\/v2\/tipo?post=559"}],"curies":[{"name":"wp","href":"https:\/\/api.w.org\/{rel}","templated":true}]}}