{"id":5819,"date":"2020-10-04T18:18:01","date_gmt":"2020-10-04T18:18:01","guid":{"rendered":"https:\/\/diarieducacio.cat\/grao\/?p=5819"},"modified":"2024-05-13T18:30:26","modified_gmt":"2024-05-13T16:30:26","slug":"el-dilema-de-lerico","status":"publish","type":"post","link":"https:\/\/diarieducacio.cat\/grao\/2020\/10\/04\/el-dilema-de-lerico\/","title":{"rendered":"El dilema de l&#8217;eri\u00e7\u00f3"},"content":{"rendered":"<blockquote><p><a href=\"https:\/\/nostalgic-ishizaka.82-223-1-47.plesk.page\/grao\/wp-content\/uploads\/sites\/31\/2020\/09\/hedgehog-child-3070176_640.jpg\"><\/a><strong>Un dia molt fred, un grup d\u2019eri\u00e7ons que es troben a prop senten simult\u00e0niament la necessitat d\u2019aplegar-se per fer-se venir calor i no morir congelats.<\/strong><\/p>\n<p><strong>Quan s\u2019acosten molt senten el dolor que els causen les punxes dels altres eri\u00e7ons, i aix\u00f2 els impulsa a allunyar-se de nou.<\/strong><\/p>\n<p><strong>Amb tot, com que el fet d\u2019allunyar-se va acompanyat d\u2019una gelor insuportable, es veuen en el dilema d\u2019escollir: ferir-se a causa de la proximitat dels altres o quedar gla\u00e7ats. Per aix\u00f2 van canviant la dist\u00e0ncia que els separa fins que en troben una d\u2019\u00f2ptima que els impedeix fer-se mal o morir de fred.<\/strong><\/p><\/blockquote>\n<p>Aquesta par\u00e0bola que el fil\u00f2sof Arthur Schopenhauer inclou a la seva obra <em>Parerga und Paralipomena<\/em>, publicada per primera vegada l\u2019any 1851, ens planteja una met\u00e0fora que pot ser plenament vigent davant del repte que estem afrontant aquestes primeres setmanes d\u2019inici de curs. <strong>Estem reobrint les escoles despr\u00e9s de sis mesos que hagi comen\u00e7at una situaci\u00f3 sanit\u00e0ria delicada, en un context incert, amb molts interrogants i no poques pors.<\/strong> Els centres han esmer\u00e7at un bon grapat d\u2019esfor\u00e7os per fer front a una reobertura en aquesta situaci\u00f3 freda, com el dia gelat, que afecta quelcom tan essencial per a les persones com \u00e9s la salut.<\/p>\n<p>L\u2019esfor\u00e7 \u00e9s superlatiu per part de tothom, encara que malauradament la comunitat educativa, les administracions i la societat no estiguin remant en la mateixa direcci\u00f3. Tot i que hi ha un acord profund en l\u2019absoluta prioritat de garantir el dret a l\u2019educaci\u00f3 de la inf\u00e0ncia en aquesta situaci\u00f3 cr\u00edtica i que s\u2019ha de prestar una atenci\u00f3 especial a qui tingui m\u00e9s necessitats, es percep una gran dist\u00e0ncia en les condicions i en els recursos que calen, amb discrep\u00e0ncies i retrets. En moments d\u2019emerg\u00e8ncia educativa faria falta un esfor\u00e7 responsable, i com els eri\u00e7ons, acostar-se, acostar-nos encara que ens punxem.<\/p>\n<p>La reobertura de l\u2019escola s\u2019ha fet mirant de normalitzar al m\u00e0xim una realitat que \u00e9s totalment anormal. Com els eri\u00e7ons, estem cercant la dist\u00e0ncia \u00f2ptima que cal mantenir en aquesta situaci\u00f3. Aquests darrers sis mesos hem repetit que s\u2019ha de donar veu als protagonistes, els infants, i com sempre s\u2019ha evidenciat que \u00e9s qualificada i segura. Han manifestat de manera clara i contundent el valor que t\u00e9 l\u2019escola per a ells, en les seves vides, en la seva formaci\u00f3 personal, social i ciutadana. Aquest fet, que sovint no \u00e9s al principi dels argumentaris, ens encoratja a fer el pas d\u2019anar <strong>de la reobertura al retrobament<\/strong>.<\/p>\n<blockquote><p><strong>Estem treballant en un grup estable de conviv\u00e8ncia, una nova realitat organitzativa for\u00e7ada que ha de permetre el tacte i el contacte pedag\u00f2gic malgrat els condicionants, que ha de ser un espai segur d\u2019aprenentatge, de conviv\u00e8ncia, de vida.<\/strong><\/p><\/blockquote>\n<p>Aquesta circumst\u00e0ncia ens motiva i omple de sentit el treball intens d\u2019aquestes primeres setmanes. L\u2019acompanyament personal i la cara m\u00e9s noble de l\u2019acci\u00f3 tutorial s\u00f3n presents aquests dies a les aules. Ens cal fomentar la nostra escolta activa davant les experi\u00e8ncies, les emocions i els aprenentatges dels infants i de les seves fam\u00edlies. Cal posar paraules al que ens ha passat, a la manera com ho hem viscut, com ho estem vivint. Estem treballant en un grup estable de conviv\u00e8ncia, una nova realitat organitzativa for\u00e7ada que ha de permetre el tacte i el contacte pedag\u00f2gic malgrat els condicionants, que ha de ser un espai segur d\u2019aprenentatge, de conviv\u00e8ncia, de vida.<\/p>\n<p>El dilema ens interpel\u00b7la en refer\u00e8ncia a aspectes profunds de l\u2019ess\u00e8ncia educativa i, de la mateixa manera que els eri\u00e7ons, aquesta situaci\u00f3 complexa ens obliga a escollir: mantenim una dist\u00e0ncia prudencial, amb una relaci\u00f3 superficial que no ens comprometi gaire o ens impliquem en una relaci\u00f3 \u00edntima, profunda i confiada gr\u00e0cies a la qual ens puguem sentir veritablement importants en el cor de l\u2019altra persona.<\/p>\n","protected":false},"excerpt":{"rendered":"<p>El dilema ens interpel\u00b7la en refer\u00e8ncia a aspectes profunds de l\u2019ess\u00e8ncia educativa i, de la mateixa manera que els eri\u00e7ons, aquesta situaci\u00f3 complexa ens obliga a escollir: mantenim una dist\u00e0ncia prudencial, amb una relaci\u00f3 superficial que no ens comprometi gaire o ens impliquem en una relaci\u00f3 \u00edntima, profunda i confiada gr\u00e0cies a la qual ens puguem sentir veritablement importants en el cor de l\u2019altra persona.<\/p>\n","protected":false},"author":524,"featured_media":5820,"comment_status":"open","ping_status":"closed","sticky":false,"template":"","format":"standard","meta":{"footnotes":""},"categories":[182,251,173,119,115],"tags":[266,404,132,199,97],"tipo":[],"class_list":{"0":"post-5819","1":"post","2":"type-post","3":"status-publish","4":"format-standard","5":"has-post-thumbnail","7":"category-comunitat-educativa","8":"category-educacio-afectivaemocional","9":"category-educacio-per-a-la-convivencia","10":"category-malestar-docent","11":"category-reflexio","12":"tag-comunitat-educativa","13":"tag-covid-19","14":"tag-educar","15":"tag-escola","16":"tag-grao"},"yoast_head":"<!-- This site is optimized with the Yoast SEO plugin v27.4 - https:\/\/yoast.com\/product\/yoast-seo-wordpress\/ -->\n<title>El dilema de l&#039;eri\u00e7\u00f3 - L&#039;escola gra\u00f3 a gra\u00f3<\/title>\n<meta name=\"robots\" content=\"index, follow, max-snippet:-1, max-image-preview:large, max-video-preview:-1\" \/>\n<link rel=\"canonical\" href=\"https:\/\/diarieducacio.cat\/grao\/2020\/10\/04\/el-dilema-de-lerico\/\" \/>\n<meta property=\"og:locale\" content=\"ca_ES\" \/>\n<meta property=\"og:type\" content=\"article\" \/>\n<meta property=\"og:title\" content=\"El dilema de l&#039;eri\u00e7\u00f3 - L&#039;escola gra\u00f3 a gra\u00f3\" \/>\n<meta property=\"og:description\" content=\"El dilema ens interpel\u00b7la en refer\u00e8ncia a aspectes profunds de l\u2019ess\u00e8ncia educativa i, de la mateixa manera que els eri\u00e7ons, aquesta situaci\u00f3 complexa ens obliga a escollir: mantenim una dist\u00e0ncia prudencial, amb una relaci\u00f3 superficial que no ens comprometi gaire o ens impliquem en una relaci\u00f3 \u00edntima, profunda i confiada gr\u00e0cies a la qual ens puguem sentir veritablement importants en el cor de l\u2019altra persona.\" \/>\n<meta property=\"og:url\" content=\"https:\/\/diarieducacio.cat\/grao\/2020\/10\/04\/el-dilema-de-lerico\/\" \/>\n<meta property=\"og:site_name\" content=\"L&#039;escola gra\u00f3 a gra\u00f3\" \/>\n<meta property=\"article:published_time\" content=\"2020-10-04T18:18:01+00:00\" \/>\n<meta property=\"article:modified_time\" content=\"2024-05-13T16:30:26+00:00\" \/>\n<meta property=\"og:image\" content=\"https:\/\/diarieducacio.cat\/grao\/wp-content\/uploads\/sites\/31\/2020\/09\/hedgehog-child-3070176_640.jpg\" \/>\n\t<meta property=\"og:image:width\" content=\"640\" \/>\n\t<meta property=\"og:image:height\" content=\"428\" \/>\n\t<meta property=\"og:image:type\" content=\"image\/jpeg\" \/>\n<meta name=\"author\" content=\"Redacci\u00f3 - Editorial Gra\u00f3\" \/>\n<meta name=\"twitter:card\" content=\"summary_large_image\" \/>\n<meta name=\"twitter:label1\" content=\"Escrit per\" \/>\n\t<meta name=\"twitter:data1\" content=\"Redacci\u00f3 - Editorial Gra\u00f3\" \/>\n\t<meta name=\"twitter:label2\" content=\"Temps estimat de lectura\" \/>\n\t<meta name=\"twitter:data2\" content=\"3 minuts\" \/>\n<script type=\"application\/ld+json\" class=\"yoast-schema-graph\">{\"@context\":\"https:\\\/\\\/schema.org\",\"@graph\":[{\"@type\":\"Article\",\"@id\":\"https:\\\/\\\/diarieducacio.cat\\\/grao\\\/2020\\\/10\\\/04\\\/el-dilema-de-lerico\\\/#article\",\"isPartOf\":{\"@id\":\"https:\\\/\\\/diarieducacio.cat\\\/grao\\\/2020\\\/10\\\/04\\\/el-dilema-de-lerico\\\/\"},\"author\":{\"name\":\"Redacci\u00f3 - Editorial Gra\u00f3\",\"@id\":\"https:\\\/\\\/diarieducacio.cat\\\/grao\\\/#\\\/schema\\\/person\\\/131fe889ba50cb4a8381cabc75beb3ff\"},\"headline\":\"El dilema de l&#8217;eri\u00e7\u00f3\",\"datePublished\":\"2020-10-04T18:18:01+00:00\",\"dateModified\":\"2024-05-13T16:30:26+00:00\",\"mainEntityOfPage\":{\"@id\":\"https:\\\/\\\/diarieducacio.cat\\\/grao\\\/2020\\\/10\\\/04\\\/el-dilema-de-lerico\\\/\"},\"wordCount\":694,\"commentCount\":0,\"image\":{\"@id\":\"https:\\\/\\\/diarieducacio.cat\\\/grao\\\/2020\\\/10\\\/04\\\/el-dilema-de-lerico\\\/#primaryimage\"},\"thumbnailUrl\":\"https:\\\/\\\/diarieducacio.cat\\\/grao\\\/wp-content\\\/uploads\\\/sites\\\/31\\\/2020\\\/09\\\/hedgehog-child-3070176_640.jpg\",\"keywords\":[\"comunitat educativa\",\"covid-19\",\"educar\",\"escola\",\"Gra\u00f3\"],\"articleSection\":[\"comunitat educativa\",\"Educaci\u00f3 afectiva\\\/emocional\",\"Educaci\u00f3 per a la conviv\u00e8ncia\",\"Malestar docent\",\"Reflexi\u00f3\"],\"inLanguage\":\"ca\",\"potentialAction\":[{\"@type\":\"CommentAction\",\"name\":\"Comment\",\"target\":[\"https:\\\/\\\/diarieducacio.cat\\\/grao\\\/2020\\\/10\\\/04\\\/el-dilema-de-lerico\\\/#respond\"]}]},{\"@type\":\"WebPage\",\"@id\":\"https:\\\/\\\/diarieducacio.cat\\\/grao\\\/2020\\\/10\\\/04\\\/el-dilema-de-lerico\\\/\",\"url\":\"https:\\\/\\\/diarieducacio.cat\\\/grao\\\/2020\\\/10\\\/04\\\/el-dilema-de-lerico\\\/\",\"name\":\"El dilema de l'eri\u00e7\u00f3 - L'escola gra\u00f3 a gra\u00f3\",\"isPartOf\":{\"@id\":\"https:\\\/\\\/diarieducacio.cat\\\/grao\\\/#website\"},\"primaryImageOfPage\":{\"@id\":\"https:\\\/\\\/diarieducacio.cat\\\/grao\\\/2020\\\/10\\\/04\\\/el-dilema-de-lerico\\\/#primaryimage\"},\"image\":{\"@id\":\"https:\\\/\\\/diarieducacio.cat\\\/grao\\\/2020\\\/10\\\/04\\\/el-dilema-de-lerico\\\/#primaryimage\"},\"thumbnailUrl\":\"https:\\\/\\\/diarieducacio.cat\\\/grao\\\/wp-content\\\/uploads\\\/sites\\\/31\\\/2020\\\/09\\\/hedgehog-child-3070176_640.jpg\",\"datePublished\":\"2020-10-04T18:18:01+00:00\",\"dateModified\":\"2024-05-13T16:30:26+00:00\",\"author\":{\"@id\":\"https:\\\/\\\/diarieducacio.cat\\\/grao\\\/#\\\/schema\\\/person\\\/131fe889ba50cb4a8381cabc75beb3ff\"},\"breadcrumb\":{\"@id\":\"https:\\\/\\\/diarieducacio.cat\\\/grao\\\/2020\\\/10\\\/04\\\/el-dilema-de-lerico\\\/#breadcrumb\"},\"inLanguage\":\"ca\",\"potentialAction\":[{\"@type\":\"ReadAction\",\"target\":[\"https:\\\/\\\/diarieducacio.cat\\\/grao\\\/2020\\\/10\\\/04\\\/el-dilema-de-lerico\\\/\"]}]},{\"@type\":\"ImageObject\",\"inLanguage\":\"ca\",\"@id\":\"https:\\\/\\\/diarieducacio.cat\\\/grao\\\/2020\\\/10\\\/04\\\/el-dilema-de-lerico\\\/#primaryimage\",\"url\":\"https:\\\/\\\/diarieducacio.cat\\\/grao\\\/wp-content\\\/uploads\\\/sites\\\/31\\\/2020\\\/09\\\/hedgehog-child-3070176_640.jpg\",\"contentUrl\":\"https:\\\/\\\/diarieducacio.cat\\\/grao\\\/wp-content\\\/uploads\\\/sites\\\/31\\\/2020\\\/09\\\/hedgehog-child-3070176_640.jpg\",\"width\":640,\"height\":428},{\"@type\":\"BreadcrumbList\",\"@id\":\"https:\\\/\\\/diarieducacio.cat\\\/grao\\\/2020\\\/10\\\/04\\\/el-dilema-de-lerico\\\/#breadcrumb\",\"itemListElement\":[{\"@type\":\"ListItem\",\"position\":1,\"name\":\"Inici\",\"item\":\"https:\\\/\\\/diarieducacio.cat\\\/grao\\\/\"},{\"@type\":\"ListItem\",\"position\":2,\"name\":\"El dilema de l&#8217;eri\u00e7\u00f3\"}]},{\"@type\":\"WebSite\",\"@id\":\"https:\\\/\\\/diarieducacio.cat\\\/grao\\\/#website\",\"url\":\"https:\\\/\\\/diarieducacio.cat\\\/grao\\\/\",\"name\":\"L'escola gra\u00f3 a gra\u00f3\",\"description\":\"Un blog de El Diari de l&#039;Educaci\u00f3\",\"potentialAction\":[{\"@type\":\"SearchAction\",\"target\":{\"@type\":\"EntryPoint\",\"urlTemplate\":\"https:\\\/\\\/diarieducacio.cat\\\/grao\\\/?s={search_term_string}\"},\"query-input\":{\"@type\":\"PropertyValueSpecification\",\"valueRequired\":true,\"valueName\":\"search_term_string\"}}],\"inLanguage\":\"ca\"},{\"@type\":\"Person\",\"@id\":\"https:\\\/\\\/diarieducacio.cat\\\/grao\\\/#\\\/schema\\\/person\\\/131fe889ba50cb4a8381cabc75beb3ff\",\"name\":\"Redacci\u00f3 - Editorial Gra\u00f3\",\"image\":{\"@type\":\"ImageObject\",\"inLanguage\":\"ca\",\"@id\":\"https:\\\/\\\/secure.gravatar.com\\\/avatar\\\/9d8b5293e92495f73d6f062cfac5de13f5a8355a89caf901edc1274d5640ad66?s=96&d=mm&r=g\",\"url\":\"https:\\\/\\\/secure.gravatar.com\\\/avatar\\\/9d8b5293e92495f73d6f062cfac5de13f5a8355a89caf901edc1274d5640ad66?s=96&d=mm&r=g\",\"contentUrl\":\"https:\\\/\\\/secure.gravatar.com\\\/avatar\\\/9d8b5293e92495f73d6f062cfac5de13f5a8355a89caf901edc1274d5640ad66?s=96&d=mm&r=g\",\"caption\":\"Redacci\u00f3 - Editorial Gra\u00f3\"},\"url\":\"https:\\\/\\\/diarieducacio.cat\\\/grao\\\/author\\\/emoreno\\\/\"}]}<\/script>\n<!-- \/ Yoast SEO plugin. -->","yoast_head_json":{"title":"El dilema de l'eri\u00e7\u00f3 - L'escola gra\u00f3 a gra\u00f3","robots":{"index":"index","follow":"follow","max-snippet":"max-snippet:-1","max-image-preview":"max-image-preview:large","max-video-preview":"max-video-preview:-1"},"canonical":"https:\/\/diarieducacio.cat\/grao\/2020\/10\/04\/el-dilema-de-lerico\/","og_locale":"ca_ES","og_type":"article","og_title":"El dilema de l'eri\u00e7\u00f3 - L'escola gra\u00f3 a gra\u00f3","og_description":"El dilema ens interpel\u00b7la en refer\u00e8ncia a aspectes profunds de l\u2019ess\u00e8ncia educativa i, de la mateixa manera que els eri\u00e7ons, aquesta situaci\u00f3 complexa ens obliga a escollir: mantenim una dist\u00e0ncia prudencial, amb una relaci\u00f3 superficial que no ens comprometi gaire o ens impliquem en una relaci\u00f3 \u00edntima, profunda i confiada gr\u00e0cies a la qual ens puguem sentir veritablement importants en el cor de l\u2019altra persona.","og_url":"https:\/\/diarieducacio.cat\/grao\/2020\/10\/04\/el-dilema-de-lerico\/","og_site_name":"L'escola gra\u00f3 a gra\u00f3","article_published_time":"2020-10-04T18:18:01+00:00","article_modified_time":"2024-05-13T16:30:26+00:00","og_image":[{"width":640,"height":428,"url":"https:\/\/diarieducacio.cat\/grao\/wp-content\/uploads\/sites\/31\/2020\/09\/hedgehog-child-3070176_640.jpg","type":"image\/jpeg"}],"author":"Redacci\u00f3 - Editorial Gra\u00f3","twitter_card":"summary_large_image","twitter_misc":{"Escrit per":"Redacci\u00f3 - Editorial Gra\u00f3","Temps estimat de lectura":"3 minuts"},"schema":{"@context":"https:\/\/schema.org","@graph":[{"@type":"Article","@id":"https:\/\/diarieducacio.cat\/grao\/2020\/10\/04\/el-dilema-de-lerico\/#article","isPartOf":{"@id":"https:\/\/diarieducacio.cat\/grao\/2020\/10\/04\/el-dilema-de-lerico\/"},"author":{"name":"Redacci\u00f3 - Editorial Gra\u00f3","@id":"https:\/\/diarieducacio.cat\/grao\/#\/schema\/person\/131fe889ba50cb4a8381cabc75beb3ff"},"headline":"El dilema de l&#8217;eri\u00e7\u00f3","datePublished":"2020-10-04T18:18:01+00:00","dateModified":"2024-05-13T16:30:26+00:00","mainEntityOfPage":{"@id":"https:\/\/diarieducacio.cat\/grao\/2020\/10\/04\/el-dilema-de-lerico\/"},"wordCount":694,"commentCount":0,"image":{"@id":"https:\/\/diarieducacio.cat\/grao\/2020\/10\/04\/el-dilema-de-lerico\/#primaryimage"},"thumbnailUrl":"https:\/\/diarieducacio.cat\/grao\/wp-content\/uploads\/sites\/31\/2020\/09\/hedgehog-child-3070176_640.jpg","keywords":["comunitat educativa","covid-19","educar","escola","Gra\u00f3"],"articleSection":["comunitat educativa","Educaci\u00f3 afectiva\/emocional","Educaci\u00f3 per a la conviv\u00e8ncia","Malestar docent","Reflexi\u00f3"],"inLanguage":"ca","potentialAction":[{"@type":"CommentAction","name":"Comment","target":["https:\/\/diarieducacio.cat\/grao\/2020\/10\/04\/el-dilema-de-lerico\/#respond"]}]},{"@type":"WebPage","@id":"https:\/\/diarieducacio.cat\/grao\/2020\/10\/04\/el-dilema-de-lerico\/","url":"https:\/\/diarieducacio.cat\/grao\/2020\/10\/04\/el-dilema-de-lerico\/","name":"El dilema de l'eri\u00e7\u00f3 - L'escola gra\u00f3 a gra\u00f3","isPartOf":{"@id":"https:\/\/diarieducacio.cat\/grao\/#website"},"primaryImageOfPage":{"@id":"https:\/\/diarieducacio.cat\/grao\/2020\/10\/04\/el-dilema-de-lerico\/#primaryimage"},"image":{"@id":"https:\/\/diarieducacio.cat\/grao\/2020\/10\/04\/el-dilema-de-lerico\/#primaryimage"},"thumbnailUrl":"https:\/\/diarieducacio.cat\/grao\/wp-content\/uploads\/sites\/31\/2020\/09\/hedgehog-child-3070176_640.jpg","datePublished":"2020-10-04T18:18:01+00:00","dateModified":"2024-05-13T16:30:26+00:00","author":{"@id":"https:\/\/diarieducacio.cat\/grao\/#\/schema\/person\/131fe889ba50cb4a8381cabc75beb3ff"},"breadcrumb":{"@id":"https:\/\/diarieducacio.cat\/grao\/2020\/10\/04\/el-dilema-de-lerico\/#breadcrumb"},"inLanguage":"ca","potentialAction":[{"@type":"ReadAction","target":["https:\/\/diarieducacio.cat\/grao\/2020\/10\/04\/el-dilema-de-lerico\/"]}]},{"@type":"ImageObject","inLanguage":"ca","@id":"https:\/\/diarieducacio.cat\/grao\/2020\/10\/04\/el-dilema-de-lerico\/#primaryimage","url":"https:\/\/diarieducacio.cat\/grao\/wp-content\/uploads\/sites\/31\/2020\/09\/hedgehog-child-3070176_640.jpg","contentUrl":"https:\/\/diarieducacio.cat\/grao\/wp-content\/uploads\/sites\/31\/2020\/09\/hedgehog-child-3070176_640.jpg","width":640,"height":428},{"@type":"BreadcrumbList","@id":"https:\/\/diarieducacio.cat\/grao\/2020\/10\/04\/el-dilema-de-lerico\/#breadcrumb","itemListElement":[{"@type":"ListItem","position":1,"name":"Inici","item":"https:\/\/diarieducacio.cat\/grao\/"},{"@type":"ListItem","position":2,"name":"El dilema de l&#8217;eri\u00e7\u00f3"}]},{"@type":"WebSite","@id":"https:\/\/diarieducacio.cat\/grao\/#website","url":"https:\/\/diarieducacio.cat\/grao\/","name":"L'escola gra\u00f3 a gra\u00f3","description":"Un blog de El Diari de l&#039;Educaci\u00f3","potentialAction":[{"@type":"SearchAction","target":{"@type":"EntryPoint","urlTemplate":"https:\/\/diarieducacio.cat\/grao\/?s={search_term_string}"},"query-input":{"@type":"PropertyValueSpecification","valueRequired":true,"valueName":"search_term_string"}}],"inLanguage":"ca"},{"@type":"Person","@id":"https:\/\/diarieducacio.cat\/grao\/#\/schema\/person\/131fe889ba50cb4a8381cabc75beb3ff","name":"Redacci\u00f3 - Editorial Gra\u00f3","image":{"@type":"ImageObject","inLanguage":"ca","@id":"https:\/\/secure.gravatar.com\/avatar\/9d8b5293e92495f73d6f062cfac5de13f5a8355a89caf901edc1274d5640ad66?s=96&d=mm&r=g","url":"https:\/\/secure.gravatar.com\/avatar\/9d8b5293e92495f73d6f062cfac5de13f5a8355a89caf901edc1274d5640ad66?s=96&d=mm&r=g","contentUrl":"https:\/\/secure.gravatar.com\/avatar\/9d8b5293e92495f73d6f062cfac5de13f5a8355a89caf901edc1274d5640ad66?s=96&d=mm&r=g","caption":"Redacci\u00f3 - Editorial Gra\u00f3"},"url":"https:\/\/diarieducacio.cat\/grao\/author\/emoreno\/"}]}},"_links":{"self":[{"href":"https:\/\/diarieducacio.cat\/grao\/wp-json\/wp\/v2\/posts\/5819","targetHints":{"allow":["GET"]}}],"collection":[{"href":"https:\/\/diarieducacio.cat\/grao\/wp-json\/wp\/v2\/posts"}],"about":[{"href":"https:\/\/diarieducacio.cat\/grao\/wp-json\/wp\/v2\/types\/post"}],"author":[{"embeddable":true,"href":"https:\/\/diarieducacio.cat\/grao\/wp-json\/wp\/v2\/users\/524"}],"replies":[{"embeddable":true,"href":"https:\/\/diarieducacio.cat\/grao\/wp-json\/wp\/v2\/comments?post=5819"}],"version-history":[{"count":1,"href":"https:\/\/diarieducacio.cat\/grao\/wp-json\/wp\/v2\/posts\/5819\/revisions"}],"predecessor-version":[{"id":6308,"href":"https:\/\/diarieducacio.cat\/grao\/wp-json\/wp\/v2\/posts\/5819\/revisions\/6308"}],"wp:featuredmedia":[{"embeddable":true,"href":"https:\/\/diarieducacio.cat\/grao\/wp-json\/wp\/v2\/media\/5820"}],"wp:attachment":[{"href":"https:\/\/diarieducacio.cat\/grao\/wp-json\/wp\/v2\/media?parent=5819"}],"wp:term":[{"taxonomy":"category","embeddable":true,"href":"https:\/\/diarieducacio.cat\/grao\/wp-json\/wp\/v2\/categories?post=5819"},{"taxonomy":"post_tag","embeddable":true,"href":"https:\/\/diarieducacio.cat\/grao\/wp-json\/wp\/v2\/tags?post=5819"},{"taxonomy":"tipo","embeddable":true,"href":"https:\/\/diarieducacio.cat\/grao\/wp-json\/wp\/v2\/tipo?post=5819"}],"curies":[{"name":"wp","href":"https:\/\/api.w.org\/{rel}","templated":true}]}}