{"id":5835,"date":"2020-11-03T16:51:58","date_gmt":"2020-11-03T16:51:58","guid":{"rendered":"https:\/\/diarieducacio.cat\/grao\/?p=5835"},"modified":"2024-05-13T18:30:26","modified_gmt":"2024-05-13T16:30:26","slug":"la-llibreta-de-quadricula-de-5-millimetres","status":"publish","type":"post","link":"https:\/\/diarieducacio.cat\/grao\/2020\/11\/03\/la-llibreta-de-quadricula-de-5-millimetres\/","title":{"rendered":"La llibreta de quadr\u00edcula de 5 mil\u00b7l\u00edmetres"},"content":{"rendered":"<p><a href=\"https:\/\/nostalgic-ishizaka.82-223-1-47.plesk.page\/grao\/wp-content\/uploads\/sites\/31\/2020\/11\/libreta-tamano-a5-cuadros-tp_2804813229381775892f-1.jpg\"><img fetchpriority=\"high\" decoding=\"async\" class=\"alignright wp-image-5841\" src=\"https:\/\/nostalgic-ishizaka.82-223-1-47.plesk.page\/grao\/wp-content\/uploads\/sites\/31\/2020\/11\/libreta-tamano-a5-cuadros-tp_2804813229381775892f-1.jpg\" alt=\"\" width=\"220\" height=\"267\" srcset=\"https:\/\/diarieducacio.cat\/grao\/wp-content\/uploads\/sites\/31\/2020\/11\/libreta-tamano-a5-cuadros-tp_2804813229381775892f-1.jpg 1346w, https:\/\/diarieducacio.cat\/grao\/wp-content\/uploads\/sites\/31\/2020\/11\/libreta-tamano-a5-cuadros-tp_2804813229381775892f-1-247x300.jpg 247w, https:\/\/diarieducacio.cat\/grao\/wp-content\/uploads\/sites\/31\/2020\/11\/libreta-tamano-a5-cuadros-tp_2804813229381775892f-1-844x1024.jpg 844w, https:\/\/diarieducacio.cat\/grao\/wp-content\/uploads\/sites\/31\/2020\/11\/libreta-tamano-a5-cuadros-tp_2804813229381775892f-1-768x932.jpg 768w, https:\/\/diarieducacio.cat\/grao\/wp-content\/uploads\/sites\/31\/2020\/11\/libreta-tamano-a5-cuadros-tp_2804813229381775892f-1-1265x1536.jpg 1265w, https:\/\/diarieducacio.cat\/grao\/wp-content\/uploads\/sites\/31\/2020\/11\/libreta-tamano-a5-cuadros-tp_2804813229381775892f-1-150x182.jpg 150w, https:\/\/diarieducacio.cat\/grao\/wp-content\/uploads\/sites\/31\/2020\/11\/libreta-tamano-a5-cuadros-tp_2804813229381775892f-1-450x546.jpg 450w, https:\/\/diarieducacio.cat\/grao\/wp-content\/uploads\/sites\/31\/2020\/11\/libreta-tamano-a5-cuadros-tp_2804813229381775892f-1-1200x1457.jpg 1200w\" sizes=\"(max-width: 220px) 100vw, 220px\" \/><\/a>Recordo, com una de les meves decepcions docents m\u00e9s grans, la primera vegada que vaig ser en una reuni\u00f3 d\u2019equip de cicle. Per fi assistiria al moment de coordinaci\u00f3 pedag\u00f2gica on es prenien decisions importants sobre la pedagogia, la did\u00e0ctica, el curr\u00edculum i altres aspectes que es posarien en pr\u00e0ctica amb l\u2019alumnat durant el curs. Aix\u00f2 no obstant, el tema de discussi\u00f3 que va acaparar gaireb\u00e9 tota la reuni\u00f3 va girar al voltant de si les llibretes havien de tenir 5 mil\u00b7l\u00edmetres o 6 mil\u00b7l\u00edmetres, o si era m\u00e9s efectiu el quadret que la pauta.<\/p>\n<p>Vint anys despr\u00e9s es continuen debatent aquestes q\u00fcestions de manera invariable mentre ens passa una allau per sobre. L\u2019aferrament a les pr\u00e0ctiques tradicionals, a all\u00f2 de \u00absempre s\u2019ha fet aix\u00ed\u00bb, sembla que ens mant\u00e9 en una mena de bombolla que ens protegeix del que \u00e9s inevitable, del que \u00e9s necessari i de la realitat. I aix\u00ed van passant els cursos i es van mantenint els quadrets o les pautes sense voler assimilar que aquestes q\u00fcestions estan en un segon o en un tercer pla i que mai podran donar resposta al que l\u2019alumnat, les seves fam\u00edlies i la societat actual, fuetejada pels canvis i els reajustaments, necessita.<\/p>\n<blockquote><p><strong>L\u2019aferrament a les pr\u00e0ctiques tradicionals, a all\u00f2 de \u00absempre s\u2019ha fet aix\u00ed\u00bb, sembla que ens mant\u00e9 en una mena de bombolla que ens protegeix del que \u00e9s inevitable, del que \u00e9s necessari i de la realitat.<\/strong><\/p><\/blockquote>\n<p>La pand\u00e8mia de la covid ha despullat les nostres fort\u00edssimes mancances educatives i les grans limitacions que patim per adaptar-nos als canvis. Mentre alguns docents gaireb\u00e9 no s\u2019han despentinat amb la teledoc\u00e8ncia, l\u2019agrupament per \u00e0mbits, la semipresencialitat, l\u2019educaci\u00f3 emocional, les noves maneres d\u2019entendre i d\u2019atendre la diversitat; n\u2019hi ha uns altres que continuen obstinats a afirmar que el llapis de gruix X afavoreix l\u2019escriptura millor que el de gruix Y. Com volent normalitzar el que \u00e9s anormal. Com si refermar el de sempre hagu\u00e9s d\u2019eliminar l\u2019amena\u00e7a del que \u00e9s diferent.<\/p>\n<p>Per\u00f2 estem comprenent que necessitem passar de les llibretes a la tecnologia; dels llibres de text a les recerques guiades; del \u00abnen, estigues al cas\u00bb a l\u2019autonomia personal del nostre alumnat; del rendiment escolar manifestat per les notes a la compet\u00e8ncia d\u2019aprendre a aprendre; del \u00abcastigat\u00bb a les compet\u00e8ncies socials i afectives; del \u00abporta\u2019m el Joan al PT\u00bb a la doc\u00e8ncia compartida. I tantes i tantes q\u00fcestions que sempre van quedant al calaix del \u00absi de cas, dem\u00e0\u00bb etern. Ja no podem guardar m\u00e9s la clau d\u2019aquest calaix. Malgrat tot, per\u00f2, gaireb\u00e9 es compr\u00e8n que passi aix\u00f2. No estem en situaci\u00f3 d\u2019exigir m\u00e9s als professionals de l\u2019educaci\u00f3, perqu\u00e8, despr\u00e9s de tant d\u2019esfor\u00e7, de tanta adequaci\u00f3 als temps i de tanta formaci\u00f3 per a la renovaci\u00f3, s\u2019han vist abandonats a la seva sort per part de l\u2019Administraci\u00f3 educativa.<\/p>\n<p>Ens mereixem un model millor. Ha arribat l\u2019hora que cada actor afrontem els propis reptes per comen\u00e7ar a mirar-nos com un sistema educatiu que ofereixi aut\u00e8ntiques garanties de futur al nostre alumnat.<\/p>\n","protected":false},"excerpt":{"rendered":"<p>\u00c9s urgent que transformem la manera d\u2019educar a les nostres aules. La situaci\u00f3 que hem viscut al llarg dels darrers deu mesos ha posat de manifest les mancances del nostre sistema educatiu, que continua ancorat en d\u00e8cades anteriors sense afrontar els nous reptes que la societat ens planteja.<\/p>\n","protected":false},"author":571,"featured_media":5838,"comment_status":"open","ping_status":"closed","sticky":false,"template":"","format":"standard","meta":{"footnotes":""},"categories":[222,2,121,115],"tags":[408,409,410,411,412,413],"tipo":[],"class_list":{"0":"post-5835","1":"post","2":"type-post","3":"status-publish","4":"format-standard","5":"has-post-thumbnail","7":"category-diagnostics-organitzatius","8":"category-general","9":"category-qualitat-educativa","10":"category-reflexio","11":"tag-carencies-del-sistema-educatiu","12":"tag-critica-al-sistema-educatiu","13":"tag-educacio-de-qualitat","14":"tag-resistencia-al-canvi","15":"tag-reunions-de-mestres","16":"tag-transformacio-educativa"},"yoast_head":"<!-- This site is optimized with the Yoast SEO plugin v27.4 - https:\/\/yoast.com\/product\/yoast-seo-wordpress\/ -->\n<title>La llibreta de quadr\u00edcula de 5 mil\u00b7l\u00edmetres - L&#039;escola gra\u00f3 a gra\u00f3<\/title>\n<meta name=\"robots\" content=\"index, follow, max-snippet:-1, max-image-preview:large, max-video-preview:-1\" \/>\n<link rel=\"canonical\" href=\"https:\/\/diarieducacio.cat\/grao\/2020\/11\/03\/la-llibreta-de-quadricula-de-5-millimetres\/\" \/>\n<meta property=\"og:locale\" content=\"ca_ES\" \/>\n<meta property=\"og:type\" content=\"article\" \/>\n<meta property=\"og:title\" content=\"La llibreta de quadr\u00edcula de 5 mil\u00b7l\u00edmetres - L&#039;escola gra\u00f3 a gra\u00f3\" \/>\n<meta property=\"og:description\" content=\"\u00c9s urgent que transformem la manera d\u2019educar a les nostres aules. La situaci\u00f3 que hem viscut al llarg dels darrers deu mesos ha posat de manifest les mancances del nostre sistema educatiu, que continua ancorat en d\u00e8cades anteriors sense afrontar els nous reptes que la societat ens planteja.\" \/>\n<meta property=\"og:url\" content=\"https:\/\/diarieducacio.cat\/grao\/2020\/11\/03\/la-llibreta-de-quadricula-de-5-millimetres\/\" \/>\n<meta property=\"og:site_name\" content=\"L&#039;escola gra\u00f3 a gra\u00f3\" \/>\n<meta property=\"article:published_time\" content=\"2020-11-03T16:51:58+00:00\" \/>\n<meta property=\"article:modified_time\" content=\"2024-05-13T16:30:26+00:00\" \/>\n<meta property=\"og:image\" content=\"https:\/\/diarieducacio.cat\/grao\/wp-content\/uploads\/sites\/31\/2020\/11\/libreta-tamano-a5-cuadros-tp_2804813229381775892f.jpg\" \/>\n\t<meta property=\"og:image:width\" content=\"1346\" \/>\n\t<meta property=\"og:image:height\" content=\"1634\" \/>\n\t<meta property=\"og:image:type\" content=\"image\/jpeg\" \/>\n<meta name=\"author\" content=\"Antonio A. M\u00e1rquez Ord\u00f3\u00f1ez\" \/>\n<meta name=\"twitter:card\" content=\"summary_large_image\" \/>\n<meta name=\"twitter:label1\" content=\"Escrit per\" \/>\n\t<meta name=\"twitter:data1\" content=\"Antonio A. M\u00e1rquez Ord\u00f3\u00f1ez\" \/>\n\t<meta name=\"twitter:label2\" content=\"Temps estimat de lectura\" \/>\n\t<meta name=\"twitter:data2\" content=\"3 minuts\" \/>\n<script type=\"application\/ld+json\" class=\"yoast-schema-graph\">{\"@context\":\"https:\\\/\\\/schema.org\",\"@graph\":[{\"@type\":\"Article\",\"@id\":\"https:\\\/\\\/diarieducacio.cat\\\/grao\\\/2020\\\/11\\\/03\\\/la-llibreta-de-quadricula-de-5-millimetres\\\/#article\",\"isPartOf\":{\"@id\":\"https:\\\/\\\/diarieducacio.cat\\\/grao\\\/2020\\\/11\\\/03\\\/la-llibreta-de-quadricula-de-5-millimetres\\\/\"},\"author\":{\"name\":\"Antonio A. M\u00e1rquez Ord\u00f3\u00f1ez\",\"@id\":\"https:\\\/\\\/diarieducacio.cat\\\/grao\\\/#\\\/schema\\\/person\\\/2f67baa29ed14803ed9bef19564c8cf4\"},\"headline\":\"La llibreta de quadr\u00edcula de 5 mil\u00b7l\u00edmetres\",\"datePublished\":\"2020-11-03T16:51:58+00:00\",\"dateModified\":\"2024-05-13T16:30:26+00:00\",\"mainEntityOfPage\":{\"@id\":\"https:\\\/\\\/diarieducacio.cat\\\/grao\\\/2020\\\/11\\\/03\\\/la-llibreta-de-quadricula-de-5-millimetres\\\/\"},\"wordCount\":561,\"commentCount\":0,\"image\":{\"@id\":\"https:\\\/\\\/diarieducacio.cat\\\/grao\\\/2020\\\/11\\\/03\\\/la-llibreta-de-quadricula-de-5-millimetres\\\/#primaryimage\"},\"thumbnailUrl\":\"https:\\\/\\\/diarieducacio.cat\\\/grao\\\/wp-content\\\/uploads\\\/sites\\\/31\\\/2020\\\/11\\\/libreta-tamano-a5-cuadros-tp_2804813229381775892f.jpg\",\"keywords\":[\"car\u00e8ncies del sistema educatiu\",\"cr\u00edtica al sistema educatiu\",\"educaci\u00f3 de qualitat\",\"resist\u00e8ncia al canvi\",\"reunions de mestres\",\"transformaci\u00f3 educativa\"],\"articleSection\":[\"Diagn\u00f2stics organitzatius\",\"General\",\"Qualitat educativa\",\"Reflexi\u00f3\"],\"inLanguage\":\"ca\",\"potentialAction\":[{\"@type\":\"CommentAction\",\"name\":\"Comment\",\"target\":[\"https:\\\/\\\/diarieducacio.cat\\\/grao\\\/2020\\\/11\\\/03\\\/la-llibreta-de-quadricula-de-5-millimetres\\\/#respond\"]}]},{\"@type\":\"WebPage\",\"@id\":\"https:\\\/\\\/diarieducacio.cat\\\/grao\\\/2020\\\/11\\\/03\\\/la-llibreta-de-quadricula-de-5-millimetres\\\/\",\"url\":\"https:\\\/\\\/diarieducacio.cat\\\/grao\\\/2020\\\/11\\\/03\\\/la-llibreta-de-quadricula-de-5-millimetres\\\/\",\"name\":\"La llibreta de quadr\u00edcula de 5 mil\u00b7l\u00edmetres - L'escola gra\u00f3 a gra\u00f3\",\"isPartOf\":{\"@id\":\"https:\\\/\\\/diarieducacio.cat\\\/grao\\\/#website\"},\"primaryImageOfPage\":{\"@id\":\"https:\\\/\\\/diarieducacio.cat\\\/grao\\\/2020\\\/11\\\/03\\\/la-llibreta-de-quadricula-de-5-millimetres\\\/#primaryimage\"},\"image\":{\"@id\":\"https:\\\/\\\/diarieducacio.cat\\\/grao\\\/2020\\\/11\\\/03\\\/la-llibreta-de-quadricula-de-5-millimetres\\\/#primaryimage\"},\"thumbnailUrl\":\"https:\\\/\\\/diarieducacio.cat\\\/grao\\\/wp-content\\\/uploads\\\/sites\\\/31\\\/2020\\\/11\\\/libreta-tamano-a5-cuadros-tp_2804813229381775892f.jpg\",\"datePublished\":\"2020-11-03T16:51:58+00:00\",\"dateModified\":\"2024-05-13T16:30:26+00:00\",\"author\":{\"@id\":\"https:\\\/\\\/diarieducacio.cat\\\/grao\\\/#\\\/schema\\\/person\\\/2f67baa29ed14803ed9bef19564c8cf4\"},\"breadcrumb\":{\"@id\":\"https:\\\/\\\/diarieducacio.cat\\\/grao\\\/2020\\\/11\\\/03\\\/la-llibreta-de-quadricula-de-5-millimetres\\\/#breadcrumb\"},\"inLanguage\":\"ca\",\"potentialAction\":[{\"@type\":\"ReadAction\",\"target\":[\"https:\\\/\\\/diarieducacio.cat\\\/grao\\\/2020\\\/11\\\/03\\\/la-llibreta-de-quadricula-de-5-millimetres\\\/\"]}]},{\"@type\":\"ImageObject\",\"inLanguage\":\"ca\",\"@id\":\"https:\\\/\\\/diarieducacio.cat\\\/grao\\\/2020\\\/11\\\/03\\\/la-llibreta-de-quadricula-de-5-millimetres\\\/#primaryimage\",\"url\":\"https:\\\/\\\/diarieducacio.cat\\\/grao\\\/wp-content\\\/uploads\\\/sites\\\/31\\\/2020\\\/11\\\/libreta-tamano-a5-cuadros-tp_2804813229381775892f.jpg\",\"contentUrl\":\"https:\\\/\\\/diarieducacio.cat\\\/grao\\\/wp-content\\\/uploads\\\/sites\\\/31\\\/2020\\\/11\\\/libreta-tamano-a5-cuadros-tp_2804813229381775892f.jpg\",\"width\":1346,\"height\":1634},{\"@type\":\"BreadcrumbList\",\"@id\":\"https:\\\/\\\/diarieducacio.cat\\\/grao\\\/2020\\\/11\\\/03\\\/la-llibreta-de-quadricula-de-5-millimetres\\\/#breadcrumb\",\"itemListElement\":[{\"@type\":\"ListItem\",\"position\":1,\"name\":\"Inici\",\"item\":\"https:\\\/\\\/diarieducacio.cat\\\/grao\\\/\"},{\"@type\":\"ListItem\",\"position\":2,\"name\":\"La llibreta de quadr\u00edcula de 5 mil\u00b7l\u00edmetres\"}]},{\"@type\":\"WebSite\",\"@id\":\"https:\\\/\\\/diarieducacio.cat\\\/grao\\\/#website\",\"url\":\"https:\\\/\\\/diarieducacio.cat\\\/grao\\\/\",\"name\":\"L'escola gra\u00f3 a gra\u00f3\",\"description\":\"Un blog de El Diari de l&#039;Educaci\u00f3\",\"potentialAction\":[{\"@type\":\"SearchAction\",\"target\":{\"@type\":\"EntryPoint\",\"urlTemplate\":\"https:\\\/\\\/diarieducacio.cat\\\/grao\\\/?s={search_term_string}\"},\"query-input\":{\"@type\":\"PropertyValueSpecification\",\"valueRequired\":true,\"valueName\":\"search_term_string\"}}],\"inLanguage\":\"ca\"},{\"@type\":\"Person\",\"@id\":\"https:\\\/\\\/diarieducacio.cat\\\/grao\\\/#\\\/schema\\\/person\\\/2f67baa29ed14803ed9bef19564c8cf4\",\"name\":\"Antonio A. M\u00e1rquez Ord\u00f3\u00f1ez\",\"image\":{\"@type\":\"ImageObject\",\"inLanguage\":\"ca\",\"@id\":\"https:\\\/\\\/secure.gravatar.com\\\/avatar\\\/44b39a72e44792b0ad1b726b684ec3b68aeb0b8950284f34c6f7a18a2887bf94?s=96&d=mm&r=g\",\"url\":\"https:\\\/\\\/secure.gravatar.com\\\/avatar\\\/44b39a72e44792b0ad1b726b684ec3b68aeb0b8950284f34c6f7a18a2887bf94?s=96&d=mm&r=g\",\"contentUrl\":\"https:\\\/\\\/secure.gravatar.com\\\/avatar\\\/44b39a72e44792b0ad1b726b684ec3b68aeb0b8950284f34c6f7a18a2887bf94?s=96&d=mm&r=g\",\"caption\":\"Antonio A. M\u00e1rquez Ord\u00f3\u00f1ez\"},\"url\":\"https:\\\/\\\/diarieducacio.cat\\\/grao\\\/author\\\/amarquezo\\\/\"}]}<\/script>\n<!-- \/ Yoast SEO plugin. -->","yoast_head_json":{"title":"La llibreta de quadr\u00edcula de 5 mil\u00b7l\u00edmetres - L'escola gra\u00f3 a gra\u00f3","robots":{"index":"index","follow":"follow","max-snippet":"max-snippet:-1","max-image-preview":"max-image-preview:large","max-video-preview":"max-video-preview:-1"},"canonical":"https:\/\/diarieducacio.cat\/grao\/2020\/11\/03\/la-llibreta-de-quadricula-de-5-millimetres\/","og_locale":"ca_ES","og_type":"article","og_title":"La llibreta de quadr\u00edcula de 5 mil\u00b7l\u00edmetres - L'escola gra\u00f3 a gra\u00f3","og_description":"\u00c9s urgent que transformem la manera d\u2019educar a les nostres aules. La situaci\u00f3 que hem viscut al llarg dels darrers deu mesos ha posat de manifest les mancances del nostre sistema educatiu, que continua ancorat en d\u00e8cades anteriors sense afrontar els nous reptes que la societat ens planteja.","og_url":"https:\/\/diarieducacio.cat\/grao\/2020\/11\/03\/la-llibreta-de-quadricula-de-5-millimetres\/","og_site_name":"L'escola gra\u00f3 a gra\u00f3","article_published_time":"2020-11-03T16:51:58+00:00","article_modified_time":"2024-05-13T16:30:26+00:00","og_image":[{"width":1346,"height":1634,"url":"https:\/\/diarieducacio.cat\/grao\/wp-content\/uploads\/sites\/31\/2020\/11\/libreta-tamano-a5-cuadros-tp_2804813229381775892f.jpg","type":"image\/jpeg"}],"author":"Antonio A. M\u00e1rquez Ord\u00f3\u00f1ez","twitter_card":"summary_large_image","twitter_misc":{"Escrit per":"Antonio A. M\u00e1rquez Ord\u00f3\u00f1ez","Temps estimat de lectura":"3 minuts"},"schema":{"@context":"https:\/\/schema.org","@graph":[{"@type":"Article","@id":"https:\/\/diarieducacio.cat\/grao\/2020\/11\/03\/la-llibreta-de-quadricula-de-5-millimetres\/#article","isPartOf":{"@id":"https:\/\/diarieducacio.cat\/grao\/2020\/11\/03\/la-llibreta-de-quadricula-de-5-millimetres\/"},"author":{"name":"Antonio A. M\u00e1rquez Ord\u00f3\u00f1ez","@id":"https:\/\/diarieducacio.cat\/grao\/#\/schema\/person\/2f67baa29ed14803ed9bef19564c8cf4"},"headline":"La llibreta de quadr\u00edcula de 5 mil\u00b7l\u00edmetres","datePublished":"2020-11-03T16:51:58+00:00","dateModified":"2024-05-13T16:30:26+00:00","mainEntityOfPage":{"@id":"https:\/\/diarieducacio.cat\/grao\/2020\/11\/03\/la-llibreta-de-quadricula-de-5-millimetres\/"},"wordCount":561,"commentCount":0,"image":{"@id":"https:\/\/diarieducacio.cat\/grao\/2020\/11\/03\/la-llibreta-de-quadricula-de-5-millimetres\/#primaryimage"},"thumbnailUrl":"https:\/\/diarieducacio.cat\/grao\/wp-content\/uploads\/sites\/31\/2020\/11\/libreta-tamano-a5-cuadros-tp_2804813229381775892f.jpg","keywords":["car\u00e8ncies del sistema educatiu","cr\u00edtica al sistema educatiu","educaci\u00f3 de qualitat","resist\u00e8ncia al canvi","reunions de mestres","transformaci\u00f3 educativa"],"articleSection":["Diagn\u00f2stics organitzatius","General","Qualitat educativa","Reflexi\u00f3"],"inLanguage":"ca","potentialAction":[{"@type":"CommentAction","name":"Comment","target":["https:\/\/diarieducacio.cat\/grao\/2020\/11\/03\/la-llibreta-de-quadricula-de-5-millimetres\/#respond"]}]},{"@type":"WebPage","@id":"https:\/\/diarieducacio.cat\/grao\/2020\/11\/03\/la-llibreta-de-quadricula-de-5-millimetres\/","url":"https:\/\/diarieducacio.cat\/grao\/2020\/11\/03\/la-llibreta-de-quadricula-de-5-millimetres\/","name":"La llibreta de quadr\u00edcula de 5 mil\u00b7l\u00edmetres - L'escola gra\u00f3 a gra\u00f3","isPartOf":{"@id":"https:\/\/diarieducacio.cat\/grao\/#website"},"primaryImageOfPage":{"@id":"https:\/\/diarieducacio.cat\/grao\/2020\/11\/03\/la-llibreta-de-quadricula-de-5-millimetres\/#primaryimage"},"image":{"@id":"https:\/\/diarieducacio.cat\/grao\/2020\/11\/03\/la-llibreta-de-quadricula-de-5-millimetres\/#primaryimage"},"thumbnailUrl":"https:\/\/diarieducacio.cat\/grao\/wp-content\/uploads\/sites\/31\/2020\/11\/libreta-tamano-a5-cuadros-tp_2804813229381775892f.jpg","datePublished":"2020-11-03T16:51:58+00:00","dateModified":"2024-05-13T16:30:26+00:00","author":{"@id":"https:\/\/diarieducacio.cat\/grao\/#\/schema\/person\/2f67baa29ed14803ed9bef19564c8cf4"},"breadcrumb":{"@id":"https:\/\/diarieducacio.cat\/grao\/2020\/11\/03\/la-llibreta-de-quadricula-de-5-millimetres\/#breadcrumb"},"inLanguage":"ca","potentialAction":[{"@type":"ReadAction","target":["https:\/\/diarieducacio.cat\/grao\/2020\/11\/03\/la-llibreta-de-quadricula-de-5-millimetres\/"]}]},{"@type":"ImageObject","inLanguage":"ca","@id":"https:\/\/diarieducacio.cat\/grao\/2020\/11\/03\/la-llibreta-de-quadricula-de-5-millimetres\/#primaryimage","url":"https:\/\/diarieducacio.cat\/grao\/wp-content\/uploads\/sites\/31\/2020\/11\/libreta-tamano-a5-cuadros-tp_2804813229381775892f.jpg","contentUrl":"https:\/\/diarieducacio.cat\/grao\/wp-content\/uploads\/sites\/31\/2020\/11\/libreta-tamano-a5-cuadros-tp_2804813229381775892f.jpg","width":1346,"height":1634},{"@type":"BreadcrumbList","@id":"https:\/\/diarieducacio.cat\/grao\/2020\/11\/03\/la-llibreta-de-quadricula-de-5-millimetres\/#breadcrumb","itemListElement":[{"@type":"ListItem","position":1,"name":"Inici","item":"https:\/\/diarieducacio.cat\/grao\/"},{"@type":"ListItem","position":2,"name":"La llibreta de quadr\u00edcula de 5 mil\u00b7l\u00edmetres"}]},{"@type":"WebSite","@id":"https:\/\/diarieducacio.cat\/grao\/#website","url":"https:\/\/diarieducacio.cat\/grao\/","name":"L'escola gra\u00f3 a gra\u00f3","description":"Un blog de El Diari de l&#039;Educaci\u00f3","potentialAction":[{"@type":"SearchAction","target":{"@type":"EntryPoint","urlTemplate":"https:\/\/diarieducacio.cat\/grao\/?s={search_term_string}"},"query-input":{"@type":"PropertyValueSpecification","valueRequired":true,"valueName":"search_term_string"}}],"inLanguage":"ca"},{"@type":"Person","@id":"https:\/\/diarieducacio.cat\/grao\/#\/schema\/person\/2f67baa29ed14803ed9bef19564c8cf4","name":"Antonio A. M\u00e1rquez Ord\u00f3\u00f1ez","image":{"@type":"ImageObject","inLanguage":"ca","@id":"https:\/\/secure.gravatar.com\/avatar\/44b39a72e44792b0ad1b726b684ec3b68aeb0b8950284f34c6f7a18a2887bf94?s=96&d=mm&r=g","url":"https:\/\/secure.gravatar.com\/avatar\/44b39a72e44792b0ad1b726b684ec3b68aeb0b8950284f34c6f7a18a2887bf94?s=96&d=mm&r=g","contentUrl":"https:\/\/secure.gravatar.com\/avatar\/44b39a72e44792b0ad1b726b684ec3b68aeb0b8950284f34c6f7a18a2887bf94?s=96&d=mm&r=g","caption":"Antonio A. M\u00e1rquez Ord\u00f3\u00f1ez"},"url":"https:\/\/diarieducacio.cat\/grao\/author\/amarquezo\/"}]}},"_links":{"self":[{"href":"https:\/\/diarieducacio.cat\/grao\/wp-json\/wp\/v2\/posts\/5835","targetHints":{"allow":["GET"]}}],"collection":[{"href":"https:\/\/diarieducacio.cat\/grao\/wp-json\/wp\/v2\/posts"}],"about":[{"href":"https:\/\/diarieducacio.cat\/grao\/wp-json\/wp\/v2\/types\/post"}],"author":[{"embeddable":true,"href":"https:\/\/diarieducacio.cat\/grao\/wp-json\/wp\/v2\/users\/571"}],"replies":[{"embeddable":true,"href":"https:\/\/diarieducacio.cat\/grao\/wp-json\/wp\/v2\/comments?post=5835"}],"version-history":[{"count":1,"href":"https:\/\/diarieducacio.cat\/grao\/wp-json\/wp\/v2\/posts\/5835\/revisions"}],"predecessor-version":[{"id":6309,"href":"https:\/\/diarieducacio.cat\/grao\/wp-json\/wp\/v2\/posts\/5835\/revisions\/6309"}],"wp:featuredmedia":[{"embeddable":true,"href":"https:\/\/diarieducacio.cat\/grao\/wp-json\/wp\/v2\/media\/5838"}],"wp:attachment":[{"href":"https:\/\/diarieducacio.cat\/grao\/wp-json\/wp\/v2\/media?parent=5835"}],"wp:term":[{"taxonomy":"category","embeddable":true,"href":"https:\/\/diarieducacio.cat\/grao\/wp-json\/wp\/v2\/categories?post=5835"},{"taxonomy":"post_tag","embeddable":true,"href":"https:\/\/diarieducacio.cat\/grao\/wp-json\/wp\/v2\/tags?post=5835"},{"taxonomy":"tipo","embeddable":true,"href":"https:\/\/diarieducacio.cat\/grao\/wp-json\/wp\/v2\/tipo?post=5835"}],"curies":[{"name":"wp","href":"https:\/\/api.w.org\/{rel}","templated":true}]}}