{"id":600,"date":"2014-12-17T07:51:08","date_gmt":"2014-12-17T07:51:08","guid":{"rendered":"https:\/\/diarieducacio.cat\/grao\/?p=600"},"modified":"2024-05-13T18:30:15","modified_gmt":"2024-05-13T16:30:15","slug":"claus-per-ala-gestio-de-la-convivencia-al-centre","status":"publish","type":"post","link":"https:\/\/diarieducacio.cat\/grao\/2014\/12\/17\/claus-per-ala-gestio-de-la-convivencia-al-centre\/","title":{"rendered":"Claus per a la gesti\u00f3 de la conviv\u00e8ncia al centre"},"content":{"rendered":"<p><strong>La conviv\u00e8ncia positiva consisteix a interactuar amb altres persones reconeixent-se m\u00fatuament com a tals i respectant-se la dignitat, els drets i els deures, tot establint relacions d\u2019igualtat i de consideraci\u00f3 m\u00fatua. Fonamentada en la pau positiva (Galtung, 2003), en les quals no s\u2019hi pot acceptar cap mena de viol\u00e8ncia (Zaitegi).<\/strong><\/p>\n<p>Habermas (1991) assenyala que el repte de la societat i de l\u2019escola actual \u00e9s impulsar la construcci\u00f3 d\u2019un nou ordre social i d\u2019una nova identitat que respongui a les necessitats d\u2019una societat del coneixement postmoderna, flexible, diversa i canviant, que no exigeixi el sacrifici de la significativitat de la vida i que potenci\u00ef les estructures comunicatives necess\u00e0ries per al desenvolupament hum\u00e0.<\/p>\n<p>En pocs anys, la conviv\u00e8ncia ha passat de ser un element vertebrador de la vida del centre, tant al PEC com als plans anuals de conviv\u00e8ncia, a estar arraconada, deixada de banda, com si hi hagu\u00e9s unes altres q\u00fcestions m\u00e9s importants a les quals ens hagu\u00e9ssim de dedicar.<\/p>\n<blockquote><p>L\u2019educaci\u00f3 en i per a la conviv\u00e8ncia \u00e9s fonamental, tant per al benestar de tots els membres de la comunitat educativa, com per al desenvolupament personal, social i acad\u00e8mic de l\u2019alumnat.<\/p><\/blockquote>\n<p>S\u00f3n moltes les investigacions que posen de manifest la relaci\u00f3 d\u2019una bona conviv\u00e8ncia amb l\u2019\u00e8xit de l\u2019alumnat. Aix\u00ed s\u2019explicita als factors d\u2019efic\u00e0cia d\u2019un centre, entre els quals el de clima d\u2019escola i d\u2019aula \u00e9s sempre present als bons centres. \u00c9s una condici\u00f3 necess\u00e0ria, per\u00f2 no suficient, per la qual cosa se\u2019n necessiten d\u2019altres, com ara: metes compartides, cohesi\u00f3, treball en equip, lideratge educatiu, expectatives altes, qualitat del curr\u00edculum, organitzaci\u00f3 de l\u2019ensenyament, implicaci\u00f3 de la comunitat, aprenentatge organitzatiu, desenvolupament dels docents i recursos.<\/p>\n<p><a href=\"https:\/\/nostalgic-ishizaka.82-223-1-47.plesk.page\/grao\/wp-content\/uploads\/sites\/31\/2014\/12\/clausconvpos.jpg\"><img fetchpriority=\"high\" decoding=\"async\" class=\"aligncenter wp-image-603 \" src=\"https:\/\/nostalgic-ishizaka.82-223-1-47.plesk.page\/grao\/wp-content\/uploads\/sites\/31\/2014\/12\/clausconvpos.jpg\" alt=\"clausconvpos\" width=\"466\" height=\"604\" srcset=\"https:\/\/diarieducacio.cat\/grao\/wp-content\/uploads\/sites\/31\/2014\/12\/clausconvpos.jpg 571w, https:\/\/diarieducacio.cat\/grao\/wp-content\/uploads\/sites\/31\/2014\/12\/clausconvpos-231x300.jpg 231w, https:\/\/diarieducacio.cat\/grao\/wp-content\/uploads\/sites\/31\/2014\/12\/clausconvpos-150x194.jpg 150w, https:\/\/diarieducacio.cat\/grao\/wp-content\/uploads\/sites\/31\/2014\/12\/clausconvpos-450x583.jpg 450w\" sizes=\"(max-width: 466px) 100vw, 466px\" \/><\/a><\/p>\n<p>En aquest moment, tothom \u00e9s ben conscient de la import\u00e0ncia del benestar de les persones com a element facilitador i potenciador de qualsevol aprenentatge.<\/p>\n<p>L\u2019equip directiu -les seves creences i les actuacions que du a terme al voltant de la conviv\u00e8ncia- t\u00e9 un paper decisiu en la vida del centre. Les aportacions recents en el camp del lideratge pedag\u00f2gic destaquen la necessitat de prestar atenci\u00f3 a l\u2019actuaci\u00f3 de la direcci\u00f3 escolar, at\u00e8s que es tracta d\u2019un element clau per avan\u00e7ar cap a la construcci\u00f3 d\u2019una comunitat dintre de l\u2019escola dirigida a millorar l\u2019aprenentatge de l\u2019alumnat i, com ja s\u2019ha dit, la conviv\u00e8ncia \u00e9s un dels facilitadors m\u00e9s importants per aconseguir-ho.<\/p>\n<p><strong>FONT:\u00a0<\/strong>Revista Guix n\u00fam.409 (<a href=\"http:\/\/guix.grao.com\/revistes\/guix\/409-experiencies-en-la-practica\">Experi\u00e8ncies \u00abEn la pr\u00e0ctica\u00bb<\/a>). Clic <strong><a href=\"http:\/\/guix.grao.com\/revistes\/guix\/409-experiencies-en-la-practica\/claus-per-a-la-gestio-de-la-convivencia-en-el-centre\" target=\"_blank\" rel=\"noopener\">aqu\u00ed<\/a><\/strong>.<\/p>\n","protected":false},"excerpt":{"rendered":"<p>Aprendre a viure amb la resta de la gent no solament constitueix una finalitat de l\u2019educaci\u00f3, sin\u00f3 tamb\u00e9 un dels reptes principals de la pedagogia contempor\u00e0nia. S\u00f3n moltes les raons que fan que aquest aprenentatge, a m\u00e9s de considerar-se valu\u00f3s per si mateix, sigui tamb\u00e9 imprescindible per anar configurant una societat m\u00e9s justa, m\u00e9s pac\u00edfica, m\u00e9s solid\u00e0ria i m\u00e9s democr\u00e0tica.<\/p>\n","protected":false},"author":549,"featured_media":601,"comment_status":"open","ping_status":"open","sticky":false,"template":"","format":"standard","meta":{"footnotes":""},"categories":[101,222,164],"tags":[265,266,267,268],"tipo":[],"class_list":{"0":"post-600","1":"post","2":"type-post","3":"status-publish","4":"format-standard","5":"has-post-thumbnail","7":"category-desenvolupament-personal","8":"category-diagnostics-organitzatius","9":"category-estrategies-internes","10":"tag-clima-de-centre","11":"tag-comunitat-educativa","12":"tag-convivencia","13":"tag-qualitat-docent"},"yoast_head":"<!-- This site is optimized with the Yoast SEO plugin v27.4 - https:\/\/yoast.com\/product\/yoast-seo-wordpress\/ -->\n<title>Claus per a la gesti\u00f3 de la conviv\u00e8ncia al centre - L&#039;escola gra\u00f3 a gra\u00f3<\/title>\n<meta name=\"robots\" content=\"index, follow, max-snippet:-1, max-image-preview:large, max-video-preview:-1\" \/>\n<link rel=\"canonical\" href=\"https:\/\/diarieducacio.cat\/grao\/2014\/12\/17\/claus-per-ala-gestio-de-la-convivencia-al-centre\/\" \/>\n<meta property=\"og:locale\" content=\"ca_ES\" \/>\n<meta property=\"og:type\" content=\"article\" \/>\n<meta property=\"og:title\" content=\"Claus per a la gesti\u00f3 de la conviv\u00e8ncia al centre - L&#039;escola gra\u00f3 a gra\u00f3\" \/>\n<meta property=\"og:description\" content=\"Aprendre a viure amb la resta de la gent no solament constitueix una finalitat de l\u2019educaci\u00f3, sin\u00f3 tamb\u00e9 un dels reptes principals de la pedagogia contempor\u00e0nia. S\u00f3n moltes les raons que fan que aquest aprenentatge, a m\u00e9s de considerar-se valu\u00f3s per si mateix, sigui tamb\u00e9 imprescindible per anar configurant una societat m\u00e9s justa, m\u00e9s pac\u00edfica, m\u00e9s solid\u00e0ria i m\u00e9s democr\u00e0tica.\" \/>\n<meta property=\"og:url\" content=\"https:\/\/diarieducacio.cat\/grao\/2014\/12\/17\/claus-per-ala-gestio-de-la-convivencia-al-centre\/\" \/>\n<meta property=\"og:site_name\" content=\"L&#039;escola gra\u00f3 a gra\u00f3\" \/>\n<meta property=\"article:published_time\" content=\"2014-12-17T07:51:08+00:00\" \/>\n<meta property=\"article:modified_time\" content=\"2024-05-13T16:30:15+00:00\" \/>\n<meta property=\"og:image\" content=\"https:\/\/diarieducacio.cat\/grao\/wp-content\/uploads\/sites\/31\/2014\/12\/GU40917.jpg\" \/>\n\t<meta property=\"og:image:width\" content=\"263\" \/>\n\t<meta property=\"og:image:height\" content=\"197\" \/>\n\t<meta property=\"og:image:type\" content=\"image\/jpeg\" \/>\n<meta name=\"author\" content=\"N\u00e9lida Zaitegi de Miguel\" \/>\n<meta name=\"twitter:card\" content=\"summary_large_image\" \/>\n<meta name=\"twitter:label1\" content=\"Escrit per\" \/>\n\t<meta name=\"twitter:data1\" content=\"N\u00e9lida Zaitegi de Miguel\" \/>\n\t<meta name=\"twitter:label2\" content=\"Temps estimat de lectura\" \/>\n\t<meta name=\"twitter:data2\" content=\"2 minuts\" \/>\n<script type=\"application\/ld+json\" class=\"yoast-schema-graph\">{\"@context\":\"https:\\\/\\\/schema.org\",\"@graph\":[{\"@type\":\"Article\",\"@id\":\"https:\\\/\\\/diarieducacio.cat\\\/grao\\\/2014\\\/12\\\/17\\\/claus-per-ala-gestio-de-la-convivencia-al-centre\\\/#article\",\"isPartOf\":{\"@id\":\"https:\\\/\\\/diarieducacio.cat\\\/grao\\\/2014\\\/12\\\/17\\\/claus-per-ala-gestio-de-la-convivencia-al-centre\\\/\"},\"author\":{\"name\":\"N\u00e9lida Zaitegi de Miguel\",\"@id\":\"https:\\\/\\\/diarieducacio.cat\\\/grao\\\/#\\\/schema\\\/person\\\/bfb87eb8152962b88b3f2b51e1cffa91\"},\"headline\":\"Claus per a la gesti\u00f3 de la conviv\u00e8ncia al centre\",\"datePublished\":\"2014-12-17T07:51:08+00:00\",\"dateModified\":\"2024-05-13T16:30:15+00:00\",\"mainEntityOfPage\":{\"@id\":\"https:\\\/\\\/diarieducacio.cat\\\/grao\\\/2014\\\/12\\\/17\\\/claus-per-ala-gestio-de-la-convivencia-al-centre\\\/\"},\"wordCount\":456,\"commentCount\":0,\"image\":{\"@id\":\"https:\\\/\\\/diarieducacio.cat\\\/grao\\\/2014\\\/12\\\/17\\\/claus-per-ala-gestio-de-la-convivencia-al-centre\\\/#primaryimage\"},\"thumbnailUrl\":\"https:\\\/\\\/diarieducacio.cat\\\/grao\\\/wp-content\\\/uploads\\\/sites\\\/31\\\/2014\\\/12\\\/GU40917.jpg\",\"keywords\":[\"clima de centre\",\"comunitat educativa\",\"conviv\u00e8ncia\",\"qualitat docent\"],\"articleSection\":[\"Desenvolupament Personal\",\"Diagn\u00f2stics organitzatius\",\"Estrat\u00e8gies Internes\"],\"inLanguage\":\"ca\",\"potentialAction\":[{\"@type\":\"CommentAction\",\"name\":\"Comment\",\"target\":[\"https:\\\/\\\/diarieducacio.cat\\\/grao\\\/2014\\\/12\\\/17\\\/claus-per-ala-gestio-de-la-convivencia-al-centre\\\/#respond\"]}]},{\"@type\":\"WebPage\",\"@id\":\"https:\\\/\\\/diarieducacio.cat\\\/grao\\\/2014\\\/12\\\/17\\\/claus-per-ala-gestio-de-la-convivencia-al-centre\\\/\",\"url\":\"https:\\\/\\\/diarieducacio.cat\\\/grao\\\/2014\\\/12\\\/17\\\/claus-per-ala-gestio-de-la-convivencia-al-centre\\\/\",\"name\":\"Claus per a la gesti\u00f3 de la conviv\u00e8ncia al centre - L'escola gra\u00f3 a gra\u00f3\",\"isPartOf\":{\"@id\":\"https:\\\/\\\/diarieducacio.cat\\\/grao\\\/#website\"},\"primaryImageOfPage\":{\"@id\":\"https:\\\/\\\/diarieducacio.cat\\\/grao\\\/2014\\\/12\\\/17\\\/claus-per-ala-gestio-de-la-convivencia-al-centre\\\/#primaryimage\"},\"image\":{\"@id\":\"https:\\\/\\\/diarieducacio.cat\\\/grao\\\/2014\\\/12\\\/17\\\/claus-per-ala-gestio-de-la-convivencia-al-centre\\\/#primaryimage\"},\"thumbnailUrl\":\"https:\\\/\\\/diarieducacio.cat\\\/grao\\\/wp-content\\\/uploads\\\/sites\\\/31\\\/2014\\\/12\\\/GU40917.jpg\",\"datePublished\":\"2014-12-17T07:51:08+00:00\",\"dateModified\":\"2024-05-13T16:30:15+00:00\",\"author\":{\"@id\":\"https:\\\/\\\/diarieducacio.cat\\\/grao\\\/#\\\/schema\\\/person\\\/bfb87eb8152962b88b3f2b51e1cffa91\"},\"breadcrumb\":{\"@id\":\"https:\\\/\\\/diarieducacio.cat\\\/grao\\\/2014\\\/12\\\/17\\\/claus-per-ala-gestio-de-la-convivencia-al-centre\\\/#breadcrumb\"},\"inLanguage\":\"ca\",\"potentialAction\":[{\"@type\":\"ReadAction\",\"target\":[\"https:\\\/\\\/diarieducacio.cat\\\/grao\\\/2014\\\/12\\\/17\\\/claus-per-ala-gestio-de-la-convivencia-al-centre\\\/\"]}]},{\"@type\":\"ImageObject\",\"inLanguage\":\"ca\",\"@id\":\"https:\\\/\\\/diarieducacio.cat\\\/grao\\\/2014\\\/12\\\/17\\\/claus-per-ala-gestio-de-la-convivencia-al-centre\\\/#primaryimage\",\"url\":\"https:\\\/\\\/diarieducacio.cat\\\/grao\\\/wp-content\\\/uploads\\\/sites\\\/31\\\/2014\\\/12\\\/GU40917.jpg\",\"contentUrl\":\"https:\\\/\\\/diarieducacio.cat\\\/grao\\\/wp-content\\\/uploads\\\/sites\\\/31\\\/2014\\\/12\\\/GU40917.jpg\",\"width\":263,\"height\":197},{\"@type\":\"BreadcrumbList\",\"@id\":\"https:\\\/\\\/diarieducacio.cat\\\/grao\\\/2014\\\/12\\\/17\\\/claus-per-ala-gestio-de-la-convivencia-al-centre\\\/#breadcrumb\",\"itemListElement\":[{\"@type\":\"ListItem\",\"position\":1,\"name\":\"Inici\",\"item\":\"https:\\\/\\\/diarieducacio.cat\\\/grao\\\/\"},{\"@type\":\"ListItem\",\"position\":2,\"name\":\"Claus per a la gesti\u00f3 de la conviv\u00e8ncia al centre\"}]},{\"@type\":\"WebSite\",\"@id\":\"https:\\\/\\\/diarieducacio.cat\\\/grao\\\/#website\",\"url\":\"https:\\\/\\\/diarieducacio.cat\\\/grao\\\/\",\"name\":\"L'escola gra\u00f3 a gra\u00f3\",\"description\":\"Un blog de El Diari de l&#039;Educaci\u00f3\",\"potentialAction\":[{\"@type\":\"SearchAction\",\"target\":{\"@type\":\"EntryPoint\",\"urlTemplate\":\"https:\\\/\\\/diarieducacio.cat\\\/grao\\\/?s={search_term_string}\"},\"query-input\":{\"@type\":\"PropertyValueSpecification\",\"valueRequired\":true,\"valueName\":\"search_term_string\"}}],\"inLanguage\":\"ca\"},{\"@type\":\"Person\",\"@id\":\"https:\\\/\\\/diarieducacio.cat\\\/grao\\\/#\\\/schema\\\/person\\\/bfb87eb8152962b88b3f2b51e1cffa91\",\"name\":\"N\u00e9lida Zaitegi de Miguel\",\"image\":{\"@type\":\"ImageObject\",\"inLanguage\":\"ca\",\"@id\":\"https:\\\/\\\/secure.gravatar.com\\\/avatar\\\/b6a8fd9e56756feb6e06615a8cd52f0179002e3fbf7b3bc5ed56a3af9f2a430f?s=96&d=mm&r=g\",\"url\":\"https:\\\/\\\/secure.gravatar.com\\\/avatar\\\/b6a8fd9e56756feb6e06615a8cd52f0179002e3fbf7b3bc5ed56a3af9f2a430f?s=96&d=mm&r=g\",\"contentUrl\":\"https:\\\/\\\/secure.gravatar.com\\\/avatar\\\/b6a8fd9e56756feb6e06615a8cd52f0179002e3fbf7b3bc5ed56a3af9f2a430f?s=96&d=mm&r=g\",\"caption\":\"N\u00e9lida Zaitegi de Miguel\"},\"url\":\"https:\\\/\\\/diarieducacio.cat\\\/grao\\\/author\\\/nzaitegi\\\/\"}]}<\/script>\n<!-- \/ Yoast SEO plugin. -->","yoast_head_json":{"title":"Claus per a la gesti\u00f3 de la conviv\u00e8ncia al centre - L'escola gra\u00f3 a gra\u00f3","robots":{"index":"index","follow":"follow","max-snippet":"max-snippet:-1","max-image-preview":"max-image-preview:large","max-video-preview":"max-video-preview:-1"},"canonical":"https:\/\/diarieducacio.cat\/grao\/2014\/12\/17\/claus-per-ala-gestio-de-la-convivencia-al-centre\/","og_locale":"ca_ES","og_type":"article","og_title":"Claus per a la gesti\u00f3 de la conviv\u00e8ncia al centre - L'escola gra\u00f3 a gra\u00f3","og_description":"Aprendre a viure amb la resta de la gent no solament constitueix una finalitat de l\u2019educaci\u00f3, sin\u00f3 tamb\u00e9 un dels reptes principals de la pedagogia contempor\u00e0nia. S\u00f3n moltes les raons que fan que aquest aprenentatge, a m\u00e9s de considerar-se valu\u00f3s per si mateix, sigui tamb\u00e9 imprescindible per anar configurant una societat m\u00e9s justa, m\u00e9s pac\u00edfica, m\u00e9s solid\u00e0ria i m\u00e9s democr\u00e0tica.","og_url":"https:\/\/diarieducacio.cat\/grao\/2014\/12\/17\/claus-per-ala-gestio-de-la-convivencia-al-centre\/","og_site_name":"L'escola gra\u00f3 a gra\u00f3","article_published_time":"2014-12-17T07:51:08+00:00","article_modified_time":"2024-05-13T16:30:15+00:00","og_image":[{"width":263,"height":197,"url":"https:\/\/diarieducacio.cat\/grao\/wp-content\/uploads\/sites\/31\/2014\/12\/GU40917.jpg","type":"image\/jpeg"}],"author":"N\u00e9lida Zaitegi de Miguel","twitter_card":"summary_large_image","twitter_misc":{"Escrit per":"N\u00e9lida Zaitegi de Miguel","Temps estimat de lectura":"2 minuts"},"schema":{"@context":"https:\/\/schema.org","@graph":[{"@type":"Article","@id":"https:\/\/diarieducacio.cat\/grao\/2014\/12\/17\/claus-per-ala-gestio-de-la-convivencia-al-centre\/#article","isPartOf":{"@id":"https:\/\/diarieducacio.cat\/grao\/2014\/12\/17\/claus-per-ala-gestio-de-la-convivencia-al-centre\/"},"author":{"name":"N\u00e9lida Zaitegi de Miguel","@id":"https:\/\/diarieducacio.cat\/grao\/#\/schema\/person\/bfb87eb8152962b88b3f2b51e1cffa91"},"headline":"Claus per a la gesti\u00f3 de la conviv\u00e8ncia al centre","datePublished":"2014-12-17T07:51:08+00:00","dateModified":"2024-05-13T16:30:15+00:00","mainEntityOfPage":{"@id":"https:\/\/diarieducacio.cat\/grao\/2014\/12\/17\/claus-per-ala-gestio-de-la-convivencia-al-centre\/"},"wordCount":456,"commentCount":0,"image":{"@id":"https:\/\/diarieducacio.cat\/grao\/2014\/12\/17\/claus-per-ala-gestio-de-la-convivencia-al-centre\/#primaryimage"},"thumbnailUrl":"https:\/\/diarieducacio.cat\/grao\/wp-content\/uploads\/sites\/31\/2014\/12\/GU40917.jpg","keywords":["clima de centre","comunitat educativa","conviv\u00e8ncia","qualitat docent"],"articleSection":["Desenvolupament Personal","Diagn\u00f2stics organitzatius","Estrat\u00e8gies Internes"],"inLanguage":"ca","potentialAction":[{"@type":"CommentAction","name":"Comment","target":["https:\/\/diarieducacio.cat\/grao\/2014\/12\/17\/claus-per-ala-gestio-de-la-convivencia-al-centre\/#respond"]}]},{"@type":"WebPage","@id":"https:\/\/diarieducacio.cat\/grao\/2014\/12\/17\/claus-per-ala-gestio-de-la-convivencia-al-centre\/","url":"https:\/\/diarieducacio.cat\/grao\/2014\/12\/17\/claus-per-ala-gestio-de-la-convivencia-al-centre\/","name":"Claus per a la gesti\u00f3 de la conviv\u00e8ncia al centre - L'escola gra\u00f3 a gra\u00f3","isPartOf":{"@id":"https:\/\/diarieducacio.cat\/grao\/#website"},"primaryImageOfPage":{"@id":"https:\/\/diarieducacio.cat\/grao\/2014\/12\/17\/claus-per-ala-gestio-de-la-convivencia-al-centre\/#primaryimage"},"image":{"@id":"https:\/\/diarieducacio.cat\/grao\/2014\/12\/17\/claus-per-ala-gestio-de-la-convivencia-al-centre\/#primaryimage"},"thumbnailUrl":"https:\/\/diarieducacio.cat\/grao\/wp-content\/uploads\/sites\/31\/2014\/12\/GU40917.jpg","datePublished":"2014-12-17T07:51:08+00:00","dateModified":"2024-05-13T16:30:15+00:00","author":{"@id":"https:\/\/diarieducacio.cat\/grao\/#\/schema\/person\/bfb87eb8152962b88b3f2b51e1cffa91"},"breadcrumb":{"@id":"https:\/\/diarieducacio.cat\/grao\/2014\/12\/17\/claus-per-ala-gestio-de-la-convivencia-al-centre\/#breadcrumb"},"inLanguage":"ca","potentialAction":[{"@type":"ReadAction","target":["https:\/\/diarieducacio.cat\/grao\/2014\/12\/17\/claus-per-ala-gestio-de-la-convivencia-al-centre\/"]}]},{"@type":"ImageObject","inLanguage":"ca","@id":"https:\/\/diarieducacio.cat\/grao\/2014\/12\/17\/claus-per-ala-gestio-de-la-convivencia-al-centre\/#primaryimage","url":"https:\/\/diarieducacio.cat\/grao\/wp-content\/uploads\/sites\/31\/2014\/12\/GU40917.jpg","contentUrl":"https:\/\/diarieducacio.cat\/grao\/wp-content\/uploads\/sites\/31\/2014\/12\/GU40917.jpg","width":263,"height":197},{"@type":"BreadcrumbList","@id":"https:\/\/diarieducacio.cat\/grao\/2014\/12\/17\/claus-per-ala-gestio-de-la-convivencia-al-centre\/#breadcrumb","itemListElement":[{"@type":"ListItem","position":1,"name":"Inici","item":"https:\/\/diarieducacio.cat\/grao\/"},{"@type":"ListItem","position":2,"name":"Claus per a la gesti\u00f3 de la conviv\u00e8ncia al centre"}]},{"@type":"WebSite","@id":"https:\/\/diarieducacio.cat\/grao\/#website","url":"https:\/\/diarieducacio.cat\/grao\/","name":"L'escola gra\u00f3 a gra\u00f3","description":"Un blog de El Diari de l&#039;Educaci\u00f3","potentialAction":[{"@type":"SearchAction","target":{"@type":"EntryPoint","urlTemplate":"https:\/\/diarieducacio.cat\/grao\/?s={search_term_string}"},"query-input":{"@type":"PropertyValueSpecification","valueRequired":true,"valueName":"search_term_string"}}],"inLanguage":"ca"},{"@type":"Person","@id":"https:\/\/diarieducacio.cat\/grao\/#\/schema\/person\/bfb87eb8152962b88b3f2b51e1cffa91","name":"N\u00e9lida Zaitegi de Miguel","image":{"@type":"ImageObject","inLanguage":"ca","@id":"https:\/\/secure.gravatar.com\/avatar\/b6a8fd9e56756feb6e06615a8cd52f0179002e3fbf7b3bc5ed56a3af9f2a430f?s=96&d=mm&r=g","url":"https:\/\/secure.gravatar.com\/avatar\/b6a8fd9e56756feb6e06615a8cd52f0179002e3fbf7b3bc5ed56a3af9f2a430f?s=96&d=mm&r=g","contentUrl":"https:\/\/secure.gravatar.com\/avatar\/b6a8fd9e56756feb6e06615a8cd52f0179002e3fbf7b3bc5ed56a3af9f2a430f?s=96&d=mm&r=g","caption":"N\u00e9lida Zaitegi de Miguel"},"url":"https:\/\/diarieducacio.cat\/grao\/author\/nzaitegi\/"}]}},"_links":{"self":[{"href":"https:\/\/diarieducacio.cat\/grao\/wp-json\/wp\/v2\/posts\/600","targetHints":{"allow":["GET"]}}],"collection":[{"href":"https:\/\/diarieducacio.cat\/grao\/wp-json\/wp\/v2\/posts"}],"about":[{"href":"https:\/\/diarieducacio.cat\/grao\/wp-json\/wp\/v2\/types\/post"}],"author":[{"embeddable":true,"href":"https:\/\/diarieducacio.cat\/grao\/wp-json\/wp\/v2\/users\/549"}],"replies":[{"embeddable":true,"href":"https:\/\/diarieducacio.cat\/grao\/wp-json\/wp\/v2\/comments?post=600"}],"version-history":[{"count":1,"href":"https:\/\/diarieducacio.cat\/grao\/wp-json\/wp\/v2\/posts\/600\/revisions"}],"predecessor-version":[{"id":6193,"href":"https:\/\/diarieducacio.cat\/grao\/wp-json\/wp\/v2\/posts\/600\/revisions\/6193"}],"wp:featuredmedia":[{"embeddable":true,"href":"https:\/\/diarieducacio.cat\/grao\/wp-json\/wp\/v2\/media\/601"}],"wp:attachment":[{"href":"https:\/\/diarieducacio.cat\/grao\/wp-json\/wp\/v2\/media?parent=600"}],"wp:term":[{"taxonomy":"category","embeddable":true,"href":"https:\/\/diarieducacio.cat\/grao\/wp-json\/wp\/v2\/categories?post=600"},{"taxonomy":"post_tag","embeddable":true,"href":"https:\/\/diarieducacio.cat\/grao\/wp-json\/wp\/v2\/tags?post=600"},{"taxonomy":"tipo","embeddable":true,"href":"https:\/\/diarieducacio.cat\/grao\/wp-json\/wp\/v2\/tipo?post=600"}],"curies":[{"name":"wp","href":"https:\/\/api.w.org\/{rel}","templated":true}]}}