{"id":6009,"date":"2021-05-20T22:03:34","date_gmt":"2021-05-20T22:03:34","guid":{"rendered":"https:\/\/diarieducacio.cat\/grao\/?p=6009"},"modified":"2024-05-13T18:30:28","modified_gmt":"2024-05-13T16:30:28","slug":"leducacio-digital-en-temps-de-pandemia","status":"publish","type":"post","link":"https:\/\/diarieducacio.cat\/grao\/2021\/05\/20\/leducacio-digital-en-temps-de-pandemia\/","title":{"rendered":"L&#8217;educaci\u00f3 digital en temps de pand\u00e8mia"},"content":{"rendered":"<p>M\u2019agraden els mems perqu\u00e8 transmeten de manera simple un missatge viral complex. En vaig trobar un que explicava for\u00e7a b\u00e9 el que ha passat en algunes aules (imatge 1). Mostra com una classe cl\u00e0ssica s\u2019adapta a les novetats. Els apunts que eren dictats per l\u2019ensenyant durant la d\u00e8cada de 1970 passen a ser recollits en fotoc\u00f2pies a la d\u00e8cada de 1990. L\u2019any 2010 ja tenen format de presentaci\u00f3 digital i actualment es comparteixen en carpetes comunes. El mem mostra amb ironia com les noves eines no han modificat les pr\u00e0ctiques docents, per\u00f2 s\u00ed que poden aportar moltes m\u00e9s alternatives educatives, cosa que mirarem de mostrar en el present monogr\u00e0fic, titulat \u00abLes tecnologies avui\u00bb.<\/p>\n<blockquote><p>La viv\u00e8ncia de la pand\u00e8mia ha constitu\u00eft una bona ocasi\u00f3 per valorar quin \u00e9s el paper que han de tenir les tecnologies socials dintre i fora de les institucions escolar, familiar i comunit\u00e0ria<\/p><\/blockquote>\n<h4><strong>Una oportunitat per repensar el paper de les tecnologies<\/strong><\/h4>\n<p>La viv\u00e8ncia de la pand\u00e8mia, i especialment del temps de confinament, ha constitu\u00eft una bona ocasi\u00f3 per valorar quin \u00e9s el paper que han de tenir les tecnologies socials dintre i fora de les institucions escolar, familiar i comunit\u00e0ria. Ha estat una oportunitat per repensar la nostra pr\u00e0ctica educativa i la finalitat que persegueix. Hem viscut uns moments dif\u00edcils en els quals hem esquivat diverses crisis en un grau m\u00e9s o menys elevat: social, comunicativa, cultural, econ\u00f2mica, clim\u00e0tica, familiar, laboral&#8230; I l\u2019escola no pot ser aliena a aquesta realitat i limitar-se a avan\u00e7ar temari o a encomanar llistes de deures.<\/p>\n<blockquote><p>Durant el confinament hem pogut veure com les eines digitals han servit per mantenir vincles i acompanyar emocionalment l\u2019alumnat i les fam\u00edlies davant la incertesa, l\u2019ansietat i el dolor<\/p><\/blockquote>\n<p>Durant el confinament hem pogut veure com les eines digitals han servit per mantenir vincles i acompanyar emocionalment l\u2019alumnat i les fam\u00edlies davant la incertesa, l\u2019ansietat i el dolor. Molts menors han vist per primera vegada les seves mares i els seus pares treballant. I aquests han vist com els seus fills i filles adquirien coneixements d\u2019una manera diferent: aprenentatge actiu, metodologies col\u00b7laboratives, noves interf\u00edcies, portafolis, entorns virtuals, etc. Molts joves han adquirit protagonisme a casa seva en ensenyar les seves fam\u00edlies a utilitzar eines comunicatives com ara les videotrucades.<\/p>\n<p>L\u2019educaci\u00f3 remota d\u2019emerg\u00e8ncia no ha estat l\u2019escenari m\u00e9s idoni, per\u00f2 sembla que haurem de conviure amb sistemes h\u00edbrids d\u2019ensenyament presencial i virtual alhora i amb els nous tipus d\u2019actuacions que comporten. No es tracta de confiar solament en el sistema actual perqu\u00e8 \u00e9s el que coneixem, sin\u00f3 que ens hem de preguntar qu\u00e8 ens aporta l\u2019educaci\u00f3 digital (i aprendre a integrar-la) per treure el millor de la combinaci\u00f3 entre totes dues. No hem de triar entre educaci\u00f3 presencial o digital, sin\u00f3 con\u00e8ixer-les i decidir com les podem barrejar per aprofitar el millor de cadascuna.<\/p>\n<h4><strong>Educaci\u00f3 digital = comunicaci\u00f3 + compet\u00e8ncia + ciutadania<\/strong><\/h4>\n<p>En temps de pand\u00e8mia, Internet i les noves tecnologies ens han perm\u00e8s (amb limitacions) connectar amb el jovent, fomentar uns altres tipus d\u2019aprenentatge i comunicar-nos amb les fam\u00edlies. De fet, tamb\u00e9 ho permetien abans de la covid. I \u00e9s que al llarg del temps hem anat construint analogies per apropiar-nos del m\u00f3n digital; per exemple: la carpeta, el ratol\u00ed, la finestra, el llibre o la pissarra digital. Per\u00f2 de la mateixa manera que el ratol\u00ed de l\u2019ordinador no t\u00e9 vida, un entorn virtual no \u00e9s una classe presencial, per aquest motiu no se\u2019n poden gestionar el temps i l\u2019espai de la mateixa manera. L\u2019educaci\u00f3 digital no \u00e9s la digitalitzaci\u00f3 de l\u2019educaci\u00f3.<\/p>\n<blockquote><p>Un entorn virtual no \u00e9s una classe presencial, per aquest motiu no es poden gestionar el temps i l\u2019espai de la mateixa manera. L\u2019educaci\u00f3 digital no \u00e9s la digitalitzaci\u00f3 de l\u2019educaci\u00f3<\/p><\/blockquote>\n<p>Ens trobem davant d\u2019un gran repte que afecta tota la comunitat educativa, i segur que l\u2019afrontarem millor si desenvolupem la compet\u00e8ncia digital dels diversos integrants:<\/p>\n<ul>\n<li><em>Compet\u00e8ncia digital de l\u2019alumnat (CDA):<\/em> volem que l\u2019alumnat disposi del nombre m\u00e9s elevat possible de compet\u00e8ncies que l\u2019ajudin a desenvolupar-se des dels punts de vista personal i social en el nou ecosistema comunicatiu de la societat actual. Avui podem educar per treure dels llibres i de les pantalles el millor que ens puguin oferir.<\/li>\n<li><em>Compet\u00e8ncia digital docent (CDD):<\/em> cal aprofitar la personalitzaci\u00f3 de l\u2019aprenentatge i l\u2019aprenentatge social per oferir instruments que ens ajudin a aprendre de manera cr\u00edtica al llarg de tota la vida. Molts docents han estat compartint experi\u00e8ncies, preocupacions i recursos digitals tot col\u00b7laborant i teixint xarxes.<\/li>\n<li><em>Compet\u00e8ncia digital del centre (CDC):<\/em> cada centre educatiu ha de concretar el seu equip impulsor, l\u2019estructura que tindr\u00e0 i l\u2019estrat\u00e8gia que seguir\u00e0 al llarg del temps per aconseguir els objectius perseguits tamb\u00e9 en els sistemes h\u00edbrids, a m\u00e9s de determinar les maneres d\u2019avaluar els objectius, els processos i els aprenentatges.<\/li>\n<li><em>Compet\u00e8ncia digital de les fam\u00edlies (CDF):<\/em> l\u2019alfabetitzaci\u00f3 digital de les fam\u00edlies \u00e9s molt important per empoderar-se davant dels nous mitjans, per ajudar a construir criteris al jovent des del coneixement i per fer arribar a empreses i a institucions la petici\u00f3 d\u2019afavorir usos \u00e8tics, informats i transparents.<\/li>\n<li><em>Compet\u00e8ncia digital de l\u2019entorn (CDE):<\/em> cal que disposem d\u2019aportacions t\u00e8cniques, culturals i actitudinals d\u2019entitats com ara biblioteques, museus, escoles de persones adultes, extraescolars, centres c\u00edvics o FabLabs, tallers de creaci\u00f3 i fabricaci\u00f3.<\/li>\n<\/ul>\n<p>Necessitem la implicaci\u00f3 i el comprom\u00eds de pol\u00edtiques actives en els diferents nivells de concreci\u00f3 (disseny curricular, formaci\u00f3 docent, lideratge enfocat a objectius, acompanyament a fam\u00edlies, inversi\u00f3 en infraestructures, etc.) per reduir les bretxes digitals, que se sumen a les altres desigualtats socials ja existents a la nostra societat (quadre 1).<\/p>\n<ol>\n<li>Alumnat<\/li>\n<li>Docents<\/li>\n<li>Centre educatiu<\/li>\n<li>Fam\u00edlies<\/li>\n<li>Entorn<\/li>\n<\/ol>\n<p><a href=\"https:\/\/nostalgic-ishizaka.82-223-1-47.plesk.page\/grao\/wp-content\/uploads\/sites\/31\/2021\/05\/Quadre1.jpg\"><img fetchpriority=\"high\" decoding=\"async\" class=\"aligncenter wp-image-6030 size-large\" src=\"https:\/\/nostalgic-ishizaka.82-223-1-47.plesk.page\/grao\/wp-content\/uploads\/sites\/31\/2021\/05\/Quadre1-1024x677.jpg\" alt=\"\" width=\"1024\" height=\"677\" srcset=\"https:\/\/diarieducacio.cat\/grao\/wp-content\/uploads\/sites\/31\/2021\/05\/Quadre1-1024x677.jpg 1024w, https:\/\/diarieducacio.cat\/grao\/wp-content\/uploads\/sites\/31\/2021\/05\/Quadre1-300x198.jpg 300w, https:\/\/diarieducacio.cat\/grao\/wp-content\/uploads\/sites\/31\/2021\/05\/Quadre1-768x508.jpg 768w, https:\/\/diarieducacio.cat\/grao\/wp-content\/uploads\/sites\/31\/2021\/05\/Quadre1-1536x1016.jpg 1536w, https:\/\/diarieducacio.cat\/grao\/wp-content\/uploads\/sites\/31\/2021\/05\/Quadre1-150x99.jpg 150w, https:\/\/diarieducacio.cat\/grao\/wp-content\/uploads\/sites\/31\/2021\/05\/Quadre1-450x298.jpg 450w, https:\/\/diarieducacio.cat\/grao\/wp-content\/uploads\/sites\/31\/2021\/05\/Quadre1-1200x794.jpg 1200w, https:\/\/diarieducacio.cat\/grao\/wp-content\/uploads\/sites\/31\/2021\/05\/Quadre1.jpg 1789w\" sizes=\"(max-width: 1024px) 100vw, 1024px\" \/><\/a><\/p>\n<p>&nbsp;<\/p>\n<blockquote><p>Tenim tres bretxes per superar: la d\u2019acc\u00e9s (m\u00f2bil, tauleta, ordinador, etc.), la d\u2019\u00fas (aplicacions i continguts) i la d\u2019aprofitament del m\u00f3n digital<\/p><\/blockquote>\n<p>L\u2019educaci\u00f3 digital comporta desenvolupar les compet\u00e8ncies per poder triar des del coneixement la manera com volem viure la cultura i exercir la ciutadania digital. Tenim tres bretxes per superar: la d\u2019acc\u00e9s (m\u00f2bil, tauleta, ordinador, etc.), la d\u2019\u00fas (aplicacions i continguts) i la d\u2019aprofitament del m\u00f3n digital. Normalment ens fixem m\u00e9s en la primera perqu\u00e8 \u00e9s la m\u00e9s visible, per\u00f2 per si sola no garanteix el nostre dret a l\u2019educaci\u00f3. Al quadre 2 hi mostrem els \u00e0mbits que podem desenvolupar de manera complement\u00e0ria en una societat digital.<\/p>\n<p><a href=\"https:\/\/nostalgic-ishizaka.82-223-1-47.plesk.page\/grao\/wp-content\/uploads\/sites\/31\/2021\/05\/Quadre2.jpg\"><img decoding=\"async\" class=\"aligncenter wp-image-6031 size-large\" src=\"https:\/\/nostalgic-ishizaka.82-223-1-47.plesk.page\/grao\/wp-content\/uploads\/sites\/31\/2021\/05\/Quadre2-1024x860.jpg\" alt=\"\" width=\"1024\" height=\"860\" srcset=\"https:\/\/diarieducacio.cat\/grao\/wp-content\/uploads\/sites\/31\/2021\/05\/Quadre2-1024x860.jpg 1024w, https:\/\/diarieducacio.cat\/grao\/wp-content\/uploads\/sites\/31\/2021\/05\/Quadre2-300x252.jpg 300w, https:\/\/diarieducacio.cat\/grao\/wp-content\/uploads\/sites\/31\/2021\/05\/Quadre2-768x645.jpg 768w, https:\/\/diarieducacio.cat\/grao\/wp-content\/uploads\/sites\/31\/2021\/05\/Quadre2-1536x1290.jpg 1536w, https:\/\/diarieducacio.cat\/grao\/wp-content\/uploads\/sites\/31\/2021\/05\/Quadre2-150x126.jpg 150w, https:\/\/diarieducacio.cat\/grao\/wp-content\/uploads\/sites\/31\/2021\/05\/Quadre2-450x378.jpg 450w, https:\/\/diarieducacio.cat\/grao\/wp-content\/uploads\/sites\/31\/2021\/05\/Quadre2-1200x1008.jpg 1200w, https:\/\/diarieducacio.cat\/grao\/wp-content\/uploads\/sites\/31\/2021\/05\/Quadre2.jpg 1815w\" sizes=\"(max-width: 1024px) 100vw, 1024px\" \/><\/a><\/p>\n<blockquote><p>Cal desenvolupar el pensament cr\u00edtic enfront dels mitjans de comunicaci\u00f3 i de les plataformes, que estan immerses en l\u2019economia de l\u2019atenci\u00f3 i de vigil\u00e0ncia<\/p><\/blockquote>\n<p>Des del punt de vista de l\u2019aprenentatge sembla desitjable que l\u2019alumnat utilitzi textos, m\u00fasiques, audiovisuals o aplicacions que tingui a l\u2019abast a Internet, que aprofiti la capacitat d\u2019interactuar amb persones afins i que sigui capa\u00e7 de compartir els seus propis continguts. Per\u00f2 hem de construir criteri perqu\u00e8 els nois i noies s\u00e0piguen seleccionar entre les diferents fonts directes i indirectes segons la credibilitat que tinguin, a m\u00e9s de con\u00e8ixer els drets d\u2019autoria i la propietat intel\u00b7lectual. Cal desenvolupar el pensament cr\u00edtic enfront dels mitjans de comunicaci\u00f3 i de les plataformes, que estan immerses en l\u2019economia de l\u2019atenci\u00f3 i de vigil\u00e0ncia.<\/p>\n<p>Al mateix temps, s\u2019han de saber moure pel territori on dediquen una bona part del seu consum cultural. Han de disposar de les eines necess\u00e0ries per reaccionar davant de situacions indesitjables com ara l\u2019acc\u00e9s a contingut inapropiat o el ciberassetjament. Han de ser capa\u00e7os de gestionar emocionalment la seva privacitat, el concepte d\u2019amistat, els discursos d\u2019odi, els reptes virals o el postureig. Han de con\u00e8ixer com cal que gestionin amb seguretat la identitat digital i com aquesta pot afectar el seu futur professional. I entendre els nous termes utilitzats en un entorn canviant:<em> influencer, streamer, gamer, hater, stalkear, crush, booktuber&#8230;<\/em><\/p>\n<h4><strong>Experi\u00e8ncies significatives diverses a prim\u00e0ria<\/strong><\/h4>\n<p>Durant el temps de pand\u00e8mia que ens ha tocat viure, molts centres formatius amb caracter\u00edstiques distintes han sabut donar respostes diverses a les necessitats de l\u2019alumnat i de les seves fam\u00edlies. S\u00f3n nombroses les experi\u00e8ncies educatives interessants que han sorgit que posen en joc la innovaci\u00f3 i la creativitat. Es troben a l\u2019abast de qualsevol centre educatiu i mostren un vincle proactiu i significatiu amb el context quan l\u2019\u00fas d\u2019Internet i de les tecnologies ajuden a donar sentit i valor a l\u2019aprenentatge.<\/p>\n<h5>1. #VerdaguerObert: Mantenir el vincle durant el confinament mitjan\u00e7ant propostes di\u00e0ries<\/h5>\n<p><a href=\"https:\/\/nostalgic-ishizaka.82-223-1-47.plesk.page\/grao\/wp-content\/uploads\/sites\/31\/2021\/05\/1N.jpg\"><img decoding=\"async\" class=\"alignright wp-image-6020 size-thumbnail\" src=\"https:\/\/nostalgic-ishizaka.82-223-1-47.plesk.page\/grao\/wp-content\/uploads\/sites\/31\/2021\/05\/1N-150x150.jpg\" alt=\"\" width=\"150\" height=\"150\" srcset=\"https:\/\/diarieducacio.cat\/grao\/wp-content\/uploads\/sites\/31\/2021\/05\/1N-150x150.jpg 150w, https:\/\/diarieducacio.cat\/grao\/wp-content\/uploads\/sites\/31\/2021\/05\/1N-300x300.jpg 300w, https:\/\/diarieducacio.cat\/grao\/wp-content\/uploads\/sites\/31\/2021\/05\/1N-1024x1024.jpg 1024w, https:\/\/diarieducacio.cat\/grao\/wp-content\/uploads\/sites\/31\/2021\/05\/1N-768x768.jpg 768w, https:\/\/diarieducacio.cat\/grao\/wp-content\/uploads\/sites\/31\/2021\/05\/1N-450x450.jpg 450w, https:\/\/diarieducacio.cat\/grao\/wp-content\/uploads\/sites\/31\/2021\/05\/1N-1200x1200.jpg 1200w, https:\/\/diarieducacio.cat\/grao\/wp-content\/uploads\/sites\/31\/2021\/05\/1N.jpg 1312w\" sizes=\"(max-width: 150px) 100vw, 150px\" \/><\/a>L\u2019escola Jacint Verdaguer, un centre p\u00fablic d\u2019infantil i prim\u00e0ria d\u2019un barri obrer del Prat de Llobregat, es va transformar per donar resposta educativa, emocional i social a 480 alumnes i a les seves fam\u00edlies en plena pand\u00e8mia. Els quinze dies de tancament previstos es van allargar fins a m\u00e9s de cent i alguns canvis introdu\u00efts hi continuen vigents i romandran en l\u2019organitzaci\u00f3 i la metodologia de treball en el futur.<\/p>\n<ul>\n<li>Eines utilitzades: XTEC Nodes, Google Drive, Google Classroom, Genially, Facebook i Telegram.<\/li>\n<li>Enlla\u00e7 a l\u2019experi\u00e8ncia:\u00a0<a href=\"https:\/\/agora.xtec.cat\/ceipjaveprat\/categoria\/curs-19-20\/joemquedoacasa\/\" target=\"_blank\" rel=\"noopener\">https:\/\/agora.xtec.cat\/ceipjaveprat\/categoria\/curs-19-20\/joemquedoacasa\/<\/a><\/li>\n<\/ul>\n<h5>2. Imagina, programa, comparteix!: L\u2019Scratch com a eina d\u2019aprenentatge al servei de la comunitat<\/h5>\n<p><a href=\"https:\/\/nostalgic-ishizaka.82-223-1-47.plesk.page\/grao\/wp-content\/uploads\/sites\/31\/2021\/05\/QR3.png\"><img loading=\"lazy\" decoding=\"async\" class=\"alignright size-thumbnail wp-image-6021\" src=\"https:\/\/nostalgic-ishizaka.82-223-1-47.plesk.page\/grao\/wp-content\/uploads\/sites\/31\/2021\/05\/QR3-150x150.png\" alt=\"\" width=\"150\" height=\"150\" srcset=\"https:\/\/diarieducacio.cat\/grao\/wp-content\/uploads\/sites\/31\/2021\/05\/QR3-150x150.png 150w, https:\/\/diarieducacio.cat\/grao\/wp-content\/uploads\/sites\/31\/2021\/05\/QR3-300x300.png 300w, https:\/\/diarieducacio.cat\/grao\/wp-content\/uploads\/sites\/31\/2021\/05\/QR3-1024x1024.png 1024w, https:\/\/diarieducacio.cat\/grao\/wp-content\/uploads\/sites\/31\/2021\/05\/QR3-768x768.png 768w, https:\/\/diarieducacio.cat\/grao\/wp-content\/uploads\/sites\/31\/2021\/05\/QR3-450x450.png 450w, https:\/\/diarieducacio.cat\/grao\/wp-content\/uploads\/sites\/31\/2021\/05\/QR3-1200x1200.png 1200w, https:\/\/diarieducacio.cat\/grao\/wp-content\/uploads\/sites\/31\/2021\/05\/QR3.png 1312w\" sizes=\"(max-width: 150px) 100vw, 150px\" \/><\/a>\u00c9s una experi\u00e8ncia d\u2019aprenentatge servei que respecta els grups bombolla. Mitjan\u00e7ant el llenguatge de programaci\u00f3 Scratch, l\u2019alumnat de prim\u00e0ria crea jocs totalment personalitzats per a cadascun dels companys i les companyes que tenen necessitats educatives especials, aix\u00ed poden donar continu\u00eftat a les jornades d\u2019inclusi\u00f3 en temps de pand\u00e8mia. La tecnologia al servei de l\u2019aprenentatge i de la societat com una eina d\u2019inclusi\u00f3 educativa.<\/p>\n<ul>\n<li>Eines utilitzades: Scratch i Microsoft Teams.<\/li>\n<li>Enlla\u00e7 a l\u2019experi\u00e8ncia: <a href=\"https:\/\/blog.sagratcorsarria.com\/?p=2967\" target=\"_blank\" rel=\"noopener\">https:\/\/blog.sagratcorsarria.com\/?p=2967<\/a><\/li>\n<\/ul>\n<h5>3. Les ones de casa teva: Projecte d\u2019investigaci\u00f3 de l\u2019\u00e0mbit d\u2019estudi dom\u00e8stic<\/h5>\n<p><a href=\"https:\/\/nostalgic-ishizaka.82-223-1-47.plesk.page\/grao\/wp-content\/uploads\/sites\/31\/2021\/05\/2n.png\"><img loading=\"lazy\" decoding=\"async\" class=\"alignright size-thumbnail wp-image-6022\" src=\"https:\/\/nostalgic-ishizaka.82-223-1-47.plesk.page\/grao\/wp-content\/uploads\/sites\/31\/2021\/05\/2n-150x150.png\" alt=\"\" width=\"150\" height=\"150\" srcset=\"https:\/\/diarieducacio.cat\/grao\/wp-content\/uploads\/sites\/31\/2021\/05\/2n-150x149.png 150w, https:\/\/diarieducacio.cat\/grao\/wp-content\/uploads\/sites\/31\/2021\/05\/2n-300x298.png 300w, https:\/\/diarieducacio.cat\/grao\/wp-content\/uploads\/sites\/31\/2021\/05\/2n-768x763.png 768w, https:\/\/diarieducacio.cat\/grao\/wp-content\/uploads\/sites\/31\/2021\/05\/2n-450x447.png 450w, https:\/\/diarieducacio.cat\/grao\/wp-content\/uploads\/sites\/31\/2021\/05\/2n.png 883w\" sizes=\"(max-width: 150px) 100vw, 150px\" \/><\/a>El CEIP San Sebasti\u00e1n, d\u2019Archidona (M\u00e0laga), \u00e9s un centre que gaudeix d\u2019una traject\u00f2ria de diversos anys en l\u2019\u00fas de l\u2019aprenentatge servei i de l\u2019aprenentatge basat en projectes relacionats amb el medi. La pand\u00e8mia va introduir una nova realitat en les tasques de les alumnes i dels alumnes. El fet de no poder sortir de casa i d\u2019estar hores treballant en un espai que en molts casos no reunia les caracter\u00edstiques m\u00ednimes necess\u00e0ries per estudiar, ens va fer plantejar aquest projecte amb vocaci\u00f3 de servei. Gr\u00e0cies a l\u2019estudi de les condicions dels seus \u00e0mbits de treball dom\u00e8stics, les van poder millorar, al mateix temps que van tractar aspectes del curr\u00edculum escolar.<\/p>\n<ul>\n<li>Eines utilitzades: Moodle, Google Meet, GoConqr, Arduino SJ, Liveworksheets, Wifi Analyzer i Son\u00f3metro.<\/li>\n<li>Enlla\u00e7 a l\u2019experi\u00e8ncia: <a href=\"https:\/\/sites.google.com\/ceipsansebastian.net\/las-ondas-de-tu-casa\/p%C3%A1gina-principal\" target=\"_blank\" rel=\"noopener\">https:\/\/sites.google.com\/ceipsansebastian.net\/las-ondas-de-tu-casa\/p%C3%A1gina-principal<\/a><\/li>\n<\/ul>\n<h5>4. Aprendre, participar i socialitzar en temps de confinament: Experi\u00e8ncies en entorns virtuals amb alumnes amb malalties<\/h5>\n<p><a href=\"https:\/\/nostalgic-ishizaka.82-223-1-47.plesk.page\/grao\/wp-content\/uploads\/sites\/31\/2021\/05\/3N.jpg\"><img loading=\"lazy\" decoding=\"async\" class=\"alignright size-thumbnail wp-image-6023\" src=\"https:\/\/nostalgic-ishizaka.82-223-1-47.plesk.page\/grao\/wp-content\/uploads\/sites\/31\/2021\/05\/3N-150x150.jpg\" alt=\"\" width=\"150\" height=\"150\" srcset=\"https:\/\/diarieducacio.cat\/grao\/wp-content\/uploads\/sites\/31\/2021\/05\/3N-150x150.jpg 150w, https:\/\/diarieducacio.cat\/grao\/wp-content\/uploads\/sites\/31\/2021\/05\/3N-300x300.jpg 300w, https:\/\/diarieducacio.cat\/grao\/wp-content\/uploads\/sites\/31\/2021\/05\/3N-1024x1024.jpg 1024w, https:\/\/diarieducacio.cat\/grao\/wp-content\/uploads\/sites\/31\/2021\/05\/3N-768x768.jpg 768w, https:\/\/diarieducacio.cat\/grao\/wp-content\/uploads\/sites\/31\/2021\/05\/3N-1536x1536.jpg 1536w, https:\/\/diarieducacio.cat\/grao\/wp-content\/uploads\/sites\/31\/2021\/05\/3N-450x450.jpg 450w, https:\/\/diarieducacio.cat\/grao\/wp-content\/uploads\/sites\/31\/2021\/05\/3N-1200x1200.jpg 1200w, https:\/\/diarieducacio.cat\/grao\/wp-content\/uploads\/sites\/31\/2021\/05\/3N.jpg 1696w\" sizes=\"(max-width: 150px) 100vw, 150px\" \/><\/a>Les aules hospital\u00e0ries i l\u2019atenci\u00f3 domicili\u00e0ria tenen per objectiu educar en moments de crisi sanit\u00e0ria individual. L\u2019experi\u00e8ncia amb el col\u00b7lectiu d\u2019escolars que travessen situacions menys visibles d\u2019\u00abaltres confinaments\u00bb pot ajudar uns altres professionals a aplicar experi\u00e8ncies d\u2019aprenentatge memorables i de socialitzaci\u00f3 entre iguals en aquesta \u00e8poca de pand\u00e8mia generalitzada.<\/p>\n<ul>\n<li>Eines utilitzades: Moodle, Science Journal App, Google Sites, Genially i Thinglink.<\/li>\n<li>Enlla\u00e7os a l\u2019experi\u00e8ncia: <a href=\"http:\/\/saeddiversidad.murciaeduca.es\" target=\"_blank\" rel=\"noopener\">saeddiversidad.murciaeduca.es<\/a> i \u00a0<a href=\"http:\/\/www.murciaeduca.es\/eaehd\/sitio\/\" target=\"_blank\" rel=\"noopener\">www.murciaeduca.es\/eaehd\/sitio\/<\/a><\/li>\n<\/ul>\n<p>Les experi\u00e8ncies mostrades constitueixen uns bons exemples per entendre de quina manera les eines digitals ens ajuden a aconseguir els nostres objectius i a redefinir-los generant escenaris d\u2019aprenentatge. En molts casos comporten l\u2019experimentaci\u00f3 de canvis en la cultura docent: metodologia; comunicaci\u00f3 entre alumnes, amb les fam\u00edlies i l\u2019entorn; a m\u00e9s d\u2019acompanyament emocional per gestionar la incertesa, la personalitzaci\u00f3 i l\u2019orientaci\u00f3 de l\u2019aprenentatge en l\u2019entorn digital. I en tots els casos el bon \u00fas de la tecnologia ens hi pot ajudar. Si els canvis s\u00f3n positius, han obert les portes per quedar-se entre nosaltres.<\/p>\n<h4><strong>L\u2019assignatura de cultura digital a l\u2019ESO<\/strong><\/h4>\n<p>Abans de la pand\u00e8mia, la Generalitat Valenciana va comen\u00e7ar a gestar l\u2019assignatura optativa de cultura digital destinada a l\u2019educaci\u00f3 secund\u00e0ria obligat\u00f2ria. Amb l\u2019objectiu d\u2019escur\u00e7ar la bretxa digital en refer\u00e8ncia a l\u2019acc\u00e9s, l\u2019\u00fas i l\u2019aprofitament de les tecnologies, pret\u00e9n dotar l\u2019alumnat de les eines que necessitar\u00e0 per transitar per un m\u00f3n hiperconnectat. A partir de preguntes obertes per realitzar la presa de consci\u00e8ncia individual i el treball col\u00b7laboratiu, vol contribuir a promoure el desenvolupament personal, social i, a la llarga, laboral mitjan\u00e7ant un projecte comunicatiu interdisciplinari en contextos estimuladors.<\/p>\n<p><strong>A partir de preguntes obertes es vol contribuir a promoure el desenvolupament personal, social i laboral mitjan\u00e7ant un projecte comunicatiu interdisciplinari<\/strong><\/p>\n<p>Desenvolupa continguts de la cultura digital organitzats en deu unitats did\u00e0ctiques (1): \u00abLa vida amb Internet\u00bb; \u00abIdentitat personal: Quina \u00e9s la meva autoimatge a les xarxes?\u00bb; \u00abEmocions connectades: Qu\u00e8 \u00e9s un amic a Internet?\u00bb; \u00abLa lectura a la xarxa: T\u00e8cniques de recerca i lectura digital\u00bb; \u00abLes not\u00edcies falses: Webs verificadors i contrast de dades\u00bb; \u00abMitjans i narratives transm\u00e8dia: Som persones m\u00e9s creatives?\u00bb; \u00abEl treball en un m\u00f3n digital: Habilitats digitals del segle XXI\u00bb; \u00abLes difer\u00e8ncies socials: Discursos d\u2019odi i malestar digital\u00bb; \u00abTecnologia per a la sostenibilitat: Tractar l\u2019emerg\u00e8ncia clim\u00e0tica amb eines digitals\u00bb, i \u00abAlfabetitzaci\u00f3 visual i informacional\u00bb.<\/p>\n<p>Inclou el passaport digital de l\u2019alumnat, que \u00e9s un portafolis que serveix perqu\u00e8 s\u2019autoavalu\u00ef responent preguntes del tipus: \u00abqu\u00e8 n\u2019hem apr\u00e8s\u00bb, \u00abquins conceptes hi hem tractat?\u00bb i \u00abquines compet\u00e8ncies clau hi hem treballat?\u00bb. Pret\u00e9n dotar de significat uns entorns amb els quals els nostres estudiants conviuen di\u00e0riament. A quart d\u2019ESO es proposa elaborar un projecte final d\u2019emprenedoria social en format cooperatiu que empra la metodologia de pensament de dissenyador (en angl\u00e8s, <em>design thinking<\/em>) al voltant de la pregunta \u00abI jo qu\u00e8 puc fer per millorar la societat?\u00bb. Les seves propostes did\u00e0ctiques interdisciplin\u00e0ries han de servir per ajudar a conscienciar, con\u00e8ixer opcions i prendre decisions a partir del coneixement.<\/p>\n<hr \/>\n<h6>Nota<\/h6>\n<h6>1. Les unitats did\u00e0ctiques estan disponibles al Rebost Digital (<a href=\"http:\/\/www.rebostdigital.gva.es\/cultura-digital\/\" target=\"_blank\" rel=\"noopener\">www.rebostdigital.gva.es\/cultura-digital\/<\/a>).<\/h6>\n<p>&nbsp;<\/p>\n","protected":false},"excerpt":{"rendered":"<p>Les tecnologies socials s\u00f3n avui ben presents a la nostra societat. Ens brinden noves possibilitats en refer\u00e8ncia a la manera de viure l\u2019aprenentatge, la comunicaci\u00f3 i la cultura. Aix\u00ed, la introducci\u00f3 de l\u2019educaci\u00f3 digital en el curr\u00edculum escolar ha d\u2019anar m\u00e9s enll\u00e0 de la reproducci\u00f3 de pr\u00e0ctiques habituals. La pand\u00e8mia ha representat una oportunitat per reflexionar sobre les nostres necessitats educatives en el nou present.<\/p>\n","protected":false},"author":574,"featured_media":6029,"comment_status":"open","ping_status":"closed","sticky":false,"template":"","format":"standard","meta":{"footnotes":""},"categories":[445,446],"tags":[437,438,439,125,205,440,441,442,443,444],"tipo":[487],"class_list":{"0":"post-6009","1":"post","2":"type-post","3":"status-publish","4":"format-standard","5":"has-post-thumbnail","7":"category-tractament-de-la-informacio-i-competencia-digital","8":"category-us-de-les-tic","9":"tag-aprenentatge","10":"tag-ciutadania","11":"tag-competencia","12":"tag-comunicacio","13":"tag-cultura","14":"tag-digitalitzacio","15":"tag-educacio-digital","16":"tag-internet","17":"tag-pandemia","18":"tag-tecnologia","19":"tipo-analisi"},"yoast_head":"<!-- This site is optimized with the Yoast SEO plugin v27.5 - https:\/\/yoast.com\/product\/yoast-seo-wordpress\/ -->\n<title>L&#039;educaci\u00f3 digital en temps de pand\u00e8mia - L&#039;escola gra\u00f3 a gra\u00f3<\/title>\n<meta name=\"robots\" content=\"index, follow, max-snippet:-1, max-image-preview:large, max-video-preview:-1\" \/>\n<link rel=\"canonical\" href=\"https:\/\/diarieducacio.cat\/grao\/2021\/05\/20\/leducacio-digital-en-temps-de-pandemia\/\" \/>\n<meta property=\"og:locale\" content=\"ca_ES\" \/>\n<meta property=\"og:type\" content=\"article\" \/>\n<meta property=\"og:title\" content=\"L&#039;educaci\u00f3 digital en temps de pand\u00e8mia - L&#039;escola gra\u00f3 a gra\u00f3\" \/>\n<meta property=\"og:description\" content=\"Les tecnologies socials s\u00f3n avui ben presents a la nostra societat. Ens brinden noves possibilitats en refer\u00e8ncia a la manera de viure l\u2019aprenentatge, la comunicaci\u00f3 i la cultura. Aix\u00ed, la introducci\u00f3 de l\u2019educaci\u00f3 digital en el curr\u00edculum escolar ha d\u2019anar m\u00e9s enll\u00e0 de la reproducci\u00f3 de pr\u00e0ctiques habituals. La pand\u00e8mia ha representat una oportunitat per reflexionar sobre les nostres necessitats educatives en el nou present.\" \/>\n<meta property=\"og:url\" content=\"https:\/\/diarieducacio.cat\/grao\/2021\/05\/20\/leducacio-digital-en-temps-de-pandemia\/\" \/>\n<meta property=\"og:site_name\" content=\"L&#039;escola gra\u00f3 a gra\u00f3\" \/>\n<meta property=\"article:published_time\" content=\"2021-05-20T22:03:34+00:00\" \/>\n<meta property=\"article:modified_time\" content=\"2024-05-13T16:30:28+00:00\" \/>\n<meta property=\"og:image\" content=\"https:\/\/diarieducacio.cat\/grao\/wp-content\/uploads\/sites\/31\/2021\/05\/100950_02.jpg\" \/>\n\t<meta property=\"og:image:width\" content=\"2362\" \/>\n\t<meta property=\"og:image:height\" content=\"2362\" \/>\n\t<meta property=\"og:image:type\" content=\"image\/jpeg\" \/>\n<meta name=\"author\" content=\"Jordi Jubany i Vila\" \/>\n<meta name=\"twitter:card\" content=\"summary_large_image\" \/>\n<meta name=\"twitter:label1\" content=\"Escrit per\" \/>\n\t<meta name=\"twitter:data1\" content=\"Jordi Jubany i Vila\" \/>\n\t<meta name=\"twitter:label2\" content=\"Temps estimat de lectura\" \/>\n\t<meta name=\"twitter:data2\" content=\"12 minuts\" \/>\n<script type=\"application\/ld+json\" class=\"yoast-schema-graph\">{\"@context\":\"https:\\\/\\\/schema.org\",\"@graph\":[{\"@type\":\"Article\",\"@id\":\"https:\\\/\\\/diarieducacio.cat\\\/grao\\\/2021\\\/05\\\/20\\\/leducacio-digital-en-temps-de-pandemia\\\/#article\",\"isPartOf\":{\"@id\":\"https:\\\/\\\/diarieducacio.cat\\\/grao\\\/2021\\\/05\\\/20\\\/leducacio-digital-en-temps-de-pandemia\\\/\"},\"author\":{\"name\":\"Jordi Jubany i Vila\",\"@id\":\"https:\\\/\\\/diarieducacio.cat\\\/grao\\\/#\\\/schema\\\/person\\\/0740d125ce3fbd6542e4433b34e8077f\"},\"headline\":\"L&#8217;educaci\u00f3 digital en temps de pand\u00e8mia\",\"datePublished\":\"2021-05-20T22:03:34+00:00\",\"dateModified\":\"2024-05-13T16:30:28+00:00\",\"mainEntityOfPage\":{\"@id\":\"https:\\\/\\\/diarieducacio.cat\\\/grao\\\/2021\\\/05\\\/20\\\/leducacio-digital-en-temps-de-pandemia\\\/\"},\"wordCount\":2484,\"commentCount\":0,\"image\":{\"@id\":\"https:\\\/\\\/diarieducacio.cat\\\/grao\\\/2021\\\/05\\\/20\\\/leducacio-digital-en-temps-de-pandemia\\\/#primaryimage\"},\"thumbnailUrl\":\"https:\\\/\\\/diarieducacio.cat\\\/grao\\\/wp-content\\\/uploads\\\/sites\\\/31\\\/2021\\\/05\\\/100950_02.jpg\",\"keywords\":[\"aprenentatge\",\"ciutadania\",\"compet\u00e8ncia\",\"Comunicaci\u00f3\",\"cultura\",\"digitalitzaci\u00f3\",\"educaci\u00f3 digital\",\"Internet\",\"pand\u00e8mia\",\"tecnologia\"],\"articleSection\":[\"Tractament de la informaci\u00f3 i compet\u00e8ncia digital\",\"\u00das de les TIC\"],\"inLanguage\":\"ca\",\"potentialAction\":[{\"@type\":\"CommentAction\",\"name\":\"Comment\",\"target\":[\"https:\\\/\\\/diarieducacio.cat\\\/grao\\\/2021\\\/05\\\/20\\\/leducacio-digital-en-temps-de-pandemia\\\/#respond\"]}]},{\"@type\":\"WebPage\",\"@id\":\"https:\\\/\\\/diarieducacio.cat\\\/grao\\\/2021\\\/05\\\/20\\\/leducacio-digital-en-temps-de-pandemia\\\/\",\"url\":\"https:\\\/\\\/diarieducacio.cat\\\/grao\\\/2021\\\/05\\\/20\\\/leducacio-digital-en-temps-de-pandemia\\\/\",\"name\":\"L'educaci\u00f3 digital en temps de pand\u00e8mia - L'escola gra\u00f3 a gra\u00f3\",\"isPartOf\":{\"@id\":\"https:\\\/\\\/diarieducacio.cat\\\/grao\\\/#website\"},\"primaryImageOfPage\":{\"@id\":\"https:\\\/\\\/diarieducacio.cat\\\/grao\\\/2021\\\/05\\\/20\\\/leducacio-digital-en-temps-de-pandemia\\\/#primaryimage\"},\"image\":{\"@id\":\"https:\\\/\\\/diarieducacio.cat\\\/grao\\\/2021\\\/05\\\/20\\\/leducacio-digital-en-temps-de-pandemia\\\/#primaryimage\"},\"thumbnailUrl\":\"https:\\\/\\\/diarieducacio.cat\\\/grao\\\/wp-content\\\/uploads\\\/sites\\\/31\\\/2021\\\/05\\\/100950_02.jpg\",\"datePublished\":\"2021-05-20T22:03:34+00:00\",\"dateModified\":\"2024-05-13T16:30:28+00:00\",\"author\":{\"@id\":\"https:\\\/\\\/diarieducacio.cat\\\/grao\\\/#\\\/schema\\\/person\\\/0740d125ce3fbd6542e4433b34e8077f\"},\"breadcrumb\":{\"@id\":\"https:\\\/\\\/diarieducacio.cat\\\/grao\\\/2021\\\/05\\\/20\\\/leducacio-digital-en-temps-de-pandemia\\\/#breadcrumb\"},\"inLanguage\":\"ca\",\"potentialAction\":[{\"@type\":\"ReadAction\",\"target\":[\"https:\\\/\\\/diarieducacio.cat\\\/grao\\\/2021\\\/05\\\/20\\\/leducacio-digital-en-temps-de-pandemia\\\/\"]}]},{\"@type\":\"ImageObject\",\"inLanguage\":\"ca\",\"@id\":\"https:\\\/\\\/diarieducacio.cat\\\/grao\\\/2021\\\/05\\\/20\\\/leducacio-digital-en-temps-de-pandemia\\\/#primaryimage\",\"url\":\"https:\\\/\\\/diarieducacio.cat\\\/grao\\\/wp-content\\\/uploads\\\/sites\\\/31\\\/2021\\\/05\\\/100950_02.jpg\",\"contentUrl\":\"https:\\\/\\\/diarieducacio.cat\\\/grao\\\/wp-content\\\/uploads\\\/sites\\\/31\\\/2021\\\/05\\\/100950_02.jpg\",\"width\":2362,\"height\":2362,\"caption\":\"Imatge 1. Mem de @yo_runner. (Font: www.instagram.com\\\/p\\\/ CFSTTqalph5\\\/)\"},{\"@type\":\"BreadcrumbList\",\"@id\":\"https:\\\/\\\/diarieducacio.cat\\\/grao\\\/2021\\\/05\\\/20\\\/leducacio-digital-en-temps-de-pandemia\\\/#breadcrumb\",\"itemListElement\":[{\"@type\":\"ListItem\",\"position\":1,\"name\":\"Inici\",\"item\":\"https:\\\/\\\/diarieducacio.cat\\\/grao\\\/\"},{\"@type\":\"ListItem\",\"position\":2,\"name\":\"L&#8217;educaci\u00f3 digital en temps de pand\u00e8mia\"}]},{\"@type\":\"WebSite\",\"@id\":\"https:\\\/\\\/diarieducacio.cat\\\/grao\\\/#website\",\"url\":\"https:\\\/\\\/diarieducacio.cat\\\/grao\\\/\",\"name\":\"L'escola gra\u00f3 a gra\u00f3\",\"description\":\"Un blog de El Diari de l&#039;Educaci\u00f3\",\"potentialAction\":[{\"@type\":\"SearchAction\",\"target\":{\"@type\":\"EntryPoint\",\"urlTemplate\":\"https:\\\/\\\/diarieducacio.cat\\\/grao\\\/?s={search_term_string}\"},\"query-input\":{\"@type\":\"PropertyValueSpecification\",\"valueRequired\":true,\"valueName\":\"search_term_string\"}}],\"inLanguage\":\"ca\"},{\"@type\":\"Person\",\"@id\":\"https:\\\/\\\/diarieducacio.cat\\\/grao\\\/#\\\/schema\\\/person\\\/0740d125ce3fbd6542e4433b34e8077f\",\"name\":\"Jordi Jubany i Vila\",\"image\":{\"@type\":\"ImageObject\",\"inLanguage\":\"ca\",\"@id\":\"https:\\\/\\\/secure.gravatar.com\\\/avatar\\\/f7460716edf0e86624c1dffbfb4da7411e5611026c7203f20c735500d68d2813?s=96&d=mm&r=g\",\"url\":\"https:\\\/\\\/secure.gravatar.com\\\/avatar\\\/f7460716edf0e86624c1dffbfb4da7411e5611026c7203f20c735500d68d2813?s=96&d=mm&r=g\",\"contentUrl\":\"https:\\\/\\\/secure.gravatar.com\\\/avatar\\\/f7460716edf0e86624c1dffbfb4da7411e5611026c7203f20c735500d68d2813?s=96&d=mm&r=g\",\"caption\":\"Jordi Jubany i Vila\"},\"url\":\"https:\\\/\\\/diarieducacio.cat\\\/grao\\\/author\\\/jubanyvila\\\/\"}]}<\/script>\n<!-- \/ Yoast SEO plugin. -->","yoast_head_json":{"title":"L'educaci\u00f3 digital en temps de pand\u00e8mia - L'escola gra\u00f3 a gra\u00f3","robots":{"index":"index","follow":"follow","max-snippet":"max-snippet:-1","max-image-preview":"max-image-preview:large","max-video-preview":"max-video-preview:-1"},"canonical":"https:\/\/diarieducacio.cat\/grao\/2021\/05\/20\/leducacio-digital-en-temps-de-pandemia\/","og_locale":"ca_ES","og_type":"article","og_title":"L'educaci\u00f3 digital en temps de pand\u00e8mia - L'escola gra\u00f3 a gra\u00f3","og_description":"Les tecnologies socials s\u00f3n avui ben presents a la nostra societat. Ens brinden noves possibilitats en refer\u00e8ncia a la manera de viure l\u2019aprenentatge, la comunicaci\u00f3 i la cultura. Aix\u00ed, la introducci\u00f3 de l\u2019educaci\u00f3 digital en el curr\u00edculum escolar ha d\u2019anar m\u00e9s enll\u00e0 de la reproducci\u00f3 de pr\u00e0ctiques habituals. La pand\u00e8mia ha representat una oportunitat per reflexionar sobre les nostres necessitats educatives en el nou present.","og_url":"https:\/\/diarieducacio.cat\/grao\/2021\/05\/20\/leducacio-digital-en-temps-de-pandemia\/","og_site_name":"L'escola gra\u00f3 a gra\u00f3","article_published_time":"2021-05-20T22:03:34+00:00","article_modified_time":"2024-05-13T16:30:28+00:00","og_image":[{"width":2362,"height":2362,"url":"https:\/\/diarieducacio.cat\/grao\/wp-content\/uploads\/sites\/31\/2021\/05\/100950_02.jpg","type":"image\/jpeg"}],"author":"Jordi Jubany i Vila","twitter_card":"summary_large_image","twitter_misc":{"Escrit per":"Jordi Jubany i Vila","Temps estimat de lectura":"12 minuts"},"schema":{"@context":"https:\/\/schema.org","@graph":[{"@type":"Article","@id":"https:\/\/diarieducacio.cat\/grao\/2021\/05\/20\/leducacio-digital-en-temps-de-pandemia\/#article","isPartOf":{"@id":"https:\/\/diarieducacio.cat\/grao\/2021\/05\/20\/leducacio-digital-en-temps-de-pandemia\/"},"author":{"name":"Jordi Jubany i Vila","@id":"https:\/\/diarieducacio.cat\/grao\/#\/schema\/person\/0740d125ce3fbd6542e4433b34e8077f"},"headline":"L&#8217;educaci\u00f3 digital en temps de pand\u00e8mia","datePublished":"2021-05-20T22:03:34+00:00","dateModified":"2024-05-13T16:30:28+00:00","mainEntityOfPage":{"@id":"https:\/\/diarieducacio.cat\/grao\/2021\/05\/20\/leducacio-digital-en-temps-de-pandemia\/"},"wordCount":2484,"commentCount":0,"image":{"@id":"https:\/\/diarieducacio.cat\/grao\/2021\/05\/20\/leducacio-digital-en-temps-de-pandemia\/#primaryimage"},"thumbnailUrl":"https:\/\/diarieducacio.cat\/grao\/wp-content\/uploads\/sites\/31\/2021\/05\/100950_02.jpg","keywords":["aprenentatge","ciutadania","compet\u00e8ncia","Comunicaci\u00f3","cultura","digitalitzaci\u00f3","educaci\u00f3 digital","Internet","pand\u00e8mia","tecnologia"],"articleSection":["Tractament de la informaci\u00f3 i compet\u00e8ncia digital","\u00das de les TIC"],"inLanguage":"ca","potentialAction":[{"@type":"CommentAction","name":"Comment","target":["https:\/\/diarieducacio.cat\/grao\/2021\/05\/20\/leducacio-digital-en-temps-de-pandemia\/#respond"]}]},{"@type":"WebPage","@id":"https:\/\/diarieducacio.cat\/grao\/2021\/05\/20\/leducacio-digital-en-temps-de-pandemia\/","url":"https:\/\/diarieducacio.cat\/grao\/2021\/05\/20\/leducacio-digital-en-temps-de-pandemia\/","name":"L'educaci\u00f3 digital en temps de pand\u00e8mia - L'escola gra\u00f3 a gra\u00f3","isPartOf":{"@id":"https:\/\/diarieducacio.cat\/grao\/#website"},"primaryImageOfPage":{"@id":"https:\/\/diarieducacio.cat\/grao\/2021\/05\/20\/leducacio-digital-en-temps-de-pandemia\/#primaryimage"},"image":{"@id":"https:\/\/diarieducacio.cat\/grao\/2021\/05\/20\/leducacio-digital-en-temps-de-pandemia\/#primaryimage"},"thumbnailUrl":"https:\/\/diarieducacio.cat\/grao\/wp-content\/uploads\/sites\/31\/2021\/05\/100950_02.jpg","datePublished":"2021-05-20T22:03:34+00:00","dateModified":"2024-05-13T16:30:28+00:00","author":{"@id":"https:\/\/diarieducacio.cat\/grao\/#\/schema\/person\/0740d125ce3fbd6542e4433b34e8077f"},"breadcrumb":{"@id":"https:\/\/diarieducacio.cat\/grao\/2021\/05\/20\/leducacio-digital-en-temps-de-pandemia\/#breadcrumb"},"inLanguage":"ca","potentialAction":[{"@type":"ReadAction","target":["https:\/\/diarieducacio.cat\/grao\/2021\/05\/20\/leducacio-digital-en-temps-de-pandemia\/"]}]},{"@type":"ImageObject","inLanguage":"ca","@id":"https:\/\/diarieducacio.cat\/grao\/2021\/05\/20\/leducacio-digital-en-temps-de-pandemia\/#primaryimage","url":"https:\/\/diarieducacio.cat\/grao\/wp-content\/uploads\/sites\/31\/2021\/05\/100950_02.jpg","contentUrl":"https:\/\/diarieducacio.cat\/grao\/wp-content\/uploads\/sites\/31\/2021\/05\/100950_02.jpg","width":2362,"height":2362,"caption":"Imatge 1. Mem de @yo_runner. (Font: www.instagram.com\/p\/ CFSTTqalph5\/)"},{"@type":"BreadcrumbList","@id":"https:\/\/diarieducacio.cat\/grao\/2021\/05\/20\/leducacio-digital-en-temps-de-pandemia\/#breadcrumb","itemListElement":[{"@type":"ListItem","position":1,"name":"Inici","item":"https:\/\/diarieducacio.cat\/grao\/"},{"@type":"ListItem","position":2,"name":"L&#8217;educaci\u00f3 digital en temps de pand\u00e8mia"}]},{"@type":"WebSite","@id":"https:\/\/diarieducacio.cat\/grao\/#website","url":"https:\/\/diarieducacio.cat\/grao\/","name":"L'escola gra\u00f3 a gra\u00f3","description":"Un blog de El Diari de l&#039;Educaci\u00f3","potentialAction":[{"@type":"SearchAction","target":{"@type":"EntryPoint","urlTemplate":"https:\/\/diarieducacio.cat\/grao\/?s={search_term_string}"},"query-input":{"@type":"PropertyValueSpecification","valueRequired":true,"valueName":"search_term_string"}}],"inLanguage":"ca"},{"@type":"Person","@id":"https:\/\/diarieducacio.cat\/grao\/#\/schema\/person\/0740d125ce3fbd6542e4433b34e8077f","name":"Jordi Jubany i Vila","image":{"@type":"ImageObject","inLanguage":"ca","@id":"https:\/\/secure.gravatar.com\/avatar\/f7460716edf0e86624c1dffbfb4da7411e5611026c7203f20c735500d68d2813?s=96&d=mm&r=g","url":"https:\/\/secure.gravatar.com\/avatar\/f7460716edf0e86624c1dffbfb4da7411e5611026c7203f20c735500d68d2813?s=96&d=mm&r=g","contentUrl":"https:\/\/secure.gravatar.com\/avatar\/f7460716edf0e86624c1dffbfb4da7411e5611026c7203f20c735500d68d2813?s=96&d=mm&r=g","caption":"Jordi Jubany i Vila"},"url":"https:\/\/diarieducacio.cat\/grao\/author\/jubanyvila\/"}]}},"_links":{"self":[{"href":"https:\/\/diarieducacio.cat\/grao\/wp-json\/wp\/v2\/posts\/6009","targetHints":{"allow":["GET"]}}],"collection":[{"href":"https:\/\/diarieducacio.cat\/grao\/wp-json\/wp\/v2\/posts"}],"about":[{"href":"https:\/\/diarieducacio.cat\/grao\/wp-json\/wp\/v2\/types\/post"}],"author":[{"embeddable":true,"href":"https:\/\/diarieducacio.cat\/grao\/wp-json\/wp\/v2\/users\/574"}],"replies":[{"embeddable":true,"href":"https:\/\/diarieducacio.cat\/grao\/wp-json\/wp\/v2\/comments?post=6009"}],"version-history":[{"count":1,"href":"https:\/\/diarieducacio.cat\/grao\/wp-json\/wp\/v2\/posts\/6009\/revisions"}],"predecessor-version":[{"id":6313,"href":"https:\/\/diarieducacio.cat\/grao\/wp-json\/wp\/v2\/posts\/6009\/revisions\/6313"}],"wp:featuredmedia":[{"embeddable":true,"href":"https:\/\/diarieducacio.cat\/grao\/wp-json\/wp\/v2\/media\/6029"}],"wp:attachment":[{"href":"https:\/\/diarieducacio.cat\/grao\/wp-json\/wp\/v2\/media?parent=6009"}],"wp:term":[{"taxonomy":"category","embeddable":true,"href":"https:\/\/diarieducacio.cat\/grao\/wp-json\/wp\/v2\/categories?post=6009"},{"taxonomy":"post_tag","embeddable":true,"href":"https:\/\/diarieducacio.cat\/grao\/wp-json\/wp\/v2\/tags?post=6009"},{"taxonomy":"tipo","embeddable":true,"href":"https:\/\/diarieducacio.cat\/grao\/wp-json\/wp\/v2\/tipo?post=6009"}],"curies":[{"name":"wp","href":"https:\/\/api.w.org\/{rel}","templated":true}]}}