{"id":6045,"date":"2021-09-13T21:21:27","date_gmt":"2021-09-13T21:21:27","guid":{"rendered":"https:\/\/diarieducacio.cat\/grao\/?p=6045"},"modified":"2024-05-13T18:30:28","modified_gmt":"2024-05-13T16:30:28","slug":"la-transferibilitat-de-les-evidencies-a-la-practica-educativa","status":"publish","type":"post","link":"https:\/\/diarieducacio.cat\/grao\/2021\/09\/13\/la-transferibilitat-de-les-evidencies-a-la-practica-educativa\/","title":{"rendered":"La transferibilitat de les evid\u00e8ncies a la pr\u00e0ctica educativa"},"content":{"rendered":"<p>Els termes <em>innovaci\u00f3, millora, transformaci\u00f3 <\/em>i <em>reforma<\/em>, utilitzats habitualment en el nostre \u00e0mbit professional, s\u00f3n notablement confosos i sovint s\u2019empren en sentit contradictori, si b\u00e9 tots coincideixen a q\u00fcestionar el car\u00e0cter directiu i transmissiu dels models d\u2019ensenyament-aprenentatge heretats. Al marge d\u2019aquestes disson\u00e0ncies que potser cansen i despisten, entenem que, per tal que la nostra aportaci\u00f3 a la transformaci\u00f3 de l\u2019escola tingui la m\u00e0xima capacitat possible d\u2019incid\u00e8ncia, aquesta ser\u00e0 determinada pel fet que les propostes que publiquem siguin ben fonamentades.<\/p>\n<p>Seguint en aquest cam\u00ed d\u2019afavorir la millora de l\u2019educaci\u00f3 i dels processos d\u2019ensenyament i aprenentatge basats en la formaci\u00f3 integral de les persones, volem continuar potenciant la innovaci\u00f3 pedag\u00f2gica i ajudant el professorat i tota la comunitat educativa amb rigor cient\u00edfic i suport social a partir de l\u2019impuls d\u2019un nou projecte anomenat \u00abEducaci\u00f3 basada en evid\u00e8ncies\u00bb.<\/p>\n<p>Aquest projecte t\u00e9 per objectiu enfortir la transfer\u00e8ncia de les conclusions de les recerques cient\u00edfiques en l\u2019\u00e0mbit de l\u2019educaci\u00f3 a la pr\u00e0ctica a les classes i a les escoles, a partir de la divulgaci\u00f3 de les evid\u00e8ncies existents i de l\u2019establiment de les relacions entre les seves diferents unitats d\u2019an\u00e0lisi, per tal de donar m\u00e9s fortalesa a les seves conclusions. El que ens guia \u00e9s poder aportar un model prescriptiu de pautes que condueixin a establir protocols d\u2019intervenci\u00f3 i a transferir-ne la concreci\u00f3 a la pr\u00e0ctica educativa real.<\/p>\n<p>\u00c9s en aquest sentit que obrim una secci\u00f3 nova titulada \u00abEvid\u00e8ncies\u00bb, que apareixer\u00e0 a totes les revistes de la casa, les d\u2019infantil, prim\u00e0ria, secund\u00e0ria, did\u00e0ctiques espec\u00edfiques i direcci\u00f3 i gesti\u00f3 escolar. Al llarg dels propers mesos donarem a con\u00e8ixer les evid\u00e8ncies cient\u00edfiques existents sobre la pr\u00e0ctica educativa en tots els nivells d\u2019an\u00e0lisi: l\u2019aprenentatge en general, l\u2019aprenentatge de continguts espec\u00edfics, l\u2019ecosistema aula, l\u2019ecosistema centre educatiu i el sistema educatiu.<\/p>\n<p>\u00abQu\u00e8 ens diuen les evid\u00e8ncies sobre l\u2019aprenentatge social i emocional?\u00bb. Amb aquest t\u00edtol inaugurem l\u2019esmentada secci\u00f3, que, com veureu, d\u2019una banda, est\u00e0 composta per una part te\u00f2rica que aborda d\u2019una manera molt divulgativa i did\u00e0ctica la recerca cient\u00edfica feta envers el tema en q\u00fcesti\u00f3 i, de l\u2019altra, una mestra d\u2019infantil en mostra la concreci\u00f3, la transferibilitat, a la pr\u00e0ctica educativa de l\u2019aula.<\/p>\n<p>Desitgem que aquesta iniciativa us sembli \u00fatil i encertada. <strong>Bon comen\u00e7ament de curs<\/strong>.<\/p>\n","protected":false},"excerpt":{"rendered":"<p>Impulsem un nou projecte anomenat \u00abEducaci\u00f3 basada en evid\u00e8ncies\u00bb amb l&#8217;objectiu enfortir la transfer\u00e8ncia de les conclusions de les recerques cient\u00edfiques en l\u2019\u00e0mbit de l\u2019educaci\u00f3 a la pr\u00e0ctica a les classes i a les escoles.<\/p>\n","protected":false},"author":524,"featured_media":6046,"comment_status":"open","ping_status":"closed","sticky":false,"template":"","format":"standard","meta":{"footnotes":""},"categories":[163,284,345,121],"tags":[125,102,104,447,97],"tipo":[489],"class_list":{"0":"post-6045","1":"post","2":"type-post","3":"status-publish","4":"format-standard","5":"has-post-thumbnail","7":"category-estrategies-densenyament-aprenentatge","8":"category-finalitats-de-leducacio","9":"category-formacio-continua-del-professorat","10":"category-qualitat-educativa","11":"tag-comunicacio","12":"tag-dimensions-innovadores","13":"tag-educacio-transformadora","14":"tag-evidencies","15":"tag-grao","16":"tipo-actualitat"},"yoast_head":"<!-- This site is optimized with the Yoast SEO plugin v27.4 - https:\/\/yoast.com\/product\/yoast-seo-wordpress\/ -->\n<title>La transferibilitat de les evid\u00e8ncies a la pr\u00e0ctica educativa - L&#039;escola gra\u00f3 a gra\u00f3<\/title>\n<meta name=\"robots\" content=\"index, follow, max-snippet:-1, max-image-preview:large, max-video-preview:-1\" \/>\n<link rel=\"canonical\" href=\"https:\/\/diarieducacio.cat\/grao\/2021\/09\/13\/la-transferibilitat-de-les-evidencies-a-la-practica-educativa\/\" \/>\n<meta property=\"og:locale\" content=\"ca_ES\" \/>\n<meta property=\"og:type\" content=\"article\" \/>\n<meta property=\"og:title\" content=\"La transferibilitat de les evid\u00e8ncies a la pr\u00e0ctica educativa - L&#039;escola gra\u00f3 a gra\u00f3\" \/>\n<meta property=\"og:description\" content=\"Impulsem un nou projecte anomenat \u00abEducaci\u00f3 basada en evid\u00e8ncies\u00bb amb l&#039;objectiu enfortir la transfer\u00e8ncia de les conclusions de les recerques cient\u00edfiques en l\u2019\u00e0mbit de l\u2019educaci\u00f3 a la pr\u00e0ctica a les classes i a les escoles.\" \/>\n<meta property=\"og:url\" content=\"https:\/\/diarieducacio.cat\/grao\/2021\/09\/13\/la-transferibilitat-de-les-evidencies-a-la-practica-educativa\/\" \/>\n<meta property=\"og:site_name\" content=\"L&#039;escola gra\u00f3 a gra\u00f3\" \/>\n<meta property=\"article:published_time\" content=\"2021-09-13T21:21:27+00:00\" \/>\n<meta property=\"article:modified_time\" content=\"2024-05-13T16:30:28+00:00\" \/>\n<meta property=\"og:image\" content=\"https:\/\/diarieducacio.cat\/grao\/wp-content\/uploads\/sites\/31\/2021\/09\/books-1163695_1920.jpg\" \/>\n\t<meta property=\"og:image:width\" content=\"1920\" \/>\n\t<meta property=\"og:image:height\" content=\"1280\" \/>\n\t<meta property=\"og:image:type\" content=\"image\/jpeg\" \/>\n<meta name=\"author\" content=\"Redacci\u00f3 - Editorial Gra\u00f3\" \/>\n<meta name=\"twitter:card\" content=\"summary_large_image\" \/>\n<meta name=\"twitter:label1\" content=\"Escrit per\" \/>\n\t<meta name=\"twitter:data1\" content=\"Redacci\u00f3 - Editorial Gra\u00f3\" \/>\n\t<meta name=\"twitter:label2\" content=\"Temps estimat de lectura\" \/>\n\t<meta name=\"twitter:data2\" content=\"2 minuts\" \/>\n<script type=\"application\/ld+json\" class=\"yoast-schema-graph\">{\"@context\":\"https:\\\/\\\/schema.org\",\"@graph\":[{\"@type\":\"Article\",\"@id\":\"https:\\\/\\\/diarieducacio.cat\\\/grao\\\/2021\\\/09\\\/13\\\/la-transferibilitat-de-les-evidencies-a-la-practica-educativa\\\/#article\",\"isPartOf\":{\"@id\":\"https:\\\/\\\/diarieducacio.cat\\\/grao\\\/2021\\\/09\\\/13\\\/la-transferibilitat-de-les-evidencies-a-la-practica-educativa\\\/\"},\"author\":{\"name\":\"Redacci\u00f3 - Editorial Gra\u00f3\",\"@id\":\"https:\\\/\\\/diarieducacio.cat\\\/grao\\\/#\\\/schema\\\/person\\\/131fe889ba50cb4a8381cabc75beb3ff\"},\"headline\":\"La transferibilitat de les evid\u00e8ncies a la pr\u00e0ctica educativa\",\"datePublished\":\"2021-09-13T21:21:27+00:00\",\"dateModified\":\"2024-05-13T16:30:28+00:00\",\"mainEntityOfPage\":{\"@id\":\"https:\\\/\\\/diarieducacio.cat\\\/grao\\\/2021\\\/09\\\/13\\\/la-transferibilitat-de-les-evidencies-a-la-practica-educativa\\\/\"},\"wordCount\":440,\"commentCount\":0,\"image\":{\"@id\":\"https:\\\/\\\/diarieducacio.cat\\\/grao\\\/2021\\\/09\\\/13\\\/la-transferibilitat-de-les-evidencies-a-la-practica-educativa\\\/#primaryimage\"},\"thumbnailUrl\":\"https:\\\/\\\/diarieducacio.cat\\\/grao\\\/wp-content\\\/uploads\\\/sites\\\/31\\\/2021\\\/09\\\/books-1163695_1920.jpg\",\"keywords\":[\"Comunicaci\u00f3\",\"dimensions innovadores\",\"educaci\u00f3 transformadora\",\"evid\u00e8ncies\",\"Gra\u00f3\"],\"articleSection\":[\"Estrat\u00e8gies d'Ensenyament-Aprenentatge\",\"Finalitats de l'educaci\u00f3\",\"Formaci\u00f3 cont\u00ednua del professorat\",\"Qualitat educativa\"],\"inLanguage\":\"ca\",\"potentialAction\":[{\"@type\":\"CommentAction\",\"name\":\"Comment\",\"target\":[\"https:\\\/\\\/diarieducacio.cat\\\/grao\\\/2021\\\/09\\\/13\\\/la-transferibilitat-de-les-evidencies-a-la-practica-educativa\\\/#respond\"]}]},{\"@type\":\"WebPage\",\"@id\":\"https:\\\/\\\/diarieducacio.cat\\\/grao\\\/2021\\\/09\\\/13\\\/la-transferibilitat-de-les-evidencies-a-la-practica-educativa\\\/\",\"url\":\"https:\\\/\\\/diarieducacio.cat\\\/grao\\\/2021\\\/09\\\/13\\\/la-transferibilitat-de-les-evidencies-a-la-practica-educativa\\\/\",\"name\":\"La transferibilitat de les evid\u00e8ncies a la pr\u00e0ctica educativa - L'escola gra\u00f3 a gra\u00f3\",\"isPartOf\":{\"@id\":\"https:\\\/\\\/diarieducacio.cat\\\/grao\\\/#website\"},\"primaryImageOfPage\":{\"@id\":\"https:\\\/\\\/diarieducacio.cat\\\/grao\\\/2021\\\/09\\\/13\\\/la-transferibilitat-de-les-evidencies-a-la-practica-educativa\\\/#primaryimage\"},\"image\":{\"@id\":\"https:\\\/\\\/diarieducacio.cat\\\/grao\\\/2021\\\/09\\\/13\\\/la-transferibilitat-de-les-evidencies-a-la-practica-educativa\\\/#primaryimage\"},\"thumbnailUrl\":\"https:\\\/\\\/diarieducacio.cat\\\/grao\\\/wp-content\\\/uploads\\\/sites\\\/31\\\/2021\\\/09\\\/books-1163695_1920.jpg\",\"datePublished\":\"2021-09-13T21:21:27+00:00\",\"dateModified\":\"2024-05-13T16:30:28+00:00\",\"author\":{\"@id\":\"https:\\\/\\\/diarieducacio.cat\\\/grao\\\/#\\\/schema\\\/person\\\/131fe889ba50cb4a8381cabc75beb3ff\"},\"breadcrumb\":{\"@id\":\"https:\\\/\\\/diarieducacio.cat\\\/grao\\\/2021\\\/09\\\/13\\\/la-transferibilitat-de-les-evidencies-a-la-practica-educativa\\\/#breadcrumb\"},\"inLanguage\":\"ca\",\"potentialAction\":[{\"@type\":\"ReadAction\",\"target\":[\"https:\\\/\\\/diarieducacio.cat\\\/grao\\\/2021\\\/09\\\/13\\\/la-transferibilitat-de-les-evidencies-a-la-practica-educativa\\\/\"]}]},{\"@type\":\"ImageObject\",\"inLanguage\":\"ca\",\"@id\":\"https:\\\/\\\/diarieducacio.cat\\\/grao\\\/2021\\\/09\\\/13\\\/la-transferibilitat-de-les-evidencies-a-la-practica-educativa\\\/#primaryimage\",\"url\":\"https:\\\/\\\/diarieducacio.cat\\\/grao\\\/wp-content\\\/uploads\\\/sites\\\/31\\\/2021\\\/09\\\/books-1163695_1920.jpg\",\"contentUrl\":\"https:\\\/\\\/diarieducacio.cat\\\/grao\\\/wp-content\\\/uploads\\\/sites\\\/31\\\/2021\\\/09\\\/books-1163695_1920.jpg\",\"width\":1920,\"height\":1280},{\"@type\":\"BreadcrumbList\",\"@id\":\"https:\\\/\\\/diarieducacio.cat\\\/grao\\\/2021\\\/09\\\/13\\\/la-transferibilitat-de-les-evidencies-a-la-practica-educativa\\\/#breadcrumb\",\"itemListElement\":[{\"@type\":\"ListItem\",\"position\":1,\"name\":\"Inici\",\"item\":\"https:\\\/\\\/diarieducacio.cat\\\/grao\\\/\"},{\"@type\":\"ListItem\",\"position\":2,\"name\":\"La transferibilitat de les evid\u00e8ncies a la pr\u00e0ctica educativa\"}]},{\"@type\":\"WebSite\",\"@id\":\"https:\\\/\\\/diarieducacio.cat\\\/grao\\\/#website\",\"url\":\"https:\\\/\\\/diarieducacio.cat\\\/grao\\\/\",\"name\":\"L'escola gra\u00f3 a gra\u00f3\",\"description\":\"Un blog de El Diari de l&#039;Educaci\u00f3\",\"potentialAction\":[{\"@type\":\"SearchAction\",\"target\":{\"@type\":\"EntryPoint\",\"urlTemplate\":\"https:\\\/\\\/diarieducacio.cat\\\/grao\\\/?s={search_term_string}\"},\"query-input\":{\"@type\":\"PropertyValueSpecification\",\"valueRequired\":true,\"valueName\":\"search_term_string\"}}],\"inLanguage\":\"ca\"},{\"@type\":\"Person\",\"@id\":\"https:\\\/\\\/diarieducacio.cat\\\/grao\\\/#\\\/schema\\\/person\\\/131fe889ba50cb4a8381cabc75beb3ff\",\"name\":\"Redacci\u00f3 - Editorial Gra\u00f3\",\"image\":{\"@type\":\"ImageObject\",\"inLanguage\":\"ca\",\"@id\":\"https:\\\/\\\/secure.gravatar.com\\\/avatar\\\/9d8b5293e92495f73d6f062cfac5de13f5a8355a89caf901edc1274d5640ad66?s=96&d=mm&r=g\",\"url\":\"https:\\\/\\\/secure.gravatar.com\\\/avatar\\\/9d8b5293e92495f73d6f062cfac5de13f5a8355a89caf901edc1274d5640ad66?s=96&d=mm&r=g\",\"contentUrl\":\"https:\\\/\\\/secure.gravatar.com\\\/avatar\\\/9d8b5293e92495f73d6f062cfac5de13f5a8355a89caf901edc1274d5640ad66?s=96&d=mm&r=g\",\"caption\":\"Redacci\u00f3 - Editorial Gra\u00f3\"},\"url\":\"https:\\\/\\\/diarieducacio.cat\\\/grao\\\/author\\\/emoreno\\\/\"}]}<\/script>\n<!-- \/ Yoast SEO plugin. -->","yoast_head_json":{"title":"La transferibilitat de les evid\u00e8ncies a la pr\u00e0ctica educativa - L'escola gra\u00f3 a gra\u00f3","robots":{"index":"index","follow":"follow","max-snippet":"max-snippet:-1","max-image-preview":"max-image-preview:large","max-video-preview":"max-video-preview:-1"},"canonical":"https:\/\/diarieducacio.cat\/grao\/2021\/09\/13\/la-transferibilitat-de-les-evidencies-a-la-practica-educativa\/","og_locale":"ca_ES","og_type":"article","og_title":"La transferibilitat de les evid\u00e8ncies a la pr\u00e0ctica educativa - L'escola gra\u00f3 a gra\u00f3","og_description":"Impulsem un nou projecte anomenat \u00abEducaci\u00f3 basada en evid\u00e8ncies\u00bb amb l'objectiu enfortir la transfer\u00e8ncia de les conclusions de les recerques cient\u00edfiques en l\u2019\u00e0mbit de l\u2019educaci\u00f3 a la pr\u00e0ctica a les classes i a les escoles.","og_url":"https:\/\/diarieducacio.cat\/grao\/2021\/09\/13\/la-transferibilitat-de-les-evidencies-a-la-practica-educativa\/","og_site_name":"L'escola gra\u00f3 a gra\u00f3","article_published_time":"2021-09-13T21:21:27+00:00","article_modified_time":"2024-05-13T16:30:28+00:00","og_image":[{"width":1920,"height":1280,"url":"https:\/\/diarieducacio.cat\/grao\/wp-content\/uploads\/sites\/31\/2021\/09\/books-1163695_1920.jpg","type":"image\/jpeg"}],"author":"Redacci\u00f3 - Editorial Gra\u00f3","twitter_card":"summary_large_image","twitter_misc":{"Escrit per":"Redacci\u00f3 - Editorial Gra\u00f3","Temps estimat de lectura":"2 minuts"},"schema":{"@context":"https:\/\/schema.org","@graph":[{"@type":"Article","@id":"https:\/\/diarieducacio.cat\/grao\/2021\/09\/13\/la-transferibilitat-de-les-evidencies-a-la-practica-educativa\/#article","isPartOf":{"@id":"https:\/\/diarieducacio.cat\/grao\/2021\/09\/13\/la-transferibilitat-de-les-evidencies-a-la-practica-educativa\/"},"author":{"name":"Redacci\u00f3 - Editorial Gra\u00f3","@id":"https:\/\/diarieducacio.cat\/grao\/#\/schema\/person\/131fe889ba50cb4a8381cabc75beb3ff"},"headline":"La transferibilitat de les evid\u00e8ncies a la pr\u00e0ctica educativa","datePublished":"2021-09-13T21:21:27+00:00","dateModified":"2024-05-13T16:30:28+00:00","mainEntityOfPage":{"@id":"https:\/\/diarieducacio.cat\/grao\/2021\/09\/13\/la-transferibilitat-de-les-evidencies-a-la-practica-educativa\/"},"wordCount":440,"commentCount":0,"image":{"@id":"https:\/\/diarieducacio.cat\/grao\/2021\/09\/13\/la-transferibilitat-de-les-evidencies-a-la-practica-educativa\/#primaryimage"},"thumbnailUrl":"https:\/\/diarieducacio.cat\/grao\/wp-content\/uploads\/sites\/31\/2021\/09\/books-1163695_1920.jpg","keywords":["Comunicaci\u00f3","dimensions innovadores","educaci\u00f3 transformadora","evid\u00e8ncies","Gra\u00f3"],"articleSection":["Estrat\u00e8gies d'Ensenyament-Aprenentatge","Finalitats de l'educaci\u00f3","Formaci\u00f3 cont\u00ednua del professorat","Qualitat educativa"],"inLanguage":"ca","potentialAction":[{"@type":"CommentAction","name":"Comment","target":["https:\/\/diarieducacio.cat\/grao\/2021\/09\/13\/la-transferibilitat-de-les-evidencies-a-la-practica-educativa\/#respond"]}]},{"@type":"WebPage","@id":"https:\/\/diarieducacio.cat\/grao\/2021\/09\/13\/la-transferibilitat-de-les-evidencies-a-la-practica-educativa\/","url":"https:\/\/diarieducacio.cat\/grao\/2021\/09\/13\/la-transferibilitat-de-les-evidencies-a-la-practica-educativa\/","name":"La transferibilitat de les evid\u00e8ncies a la pr\u00e0ctica educativa - L'escola gra\u00f3 a gra\u00f3","isPartOf":{"@id":"https:\/\/diarieducacio.cat\/grao\/#website"},"primaryImageOfPage":{"@id":"https:\/\/diarieducacio.cat\/grao\/2021\/09\/13\/la-transferibilitat-de-les-evidencies-a-la-practica-educativa\/#primaryimage"},"image":{"@id":"https:\/\/diarieducacio.cat\/grao\/2021\/09\/13\/la-transferibilitat-de-les-evidencies-a-la-practica-educativa\/#primaryimage"},"thumbnailUrl":"https:\/\/diarieducacio.cat\/grao\/wp-content\/uploads\/sites\/31\/2021\/09\/books-1163695_1920.jpg","datePublished":"2021-09-13T21:21:27+00:00","dateModified":"2024-05-13T16:30:28+00:00","author":{"@id":"https:\/\/diarieducacio.cat\/grao\/#\/schema\/person\/131fe889ba50cb4a8381cabc75beb3ff"},"breadcrumb":{"@id":"https:\/\/diarieducacio.cat\/grao\/2021\/09\/13\/la-transferibilitat-de-les-evidencies-a-la-practica-educativa\/#breadcrumb"},"inLanguage":"ca","potentialAction":[{"@type":"ReadAction","target":["https:\/\/diarieducacio.cat\/grao\/2021\/09\/13\/la-transferibilitat-de-les-evidencies-a-la-practica-educativa\/"]}]},{"@type":"ImageObject","inLanguage":"ca","@id":"https:\/\/diarieducacio.cat\/grao\/2021\/09\/13\/la-transferibilitat-de-les-evidencies-a-la-practica-educativa\/#primaryimage","url":"https:\/\/diarieducacio.cat\/grao\/wp-content\/uploads\/sites\/31\/2021\/09\/books-1163695_1920.jpg","contentUrl":"https:\/\/diarieducacio.cat\/grao\/wp-content\/uploads\/sites\/31\/2021\/09\/books-1163695_1920.jpg","width":1920,"height":1280},{"@type":"BreadcrumbList","@id":"https:\/\/diarieducacio.cat\/grao\/2021\/09\/13\/la-transferibilitat-de-les-evidencies-a-la-practica-educativa\/#breadcrumb","itemListElement":[{"@type":"ListItem","position":1,"name":"Inici","item":"https:\/\/diarieducacio.cat\/grao\/"},{"@type":"ListItem","position":2,"name":"La transferibilitat de les evid\u00e8ncies a la pr\u00e0ctica educativa"}]},{"@type":"WebSite","@id":"https:\/\/diarieducacio.cat\/grao\/#website","url":"https:\/\/diarieducacio.cat\/grao\/","name":"L'escola gra\u00f3 a gra\u00f3","description":"Un blog de El Diari de l&#039;Educaci\u00f3","potentialAction":[{"@type":"SearchAction","target":{"@type":"EntryPoint","urlTemplate":"https:\/\/diarieducacio.cat\/grao\/?s={search_term_string}"},"query-input":{"@type":"PropertyValueSpecification","valueRequired":true,"valueName":"search_term_string"}}],"inLanguage":"ca"},{"@type":"Person","@id":"https:\/\/diarieducacio.cat\/grao\/#\/schema\/person\/131fe889ba50cb4a8381cabc75beb3ff","name":"Redacci\u00f3 - Editorial Gra\u00f3","image":{"@type":"ImageObject","inLanguage":"ca","@id":"https:\/\/secure.gravatar.com\/avatar\/9d8b5293e92495f73d6f062cfac5de13f5a8355a89caf901edc1274d5640ad66?s=96&d=mm&r=g","url":"https:\/\/secure.gravatar.com\/avatar\/9d8b5293e92495f73d6f062cfac5de13f5a8355a89caf901edc1274d5640ad66?s=96&d=mm&r=g","contentUrl":"https:\/\/secure.gravatar.com\/avatar\/9d8b5293e92495f73d6f062cfac5de13f5a8355a89caf901edc1274d5640ad66?s=96&d=mm&r=g","caption":"Redacci\u00f3 - Editorial Gra\u00f3"},"url":"https:\/\/diarieducacio.cat\/grao\/author\/emoreno\/"}]}},"_links":{"self":[{"href":"https:\/\/diarieducacio.cat\/grao\/wp-json\/wp\/v2\/posts\/6045","targetHints":{"allow":["GET"]}}],"collection":[{"href":"https:\/\/diarieducacio.cat\/grao\/wp-json\/wp\/v2\/posts"}],"about":[{"href":"https:\/\/diarieducacio.cat\/grao\/wp-json\/wp\/v2\/types\/post"}],"author":[{"embeddable":true,"href":"https:\/\/diarieducacio.cat\/grao\/wp-json\/wp\/v2\/users\/524"}],"replies":[{"embeddable":true,"href":"https:\/\/diarieducacio.cat\/grao\/wp-json\/wp\/v2\/comments?post=6045"}],"version-history":[{"count":1,"href":"https:\/\/diarieducacio.cat\/grao\/wp-json\/wp\/v2\/posts\/6045\/revisions"}],"predecessor-version":[{"id":6314,"href":"https:\/\/diarieducacio.cat\/grao\/wp-json\/wp\/v2\/posts\/6045\/revisions\/6314"}],"wp:featuredmedia":[{"embeddable":true,"href":"https:\/\/diarieducacio.cat\/grao\/wp-json\/wp\/v2\/media\/6046"}],"wp:attachment":[{"href":"https:\/\/diarieducacio.cat\/grao\/wp-json\/wp\/v2\/media?parent=6045"}],"wp:term":[{"taxonomy":"category","embeddable":true,"href":"https:\/\/diarieducacio.cat\/grao\/wp-json\/wp\/v2\/categories?post=6045"},{"taxonomy":"post_tag","embeddable":true,"href":"https:\/\/diarieducacio.cat\/grao\/wp-json\/wp\/v2\/tags?post=6045"},{"taxonomy":"tipo","embeddable":true,"href":"https:\/\/diarieducacio.cat\/grao\/wp-json\/wp\/v2\/tipo?post=6045"}],"curies":[{"name":"wp","href":"https:\/\/api.w.org\/{rel}","templated":true}]}}