{"id":6084,"date":"2023-03-07T15:23:46","date_gmt":"2023-03-07T15:23:46","guid":{"rendered":"https:\/\/diarieducacio.cat\/grao\/?p=6084"},"modified":"2024-05-13T18:30:28","modified_gmt":"2024-05-13T16:30:28","slug":"una-reflexio-obligada-sobre-lebau-a-partir-de-la-lomloe","status":"publish","type":"post","link":"https:\/\/diarieducacio.cat\/grao\/2023\/03\/07\/una-reflexio-obligada-sobre-lebau-a-partir-de-la-lomloe\/","title":{"rendered":"Una reflexi\u00f3 obligada sobre l&#8217;EBAU a partir de la LOMLOE"},"content":{"rendered":"<p>Cal reflexionar, en el marc de l\u2019enfocament pedag\u00f2gic que proposa la LOMLOE, sobre la prova que, al nostre pa\u00eds, dona acc\u00e9s a la universitat, avui coneguda com a EBAU \u2013per les seves sigles en castell\u00e0 d\u2019Avaluaci\u00f3 de Batxillerat per a l\u2019Acc\u00e9s a la Universitat\u2013, o tamb\u00e9 EvAU \u2013per les seves sigles en castell\u00e0 d\u2019Avaluaci\u00f3 d\u2019Acc\u00e9s a la Universitat\u2013, o PAU \u2013Prova d\u2019Acc\u00e9s a la Universitat\u2013, o fins i tot com encara es denomina popularment, la selectivitat. Des d\u2019un enfocament basat en el desenvolupament de compet\u00e8ncies i en la personalitzaci\u00f3 de l\u2019aprenentatge, aquesta prova hauria de ser un element facilitador entre el batxillerat i la universitat que millori la transici\u00f3 entre totes dues etapes educatives, encara que, \u00e9s en aquest punt on hem de preguntar-nos si realment \u00e9s aix\u00ed.<\/p>\n<p>El fi darrer de la prova \u00e9s assegurar la igualtat d\u2019oportunitats per accedir als graus universitaris, dins del districte \u00fanic universitari. Es tracta, per tant, d\u2019un objectiu ambici\u00f3s, si es tenen en compte les desigualtats de partida que hi ha actualment, com s\u00f3n, entre d\u2019altres, un curr\u00edculum de batxillerat diferent a cada comunitat aut\u00f2noma o les difer\u00e8ncies significatives que hi ha a les qualificacions de batxillerat en funci\u00f3 de la titularitat del centre.<\/p>\n<p>En aquest marc complex, l\u2019EBAU \u00e9s un mer distribu\u00efdor de notes per arribar a ser admesos als graus m\u00e9s demandats i amb m\u00e9s prestigi social i econ\u00f2mic, com \u00e9s el cas del Grau en Medicina.<\/p>\n<blockquote><p>Si volem aconseguir un enfocament competencial a les proves, la norma b\u00e0sica estatal ha de ser molt m\u00e9s ambiciosa.<\/p><\/blockquote>\n<p>Una de les apostes m\u00e9s arriscades que es planteja a la LOMLOE \u00e9s la creaci\u00f3, a l\u2019etapa de batxillerat, de la modalitat General; aquest fet ens ha de permetre una reflexi\u00f3 sobre l\u2019enfocament de l\u2019EBAU i el debat necessari sobre la mena de proves que dissenyem. Si volem aconseguir un enfocament competencial a les proves, la norma b\u00e0sica estatal ha de ser molt m\u00e9s ambiciosa del que \u00e9s a l\u2019actualitat, amb la introducci\u00f3 de caracter\u00edstiques comunes per assegurar l\u2019equitat educativa entre tots els i les estudiants i, independentment de l\u2019origen auton\u00f2mic o de la naturalesa del centre del qual procedeixen.<\/p>\n<p>Sembla que \u00e9s l\u00f2gic que el debat sobre com millorar no pot estar centrat en elements com la durada de les proves o sobre com ha de ser la tipologia de les preguntes, sin\u00f3 a dissenyar els mecanismes necessaris per assegurar el rigor i l\u2019efic\u00e0cia de les proves que componen l\u2019EBAU, a fi que s\u2019hi avalu\u00ef el que es pret\u00e9n avaluar realment: el grau de desenvolupament de les compet\u00e8ncies per fer front als problemes del segle XXI i contribueixi, d\u2019aquesta manera, a tenir una presa de decisi\u00f3 efectiva sobre el projecte vital. Nom\u00e9s aix\u00ed es podr\u00e0 assegurar que l\u2019EBAU serveix els principis d\u2019universalitat, equitat i igualtat d\u2019oportunitats que ha de regir el nostre sistema educatiu.<\/p>\n<p>Font: DOSSIER GRA\u00d3 N\u00ba8. La LOMLOE: Una oportunitat per millorar la societat del segle XXI, p.101 (2023). <i>GRA\u00d3<\/i>.<\/p>\n","protected":false},"excerpt":{"rendered":"<p>Cal reflexionar, en el marc de l\u2019enfocament pedag\u00f2gic que proposa la LOMLOE, sobre la prova que dona acc\u00e9s a la universitat.<\/p>\n","protected":false},"author":575,"featured_media":6086,"comment_status":"open","ping_status":"closed","sticky":false,"template":"","format":"standard","meta":{"footnotes":""},"categories":[306,2,450,121],"tags":[],"tipo":[490],"class_list":{"0":"post-6084","1":"post","2":"type-post","3":"status-publish","4":"format-standard","5":"has-post-thumbnail","7":"category-avaluacio","8":"category-general","9":"category-legislacio-educativa","10":"category-qualitat-educativa","11":"tipo-actualitatopinio"},"yoast_head":"<!-- This site is optimized with the Yoast SEO plugin v27.4 - https:\/\/yoast.com\/product\/yoast-seo-wordpress\/ -->\n<title>Una reflexi\u00f3 obligada sobre l&#039;EBAU a partir de la LOMLOE - L&#039;escola gra\u00f3 a gra\u00f3<\/title>\n<meta name=\"robots\" content=\"index, follow, max-snippet:-1, max-image-preview:large, max-video-preview:-1\" \/>\n<link rel=\"canonical\" href=\"https:\/\/diarieducacio.cat\/grao\/2023\/03\/07\/una-reflexio-obligada-sobre-lebau-a-partir-de-la-lomloe\/\" \/>\n<meta property=\"og:locale\" content=\"ca_ES\" \/>\n<meta property=\"og:type\" content=\"article\" \/>\n<meta property=\"og:title\" content=\"Una reflexi\u00f3 obligada sobre l&#039;EBAU a partir de la LOMLOE - L&#039;escola gra\u00f3 a gra\u00f3\" \/>\n<meta property=\"og:description\" content=\"Cal reflexionar, en el marc de l\u2019enfocament pedag\u00f2gic que proposa la LOMLOE, sobre la prova que dona acc\u00e9s a la universitat.\" \/>\n<meta property=\"og:url\" content=\"https:\/\/diarieducacio.cat\/grao\/2023\/03\/07\/una-reflexio-obligada-sobre-lebau-a-partir-de-la-lomloe\/\" \/>\n<meta property=\"og:site_name\" content=\"L&#039;escola gra\u00f3 a gra\u00f3\" \/>\n<meta property=\"article:published_time\" content=\"2023-03-07T15:23:46+00:00\" \/>\n<meta property=\"article:modified_time\" content=\"2024-05-13T16:30:28+00:00\" \/>\n<meta property=\"og:image\" content=\"https:\/\/diarieducacio.cat\/grao\/wp-content\/uploads\/sites\/31\/2023\/02\/to-read-the-book-g0c19614a8_1280.jpg\" \/>\n\t<meta property=\"og:image:width\" content=\"1280\" \/>\n\t<meta property=\"og:image:height\" content=\"853\" \/>\n\t<meta property=\"og:image:type\" content=\"image\/jpeg\" \/>\n<meta name=\"author\" content=\"Roc\u00edo Yuste Tosina\" \/>\n<meta name=\"twitter:card\" content=\"summary_large_image\" \/>\n<meta name=\"twitter:label1\" content=\"Escrit per\" \/>\n\t<meta name=\"twitter:data1\" content=\"Roc\u00edo Yuste Tosina\" \/>\n\t<meta name=\"twitter:label2\" content=\"Temps estimat de lectura\" \/>\n\t<meta name=\"twitter:data2\" content=\"3 minuts\" \/>\n<script type=\"application\/ld+json\" class=\"yoast-schema-graph\">{\"@context\":\"https:\\\/\\\/schema.org\",\"@graph\":[{\"@type\":\"Article\",\"@id\":\"https:\\\/\\\/diarieducacio.cat\\\/grao\\\/2023\\\/03\\\/07\\\/una-reflexio-obligada-sobre-lebau-a-partir-de-la-lomloe\\\/#article\",\"isPartOf\":{\"@id\":\"https:\\\/\\\/diarieducacio.cat\\\/grao\\\/2023\\\/03\\\/07\\\/una-reflexio-obligada-sobre-lebau-a-partir-de-la-lomloe\\\/\"},\"author\":{\"name\":\"Roc\u00edo Yuste Tosina\",\"@id\":\"https:\\\/\\\/diarieducacio.cat\\\/grao\\\/#\\\/schema\\\/person\\\/3b9889f425a399f9756f3ef19ba04c11\"},\"headline\":\"Una reflexi\u00f3 obligada sobre l&#8217;EBAU a partir de la LOMLOE\",\"datePublished\":\"2023-03-07T15:23:46+00:00\",\"dateModified\":\"2024-05-13T16:30:28+00:00\",\"mainEntityOfPage\":{\"@id\":\"https:\\\/\\\/diarieducacio.cat\\\/grao\\\/2023\\\/03\\\/07\\\/una-reflexio-obligada-sobre-lebau-a-partir-de-la-lomloe\\\/\"},\"wordCount\":551,\"commentCount\":0,\"image\":{\"@id\":\"https:\\\/\\\/diarieducacio.cat\\\/grao\\\/2023\\\/03\\\/07\\\/una-reflexio-obligada-sobre-lebau-a-partir-de-la-lomloe\\\/#primaryimage\"},\"thumbnailUrl\":\"https:\\\/\\\/diarieducacio.cat\\\/grao\\\/wp-content\\\/uploads\\\/sites\\\/31\\\/2023\\\/02\\\/to-read-the-book-g0c19614a8_1280.jpg\",\"articleSection\":[\"Avaluaci\u00f3\",\"General\",\"Legislaci\u00f3 educativa\",\"Qualitat educativa\"],\"inLanguage\":\"ca\",\"potentialAction\":[{\"@type\":\"CommentAction\",\"name\":\"Comment\",\"target\":[\"https:\\\/\\\/diarieducacio.cat\\\/grao\\\/2023\\\/03\\\/07\\\/una-reflexio-obligada-sobre-lebau-a-partir-de-la-lomloe\\\/#respond\"]}]},{\"@type\":\"WebPage\",\"@id\":\"https:\\\/\\\/diarieducacio.cat\\\/grao\\\/2023\\\/03\\\/07\\\/una-reflexio-obligada-sobre-lebau-a-partir-de-la-lomloe\\\/\",\"url\":\"https:\\\/\\\/diarieducacio.cat\\\/grao\\\/2023\\\/03\\\/07\\\/una-reflexio-obligada-sobre-lebau-a-partir-de-la-lomloe\\\/\",\"name\":\"Una reflexi\u00f3 obligada sobre l'EBAU a partir de la LOMLOE - L'escola gra\u00f3 a gra\u00f3\",\"isPartOf\":{\"@id\":\"https:\\\/\\\/diarieducacio.cat\\\/grao\\\/#website\"},\"primaryImageOfPage\":{\"@id\":\"https:\\\/\\\/diarieducacio.cat\\\/grao\\\/2023\\\/03\\\/07\\\/una-reflexio-obligada-sobre-lebau-a-partir-de-la-lomloe\\\/#primaryimage\"},\"image\":{\"@id\":\"https:\\\/\\\/diarieducacio.cat\\\/grao\\\/2023\\\/03\\\/07\\\/una-reflexio-obligada-sobre-lebau-a-partir-de-la-lomloe\\\/#primaryimage\"},\"thumbnailUrl\":\"https:\\\/\\\/diarieducacio.cat\\\/grao\\\/wp-content\\\/uploads\\\/sites\\\/31\\\/2023\\\/02\\\/to-read-the-book-g0c19614a8_1280.jpg\",\"datePublished\":\"2023-03-07T15:23:46+00:00\",\"dateModified\":\"2024-05-13T16:30:28+00:00\",\"author\":{\"@id\":\"https:\\\/\\\/diarieducacio.cat\\\/grao\\\/#\\\/schema\\\/person\\\/3b9889f425a399f9756f3ef19ba04c11\"},\"breadcrumb\":{\"@id\":\"https:\\\/\\\/diarieducacio.cat\\\/grao\\\/2023\\\/03\\\/07\\\/una-reflexio-obligada-sobre-lebau-a-partir-de-la-lomloe\\\/#breadcrumb\"},\"inLanguage\":\"ca\",\"potentialAction\":[{\"@type\":\"ReadAction\",\"target\":[\"https:\\\/\\\/diarieducacio.cat\\\/grao\\\/2023\\\/03\\\/07\\\/una-reflexio-obligada-sobre-lebau-a-partir-de-la-lomloe\\\/\"]}]},{\"@type\":\"ImageObject\",\"inLanguage\":\"ca\",\"@id\":\"https:\\\/\\\/diarieducacio.cat\\\/grao\\\/2023\\\/03\\\/07\\\/una-reflexio-obligada-sobre-lebau-a-partir-de-la-lomloe\\\/#primaryimage\",\"url\":\"https:\\\/\\\/diarieducacio.cat\\\/grao\\\/wp-content\\\/uploads\\\/sites\\\/31\\\/2023\\\/02\\\/to-read-the-book-g0c19614a8_1280.jpg\",\"contentUrl\":\"https:\\\/\\\/diarieducacio.cat\\\/grao\\\/wp-content\\\/uploads\\\/sites\\\/31\\\/2023\\\/02\\\/to-read-the-book-g0c19614a8_1280.jpg\",\"width\":1280,\"height\":853,\"caption\":\"Imatge de Michal Jarmoluk a Pixabay\"},{\"@type\":\"BreadcrumbList\",\"@id\":\"https:\\\/\\\/diarieducacio.cat\\\/grao\\\/2023\\\/03\\\/07\\\/una-reflexio-obligada-sobre-lebau-a-partir-de-la-lomloe\\\/#breadcrumb\",\"itemListElement\":[{\"@type\":\"ListItem\",\"position\":1,\"name\":\"Inici\",\"item\":\"https:\\\/\\\/diarieducacio.cat\\\/grao\\\/\"},{\"@type\":\"ListItem\",\"position\":2,\"name\":\"Una reflexi\u00f3 obligada sobre l&#8217;EBAU a partir de la LOMLOE\"}]},{\"@type\":\"WebSite\",\"@id\":\"https:\\\/\\\/diarieducacio.cat\\\/grao\\\/#website\",\"url\":\"https:\\\/\\\/diarieducacio.cat\\\/grao\\\/\",\"name\":\"L'escola gra\u00f3 a gra\u00f3\",\"description\":\"Un blog de El Diari de l&#039;Educaci\u00f3\",\"potentialAction\":[{\"@type\":\"SearchAction\",\"target\":{\"@type\":\"EntryPoint\",\"urlTemplate\":\"https:\\\/\\\/diarieducacio.cat\\\/grao\\\/?s={search_term_string}\"},\"query-input\":{\"@type\":\"PropertyValueSpecification\",\"valueRequired\":true,\"valueName\":\"search_term_string\"}}],\"inLanguage\":\"ca\"},{\"@type\":\"Person\",\"@id\":\"https:\\\/\\\/diarieducacio.cat\\\/grao\\\/#\\\/schema\\\/person\\\/3b9889f425a399f9756f3ef19ba04c11\",\"name\":\"Roc\u00edo Yuste Tosina\",\"image\":{\"@type\":\"ImageObject\",\"inLanguage\":\"ca\",\"@id\":\"https:\\\/\\\/secure.gravatar.com\\\/avatar\\\/6df0abbee8930ba0c5464c0a5fba8ab9ca7ba68b0db9ba67e32ebcc372fa635b?s=96&d=mm&r=g\",\"url\":\"https:\\\/\\\/secure.gravatar.com\\\/avatar\\\/6df0abbee8930ba0c5464c0a5fba8ab9ca7ba68b0db9ba67e32ebcc372fa635b?s=96&d=mm&r=g\",\"contentUrl\":\"https:\\\/\\\/secure.gravatar.com\\\/avatar\\\/6df0abbee8930ba0c5464c0a5fba8ab9ca7ba68b0db9ba67e32ebcc372fa635b?s=96&d=mm&r=g\",\"caption\":\"Roc\u00edo Yuste Tosina\"},\"url\":\"https:\\\/\\\/diarieducacio.cat\\\/grao\\\/author\\\/ryuste\\\/\"}]}<\/script>\n<!-- \/ Yoast SEO plugin. -->","yoast_head_json":{"title":"Una reflexi\u00f3 obligada sobre l'EBAU a partir de la LOMLOE - L'escola gra\u00f3 a gra\u00f3","robots":{"index":"index","follow":"follow","max-snippet":"max-snippet:-1","max-image-preview":"max-image-preview:large","max-video-preview":"max-video-preview:-1"},"canonical":"https:\/\/diarieducacio.cat\/grao\/2023\/03\/07\/una-reflexio-obligada-sobre-lebau-a-partir-de-la-lomloe\/","og_locale":"ca_ES","og_type":"article","og_title":"Una reflexi\u00f3 obligada sobre l'EBAU a partir de la LOMLOE - L'escola gra\u00f3 a gra\u00f3","og_description":"Cal reflexionar, en el marc de l\u2019enfocament pedag\u00f2gic que proposa la LOMLOE, sobre la prova que dona acc\u00e9s a la universitat.","og_url":"https:\/\/diarieducacio.cat\/grao\/2023\/03\/07\/una-reflexio-obligada-sobre-lebau-a-partir-de-la-lomloe\/","og_site_name":"L'escola gra\u00f3 a gra\u00f3","article_published_time":"2023-03-07T15:23:46+00:00","article_modified_time":"2024-05-13T16:30:28+00:00","og_image":[{"width":1280,"height":853,"url":"https:\/\/diarieducacio.cat\/grao\/wp-content\/uploads\/sites\/31\/2023\/02\/to-read-the-book-g0c19614a8_1280.jpg","type":"image\/jpeg"}],"author":"Roc\u00edo Yuste Tosina","twitter_card":"summary_large_image","twitter_misc":{"Escrit per":"Roc\u00edo Yuste Tosina","Temps estimat de lectura":"3 minuts"},"schema":{"@context":"https:\/\/schema.org","@graph":[{"@type":"Article","@id":"https:\/\/diarieducacio.cat\/grao\/2023\/03\/07\/una-reflexio-obligada-sobre-lebau-a-partir-de-la-lomloe\/#article","isPartOf":{"@id":"https:\/\/diarieducacio.cat\/grao\/2023\/03\/07\/una-reflexio-obligada-sobre-lebau-a-partir-de-la-lomloe\/"},"author":{"name":"Roc\u00edo Yuste Tosina","@id":"https:\/\/diarieducacio.cat\/grao\/#\/schema\/person\/3b9889f425a399f9756f3ef19ba04c11"},"headline":"Una reflexi\u00f3 obligada sobre l&#8217;EBAU a partir de la LOMLOE","datePublished":"2023-03-07T15:23:46+00:00","dateModified":"2024-05-13T16:30:28+00:00","mainEntityOfPage":{"@id":"https:\/\/diarieducacio.cat\/grao\/2023\/03\/07\/una-reflexio-obligada-sobre-lebau-a-partir-de-la-lomloe\/"},"wordCount":551,"commentCount":0,"image":{"@id":"https:\/\/diarieducacio.cat\/grao\/2023\/03\/07\/una-reflexio-obligada-sobre-lebau-a-partir-de-la-lomloe\/#primaryimage"},"thumbnailUrl":"https:\/\/diarieducacio.cat\/grao\/wp-content\/uploads\/sites\/31\/2023\/02\/to-read-the-book-g0c19614a8_1280.jpg","articleSection":["Avaluaci\u00f3","General","Legislaci\u00f3 educativa","Qualitat educativa"],"inLanguage":"ca","potentialAction":[{"@type":"CommentAction","name":"Comment","target":["https:\/\/diarieducacio.cat\/grao\/2023\/03\/07\/una-reflexio-obligada-sobre-lebau-a-partir-de-la-lomloe\/#respond"]}]},{"@type":"WebPage","@id":"https:\/\/diarieducacio.cat\/grao\/2023\/03\/07\/una-reflexio-obligada-sobre-lebau-a-partir-de-la-lomloe\/","url":"https:\/\/diarieducacio.cat\/grao\/2023\/03\/07\/una-reflexio-obligada-sobre-lebau-a-partir-de-la-lomloe\/","name":"Una reflexi\u00f3 obligada sobre l'EBAU a partir de la LOMLOE - L'escola gra\u00f3 a gra\u00f3","isPartOf":{"@id":"https:\/\/diarieducacio.cat\/grao\/#website"},"primaryImageOfPage":{"@id":"https:\/\/diarieducacio.cat\/grao\/2023\/03\/07\/una-reflexio-obligada-sobre-lebau-a-partir-de-la-lomloe\/#primaryimage"},"image":{"@id":"https:\/\/diarieducacio.cat\/grao\/2023\/03\/07\/una-reflexio-obligada-sobre-lebau-a-partir-de-la-lomloe\/#primaryimage"},"thumbnailUrl":"https:\/\/diarieducacio.cat\/grao\/wp-content\/uploads\/sites\/31\/2023\/02\/to-read-the-book-g0c19614a8_1280.jpg","datePublished":"2023-03-07T15:23:46+00:00","dateModified":"2024-05-13T16:30:28+00:00","author":{"@id":"https:\/\/diarieducacio.cat\/grao\/#\/schema\/person\/3b9889f425a399f9756f3ef19ba04c11"},"breadcrumb":{"@id":"https:\/\/diarieducacio.cat\/grao\/2023\/03\/07\/una-reflexio-obligada-sobre-lebau-a-partir-de-la-lomloe\/#breadcrumb"},"inLanguage":"ca","potentialAction":[{"@type":"ReadAction","target":["https:\/\/diarieducacio.cat\/grao\/2023\/03\/07\/una-reflexio-obligada-sobre-lebau-a-partir-de-la-lomloe\/"]}]},{"@type":"ImageObject","inLanguage":"ca","@id":"https:\/\/diarieducacio.cat\/grao\/2023\/03\/07\/una-reflexio-obligada-sobre-lebau-a-partir-de-la-lomloe\/#primaryimage","url":"https:\/\/diarieducacio.cat\/grao\/wp-content\/uploads\/sites\/31\/2023\/02\/to-read-the-book-g0c19614a8_1280.jpg","contentUrl":"https:\/\/diarieducacio.cat\/grao\/wp-content\/uploads\/sites\/31\/2023\/02\/to-read-the-book-g0c19614a8_1280.jpg","width":1280,"height":853,"caption":"Imatge de Michal Jarmoluk a Pixabay"},{"@type":"BreadcrumbList","@id":"https:\/\/diarieducacio.cat\/grao\/2023\/03\/07\/una-reflexio-obligada-sobre-lebau-a-partir-de-la-lomloe\/#breadcrumb","itemListElement":[{"@type":"ListItem","position":1,"name":"Inici","item":"https:\/\/diarieducacio.cat\/grao\/"},{"@type":"ListItem","position":2,"name":"Una reflexi\u00f3 obligada sobre l&#8217;EBAU a partir de la LOMLOE"}]},{"@type":"WebSite","@id":"https:\/\/diarieducacio.cat\/grao\/#website","url":"https:\/\/diarieducacio.cat\/grao\/","name":"L'escola gra\u00f3 a gra\u00f3","description":"Un blog de El Diari de l&#039;Educaci\u00f3","potentialAction":[{"@type":"SearchAction","target":{"@type":"EntryPoint","urlTemplate":"https:\/\/diarieducacio.cat\/grao\/?s={search_term_string}"},"query-input":{"@type":"PropertyValueSpecification","valueRequired":true,"valueName":"search_term_string"}}],"inLanguage":"ca"},{"@type":"Person","@id":"https:\/\/diarieducacio.cat\/grao\/#\/schema\/person\/3b9889f425a399f9756f3ef19ba04c11","name":"Roc\u00edo Yuste Tosina","image":{"@type":"ImageObject","inLanguage":"ca","@id":"https:\/\/secure.gravatar.com\/avatar\/6df0abbee8930ba0c5464c0a5fba8ab9ca7ba68b0db9ba67e32ebcc372fa635b?s=96&d=mm&r=g","url":"https:\/\/secure.gravatar.com\/avatar\/6df0abbee8930ba0c5464c0a5fba8ab9ca7ba68b0db9ba67e32ebcc372fa635b?s=96&d=mm&r=g","contentUrl":"https:\/\/secure.gravatar.com\/avatar\/6df0abbee8930ba0c5464c0a5fba8ab9ca7ba68b0db9ba67e32ebcc372fa635b?s=96&d=mm&r=g","caption":"Roc\u00edo Yuste Tosina"},"url":"https:\/\/diarieducacio.cat\/grao\/author\/ryuste\/"}]}},"_links":{"self":[{"href":"https:\/\/diarieducacio.cat\/grao\/wp-json\/wp\/v2\/posts\/6084","targetHints":{"allow":["GET"]}}],"collection":[{"href":"https:\/\/diarieducacio.cat\/grao\/wp-json\/wp\/v2\/posts"}],"about":[{"href":"https:\/\/diarieducacio.cat\/grao\/wp-json\/wp\/v2\/types\/post"}],"author":[{"embeddable":true,"href":"https:\/\/diarieducacio.cat\/grao\/wp-json\/wp\/v2\/users\/575"}],"replies":[{"embeddable":true,"href":"https:\/\/diarieducacio.cat\/grao\/wp-json\/wp\/v2\/comments?post=6084"}],"version-history":[{"count":1,"href":"https:\/\/diarieducacio.cat\/grao\/wp-json\/wp\/v2\/posts\/6084\/revisions"}],"predecessor-version":[{"id":6318,"href":"https:\/\/diarieducacio.cat\/grao\/wp-json\/wp\/v2\/posts\/6084\/revisions\/6318"}],"wp:featuredmedia":[{"embeddable":true,"href":"https:\/\/diarieducacio.cat\/grao\/wp-json\/wp\/v2\/media\/6086"}],"wp:attachment":[{"href":"https:\/\/diarieducacio.cat\/grao\/wp-json\/wp\/v2\/media?parent=6084"}],"wp:term":[{"taxonomy":"category","embeddable":true,"href":"https:\/\/diarieducacio.cat\/grao\/wp-json\/wp\/v2\/categories?post=6084"},{"taxonomy":"post_tag","embeddable":true,"href":"https:\/\/diarieducacio.cat\/grao\/wp-json\/wp\/v2\/tags?post=6084"},{"taxonomy":"tipo","embeddable":true,"href":"https:\/\/diarieducacio.cat\/grao\/wp-json\/wp\/v2\/tipo?post=6084"}],"curies":[{"name":"wp","href":"https:\/\/api.w.org\/{rel}","templated":true}]}}