{"id":6110,"date":"2023-07-03T05:00:51","date_gmt":"2023-07-03T05:00:51","guid":{"rendered":"https:\/\/diarieducacio.cat\/grao\/?p=6110"},"modified":"2024-05-13T18:30:28","modified_gmt":"2024-05-13T16:30:28","slug":"retrat-nuria-vouillamoz-doctora-en-didactica-de-la-llengua-i-la-literatura","status":"publish","type":"post","link":"https:\/\/diarieducacio.cat\/grao\/2023\/07\/03\/retrat-nuria-vouillamoz-doctora-en-didactica-de-la-llengua-i-la-literatura\/","title":{"rendered":"Retrat: N\u00faria Vouillamoz, doctora en Did\u00e0ctica de la Llengua i la Literatura"},"content":{"rendered":"<p>La hist\u00f2ria de N\u00faria Vouillamoz i la literatura infantil i juvenil (LIJ) sembla la d\u2019una predestinaci\u00f3. Va estudiar Filologia Hisp\u00e0nica, va treballar durant anys en inform\u00e0tica, per\u00f2 la passi\u00f3 per la llengua i l\u2019experi\u00e8ncia de la maternitat la van reconduir cap al m\u00f3n de la literatura. La seva formaci\u00f3 li va proporcionar la base te\u00f2rica, i comen\u00e7ar a treballar a l\u2019escola Gerbert d\u2019Orlhac, de Sant Cugat del Vall\u00e8s, com a responsable de la biblioteca li va donar l\u2019oportunitat de portar a la pr\u00e0ctica tot all\u00f2 que anava descobrint amb formacions i lectures. \u00abDe la m\u00e0 dels infants i amb din\u00e0miques pedag\u00f2giques vaig anar confirmant com la literatura acompanya els nens i nenes en el seu desenvolupament emocional i intel\u00b7lectual\u00bb, explica. Despr\u00e9s vindria una tesi doctoral sobre l\u2019\u00e0lbum il\u00b7lustrat i les possibilitats extraordin\u00e0ries que brinda per a la formaci\u00f3 liter\u00e0ria dels infants i prop de 20 anys d\u2019experi\u00e8ncia i recerca sobre literatura infantil i juvenil. Una traject\u00f2ria que li ha valgut el Premi de Pedagogia Marta Mata.<\/p>\n<p>Conversant amb N\u00faria Vouillamoz s\u2019encomana la passi\u00f3 per la lectura i se\u2019n fan evidents els beneficis. Per\u00f2, i la f\u00f3rmula per despertar la curiositat lectora? Li demanem receptes i reclama, primer de tot, posar l\u2019infant en el centre: \u00abLa curiositat per llegir es despertar\u00e0 quan els llibres parlin d\u2019all\u00f2 que cada nen i nena necessita sentir. Hem d\u2019oferir c\u00f2mics per a aquells que s\u2019espanten davant textos llargs; narrativa per als que tenen ben consolidat l\u2019h\u00e0bit lector, o \u00e0lbums il\u00b7lustrats per a aquells que es delecten amb les imatges\u00bb. \u00abI a casa -hi afegeix-, llegiu! Compartiu estones de lectura silenciosa, busqueu moments entranyables per compartir llibres.\u00bb No vol parlar de les pantalles com una amena\u00e7a excloent i assenyala com a repte fer descobrir als infants el poder de la narraci\u00f3 oral i el goig de llegir un llibre agafant-lo entre les mans.<\/p>\n<blockquote><p>Les biblioteques han d\u2019esdevenir veritables centres neur\u00e0lgics que irradi\u00efn passi\u00f3 per la descoberta i la lectura: el cor de les escoles<\/p><\/blockquote>\n<p>Tornant a l\u2019escola, la N\u00faria reclama que les biblioteques siguin \u00abveritables centres neur\u00e0lgics que irradi\u00efn passi\u00f3 per la descoberta i la lectura: el cor de les escoles, com deia Jaume Centelles\u00bb. Tamb\u00e9 reivindica el paper de la persona responsable de biblioteca, avui no reconeguda oficialment, i proposa incloure moltes m\u00e9s mat\u00e8ries relacionades amb la LIJ a la formaci\u00f3 universit\u00e0ria dels docents i crear una figura de mestre especialista en biblioteca. En resum, reclama \u00abm\u00e9s consci\u00e8ncia, formaci\u00f3 i recursos per tal que les biblioteques assoleixin el paper que mereixen dins l\u2019escola\u00bb.<\/p>\n","protected":false},"excerpt":{"rendered":"<p>\u00abLa curiositat per llegir es desperta quan els llibres parlen d\u2019all\u00f2 que cada infant necessita sentir\u00bb<\/p>\n","protected":false},"author":576,"featured_media":6119,"comment_status":"open","ping_status":"closed","sticky":false,"template":"","format":"standard","meta":{"footnotes":""},"categories":[468,146],"tags":[467,469,470,471,472],"tipo":[491],"class_list":{"0":"post-6110","1":"post","2":"type-post","3":"status-publish","4":"format-standard","5":"has-post-thumbnail","7":"category-biblioteca","8":"category-retrats-de-vivencies-personals","9":"tag-animacio-a-la-lectura","10":"tag-biblioteca-escolar","11":"tag-bibliotecaris","12":"tag-formacio-literaria","13":"tag-valor-de-les-biblioteques","14":"tipo-entrevista"},"yoast_head":"<!-- This site is optimized with the Yoast SEO plugin v27.4 - https:\/\/yoast.com\/product\/yoast-seo-wordpress\/ -->\n<title>Retrat: N\u00faria Vouillamoz, doctora en Did\u00e0ctica de la Llengua i la Literatura - L&#039;escola gra\u00f3 a gra\u00f3<\/title>\n<meta name=\"robots\" content=\"index, follow, max-snippet:-1, max-image-preview:large, max-video-preview:-1\" \/>\n<link rel=\"canonical\" href=\"https:\/\/diarieducacio.cat\/grao\/2023\/07\/03\/retrat-nuria-vouillamoz-doctora-en-didactica-de-la-llengua-i-la-literatura\/\" \/>\n<meta property=\"og:locale\" content=\"ca_ES\" \/>\n<meta property=\"og:type\" content=\"article\" \/>\n<meta property=\"og:title\" content=\"Retrat: N\u00faria Vouillamoz, doctora en Did\u00e0ctica de la Llengua i la Literatura - L&#039;escola gra\u00f3 a gra\u00f3\" \/>\n<meta property=\"og:description\" content=\"\u00abLa curiositat per llegir es desperta quan els llibres parlen d\u2019all\u00f2 que cada infant necessita sentir\u00bb\" \/>\n<meta property=\"og:url\" content=\"https:\/\/diarieducacio.cat\/grao\/2023\/07\/03\/retrat-nuria-vouillamoz-doctora-en-didactica-de-la-llengua-i-la-literatura\/\" \/>\n<meta property=\"og:site_name\" content=\"L&#039;escola gra\u00f3 a gra\u00f3\" \/>\n<meta property=\"article:published_time\" content=\"2023-07-03T05:00:51+00:00\" \/>\n<meta property=\"article:modified_time\" content=\"2024-05-13T16:30:28+00:00\" \/>\n<meta property=\"og:image\" content=\"https:\/\/diarieducacio.cat\/grao\/wp-content\/uploads\/sites\/31\/2023\/06\/Captura-1.png\" \/>\n\t<meta property=\"og:image:width\" content=\"748\" \/>\n\t<meta property=\"og:image:height\" content=\"533\" \/>\n\t<meta property=\"og:image:type\" content=\"image\/png\" \/>\n<meta name=\"author\" content=\"Nat\u00e0lia Torrent\" \/>\n<meta name=\"twitter:card\" content=\"summary_large_image\" \/>\n<meta name=\"twitter:label1\" content=\"Escrit per\" \/>\n\t<meta name=\"twitter:data1\" content=\"Nat\u00e0lia Torrent\" \/>\n\t<meta name=\"twitter:label2\" content=\"Temps estimat de lectura\" \/>\n\t<meta name=\"twitter:data2\" content=\"2 minuts\" \/>\n<script type=\"application\/ld+json\" class=\"yoast-schema-graph\">{\"@context\":\"https:\\\/\\\/schema.org\",\"@graph\":[{\"@type\":\"Article\",\"@id\":\"https:\\\/\\\/diarieducacio.cat\\\/grao\\\/2023\\\/07\\\/03\\\/retrat-nuria-vouillamoz-doctora-en-didactica-de-la-llengua-i-la-literatura\\\/#article\",\"isPartOf\":{\"@id\":\"https:\\\/\\\/diarieducacio.cat\\\/grao\\\/2023\\\/07\\\/03\\\/retrat-nuria-vouillamoz-doctora-en-didactica-de-la-llengua-i-la-literatura\\\/\"},\"author\":{\"name\":\"Nat\u00e0lia Torrent\",\"@id\":\"https:\\\/\\\/diarieducacio.cat\\\/grao\\\/#\\\/schema\\\/person\\\/2f6733cd51856dc76de37ff99622b584\"},\"headline\":\"Retrat: N\u00faria Vouillamoz, doctora en Did\u00e0ctica de la Llengua i la Literatura\",\"datePublished\":\"2023-07-03T05:00:51+00:00\",\"dateModified\":\"2024-05-13T16:30:28+00:00\",\"mainEntityOfPage\":{\"@id\":\"https:\\\/\\\/diarieducacio.cat\\\/grao\\\/2023\\\/07\\\/03\\\/retrat-nuria-vouillamoz-doctora-en-didactica-de-la-llengua-i-la-literatura\\\/\"},\"wordCount\":483,\"commentCount\":0,\"image\":{\"@id\":\"https:\\\/\\\/diarieducacio.cat\\\/grao\\\/2023\\\/07\\\/03\\\/retrat-nuria-vouillamoz-doctora-en-didactica-de-la-llengua-i-la-literatura\\\/#primaryimage\"},\"thumbnailUrl\":\"https:\\\/\\\/diarieducacio.cat\\\/grao\\\/wp-content\\\/uploads\\\/sites\\\/31\\\/2023\\\/06\\\/Captura-1.png\",\"keywords\":[\"animaci\u00f3 a la lectura\",\"biblioteca escolar\",\"bibliotecaris\",\"formaci\u00f3 liter\u00e0ria\",\"valor de les biblioteques\"],\"articleSection\":[\"Biblioteca\",\"Retrats de viv\u00e8ncies personals\"],\"inLanguage\":\"ca\",\"potentialAction\":[{\"@type\":\"CommentAction\",\"name\":\"Comment\",\"target\":[\"https:\\\/\\\/diarieducacio.cat\\\/grao\\\/2023\\\/07\\\/03\\\/retrat-nuria-vouillamoz-doctora-en-didactica-de-la-llengua-i-la-literatura\\\/#respond\"]}]},{\"@type\":\"WebPage\",\"@id\":\"https:\\\/\\\/diarieducacio.cat\\\/grao\\\/2023\\\/07\\\/03\\\/retrat-nuria-vouillamoz-doctora-en-didactica-de-la-llengua-i-la-literatura\\\/\",\"url\":\"https:\\\/\\\/diarieducacio.cat\\\/grao\\\/2023\\\/07\\\/03\\\/retrat-nuria-vouillamoz-doctora-en-didactica-de-la-llengua-i-la-literatura\\\/\",\"name\":\"Retrat: N\u00faria Vouillamoz, doctora en Did\u00e0ctica de la Llengua i la Literatura - L'escola gra\u00f3 a gra\u00f3\",\"isPartOf\":{\"@id\":\"https:\\\/\\\/diarieducacio.cat\\\/grao\\\/#website\"},\"primaryImageOfPage\":{\"@id\":\"https:\\\/\\\/diarieducacio.cat\\\/grao\\\/2023\\\/07\\\/03\\\/retrat-nuria-vouillamoz-doctora-en-didactica-de-la-llengua-i-la-literatura\\\/#primaryimage\"},\"image\":{\"@id\":\"https:\\\/\\\/diarieducacio.cat\\\/grao\\\/2023\\\/07\\\/03\\\/retrat-nuria-vouillamoz-doctora-en-didactica-de-la-llengua-i-la-literatura\\\/#primaryimage\"},\"thumbnailUrl\":\"https:\\\/\\\/diarieducacio.cat\\\/grao\\\/wp-content\\\/uploads\\\/sites\\\/31\\\/2023\\\/06\\\/Captura-1.png\",\"datePublished\":\"2023-07-03T05:00:51+00:00\",\"dateModified\":\"2024-05-13T16:30:28+00:00\",\"author\":{\"@id\":\"https:\\\/\\\/diarieducacio.cat\\\/grao\\\/#\\\/schema\\\/person\\\/2f6733cd51856dc76de37ff99622b584\"},\"breadcrumb\":{\"@id\":\"https:\\\/\\\/diarieducacio.cat\\\/grao\\\/2023\\\/07\\\/03\\\/retrat-nuria-vouillamoz-doctora-en-didactica-de-la-llengua-i-la-literatura\\\/#breadcrumb\"},\"inLanguage\":\"ca\",\"potentialAction\":[{\"@type\":\"ReadAction\",\"target\":[\"https:\\\/\\\/diarieducacio.cat\\\/grao\\\/2023\\\/07\\\/03\\\/retrat-nuria-vouillamoz-doctora-en-didactica-de-la-llengua-i-la-literatura\\\/\"]}]},{\"@type\":\"ImageObject\",\"inLanguage\":\"ca\",\"@id\":\"https:\\\/\\\/diarieducacio.cat\\\/grao\\\/2023\\\/07\\\/03\\\/retrat-nuria-vouillamoz-doctora-en-didactica-de-la-llengua-i-la-literatura\\\/#primaryimage\",\"url\":\"https:\\\/\\\/diarieducacio.cat\\\/grao\\\/wp-content\\\/uploads\\\/sites\\\/31\\\/2023\\\/06\\\/Captura-1.png\",\"contentUrl\":\"https:\\\/\\\/diarieducacio.cat\\\/grao\\\/wp-content\\\/uploads\\\/sites\\\/31\\\/2023\\\/06\\\/Captura-1.png\",\"width\":748,\"height\":533},{\"@type\":\"BreadcrumbList\",\"@id\":\"https:\\\/\\\/diarieducacio.cat\\\/grao\\\/2023\\\/07\\\/03\\\/retrat-nuria-vouillamoz-doctora-en-didactica-de-la-llengua-i-la-literatura\\\/#breadcrumb\",\"itemListElement\":[{\"@type\":\"ListItem\",\"position\":1,\"name\":\"Inici\",\"item\":\"https:\\\/\\\/diarieducacio.cat\\\/grao\\\/\"},{\"@type\":\"ListItem\",\"position\":2,\"name\":\"Retrat: N\u00faria Vouillamoz, doctora en Did\u00e0ctica de la Llengua i la Literatura\"}]},{\"@type\":\"WebSite\",\"@id\":\"https:\\\/\\\/diarieducacio.cat\\\/grao\\\/#website\",\"url\":\"https:\\\/\\\/diarieducacio.cat\\\/grao\\\/\",\"name\":\"L'escola gra\u00f3 a gra\u00f3\",\"description\":\"Un blog de El Diari de l&#039;Educaci\u00f3\",\"potentialAction\":[{\"@type\":\"SearchAction\",\"target\":{\"@type\":\"EntryPoint\",\"urlTemplate\":\"https:\\\/\\\/diarieducacio.cat\\\/grao\\\/?s={search_term_string}\"},\"query-input\":{\"@type\":\"PropertyValueSpecification\",\"valueRequired\":true,\"valueName\":\"search_term_string\"}}],\"inLanguage\":\"ca\"},{\"@type\":\"Person\",\"@id\":\"https:\\\/\\\/diarieducacio.cat\\\/grao\\\/#\\\/schema\\\/person\\\/2f6733cd51856dc76de37ff99622b584\",\"name\":\"Nat\u00e0lia Torrent\",\"image\":{\"@type\":\"ImageObject\",\"inLanguage\":\"ca\",\"@id\":\"https:\\\/\\\/secure.gravatar.com\\\/avatar\\\/9191005a0357ee1c5f89bc0b92e7e777c4a59fb73b51a3ecc056fed2a0663653?s=96&d=mm&r=g\",\"url\":\"https:\\\/\\\/secure.gravatar.com\\\/avatar\\\/9191005a0357ee1c5f89bc0b92e7e777c4a59fb73b51a3ecc056fed2a0663653?s=96&d=mm&r=g\",\"contentUrl\":\"https:\\\/\\\/secure.gravatar.com\\\/avatar\\\/9191005a0357ee1c5f89bc0b92e7e777c4a59fb73b51a3ecc056fed2a0663653?s=96&d=mm&r=g\",\"caption\":\"Nat\u00e0lia Torrent\"},\"url\":\"https:\\\/\\\/diarieducacio.cat\\\/grao\\\/author\\\/ntorrentq\\\/\"}]}<\/script>\n<!-- \/ Yoast SEO plugin. -->","yoast_head_json":{"title":"Retrat: N\u00faria Vouillamoz, doctora en Did\u00e0ctica de la Llengua i la Literatura - L'escola gra\u00f3 a gra\u00f3","robots":{"index":"index","follow":"follow","max-snippet":"max-snippet:-1","max-image-preview":"max-image-preview:large","max-video-preview":"max-video-preview:-1"},"canonical":"https:\/\/diarieducacio.cat\/grao\/2023\/07\/03\/retrat-nuria-vouillamoz-doctora-en-didactica-de-la-llengua-i-la-literatura\/","og_locale":"ca_ES","og_type":"article","og_title":"Retrat: N\u00faria Vouillamoz, doctora en Did\u00e0ctica de la Llengua i la Literatura - L'escola gra\u00f3 a gra\u00f3","og_description":"\u00abLa curiositat per llegir es desperta quan els llibres parlen d\u2019all\u00f2 que cada infant necessita sentir\u00bb","og_url":"https:\/\/diarieducacio.cat\/grao\/2023\/07\/03\/retrat-nuria-vouillamoz-doctora-en-didactica-de-la-llengua-i-la-literatura\/","og_site_name":"L'escola gra\u00f3 a gra\u00f3","article_published_time":"2023-07-03T05:00:51+00:00","article_modified_time":"2024-05-13T16:30:28+00:00","og_image":[{"width":748,"height":533,"url":"https:\/\/diarieducacio.cat\/grao\/wp-content\/uploads\/sites\/31\/2023\/06\/Captura-1.png","type":"image\/png"}],"author":"Nat\u00e0lia Torrent","twitter_card":"summary_large_image","twitter_misc":{"Escrit per":"Nat\u00e0lia Torrent","Temps estimat de lectura":"2 minuts"},"schema":{"@context":"https:\/\/schema.org","@graph":[{"@type":"Article","@id":"https:\/\/diarieducacio.cat\/grao\/2023\/07\/03\/retrat-nuria-vouillamoz-doctora-en-didactica-de-la-llengua-i-la-literatura\/#article","isPartOf":{"@id":"https:\/\/diarieducacio.cat\/grao\/2023\/07\/03\/retrat-nuria-vouillamoz-doctora-en-didactica-de-la-llengua-i-la-literatura\/"},"author":{"name":"Nat\u00e0lia Torrent","@id":"https:\/\/diarieducacio.cat\/grao\/#\/schema\/person\/2f6733cd51856dc76de37ff99622b584"},"headline":"Retrat: N\u00faria Vouillamoz, doctora en Did\u00e0ctica de la Llengua i la Literatura","datePublished":"2023-07-03T05:00:51+00:00","dateModified":"2024-05-13T16:30:28+00:00","mainEntityOfPage":{"@id":"https:\/\/diarieducacio.cat\/grao\/2023\/07\/03\/retrat-nuria-vouillamoz-doctora-en-didactica-de-la-llengua-i-la-literatura\/"},"wordCount":483,"commentCount":0,"image":{"@id":"https:\/\/diarieducacio.cat\/grao\/2023\/07\/03\/retrat-nuria-vouillamoz-doctora-en-didactica-de-la-llengua-i-la-literatura\/#primaryimage"},"thumbnailUrl":"https:\/\/diarieducacio.cat\/grao\/wp-content\/uploads\/sites\/31\/2023\/06\/Captura-1.png","keywords":["animaci\u00f3 a la lectura","biblioteca escolar","bibliotecaris","formaci\u00f3 liter\u00e0ria","valor de les biblioteques"],"articleSection":["Biblioteca","Retrats de viv\u00e8ncies personals"],"inLanguage":"ca","potentialAction":[{"@type":"CommentAction","name":"Comment","target":["https:\/\/diarieducacio.cat\/grao\/2023\/07\/03\/retrat-nuria-vouillamoz-doctora-en-didactica-de-la-llengua-i-la-literatura\/#respond"]}]},{"@type":"WebPage","@id":"https:\/\/diarieducacio.cat\/grao\/2023\/07\/03\/retrat-nuria-vouillamoz-doctora-en-didactica-de-la-llengua-i-la-literatura\/","url":"https:\/\/diarieducacio.cat\/grao\/2023\/07\/03\/retrat-nuria-vouillamoz-doctora-en-didactica-de-la-llengua-i-la-literatura\/","name":"Retrat: N\u00faria Vouillamoz, doctora en Did\u00e0ctica de la Llengua i la Literatura - L'escola gra\u00f3 a gra\u00f3","isPartOf":{"@id":"https:\/\/diarieducacio.cat\/grao\/#website"},"primaryImageOfPage":{"@id":"https:\/\/diarieducacio.cat\/grao\/2023\/07\/03\/retrat-nuria-vouillamoz-doctora-en-didactica-de-la-llengua-i-la-literatura\/#primaryimage"},"image":{"@id":"https:\/\/diarieducacio.cat\/grao\/2023\/07\/03\/retrat-nuria-vouillamoz-doctora-en-didactica-de-la-llengua-i-la-literatura\/#primaryimage"},"thumbnailUrl":"https:\/\/diarieducacio.cat\/grao\/wp-content\/uploads\/sites\/31\/2023\/06\/Captura-1.png","datePublished":"2023-07-03T05:00:51+00:00","dateModified":"2024-05-13T16:30:28+00:00","author":{"@id":"https:\/\/diarieducacio.cat\/grao\/#\/schema\/person\/2f6733cd51856dc76de37ff99622b584"},"breadcrumb":{"@id":"https:\/\/diarieducacio.cat\/grao\/2023\/07\/03\/retrat-nuria-vouillamoz-doctora-en-didactica-de-la-llengua-i-la-literatura\/#breadcrumb"},"inLanguage":"ca","potentialAction":[{"@type":"ReadAction","target":["https:\/\/diarieducacio.cat\/grao\/2023\/07\/03\/retrat-nuria-vouillamoz-doctora-en-didactica-de-la-llengua-i-la-literatura\/"]}]},{"@type":"ImageObject","inLanguage":"ca","@id":"https:\/\/diarieducacio.cat\/grao\/2023\/07\/03\/retrat-nuria-vouillamoz-doctora-en-didactica-de-la-llengua-i-la-literatura\/#primaryimage","url":"https:\/\/diarieducacio.cat\/grao\/wp-content\/uploads\/sites\/31\/2023\/06\/Captura-1.png","contentUrl":"https:\/\/diarieducacio.cat\/grao\/wp-content\/uploads\/sites\/31\/2023\/06\/Captura-1.png","width":748,"height":533},{"@type":"BreadcrumbList","@id":"https:\/\/diarieducacio.cat\/grao\/2023\/07\/03\/retrat-nuria-vouillamoz-doctora-en-didactica-de-la-llengua-i-la-literatura\/#breadcrumb","itemListElement":[{"@type":"ListItem","position":1,"name":"Inici","item":"https:\/\/diarieducacio.cat\/grao\/"},{"@type":"ListItem","position":2,"name":"Retrat: N\u00faria Vouillamoz, doctora en Did\u00e0ctica de la Llengua i la Literatura"}]},{"@type":"WebSite","@id":"https:\/\/diarieducacio.cat\/grao\/#website","url":"https:\/\/diarieducacio.cat\/grao\/","name":"L'escola gra\u00f3 a gra\u00f3","description":"Un blog de El Diari de l&#039;Educaci\u00f3","potentialAction":[{"@type":"SearchAction","target":{"@type":"EntryPoint","urlTemplate":"https:\/\/diarieducacio.cat\/grao\/?s={search_term_string}"},"query-input":{"@type":"PropertyValueSpecification","valueRequired":true,"valueName":"search_term_string"}}],"inLanguage":"ca"},{"@type":"Person","@id":"https:\/\/diarieducacio.cat\/grao\/#\/schema\/person\/2f6733cd51856dc76de37ff99622b584","name":"Nat\u00e0lia Torrent","image":{"@type":"ImageObject","inLanguage":"ca","@id":"https:\/\/secure.gravatar.com\/avatar\/9191005a0357ee1c5f89bc0b92e7e777c4a59fb73b51a3ecc056fed2a0663653?s=96&d=mm&r=g","url":"https:\/\/secure.gravatar.com\/avatar\/9191005a0357ee1c5f89bc0b92e7e777c4a59fb73b51a3ecc056fed2a0663653?s=96&d=mm&r=g","contentUrl":"https:\/\/secure.gravatar.com\/avatar\/9191005a0357ee1c5f89bc0b92e7e777c4a59fb73b51a3ecc056fed2a0663653?s=96&d=mm&r=g","caption":"Nat\u00e0lia Torrent"},"url":"https:\/\/diarieducacio.cat\/grao\/author\/ntorrentq\/"}]}},"_links":{"self":[{"href":"https:\/\/diarieducacio.cat\/grao\/wp-json\/wp\/v2\/posts\/6110","targetHints":{"allow":["GET"]}}],"collection":[{"href":"https:\/\/diarieducacio.cat\/grao\/wp-json\/wp\/v2\/posts"}],"about":[{"href":"https:\/\/diarieducacio.cat\/grao\/wp-json\/wp\/v2\/types\/post"}],"author":[{"embeddable":true,"href":"https:\/\/diarieducacio.cat\/grao\/wp-json\/wp\/v2\/users\/576"}],"replies":[{"embeddable":true,"href":"https:\/\/diarieducacio.cat\/grao\/wp-json\/wp\/v2\/comments?post=6110"}],"version-history":[{"count":1,"href":"https:\/\/diarieducacio.cat\/grao\/wp-json\/wp\/v2\/posts\/6110\/revisions"}],"predecessor-version":[{"id":6320,"href":"https:\/\/diarieducacio.cat\/grao\/wp-json\/wp\/v2\/posts\/6110\/revisions\/6320"}],"wp:featuredmedia":[{"embeddable":true,"href":"https:\/\/diarieducacio.cat\/grao\/wp-json\/wp\/v2\/media\/6119"}],"wp:attachment":[{"href":"https:\/\/diarieducacio.cat\/grao\/wp-json\/wp\/v2\/media?parent=6110"}],"wp:term":[{"taxonomy":"category","embeddable":true,"href":"https:\/\/diarieducacio.cat\/grao\/wp-json\/wp\/v2\/categories?post=6110"},{"taxonomy":"post_tag","embeddable":true,"href":"https:\/\/diarieducacio.cat\/grao\/wp-json\/wp\/v2\/tags?post=6110"},{"taxonomy":"tipo","embeddable":true,"href":"https:\/\/diarieducacio.cat\/grao\/wp-json\/wp\/v2\/tipo?post=6110"}],"curies":[{"name":"wp","href":"https:\/\/api.w.org\/{rel}","templated":true}]}}