{"id":6114,"date":"2023-06-27T05:00:44","date_gmt":"2023-06-27T05:00:44","guid":{"rendered":"https:\/\/diarieducacio.cat\/grao\/?p=6114"},"modified":"2024-05-13T18:30:28","modified_gmt":"2024-05-13T16:30:28","slug":"cuidat-salut-mental-dels-infants-adolescents-i-joves-respostes-saludables","status":"publish","type":"post","link":"https:\/\/diarieducacio.cat\/grao\/2023\/06\/27\/cuidat-salut-mental-dels-infants-adolescents-i-joves-respostes-saludables\/","title":{"rendered":"Cuida\u2019t: Salut mental dels infants, adolescents i joves. Respostes saludables"},"content":{"rendered":"<p><strong>Sabem<\/strong> que l\u2019empitjorament de la salut mental dels infants, dels adolescents i del jovent \u00e9s un problema greu, tant pel que implica com pel nombre de casos que en podem trobar: un de cada cinc joves pateix una mena d\u2019afecci\u00f3 d\u2019aquest tipus, com ara ansietat o depressi\u00f3. Aix\u00f2 pot comportar conseq\u00fc\u00e8ncies molt fortes i t\u00e9 una relaci\u00f3 directa amb l\u2019aprenentatge. Amb tot, encara \u00e9s un tab\u00fa social i en parlem poc als centres.<\/p>\n<p><strong>Sabem<\/strong> que la pand\u00e8mia han exercit un efecte important en la salut mental de la poblaci\u00f3, at\u00e8s que ha augmentat el nombre de trastorns i ha aguditzat els que ja existien.<\/p>\n<p><strong>Sabem <\/strong>que les unitats sanit\u00e0ries que es dediquen a atendre la salut mental dels infants, adolescents i joves estan desbordades, tant per l\u2019augment de casos com pels pocs recursos existents.<\/p>\n<p><strong>Sabem <\/strong>que l\u2019escola no \u00e9s el lloc on es generen la majoria de desencadenants que causen problemes de salut mental, per\u00f2 s\u00ed que \u00e9s on es manifesten. Els centres educatius tenen un paper important en la detecci\u00f3, la prevenci\u00f3 i si cal la derivaci\u00f3 a institucions sanit\u00e0ries, i tamb\u00e9 poden fer algunes intervencions que ajudin a millorar aquesta salut mental.<\/p>\n<p><strong>Volem<\/strong> que la tasca de fomentar la salut mental sigui observada com una part important de la nostra feina i que es pugui crear una estructura de funcionament als centres educatius que n\u2019inclogui el foment com una prioritat, tal com indica el curr\u00edculum.<\/p>\n<p><strong>Volem<\/strong> dedicar una part de la nostra formaci\u00f3 a capacitar-nos per crear aquesta estructura tot compartint recursos i estrat\u00e8gies, com tamb\u00e9 per acompanyar les fam\u00edlies a acceptar les necessitats dels seus fills i filles per poder treballar conjuntament.<\/p>\n<p><strong>Volem<\/strong> implicar-hi tota la comunitat educativa i disposar de \u00abm\u00e9s recursos professionals\u00bb i de \u00abprofessionals amb m\u00e9s recursos\u00bb per atendre la salut mental d\u2019infants, adolescents i joves, tant dins dels centres formatius com fora.<\/p>\n<p><strong>Podem<\/strong>, amb els mitjans de qu\u00e8 disposem, enfocar la nostra mirada per ser conscients de l\u2019estat emocional del nostre alumnat i de les seves angoixes. Podem treballar per compet\u00e8ncies observant com \u00e9s, com es relaciona i com apr\u00e8n, i aix\u00ed tenir cura del seu benestar.<\/p>\n<p><strong>Podem <\/strong>donar una visi\u00f3 optimista de la situaci\u00f3, fer arribar als infants i al jovent que el malestar no \u00e9s permanent, que podem fer coses per canviar el que no ens agradi, deixar-nos ajudar per viure millor o ajudar els altres dins i fora dels centres.<\/p>\n<p><strong>Podem<\/strong> crear condicions per generar benestar i reclamar les que ens manquen. Si sabem, volem i podem somiar un futur millor i m\u00e9s just, aconseguirem concretar qu\u00e8 volem i transformar centres i sistemes. I ho farem perqu\u00e8 creiem que no \u00e9s impossible. Cuidem-nos!<\/p>\n","protected":false},"excerpt":{"rendered":"<p>Sabem que hi ha coses que funcionen, volem gaudir de la feina i podem millorar, tant des del punt de vista individual com col\u00b7lectiu.<\/p>\n","protected":false},"author":555,"featured_media":6116,"comment_status":"open","ping_status":"closed","sticky":false,"template":"","format":"standard","meta":{"footnotes":""},"categories":[101,251],"tags":[473,474,290,443,475],"tipo":[487],"class_list":{"0":"post-6114","1":"post","2":"type-post","3":"status-publish","4":"format-standard","5":"has-post-thumbnail","7":"category-desenvolupament-personal","8":"category-educacio-afectivaemocional","9":"tag-adolescents","10":"tag-depressio","11":"tag-emocions","12":"tag-pandemia","13":"tag-salut-mental","14":"tipo-analisi"},"yoast_head":"<!-- This site is optimized with the Yoast SEO plugin v27.4 - https:\/\/yoast.com\/product\/yoast-seo-wordpress\/ -->\n<title>Cuida\u2019t: Salut mental dels infants, adolescents i joves. Respostes saludables - L&#039;escola gra\u00f3 a gra\u00f3<\/title>\n<meta name=\"robots\" content=\"index, follow, max-snippet:-1, max-image-preview:large, max-video-preview:-1\" \/>\n<link rel=\"canonical\" href=\"https:\/\/diarieducacio.cat\/grao\/2023\/06\/27\/cuidat-salut-mental-dels-infants-adolescents-i-joves-respostes-saludables\/\" \/>\n<meta property=\"og:locale\" content=\"ca_ES\" \/>\n<meta property=\"og:type\" content=\"article\" \/>\n<meta property=\"og:title\" content=\"Cuida\u2019t: Salut mental dels infants, adolescents i joves. Respostes saludables - L&#039;escola gra\u00f3 a gra\u00f3\" \/>\n<meta property=\"og:description\" content=\"Sabem que hi ha coses que funcionen, volem gaudir de la feina i podem millorar, tant des del punt de vista individual com col\u00b7lectiu.\" \/>\n<meta property=\"og:url\" content=\"https:\/\/diarieducacio.cat\/grao\/2023\/06\/27\/cuidat-salut-mental-dels-infants-adolescents-i-joves-respostes-saludables\/\" \/>\n<meta property=\"og:site_name\" content=\"L&#039;escola gra\u00f3 a gra\u00f3\" \/>\n<meta property=\"article:published_time\" content=\"2023-06-27T05:00:44+00:00\" \/>\n<meta property=\"article:modified_time\" content=\"2024-05-13T16:30:28+00:00\" \/>\n<meta property=\"og:image\" content=\"https:\/\/diarieducacio.cat\/grao\/wp-content\/uploads\/sites\/31\/2023\/06\/pexels-negative-space-33999-1-scaled-1.jpg\" \/>\n\t<meta property=\"og:image:width\" content=\"2560\" \/>\n\t<meta property=\"og:image:height\" content=\"1707\" \/>\n\t<meta property=\"og:image:type\" content=\"image\/jpeg\" \/>\n<meta name=\"author\" content=\"Equip Cuidem-nos\" \/>\n<meta name=\"twitter:card\" content=\"summary_large_image\" \/>\n<meta name=\"twitter:label1\" content=\"Escrit per\" \/>\n\t<meta name=\"twitter:data1\" content=\"Equip Cuidem-nos\" \/>\n\t<meta name=\"twitter:label2\" content=\"Temps estimat de lectura\" \/>\n\t<meta name=\"twitter:data2\" content=\"2 minuts\" \/>\n<script type=\"application\/ld+json\" class=\"yoast-schema-graph\">{\"@context\":\"https:\\\/\\\/schema.org\",\"@graph\":[{\"@type\":\"Article\",\"@id\":\"https:\\\/\\\/diarieducacio.cat\\\/grao\\\/2023\\\/06\\\/27\\\/cuidat-salut-mental-dels-infants-adolescents-i-joves-respostes-saludables\\\/#article\",\"isPartOf\":{\"@id\":\"https:\\\/\\\/diarieducacio.cat\\\/grao\\\/2023\\\/06\\\/27\\\/cuidat-salut-mental-dels-infants-adolescents-i-joves-respostes-saludables\\\/\"},\"author\":{\"name\":\"Equip Cuidem-nos\",\"@id\":\"https:\\\/\\\/diarieducacio.cat\\\/grao\\\/#\\\/schema\\\/person\\\/f43fed6b918e75fdc25a6544e4b6cd5b\"},\"headline\":\"Cuida\u2019t: Salut mental dels infants, adolescents i joves. Respostes saludables\",\"datePublished\":\"2023-06-27T05:00:44+00:00\",\"dateModified\":\"2024-05-13T16:30:28+00:00\",\"mainEntityOfPage\":{\"@id\":\"https:\\\/\\\/diarieducacio.cat\\\/grao\\\/2023\\\/06\\\/27\\\/cuidat-salut-mental-dels-infants-adolescents-i-joves-respostes-saludables\\\/\"},\"wordCount\":476,\"commentCount\":0,\"image\":{\"@id\":\"https:\\\/\\\/diarieducacio.cat\\\/grao\\\/2023\\\/06\\\/27\\\/cuidat-salut-mental-dels-infants-adolescents-i-joves-respostes-saludables\\\/#primaryimage\"},\"thumbnailUrl\":\"https:\\\/\\\/diarieducacio.cat\\\/grao\\\/wp-content\\\/uploads\\\/sites\\\/31\\\/2023\\\/06\\\/pexels-negative-space-33999-1-scaled-1.jpg\",\"keywords\":[\"adolescents\",\"depressi\u00f3\",\"Emocions\",\"pand\u00e8mia\",\"salut mental\"],\"articleSection\":[\"Desenvolupament Personal\",\"Educaci\u00f3 afectiva\\\/emocional\"],\"inLanguage\":\"ca\",\"potentialAction\":[{\"@type\":\"CommentAction\",\"name\":\"Comment\",\"target\":[\"https:\\\/\\\/diarieducacio.cat\\\/grao\\\/2023\\\/06\\\/27\\\/cuidat-salut-mental-dels-infants-adolescents-i-joves-respostes-saludables\\\/#respond\"]}]},{\"@type\":\"WebPage\",\"@id\":\"https:\\\/\\\/diarieducacio.cat\\\/grao\\\/2023\\\/06\\\/27\\\/cuidat-salut-mental-dels-infants-adolescents-i-joves-respostes-saludables\\\/\",\"url\":\"https:\\\/\\\/diarieducacio.cat\\\/grao\\\/2023\\\/06\\\/27\\\/cuidat-salut-mental-dels-infants-adolescents-i-joves-respostes-saludables\\\/\",\"name\":\"Cuida\u2019t: Salut mental dels infants, adolescents i joves. Respostes saludables - L'escola gra\u00f3 a gra\u00f3\",\"isPartOf\":{\"@id\":\"https:\\\/\\\/diarieducacio.cat\\\/grao\\\/#website\"},\"primaryImageOfPage\":{\"@id\":\"https:\\\/\\\/diarieducacio.cat\\\/grao\\\/2023\\\/06\\\/27\\\/cuidat-salut-mental-dels-infants-adolescents-i-joves-respostes-saludables\\\/#primaryimage\"},\"image\":{\"@id\":\"https:\\\/\\\/diarieducacio.cat\\\/grao\\\/2023\\\/06\\\/27\\\/cuidat-salut-mental-dels-infants-adolescents-i-joves-respostes-saludables\\\/#primaryimage\"},\"thumbnailUrl\":\"https:\\\/\\\/diarieducacio.cat\\\/grao\\\/wp-content\\\/uploads\\\/sites\\\/31\\\/2023\\\/06\\\/pexels-negative-space-33999-1-scaled-1.jpg\",\"datePublished\":\"2023-06-27T05:00:44+00:00\",\"dateModified\":\"2024-05-13T16:30:28+00:00\",\"author\":{\"@id\":\"https:\\\/\\\/diarieducacio.cat\\\/grao\\\/#\\\/schema\\\/person\\\/f43fed6b918e75fdc25a6544e4b6cd5b\"},\"breadcrumb\":{\"@id\":\"https:\\\/\\\/diarieducacio.cat\\\/grao\\\/2023\\\/06\\\/27\\\/cuidat-salut-mental-dels-infants-adolescents-i-joves-respostes-saludables\\\/#breadcrumb\"},\"inLanguage\":\"ca\",\"potentialAction\":[{\"@type\":\"ReadAction\",\"target\":[\"https:\\\/\\\/diarieducacio.cat\\\/grao\\\/2023\\\/06\\\/27\\\/cuidat-salut-mental-dels-infants-adolescents-i-joves-respostes-saludables\\\/\"]}]},{\"@type\":\"ImageObject\",\"inLanguage\":\"ca\",\"@id\":\"https:\\\/\\\/diarieducacio.cat\\\/grao\\\/2023\\\/06\\\/27\\\/cuidat-salut-mental-dels-infants-adolescents-i-joves-respostes-saludables\\\/#primaryimage\",\"url\":\"https:\\\/\\\/diarieducacio.cat\\\/grao\\\/wp-content\\\/uploads\\\/sites\\\/31\\\/2023\\\/06\\\/pexels-negative-space-33999-1-scaled-1.jpg\",\"contentUrl\":\"https:\\\/\\\/diarieducacio.cat\\\/grao\\\/wp-content\\\/uploads\\\/sites\\\/31\\\/2023\\\/06\\\/pexels-negative-space-33999-1-scaled-1.jpg\",\"width\":2560,\"height\":1707},{\"@type\":\"BreadcrumbList\",\"@id\":\"https:\\\/\\\/diarieducacio.cat\\\/grao\\\/2023\\\/06\\\/27\\\/cuidat-salut-mental-dels-infants-adolescents-i-joves-respostes-saludables\\\/#breadcrumb\",\"itemListElement\":[{\"@type\":\"ListItem\",\"position\":1,\"name\":\"Inici\",\"item\":\"https:\\\/\\\/diarieducacio.cat\\\/grao\\\/\"},{\"@type\":\"ListItem\",\"position\":2,\"name\":\"Cuida\u2019t: Salut mental dels infants, adolescents i joves. Respostes saludables\"}]},{\"@type\":\"WebSite\",\"@id\":\"https:\\\/\\\/diarieducacio.cat\\\/grao\\\/#website\",\"url\":\"https:\\\/\\\/diarieducacio.cat\\\/grao\\\/\",\"name\":\"L'escola gra\u00f3 a gra\u00f3\",\"description\":\"Un blog de El Diari de l&#039;Educaci\u00f3\",\"potentialAction\":[{\"@type\":\"SearchAction\",\"target\":{\"@type\":\"EntryPoint\",\"urlTemplate\":\"https:\\\/\\\/diarieducacio.cat\\\/grao\\\/?s={search_term_string}\"},\"query-input\":{\"@type\":\"PropertyValueSpecification\",\"valueRequired\":true,\"valueName\":\"search_term_string\"}}],\"inLanguage\":\"ca\"},{\"@type\":\"Person\",\"@id\":\"https:\\\/\\\/diarieducacio.cat\\\/grao\\\/#\\\/schema\\\/person\\\/f43fed6b918e75fdc25a6544e4b6cd5b\",\"name\":\"Equip Cuidem-nos\",\"image\":{\"@type\":\"ImageObject\",\"inLanguage\":\"ca\",\"@id\":\"https:\\\/\\\/secure.gravatar.com\\\/avatar\\\/5f0ec845f9ac3546e70480c8d13d7738cbd529493bff5b8d037f44f251af7766?s=96&d=mm&r=g\",\"url\":\"https:\\\/\\\/secure.gravatar.com\\\/avatar\\\/5f0ec845f9ac3546e70480c8d13d7738cbd529493bff5b8d037f44f251af7766?s=96&d=mm&r=g\",\"contentUrl\":\"https:\\\/\\\/secure.gravatar.com\\\/avatar\\\/5f0ec845f9ac3546e70480c8d13d7738cbd529493bff5b8d037f44f251af7766?s=96&d=mm&r=g\",\"caption\":\"Equip Cuidem-nos\"},\"url\":\"https:\\\/\\\/diarieducacio.cat\\\/grao\\\/author\\\/ecuidemnos\\\/\"}]}<\/script>\n<!-- \/ Yoast SEO plugin. -->","yoast_head_json":{"title":"Cuida\u2019t: Salut mental dels infants, adolescents i joves. Respostes saludables - L'escola gra\u00f3 a gra\u00f3","robots":{"index":"index","follow":"follow","max-snippet":"max-snippet:-1","max-image-preview":"max-image-preview:large","max-video-preview":"max-video-preview:-1"},"canonical":"https:\/\/diarieducacio.cat\/grao\/2023\/06\/27\/cuidat-salut-mental-dels-infants-adolescents-i-joves-respostes-saludables\/","og_locale":"ca_ES","og_type":"article","og_title":"Cuida\u2019t: Salut mental dels infants, adolescents i joves. Respostes saludables - L'escola gra\u00f3 a gra\u00f3","og_description":"Sabem que hi ha coses que funcionen, volem gaudir de la feina i podem millorar, tant des del punt de vista individual com col\u00b7lectiu.","og_url":"https:\/\/diarieducacio.cat\/grao\/2023\/06\/27\/cuidat-salut-mental-dels-infants-adolescents-i-joves-respostes-saludables\/","og_site_name":"L'escola gra\u00f3 a gra\u00f3","article_published_time":"2023-06-27T05:00:44+00:00","article_modified_time":"2024-05-13T16:30:28+00:00","og_image":[{"width":2560,"height":1707,"url":"https:\/\/diarieducacio.cat\/grao\/wp-content\/uploads\/sites\/31\/2023\/06\/pexels-negative-space-33999-1-scaled-1.jpg","type":"image\/jpeg"}],"author":"Equip Cuidem-nos","twitter_card":"summary_large_image","twitter_misc":{"Escrit per":"Equip Cuidem-nos","Temps estimat de lectura":"2 minuts"},"schema":{"@context":"https:\/\/schema.org","@graph":[{"@type":"Article","@id":"https:\/\/diarieducacio.cat\/grao\/2023\/06\/27\/cuidat-salut-mental-dels-infants-adolescents-i-joves-respostes-saludables\/#article","isPartOf":{"@id":"https:\/\/diarieducacio.cat\/grao\/2023\/06\/27\/cuidat-salut-mental-dels-infants-adolescents-i-joves-respostes-saludables\/"},"author":{"name":"Equip Cuidem-nos","@id":"https:\/\/diarieducacio.cat\/grao\/#\/schema\/person\/f43fed6b918e75fdc25a6544e4b6cd5b"},"headline":"Cuida\u2019t: Salut mental dels infants, adolescents i joves. Respostes saludables","datePublished":"2023-06-27T05:00:44+00:00","dateModified":"2024-05-13T16:30:28+00:00","mainEntityOfPage":{"@id":"https:\/\/diarieducacio.cat\/grao\/2023\/06\/27\/cuidat-salut-mental-dels-infants-adolescents-i-joves-respostes-saludables\/"},"wordCount":476,"commentCount":0,"image":{"@id":"https:\/\/diarieducacio.cat\/grao\/2023\/06\/27\/cuidat-salut-mental-dels-infants-adolescents-i-joves-respostes-saludables\/#primaryimage"},"thumbnailUrl":"https:\/\/diarieducacio.cat\/grao\/wp-content\/uploads\/sites\/31\/2023\/06\/pexels-negative-space-33999-1-scaled-1.jpg","keywords":["adolescents","depressi\u00f3","Emocions","pand\u00e8mia","salut mental"],"articleSection":["Desenvolupament Personal","Educaci\u00f3 afectiva\/emocional"],"inLanguage":"ca","potentialAction":[{"@type":"CommentAction","name":"Comment","target":["https:\/\/diarieducacio.cat\/grao\/2023\/06\/27\/cuidat-salut-mental-dels-infants-adolescents-i-joves-respostes-saludables\/#respond"]}]},{"@type":"WebPage","@id":"https:\/\/diarieducacio.cat\/grao\/2023\/06\/27\/cuidat-salut-mental-dels-infants-adolescents-i-joves-respostes-saludables\/","url":"https:\/\/diarieducacio.cat\/grao\/2023\/06\/27\/cuidat-salut-mental-dels-infants-adolescents-i-joves-respostes-saludables\/","name":"Cuida\u2019t: Salut mental dels infants, adolescents i joves. Respostes saludables - L'escola gra\u00f3 a gra\u00f3","isPartOf":{"@id":"https:\/\/diarieducacio.cat\/grao\/#website"},"primaryImageOfPage":{"@id":"https:\/\/diarieducacio.cat\/grao\/2023\/06\/27\/cuidat-salut-mental-dels-infants-adolescents-i-joves-respostes-saludables\/#primaryimage"},"image":{"@id":"https:\/\/diarieducacio.cat\/grao\/2023\/06\/27\/cuidat-salut-mental-dels-infants-adolescents-i-joves-respostes-saludables\/#primaryimage"},"thumbnailUrl":"https:\/\/diarieducacio.cat\/grao\/wp-content\/uploads\/sites\/31\/2023\/06\/pexels-negative-space-33999-1-scaled-1.jpg","datePublished":"2023-06-27T05:00:44+00:00","dateModified":"2024-05-13T16:30:28+00:00","author":{"@id":"https:\/\/diarieducacio.cat\/grao\/#\/schema\/person\/f43fed6b918e75fdc25a6544e4b6cd5b"},"breadcrumb":{"@id":"https:\/\/diarieducacio.cat\/grao\/2023\/06\/27\/cuidat-salut-mental-dels-infants-adolescents-i-joves-respostes-saludables\/#breadcrumb"},"inLanguage":"ca","potentialAction":[{"@type":"ReadAction","target":["https:\/\/diarieducacio.cat\/grao\/2023\/06\/27\/cuidat-salut-mental-dels-infants-adolescents-i-joves-respostes-saludables\/"]}]},{"@type":"ImageObject","inLanguage":"ca","@id":"https:\/\/diarieducacio.cat\/grao\/2023\/06\/27\/cuidat-salut-mental-dels-infants-adolescents-i-joves-respostes-saludables\/#primaryimage","url":"https:\/\/diarieducacio.cat\/grao\/wp-content\/uploads\/sites\/31\/2023\/06\/pexels-negative-space-33999-1-scaled-1.jpg","contentUrl":"https:\/\/diarieducacio.cat\/grao\/wp-content\/uploads\/sites\/31\/2023\/06\/pexels-negative-space-33999-1-scaled-1.jpg","width":2560,"height":1707},{"@type":"BreadcrumbList","@id":"https:\/\/diarieducacio.cat\/grao\/2023\/06\/27\/cuidat-salut-mental-dels-infants-adolescents-i-joves-respostes-saludables\/#breadcrumb","itemListElement":[{"@type":"ListItem","position":1,"name":"Inici","item":"https:\/\/diarieducacio.cat\/grao\/"},{"@type":"ListItem","position":2,"name":"Cuida\u2019t: Salut mental dels infants, adolescents i joves. Respostes saludables"}]},{"@type":"WebSite","@id":"https:\/\/diarieducacio.cat\/grao\/#website","url":"https:\/\/diarieducacio.cat\/grao\/","name":"L'escola gra\u00f3 a gra\u00f3","description":"Un blog de El Diari de l&#039;Educaci\u00f3","potentialAction":[{"@type":"SearchAction","target":{"@type":"EntryPoint","urlTemplate":"https:\/\/diarieducacio.cat\/grao\/?s={search_term_string}"},"query-input":{"@type":"PropertyValueSpecification","valueRequired":true,"valueName":"search_term_string"}}],"inLanguage":"ca"},{"@type":"Person","@id":"https:\/\/diarieducacio.cat\/grao\/#\/schema\/person\/f43fed6b918e75fdc25a6544e4b6cd5b","name":"Equip Cuidem-nos","image":{"@type":"ImageObject","inLanguage":"ca","@id":"https:\/\/secure.gravatar.com\/avatar\/5f0ec845f9ac3546e70480c8d13d7738cbd529493bff5b8d037f44f251af7766?s=96&d=mm&r=g","url":"https:\/\/secure.gravatar.com\/avatar\/5f0ec845f9ac3546e70480c8d13d7738cbd529493bff5b8d037f44f251af7766?s=96&d=mm&r=g","contentUrl":"https:\/\/secure.gravatar.com\/avatar\/5f0ec845f9ac3546e70480c8d13d7738cbd529493bff5b8d037f44f251af7766?s=96&d=mm&r=g","caption":"Equip Cuidem-nos"},"url":"https:\/\/diarieducacio.cat\/grao\/author\/ecuidemnos\/"}]}},"_links":{"self":[{"href":"https:\/\/diarieducacio.cat\/grao\/wp-json\/wp\/v2\/posts\/6114","targetHints":{"allow":["GET"]}}],"collection":[{"href":"https:\/\/diarieducacio.cat\/grao\/wp-json\/wp\/v2\/posts"}],"about":[{"href":"https:\/\/diarieducacio.cat\/grao\/wp-json\/wp\/v2\/types\/post"}],"author":[{"embeddable":true,"href":"https:\/\/diarieducacio.cat\/grao\/wp-json\/wp\/v2\/users\/555"}],"replies":[{"embeddable":true,"href":"https:\/\/diarieducacio.cat\/grao\/wp-json\/wp\/v2\/comments?post=6114"}],"version-history":[{"count":1,"href":"https:\/\/diarieducacio.cat\/grao\/wp-json\/wp\/v2\/posts\/6114\/revisions"}],"predecessor-version":[{"id":6321,"href":"https:\/\/diarieducacio.cat\/grao\/wp-json\/wp\/v2\/posts\/6114\/revisions\/6321"}],"wp:featuredmedia":[{"embeddable":true,"href":"https:\/\/diarieducacio.cat\/grao\/wp-json\/wp\/v2\/media\/6116"}],"wp:attachment":[{"href":"https:\/\/diarieducacio.cat\/grao\/wp-json\/wp\/v2\/media?parent=6114"}],"wp:term":[{"taxonomy":"category","embeddable":true,"href":"https:\/\/diarieducacio.cat\/grao\/wp-json\/wp\/v2\/categories?post=6114"},{"taxonomy":"post_tag","embeddable":true,"href":"https:\/\/diarieducacio.cat\/grao\/wp-json\/wp\/v2\/tags?post=6114"},{"taxonomy":"tipo","embeddable":true,"href":"https:\/\/diarieducacio.cat\/grao\/wp-json\/wp\/v2\/tipo?post=6114"}],"curies":[{"name":"wp","href":"https:\/\/api.w.org\/{rel}","templated":true}]}}