{"id":6134,"date":"2024-02-27T05:00:48","date_gmt":"2024-02-27T05:00:48","guid":{"rendered":"https:\/\/diarieducacio.cat\/grao\/?p=6134"},"modified":"2024-05-13T18:30:28","modified_gmt":"2024-05-13T16:30:28","slug":"lescola-es-un-lloc-que-cuida","status":"publish","type":"post","link":"https:\/\/diarieducacio.cat\/grao\/2024\/02\/27\/lescola-es-un-lloc-que-cuida\/","title":{"rendered":"L\u2019escola \u00e9s un lloc que cuida?"},"content":{"rendered":"<p>La teoria feminista i la seva genealogia fa anys que analitzen les pr\u00e0ctiques i pol\u00edtiques socials respecte a les cures all\u00e0 on ens han ensenyat que aquestes s\u00f3n la base per a una vida digna. No s\u00f3n necessitats que apareixen en algun moment de la vida, sin\u00f3 que, al contrari, s\u00f3n la base per al desenvolupament del dia a dia de tota persona. La realitat, per\u00f2, \u00e9s que vivim una crisi sist\u00e8mica profunda pel que fa a aquesta q\u00fcesti\u00f3.<\/p>\n<p>Fa tres anys una pand\u00e8mia mundial ens va posar de manifest que tancant els centres educatius tamb\u00e9 pass\u00e0vem el forrellat a les portes d\u2019aquelles institucions que, m\u00e9s enll\u00e0 d\u2019estar destinades a l\u2019ensenyament, a proporcionar coneixements i a l\u2019alfabetitzaci\u00f3, tamb\u00e9 exerceixen un servei assistencial i de cures del sistema. Es van tancar les escoles i es va crear el caos. Per tant, si l\u2019escola \u00e9s un indret que cuida, tamb\u00e9 ha de ser un espai on s\u2019ensenyi, es reivindiqui, se socialitzi i es reparteixin les cures. Advoquem, doncs, per la incorporaci\u00f3 de la pedagogia de les cures als nostres centres educatius i reforcem aquesta perspectiva tant en els projectes de direcci\u00f3 com en el projecte educatiu.<\/p>\n<p><strong>Aquesta pedagogia gira al voltant de posar la vida de totes les persones al centre, entenent que les persones s\u00f3n interdependents i dependents alhora.<\/strong> Tu em necessites tant com jo a tu. <strong>Posem al centre <\/strong>(si \u00e9s que aquest centre \u00e9s capa\u00e7 de no col\u00b7lapsar-se, ja que aqu\u00ed mateix hi hem col\u00b7locat massa q\u00fcestions) <strong>la<\/strong> <strong>participaci\u00f3, les relacions afectives, la solidaritat, l\u2019empatia, els processos d\u2019empoderament\u2026 Tot des d\u2019una perspectiva feminista i inclusiva<\/strong>. Valorem les tasques que, majorit\u00e0riament, han exercit les dones, i no ens allunyem pas de la realitat dels centres educatius d\u2019infantil i prim\u00e0ria, en qu\u00e8 la immensa majoria de professionals som dones.<\/p>\n<blockquote><p>Aquesta pedagogia gira al voltant de posar la vida de totes les persones al centre, entenent que les persones s\u00f3n interdependents i dependents alhora. Posem al centre la participaci\u00f3, les relacions afectives, la solidaritat, l\u2019empatia, els processos d\u2019empoderament\u2026 Tot des d\u2019una perspectiva feminista i inclusiva<\/p><\/blockquote>\n<p>Les escoles i les persones professionals que en formem part tenim la responsabilitat de ser agents referents que haurem de treballar per fer pedagogia per visibilitzar que les cures ens sostenen socialment, i que l\u2019escola \u00e9s un agent actiu en aquesta labor. Exercir cures \u00e9s responsabilitat de totes i cadascuna de les persones que constitu\u00efm la comunitat (en aquest cas educativa). Aix\u00ed doncs, dur a terme an\u00e0lisis amb perspectiva feminista ser\u00e0 fonamental per no perpetuar a les escoles models de feminitzaci\u00f3 d\u2019aquesta tasca tan arrelats en la societat. La transformaci\u00f3 cap a una escola que cuida comen\u00e7a per fer-nos plantejar, per exemple, quins criteris tenim en compte per agrupar l\u2019alumnat a les nostres aules. Si aquestes distribucions les fem mitjan\u00e7ant el criteri d\u2019oferir i donar ajut, procurem que aquest ajut no el proporcionin sempre les alumnes, i ensenyem als nostres alumnes que ells tamb\u00e9 poden ajudar i que ajudar \u00e9s cuidar.<\/p>\n<p>En aquesta responsabilitat col\u00b7lectiva tamb\u00e9 hem d\u2019obrir moments i espais perqu\u00e8 el claustre i el professorat pugui sentir que se\u2019l cuida i que pot cuidar. En un m\u00f3n r\u00e0pid, en qu\u00e8 les presses, les pressions i el desenvolupament del curs escolar van a la velocitat de la llum, quins temps oferim a les nostres col\u00b7legues per cuidar i ser cuidades? La transformaci\u00f3 cap a una escola que cuida continua per estudiar, per exemple, si la nostra escola pot crear estructures avalades per la direcci\u00f3 en qu\u00e8 professionals i iguals tinguin un espai per crear xarxes d\u2019atenci\u00f3 m\u00fatua amb finalitats pedag\u00f2giques que ajudin a desbloquejar situacions adverses o complicades del centre. Espais on el professorat senti que no est\u00e0 sol i que el benestar i l\u2019\u00e8xit de tot l\u2019alumnat \u00e9s una responsabilitat col\u00b7lectiva.<\/p>\n<p>Sembla indubtable l\u2019afirmaci\u00f3 que cada cop vivim en una societat m\u00e9s individualista, en qu\u00e8 cada persona mira per i per al seu inter\u00e8s i cada vegada \u00e9s m\u00e9s dif\u00edcil impulsar projectes col\u00b7lectius. Cada cop resulta m\u00e9s complicat acostar les fam\u00edlies a l\u2019escola amb aquest prop\u00f2sit, i aix\u00f2 que s\u00f3n elles les principals interessades en tot el que s\u2019hi duu a terme i es fa. Aquest tema \u00e9s una tasca pendent i urgent que hem d\u2019abordar com m\u00e9s aviat millor. Continuant amb la transformaci\u00f3 de l\u2019escola que cuida, el pas seg\u00fcent seria posar el focus en les fam\u00edlies i reflexionar sobre quines pr\u00e0ctiques i moments els ofereix l\u2019escola perqu\u00e8 sentin que s\u00f3n part d\u2019un tot. Treballar el sentiment de pertinen\u00e7a \u00e9s cuidar; activem, doncs, iniciatives que el fomentin.<\/p>\n<p>L\u2019escola \u00e9s un lloc que cuida? S\u00ed, \u00e9s un lloc que cuida i molt, per\u00f2 es pot cuidar m\u00e9s b\u00e9 i \u00e9s a les nostres mans que sigui aix\u00ed. No \u00e9s mai tard.<\/p>\n<p><em>Editorial de la Revista Guix n\u00ba 507<\/em><\/p>\n","protected":false},"excerpt":{"rendered":"<p>La teoria feminista i la seva genealogia fa anys que analitzen les pr\u00e0ctiques i pol\u00edtiques socials respecte a les cures all\u00e0 on ens han ensenyat que aquestes s\u00f3n la base per a una vida digna. No s\u00f3n necessitats que apareixen en algun moment de la vida, sin\u00f3 que, al contrari, s\u00f3n la base per al<\/p>\n","protected":false},"author":524,"featured_media":6150,"comment_status":"open","ping_status":"closed","sticky":false,"template":"","format":"standard","meta":{"footnotes":""},"categories":[284,115,481],"tags":[477,331,478,479,480,213,482],"tipo":[488],"class_list":{"0":"post-6134","1":"post","2":"type-post","3":"status-publish","4":"format-standard","5":"has-post-thumbnail","7":"category-finalitats-de-leducacio","8":"category-reflexio","9":"category-relacions","10":"tag-cures","11":"tag-educacio","12":"tag-escoltes","13":"tag-feminisme","14":"tag-mestres","15":"tag-sentiments","16":"tag-vida-del-centre","17":"tipo-opinio"},"yoast_head":"<!-- This site is optimized with the Yoast SEO plugin v27.4 - https:\/\/yoast.com\/product\/yoast-seo-wordpress\/ -->\n<title>L\u2019escola \u00e9s un lloc que cuida? - L&#039;escola gra\u00f3 a gra\u00f3<\/title>\n<meta name=\"robots\" content=\"index, follow, max-snippet:-1, max-image-preview:large, max-video-preview:-1\" \/>\n<link rel=\"canonical\" href=\"https:\/\/diarieducacio.cat\/grao\/2024\/02\/27\/lescola-es-un-lloc-que-cuida\/\" \/>\n<meta property=\"og:locale\" content=\"ca_ES\" \/>\n<meta property=\"og:type\" content=\"article\" \/>\n<meta property=\"og:title\" content=\"L\u2019escola \u00e9s un lloc que cuida? - L&#039;escola gra\u00f3 a gra\u00f3\" \/>\n<meta property=\"og:description\" content=\"La teoria feminista i la seva genealogia fa anys que analitzen les pr\u00e0ctiques i pol\u00edtiques socials respecte a les cures all\u00e0 on ens han ensenyat que aquestes s\u00f3n la base per a una vida digna. No s\u00f3n necessitats que apareixen en algun moment de la vida, sin\u00f3 que, al contrari, s\u00f3n la base per al\" \/>\n<meta property=\"og:url\" content=\"https:\/\/diarieducacio.cat\/grao\/2024\/02\/27\/lescola-es-un-lloc-que-cuida\/\" \/>\n<meta property=\"og:site_name\" content=\"L&#039;escola gra\u00f3 a gra\u00f3\" \/>\n<meta property=\"article:published_time\" content=\"2024-02-27T05:00:48+00:00\" \/>\n<meta property=\"article:modified_time\" content=\"2024-05-13T16:30:28+00:00\" \/>\n<meta property=\"og:image\" content=\"https:\/\/diarieducacio.cat\/grao\/wp-content\/uploads\/sites\/31\/2024\/02\/hands-1846428_1280.jpg\" \/>\n\t<meta property=\"og:image:width\" content=\"1280\" \/>\n\t<meta property=\"og:image:height\" content=\"853\" \/>\n\t<meta property=\"og:image:type\" content=\"image\/jpeg\" \/>\n<meta name=\"author\" content=\"Redacci\u00f3 - Editorial Gra\u00f3\" \/>\n<meta name=\"twitter:card\" content=\"summary_large_image\" \/>\n<meta name=\"twitter:label1\" content=\"Escrit per\" \/>\n\t<meta name=\"twitter:data1\" content=\"Redacci\u00f3 - Editorial Gra\u00f3\" \/>\n\t<meta name=\"twitter:label2\" content=\"Temps estimat de lectura\" \/>\n\t<meta name=\"twitter:data2\" content=\"4 minuts\" \/>\n<script type=\"application\/ld+json\" class=\"yoast-schema-graph\">{\"@context\":\"https:\\\/\\\/schema.org\",\"@graph\":[{\"@type\":\"Article\",\"@id\":\"https:\\\/\\\/diarieducacio.cat\\\/grao\\\/2024\\\/02\\\/27\\\/lescola-es-un-lloc-que-cuida\\\/#article\",\"isPartOf\":{\"@id\":\"https:\\\/\\\/diarieducacio.cat\\\/grao\\\/2024\\\/02\\\/27\\\/lescola-es-un-lloc-que-cuida\\\/\"},\"author\":{\"name\":\"Redacci\u00f3 - Editorial Gra\u00f3\",\"@id\":\"https:\\\/\\\/diarieducacio.cat\\\/grao\\\/#\\\/schema\\\/person\\\/131fe889ba50cb4a8381cabc75beb3ff\"},\"headline\":\"L\u2019escola \u00e9s un lloc que cuida?\",\"datePublished\":\"2024-02-27T05:00:48+00:00\",\"dateModified\":\"2024-05-13T16:30:28+00:00\",\"mainEntityOfPage\":{\"@id\":\"https:\\\/\\\/diarieducacio.cat\\\/grao\\\/2024\\\/02\\\/27\\\/lescola-es-un-lloc-que-cuida\\\/\"},\"wordCount\":873,\"commentCount\":0,\"image\":{\"@id\":\"https:\\\/\\\/diarieducacio.cat\\\/grao\\\/2024\\\/02\\\/27\\\/lescola-es-un-lloc-que-cuida\\\/#primaryimage\"},\"thumbnailUrl\":\"https:\\\/\\\/diarieducacio.cat\\\/grao\\\/wp-content\\\/uploads\\\/sites\\\/31\\\/2024\\\/02\\\/hands-1846428_1280.jpg\",\"keywords\":[\"cures\",\"educaci\u00f3\",\"escoltes\",\"feminisme\",\"mestres\",\"sentiments\",\"vida del centre\"],\"articleSection\":[\"Finalitats de l'educaci\u00f3\",\"Reflexi\u00f3\",\"Relacions\"],\"inLanguage\":\"ca\",\"potentialAction\":[{\"@type\":\"CommentAction\",\"name\":\"Comment\",\"target\":[\"https:\\\/\\\/diarieducacio.cat\\\/grao\\\/2024\\\/02\\\/27\\\/lescola-es-un-lloc-que-cuida\\\/#respond\"]}]},{\"@type\":\"WebPage\",\"@id\":\"https:\\\/\\\/diarieducacio.cat\\\/grao\\\/2024\\\/02\\\/27\\\/lescola-es-un-lloc-que-cuida\\\/\",\"url\":\"https:\\\/\\\/diarieducacio.cat\\\/grao\\\/2024\\\/02\\\/27\\\/lescola-es-un-lloc-que-cuida\\\/\",\"name\":\"L\u2019escola \u00e9s un lloc que cuida? - L'escola gra\u00f3 a gra\u00f3\",\"isPartOf\":{\"@id\":\"https:\\\/\\\/diarieducacio.cat\\\/grao\\\/#website\"},\"primaryImageOfPage\":{\"@id\":\"https:\\\/\\\/diarieducacio.cat\\\/grao\\\/2024\\\/02\\\/27\\\/lescola-es-un-lloc-que-cuida\\\/#primaryimage\"},\"image\":{\"@id\":\"https:\\\/\\\/diarieducacio.cat\\\/grao\\\/2024\\\/02\\\/27\\\/lescola-es-un-lloc-que-cuida\\\/#primaryimage\"},\"thumbnailUrl\":\"https:\\\/\\\/diarieducacio.cat\\\/grao\\\/wp-content\\\/uploads\\\/sites\\\/31\\\/2024\\\/02\\\/hands-1846428_1280.jpg\",\"datePublished\":\"2024-02-27T05:00:48+00:00\",\"dateModified\":\"2024-05-13T16:30:28+00:00\",\"author\":{\"@id\":\"https:\\\/\\\/diarieducacio.cat\\\/grao\\\/#\\\/schema\\\/person\\\/131fe889ba50cb4a8381cabc75beb3ff\"},\"breadcrumb\":{\"@id\":\"https:\\\/\\\/diarieducacio.cat\\\/grao\\\/2024\\\/02\\\/27\\\/lescola-es-un-lloc-que-cuida\\\/#breadcrumb\"},\"inLanguage\":\"ca\",\"potentialAction\":[{\"@type\":\"ReadAction\",\"target\":[\"https:\\\/\\\/diarieducacio.cat\\\/grao\\\/2024\\\/02\\\/27\\\/lescola-es-un-lloc-que-cuida\\\/\"]}]},{\"@type\":\"ImageObject\",\"inLanguage\":\"ca\",\"@id\":\"https:\\\/\\\/diarieducacio.cat\\\/grao\\\/2024\\\/02\\\/27\\\/lescola-es-un-lloc-que-cuida\\\/#primaryimage\",\"url\":\"https:\\\/\\\/diarieducacio.cat\\\/grao\\\/wp-content\\\/uploads\\\/sites\\\/31\\\/2024\\\/02\\\/hands-1846428_1280.jpg\",\"contentUrl\":\"https:\\\/\\\/diarieducacio.cat\\\/grao\\\/wp-content\\\/uploads\\\/sites\\\/31\\\/2024\\\/02\\\/hands-1846428_1280.jpg\",\"width\":1280,\"height\":853,\"caption\":\"| Pexels\\\/Pixabay\"},{\"@type\":\"BreadcrumbList\",\"@id\":\"https:\\\/\\\/diarieducacio.cat\\\/grao\\\/2024\\\/02\\\/27\\\/lescola-es-un-lloc-que-cuida\\\/#breadcrumb\",\"itemListElement\":[{\"@type\":\"ListItem\",\"position\":1,\"name\":\"Inici\",\"item\":\"https:\\\/\\\/diarieducacio.cat\\\/grao\\\/\"},{\"@type\":\"ListItem\",\"position\":2,\"name\":\"L\u2019escola \u00e9s un lloc que cuida?\"}]},{\"@type\":\"WebSite\",\"@id\":\"https:\\\/\\\/diarieducacio.cat\\\/grao\\\/#website\",\"url\":\"https:\\\/\\\/diarieducacio.cat\\\/grao\\\/\",\"name\":\"L'escola gra\u00f3 a gra\u00f3\",\"description\":\"Un blog de El Diari de l&#039;Educaci\u00f3\",\"potentialAction\":[{\"@type\":\"SearchAction\",\"target\":{\"@type\":\"EntryPoint\",\"urlTemplate\":\"https:\\\/\\\/diarieducacio.cat\\\/grao\\\/?s={search_term_string}\"},\"query-input\":{\"@type\":\"PropertyValueSpecification\",\"valueRequired\":true,\"valueName\":\"search_term_string\"}}],\"inLanguage\":\"ca\"},{\"@type\":\"Person\",\"@id\":\"https:\\\/\\\/diarieducacio.cat\\\/grao\\\/#\\\/schema\\\/person\\\/131fe889ba50cb4a8381cabc75beb3ff\",\"name\":\"Redacci\u00f3 - Editorial Gra\u00f3\",\"image\":{\"@type\":\"ImageObject\",\"inLanguage\":\"ca\",\"@id\":\"https:\\\/\\\/secure.gravatar.com\\\/avatar\\\/9d8b5293e92495f73d6f062cfac5de13f5a8355a89caf901edc1274d5640ad66?s=96&d=mm&r=g\",\"url\":\"https:\\\/\\\/secure.gravatar.com\\\/avatar\\\/9d8b5293e92495f73d6f062cfac5de13f5a8355a89caf901edc1274d5640ad66?s=96&d=mm&r=g\",\"contentUrl\":\"https:\\\/\\\/secure.gravatar.com\\\/avatar\\\/9d8b5293e92495f73d6f062cfac5de13f5a8355a89caf901edc1274d5640ad66?s=96&d=mm&r=g\",\"caption\":\"Redacci\u00f3 - Editorial Gra\u00f3\"},\"url\":\"https:\\\/\\\/diarieducacio.cat\\\/grao\\\/author\\\/emoreno\\\/\"}]}<\/script>\n<!-- \/ Yoast SEO plugin. -->","yoast_head_json":{"title":"L\u2019escola \u00e9s un lloc que cuida? - L'escola gra\u00f3 a gra\u00f3","robots":{"index":"index","follow":"follow","max-snippet":"max-snippet:-1","max-image-preview":"max-image-preview:large","max-video-preview":"max-video-preview:-1"},"canonical":"https:\/\/diarieducacio.cat\/grao\/2024\/02\/27\/lescola-es-un-lloc-que-cuida\/","og_locale":"ca_ES","og_type":"article","og_title":"L\u2019escola \u00e9s un lloc que cuida? - L'escola gra\u00f3 a gra\u00f3","og_description":"La teoria feminista i la seva genealogia fa anys que analitzen les pr\u00e0ctiques i pol\u00edtiques socials respecte a les cures all\u00e0 on ens han ensenyat que aquestes s\u00f3n la base per a una vida digna. No s\u00f3n necessitats que apareixen en algun moment de la vida, sin\u00f3 que, al contrari, s\u00f3n la base per al","og_url":"https:\/\/diarieducacio.cat\/grao\/2024\/02\/27\/lescola-es-un-lloc-que-cuida\/","og_site_name":"L'escola gra\u00f3 a gra\u00f3","article_published_time":"2024-02-27T05:00:48+00:00","article_modified_time":"2024-05-13T16:30:28+00:00","og_image":[{"width":1280,"height":853,"url":"https:\/\/diarieducacio.cat\/grao\/wp-content\/uploads\/sites\/31\/2024\/02\/hands-1846428_1280.jpg","type":"image\/jpeg"}],"author":"Redacci\u00f3 - Editorial Gra\u00f3","twitter_card":"summary_large_image","twitter_misc":{"Escrit per":"Redacci\u00f3 - Editorial Gra\u00f3","Temps estimat de lectura":"4 minuts"},"schema":{"@context":"https:\/\/schema.org","@graph":[{"@type":"Article","@id":"https:\/\/diarieducacio.cat\/grao\/2024\/02\/27\/lescola-es-un-lloc-que-cuida\/#article","isPartOf":{"@id":"https:\/\/diarieducacio.cat\/grao\/2024\/02\/27\/lescola-es-un-lloc-que-cuida\/"},"author":{"name":"Redacci\u00f3 - Editorial Gra\u00f3","@id":"https:\/\/diarieducacio.cat\/grao\/#\/schema\/person\/131fe889ba50cb4a8381cabc75beb3ff"},"headline":"L\u2019escola \u00e9s un lloc que cuida?","datePublished":"2024-02-27T05:00:48+00:00","dateModified":"2024-05-13T16:30:28+00:00","mainEntityOfPage":{"@id":"https:\/\/diarieducacio.cat\/grao\/2024\/02\/27\/lescola-es-un-lloc-que-cuida\/"},"wordCount":873,"commentCount":0,"image":{"@id":"https:\/\/diarieducacio.cat\/grao\/2024\/02\/27\/lescola-es-un-lloc-que-cuida\/#primaryimage"},"thumbnailUrl":"https:\/\/diarieducacio.cat\/grao\/wp-content\/uploads\/sites\/31\/2024\/02\/hands-1846428_1280.jpg","keywords":["cures","educaci\u00f3","escoltes","feminisme","mestres","sentiments","vida del centre"],"articleSection":["Finalitats de l'educaci\u00f3","Reflexi\u00f3","Relacions"],"inLanguage":"ca","potentialAction":[{"@type":"CommentAction","name":"Comment","target":["https:\/\/diarieducacio.cat\/grao\/2024\/02\/27\/lescola-es-un-lloc-que-cuida\/#respond"]}]},{"@type":"WebPage","@id":"https:\/\/diarieducacio.cat\/grao\/2024\/02\/27\/lescola-es-un-lloc-que-cuida\/","url":"https:\/\/diarieducacio.cat\/grao\/2024\/02\/27\/lescola-es-un-lloc-que-cuida\/","name":"L\u2019escola \u00e9s un lloc que cuida? - L'escola gra\u00f3 a gra\u00f3","isPartOf":{"@id":"https:\/\/diarieducacio.cat\/grao\/#website"},"primaryImageOfPage":{"@id":"https:\/\/diarieducacio.cat\/grao\/2024\/02\/27\/lescola-es-un-lloc-que-cuida\/#primaryimage"},"image":{"@id":"https:\/\/diarieducacio.cat\/grao\/2024\/02\/27\/lescola-es-un-lloc-que-cuida\/#primaryimage"},"thumbnailUrl":"https:\/\/diarieducacio.cat\/grao\/wp-content\/uploads\/sites\/31\/2024\/02\/hands-1846428_1280.jpg","datePublished":"2024-02-27T05:00:48+00:00","dateModified":"2024-05-13T16:30:28+00:00","author":{"@id":"https:\/\/diarieducacio.cat\/grao\/#\/schema\/person\/131fe889ba50cb4a8381cabc75beb3ff"},"breadcrumb":{"@id":"https:\/\/diarieducacio.cat\/grao\/2024\/02\/27\/lescola-es-un-lloc-que-cuida\/#breadcrumb"},"inLanguage":"ca","potentialAction":[{"@type":"ReadAction","target":["https:\/\/diarieducacio.cat\/grao\/2024\/02\/27\/lescola-es-un-lloc-que-cuida\/"]}]},{"@type":"ImageObject","inLanguage":"ca","@id":"https:\/\/diarieducacio.cat\/grao\/2024\/02\/27\/lescola-es-un-lloc-que-cuida\/#primaryimage","url":"https:\/\/diarieducacio.cat\/grao\/wp-content\/uploads\/sites\/31\/2024\/02\/hands-1846428_1280.jpg","contentUrl":"https:\/\/diarieducacio.cat\/grao\/wp-content\/uploads\/sites\/31\/2024\/02\/hands-1846428_1280.jpg","width":1280,"height":853,"caption":"| Pexels\/Pixabay"},{"@type":"BreadcrumbList","@id":"https:\/\/diarieducacio.cat\/grao\/2024\/02\/27\/lescola-es-un-lloc-que-cuida\/#breadcrumb","itemListElement":[{"@type":"ListItem","position":1,"name":"Inici","item":"https:\/\/diarieducacio.cat\/grao\/"},{"@type":"ListItem","position":2,"name":"L\u2019escola \u00e9s un lloc que cuida?"}]},{"@type":"WebSite","@id":"https:\/\/diarieducacio.cat\/grao\/#website","url":"https:\/\/diarieducacio.cat\/grao\/","name":"L'escola gra\u00f3 a gra\u00f3","description":"Un blog de El Diari de l&#039;Educaci\u00f3","potentialAction":[{"@type":"SearchAction","target":{"@type":"EntryPoint","urlTemplate":"https:\/\/diarieducacio.cat\/grao\/?s={search_term_string}"},"query-input":{"@type":"PropertyValueSpecification","valueRequired":true,"valueName":"search_term_string"}}],"inLanguage":"ca"},{"@type":"Person","@id":"https:\/\/diarieducacio.cat\/grao\/#\/schema\/person\/131fe889ba50cb4a8381cabc75beb3ff","name":"Redacci\u00f3 - Editorial Gra\u00f3","image":{"@type":"ImageObject","inLanguage":"ca","@id":"https:\/\/secure.gravatar.com\/avatar\/9d8b5293e92495f73d6f062cfac5de13f5a8355a89caf901edc1274d5640ad66?s=96&d=mm&r=g","url":"https:\/\/secure.gravatar.com\/avatar\/9d8b5293e92495f73d6f062cfac5de13f5a8355a89caf901edc1274d5640ad66?s=96&d=mm&r=g","contentUrl":"https:\/\/secure.gravatar.com\/avatar\/9d8b5293e92495f73d6f062cfac5de13f5a8355a89caf901edc1274d5640ad66?s=96&d=mm&r=g","caption":"Redacci\u00f3 - Editorial Gra\u00f3"},"url":"https:\/\/diarieducacio.cat\/grao\/author\/emoreno\/"}]}},"_links":{"self":[{"href":"https:\/\/diarieducacio.cat\/grao\/wp-json\/wp\/v2\/posts\/6134","targetHints":{"allow":["GET"]}}],"collection":[{"href":"https:\/\/diarieducacio.cat\/grao\/wp-json\/wp\/v2\/posts"}],"about":[{"href":"https:\/\/diarieducacio.cat\/grao\/wp-json\/wp\/v2\/types\/post"}],"author":[{"embeddable":true,"href":"https:\/\/diarieducacio.cat\/grao\/wp-json\/wp\/v2\/users\/524"}],"replies":[{"embeddable":true,"href":"https:\/\/diarieducacio.cat\/grao\/wp-json\/wp\/v2\/comments?post=6134"}],"version-history":[{"count":1,"href":"https:\/\/diarieducacio.cat\/grao\/wp-json\/wp\/v2\/posts\/6134\/revisions"}],"predecessor-version":[{"id":6322,"href":"https:\/\/diarieducacio.cat\/grao\/wp-json\/wp\/v2\/posts\/6134\/revisions\/6322"}],"wp:featuredmedia":[{"embeddable":true,"href":"https:\/\/diarieducacio.cat\/grao\/wp-json\/wp\/v2\/media\/6150"}],"wp:attachment":[{"href":"https:\/\/diarieducacio.cat\/grao\/wp-json\/wp\/v2\/media?parent=6134"}],"wp:term":[{"taxonomy":"category","embeddable":true,"href":"https:\/\/diarieducacio.cat\/grao\/wp-json\/wp\/v2\/categories?post=6134"},{"taxonomy":"post_tag","embeddable":true,"href":"https:\/\/diarieducacio.cat\/grao\/wp-json\/wp\/v2\/tags?post=6134"},{"taxonomy":"tipo","embeddable":true,"href":"https:\/\/diarieducacio.cat\/grao\/wp-json\/wp\/v2\/tipo?post=6134"}],"curies":[{"name":"wp","href":"https:\/\/api.w.org\/{rel}","templated":true}]}}