{"id":690,"date":"2015-01-22T13:36:16","date_gmt":"2015-01-22T13:36:16","guid":{"rendered":"https:\/\/diarieducacio.cat\/grao\/?p=690"},"modified":"2024-05-13T18:30:15","modified_gmt":"2024-05-13T16:30:15","slug":"questions-de-genere","status":"publish","type":"post","link":"https:\/\/diarieducacio.cat\/grao\/2015\/01\/22\/questions-de-genere\/","title":{"rendered":"Q\u00fcestions de g\u00e8nere"},"content":{"rendered":"<p><a href=\"https:\/\/nostalgic-ishizaka.82-223-1-47.plesk.page\/grao\/wp-content\/uploads\/sites\/31\/2014\/12\/genere.jpg\"><\/a>Quan es tracten aquestes temes, acostuma a haver-hi for\u00e7a enrenou, i fins i tot situacions tenses, perqu\u00e8 el fet de no tenir criteris elaborats provoca discussions on utilitzen mers estereotips sobre el que pensen dels homes i de les dones, com fan moltes persones adultes als programes de televisi\u00f3.<\/p>\n<p>Hi ha molts i bons materials sobre g\u00e8nere i adolesc\u00e8ncia que podem utilitzar per obrir el debat. Podem demanar-los, per exemple, que elaborin un llistat sobre all\u00f2 que consideren \u00abel millor i el pitjor de ser noia i noi\u00bb. Se\u2019l rumien, el discuteixen en petits grups i, posteriorment, s\u2019obre la discussi\u00f3 de grup. \u00c9s una bona pr\u00e0ctica. Una altra forma de con\u00e8ixer les seves idees pr\u00e8vies i treballar-les \u00e9s plantejar-los preguntes tancades:<\/p>\n<ul>\n<li>Els homes i les dones s\u00f3n diferents. En qu\u00e8 consisteixen les difer\u00e8ncies?<\/li>\n<li>En les societats occidentals i democr\u00e0tiques persisteixen les desigualtats entre homes i dones. Explica amb exemples algunes d\u2019aquestes desigualtats.<\/li>\n<li>Enumera algunes actituds i alguns comportaments que indiquin viol\u00e8ncia de g\u00e8nere.<\/li>\n<li>Quines creus que s\u00f3n les causes de la viol\u00e8ncia de g\u00e8nere?<\/li>\n<li>Qu\u00e8 es pot fer per evitar-la?<\/li>\n<li>Una relaci\u00f3 en igualtat \u00e9s&#8230;<\/li>\n<\/ul>\n<p>Per con\u00e8ixer millor el que saben, pensen o senten amb relaci\u00f3 a la viol\u00e8ncia de g\u00e8nere, es pot discutir a prop\u00f2sit d\u2019alguns mites socials que enganyen sobre la realitat. Vegem-ne alguns exemples:1<\/p>\n<ul>\n<li>\u00abLa viol\u00e8ncia afecta molt poques dones. \u00c9s un fet poc habitual i a\u00efllat.\u00bb<\/li>\n<li>\u00abLa viol\u00e8ncia de g\u00e8nere afecta nom\u00e9s un determinat tipus de dones, de baixos ingressos, determinades situacions desfavorides o cultures minorit\u00e0ries.<\/li>\n<li>\u00abEl maltractament \u00e9s degut a la gelosia.\u00bb<\/li>\n<li>\u00abEls maltractadors s\u00f3n aix\u00ed per naturalesa, malats mentals o afectats per l\u2019alcoholisme o les drogues.\u00bb<\/li>\n<li>\u00abLa viol\u00e8ncia contra la dona \u00e9s producte d\u2019una mala relaci\u00f3 de parella. Tot se soluciona amb bona voluntat i paci\u00e8ncia.\u00bb<\/li>\n<li>\u00abEls maltractaments s\u00f3n conseq\u00fc\u00e8ncia d\u2019una p\u00e8rdua de control momentani.\u00bb<\/li>\n<li>\u00abSi aguanten \u00e9s perqu\u00e8 els agrada o no els importa gaire. Tot s\u2019acabaria si elles els denunciessin a la primera.\u00bb<\/li>\n<\/ul>\n<p>Aquests senzills exercicis ens permeten mostrar els estereotips amb qu\u00e8 funcionen i viuen les seves relacions, i, posteriorment, aprofundir en all\u00f2 que els nois i noies no saben i no acostumen a tenir l\u2019oportunitat de discutir, en l\u2019\u00e0mbit educatiu i amb persones adultes formades.<\/p>\n<p>Tots els estudis que s\u2019han fet sobre l\u2019amor en l\u2019adolesc\u00e8ncia ens informen que la majoria de les noies i els nois creuen que la gelosia \u00e9s una expressi\u00f3 d\u2019amor&#8230; Fins quan?<\/p>\n<p>NOTA: 1. Adaptaci\u00f3 del llibre: E. Sim\u00f3n (2009), Hijas de la igualdad, herederas de injusticias, Madrid, Narcea.<\/p>\n<p><strong>FONT:<\/strong> Revista Dotze 18 n.5. <em>Tutoria entre iguals<\/em>. Clic <span style=\"color: #0000ff\"><strong><a style=\"color: #0000ff\" href=\"http:\/\/dotze18.grao.com\/revistas\/dotze18\/005-tutoria-entre-iguals\/questions-de-genere\" target=\"_blank\" rel=\"noopener\">aqu\u00ed<\/a><\/strong><\/span>.<\/p>\n","protected":false},"excerpt":{"rendered":"<p>Em sembla interessant que posem damunt la taula quines s\u00f3n les formes, les maneres de fer i de pensar de tot all\u00f2 que considerem \u00abcoses de nois\u00bb i \u00abcoses de noies\u00bb, i podem comen\u00e7ar obrint un debat amb els mateixos nois i noies, perqu\u00e8 expressin les seves idees i creences respecte a aix\u00f2. El coneixement i la reflexi\u00f3 s\u00f3n necessaris i urgents, tant per a ells com per a elles.<\/p>\n","protected":false},"author":552,"featured_media":691,"comment_status":"open","ping_status":"open","sticky":false,"template":"","format":"standard","meta":{"footnotes":""},"categories":[172,101,251,173,108],"tags":[99,106,122,176,109,111],"tipo":[],"class_list":{"0":"post-690","1":"post","2":"type-post","3":"status-publish","4":"format-standard","5":"has-post-thumbnail","7":"category-coeducacio","8":"category-desenvolupament-personal","9":"category-educacio-afectivaemocional","10":"category-educacio-per-a-la-convivencia","11":"category-educacio-sexual","12":"tag-creixement-huma","13":"tag-discriminacio-sexista","14":"tag-educacio-afectiva","15":"tag-educacio-emocional","16":"tag-genere","17":"tag-identitat"},"yoast_head":"<!-- This site is optimized with the Yoast SEO plugin v27.4 - https:\/\/yoast.com\/product\/yoast-seo-wordpress\/ -->\n<title>Q\u00fcestions de g\u00e8nere - L&#039;escola gra\u00f3 a gra\u00f3<\/title>\n<meta name=\"robots\" content=\"index, follow, max-snippet:-1, max-image-preview:large, max-video-preview:-1\" \/>\n<link rel=\"canonical\" href=\"https:\/\/diarieducacio.cat\/grao\/2015\/01\/22\/questions-de-genere\/\" \/>\n<meta property=\"og:locale\" content=\"ca_ES\" \/>\n<meta property=\"og:type\" content=\"article\" \/>\n<meta property=\"og:title\" content=\"Q\u00fcestions de g\u00e8nere - L&#039;escola gra\u00f3 a gra\u00f3\" \/>\n<meta property=\"og:description\" content=\"Em sembla interessant que posem damunt la taula quines s\u00f3n les formes, les maneres de fer i de pensar de tot all\u00f2 que considerem \u00abcoses de nois\u00bb i \u00abcoses de noies\u00bb, i podem comen\u00e7ar obrint un debat amb els mateixos nois i noies, perqu\u00e8 expressin les seves idees i creences respecte a aix\u00f2. El coneixement i la reflexi\u00f3 s\u00f3n necessaris i urgents, tant per a ells com per a elles.\" \/>\n<meta property=\"og:url\" content=\"https:\/\/diarieducacio.cat\/grao\/2015\/01\/22\/questions-de-genere\/\" \/>\n<meta property=\"og:site_name\" content=\"L&#039;escola gra\u00f3 a gra\u00f3\" \/>\n<meta property=\"article:published_time\" content=\"2015-01-22T13:36:16+00:00\" \/>\n<meta property=\"article:modified_time\" content=\"2024-05-13T16:30:15+00:00\" \/>\n<meta property=\"og:image\" content=\"https:\/\/diarieducacio.cat\/grao\/wp-content\/uploads\/sites\/31\/2014\/12\/genere.jpg\" \/>\n\t<meta property=\"og:image:width\" content=\"334\" \/>\n\t<meta property=\"og:image:height\" content=\"232\" \/>\n\t<meta property=\"og:image:type\" content=\"image\/jpeg\" \/>\n<meta name=\"author\" content=\"Amparo Tom\u00e9\" \/>\n<meta name=\"twitter:card\" content=\"summary_large_image\" \/>\n<meta name=\"twitter:label1\" content=\"Escrit per\" \/>\n\t<meta name=\"twitter:data1\" content=\"Amparo Tom\u00e9\" \/>\n\t<meta name=\"twitter:label2\" content=\"Temps estimat de lectura\" \/>\n\t<meta name=\"twitter:data2\" content=\"2 minuts\" \/>\n<script type=\"application\/ld+json\" class=\"yoast-schema-graph\">{\"@context\":\"https:\\\/\\\/schema.org\",\"@graph\":[{\"@type\":\"Article\",\"@id\":\"https:\\\/\\\/diarieducacio.cat\\\/grao\\\/2015\\\/01\\\/22\\\/questions-de-genere\\\/#article\",\"isPartOf\":{\"@id\":\"https:\\\/\\\/diarieducacio.cat\\\/grao\\\/2015\\\/01\\\/22\\\/questions-de-genere\\\/\"},\"author\":{\"name\":\"Amparo Tom\u00e9\",\"@id\":\"https:\\\/\\\/diarieducacio.cat\\\/grao\\\/#\\\/schema\\\/person\\\/992c9a61ce854ccf8d21f8c3cdb7d184\"},\"headline\":\"Q\u00fcestions de g\u00e8nere\",\"datePublished\":\"2015-01-22T13:36:16+00:00\",\"dateModified\":\"2024-05-13T16:30:15+00:00\",\"mainEntityOfPage\":{\"@id\":\"https:\\\/\\\/diarieducacio.cat\\\/grao\\\/2015\\\/01\\\/22\\\/questions-de-genere\\\/\"},\"wordCount\":471,\"commentCount\":0,\"image\":{\"@id\":\"https:\\\/\\\/diarieducacio.cat\\\/grao\\\/2015\\\/01\\\/22\\\/questions-de-genere\\\/#primaryimage\"},\"thumbnailUrl\":\"https:\\\/\\\/diarieducacio.cat\\\/grao\\\/wp-content\\\/uploads\\\/sites\\\/31\\\/2014\\\/12\\\/genere.jpg\",\"keywords\":[\"creixement hum\u00e0\",\"discriminaci\u00f3 sexista\",\"Educaci\u00f3 afectiva\",\"educaci\u00f3 emocional\",\"g\u00e8nere\",\"identitat\"],\"articleSection\":[\"Coeducaci\u00f3\",\"Desenvolupament Personal\",\"Educaci\u00f3 afectiva\\\/emocional\",\"Educaci\u00f3 per a la conviv\u00e8ncia\",\"Educaci\u00f3 sexual\"],\"inLanguage\":\"ca\",\"potentialAction\":[{\"@type\":\"CommentAction\",\"name\":\"Comment\",\"target\":[\"https:\\\/\\\/diarieducacio.cat\\\/grao\\\/2015\\\/01\\\/22\\\/questions-de-genere\\\/#respond\"]}]},{\"@type\":\"WebPage\",\"@id\":\"https:\\\/\\\/diarieducacio.cat\\\/grao\\\/2015\\\/01\\\/22\\\/questions-de-genere\\\/\",\"url\":\"https:\\\/\\\/diarieducacio.cat\\\/grao\\\/2015\\\/01\\\/22\\\/questions-de-genere\\\/\",\"name\":\"Q\u00fcestions de g\u00e8nere - L'escola gra\u00f3 a gra\u00f3\",\"isPartOf\":{\"@id\":\"https:\\\/\\\/diarieducacio.cat\\\/grao\\\/#website\"},\"primaryImageOfPage\":{\"@id\":\"https:\\\/\\\/diarieducacio.cat\\\/grao\\\/2015\\\/01\\\/22\\\/questions-de-genere\\\/#primaryimage\"},\"image\":{\"@id\":\"https:\\\/\\\/diarieducacio.cat\\\/grao\\\/2015\\\/01\\\/22\\\/questions-de-genere\\\/#primaryimage\"},\"thumbnailUrl\":\"https:\\\/\\\/diarieducacio.cat\\\/grao\\\/wp-content\\\/uploads\\\/sites\\\/31\\\/2014\\\/12\\\/genere.jpg\",\"datePublished\":\"2015-01-22T13:36:16+00:00\",\"dateModified\":\"2024-05-13T16:30:15+00:00\",\"author\":{\"@id\":\"https:\\\/\\\/diarieducacio.cat\\\/grao\\\/#\\\/schema\\\/person\\\/992c9a61ce854ccf8d21f8c3cdb7d184\"},\"breadcrumb\":{\"@id\":\"https:\\\/\\\/diarieducacio.cat\\\/grao\\\/2015\\\/01\\\/22\\\/questions-de-genere\\\/#breadcrumb\"},\"inLanguage\":\"ca\",\"potentialAction\":[{\"@type\":\"ReadAction\",\"target\":[\"https:\\\/\\\/diarieducacio.cat\\\/grao\\\/2015\\\/01\\\/22\\\/questions-de-genere\\\/\"]}]},{\"@type\":\"ImageObject\",\"inLanguage\":\"ca\",\"@id\":\"https:\\\/\\\/diarieducacio.cat\\\/grao\\\/2015\\\/01\\\/22\\\/questions-de-genere\\\/#primaryimage\",\"url\":\"https:\\\/\\\/diarieducacio.cat\\\/grao\\\/wp-content\\\/uploads\\\/sites\\\/31\\\/2014\\\/12\\\/genere.jpg\",\"contentUrl\":\"https:\\\/\\\/diarieducacio.cat\\\/grao\\\/wp-content\\\/uploads\\\/sites\\\/31\\\/2014\\\/12\\\/genere.jpg\",\"width\":334,\"height\":232},{\"@type\":\"BreadcrumbList\",\"@id\":\"https:\\\/\\\/diarieducacio.cat\\\/grao\\\/2015\\\/01\\\/22\\\/questions-de-genere\\\/#breadcrumb\",\"itemListElement\":[{\"@type\":\"ListItem\",\"position\":1,\"name\":\"Inici\",\"item\":\"https:\\\/\\\/diarieducacio.cat\\\/grao\\\/\"},{\"@type\":\"ListItem\",\"position\":2,\"name\":\"Q\u00fcestions de g\u00e8nere\"}]},{\"@type\":\"WebSite\",\"@id\":\"https:\\\/\\\/diarieducacio.cat\\\/grao\\\/#website\",\"url\":\"https:\\\/\\\/diarieducacio.cat\\\/grao\\\/\",\"name\":\"L'escola gra\u00f3 a gra\u00f3\",\"description\":\"Un blog de El Diari de l&#039;Educaci\u00f3\",\"potentialAction\":[{\"@type\":\"SearchAction\",\"target\":{\"@type\":\"EntryPoint\",\"urlTemplate\":\"https:\\\/\\\/diarieducacio.cat\\\/grao\\\/?s={search_term_string}\"},\"query-input\":{\"@type\":\"PropertyValueSpecification\",\"valueRequired\":true,\"valueName\":\"search_term_string\"}}],\"inLanguage\":\"ca\"},{\"@type\":\"Person\",\"@id\":\"https:\\\/\\\/diarieducacio.cat\\\/grao\\\/#\\\/schema\\\/person\\\/992c9a61ce854ccf8d21f8c3cdb7d184\",\"name\":\"Amparo Tom\u00e9\",\"image\":{\"@type\":\"ImageObject\",\"inLanguage\":\"ca\",\"@id\":\"https:\\\/\\\/secure.gravatar.com\\\/avatar\\\/251f2386390411fcc05fd4ff2e5daec78641a048c96c31bd6c84bb84cdcdbee2?s=96&d=mm&r=g\",\"url\":\"https:\\\/\\\/secure.gravatar.com\\\/avatar\\\/251f2386390411fcc05fd4ff2e5daec78641a048c96c31bd6c84bb84cdcdbee2?s=96&d=mm&r=g\",\"contentUrl\":\"https:\\\/\\\/secure.gravatar.com\\\/avatar\\\/251f2386390411fcc05fd4ff2e5daec78641a048c96c31bd6c84bb84cdcdbee2?s=96&d=mm&r=g\",\"caption\":\"Amparo Tom\u00e9\"},\"url\":\"https:\\\/\\\/diarieducacio.cat\\\/grao\\\/author\\\/atome\\\/\"}]}<\/script>\n<!-- \/ Yoast SEO plugin. -->","yoast_head_json":{"title":"Q\u00fcestions de g\u00e8nere - L'escola gra\u00f3 a gra\u00f3","robots":{"index":"index","follow":"follow","max-snippet":"max-snippet:-1","max-image-preview":"max-image-preview:large","max-video-preview":"max-video-preview:-1"},"canonical":"https:\/\/diarieducacio.cat\/grao\/2015\/01\/22\/questions-de-genere\/","og_locale":"ca_ES","og_type":"article","og_title":"Q\u00fcestions de g\u00e8nere - L'escola gra\u00f3 a gra\u00f3","og_description":"Em sembla interessant que posem damunt la taula quines s\u00f3n les formes, les maneres de fer i de pensar de tot all\u00f2 que considerem \u00abcoses de nois\u00bb i \u00abcoses de noies\u00bb, i podem comen\u00e7ar obrint un debat amb els mateixos nois i noies, perqu\u00e8 expressin les seves idees i creences respecte a aix\u00f2. El coneixement i la reflexi\u00f3 s\u00f3n necessaris i urgents, tant per a ells com per a elles.","og_url":"https:\/\/diarieducacio.cat\/grao\/2015\/01\/22\/questions-de-genere\/","og_site_name":"L'escola gra\u00f3 a gra\u00f3","article_published_time":"2015-01-22T13:36:16+00:00","article_modified_time":"2024-05-13T16:30:15+00:00","og_image":[{"width":334,"height":232,"url":"https:\/\/diarieducacio.cat\/grao\/wp-content\/uploads\/sites\/31\/2014\/12\/genere.jpg","type":"image\/jpeg"}],"author":"Amparo Tom\u00e9","twitter_card":"summary_large_image","twitter_misc":{"Escrit per":"Amparo Tom\u00e9","Temps estimat de lectura":"2 minuts"},"schema":{"@context":"https:\/\/schema.org","@graph":[{"@type":"Article","@id":"https:\/\/diarieducacio.cat\/grao\/2015\/01\/22\/questions-de-genere\/#article","isPartOf":{"@id":"https:\/\/diarieducacio.cat\/grao\/2015\/01\/22\/questions-de-genere\/"},"author":{"name":"Amparo Tom\u00e9","@id":"https:\/\/diarieducacio.cat\/grao\/#\/schema\/person\/992c9a61ce854ccf8d21f8c3cdb7d184"},"headline":"Q\u00fcestions de g\u00e8nere","datePublished":"2015-01-22T13:36:16+00:00","dateModified":"2024-05-13T16:30:15+00:00","mainEntityOfPage":{"@id":"https:\/\/diarieducacio.cat\/grao\/2015\/01\/22\/questions-de-genere\/"},"wordCount":471,"commentCount":0,"image":{"@id":"https:\/\/diarieducacio.cat\/grao\/2015\/01\/22\/questions-de-genere\/#primaryimage"},"thumbnailUrl":"https:\/\/diarieducacio.cat\/grao\/wp-content\/uploads\/sites\/31\/2014\/12\/genere.jpg","keywords":["creixement hum\u00e0","discriminaci\u00f3 sexista","Educaci\u00f3 afectiva","educaci\u00f3 emocional","g\u00e8nere","identitat"],"articleSection":["Coeducaci\u00f3","Desenvolupament Personal","Educaci\u00f3 afectiva\/emocional","Educaci\u00f3 per a la conviv\u00e8ncia","Educaci\u00f3 sexual"],"inLanguage":"ca","potentialAction":[{"@type":"CommentAction","name":"Comment","target":["https:\/\/diarieducacio.cat\/grao\/2015\/01\/22\/questions-de-genere\/#respond"]}]},{"@type":"WebPage","@id":"https:\/\/diarieducacio.cat\/grao\/2015\/01\/22\/questions-de-genere\/","url":"https:\/\/diarieducacio.cat\/grao\/2015\/01\/22\/questions-de-genere\/","name":"Q\u00fcestions de g\u00e8nere - L'escola gra\u00f3 a gra\u00f3","isPartOf":{"@id":"https:\/\/diarieducacio.cat\/grao\/#website"},"primaryImageOfPage":{"@id":"https:\/\/diarieducacio.cat\/grao\/2015\/01\/22\/questions-de-genere\/#primaryimage"},"image":{"@id":"https:\/\/diarieducacio.cat\/grao\/2015\/01\/22\/questions-de-genere\/#primaryimage"},"thumbnailUrl":"https:\/\/diarieducacio.cat\/grao\/wp-content\/uploads\/sites\/31\/2014\/12\/genere.jpg","datePublished":"2015-01-22T13:36:16+00:00","dateModified":"2024-05-13T16:30:15+00:00","author":{"@id":"https:\/\/diarieducacio.cat\/grao\/#\/schema\/person\/992c9a61ce854ccf8d21f8c3cdb7d184"},"breadcrumb":{"@id":"https:\/\/diarieducacio.cat\/grao\/2015\/01\/22\/questions-de-genere\/#breadcrumb"},"inLanguage":"ca","potentialAction":[{"@type":"ReadAction","target":["https:\/\/diarieducacio.cat\/grao\/2015\/01\/22\/questions-de-genere\/"]}]},{"@type":"ImageObject","inLanguage":"ca","@id":"https:\/\/diarieducacio.cat\/grao\/2015\/01\/22\/questions-de-genere\/#primaryimage","url":"https:\/\/diarieducacio.cat\/grao\/wp-content\/uploads\/sites\/31\/2014\/12\/genere.jpg","contentUrl":"https:\/\/diarieducacio.cat\/grao\/wp-content\/uploads\/sites\/31\/2014\/12\/genere.jpg","width":334,"height":232},{"@type":"BreadcrumbList","@id":"https:\/\/diarieducacio.cat\/grao\/2015\/01\/22\/questions-de-genere\/#breadcrumb","itemListElement":[{"@type":"ListItem","position":1,"name":"Inici","item":"https:\/\/diarieducacio.cat\/grao\/"},{"@type":"ListItem","position":2,"name":"Q\u00fcestions de g\u00e8nere"}]},{"@type":"WebSite","@id":"https:\/\/diarieducacio.cat\/grao\/#website","url":"https:\/\/diarieducacio.cat\/grao\/","name":"L'escola gra\u00f3 a gra\u00f3","description":"Un blog de El Diari de l&#039;Educaci\u00f3","potentialAction":[{"@type":"SearchAction","target":{"@type":"EntryPoint","urlTemplate":"https:\/\/diarieducacio.cat\/grao\/?s={search_term_string}"},"query-input":{"@type":"PropertyValueSpecification","valueRequired":true,"valueName":"search_term_string"}}],"inLanguage":"ca"},{"@type":"Person","@id":"https:\/\/diarieducacio.cat\/grao\/#\/schema\/person\/992c9a61ce854ccf8d21f8c3cdb7d184","name":"Amparo Tom\u00e9","image":{"@type":"ImageObject","inLanguage":"ca","@id":"https:\/\/secure.gravatar.com\/avatar\/251f2386390411fcc05fd4ff2e5daec78641a048c96c31bd6c84bb84cdcdbee2?s=96&d=mm&r=g","url":"https:\/\/secure.gravatar.com\/avatar\/251f2386390411fcc05fd4ff2e5daec78641a048c96c31bd6c84bb84cdcdbee2?s=96&d=mm&r=g","contentUrl":"https:\/\/secure.gravatar.com\/avatar\/251f2386390411fcc05fd4ff2e5daec78641a048c96c31bd6c84bb84cdcdbee2?s=96&d=mm&r=g","caption":"Amparo Tom\u00e9"},"url":"https:\/\/diarieducacio.cat\/grao\/author\/atome\/"}]}},"_links":{"self":[{"href":"https:\/\/diarieducacio.cat\/grao\/wp-json\/wp\/v2\/posts\/690","targetHints":{"allow":["GET"]}}],"collection":[{"href":"https:\/\/diarieducacio.cat\/grao\/wp-json\/wp\/v2\/posts"}],"about":[{"href":"https:\/\/diarieducacio.cat\/grao\/wp-json\/wp\/v2\/types\/post"}],"author":[{"embeddable":true,"href":"https:\/\/diarieducacio.cat\/grao\/wp-json\/wp\/v2\/users\/552"}],"replies":[{"embeddable":true,"href":"https:\/\/diarieducacio.cat\/grao\/wp-json\/wp\/v2\/comments?post=690"}],"version-history":[{"count":1,"href":"https:\/\/diarieducacio.cat\/grao\/wp-json\/wp\/v2\/posts\/690\/revisions"}],"predecessor-version":[{"id":6199,"href":"https:\/\/diarieducacio.cat\/grao\/wp-json\/wp\/v2\/posts\/690\/revisions\/6199"}],"wp:featuredmedia":[{"embeddable":true,"href":"https:\/\/diarieducacio.cat\/grao\/wp-json\/wp\/v2\/media\/691"}],"wp:attachment":[{"href":"https:\/\/diarieducacio.cat\/grao\/wp-json\/wp\/v2\/media?parent=690"}],"wp:term":[{"taxonomy":"category","embeddable":true,"href":"https:\/\/diarieducacio.cat\/grao\/wp-json\/wp\/v2\/categories?post=690"},{"taxonomy":"post_tag","embeddable":true,"href":"https:\/\/diarieducacio.cat\/grao\/wp-json\/wp\/v2\/tags?post=690"},{"taxonomy":"tipo","embeddable":true,"href":"https:\/\/diarieducacio.cat\/grao\/wp-json\/wp\/v2\/tipo?post=690"}],"curies":[{"name":"wp","href":"https:\/\/api.w.org\/{rel}","templated":true}]}}