{"id":696,"date":"2015-01-26T08:09:17","date_gmt":"2015-01-26T08:09:17","guid":{"rendered":"https:\/\/diarieducacio.cat\/grao\/?p=696"},"modified":"2024-05-13T18:30:15","modified_gmt":"2024-05-13T16:30:15","slug":"jordi-jane-sotsdirector-educatiu-dun-centre-datencio-sociosanitaria-joves-adolescents-cadascu-la-seva-manera-la-majoria-sen-surten","status":"publish","type":"post","link":"https:\/\/diarieducacio.cat\/grao\/2015\/01\/26\/jordi-jane-sotsdirector-educatiu-dun-centre-datencio-sociosanitaria-joves-adolescents-cadascu-la-seva-manera-la-majoria-sen-surten\/","title":{"rendered":"Entrevista a Jordi Jan\u00e9, sotsdirector educatiu d&#8217;un centre d&#8217;atenci\u00f3 sociosanit\u00e0ria a joves i adolescents."},"content":{"rendered":"<p><a href=\"https:\/\/nostalgic-ishizaka.82-223-1-47.plesk.page\/grao\/wp-content\/uploads\/sites\/31\/2014\/12\/jjane.jpg\"><\/a>Ens parla des del centre sociosanitari residencial CTE Juli\u00e0 Romea, d\u2019atenci\u00f3 a nois i noies amb dificultats importants, alguns d\u2019ells en risc d\u2019exclusi\u00f3.<\/p>\n<p><strong>\u00a0Quines s\u00f3n les problem\u00e0tiques m\u00e9s habituals?<\/strong> Molts presenten caracter\u00edstiques de patologia dual: \u00fas o ab\u00fas de subst\u00e0ncies, essencialment derivats del c\u00e0nnabis (haixix o marihuana), en combinaci\u00f3 amb altres tipus de trastorns: des de diagn\u00f2stics de trastorns d\u2019aprenentatge, com ara el TDAH, fins a trastorns conductuals i altres patologies psiqui\u00e0triques m\u00e9s greus; sovint sense saber, en cada cas, exactament quin dels dos elements \u00e9s causa i quin \u00e9s efecte.<\/p>\n<p>Al centre <strong>Amalgama-7<\/strong> fan un treball preventiu, terap\u00e8utic i educatiu amb adolescents, joves i les seves fam\u00edlies. Atenen nois i noies d\u2019entre 14 i 18 anys, tant de proced\u00e8ncia privada -que arriben a trav\u00e9s de les seves fam\u00edlies, l\u2019escola o professionals de la salut- com concertada -joves en situaci\u00f3 de desprotecci\u00f3 familiar que arriben derivats des de la Direcci\u00f3 General d\u2019Atenci\u00f3 a la Inf\u00e0ncia i Adolesc\u00e8ncia de la Generalitat de Catalunya-.<\/p>\n<blockquote><p>\u00abSovint, en molts centres terap\u00e8utics es treballa la part cl\u00ednica i social en les estades d\u2019ingr\u00e9s, per\u00f2 mentrestant s\u2019aparquen els estudis. <em>Des d\u2019Amalgama-7, atenem tamb\u00e9 la part acad\u00e8mica, per recuperar els estudis abandonats, mirar d\u2019acabar l\u2019ESO i orientar-los per al futur<\/em>\u00bb<\/p><\/blockquote>\n<p>L\u2019abordatge terap\u00e8utic s\u2019inicia amb una exploraci\u00f3 diagn\u00f2stica i atenci\u00f3 psicoterap\u00e8utica a nivell ambulatori; posteriorment, si aix\u00f2 no \u00e9s suficient, pot continuar amb un ingr\u00e9s del jove en un dels seus centres residencials, d\u2019entrada de tipus rural i, m\u00e9s endavant, en un dels dos urbans, entre els quals el de Juli\u00e0 Romea.\u00a0\u00ab<em>Sovint, en molts centres terap\u00e8utics es treballa la part cl\u00ednica i social en les estades d\u2019ingr\u00e9s, per\u00f2 mentrestant s\u2019aparquen els estudis<\/em>\u00bb, assenyala. I afegeix: \u00ab<em>Des d\u2019Amalgama-7, atenem tamb\u00e9 la part acad\u00e8mica, per recuperar els estudis abandonats, mirar d\u2019acabar l\u2019ESO i orientar-los per al futur<\/em>\u00bb.<\/p>\n<p>Amb aquest objectiu es treballa dins el centre (es disposa d\u2019un conveni amb el Departament d\u2019Ensenyament) o es reprenen els estudis en un institut extern, quan ja tornen a la ciutat, sempre amb una comunicaci\u00f3 i coordinaci\u00f3 permanent entre l\u2019institut i el centre residencial per tal de garantir el tutelatge i seguiment del noi. \u00ab<em>A m\u00e9s, els centres no s\u00f3n pas espais tancats, s\u00f3n oberts, perqu\u00e8 busquem la implicaci\u00f3 del jove en el seu tractament, els nanos han de voler treballar amb ells mateixos<\/em>\u00bb.<\/p>\n<blockquote><p>\u00abLa fam\u00edlia ha d\u2019aprendre a canviar amb el fill, perqu\u00e8 la responsabilitat no \u00e9s exclusiva ni dels pares ni tampoc del noi o noia. Quan se\u2019n surten, se\u2019n surten tots\u00ab<\/p><\/blockquote>\n<p><strong>I les fam\u00edlies?<\/strong> \u00ab<em>Mira, a t\u00edtol personal et puc dir que, per a mi, tan important \u00e9s el treball amb els nois i noies com amb les fam\u00edlies!<\/em>\u00bb, respon. I \u00e9s aix\u00ed, es tracta d\u2019acompanyar-les terap\u00e8uticament: entrevistes amb el professional de refer\u00e8ncia, grups terap\u00e8utics, escoles de pares&#8230; Suport, sempre: \u00ab<em>La fam\u00edlia ha d\u2019aprendre a canviar amb el fill, perqu\u00e8 la responsabilitat no \u00e9s exclusiva ni dels pares ni tampoc del noi o noia. Quan se\u2019n surten, se\u2019n surten tots<\/em>\u00bb. I qu\u00e8 podria ser \u00fatil, a t\u00edtol preventiu? \u00ab<em>Que no vinguin tan tard!, quan les coses estan ja deteriorades. Que no diguin \u201c\u00c9s la joventut\u201d, \u201c\u00c9s el que toca\u201d&#8230; \u201cJa passar\u00e0\u201d&#8230; Que consultin quan apareixen els primers s\u00edmptomes o les primeres dificultats<\/em>\u00bb.<\/p>\n<p>La conversa amb el Jordi deixa intuir experi\u00e8ncia i vocaci\u00f3: \u00ab<em>\u00c9s complicat i hi ha moments durs, per\u00f2 <strong>quan veus com arriben i com marxen, aix\u00f2 \u00e9s molt estimulant<\/strong>. De vegades passa un any i v\u00e9nen a saludar-te, veus com els va&#8230; i aix\u00f2 et carrega les piles per treballar amb deu nanos m\u00e9s!<\/em>\u00bb.<\/p>\n<p><strong>FONT:<\/strong> Revista DOTZE18 n.7 (<em><span style=\"color: #0000ff\"><strong><a style=\"color: #0000ff\" href=\"http:\/\/dotze18.grao.com\/revistes\/dotze18\/007-si-volen-poden-claus-per-atendre-lacute-alumnat-mes-capac\" target=\"_blank\" rel=\"noopener\">Si volen, poden: Claus per atendre l&#8217;alumnat m\u00e9s capa\u00e7<\/a><\/strong><\/span><\/em>). Gra\u00f3, 2014. Clic <span style=\"color: #0000ff\"><strong><a style=\"color: #0000ff\" href=\"http:\/\/dotze18.grao.com\/revistes\/dotze18\/007-si-volen-poden-claus-per-atendre-lacute-alumnat-mes-capac\/jordi-jane-sotsdirector-educatiu-d-un-centre-d-atencio-sociosanitaria-a-joves-i-adolescents-cadascu-a-la-seva-manera-la-majoria-se-n-surten\" target=\"_blank\" rel=\"noopener\">aqu\u00ed<\/a><\/strong><\/span>.<\/p>\n","protected":false},"excerpt":{"rendered":"<p>\u00ab\u00c9s complicat i hi ha moments durs, per\u00f2 quan veus com arriben i com marxen, aix\u00f2 \u00e9s molt estimulant. De vegades passa un any i v\u00e9nen a saludar-te, veus com els va&#8230; i aix\u00f2 et carrega les piles per treballar amb deu nanos m\u00e9s!\u00bb<\/p>\n","protected":false},"author":553,"featured_media":699,"comment_status":"open","ping_status":"open","sticky":false,"template":"","format":"standard","meta":{"footnotes":""},"categories":[158,182,101,152,155,146],"tags":[151,157,266],"tipo":[],"class_list":{"0":"post-696","1":"post","2":"type-post","3":"status-publish","4":"format-standard","5":"has-post-thumbnail","7":"category-atencio-a-la-diversitat","8":"category-comunitat-educativa","9":"category-desenvolupament-personal","10":"category-educacio-socialaccio-comunitaria","11":"category-funcio-social-de-lensenyament","12":"category-retrats-de-vivencies-personals","13":"tag-accio-social","14":"tag-atencio-a-la-diversitat","15":"tag-comunitat-educativa"},"yoast_head":"<!-- This site is optimized with the Yoast SEO plugin v27.4 - https:\/\/yoast.com\/product\/yoast-seo-wordpress\/ -->\n<title>Entrevista a Jordi Jan\u00e9, sotsdirector educatiu d&#039;un centre d&#039;atenci\u00f3 sociosanit\u00e0ria a joves i adolescents. - L&#039;escola gra\u00f3 a gra\u00f3<\/title>\n<meta name=\"robots\" content=\"index, follow, max-snippet:-1, max-image-preview:large, max-video-preview:-1\" \/>\n<link rel=\"canonical\" href=\"https:\/\/diarieducacio.cat\/grao\/2015\/01\/26\/jordi-jane-sotsdirector-educatiu-dun-centre-datencio-sociosanitaria-joves-adolescents-cadascu-la-seva-manera-la-majoria-sen-surten\/\" \/>\n<meta property=\"og:locale\" content=\"ca_ES\" \/>\n<meta property=\"og:type\" content=\"article\" \/>\n<meta property=\"og:title\" content=\"Entrevista a Jordi Jan\u00e9, sotsdirector educatiu d&#039;un centre d&#039;atenci\u00f3 sociosanit\u00e0ria a joves i adolescents. - L&#039;escola gra\u00f3 a gra\u00f3\" \/>\n<meta property=\"og:description\" content=\"\u00ab\u00c9s complicat i hi ha moments durs, per\u00f2 quan veus com arriben i com marxen, aix\u00f2 \u00e9s molt estimulant. De vegades passa un any i v\u00e9nen a saludar-te, veus com els va... i aix\u00f2 et carrega les piles per treballar amb deu nanos m\u00e9s!\u00bb\" \/>\n<meta property=\"og:url\" content=\"https:\/\/diarieducacio.cat\/grao\/2015\/01\/26\/jordi-jane-sotsdirector-educatiu-dun-centre-datencio-sociosanitaria-joves-adolescents-cadascu-la-seva-manera-la-majoria-sen-surten\/\" \/>\n<meta property=\"og:site_name\" content=\"L&#039;escola gra\u00f3 a gra\u00f3\" \/>\n<meta property=\"article:published_time\" content=\"2015-01-26T08:09:17+00:00\" \/>\n<meta property=\"article:modified_time\" content=\"2024-05-13T16:30:15+00:00\" \/>\n<meta property=\"og:image\" content=\"https:\/\/diarieducacio.cat\/grao\/wp-content\/uploads\/sites\/31\/2014\/12\/jjane.jpg\" \/>\n\t<meta property=\"og:image:width\" content=\"255\" \/>\n\t<meta property=\"og:image:height\" content=\"237\" \/>\n\t<meta property=\"og:image:type\" content=\"image\/jpeg\" \/>\n<meta name=\"author\" content=\"aortiz\" \/>\n<meta name=\"twitter:card\" content=\"summary_large_image\" \/>\n<meta name=\"twitter:label1\" content=\"Escrit per\" \/>\n\t<meta name=\"twitter:data1\" content=\"aortiz\" \/>\n\t<meta name=\"twitter:label2\" content=\"Temps estimat de lectura\" \/>\n\t<meta name=\"twitter:data2\" content=\"3 minuts\" \/>\n<script type=\"application\/ld+json\" class=\"yoast-schema-graph\">{\"@context\":\"https:\\\/\\\/schema.org\",\"@graph\":[{\"@type\":\"Article\",\"@id\":\"https:\\\/\\\/diarieducacio.cat\\\/grao\\\/2015\\\/01\\\/26\\\/jordi-jane-sotsdirector-educatiu-dun-centre-datencio-sociosanitaria-joves-adolescents-cadascu-la-seva-manera-la-majoria-sen-surten\\\/#article\",\"isPartOf\":{\"@id\":\"https:\\\/\\\/diarieducacio.cat\\\/grao\\\/2015\\\/01\\\/26\\\/jordi-jane-sotsdirector-educatiu-dun-centre-datencio-sociosanitaria-joves-adolescents-cadascu-la-seva-manera-la-majoria-sen-surten\\\/\"},\"author\":{\"name\":\"aortiz\",\"@id\":\"https:\\\/\\\/diarieducacio.cat\\\/grao\\\/#\\\/schema\\\/person\\\/5ad002d672e03fce24a2bdf4119efbb5\"},\"headline\":\"Entrevista a Jordi Jan\u00e9, sotsdirector educatiu d&#8217;un centre d&#8217;atenci\u00f3 sociosanit\u00e0ria a joves i adolescents.\",\"datePublished\":\"2015-01-26T08:09:17+00:00\",\"dateModified\":\"2024-05-13T16:30:15+00:00\",\"mainEntityOfPage\":{\"@id\":\"https:\\\/\\\/diarieducacio.cat\\\/grao\\\/2015\\\/01\\\/26\\\/jordi-jane-sotsdirector-educatiu-dun-centre-datencio-sociosanitaria-joves-adolescents-cadascu-la-seva-manera-la-majoria-sen-surten\\\/\"},\"wordCount\":696,\"commentCount\":0,\"image\":{\"@id\":\"https:\\\/\\\/diarieducacio.cat\\\/grao\\\/2015\\\/01\\\/26\\\/jordi-jane-sotsdirector-educatiu-dun-centre-datencio-sociosanitaria-joves-adolescents-cadascu-la-seva-manera-la-majoria-sen-surten\\\/#primaryimage\"},\"thumbnailUrl\":\"https:\\\/\\\/diarieducacio.cat\\\/grao\\\/wp-content\\\/uploads\\\/sites\\\/31\\\/2014\\\/12\\\/jjane.jpg\",\"keywords\":[\"acci\u00f3 social\",\"Atenci\u00f3 a la diversitat\",\"comunitat educativa\"],\"articleSection\":[\"Atenci\u00f3 a la diversitat\",\"comunitat educativa\",\"Desenvolupament Personal\",\"Educaci\u00f3 Social\\\/Acci\u00f3 comunit\u00e0ria\",\"Funci\u00f3 social de l'ensenyament\",\"Retrats de viv\u00e8ncies personals\"],\"inLanguage\":\"ca\",\"potentialAction\":[{\"@type\":\"CommentAction\",\"name\":\"Comment\",\"target\":[\"https:\\\/\\\/diarieducacio.cat\\\/grao\\\/2015\\\/01\\\/26\\\/jordi-jane-sotsdirector-educatiu-dun-centre-datencio-sociosanitaria-joves-adolescents-cadascu-la-seva-manera-la-majoria-sen-surten\\\/#respond\"]}]},{\"@type\":\"WebPage\",\"@id\":\"https:\\\/\\\/diarieducacio.cat\\\/grao\\\/2015\\\/01\\\/26\\\/jordi-jane-sotsdirector-educatiu-dun-centre-datencio-sociosanitaria-joves-adolescents-cadascu-la-seva-manera-la-majoria-sen-surten\\\/\",\"url\":\"https:\\\/\\\/diarieducacio.cat\\\/grao\\\/2015\\\/01\\\/26\\\/jordi-jane-sotsdirector-educatiu-dun-centre-datencio-sociosanitaria-joves-adolescents-cadascu-la-seva-manera-la-majoria-sen-surten\\\/\",\"name\":\"Entrevista a Jordi Jan\u00e9, sotsdirector educatiu d'un centre d'atenci\u00f3 sociosanit\u00e0ria a joves i adolescents. - L'escola gra\u00f3 a gra\u00f3\",\"isPartOf\":{\"@id\":\"https:\\\/\\\/diarieducacio.cat\\\/grao\\\/#website\"},\"primaryImageOfPage\":{\"@id\":\"https:\\\/\\\/diarieducacio.cat\\\/grao\\\/2015\\\/01\\\/26\\\/jordi-jane-sotsdirector-educatiu-dun-centre-datencio-sociosanitaria-joves-adolescents-cadascu-la-seva-manera-la-majoria-sen-surten\\\/#primaryimage\"},\"image\":{\"@id\":\"https:\\\/\\\/diarieducacio.cat\\\/grao\\\/2015\\\/01\\\/26\\\/jordi-jane-sotsdirector-educatiu-dun-centre-datencio-sociosanitaria-joves-adolescents-cadascu-la-seva-manera-la-majoria-sen-surten\\\/#primaryimage\"},\"thumbnailUrl\":\"https:\\\/\\\/diarieducacio.cat\\\/grao\\\/wp-content\\\/uploads\\\/sites\\\/31\\\/2014\\\/12\\\/jjane.jpg\",\"datePublished\":\"2015-01-26T08:09:17+00:00\",\"dateModified\":\"2024-05-13T16:30:15+00:00\",\"author\":{\"@id\":\"https:\\\/\\\/diarieducacio.cat\\\/grao\\\/#\\\/schema\\\/person\\\/5ad002d672e03fce24a2bdf4119efbb5\"},\"breadcrumb\":{\"@id\":\"https:\\\/\\\/diarieducacio.cat\\\/grao\\\/2015\\\/01\\\/26\\\/jordi-jane-sotsdirector-educatiu-dun-centre-datencio-sociosanitaria-joves-adolescents-cadascu-la-seva-manera-la-majoria-sen-surten\\\/#breadcrumb\"},\"inLanguage\":\"ca\",\"potentialAction\":[{\"@type\":\"ReadAction\",\"target\":[\"https:\\\/\\\/diarieducacio.cat\\\/grao\\\/2015\\\/01\\\/26\\\/jordi-jane-sotsdirector-educatiu-dun-centre-datencio-sociosanitaria-joves-adolescents-cadascu-la-seva-manera-la-majoria-sen-surten\\\/\"]}]},{\"@type\":\"ImageObject\",\"inLanguage\":\"ca\",\"@id\":\"https:\\\/\\\/diarieducacio.cat\\\/grao\\\/2015\\\/01\\\/26\\\/jordi-jane-sotsdirector-educatiu-dun-centre-datencio-sociosanitaria-joves-adolescents-cadascu-la-seva-manera-la-majoria-sen-surten\\\/#primaryimage\",\"url\":\"https:\\\/\\\/diarieducacio.cat\\\/grao\\\/wp-content\\\/uploads\\\/sites\\\/31\\\/2014\\\/12\\\/jjane.jpg\",\"contentUrl\":\"https:\\\/\\\/diarieducacio.cat\\\/grao\\\/wp-content\\\/uploads\\\/sites\\\/31\\\/2014\\\/12\\\/jjane.jpg\",\"width\":255,\"height\":237},{\"@type\":\"BreadcrumbList\",\"@id\":\"https:\\\/\\\/diarieducacio.cat\\\/grao\\\/2015\\\/01\\\/26\\\/jordi-jane-sotsdirector-educatiu-dun-centre-datencio-sociosanitaria-joves-adolescents-cadascu-la-seva-manera-la-majoria-sen-surten\\\/#breadcrumb\",\"itemListElement\":[{\"@type\":\"ListItem\",\"position\":1,\"name\":\"Inici\",\"item\":\"https:\\\/\\\/diarieducacio.cat\\\/grao\\\/\"},{\"@type\":\"ListItem\",\"position\":2,\"name\":\"Entrevista a Jordi Jan\u00e9, sotsdirector educatiu d&#8217;un centre d&#8217;atenci\u00f3 sociosanit\u00e0ria a joves i adolescents.\"}]},{\"@type\":\"WebSite\",\"@id\":\"https:\\\/\\\/diarieducacio.cat\\\/grao\\\/#website\",\"url\":\"https:\\\/\\\/diarieducacio.cat\\\/grao\\\/\",\"name\":\"L'escola gra\u00f3 a gra\u00f3\",\"description\":\"Un blog de El Diari de l&#039;Educaci\u00f3\",\"potentialAction\":[{\"@type\":\"SearchAction\",\"target\":{\"@type\":\"EntryPoint\",\"urlTemplate\":\"https:\\\/\\\/diarieducacio.cat\\\/grao\\\/?s={search_term_string}\"},\"query-input\":{\"@type\":\"PropertyValueSpecification\",\"valueRequired\":true,\"valueName\":\"search_term_string\"}}],\"inLanguage\":\"ca\"},{\"@type\":\"Person\",\"@id\":\"https:\\\/\\\/diarieducacio.cat\\\/grao\\\/#\\\/schema\\\/person\\\/5ad002d672e03fce24a2bdf4119efbb5\",\"name\":\"aortiz\",\"image\":{\"@type\":\"ImageObject\",\"inLanguage\":\"ca\",\"@id\":\"https:\\\/\\\/secure.gravatar.com\\\/avatar\\\/3de40294568e264d4f391d33f9cecb1ed4040194715d6653e7c4452998a1772f?s=96&d=mm&r=g\",\"url\":\"https:\\\/\\\/secure.gravatar.com\\\/avatar\\\/3de40294568e264d4f391d33f9cecb1ed4040194715d6653e7c4452998a1772f?s=96&d=mm&r=g\",\"contentUrl\":\"https:\\\/\\\/secure.gravatar.com\\\/avatar\\\/3de40294568e264d4f391d33f9cecb1ed4040194715d6653e7c4452998a1772f?s=96&d=mm&r=g\",\"caption\":\"aortiz\"},\"url\":\"https:\\\/\\\/diarieducacio.cat\\\/grao\\\/author\\\/aortiz\\\/\"}]}<\/script>\n<!-- \/ Yoast SEO plugin. -->","yoast_head_json":{"title":"Entrevista a Jordi Jan\u00e9, sotsdirector educatiu d'un centre d'atenci\u00f3 sociosanit\u00e0ria a joves i adolescents. - L'escola gra\u00f3 a gra\u00f3","robots":{"index":"index","follow":"follow","max-snippet":"max-snippet:-1","max-image-preview":"max-image-preview:large","max-video-preview":"max-video-preview:-1"},"canonical":"https:\/\/diarieducacio.cat\/grao\/2015\/01\/26\/jordi-jane-sotsdirector-educatiu-dun-centre-datencio-sociosanitaria-joves-adolescents-cadascu-la-seva-manera-la-majoria-sen-surten\/","og_locale":"ca_ES","og_type":"article","og_title":"Entrevista a Jordi Jan\u00e9, sotsdirector educatiu d'un centre d'atenci\u00f3 sociosanit\u00e0ria a joves i adolescents. - L'escola gra\u00f3 a gra\u00f3","og_description":"\u00ab\u00c9s complicat i hi ha moments durs, per\u00f2 quan veus com arriben i com marxen, aix\u00f2 \u00e9s molt estimulant. De vegades passa un any i v\u00e9nen a saludar-te, veus com els va... i aix\u00f2 et carrega les piles per treballar amb deu nanos m\u00e9s!\u00bb","og_url":"https:\/\/diarieducacio.cat\/grao\/2015\/01\/26\/jordi-jane-sotsdirector-educatiu-dun-centre-datencio-sociosanitaria-joves-adolescents-cadascu-la-seva-manera-la-majoria-sen-surten\/","og_site_name":"L'escola gra\u00f3 a gra\u00f3","article_published_time":"2015-01-26T08:09:17+00:00","article_modified_time":"2024-05-13T16:30:15+00:00","og_image":[{"width":255,"height":237,"url":"https:\/\/diarieducacio.cat\/grao\/wp-content\/uploads\/sites\/31\/2014\/12\/jjane.jpg","type":"image\/jpeg"}],"author":"aortiz","twitter_card":"summary_large_image","twitter_misc":{"Escrit per":"aortiz","Temps estimat de lectura":"3 minuts"},"schema":{"@context":"https:\/\/schema.org","@graph":[{"@type":"Article","@id":"https:\/\/diarieducacio.cat\/grao\/2015\/01\/26\/jordi-jane-sotsdirector-educatiu-dun-centre-datencio-sociosanitaria-joves-adolescents-cadascu-la-seva-manera-la-majoria-sen-surten\/#article","isPartOf":{"@id":"https:\/\/diarieducacio.cat\/grao\/2015\/01\/26\/jordi-jane-sotsdirector-educatiu-dun-centre-datencio-sociosanitaria-joves-adolescents-cadascu-la-seva-manera-la-majoria-sen-surten\/"},"author":{"name":"aortiz","@id":"https:\/\/diarieducacio.cat\/grao\/#\/schema\/person\/5ad002d672e03fce24a2bdf4119efbb5"},"headline":"Entrevista a Jordi Jan\u00e9, sotsdirector educatiu d&#8217;un centre d&#8217;atenci\u00f3 sociosanit\u00e0ria a joves i adolescents.","datePublished":"2015-01-26T08:09:17+00:00","dateModified":"2024-05-13T16:30:15+00:00","mainEntityOfPage":{"@id":"https:\/\/diarieducacio.cat\/grao\/2015\/01\/26\/jordi-jane-sotsdirector-educatiu-dun-centre-datencio-sociosanitaria-joves-adolescents-cadascu-la-seva-manera-la-majoria-sen-surten\/"},"wordCount":696,"commentCount":0,"image":{"@id":"https:\/\/diarieducacio.cat\/grao\/2015\/01\/26\/jordi-jane-sotsdirector-educatiu-dun-centre-datencio-sociosanitaria-joves-adolescents-cadascu-la-seva-manera-la-majoria-sen-surten\/#primaryimage"},"thumbnailUrl":"https:\/\/diarieducacio.cat\/grao\/wp-content\/uploads\/sites\/31\/2014\/12\/jjane.jpg","keywords":["acci\u00f3 social","Atenci\u00f3 a la diversitat","comunitat educativa"],"articleSection":["Atenci\u00f3 a la diversitat","comunitat educativa","Desenvolupament Personal","Educaci\u00f3 Social\/Acci\u00f3 comunit\u00e0ria","Funci\u00f3 social de l'ensenyament","Retrats de viv\u00e8ncies personals"],"inLanguage":"ca","potentialAction":[{"@type":"CommentAction","name":"Comment","target":["https:\/\/diarieducacio.cat\/grao\/2015\/01\/26\/jordi-jane-sotsdirector-educatiu-dun-centre-datencio-sociosanitaria-joves-adolescents-cadascu-la-seva-manera-la-majoria-sen-surten\/#respond"]}]},{"@type":"WebPage","@id":"https:\/\/diarieducacio.cat\/grao\/2015\/01\/26\/jordi-jane-sotsdirector-educatiu-dun-centre-datencio-sociosanitaria-joves-adolescents-cadascu-la-seva-manera-la-majoria-sen-surten\/","url":"https:\/\/diarieducacio.cat\/grao\/2015\/01\/26\/jordi-jane-sotsdirector-educatiu-dun-centre-datencio-sociosanitaria-joves-adolescents-cadascu-la-seva-manera-la-majoria-sen-surten\/","name":"Entrevista a Jordi Jan\u00e9, sotsdirector educatiu d'un centre d'atenci\u00f3 sociosanit\u00e0ria a joves i adolescents. - L'escola gra\u00f3 a gra\u00f3","isPartOf":{"@id":"https:\/\/diarieducacio.cat\/grao\/#website"},"primaryImageOfPage":{"@id":"https:\/\/diarieducacio.cat\/grao\/2015\/01\/26\/jordi-jane-sotsdirector-educatiu-dun-centre-datencio-sociosanitaria-joves-adolescents-cadascu-la-seva-manera-la-majoria-sen-surten\/#primaryimage"},"image":{"@id":"https:\/\/diarieducacio.cat\/grao\/2015\/01\/26\/jordi-jane-sotsdirector-educatiu-dun-centre-datencio-sociosanitaria-joves-adolescents-cadascu-la-seva-manera-la-majoria-sen-surten\/#primaryimage"},"thumbnailUrl":"https:\/\/diarieducacio.cat\/grao\/wp-content\/uploads\/sites\/31\/2014\/12\/jjane.jpg","datePublished":"2015-01-26T08:09:17+00:00","dateModified":"2024-05-13T16:30:15+00:00","author":{"@id":"https:\/\/diarieducacio.cat\/grao\/#\/schema\/person\/5ad002d672e03fce24a2bdf4119efbb5"},"breadcrumb":{"@id":"https:\/\/diarieducacio.cat\/grao\/2015\/01\/26\/jordi-jane-sotsdirector-educatiu-dun-centre-datencio-sociosanitaria-joves-adolescents-cadascu-la-seva-manera-la-majoria-sen-surten\/#breadcrumb"},"inLanguage":"ca","potentialAction":[{"@type":"ReadAction","target":["https:\/\/diarieducacio.cat\/grao\/2015\/01\/26\/jordi-jane-sotsdirector-educatiu-dun-centre-datencio-sociosanitaria-joves-adolescents-cadascu-la-seva-manera-la-majoria-sen-surten\/"]}]},{"@type":"ImageObject","inLanguage":"ca","@id":"https:\/\/diarieducacio.cat\/grao\/2015\/01\/26\/jordi-jane-sotsdirector-educatiu-dun-centre-datencio-sociosanitaria-joves-adolescents-cadascu-la-seva-manera-la-majoria-sen-surten\/#primaryimage","url":"https:\/\/diarieducacio.cat\/grao\/wp-content\/uploads\/sites\/31\/2014\/12\/jjane.jpg","contentUrl":"https:\/\/diarieducacio.cat\/grao\/wp-content\/uploads\/sites\/31\/2014\/12\/jjane.jpg","width":255,"height":237},{"@type":"BreadcrumbList","@id":"https:\/\/diarieducacio.cat\/grao\/2015\/01\/26\/jordi-jane-sotsdirector-educatiu-dun-centre-datencio-sociosanitaria-joves-adolescents-cadascu-la-seva-manera-la-majoria-sen-surten\/#breadcrumb","itemListElement":[{"@type":"ListItem","position":1,"name":"Inici","item":"https:\/\/diarieducacio.cat\/grao\/"},{"@type":"ListItem","position":2,"name":"Entrevista a Jordi Jan\u00e9, sotsdirector educatiu d&#8217;un centre d&#8217;atenci\u00f3 sociosanit\u00e0ria a joves i adolescents."}]},{"@type":"WebSite","@id":"https:\/\/diarieducacio.cat\/grao\/#website","url":"https:\/\/diarieducacio.cat\/grao\/","name":"L'escola gra\u00f3 a gra\u00f3","description":"Un blog de El Diari de l&#039;Educaci\u00f3","potentialAction":[{"@type":"SearchAction","target":{"@type":"EntryPoint","urlTemplate":"https:\/\/diarieducacio.cat\/grao\/?s={search_term_string}"},"query-input":{"@type":"PropertyValueSpecification","valueRequired":true,"valueName":"search_term_string"}}],"inLanguage":"ca"},{"@type":"Person","@id":"https:\/\/diarieducacio.cat\/grao\/#\/schema\/person\/5ad002d672e03fce24a2bdf4119efbb5","name":"aortiz","image":{"@type":"ImageObject","inLanguage":"ca","@id":"https:\/\/secure.gravatar.com\/avatar\/3de40294568e264d4f391d33f9cecb1ed4040194715d6653e7c4452998a1772f?s=96&d=mm&r=g","url":"https:\/\/secure.gravatar.com\/avatar\/3de40294568e264d4f391d33f9cecb1ed4040194715d6653e7c4452998a1772f?s=96&d=mm&r=g","contentUrl":"https:\/\/secure.gravatar.com\/avatar\/3de40294568e264d4f391d33f9cecb1ed4040194715d6653e7c4452998a1772f?s=96&d=mm&r=g","caption":"aortiz"},"url":"https:\/\/diarieducacio.cat\/grao\/author\/aortiz\/"}]}},"_links":{"self":[{"href":"https:\/\/diarieducacio.cat\/grao\/wp-json\/wp\/v2\/posts\/696","targetHints":{"allow":["GET"]}}],"collection":[{"href":"https:\/\/diarieducacio.cat\/grao\/wp-json\/wp\/v2\/posts"}],"about":[{"href":"https:\/\/diarieducacio.cat\/grao\/wp-json\/wp\/v2\/types\/post"}],"author":[{"embeddable":true,"href":"https:\/\/diarieducacio.cat\/grao\/wp-json\/wp\/v2\/users\/553"}],"replies":[{"embeddable":true,"href":"https:\/\/diarieducacio.cat\/grao\/wp-json\/wp\/v2\/comments?post=696"}],"version-history":[{"count":1,"href":"https:\/\/diarieducacio.cat\/grao\/wp-json\/wp\/v2\/posts\/696\/revisions"}],"predecessor-version":[{"id":6200,"href":"https:\/\/diarieducacio.cat\/grao\/wp-json\/wp\/v2\/posts\/696\/revisions\/6200"}],"wp:featuredmedia":[{"embeddable":true,"href":"https:\/\/diarieducacio.cat\/grao\/wp-json\/wp\/v2\/media\/699"}],"wp:attachment":[{"href":"https:\/\/diarieducacio.cat\/grao\/wp-json\/wp\/v2\/media?parent=696"}],"wp:term":[{"taxonomy":"category","embeddable":true,"href":"https:\/\/diarieducacio.cat\/grao\/wp-json\/wp\/v2\/categories?post=696"},{"taxonomy":"post_tag","embeddable":true,"href":"https:\/\/diarieducacio.cat\/grao\/wp-json\/wp\/v2\/tags?post=696"},{"taxonomy":"tipo","embeddable":true,"href":"https:\/\/diarieducacio.cat\/grao\/wp-json\/wp\/v2\/tipo?post=696"}],"curies":[{"name":"wp","href":"https:\/\/api.w.org\/{rel}","templated":true}]}}