{"id":806,"date":"2015-03-04T06:45:09","date_gmt":"2015-03-04T06:45:09","guid":{"rendered":"https:\/\/diarieducacio.cat\/grao\/?p=806"},"modified":"2024-05-13T18:30:15","modified_gmt":"2024-05-13T16:30:15","slug":"maria-merce-contra-mestra-itinerant-descola-rural","status":"publish","type":"post","link":"https:\/\/diarieducacio.cat\/grao\/2015\/03\/04\/maria-merce-contra-mestra-itinerant-descola-rural\/","title":{"rendered":"Maria Merc\u00e8 Contra, mestra itinerant d&#8217;escola rural"},"content":{"rendered":"<p><a href=\"https:\/\/nostalgic-ishizaka.82-223-1-47.plesk.page\/grao\/wp-content\/uploads\/sites\/31\/2015\/02\/rural.jpg\"><\/a>Despr\u00e9s de dinou anys treballant com a mestra itinerant, la Maria Merc\u00e8 -Miss Merc\u00e8 per a alumnat i companys- ha sabut fer-se un lloc a les escoles on entra i surt cada dia: \u00abLa relaci\u00f3 que tinc amb els nens \u00e9s molt bona, estar a l\u2019escola rural ofereix la possibilitat de treballar amb grups molt petits. Quan hi arribo, sempre m\u2019esperen contents. \u00c9s com rebre aire fresc nou\u00bb. Treballar en tres escoles diferents no sembla f\u00e0cil: \u00abCada centre t\u00e9 el seu tarann\u00e0, les seves peculiaritats, i aix\u00f2 cal temps per con\u00e8ixer-ho. Altres companys tenen estones per trobar-se i xerrar, com l\u2019hora del pati. Jo la passo al cotxe. Per\u00f2 t\u2019acabes situant. Aix\u00f2 t\u2019ajuda a ser m\u00e9s flexible, m\u00e9s adaptable. Els companys que he tingut m\u2019hi han ajudat molt a nivell professional i personal\u00bb.<\/p>\n<blockquote><p>Treballar amb infants de nivells i edats diferents en un espai compartit i fer aix\u00f2 en tres escoles diferents demana, sens dubte, adaptabilitat<\/p><\/blockquote>\n<p>Efectivament, s\u00f3n condicions sense les quals ser mestre itinerant pot esdevenir esgotador. Treballar amb infants de nivells i edats diferents en un espai compartit i fer aix\u00f2 en tres escoles diferents demana, sens dubte, adaptabilitat: \u00abLa programaci\u00f3 base \u00e9s comuna, per\u00f2 despr\u00e9s jo la puc mantenir molt viva. Si, en un moment donat, una nena o un nen hi aporta alguna cosa es pot fer servir a classe, perqu\u00e8, com que s\u00f3n pocs, la seva iniciativa hi pot tenir un espai. A l\u2019estona d\u2019angl\u00e8s, per exemple, tothom pot parlar, aix\u00f2 \u00e9s possible en aquestes escoles i no tant en centres grans. Treballar en la diversitat \u00e9s una font d\u2019aprenentatge fant\u00e0stica, tant per als m\u00e9s grans com per als m\u00e9s petits. I per a mi \u00e9s molt gratificant\u00bb.<\/p>\n<p>Fer d\u2019ensenyant d\u2019un grup de cinc infants presenta molts avantatges pedag\u00f2gics i did\u00e0ctics:<strong> \u00abEls grans tenen molta responsabilitat, moltes vegades es cuiden d\u2019ajudar els petits, i els petits saben b\u00e9 que hi poden comptar. \u00c9s molt semblant a una fam\u00edlia\u00bb<\/strong>. A la Maria Merc\u00e8 la preocupen uns altres aspectes de tipus m\u00e9s social: \u00abEn escoles molt petites, on de vegades hi ha cursos de dos alumnes, veig que els nens no es poden associar amb ning\u00fa. El fet que hi hagi poques criatures impedeix que es puguin relacionar amb infants de la seva edat. \u00c9s una mancan\u00e7a important. Per aix\u00f2 es procura que, a les trobades d\u2019escoles de la ZER, es facin grups d\u2019iguals en aquest sentit\u00bb.<\/p>\n<p>A banda de poder atendre grups molt redu\u00efts, li demanem quins altres beneficis t\u00e9 treballar com a mestra itinerant: \u00abJo valoro molt el tipus de relaci\u00f3 que tinc amb els infants, puc cuidar molt\u00edssim el vincle, perqu\u00e8 hi ha molta possibilitat d\u2019intercanvi. Puc decidir si un mat\u00ed fem un joc al pati o si anem a treballar a un rac\u00f3. Com a especialista d\u2019angl\u00e8s, puc tenir molta interacci\u00f3 oral amb ells i tamb\u00e9 puc vetllar perqu\u00e8 facin servir les estructures ling\u00fc\u00edstiques de manera aut\u00f2noma. Aix\u00f2 \u00e9s m\u00e9s f\u00e0cil amb un grup de vuit que no pas amb un de vint-i-cinc. Ara mateix, no ho canviaria per estar-me quieta en una escola\u00bb.<\/p>\n<p><strong><em>Nota<\/em><\/strong><\/p>\n<p>La Maria Merc\u00e8 Contra exerceix com a mestra al ZER Tramuntana de l\u2019Empord\u00e0. Les ZER (zones escolars rurals), entre altres caracter\u00edstiques, comparteixen els mestres especialistes, que s\u00f3n itinerants<\/p>\n<p><strong>Font:<\/strong> Revista Guix n.395 (<em>La lectura a diferents pa\u00efsos de la UE<\/em>). Clic <a href=\"http:\/\/www.grao.com\/revistas\/guix\/395-la-lectura-a-diferents-paisos-de-la-ue\/maria-merce-contra-mestra-itinerant-d-escola-rural-especialista-d-angles-portar-aire-fresc\" target=\"_blank\" rel=\"noopener\">aqu\u00ed<\/a>.<\/p>\n","protected":false},"excerpt":{"rendered":"<p>\u00abEstar a l\u00b4escola rural ofereix la possibilitat de treballar amb grups molt petits. Quan hi arribo, sempre m&#8217;esperen contents. \u00c9s com rebre aire fresc nou\u00bb.<\/p>\n","protected":false},"author":525,"featured_media":810,"comment_status":"open","ping_status":"open","sticky":false,"template":"","format":"standard","meta":{"footnotes":""},"categories":[158,198,284],"tags":[298,299],"tipo":[],"class_list":{"0":"post-806","1":"post","2":"type-post","3":"status-publish","4":"format-standard","5":"has-post-thumbnail","7":"category-atencio-a-la-diversitat","8":"category-desenvolupament-professional","9":"category-finalitats-de-leducacio","10":"tag-escola-rural","11":"tag-zer"},"yoast_head":"<!-- This site is optimized with the Yoast SEO plugin v27.5 - https:\/\/yoast.com\/product\/yoast-seo-wordpress\/ -->\n<title>Maria Merc\u00e8 Contra, mestra itinerant d&#039;escola rural - L&#039;escola gra\u00f3 a gra\u00f3<\/title>\n<meta name=\"robots\" content=\"index, follow, max-snippet:-1, max-image-preview:large, max-video-preview:-1\" \/>\n<link rel=\"canonical\" href=\"https:\/\/diarieducacio.cat\/grao\/2015\/03\/04\/maria-merce-contra-mestra-itinerant-descola-rural\/\" \/>\n<meta property=\"og:locale\" content=\"ca_ES\" \/>\n<meta property=\"og:type\" content=\"article\" \/>\n<meta property=\"og:title\" content=\"Maria Merc\u00e8 Contra, mestra itinerant d&#039;escola rural - L&#039;escola gra\u00f3 a gra\u00f3\" \/>\n<meta property=\"og:description\" content=\"\u00abEstar a l\u00b4escola rural ofereix la possibilitat de treballar amb grups molt petits. Quan hi arribo, sempre m&#039;esperen contents. \u00c9s com rebre aire fresc nou\u00bb.\" \/>\n<meta property=\"og:url\" content=\"https:\/\/diarieducacio.cat\/grao\/2015\/03\/04\/maria-merce-contra-mestra-itinerant-descola-rural\/\" \/>\n<meta property=\"og:site_name\" content=\"L&#039;escola gra\u00f3 a gra\u00f3\" \/>\n<meta property=\"article:published_time\" content=\"2015-03-04T06:45:09+00:00\" \/>\n<meta property=\"article:modified_time\" content=\"2024-05-13T16:30:15+00:00\" \/>\n<meta property=\"og:image\" content=\"https:\/\/diarieducacio.cat\/grao\/wp-content\/uploads\/sites\/31\/2015\/02\/rural.jpg\" \/>\n\t<meta property=\"og:image:width\" content=\"199\" \/>\n\t<meta property=\"og:image:height\" content=\"147\" \/>\n\t<meta property=\"og:image:type\" content=\"image\/jpeg\" \/>\n<meta name=\"author\" content=\"Eva Mart\u00ednez\" \/>\n<meta name=\"twitter:card\" content=\"summary_large_image\" \/>\n<meta name=\"twitter:label1\" content=\"Escrit per\" \/>\n\t<meta name=\"twitter:data1\" content=\"Eva Mart\u00ednez\" \/>\n\t<meta name=\"twitter:label2\" content=\"Temps estimat de lectura\" \/>\n\t<meta name=\"twitter:data2\" content=\"3 minuts\" \/>\n<script type=\"application\/ld+json\" class=\"yoast-schema-graph\">{\"@context\":\"https:\\\/\\\/schema.org\",\"@graph\":[{\"@type\":\"Article\",\"@id\":\"https:\\\/\\\/diarieducacio.cat\\\/grao\\\/2015\\\/03\\\/04\\\/maria-merce-contra-mestra-itinerant-descola-rural\\\/#article\",\"isPartOf\":{\"@id\":\"https:\\\/\\\/diarieducacio.cat\\\/grao\\\/2015\\\/03\\\/04\\\/maria-merce-contra-mestra-itinerant-descola-rural\\\/\"},\"author\":{\"name\":\"Eva Mart\u00ednez\",\"@id\":\"https:\\\/\\\/diarieducacio.cat\\\/grao\\\/#\\\/schema\\\/person\\\/6ef3c04be493eca55163f8fb357b96dd\"},\"headline\":\"Maria Merc\u00e8 Contra, mestra itinerant d&#8217;escola rural\",\"datePublished\":\"2015-03-04T06:45:09+00:00\",\"dateModified\":\"2024-05-13T16:30:15+00:00\",\"mainEntityOfPage\":{\"@id\":\"https:\\\/\\\/diarieducacio.cat\\\/grao\\\/2015\\\/03\\\/04\\\/maria-merce-contra-mestra-itinerant-descola-rural\\\/\"},\"wordCount\":606,\"commentCount\":0,\"image\":{\"@id\":\"https:\\\/\\\/diarieducacio.cat\\\/grao\\\/2015\\\/03\\\/04\\\/maria-merce-contra-mestra-itinerant-descola-rural\\\/#primaryimage\"},\"thumbnailUrl\":\"https:\\\/\\\/diarieducacio.cat\\\/grao\\\/wp-content\\\/uploads\\\/sites\\\/31\\\/2015\\\/02\\\/rural.jpg\",\"keywords\":[\"escola rural\",\"ZER\"],\"articleSection\":[\"Atenci\u00f3 a la diversitat\",\"Desenvolupament professional\",\"Finalitats de l'educaci\u00f3\"],\"inLanguage\":\"ca\",\"potentialAction\":[{\"@type\":\"CommentAction\",\"name\":\"Comment\",\"target\":[\"https:\\\/\\\/diarieducacio.cat\\\/grao\\\/2015\\\/03\\\/04\\\/maria-merce-contra-mestra-itinerant-descola-rural\\\/#respond\"]}]},{\"@type\":\"WebPage\",\"@id\":\"https:\\\/\\\/diarieducacio.cat\\\/grao\\\/2015\\\/03\\\/04\\\/maria-merce-contra-mestra-itinerant-descola-rural\\\/\",\"url\":\"https:\\\/\\\/diarieducacio.cat\\\/grao\\\/2015\\\/03\\\/04\\\/maria-merce-contra-mestra-itinerant-descola-rural\\\/\",\"name\":\"Maria Merc\u00e8 Contra, mestra itinerant d'escola rural - L'escola gra\u00f3 a gra\u00f3\",\"isPartOf\":{\"@id\":\"https:\\\/\\\/diarieducacio.cat\\\/grao\\\/#website\"},\"primaryImageOfPage\":{\"@id\":\"https:\\\/\\\/diarieducacio.cat\\\/grao\\\/2015\\\/03\\\/04\\\/maria-merce-contra-mestra-itinerant-descola-rural\\\/#primaryimage\"},\"image\":{\"@id\":\"https:\\\/\\\/diarieducacio.cat\\\/grao\\\/2015\\\/03\\\/04\\\/maria-merce-contra-mestra-itinerant-descola-rural\\\/#primaryimage\"},\"thumbnailUrl\":\"https:\\\/\\\/diarieducacio.cat\\\/grao\\\/wp-content\\\/uploads\\\/sites\\\/31\\\/2015\\\/02\\\/rural.jpg\",\"datePublished\":\"2015-03-04T06:45:09+00:00\",\"dateModified\":\"2024-05-13T16:30:15+00:00\",\"author\":{\"@id\":\"https:\\\/\\\/diarieducacio.cat\\\/grao\\\/#\\\/schema\\\/person\\\/6ef3c04be493eca55163f8fb357b96dd\"},\"breadcrumb\":{\"@id\":\"https:\\\/\\\/diarieducacio.cat\\\/grao\\\/2015\\\/03\\\/04\\\/maria-merce-contra-mestra-itinerant-descola-rural\\\/#breadcrumb\"},\"inLanguage\":\"ca\",\"potentialAction\":[{\"@type\":\"ReadAction\",\"target\":[\"https:\\\/\\\/diarieducacio.cat\\\/grao\\\/2015\\\/03\\\/04\\\/maria-merce-contra-mestra-itinerant-descola-rural\\\/\"]}]},{\"@type\":\"ImageObject\",\"inLanguage\":\"ca\",\"@id\":\"https:\\\/\\\/diarieducacio.cat\\\/grao\\\/2015\\\/03\\\/04\\\/maria-merce-contra-mestra-itinerant-descola-rural\\\/#primaryimage\",\"url\":\"https:\\\/\\\/diarieducacio.cat\\\/grao\\\/wp-content\\\/uploads\\\/sites\\\/31\\\/2015\\\/02\\\/rural.jpg\",\"contentUrl\":\"https:\\\/\\\/diarieducacio.cat\\\/grao\\\/wp-content\\\/uploads\\\/sites\\\/31\\\/2015\\\/02\\\/rural.jpg\",\"width\":199,\"height\":147},{\"@type\":\"BreadcrumbList\",\"@id\":\"https:\\\/\\\/diarieducacio.cat\\\/grao\\\/2015\\\/03\\\/04\\\/maria-merce-contra-mestra-itinerant-descola-rural\\\/#breadcrumb\",\"itemListElement\":[{\"@type\":\"ListItem\",\"position\":1,\"name\":\"Inici\",\"item\":\"https:\\\/\\\/diarieducacio.cat\\\/grao\\\/\"},{\"@type\":\"ListItem\",\"position\":2,\"name\":\"Maria Merc\u00e8 Contra, mestra itinerant d&#8217;escola rural\"}]},{\"@type\":\"WebSite\",\"@id\":\"https:\\\/\\\/diarieducacio.cat\\\/grao\\\/#website\",\"url\":\"https:\\\/\\\/diarieducacio.cat\\\/grao\\\/\",\"name\":\"L'escola gra\u00f3 a gra\u00f3\",\"description\":\"Un blog de El Diari de l&#039;Educaci\u00f3\",\"potentialAction\":[{\"@type\":\"SearchAction\",\"target\":{\"@type\":\"EntryPoint\",\"urlTemplate\":\"https:\\\/\\\/diarieducacio.cat\\\/grao\\\/?s={search_term_string}\"},\"query-input\":{\"@type\":\"PropertyValueSpecification\",\"valueRequired\":true,\"valueName\":\"search_term_string\"}}],\"inLanguage\":\"ca\"},{\"@type\":\"Person\",\"@id\":\"https:\\\/\\\/diarieducacio.cat\\\/grao\\\/#\\\/schema\\\/person\\\/6ef3c04be493eca55163f8fb357b96dd\",\"name\":\"Eva Mart\u00ednez\",\"image\":{\"@type\":\"ImageObject\",\"inLanguage\":\"ca\",\"@id\":\"https:\\\/\\\/secure.gravatar.com\\\/avatar\\\/9f9560d64d16d032d11d280ee0bf98bcc108e6d3984f5cd72782046d71518cae?s=96&d=mm&r=g\",\"url\":\"https:\\\/\\\/secure.gravatar.com\\\/avatar\\\/9f9560d64d16d032d11d280ee0bf98bcc108e6d3984f5cd72782046d71518cae?s=96&d=mm&r=g\",\"contentUrl\":\"https:\\\/\\\/secure.gravatar.com\\\/avatar\\\/9f9560d64d16d032d11d280ee0bf98bcc108e6d3984f5cd72782046d71518cae?s=96&d=mm&r=g\",\"caption\":\"Eva Mart\u00ednez\"},\"url\":\"https:\\\/\\\/diarieducacio.cat\\\/grao\\\/author\\\/evamartinez\\\/\"}]}<\/script>\n<!-- \/ Yoast SEO plugin. -->","yoast_head_json":{"title":"Maria Merc\u00e8 Contra, mestra itinerant d'escola rural - L'escola gra\u00f3 a gra\u00f3","robots":{"index":"index","follow":"follow","max-snippet":"max-snippet:-1","max-image-preview":"max-image-preview:large","max-video-preview":"max-video-preview:-1"},"canonical":"https:\/\/diarieducacio.cat\/grao\/2015\/03\/04\/maria-merce-contra-mestra-itinerant-descola-rural\/","og_locale":"ca_ES","og_type":"article","og_title":"Maria Merc\u00e8 Contra, mestra itinerant d'escola rural - L'escola gra\u00f3 a gra\u00f3","og_description":"\u00abEstar a l\u00b4escola rural ofereix la possibilitat de treballar amb grups molt petits. Quan hi arribo, sempre m'esperen contents. \u00c9s com rebre aire fresc nou\u00bb.","og_url":"https:\/\/diarieducacio.cat\/grao\/2015\/03\/04\/maria-merce-contra-mestra-itinerant-descola-rural\/","og_site_name":"L'escola gra\u00f3 a gra\u00f3","article_published_time":"2015-03-04T06:45:09+00:00","article_modified_time":"2024-05-13T16:30:15+00:00","og_image":[{"width":199,"height":147,"url":"https:\/\/diarieducacio.cat\/grao\/wp-content\/uploads\/sites\/31\/2015\/02\/rural.jpg","type":"image\/jpeg"}],"author":"Eva Mart\u00ednez","twitter_card":"summary_large_image","twitter_misc":{"Escrit per":"Eva Mart\u00ednez","Temps estimat de lectura":"3 minuts"},"schema":{"@context":"https:\/\/schema.org","@graph":[{"@type":"Article","@id":"https:\/\/diarieducacio.cat\/grao\/2015\/03\/04\/maria-merce-contra-mestra-itinerant-descola-rural\/#article","isPartOf":{"@id":"https:\/\/diarieducacio.cat\/grao\/2015\/03\/04\/maria-merce-contra-mestra-itinerant-descola-rural\/"},"author":{"name":"Eva Mart\u00ednez","@id":"https:\/\/diarieducacio.cat\/grao\/#\/schema\/person\/6ef3c04be493eca55163f8fb357b96dd"},"headline":"Maria Merc\u00e8 Contra, mestra itinerant d&#8217;escola rural","datePublished":"2015-03-04T06:45:09+00:00","dateModified":"2024-05-13T16:30:15+00:00","mainEntityOfPage":{"@id":"https:\/\/diarieducacio.cat\/grao\/2015\/03\/04\/maria-merce-contra-mestra-itinerant-descola-rural\/"},"wordCount":606,"commentCount":0,"image":{"@id":"https:\/\/diarieducacio.cat\/grao\/2015\/03\/04\/maria-merce-contra-mestra-itinerant-descola-rural\/#primaryimage"},"thumbnailUrl":"https:\/\/diarieducacio.cat\/grao\/wp-content\/uploads\/sites\/31\/2015\/02\/rural.jpg","keywords":["escola rural","ZER"],"articleSection":["Atenci\u00f3 a la diversitat","Desenvolupament professional","Finalitats de l'educaci\u00f3"],"inLanguage":"ca","potentialAction":[{"@type":"CommentAction","name":"Comment","target":["https:\/\/diarieducacio.cat\/grao\/2015\/03\/04\/maria-merce-contra-mestra-itinerant-descola-rural\/#respond"]}]},{"@type":"WebPage","@id":"https:\/\/diarieducacio.cat\/grao\/2015\/03\/04\/maria-merce-contra-mestra-itinerant-descola-rural\/","url":"https:\/\/diarieducacio.cat\/grao\/2015\/03\/04\/maria-merce-contra-mestra-itinerant-descola-rural\/","name":"Maria Merc\u00e8 Contra, mestra itinerant d'escola rural - L'escola gra\u00f3 a gra\u00f3","isPartOf":{"@id":"https:\/\/diarieducacio.cat\/grao\/#website"},"primaryImageOfPage":{"@id":"https:\/\/diarieducacio.cat\/grao\/2015\/03\/04\/maria-merce-contra-mestra-itinerant-descola-rural\/#primaryimage"},"image":{"@id":"https:\/\/diarieducacio.cat\/grao\/2015\/03\/04\/maria-merce-contra-mestra-itinerant-descola-rural\/#primaryimage"},"thumbnailUrl":"https:\/\/diarieducacio.cat\/grao\/wp-content\/uploads\/sites\/31\/2015\/02\/rural.jpg","datePublished":"2015-03-04T06:45:09+00:00","dateModified":"2024-05-13T16:30:15+00:00","author":{"@id":"https:\/\/diarieducacio.cat\/grao\/#\/schema\/person\/6ef3c04be493eca55163f8fb357b96dd"},"breadcrumb":{"@id":"https:\/\/diarieducacio.cat\/grao\/2015\/03\/04\/maria-merce-contra-mestra-itinerant-descola-rural\/#breadcrumb"},"inLanguage":"ca","potentialAction":[{"@type":"ReadAction","target":["https:\/\/diarieducacio.cat\/grao\/2015\/03\/04\/maria-merce-contra-mestra-itinerant-descola-rural\/"]}]},{"@type":"ImageObject","inLanguage":"ca","@id":"https:\/\/diarieducacio.cat\/grao\/2015\/03\/04\/maria-merce-contra-mestra-itinerant-descola-rural\/#primaryimage","url":"https:\/\/diarieducacio.cat\/grao\/wp-content\/uploads\/sites\/31\/2015\/02\/rural.jpg","contentUrl":"https:\/\/diarieducacio.cat\/grao\/wp-content\/uploads\/sites\/31\/2015\/02\/rural.jpg","width":199,"height":147},{"@type":"BreadcrumbList","@id":"https:\/\/diarieducacio.cat\/grao\/2015\/03\/04\/maria-merce-contra-mestra-itinerant-descola-rural\/#breadcrumb","itemListElement":[{"@type":"ListItem","position":1,"name":"Inici","item":"https:\/\/diarieducacio.cat\/grao\/"},{"@type":"ListItem","position":2,"name":"Maria Merc\u00e8 Contra, mestra itinerant d&#8217;escola rural"}]},{"@type":"WebSite","@id":"https:\/\/diarieducacio.cat\/grao\/#website","url":"https:\/\/diarieducacio.cat\/grao\/","name":"L'escola gra\u00f3 a gra\u00f3","description":"Un blog de El Diari de l&#039;Educaci\u00f3","potentialAction":[{"@type":"SearchAction","target":{"@type":"EntryPoint","urlTemplate":"https:\/\/diarieducacio.cat\/grao\/?s={search_term_string}"},"query-input":{"@type":"PropertyValueSpecification","valueRequired":true,"valueName":"search_term_string"}}],"inLanguage":"ca"},{"@type":"Person","@id":"https:\/\/diarieducacio.cat\/grao\/#\/schema\/person\/6ef3c04be493eca55163f8fb357b96dd","name":"Eva Mart\u00ednez","image":{"@type":"ImageObject","inLanguage":"ca","@id":"https:\/\/secure.gravatar.com\/avatar\/9f9560d64d16d032d11d280ee0bf98bcc108e6d3984f5cd72782046d71518cae?s=96&d=mm&r=g","url":"https:\/\/secure.gravatar.com\/avatar\/9f9560d64d16d032d11d280ee0bf98bcc108e6d3984f5cd72782046d71518cae?s=96&d=mm&r=g","contentUrl":"https:\/\/secure.gravatar.com\/avatar\/9f9560d64d16d032d11d280ee0bf98bcc108e6d3984f5cd72782046d71518cae?s=96&d=mm&r=g","caption":"Eva Mart\u00ednez"},"url":"https:\/\/diarieducacio.cat\/grao\/author\/evamartinez\/"}]}},"_links":{"self":[{"href":"https:\/\/diarieducacio.cat\/grao\/wp-json\/wp\/v2\/posts\/806","targetHints":{"allow":["GET"]}}],"collection":[{"href":"https:\/\/diarieducacio.cat\/grao\/wp-json\/wp\/v2\/posts"}],"about":[{"href":"https:\/\/diarieducacio.cat\/grao\/wp-json\/wp\/v2\/types\/post"}],"author":[{"embeddable":true,"href":"https:\/\/diarieducacio.cat\/grao\/wp-json\/wp\/v2\/users\/525"}],"replies":[{"embeddable":true,"href":"https:\/\/diarieducacio.cat\/grao\/wp-json\/wp\/v2\/comments?post=806"}],"version-history":[{"count":1,"href":"https:\/\/diarieducacio.cat\/grao\/wp-json\/wp\/v2\/posts\/806\/revisions"}],"predecessor-version":[{"id":6208,"href":"https:\/\/diarieducacio.cat\/grao\/wp-json\/wp\/v2\/posts\/806\/revisions\/6208"}],"wp:featuredmedia":[{"embeddable":true,"href":"https:\/\/diarieducacio.cat\/grao\/wp-json\/wp\/v2\/media\/810"}],"wp:attachment":[{"href":"https:\/\/diarieducacio.cat\/grao\/wp-json\/wp\/v2\/media?parent=806"}],"wp:term":[{"taxonomy":"category","embeddable":true,"href":"https:\/\/diarieducacio.cat\/grao\/wp-json\/wp\/v2\/categories?post=806"},{"taxonomy":"post_tag","embeddable":true,"href":"https:\/\/diarieducacio.cat\/grao\/wp-json\/wp\/v2\/tags?post=806"},{"taxonomy":"tipo","embeddable":true,"href":"https:\/\/diarieducacio.cat\/grao\/wp-json\/wp\/v2\/tipo?post=806"}],"curies":[{"name":"wp","href":"https:\/\/api.w.org\/{rel}","templated":true}]}}