{"id":815,"date":"2015-03-12T10:34:49","date_gmt":"2015-03-12T10:34:49","guid":{"rendered":"https:\/\/diarieducacio.cat\/grao\/?p=815"},"modified":"2024-05-13T18:30:15","modified_gmt":"2024-05-13T16:30:15","slug":"cuidem-el-claustre-juguem-hi","status":"publish","type":"post","link":"https:\/\/diarieducacio.cat\/grao\/2015\/03\/12\/cuidem-el-claustre-juguem-hi\/","title":{"rendered":"Cuidem el claustre, juguem-hi!"},"content":{"rendered":"<p><a href=\"https:\/\/nostalgic-ishizaka.82-223-1-47.plesk.page\/grao\/wp-content\/uploads\/sites\/31\/2015\/02\/GU39321.jpg\"><\/a>Totes les persones que ens dediquem a fer de mestre d\u2019una manera vocacional, sabem que \u00e9s una tasca molt gratificant i tamb\u00e9 que, alhora, patim un desgast f\u00edsic i psicol\u00f2gic important. A m\u00e9s, si anem sentint cont\u00ednuament pels passadissos de l\u2019escola \u00abQuina feinada! No ho atrapo!\u00bb, <strong>esdev\u00e9 molt necessari fer una aturada per oferir activitats que, d\u2019una manera m\u00e9s l\u00fadica i volunt\u00e0ria, permetin dinamitzar el personal del claustre i compartir somriures<\/strong>.<\/p>\n<p>Al nostre centre, un grup de mestres anomenat MIDOLATRI preparem un viatge a final de curs. Es tracta d\u2019un viatge totalment sorpresa i t\u00e9 una durada d\u2019un dia i mig. Durant el curs, organitzem altres activitats que ens poden donar pistes del lloc on anirem. De vegades, aquestes activitats no tenen res a veure amb el viatge, per\u00f2 contenen un component clarament l\u00fadic per anar escalfant motors.<\/p>\n<p>Una d\u2019aquestes activitats que vam dur a terme va ser oferir a tots els mestres unes ulleres de pl\u00e0stic acompanyades de la recepta adaptada, amb les quals es pretenia que qued\u00e9s molt clar el missatge seg\u00fcent: cal tenir una actitud constructiva davant les coses que ens passen cada dia a l\u2019escola. A l\u2019inici del curs, vam fer una excursi\u00f3 nocturna al Magma i, just despr\u00e9s de sopar, vam repartir les ulleres amb la recepta que podeu llegir al requadre.<\/p>\n<p>Us animem a fer activitats com aquestes als vostres claustres per alimentar-nos i encomanar positivisme a la gent que ens envolta.<\/p>\n<blockquote><p>ULLERESDEVEUREHIB\u00c9 RECOBERTES AMB UNA PEL\u00b7L\u00cdCULA SUAU<\/p>\n<p>Llegeixi tot el prospecte detingudament, perqu\u00e8 cont\u00e9 informaci\u00f3 important per a vost\u00e8. Aquest medicament pot adquirir-se sense recepta, aix\u00f2 no obstant, per obtenir-ne uns resultats m\u00e9s bons, cal utilitzar-lo adequadament.<\/p>\n<ul>\n<li>Cal conservar-ne el prospecte, i aix\u00ed podr\u00e0 rellegir-lo quan ho cregui convenient.<\/li>\n<li>Si necessita consell, o m\u00e9s informaci\u00f3, consulti la farm\u00e0cia TRILAMIDO, qui, a tota velocitat, es posar\u00e0 en contacte amb l\u2019ag\u00e8ncia MIDOLATRI, responsable per excel\u00b7l\u00e8ncia del producte.<\/li>\n<li>Si els s\u00edmptomes empitjoren o persisteixen durant m\u00e9s de set dies, ho haur\u00e0 de consultar al seu cap d\u2019estudis.<\/li>\n<li>Si considera que alguns dels efectes adversos que pateix s\u00f3n greus o si aprecia qualsevol efecte advers no esmentat en aquest prospecte, informi r\u00e0pidament el seu cap d\u2019estudis, la direcci\u00f3 del centre o, directament, la inspecci\u00f3.<\/li>\n<\/ul>\n<p><strong>Contingut del prospecte<\/strong><\/p>\n<ol>\n<li>Qu\u00e8 \u00e9s ULLERESDEVEUREHIB\u00c9 i per a qu\u00e8 s&#8217;utilitza.<\/li>\n<li>Abans d&#8217;utlitzar\u00a0ULLERESDEVEUREHIB\u00c9.<\/li>\n<li>Com podem utilitzar\u00a0ULLERESDEVEUREHIB\u00c9.<\/li>\n<li>Possibles efectes secundaris.<\/li>\n<li>Conservaci\u00f3 de les\u00a0ULLERESDEVEUREHIB\u00c9.<\/li>\n<li>Informaci\u00f3 adiccional.<\/li>\n<\/ol>\n<\/blockquote>\n<p><strong>Font:\u00a0<\/strong>Revista Guix n.393 (Identitats i Educaci\u00f3 en arts virtuals). Clic <a href=\"http:\/\/guix.grao.com\/revistes\/guix\/393-identitats-i-educacio-en-arts-visuals\/cuidem-el-claustre-juguem-hi\" target=\"_blank\" rel=\"noopener\">aqu\u00ed<\/a>.<\/p>\n","protected":false},"excerpt":{"rendered":"<p>Us animem a fer activitats com aquestes als vostres claustres per alimentar-nos i encomanar positivisme a la gent que ens envolta.<\/p>\n","protected":false},"author":556,"featured_media":816,"comment_status":"open","ping_status":"open","sticky":false,"template":"","format":"standard","meta":{"footnotes":""},"categories":[270,101,164,115],"tags":[98,301,100,199,302],"tipo":[],"class_list":{"0":"post-815","1":"post","2":"type-post","3":"status-publish","4":"format-standard","5":"has-post-thumbnail","7":"category-creativitat","8":"category-desenvolupament-personal","9":"category-estrategies-internes","10":"category-reflexio","11":"tag-benestar-del-professorat","12":"tag-claustre","13":"tag-creixement-personal","14":"tag-escola","15":"tag-jocs"},"yoast_head":"<!-- This site is optimized with the Yoast SEO plugin v27.5 - https:\/\/yoast.com\/product\/yoast-seo-wordpress\/ -->\n<title>Cuidem el claustre, juguem-hi! - L&#039;escola gra\u00f3 a gra\u00f3<\/title>\n<meta name=\"robots\" content=\"index, follow, max-snippet:-1, max-image-preview:large, max-video-preview:-1\" \/>\n<link rel=\"canonical\" href=\"https:\/\/diarieducacio.cat\/grao\/2015\/03\/12\/cuidem-el-claustre-juguem-hi\/\" \/>\n<meta property=\"og:locale\" content=\"ca_ES\" \/>\n<meta property=\"og:type\" content=\"article\" \/>\n<meta property=\"og:title\" content=\"Cuidem el claustre, juguem-hi! - L&#039;escola gra\u00f3 a gra\u00f3\" \/>\n<meta property=\"og:description\" content=\"Us animem a fer activitats com aquestes als vostres claustres per alimentar-nos i encomanar positivisme a la gent que ens envolta.\" \/>\n<meta property=\"og:url\" content=\"https:\/\/diarieducacio.cat\/grao\/2015\/03\/12\/cuidem-el-claustre-juguem-hi\/\" \/>\n<meta property=\"og:site_name\" content=\"L&#039;escola gra\u00f3 a gra\u00f3\" \/>\n<meta property=\"article:published_time\" content=\"2015-03-12T10:34:49+00:00\" \/>\n<meta property=\"article:modified_time\" content=\"2024-05-13T16:30:15+00:00\" \/>\n<meta property=\"og:image\" content=\"https:\/\/diarieducacio.cat\/grao\/wp-content\/uploads\/sites\/31\/2015\/02\/GU39321.jpg\" \/>\n\t<meta property=\"og:image:width\" content=\"263\" \/>\n\t<meta property=\"og:image:height\" content=\"197\" \/>\n\t<meta property=\"og:image:type\" content=\"image\/jpeg\" \/>\n<meta name=\"author\" content=\"Trini Guti\u00e9rrez Juan\" \/>\n<meta name=\"twitter:card\" content=\"summary_large_image\" \/>\n<meta name=\"twitter:label1\" content=\"Escrit per\" \/>\n\t<meta name=\"twitter:data1\" content=\"Trini Guti\u00e9rrez Juan\" \/>\n\t<meta name=\"twitter:label2\" content=\"Temps estimat de lectura\" \/>\n\t<meta name=\"twitter:data2\" content=\"2 minuts\" \/>\n<script type=\"application\/ld+json\" class=\"yoast-schema-graph\">{\"@context\":\"https:\\\/\\\/schema.org\",\"@graph\":[{\"@type\":\"Article\",\"@id\":\"https:\\\/\\\/diarieducacio.cat\\\/grao\\\/2015\\\/03\\\/12\\\/cuidem-el-claustre-juguem-hi\\\/#article\",\"isPartOf\":{\"@id\":\"https:\\\/\\\/diarieducacio.cat\\\/grao\\\/2015\\\/03\\\/12\\\/cuidem-el-claustre-juguem-hi\\\/\"},\"author\":{\"name\":\"Trini Guti\u00e9rrez Juan\",\"@id\":\"https:\\\/\\\/diarieducacio.cat\\\/grao\\\/#\\\/schema\\\/person\\\/880dc91b7b6dae07833c10ce02abc1e1\"},\"headline\":\"Cuidem el claustre, juguem-hi!\",\"datePublished\":\"2015-03-12T10:34:49+00:00\",\"dateModified\":\"2024-05-13T16:30:15+00:00\",\"mainEntityOfPage\":{\"@id\":\"https:\\\/\\\/diarieducacio.cat\\\/grao\\\/2015\\\/03\\\/12\\\/cuidem-el-claustre-juguem-hi\\\/\"},\"wordCount\":447,\"commentCount\":0,\"image\":{\"@id\":\"https:\\\/\\\/diarieducacio.cat\\\/grao\\\/2015\\\/03\\\/12\\\/cuidem-el-claustre-juguem-hi\\\/#primaryimage\"},\"thumbnailUrl\":\"https:\\\/\\\/diarieducacio.cat\\\/grao\\\/wp-content\\\/uploads\\\/sites\\\/31\\\/2015\\\/02\\\/GU39321.jpg\",\"keywords\":[\"benestar del professorat\",\"claustre\",\"creixement personal\",\"escola\",\"jocs\"],\"articleSection\":[\"Creativitat\",\"Desenvolupament Personal\",\"Estrat\u00e8gies Internes\",\"Reflexi\u00f3\"],\"inLanguage\":\"ca\",\"potentialAction\":[{\"@type\":\"CommentAction\",\"name\":\"Comment\",\"target\":[\"https:\\\/\\\/diarieducacio.cat\\\/grao\\\/2015\\\/03\\\/12\\\/cuidem-el-claustre-juguem-hi\\\/#respond\"]}]},{\"@type\":\"WebPage\",\"@id\":\"https:\\\/\\\/diarieducacio.cat\\\/grao\\\/2015\\\/03\\\/12\\\/cuidem-el-claustre-juguem-hi\\\/\",\"url\":\"https:\\\/\\\/diarieducacio.cat\\\/grao\\\/2015\\\/03\\\/12\\\/cuidem-el-claustre-juguem-hi\\\/\",\"name\":\"Cuidem el claustre, juguem-hi! - L'escola gra\u00f3 a gra\u00f3\",\"isPartOf\":{\"@id\":\"https:\\\/\\\/diarieducacio.cat\\\/grao\\\/#website\"},\"primaryImageOfPage\":{\"@id\":\"https:\\\/\\\/diarieducacio.cat\\\/grao\\\/2015\\\/03\\\/12\\\/cuidem-el-claustre-juguem-hi\\\/#primaryimage\"},\"image\":{\"@id\":\"https:\\\/\\\/diarieducacio.cat\\\/grao\\\/2015\\\/03\\\/12\\\/cuidem-el-claustre-juguem-hi\\\/#primaryimage\"},\"thumbnailUrl\":\"https:\\\/\\\/diarieducacio.cat\\\/grao\\\/wp-content\\\/uploads\\\/sites\\\/31\\\/2015\\\/02\\\/GU39321.jpg\",\"datePublished\":\"2015-03-12T10:34:49+00:00\",\"dateModified\":\"2024-05-13T16:30:15+00:00\",\"author\":{\"@id\":\"https:\\\/\\\/diarieducacio.cat\\\/grao\\\/#\\\/schema\\\/person\\\/880dc91b7b6dae07833c10ce02abc1e1\"},\"breadcrumb\":{\"@id\":\"https:\\\/\\\/diarieducacio.cat\\\/grao\\\/2015\\\/03\\\/12\\\/cuidem-el-claustre-juguem-hi\\\/#breadcrumb\"},\"inLanguage\":\"ca\",\"potentialAction\":[{\"@type\":\"ReadAction\",\"target\":[\"https:\\\/\\\/diarieducacio.cat\\\/grao\\\/2015\\\/03\\\/12\\\/cuidem-el-claustre-juguem-hi\\\/\"]}]},{\"@type\":\"ImageObject\",\"inLanguage\":\"ca\",\"@id\":\"https:\\\/\\\/diarieducacio.cat\\\/grao\\\/2015\\\/03\\\/12\\\/cuidem-el-claustre-juguem-hi\\\/#primaryimage\",\"url\":\"https:\\\/\\\/diarieducacio.cat\\\/grao\\\/wp-content\\\/uploads\\\/sites\\\/31\\\/2015\\\/02\\\/GU39321.jpg\",\"contentUrl\":\"https:\\\/\\\/diarieducacio.cat\\\/grao\\\/wp-content\\\/uploads\\\/sites\\\/31\\\/2015\\\/02\\\/GU39321.jpg\",\"width\":263,\"height\":197},{\"@type\":\"BreadcrumbList\",\"@id\":\"https:\\\/\\\/diarieducacio.cat\\\/grao\\\/2015\\\/03\\\/12\\\/cuidem-el-claustre-juguem-hi\\\/#breadcrumb\",\"itemListElement\":[{\"@type\":\"ListItem\",\"position\":1,\"name\":\"Inici\",\"item\":\"https:\\\/\\\/diarieducacio.cat\\\/grao\\\/\"},{\"@type\":\"ListItem\",\"position\":2,\"name\":\"Cuidem el claustre, juguem-hi!\"}]},{\"@type\":\"WebSite\",\"@id\":\"https:\\\/\\\/diarieducacio.cat\\\/grao\\\/#website\",\"url\":\"https:\\\/\\\/diarieducacio.cat\\\/grao\\\/\",\"name\":\"L'escola gra\u00f3 a gra\u00f3\",\"description\":\"Un blog de El Diari de l&#039;Educaci\u00f3\",\"potentialAction\":[{\"@type\":\"SearchAction\",\"target\":{\"@type\":\"EntryPoint\",\"urlTemplate\":\"https:\\\/\\\/diarieducacio.cat\\\/grao\\\/?s={search_term_string}\"},\"query-input\":{\"@type\":\"PropertyValueSpecification\",\"valueRequired\":true,\"valueName\":\"search_term_string\"}}],\"inLanguage\":\"ca\"},{\"@type\":\"Person\",\"@id\":\"https:\\\/\\\/diarieducacio.cat\\\/grao\\\/#\\\/schema\\\/person\\\/880dc91b7b6dae07833c10ce02abc1e1\",\"name\":\"Trini Guti\u00e9rrez Juan\",\"image\":{\"@type\":\"ImageObject\",\"inLanguage\":\"ca\",\"@id\":\"https:\\\/\\\/secure.gravatar.com\\\/avatar\\\/43e0ec8e87ded05953f518ec55afa1d6a22854e0ab997a87aff11a868880e57b?s=96&d=mm&r=g\",\"url\":\"https:\\\/\\\/secure.gravatar.com\\\/avatar\\\/43e0ec8e87ded05953f518ec55afa1d6a22854e0ab997a87aff11a868880e57b?s=96&d=mm&r=g\",\"contentUrl\":\"https:\\\/\\\/secure.gravatar.com\\\/avatar\\\/43e0ec8e87ded05953f518ec55afa1d6a22854e0ab997a87aff11a868880e57b?s=96&d=mm&r=g\",\"caption\":\"Trini Guti\u00e9rrez Juan\"},\"url\":\"https:\\\/\\\/diarieducacio.cat\\\/grao\\\/author\\\/tgutierrez\\\/\"}]}<\/script>\n<!-- \/ Yoast SEO plugin. -->","yoast_head_json":{"title":"Cuidem el claustre, juguem-hi! - L'escola gra\u00f3 a gra\u00f3","robots":{"index":"index","follow":"follow","max-snippet":"max-snippet:-1","max-image-preview":"max-image-preview:large","max-video-preview":"max-video-preview:-1"},"canonical":"https:\/\/diarieducacio.cat\/grao\/2015\/03\/12\/cuidem-el-claustre-juguem-hi\/","og_locale":"ca_ES","og_type":"article","og_title":"Cuidem el claustre, juguem-hi! - L'escola gra\u00f3 a gra\u00f3","og_description":"Us animem a fer activitats com aquestes als vostres claustres per alimentar-nos i encomanar positivisme a la gent que ens envolta.","og_url":"https:\/\/diarieducacio.cat\/grao\/2015\/03\/12\/cuidem-el-claustre-juguem-hi\/","og_site_name":"L'escola gra\u00f3 a gra\u00f3","article_published_time":"2015-03-12T10:34:49+00:00","article_modified_time":"2024-05-13T16:30:15+00:00","og_image":[{"width":263,"height":197,"url":"https:\/\/diarieducacio.cat\/grao\/wp-content\/uploads\/sites\/31\/2015\/02\/GU39321.jpg","type":"image\/jpeg"}],"author":"Trini Guti\u00e9rrez Juan","twitter_card":"summary_large_image","twitter_misc":{"Escrit per":"Trini Guti\u00e9rrez Juan","Temps estimat de lectura":"2 minuts"},"schema":{"@context":"https:\/\/schema.org","@graph":[{"@type":"Article","@id":"https:\/\/diarieducacio.cat\/grao\/2015\/03\/12\/cuidem-el-claustre-juguem-hi\/#article","isPartOf":{"@id":"https:\/\/diarieducacio.cat\/grao\/2015\/03\/12\/cuidem-el-claustre-juguem-hi\/"},"author":{"name":"Trini Guti\u00e9rrez Juan","@id":"https:\/\/diarieducacio.cat\/grao\/#\/schema\/person\/880dc91b7b6dae07833c10ce02abc1e1"},"headline":"Cuidem el claustre, juguem-hi!","datePublished":"2015-03-12T10:34:49+00:00","dateModified":"2024-05-13T16:30:15+00:00","mainEntityOfPage":{"@id":"https:\/\/diarieducacio.cat\/grao\/2015\/03\/12\/cuidem-el-claustre-juguem-hi\/"},"wordCount":447,"commentCount":0,"image":{"@id":"https:\/\/diarieducacio.cat\/grao\/2015\/03\/12\/cuidem-el-claustre-juguem-hi\/#primaryimage"},"thumbnailUrl":"https:\/\/diarieducacio.cat\/grao\/wp-content\/uploads\/sites\/31\/2015\/02\/GU39321.jpg","keywords":["benestar del professorat","claustre","creixement personal","escola","jocs"],"articleSection":["Creativitat","Desenvolupament Personal","Estrat\u00e8gies Internes","Reflexi\u00f3"],"inLanguage":"ca","potentialAction":[{"@type":"CommentAction","name":"Comment","target":["https:\/\/diarieducacio.cat\/grao\/2015\/03\/12\/cuidem-el-claustre-juguem-hi\/#respond"]}]},{"@type":"WebPage","@id":"https:\/\/diarieducacio.cat\/grao\/2015\/03\/12\/cuidem-el-claustre-juguem-hi\/","url":"https:\/\/diarieducacio.cat\/grao\/2015\/03\/12\/cuidem-el-claustre-juguem-hi\/","name":"Cuidem el claustre, juguem-hi! - L'escola gra\u00f3 a gra\u00f3","isPartOf":{"@id":"https:\/\/diarieducacio.cat\/grao\/#website"},"primaryImageOfPage":{"@id":"https:\/\/diarieducacio.cat\/grao\/2015\/03\/12\/cuidem-el-claustre-juguem-hi\/#primaryimage"},"image":{"@id":"https:\/\/diarieducacio.cat\/grao\/2015\/03\/12\/cuidem-el-claustre-juguem-hi\/#primaryimage"},"thumbnailUrl":"https:\/\/diarieducacio.cat\/grao\/wp-content\/uploads\/sites\/31\/2015\/02\/GU39321.jpg","datePublished":"2015-03-12T10:34:49+00:00","dateModified":"2024-05-13T16:30:15+00:00","author":{"@id":"https:\/\/diarieducacio.cat\/grao\/#\/schema\/person\/880dc91b7b6dae07833c10ce02abc1e1"},"breadcrumb":{"@id":"https:\/\/diarieducacio.cat\/grao\/2015\/03\/12\/cuidem-el-claustre-juguem-hi\/#breadcrumb"},"inLanguage":"ca","potentialAction":[{"@type":"ReadAction","target":["https:\/\/diarieducacio.cat\/grao\/2015\/03\/12\/cuidem-el-claustre-juguem-hi\/"]}]},{"@type":"ImageObject","inLanguage":"ca","@id":"https:\/\/diarieducacio.cat\/grao\/2015\/03\/12\/cuidem-el-claustre-juguem-hi\/#primaryimage","url":"https:\/\/diarieducacio.cat\/grao\/wp-content\/uploads\/sites\/31\/2015\/02\/GU39321.jpg","contentUrl":"https:\/\/diarieducacio.cat\/grao\/wp-content\/uploads\/sites\/31\/2015\/02\/GU39321.jpg","width":263,"height":197},{"@type":"BreadcrumbList","@id":"https:\/\/diarieducacio.cat\/grao\/2015\/03\/12\/cuidem-el-claustre-juguem-hi\/#breadcrumb","itemListElement":[{"@type":"ListItem","position":1,"name":"Inici","item":"https:\/\/diarieducacio.cat\/grao\/"},{"@type":"ListItem","position":2,"name":"Cuidem el claustre, juguem-hi!"}]},{"@type":"WebSite","@id":"https:\/\/diarieducacio.cat\/grao\/#website","url":"https:\/\/diarieducacio.cat\/grao\/","name":"L'escola gra\u00f3 a gra\u00f3","description":"Un blog de El Diari de l&#039;Educaci\u00f3","potentialAction":[{"@type":"SearchAction","target":{"@type":"EntryPoint","urlTemplate":"https:\/\/diarieducacio.cat\/grao\/?s={search_term_string}"},"query-input":{"@type":"PropertyValueSpecification","valueRequired":true,"valueName":"search_term_string"}}],"inLanguage":"ca"},{"@type":"Person","@id":"https:\/\/diarieducacio.cat\/grao\/#\/schema\/person\/880dc91b7b6dae07833c10ce02abc1e1","name":"Trini Guti\u00e9rrez Juan","image":{"@type":"ImageObject","inLanguage":"ca","@id":"https:\/\/secure.gravatar.com\/avatar\/43e0ec8e87ded05953f518ec55afa1d6a22854e0ab997a87aff11a868880e57b?s=96&d=mm&r=g","url":"https:\/\/secure.gravatar.com\/avatar\/43e0ec8e87ded05953f518ec55afa1d6a22854e0ab997a87aff11a868880e57b?s=96&d=mm&r=g","contentUrl":"https:\/\/secure.gravatar.com\/avatar\/43e0ec8e87ded05953f518ec55afa1d6a22854e0ab997a87aff11a868880e57b?s=96&d=mm&r=g","caption":"Trini Guti\u00e9rrez Juan"},"url":"https:\/\/diarieducacio.cat\/grao\/author\/tgutierrez\/"}]}},"_links":{"self":[{"href":"https:\/\/diarieducacio.cat\/grao\/wp-json\/wp\/v2\/posts\/815","targetHints":{"allow":["GET"]}}],"collection":[{"href":"https:\/\/diarieducacio.cat\/grao\/wp-json\/wp\/v2\/posts"}],"about":[{"href":"https:\/\/diarieducacio.cat\/grao\/wp-json\/wp\/v2\/types\/post"}],"author":[{"embeddable":true,"href":"https:\/\/diarieducacio.cat\/grao\/wp-json\/wp\/v2\/users\/556"}],"replies":[{"embeddable":true,"href":"https:\/\/diarieducacio.cat\/grao\/wp-json\/wp\/v2\/comments?post=815"}],"version-history":[{"count":1,"href":"https:\/\/diarieducacio.cat\/grao\/wp-json\/wp\/v2\/posts\/815\/revisions"}],"predecessor-version":[{"id":6209,"href":"https:\/\/diarieducacio.cat\/grao\/wp-json\/wp\/v2\/posts\/815\/revisions\/6209"}],"wp:featuredmedia":[{"embeddable":true,"href":"https:\/\/diarieducacio.cat\/grao\/wp-json\/wp\/v2\/media\/816"}],"wp:attachment":[{"href":"https:\/\/diarieducacio.cat\/grao\/wp-json\/wp\/v2\/media?parent=815"}],"wp:term":[{"taxonomy":"category","embeddable":true,"href":"https:\/\/diarieducacio.cat\/grao\/wp-json\/wp\/v2\/categories?post=815"},{"taxonomy":"post_tag","embeddable":true,"href":"https:\/\/diarieducacio.cat\/grao\/wp-json\/wp\/v2\/tags?post=815"},{"taxonomy":"tipo","embeddable":true,"href":"https:\/\/diarieducacio.cat\/grao\/wp-json\/wp\/v2\/tipo?post=815"}],"curies":[{"name":"wp","href":"https:\/\/api.w.org\/{rel}","templated":true}]}}