{"id":823,"date":"2015-03-31T20:12:39","date_gmt":"2015-03-31T20:12:39","guid":{"rendered":"https:\/\/diarieducacio.cat\/grao\/?p=823"},"modified":"2024-05-13T18:30:15","modified_gmt":"2024-05-13T16:30:15","slug":"els-problemes-com-a-necessitats","status":"publish","type":"post","link":"https:\/\/diarieducacio.cat\/grao\/2015\/03\/31\/els-problemes-com-a-necessitats\/","title":{"rendered":"Els problemes com a necessitats"},"content":{"rendered":"<p><a href=\"https:\/\/nostalgic-ishizaka.82-223-1-47.plesk.page\/grao\/wp-content\/uploads\/sites\/31\/2015\/02\/diversitat.jpg\"><\/a>Una afirmaci\u00f3 com: \u00abAquest noi no hauria de ser aqu\u00ed (a l\u2019escola)\u00bb no \u00e9s inusual\u00a0entre el professorat, i indica que el noi en q\u00fcesti\u00f3 \u00e9s clarament problem\u00e0tic i que no\u00a0s\u2019adapta a les condicions del centre escolar. Una altra afirmaci\u00f3 tamb\u00e9 usual, del\u00a0tipus: \u00abNo sabem qu\u00e8 m\u00e9s podem fer per aquesta noia\u00bb t\u00e9 el mateix sentit, per\u00f2 en\u00a0canvia el subjecte problem\u00e0tic: ara no \u00e9s tant el noi o la noia com l\u2019escola i, en el\u00a0fons, ens estem preguntant: \u00abQu\u00e8 podr\u00edem fer per aquesta noia?\u00bb.\u00a0El problema (el noi\u00a0o la noia) s\u2019ha convertit en una necessitat: cal que fem alguna cosa per donar resposta\u00a0a les necessitats d\u2019aquests alumnes (i de tots).<\/p>\n<p>De tota manera, sabem que no tot l\u2019alumnat \u00e9s capa\u00e7 d\u2019aprendre les mateixes\u00a0coses, per aix\u00f2 \u00e9s necessari plantejar-se unes finalitats assolibles per tothom, revisar i\u00a0adaptar les nostres pr\u00e0ctiques educatives i adoptar les mesures necess\u00e0ries per compensar\u00a0les desigualtats.<\/p>\n<blockquote><p>Els continguts objecte d\u2019ensenyament i aprenentatge han de desenvolupar\u00a0totes les capacitats humanes (educaci\u00f3 integral), i no nom\u00e9s les que seran necess\u00e0ries\u00a0per a les etapes postobligat\u00f2ries (b\u00e0sicament capacitats cognitives).<\/p><\/blockquote>\n<p>Les finalitats de l\u2019educaci\u00f3 obligat\u00f2ria no poden ser inflexibles ni inabastables\u00a0per una part (gran o petita) de la poblaci\u00f3 escolar que es veu obligada a cursar\u00a0aquests estudis. Els continguts objecte d\u2019ensenyament i aprenentatge han de desenvolupar\u00a0totes les capacitats humanes (educaci\u00f3 integral), i no nom\u00e9s les que seran necess\u00e0ries\u00a0per a les etapes postobligat\u00f2ries (b\u00e0sicament capacitats cognitives). Acostar-se a aquests plantejaments requereix fer canvis importants en la majoria de centres;\u00a0aquesta \u00e9s una primera revisi\u00f3 necess\u00e0ria per cobrir les noves necessitats que\u00a0imposa l\u2019educaci\u00f3 en la diversitat.<\/p>\n<p>Una segona revisi\u00f3 necess\u00e0ria afecta la programaci\u00f3 d\u2019aula, on s\u2019imposa prendre\u00a0decisions coherents amb el saber que tenim disponible respecte de com s\u2019apr\u00e8n i, per\u00a0tant, caldr\u00e0 revisar o variar les formes actuals de gestionar l\u2019aula (per exemple, sabem que les nostres alumnes i els nostres alumnes tenen un temps limitat d\u2019atenci\u00f3 quan\u00a0la transmissi\u00f3 de coneixements \u00e9s unidireccional), haurem de condicionar a la diversitat\u00a0la gesti\u00f3 social de l\u2019aula (perqu\u00e8 l\u2019aprenentatge s\u2019incrementa amb l\u2019acci\u00f3 del\u00a0grup), tindrem necessitat de proposar activitats diverses segons el tipus de contingut\u00a0que es vulgui aprendre i segons la fase dins la seq\u00fc\u00e8ncia d\u2019aprenentatge, ens caldr\u00e0\u00a0desenvolupar totes les f\u00f3rmules per tal que l\u2019avaluaci\u00f3 tingui funci\u00f3 pedag\u00f2gica, etc.<\/p>\n<blockquote><p>Cal\u00a0crear (o revisar, si ja n\u2019hi ha) els mecanismes\u00a0necessaris per compensar les desigualtats\u00a0que alguns i algunes alumnes tenen.<\/p><\/blockquote>\n<p>Una tercera revisi\u00f3 que es necessita fer per tal d\u2019atendre les necessitats que suscita\u00a0l\u2019educaci\u00f3 integral i comprensiva afecta tot el centre i la comunitat educativa: cal\u00a0crear (o revisar, si ja n\u2019hi ha) els mecanismes\u00a0necessaris per compensar les desigualtats\u00a0que alguns i algunes alumnes tenen, derivades del seu entorn social, cultural o\u00a0econ\u00f2mic, i que els farien estar en desavantatge respecte dels seus company i de les seves companyes.<\/p>\n<p>A ning\u00fa se li escapa que aquestes tres revisions impliquen un canvi molt important,\u00a0de caire global (afecta tots els \u00e0mbits) i d\u2019implicaci\u00f3 general (demana la participaci\u00f3\u00a0de totes les persones de la comunitat educativa).<\/p>\n<p><strong>Font: <\/strong><em>Com ens ho fem? Propostes per educar en la diversitat. <\/em>GRA\u00d3, 2000.<em>\u00a0<\/em>Biblioteca de GUIX, 119.\u00a0Clic <a href=\"http:\/\/www.grao.com\/llibres\/com-ens-ho-fem\" target=\"_blank\" rel=\"noopener\">aqu\u00ed<\/a>.<\/p>\n","protected":false},"excerpt":{"rendered":"<p>Educar en la diversitat \u00e9s assumir que nois i noies, nens i nenes de diferents caracter\u00edstiques han d\u2019educar-se junts i prendre les decisions necess\u00e0ries perqu\u00e8 aix\u00f2 sigui possible.<\/p>\n","protected":false},"author":524,"featured_media":825,"comment_status":"open","ping_status":"open","sticky":false,"template":"","format":"standard","meta":{"footnotes":""},"categories":[158,182,164,155],"tags":[157,132,97],"tipo":[],"class_list":{"0":"post-823","1":"post","2":"type-post","3":"status-publish","4":"format-standard","5":"has-post-thumbnail","7":"category-atencio-a-la-diversitat","8":"category-comunitat-educativa","9":"category-estrategies-internes","10":"category-funcio-social-de-lensenyament","11":"tag-atencio-a-la-diversitat","12":"tag-educar","13":"tag-grao"},"yoast_head":"<!-- This site is optimized with the Yoast SEO plugin v27.5 - https:\/\/yoast.com\/product\/yoast-seo-wordpress\/ -->\n<title>Els problemes com a necessitats - L&#039;escola gra\u00f3 a gra\u00f3<\/title>\n<meta name=\"robots\" content=\"index, follow, max-snippet:-1, max-image-preview:large, max-video-preview:-1\" \/>\n<link rel=\"canonical\" href=\"https:\/\/diarieducacio.cat\/grao\/2015\/03\/31\/els-problemes-com-a-necessitats\/\" \/>\n<meta property=\"og:locale\" content=\"ca_ES\" \/>\n<meta property=\"og:type\" content=\"article\" \/>\n<meta property=\"og:title\" content=\"Els problemes com a necessitats - L&#039;escola gra\u00f3 a gra\u00f3\" \/>\n<meta property=\"og:description\" content=\"Educar en la diversitat \u00e9s assumir que nois i noies, nens i nenes de diferents caracter\u00edstiques han d\u2019educar-se junts i prendre les decisions necess\u00e0ries perqu\u00e8 aix\u00f2 sigui possible.\" \/>\n<meta property=\"og:url\" content=\"https:\/\/diarieducacio.cat\/grao\/2015\/03\/31\/els-problemes-com-a-necessitats\/\" \/>\n<meta property=\"og:site_name\" content=\"L&#039;escola gra\u00f3 a gra\u00f3\" \/>\n<meta property=\"article:published_time\" content=\"2015-03-31T20:12:39+00:00\" \/>\n<meta property=\"article:modified_time\" content=\"2024-05-13T16:30:15+00:00\" \/>\n<meta property=\"og:image\" content=\"https:\/\/diarieducacio.cat\/grao\/wp-content\/uploads\/sites\/31\/2015\/02\/diversitat.jpg\" \/>\n\t<meta property=\"og:image:width\" content=\"243\" \/>\n\t<meta property=\"og:image:height\" content=\"346\" \/>\n\t<meta property=\"og:image:type\" content=\"image\/jpeg\" \/>\n<meta name=\"author\" content=\"Redacci\u00f3 - Editorial Gra\u00f3\" \/>\n<meta name=\"twitter:card\" content=\"summary_large_image\" \/>\n<meta name=\"twitter:label1\" content=\"Escrit per\" \/>\n\t<meta name=\"twitter:data1\" content=\"Redacci\u00f3 - Editorial Gra\u00f3\" \/>\n\t<meta name=\"twitter:label2\" content=\"Temps estimat de lectura\" \/>\n\t<meta name=\"twitter:data2\" content=\"3 minuts\" \/>\n<script type=\"application\/ld+json\" class=\"yoast-schema-graph\">{\"@context\":\"https:\\\/\\\/schema.org\",\"@graph\":[{\"@type\":\"Article\",\"@id\":\"https:\\\/\\\/diarieducacio.cat\\\/grao\\\/2015\\\/03\\\/31\\\/els-problemes-com-a-necessitats\\\/#article\",\"isPartOf\":{\"@id\":\"https:\\\/\\\/diarieducacio.cat\\\/grao\\\/2015\\\/03\\\/31\\\/els-problemes-com-a-necessitats\\\/\"},\"author\":{\"name\":\"Redacci\u00f3 - Editorial Gra\u00f3\",\"@id\":\"https:\\\/\\\/diarieducacio.cat\\\/grao\\\/#\\\/schema\\\/person\\\/131fe889ba50cb4a8381cabc75beb3ff\"},\"headline\":\"Els problemes com a necessitats\",\"datePublished\":\"2015-03-31T20:12:39+00:00\",\"dateModified\":\"2024-05-13T16:30:15+00:00\",\"mainEntityOfPage\":{\"@id\":\"https:\\\/\\\/diarieducacio.cat\\\/grao\\\/2015\\\/03\\\/31\\\/els-problemes-com-a-necessitats\\\/\"},\"wordCount\":588,\"commentCount\":0,\"image\":{\"@id\":\"https:\\\/\\\/diarieducacio.cat\\\/grao\\\/2015\\\/03\\\/31\\\/els-problemes-com-a-necessitats\\\/#primaryimage\"},\"thumbnailUrl\":\"https:\\\/\\\/diarieducacio.cat\\\/grao\\\/wp-content\\\/uploads\\\/sites\\\/31\\\/2015\\\/02\\\/diversitat.jpg\",\"keywords\":[\"Atenci\u00f3 a la diversitat\",\"educar\",\"Gra\u00f3\"],\"articleSection\":[\"Atenci\u00f3 a la diversitat\",\"comunitat educativa\",\"Estrat\u00e8gies Internes\",\"Funci\u00f3 social de l'ensenyament\"],\"inLanguage\":\"ca\",\"potentialAction\":[{\"@type\":\"CommentAction\",\"name\":\"Comment\",\"target\":[\"https:\\\/\\\/diarieducacio.cat\\\/grao\\\/2015\\\/03\\\/31\\\/els-problemes-com-a-necessitats\\\/#respond\"]}]},{\"@type\":\"WebPage\",\"@id\":\"https:\\\/\\\/diarieducacio.cat\\\/grao\\\/2015\\\/03\\\/31\\\/els-problemes-com-a-necessitats\\\/\",\"url\":\"https:\\\/\\\/diarieducacio.cat\\\/grao\\\/2015\\\/03\\\/31\\\/els-problemes-com-a-necessitats\\\/\",\"name\":\"Els problemes com a necessitats - L'escola gra\u00f3 a gra\u00f3\",\"isPartOf\":{\"@id\":\"https:\\\/\\\/diarieducacio.cat\\\/grao\\\/#website\"},\"primaryImageOfPage\":{\"@id\":\"https:\\\/\\\/diarieducacio.cat\\\/grao\\\/2015\\\/03\\\/31\\\/els-problemes-com-a-necessitats\\\/#primaryimage\"},\"image\":{\"@id\":\"https:\\\/\\\/diarieducacio.cat\\\/grao\\\/2015\\\/03\\\/31\\\/els-problemes-com-a-necessitats\\\/#primaryimage\"},\"thumbnailUrl\":\"https:\\\/\\\/diarieducacio.cat\\\/grao\\\/wp-content\\\/uploads\\\/sites\\\/31\\\/2015\\\/02\\\/diversitat.jpg\",\"datePublished\":\"2015-03-31T20:12:39+00:00\",\"dateModified\":\"2024-05-13T16:30:15+00:00\",\"author\":{\"@id\":\"https:\\\/\\\/diarieducacio.cat\\\/grao\\\/#\\\/schema\\\/person\\\/131fe889ba50cb4a8381cabc75beb3ff\"},\"breadcrumb\":{\"@id\":\"https:\\\/\\\/diarieducacio.cat\\\/grao\\\/2015\\\/03\\\/31\\\/els-problemes-com-a-necessitats\\\/#breadcrumb\"},\"inLanguage\":\"ca\",\"potentialAction\":[{\"@type\":\"ReadAction\",\"target\":[\"https:\\\/\\\/diarieducacio.cat\\\/grao\\\/2015\\\/03\\\/31\\\/els-problemes-com-a-necessitats\\\/\"]}]},{\"@type\":\"ImageObject\",\"inLanguage\":\"ca\",\"@id\":\"https:\\\/\\\/diarieducacio.cat\\\/grao\\\/2015\\\/03\\\/31\\\/els-problemes-com-a-necessitats\\\/#primaryimage\",\"url\":\"https:\\\/\\\/diarieducacio.cat\\\/grao\\\/wp-content\\\/uploads\\\/sites\\\/31\\\/2015\\\/02\\\/diversitat.jpg\",\"contentUrl\":\"https:\\\/\\\/diarieducacio.cat\\\/grao\\\/wp-content\\\/uploads\\\/sites\\\/31\\\/2015\\\/02\\\/diversitat.jpg\",\"width\":243,\"height\":346},{\"@type\":\"BreadcrumbList\",\"@id\":\"https:\\\/\\\/diarieducacio.cat\\\/grao\\\/2015\\\/03\\\/31\\\/els-problemes-com-a-necessitats\\\/#breadcrumb\",\"itemListElement\":[{\"@type\":\"ListItem\",\"position\":1,\"name\":\"Inici\",\"item\":\"https:\\\/\\\/diarieducacio.cat\\\/grao\\\/\"},{\"@type\":\"ListItem\",\"position\":2,\"name\":\"Els problemes com a necessitats\"}]},{\"@type\":\"WebSite\",\"@id\":\"https:\\\/\\\/diarieducacio.cat\\\/grao\\\/#website\",\"url\":\"https:\\\/\\\/diarieducacio.cat\\\/grao\\\/\",\"name\":\"L'escola gra\u00f3 a gra\u00f3\",\"description\":\"Un blog de El Diari de l&#039;Educaci\u00f3\",\"potentialAction\":[{\"@type\":\"SearchAction\",\"target\":{\"@type\":\"EntryPoint\",\"urlTemplate\":\"https:\\\/\\\/diarieducacio.cat\\\/grao\\\/?s={search_term_string}\"},\"query-input\":{\"@type\":\"PropertyValueSpecification\",\"valueRequired\":true,\"valueName\":\"search_term_string\"}}],\"inLanguage\":\"ca\"},{\"@type\":\"Person\",\"@id\":\"https:\\\/\\\/diarieducacio.cat\\\/grao\\\/#\\\/schema\\\/person\\\/131fe889ba50cb4a8381cabc75beb3ff\",\"name\":\"Redacci\u00f3 - Editorial Gra\u00f3\",\"image\":{\"@type\":\"ImageObject\",\"inLanguage\":\"ca\",\"@id\":\"https:\\\/\\\/secure.gravatar.com\\\/avatar\\\/9d8b5293e92495f73d6f062cfac5de13f5a8355a89caf901edc1274d5640ad66?s=96&d=mm&r=g\",\"url\":\"https:\\\/\\\/secure.gravatar.com\\\/avatar\\\/9d8b5293e92495f73d6f062cfac5de13f5a8355a89caf901edc1274d5640ad66?s=96&d=mm&r=g\",\"contentUrl\":\"https:\\\/\\\/secure.gravatar.com\\\/avatar\\\/9d8b5293e92495f73d6f062cfac5de13f5a8355a89caf901edc1274d5640ad66?s=96&d=mm&r=g\",\"caption\":\"Redacci\u00f3 - Editorial Gra\u00f3\"},\"url\":\"https:\\\/\\\/diarieducacio.cat\\\/grao\\\/author\\\/emoreno\\\/\"}]}<\/script>\n<!-- \/ Yoast SEO plugin. -->","yoast_head_json":{"title":"Els problemes com a necessitats - L'escola gra\u00f3 a gra\u00f3","robots":{"index":"index","follow":"follow","max-snippet":"max-snippet:-1","max-image-preview":"max-image-preview:large","max-video-preview":"max-video-preview:-1"},"canonical":"https:\/\/diarieducacio.cat\/grao\/2015\/03\/31\/els-problemes-com-a-necessitats\/","og_locale":"ca_ES","og_type":"article","og_title":"Els problemes com a necessitats - L'escola gra\u00f3 a gra\u00f3","og_description":"Educar en la diversitat \u00e9s assumir que nois i noies, nens i nenes de diferents caracter\u00edstiques han d\u2019educar-se junts i prendre les decisions necess\u00e0ries perqu\u00e8 aix\u00f2 sigui possible.","og_url":"https:\/\/diarieducacio.cat\/grao\/2015\/03\/31\/els-problemes-com-a-necessitats\/","og_site_name":"L'escola gra\u00f3 a gra\u00f3","article_published_time":"2015-03-31T20:12:39+00:00","article_modified_time":"2024-05-13T16:30:15+00:00","og_image":[{"width":243,"height":346,"url":"https:\/\/diarieducacio.cat\/grao\/wp-content\/uploads\/sites\/31\/2015\/02\/diversitat.jpg","type":"image\/jpeg"}],"author":"Redacci\u00f3 - Editorial Gra\u00f3","twitter_card":"summary_large_image","twitter_misc":{"Escrit per":"Redacci\u00f3 - Editorial Gra\u00f3","Temps estimat de lectura":"3 minuts"},"schema":{"@context":"https:\/\/schema.org","@graph":[{"@type":"Article","@id":"https:\/\/diarieducacio.cat\/grao\/2015\/03\/31\/els-problemes-com-a-necessitats\/#article","isPartOf":{"@id":"https:\/\/diarieducacio.cat\/grao\/2015\/03\/31\/els-problemes-com-a-necessitats\/"},"author":{"name":"Redacci\u00f3 - Editorial Gra\u00f3","@id":"https:\/\/diarieducacio.cat\/grao\/#\/schema\/person\/131fe889ba50cb4a8381cabc75beb3ff"},"headline":"Els problemes com a necessitats","datePublished":"2015-03-31T20:12:39+00:00","dateModified":"2024-05-13T16:30:15+00:00","mainEntityOfPage":{"@id":"https:\/\/diarieducacio.cat\/grao\/2015\/03\/31\/els-problemes-com-a-necessitats\/"},"wordCount":588,"commentCount":0,"image":{"@id":"https:\/\/diarieducacio.cat\/grao\/2015\/03\/31\/els-problemes-com-a-necessitats\/#primaryimage"},"thumbnailUrl":"https:\/\/diarieducacio.cat\/grao\/wp-content\/uploads\/sites\/31\/2015\/02\/diversitat.jpg","keywords":["Atenci\u00f3 a la diversitat","educar","Gra\u00f3"],"articleSection":["Atenci\u00f3 a la diversitat","comunitat educativa","Estrat\u00e8gies Internes","Funci\u00f3 social de l'ensenyament"],"inLanguage":"ca","potentialAction":[{"@type":"CommentAction","name":"Comment","target":["https:\/\/diarieducacio.cat\/grao\/2015\/03\/31\/els-problemes-com-a-necessitats\/#respond"]}]},{"@type":"WebPage","@id":"https:\/\/diarieducacio.cat\/grao\/2015\/03\/31\/els-problemes-com-a-necessitats\/","url":"https:\/\/diarieducacio.cat\/grao\/2015\/03\/31\/els-problemes-com-a-necessitats\/","name":"Els problemes com a necessitats - L'escola gra\u00f3 a gra\u00f3","isPartOf":{"@id":"https:\/\/diarieducacio.cat\/grao\/#website"},"primaryImageOfPage":{"@id":"https:\/\/diarieducacio.cat\/grao\/2015\/03\/31\/els-problemes-com-a-necessitats\/#primaryimage"},"image":{"@id":"https:\/\/diarieducacio.cat\/grao\/2015\/03\/31\/els-problemes-com-a-necessitats\/#primaryimage"},"thumbnailUrl":"https:\/\/diarieducacio.cat\/grao\/wp-content\/uploads\/sites\/31\/2015\/02\/diversitat.jpg","datePublished":"2015-03-31T20:12:39+00:00","dateModified":"2024-05-13T16:30:15+00:00","author":{"@id":"https:\/\/diarieducacio.cat\/grao\/#\/schema\/person\/131fe889ba50cb4a8381cabc75beb3ff"},"breadcrumb":{"@id":"https:\/\/diarieducacio.cat\/grao\/2015\/03\/31\/els-problemes-com-a-necessitats\/#breadcrumb"},"inLanguage":"ca","potentialAction":[{"@type":"ReadAction","target":["https:\/\/diarieducacio.cat\/grao\/2015\/03\/31\/els-problemes-com-a-necessitats\/"]}]},{"@type":"ImageObject","inLanguage":"ca","@id":"https:\/\/diarieducacio.cat\/grao\/2015\/03\/31\/els-problemes-com-a-necessitats\/#primaryimage","url":"https:\/\/diarieducacio.cat\/grao\/wp-content\/uploads\/sites\/31\/2015\/02\/diversitat.jpg","contentUrl":"https:\/\/diarieducacio.cat\/grao\/wp-content\/uploads\/sites\/31\/2015\/02\/diversitat.jpg","width":243,"height":346},{"@type":"BreadcrumbList","@id":"https:\/\/diarieducacio.cat\/grao\/2015\/03\/31\/els-problemes-com-a-necessitats\/#breadcrumb","itemListElement":[{"@type":"ListItem","position":1,"name":"Inici","item":"https:\/\/diarieducacio.cat\/grao\/"},{"@type":"ListItem","position":2,"name":"Els problemes com a necessitats"}]},{"@type":"WebSite","@id":"https:\/\/diarieducacio.cat\/grao\/#website","url":"https:\/\/diarieducacio.cat\/grao\/","name":"L'escola gra\u00f3 a gra\u00f3","description":"Un blog de El Diari de l&#039;Educaci\u00f3","potentialAction":[{"@type":"SearchAction","target":{"@type":"EntryPoint","urlTemplate":"https:\/\/diarieducacio.cat\/grao\/?s={search_term_string}"},"query-input":{"@type":"PropertyValueSpecification","valueRequired":true,"valueName":"search_term_string"}}],"inLanguage":"ca"},{"@type":"Person","@id":"https:\/\/diarieducacio.cat\/grao\/#\/schema\/person\/131fe889ba50cb4a8381cabc75beb3ff","name":"Redacci\u00f3 - Editorial Gra\u00f3","image":{"@type":"ImageObject","inLanguage":"ca","@id":"https:\/\/secure.gravatar.com\/avatar\/9d8b5293e92495f73d6f062cfac5de13f5a8355a89caf901edc1274d5640ad66?s=96&d=mm&r=g","url":"https:\/\/secure.gravatar.com\/avatar\/9d8b5293e92495f73d6f062cfac5de13f5a8355a89caf901edc1274d5640ad66?s=96&d=mm&r=g","contentUrl":"https:\/\/secure.gravatar.com\/avatar\/9d8b5293e92495f73d6f062cfac5de13f5a8355a89caf901edc1274d5640ad66?s=96&d=mm&r=g","caption":"Redacci\u00f3 - Editorial Gra\u00f3"},"url":"https:\/\/diarieducacio.cat\/grao\/author\/emoreno\/"}]}},"_links":{"self":[{"href":"https:\/\/diarieducacio.cat\/grao\/wp-json\/wp\/v2\/posts\/823","targetHints":{"allow":["GET"]}}],"collection":[{"href":"https:\/\/diarieducacio.cat\/grao\/wp-json\/wp\/v2\/posts"}],"about":[{"href":"https:\/\/diarieducacio.cat\/grao\/wp-json\/wp\/v2\/types\/post"}],"author":[{"embeddable":true,"href":"https:\/\/diarieducacio.cat\/grao\/wp-json\/wp\/v2\/users\/524"}],"replies":[{"embeddable":true,"href":"https:\/\/diarieducacio.cat\/grao\/wp-json\/wp\/v2\/comments?post=823"}],"version-history":[{"count":1,"href":"https:\/\/diarieducacio.cat\/grao\/wp-json\/wp\/v2\/posts\/823\/revisions"}],"predecessor-version":[{"id":6211,"href":"https:\/\/diarieducacio.cat\/grao\/wp-json\/wp\/v2\/posts\/823\/revisions\/6211"}],"wp:featuredmedia":[{"embeddable":true,"href":"https:\/\/diarieducacio.cat\/grao\/wp-json\/wp\/v2\/media\/825"}],"wp:attachment":[{"href":"https:\/\/diarieducacio.cat\/grao\/wp-json\/wp\/v2\/media?parent=823"}],"wp:term":[{"taxonomy":"category","embeddable":true,"href":"https:\/\/diarieducacio.cat\/grao\/wp-json\/wp\/v2\/categories?post=823"},{"taxonomy":"post_tag","embeddable":true,"href":"https:\/\/diarieducacio.cat\/grao\/wp-json\/wp\/v2\/tags?post=823"},{"taxonomy":"tipo","embeddable":true,"href":"https:\/\/diarieducacio.cat\/grao\/wp-json\/wp\/v2\/tipo?post=823"}],"curies":[{"name":"wp","href":"https:\/\/api.w.org\/{rel}","templated":true}]}}