{"id":866,"date":"2015-04-15T06:16:43","date_gmt":"2015-04-15T06:16:43","guid":{"rendered":"https:\/\/diarieducacio.cat\/grao\/?p=866"},"modified":"2024-05-13T18:30:17","modified_gmt":"2024-05-13T16:30:17","slug":"escoltar-el-silenci","status":"publish","type":"post","link":"https:\/\/diarieducacio.cat\/grao\/2015\/04\/15\/escoltar-el-silenci\/","title":{"rendered":"Escoltar el silenci"},"content":{"rendered":"<p><a href=\"https:\/\/nostalgic-ishizaka.82-223-1-47.plesk.page\/grao\/wp-content\/uploads\/sites\/31\/2015\/03\/GU38824.jpg\"><\/a>L\u2019exc\u00e9s de soroll afecta el docent, obliga a elevar la intensitat de la veu i produeix irritabilitat, cosa que tamb\u00e9 influeix en la producci\u00f3 de veu. Igualment, afecta l\u2019alumne, dificulta el missatge i crea ambients m\u00e9s agressius.Abans de comen\u00e7ar la feina a l\u2019aula, podem parlar amb l\u2019alumnat sobre el soroll, demanar-li com el definiria i preguntar-li com creu que influeix en les nostres vides.<\/p>\n<h3><strong>Aprendre a treballar en silenci.\u00a0Escoltar el silenci <\/strong><\/h3>\n<p>El primer objectiu que ens plantegem \u00e9s fer-nos conscients del soroll. Per aconseguir-ho, analitzarem ambients diferents de l\u2019aula i prestarem atenci\u00f3 als aspectes seg\u00fcents:<\/p>\n<p style=\"text-align: left\"><strong>1. Soroll exterior:\u00a0<\/strong>Demanar a l\u2019alumnat que romangui en silenci durant uns quants minuts i, posteriorment, mantenir un di\u00e0leg sobre el que ha succe\u00eft: Com s\u2019ha sentit. Quins sons ha percebut. Si els ha trobat agradables o desagradables.<\/p>\n<p><strong>2. Mantenir un di\u00e0leg:\u00a0<\/strong>Llocs on s\u2019est\u00e0 en silenci i quina mena d\u2019activitats s\u2019hi realitzen. Llocs on hi ha soroll i quina mena d\u2019activitats s\u2019hi realitzen. El treball que es realitza a l\u2019aula requereix un ambient de tranquil\u00b7litat i silenci.<\/p>\n<p><strong>3. Soroll interior:\u00a0<\/strong>Aprofitar una situaci\u00f3 de l\u2019aula en la qual hi hagi un exc\u00e9s de soroll per enregistrarla i, posteriorment, reproduir-la per tal que els alumnes l\u2019escoltin. Podem portar a classe un son\u00f2metre i mesurar diferents sorolls. A la nostra aula hi ha massa soroll.<\/p>\n<p><strong>4. Amb m\u00e9s soroll, m\u00e9s esfor\u00e7 per entendre\u2019ns:\u00a0<\/strong>Encomanar a un alumne que s\u2019encarregui de parlar sobre un tema qualsevol mentre els altres fan soroll.\u00a0Es necessita fer molt m\u00e9s esfor\u00e7 per ferse entendre.<\/p>\n<blockquote>\n<p style=\"text-align: center\"><strong>PROPOSTA PER TREBALLAR A L\u2019 AULA <\/strong><\/p>\n<ul>\n<li>Pugem la intensitat de la veu per damunt del soroll ambiental?\u00a0Si la resposta \u00e9s afirmativa, tenim el risc de lesionar l\u2019aparell vocal.<\/li>\n<\/ul>\n<ul>\n<li>Redu\u00efm el soroll a l\u2019aula? Si la resposta \u00e9s afirmativa, \u00e9s el m\u00e9s convenient, ja que no ens perjudiquem i fem un ambient confortable.<\/li>\n<\/ul>\n<\/blockquote>\n<p style=\"text-align: left\"><strong>Font:<\/strong> Revista Guix n\u00fam. 388. Clic <strong><a href=\"http:\/\/guix.grao.com\/revistes\/guix\/388-matematiques-per-a-la-vida\/escoltar-el-silenci\" target=\"_blank\" rel=\"noopener\">aqu\u00ed<\/a><\/strong>.<\/p>\n<p>Extret del llibre M.I. CORTAZAR i B. ROJO (2007), La veu en la doc\u00e8ncia, Barcelona, Gra\u00f3.<\/p>\n","protected":false},"excerpt":{"rendered":"<p>Un dels grans enemics de la veu \u00e9s el soroll ambiental, tant a l&#8217;aula com a l&#8217;exterior. Aix\u00ed doncs, succeeix que la veu del docent est\u00e0 sotmesa a un grau massa alt de contaminaci\u00f3 ac\u00fastica, agreujat pel fet que, quan estem immersos en aquest ambient, no som conscients del nivell de soroll que hi ha.<\/p>\n","protected":false},"author":524,"featured_media":867,"comment_status":"open","ping_status":"open","sticky":false,"template":"","format":"standard","meta":{"footnotes":""},"categories":[192,127,2,206],"tags":[98,125,97],"tipo":[],"class_list":{"0":"post-866","1":"post","2":"type-post","3":"status-publish","4":"format-standard","5":"has-post-thumbnail","7":"category-competencia-comunicativa","8":"category-comunicacio-no-verbal","9":"category-general","10":"category-habilitats-comunicatives","11":"tag-benestar-del-professorat","12":"tag-comunicacio","13":"tag-grao"},"yoast_head":"<!-- This site is optimized with the Yoast SEO plugin v27.5 - https:\/\/yoast.com\/product\/yoast-seo-wordpress\/ -->\n<title>Escoltar el silenci - L&#039;escola gra\u00f3 a gra\u00f3<\/title>\n<meta name=\"robots\" content=\"index, follow, max-snippet:-1, max-image-preview:large, max-video-preview:-1\" \/>\n<link rel=\"canonical\" href=\"https:\/\/diarieducacio.cat\/grao\/2015\/04\/15\/escoltar-el-silenci\/\" \/>\n<meta property=\"og:locale\" content=\"ca_ES\" \/>\n<meta property=\"og:type\" content=\"article\" \/>\n<meta property=\"og:title\" content=\"Escoltar el silenci - L&#039;escola gra\u00f3 a gra\u00f3\" \/>\n<meta property=\"og:description\" content=\"Un dels grans enemics de la veu \u00e9s el soroll ambiental, tant a l&#039;aula com a l&#039;exterior. Aix\u00ed doncs, succeeix que la veu del docent est\u00e0 sotmesa a un grau massa alt de contaminaci\u00f3 ac\u00fastica, agreujat pel fet que, quan estem immersos en aquest ambient, no som conscients del nivell de soroll que hi ha.\" \/>\n<meta property=\"og:url\" content=\"https:\/\/diarieducacio.cat\/grao\/2015\/04\/15\/escoltar-el-silenci\/\" \/>\n<meta property=\"og:site_name\" content=\"L&#039;escola gra\u00f3 a gra\u00f3\" \/>\n<meta property=\"article:published_time\" content=\"2015-04-15T06:16:43+00:00\" \/>\n<meta property=\"article:modified_time\" content=\"2024-05-13T16:30:17+00:00\" \/>\n<meta property=\"og:image\" content=\"https:\/\/diarieducacio.cat\/grao\/wp-content\/uploads\/sites\/31\/2015\/03\/GU38824.jpg\" \/>\n\t<meta property=\"og:image:width\" content=\"263\" \/>\n\t<meta property=\"og:image:height\" content=\"176\" \/>\n\t<meta property=\"og:image:type\" content=\"image\/jpeg\" \/>\n<meta name=\"author\" content=\"Redacci\u00f3 - Editorial Gra\u00f3\" \/>\n<meta name=\"twitter:card\" content=\"summary_large_image\" \/>\n<meta name=\"twitter:label1\" content=\"Escrit per\" \/>\n\t<meta name=\"twitter:data1\" content=\"Redacci\u00f3 - Editorial Gra\u00f3\" \/>\n\t<meta name=\"twitter:label2\" content=\"Temps estimat de lectura\" \/>\n\t<meta name=\"twitter:data2\" content=\"2 minuts\" \/>\n<script type=\"application\/ld+json\" class=\"yoast-schema-graph\">{\"@context\":\"https:\\\/\\\/schema.org\",\"@graph\":[{\"@type\":\"Article\",\"@id\":\"https:\\\/\\\/diarieducacio.cat\\\/grao\\\/2015\\\/04\\\/15\\\/escoltar-el-silenci\\\/#article\",\"isPartOf\":{\"@id\":\"https:\\\/\\\/diarieducacio.cat\\\/grao\\\/2015\\\/04\\\/15\\\/escoltar-el-silenci\\\/\"},\"author\":{\"name\":\"Redacci\u00f3 - Editorial Gra\u00f3\",\"@id\":\"https:\\\/\\\/diarieducacio.cat\\\/grao\\\/#\\\/schema\\\/person\\\/131fe889ba50cb4a8381cabc75beb3ff\"},\"headline\":\"Escoltar el silenci\",\"datePublished\":\"2015-04-15T06:16:43+00:00\",\"dateModified\":\"2024-05-13T16:30:17+00:00\",\"mainEntityOfPage\":{\"@id\":\"https:\\\/\\\/diarieducacio.cat\\\/grao\\\/2015\\\/04\\\/15\\\/escoltar-el-silenci\\\/\"},\"wordCount\":365,\"commentCount\":0,\"image\":{\"@id\":\"https:\\\/\\\/diarieducacio.cat\\\/grao\\\/2015\\\/04\\\/15\\\/escoltar-el-silenci\\\/#primaryimage\"},\"thumbnailUrl\":\"https:\\\/\\\/diarieducacio.cat\\\/grao\\\/wp-content\\\/uploads\\\/sites\\\/31\\\/2015\\\/03\\\/GU38824.jpg\",\"keywords\":[\"benestar del professorat\",\"Comunicaci\u00f3\",\"Gra\u00f3\"],\"articleSection\":[\"Compet\u00e8ncia comunicativa\",\"Comunicaci\u00f3 no verbal\",\"General\",\"Habilitats comunicatives\"],\"inLanguage\":\"ca\",\"potentialAction\":[{\"@type\":\"CommentAction\",\"name\":\"Comment\",\"target\":[\"https:\\\/\\\/diarieducacio.cat\\\/grao\\\/2015\\\/04\\\/15\\\/escoltar-el-silenci\\\/#respond\"]}]},{\"@type\":\"WebPage\",\"@id\":\"https:\\\/\\\/diarieducacio.cat\\\/grao\\\/2015\\\/04\\\/15\\\/escoltar-el-silenci\\\/\",\"url\":\"https:\\\/\\\/diarieducacio.cat\\\/grao\\\/2015\\\/04\\\/15\\\/escoltar-el-silenci\\\/\",\"name\":\"Escoltar el silenci - L'escola gra\u00f3 a gra\u00f3\",\"isPartOf\":{\"@id\":\"https:\\\/\\\/diarieducacio.cat\\\/grao\\\/#website\"},\"primaryImageOfPage\":{\"@id\":\"https:\\\/\\\/diarieducacio.cat\\\/grao\\\/2015\\\/04\\\/15\\\/escoltar-el-silenci\\\/#primaryimage\"},\"image\":{\"@id\":\"https:\\\/\\\/diarieducacio.cat\\\/grao\\\/2015\\\/04\\\/15\\\/escoltar-el-silenci\\\/#primaryimage\"},\"thumbnailUrl\":\"https:\\\/\\\/diarieducacio.cat\\\/grao\\\/wp-content\\\/uploads\\\/sites\\\/31\\\/2015\\\/03\\\/GU38824.jpg\",\"datePublished\":\"2015-04-15T06:16:43+00:00\",\"dateModified\":\"2024-05-13T16:30:17+00:00\",\"author\":{\"@id\":\"https:\\\/\\\/diarieducacio.cat\\\/grao\\\/#\\\/schema\\\/person\\\/131fe889ba50cb4a8381cabc75beb3ff\"},\"breadcrumb\":{\"@id\":\"https:\\\/\\\/diarieducacio.cat\\\/grao\\\/2015\\\/04\\\/15\\\/escoltar-el-silenci\\\/#breadcrumb\"},\"inLanguage\":\"ca\",\"potentialAction\":[{\"@type\":\"ReadAction\",\"target\":[\"https:\\\/\\\/diarieducacio.cat\\\/grao\\\/2015\\\/04\\\/15\\\/escoltar-el-silenci\\\/\"]}]},{\"@type\":\"ImageObject\",\"inLanguage\":\"ca\",\"@id\":\"https:\\\/\\\/diarieducacio.cat\\\/grao\\\/2015\\\/04\\\/15\\\/escoltar-el-silenci\\\/#primaryimage\",\"url\":\"https:\\\/\\\/diarieducacio.cat\\\/grao\\\/wp-content\\\/uploads\\\/sites\\\/31\\\/2015\\\/03\\\/GU38824.jpg\",\"contentUrl\":\"https:\\\/\\\/diarieducacio.cat\\\/grao\\\/wp-content\\\/uploads\\\/sites\\\/31\\\/2015\\\/03\\\/GU38824.jpg\",\"width\":263,\"height\":176},{\"@type\":\"BreadcrumbList\",\"@id\":\"https:\\\/\\\/diarieducacio.cat\\\/grao\\\/2015\\\/04\\\/15\\\/escoltar-el-silenci\\\/#breadcrumb\",\"itemListElement\":[{\"@type\":\"ListItem\",\"position\":1,\"name\":\"Inici\",\"item\":\"https:\\\/\\\/diarieducacio.cat\\\/grao\\\/\"},{\"@type\":\"ListItem\",\"position\":2,\"name\":\"Escoltar el silenci\"}]},{\"@type\":\"WebSite\",\"@id\":\"https:\\\/\\\/diarieducacio.cat\\\/grao\\\/#website\",\"url\":\"https:\\\/\\\/diarieducacio.cat\\\/grao\\\/\",\"name\":\"L'escola gra\u00f3 a gra\u00f3\",\"description\":\"Un blog de El Diari de l&#039;Educaci\u00f3\",\"potentialAction\":[{\"@type\":\"SearchAction\",\"target\":{\"@type\":\"EntryPoint\",\"urlTemplate\":\"https:\\\/\\\/diarieducacio.cat\\\/grao\\\/?s={search_term_string}\"},\"query-input\":{\"@type\":\"PropertyValueSpecification\",\"valueRequired\":true,\"valueName\":\"search_term_string\"}}],\"inLanguage\":\"ca\"},{\"@type\":\"Person\",\"@id\":\"https:\\\/\\\/diarieducacio.cat\\\/grao\\\/#\\\/schema\\\/person\\\/131fe889ba50cb4a8381cabc75beb3ff\",\"name\":\"Redacci\u00f3 - Editorial Gra\u00f3\",\"image\":{\"@type\":\"ImageObject\",\"inLanguage\":\"ca\",\"@id\":\"https:\\\/\\\/secure.gravatar.com\\\/avatar\\\/9d8b5293e92495f73d6f062cfac5de13f5a8355a89caf901edc1274d5640ad66?s=96&d=mm&r=g\",\"url\":\"https:\\\/\\\/secure.gravatar.com\\\/avatar\\\/9d8b5293e92495f73d6f062cfac5de13f5a8355a89caf901edc1274d5640ad66?s=96&d=mm&r=g\",\"contentUrl\":\"https:\\\/\\\/secure.gravatar.com\\\/avatar\\\/9d8b5293e92495f73d6f062cfac5de13f5a8355a89caf901edc1274d5640ad66?s=96&d=mm&r=g\",\"caption\":\"Redacci\u00f3 - Editorial Gra\u00f3\"},\"url\":\"https:\\\/\\\/diarieducacio.cat\\\/grao\\\/author\\\/emoreno\\\/\"}]}<\/script>\n<!-- \/ Yoast SEO plugin. -->","yoast_head_json":{"title":"Escoltar el silenci - L'escola gra\u00f3 a gra\u00f3","robots":{"index":"index","follow":"follow","max-snippet":"max-snippet:-1","max-image-preview":"max-image-preview:large","max-video-preview":"max-video-preview:-1"},"canonical":"https:\/\/diarieducacio.cat\/grao\/2015\/04\/15\/escoltar-el-silenci\/","og_locale":"ca_ES","og_type":"article","og_title":"Escoltar el silenci - L'escola gra\u00f3 a gra\u00f3","og_description":"Un dels grans enemics de la veu \u00e9s el soroll ambiental, tant a l'aula com a l'exterior. Aix\u00ed doncs, succeeix que la veu del docent est\u00e0 sotmesa a un grau massa alt de contaminaci\u00f3 ac\u00fastica, agreujat pel fet que, quan estem immersos en aquest ambient, no som conscients del nivell de soroll que hi ha.","og_url":"https:\/\/diarieducacio.cat\/grao\/2015\/04\/15\/escoltar-el-silenci\/","og_site_name":"L'escola gra\u00f3 a gra\u00f3","article_published_time":"2015-04-15T06:16:43+00:00","article_modified_time":"2024-05-13T16:30:17+00:00","og_image":[{"width":263,"height":176,"url":"https:\/\/diarieducacio.cat\/grao\/wp-content\/uploads\/sites\/31\/2015\/03\/GU38824.jpg","type":"image\/jpeg"}],"author":"Redacci\u00f3 - Editorial Gra\u00f3","twitter_card":"summary_large_image","twitter_misc":{"Escrit per":"Redacci\u00f3 - Editorial Gra\u00f3","Temps estimat de lectura":"2 minuts"},"schema":{"@context":"https:\/\/schema.org","@graph":[{"@type":"Article","@id":"https:\/\/diarieducacio.cat\/grao\/2015\/04\/15\/escoltar-el-silenci\/#article","isPartOf":{"@id":"https:\/\/diarieducacio.cat\/grao\/2015\/04\/15\/escoltar-el-silenci\/"},"author":{"name":"Redacci\u00f3 - Editorial Gra\u00f3","@id":"https:\/\/diarieducacio.cat\/grao\/#\/schema\/person\/131fe889ba50cb4a8381cabc75beb3ff"},"headline":"Escoltar el silenci","datePublished":"2015-04-15T06:16:43+00:00","dateModified":"2024-05-13T16:30:17+00:00","mainEntityOfPage":{"@id":"https:\/\/diarieducacio.cat\/grao\/2015\/04\/15\/escoltar-el-silenci\/"},"wordCount":365,"commentCount":0,"image":{"@id":"https:\/\/diarieducacio.cat\/grao\/2015\/04\/15\/escoltar-el-silenci\/#primaryimage"},"thumbnailUrl":"https:\/\/diarieducacio.cat\/grao\/wp-content\/uploads\/sites\/31\/2015\/03\/GU38824.jpg","keywords":["benestar del professorat","Comunicaci\u00f3","Gra\u00f3"],"articleSection":["Compet\u00e8ncia comunicativa","Comunicaci\u00f3 no verbal","General","Habilitats comunicatives"],"inLanguage":"ca","potentialAction":[{"@type":"CommentAction","name":"Comment","target":["https:\/\/diarieducacio.cat\/grao\/2015\/04\/15\/escoltar-el-silenci\/#respond"]}]},{"@type":"WebPage","@id":"https:\/\/diarieducacio.cat\/grao\/2015\/04\/15\/escoltar-el-silenci\/","url":"https:\/\/diarieducacio.cat\/grao\/2015\/04\/15\/escoltar-el-silenci\/","name":"Escoltar el silenci - L'escola gra\u00f3 a gra\u00f3","isPartOf":{"@id":"https:\/\/diarieducacio.cat\/grao\/#website"},"primaryImageOfPage":{"@id":"https:\/\/diarieducacio.cat\/grao\/2015\/04\/15\/escoltar-el-silenci\/#primaryimage"},"image":{"@id":"https:\/\/diarieducacio.cat\/grao\/2015\/04\/15\/escoltar-el-silenci\/#primaryimage"},"thumbnailUrl":"https:\/\/diarieducacio.cat\/grao\/wp-content\/uploads\/sites\/31\/2015\/03\/GU38824.jpg","datePublished":"2015-04-15T06:16:43+00:00","dateModified":"2024-05-13T16:30:17+00:00","author":{"@id":"https:\/\/diarieducacio.cat\/grao\/#\/schema\/person\/131fe889ba50cb4a8381cabc75beb3ff"},"breadcrumb":{"@id":"https:\/\/diarieducacio.cat\/grao\/2015\/04\/15\/escoltar-el-silenci\/#breadcrumb"},"inLanguage":"ca","potentialAction":[{"@type":"ReadAction","target":["https:\/\/diarieducacio.cat\/grao\/2015\/04\/15\/escoltar-el-silenci\/"]}]},{"@type":"ImageObject","inLanguage":"ca","@id":"https:\/\/diarieducacio.cat\/grao\/2015\/04\/15\/escoltar-el-silenci\/#primaryimage","url":"https:\/\/diarieducacio.cat\/grao\/wp-content\/uploads\/sites\/31\/2015\/03\/GU38824.jpg","contentUrl":"https:\/\/diarieducacio.cat\/grao\/wp-content\/uploads\/sites\/31\/2015\/03\/GU38824.jpg","width":263,"height":176},{"@type":"BreadcrumbList","@id":"https:\/\/diarieducacio.cat\/grao\/2015\/04\/15\/escoltar-el-silenci\/#breadcrumb","itemListElement":[{"@type":"ListItem","position":1,"name":"Inici","item":"https:\/\/diarieducacio.cat\/grao\/"},{"@type":"ListItem","position":2,"name":"Escoltar el silenci"}]},{"@type":"WebSite","@id":"https:\/\/diarieducacio.cat\/grao\/#website","url":"https:\/\/diarieducacio.cat\/grao\/","name":"L'escola gra\u00f3 a gra\u00f3","description":"Un blog de El Diari de l&#039;Educaci\u00f3","potentialAction":[{"@type":"SearchAction","target":{"@type":"EntryPoint","urlTemplate":"https:\/\/diarieducacio.cat\/grao\/?s={search_term_string}"},"query-input":{"@type":"PropertyValueSpecification","valueRequired":true,"valueName":"search_term_string"}}],"inLanguage":"ca"},{"@type":"Person","@id":"https:\/\/diarieducacio.cat\/grao\/#\/schema\/person\/131fe889ba50cb4a8381cabc75beb3ff","name":"Redacci\u00f3 - Editorial Gra\u00f3","image":{"@type":"ImageObject","inLanguage":"ca","@id":"https:\/\/secure.gravatar.com\/avatar\/9d8b5293e92495f73d6f062cfac5de13f5a8355a89caf901edc1274d5640ad66?s=96&d=mm&r=g","url":"https:\/\/secure.gravatar.com\/avatar\/9d8b5293e92495f73d6f062cfac5de13f5a8355a89caf901edc1274d5640ad66?s=96&d=mm&r=g","contentUrl":"https:\/\/secure.gravatar.com\/avatar\/9d8b5293e92495f73d6f062cfac5de13f5a8355a89caf901edc1274d5640ad66?s=96&d=mm&r=g","caption":"Redacci\u00f3 - Editorial Gra\u00f3"},"url":"https:\/\/diarieducacio.cat\/grao\/author\/emoreno\/"}]}},"_links":{"self":[{"href":"https:\/\/diarieducacio.cat\/grao\/wp-json\/wp\/v2\/posts\/866","targetHints":{"allow":["GET"]}}],"collection":[{"href":"https:\/\/diarieducacio.cat\/grao\/wp-json\/wp\/v2\/posts"}],"about":[{"href":"https:\/\/diarieducacio.cat\/grao\/wp-json\/wp\/v2\/types\/post"}],"author":[{"embeddable":true,"href":"https:\/\/diarieducacio.cat\/grao\/wp-json\/wp\/v2\/users\/524"}],"replies":[{"embeddable":true,"href":"https:\/\/diarieducacio.cat\/grao\/wp-json\/wp\/v2\/comments?post=866"}],"version-history":[{"count":1,"href":"https:\/\/diarieducacio.cat\/grao\/wp-json\/wp\/v2\/posts\/866\/revisions"}],"predecessor-version":[{"id":6216,"href":"https:\/\/diarieducacio.cat\/grao\/wp-json\/wp\/v2\/posts\/866\/revisions\/6216"}],"wp:featuredmedia":[{"embeddable":true,"href":"https:\/\/diarieducacio.cat\/grao\/wp-json\/wp\/v2\/media\/867"}],"wp:attachment":[{"href":"https:\/\/diarieducacio.cat\/grao\/wp-json\/wp\/v2\/media?parent=866"}],"wp:term":[{"taxonomy":"category","embeddable":true,"href":"https:\/\/diarieducacio.cat\/grao\/wp-json\/wp\/v2\/categories?post=866"},{"taxonomy":"post_tag","embeddable":true,"href":"https:\/\/diarieducacio.cat\/grao\/wp-json\/wp\/v2\/tags?post=866"},{"taxonomy":"tipo","embeddable":true,"href":"https:\/\/diarieducacio.cat\/grao\/wp-json\/wp\/v2\/tipo?post=866"}],"curies":[{"name":"wp","href":"https:\/\/api.w.org\/{rel}","templated":true}]}}