{"id":920,"date":"2015-05-07T10:45:49","date_gmt":"2015-05-07T10:45:49","guid":{"rendered":"https:\/\/diarieducacio.cat\/grao\/?p=920"},"modified":"2024-05-13T18:30:17","modified_gmt":"2024-05-13T16:30:17","slug":"nomes-avui-un-joc-que-crea-vincles","status":"publish","type":"post","link":"https:\/\/diarieducacio.cat\/grao\/2015\/05\/07\/nomes-avui-un-joc-que-crea-vincles\/","title":{"rendered":"&#8220;Nom\u00e9s avui&#8221;, un joc que crea vincles"},"content":{"rendered":"<p>Si abans de fer qualsevol reuni\u00f3, entrevista,\u00a0acci\u00f3 educativa, etc. ens\u00a0atur\u00e9ssim alguns moments per verbalitzar\u00a0tots junts la intenci\u00f3 d\u2019arribar\u00a0a acords, de crear vincles o de\u00a0ser efica\u00e7os, tant la reuni\u00f3 com el\u00a0resultat que en sortiria es veurien\u00a0impregnats d\u2019una clara tonalitat\u00a0d\u2019entesa.<\/p>\n<p>A partir d\u2019aquesta idea, us proposo\u00a0un <strong>joc<\/strong>:\u00a0Es tracta d\u2019escriure uns acords ben\u00a0senzills en petits papers que es\u00a0guarden en una cistella o en una\u00a0bossa. Abans d\u2019entrar a l\u2019aula, cada\u00a0professional agafar\u00e0 un paper i es\u00a0comprometr\u00e0 a dur a terme l\u2019acci\u00f3\u00a0que s\u2019hi indica. \u00c9s una invitaci\u00f3 a\u00a0mantenir una actitud de coher\u00e8ncia\u00a0personal durant un dia.\u00a0Es podria presentar com un joc voluntari\u00a0a tot el centre educatiu. Estaria\u00a0b\u00e9 que cada participant escriv\u00eds\u00a0uns quants \u00abNom\u00e9s avui\u00bb que poguessin\u00a0ser efica\u00e7os per al claustre i\u00a0per a cada persona.<\/p>\n<p>Per comen\u00e7ar, pot ser \u00fatil partir amb aquestes propostes:<\/p>\n<p><a href=\"https:\/\/nostalgic-ishizaka.82-223-1-47.plesk.page\/grao\/wp-content\/uploads\/sites\/31\/2015\/04\/nomesavui.jpg\"><img fetchpriority=\"high\" decoding=\"async\" class=\"aligncenter  wp-image-921\" src=\"https:\/\/nostalgic-ishizaka.82-223-1-47.plesk.page\/grao\/wp-content\/uploads\/sites\/31\/2015\/04\/nomesavui.jpg\" alt=\"nom\u00e9savui\" width=\"489\" height=\"524\" srcset=\"https:\/\/diarieducacio.cat\/grao\/wp-content\/uploads\/sites\/31\/2015\/04\/nomesavui.jpg 683w, https:\/\/diarieducacio.cat\/grao\/wp-content\/uploads\/sites\/31\/2015\/04\/nomesavui-280x300.jpg 280w, https:\/\/diarieducacio.cat\/grao\/wp-content\/uploads\/sites\/31\/2015\/04\/nomesavui-150x161.jpg 150w, https:\/\/diarieducacio.cat\/grao\/wp-content\/uploads\/sites\/31\/2015\/04\/nomesavui-450x483.jpg 450w\" sizes=\"(max-width: 489px) 100vw, 489px\" \/><\/a><\/p>\n<p>Us animo a posar-ho en pr\u00e0ctica&#8230;\u00a0Segur que us divertir\u00e0 i us far\u00e0 reflexionar\u00a0m\u00e9s d\u2019una vegada.<\/p>\n<p><strong>FONT:\u00a0<\/strong>Revista GUIX d&#8217;Infantil, n\u00ba 68. Clic <strong><a href=\"http:\/\/www.grao.com\/revistes\/guix-infantil\/068-infants-museus-i-educacio-cientifica\/nomes-avui-un-joc-que-crea-vincles\" target=\"_blank\" rel=\"noopener\">aqu\u00ed<\/a><\/strong>.<\/p>\n","protected":false},"excerpt":{"rendered":"<p>L\u2019actitud interior davant de qualsevol situaci\u00f3 de la vida pot marcar una clara difer\u00e8ncia entre\u00a0estar \u00abb\u00e9\u00bb o estar \u00abinc\u00f2mode\u00bb.<\/p>\n","protected":false},"author":524,"featured_media":1819,"comment_status":"open","ping_status":"open","sticky":false,"template":"","format":"standard","meta":{"footnotes":""},"categories":[262,101,251,105],"tags":[98,116,100,176,111],"tipo":[],"class_list":{"0":"post-920","1":"post","2":"type-post","3":"status-publish","4":"format-standard","5":"has-post-thumbnail","7":"category-coaching","8":"category-desenvolupament-personal","9":"category-educacio-afectivaemocional","10":"category-psicologia-de-leducacio","11":"tag-benestar-del-professorat","12":"tag-benestar-personal","13":"tag-creixement-personal","14":"tag-educacio-emocional","15":"tag-identitat"},"yoast_head":"<!-- This site is optimized with the Yoast SEO plugin v27.4 - https:\/\/yoast.com\/product\/yoast-seo-wordpress\/ -->\n<title>&quot;Nom\u00e9s avui&quot;, un joc que crea vincles - L&#039;escola gra\u00f3 a gra\u00f3<\/title>\n<meta name=\"robots\" content=\"index, follow, max-snippet:-1, max-image-preview:large, max-video-preview:-1\" \/>\n<link rel=\"canonical\" href=\"https:\/\/diarieducacio.cat\/grao\/2015\/05\/07\/nomes-avui-un-joc-que-crea-vincles\/\" \/>\n<meta property=\"og:locale\" content=\"ca_ES\" \/>\n<meta property=\"og:type\" content=\"article\" \/>\n<meta property=\"og:title\" content=\"&quot;Nom\u00e9s avui&quot;, un joc que crea vincles - L&#039;escola gra\u00f3 a gra\u00f3\" \/>\n<meta property=\"og:description\" content=\"L\u2019actitud interior davant de qualsevol situaci\u00f3 de la vida pot marcar una clara difer\u00e8ncia entre\u00a0estar \u00abb\u00e9\u00bb o estar \u00abinc\u00f2mode\u00bb.\" \/>\n<meta property=\"og:url\" content=\"https:\/\/diarieducacio.cat\/grao\/2015\/05\/07\/nomes-avui-un-joc-que-crea-vincles\/\" \/>\n<meta property=\"og:site_name\" content=\"L&#039;escola gra\u00f3 a gra\u00f3\" \/>\n<meta property=\"article:published_time\" content=\"2015-05-07T10:45:49+00:00\" \/>\n<meta property=\"article:modified_time\" content=\"2024-05-13T16:30:17+00:00\" \/>\n<meta property=\"og:image\" content=\"https:\/\/diarieducacio.cat\/grao\/wp-content\/uploads\/sites\/31\/2015\/04\/543917_xl-scaled-1.jpg\" \/>\n\t<meta property=\"og:image:width\" content=\"2560\" \/>\n\t<meta property=\"og:image:height\" content=\"1707\" \/>\n\t<meta property=\"og:image:type\" content=\"image\/jpeg\" \/>\n<meta name=\"author\" content=\"Redacci\u00f3 - Editorial Gra\u00f3\" \/>\n<meta name=\"twitter:card\" content=\"summary_large_image\" \/>\n<meta name=\"twitter:label1\" content=\"Escrit per\" \/>\n\t<meta name=\"twitter:data1\" content=\"Redacci\u00f3 - Editorial Gra\u00f3\" \/>\n\t<meta name=\"twitter:label2\" content=\"Temps estimat de lectura\" \/>\n\t<meta name=\"twitter:data2\" content=\"1 minut\" \/>\n<script type=\"application\/ld+json\" class=\"yoast-schema-graph\">{\"@context\":\"https:\\\/\\\/schema.org\",\"@graph\":[{\"@type\":\"Article\",\"@id\":\"https:\\\/\\\/diarieducacio.cat\\\/grao\\\/2015\\\/05\\\/07\\\/nomes-avui-un-joc-que-crea-vincles\\\/#article\",\"isPartOf\":{\"@id\":\"https:\\\/\\\/diarieducacio.cat\\\/grao\\\/2015\\\/05\\\/07\\\/nomes-avui-un-joc-que-crea-vincles\\\/\"},\"author\":{\"name\":\"Redacci\u00f3 - Editorial Gra\u00f3\",\"@id\":\"https:\\\/\\\/diarieducacio.cat\\\/grao\\\/#\\\/schema\\\/person\\\/131fe889ba50cb4a8381cabc75beb3ff\"},\"headline\":\"&#8220;Nom\u00e9s avui&#8221;, un joc que crea vincles\",\"datePublished\":\"2015-05-07T10:45:49+00:00\",\"dateModified\":\"2024-05-13T16:30:17+00:00\",\"mainEntityOfPage\":{\"@id\":\"https:\\\/\\\/diarieducacio.cat\\\/grao\\\/2015\\\/05\\\/07\\\/nomes-avui-un-joc-que-crea-vincles\\\/\"},\"wordCount\":202,\"commentCount\":0,\"image\":{\"@id\":\"https:\\\/\\\/diarieducacio.cat\\\/grao\\\/2015\\\/05\\\/07\\\/nomes-avui-un-joc-que-crea-vincles\\\/#primaryimage\"},\"thumbnailUrl\":\"https:\\\/\\\/diarieducacio.cat\\\/grao\\\/wp-content\\\/uploads\\\/sites\\\/31\\\/2015\\\/04\\\/543917_xl-scaled-1.jpg\",\"keywords\":[\"benestar del professorat\",\"benestar personal\",\"creixement personal\",\"educaci\u00f3 emocional\",\"identitat\"],\"articleSection\":[\"coaching\",\"Desenvolupament Personal\",\"Educaci\u00f3 afectiva\\\/emocional\",\"Psicologia de l'Educaci\u00f3\"],\"inLanguage\":\"ca\",\"potentialAction\":[{\"@type\":\"CommentAction\",\"name\":\"Comment\",\"target\":[\"https:\\\/\\\/diarieducacio.cat\\\/grao\\\/2015\\\/05\\\/07\\\/nomes-avui-un-joc-que-crea-vincles\\\/#respond\"]}]},{\"@type\":\"WebPage\",\"@id\":\"https:\\\/\\\/diarieducacio.cat\\\/grao\\\/2015\\\/05\\\/07\\\/nomes-avui-un-joc-que-crea-vincles\\\/\",\"url\":\"https:\\\/\\\/diarieducacio.cat\\\/grao\\\/2015\\\/05\\\/07\\\/nomes-avui-un-joc-que-crea-vincles\\\/\",\"name\":\"\\\"Nom\u00e9s avui\\\", un joc que crea vincles - L'escola gra\u00f3 a gra\u00f3\",\"isPartOf\":{\"@id\":\"https:\\\/\\\/diarieducacio.cat\\\/grao\\\/#website\"},\"primaryImageOfPage\":{\"@id\":\"https:\\\/\\\/diarieducacio.cat\\\/grao\\\/2015\\\/05\\\/07\\\/nomes-avui-un-joc-que-crea-vincles\\\/#primaryimage\"},\"image\":{\"@id\":\"https:\\\/\\\/diarieducacio.cat\\\/grao\\\/2015\\\/05\\\/07\\\/nomes-avui-un-joc-que-crea-vincles\\\/#primaryimage\"},\"thumbnailUrl\":\"https:\\\/\\\/diarieducacio.cat\\\/grao\\\/wp-content\\\/uploads\\\/sites\\\/31\\\/2015\\\/04\\\/543917_xl-scaled-1.jpg\",\"datePublished\":\"2015-05-07T10:45:49+00:00\",\"dateModified\":\"2024-05-13T16:30:17+00:00\",\"author\":{\"@id\":\"https:\\\/\\\/diarieducacio.cat\\\/grao\\\/#\\\/schema\\\/person\\\/131fe889ba50cb4a8381cabc75beb3ff\"},\"breadcrumb\":{\"@id\":\"https:\\\/\\\/diarieducacio.cat\\\/grao\\\/2015\\\/05\\\/07\\\/nomes-avui-un-joc-que-crea-vincles\\\/#breadcrumb\"},\"inLanguage\":\"ca\",\"potentialAction\":[{\"@type\":\"ReadAction\",\"target\":[\"https:\\\/\\\/diarieducacio.cat\\\/grao\\\/2015\\\/05\\\/07\\\/nomes-avui-un-joc-que-crea-vincles\\\/\"]}]},{\"@type\":\"ImageObject\",\"inLanguage\":\"ca\",\"@id\":\"https:\\\/\\\/diarieducacio.cat\\\/grao\\\/2015\\\/05\\\/07\\\/nomes-avui-un-joc-que-crea-vincles\\\/#primaryimage\",\"url\":\"https:\\\/\\\/diarieducacio.cat\\\/grao\\\/wp-content\\\/uploads\\\/sites\\\/31\\\/2015\\\/04\\\/543917_xl-scaled-1.jpg\",\"contentUrl\":\"https:\\\/\\\/diarieducacio.cat\\\/grao\\\/wp-content\\\/uploads\\\/sites\\\/31\\\/2015\\\/04\\\/543917_xl-scaled-1.jpg\",\"width\":2560,\"height\":1707},{\"@type\":\"BreadcrumbList\",\"@id\":\"https:\\\/\\\/diarieducacio.cat\\\/grao\\\/2015\\\/05\\\/07\\\/nomes-avui-un-joc-que-crea-vincles\\\/#breadcrumb\",\"itemListElement\":[{\"@type\":\"ListItem\",\"position\":1,\"name\":\"Inici\",\"item\":\"https:\\\/\\\/diarieducacio.cat\\\/grao\\\/\"},{\"@type\":\"ListItem\",\"position\":2,\"name\":\"&#8220;Nom\u00e9s avui&#8221;, un joc que crea vincles\"}]},{\"@type\":\"WebSite\",\"@id\":\"https:\\\/\\\/diarieducacio.cat\\\/grao\\\/#website\",\"url\":\"https:\\\/\\\/diarieducacio.cat\\\/grao\\\/\",\"name\":\"L'escola gra\u00f3 a gra\u00f3\",\"description\":\"Un blog de El Diari de l&#039;Educaci\u00f3\",\"potentialAction\":[{\"@type\":\"SearchAction\",\"target\":{\"@type\":\"EntryPoint\",\"urlTemplate\":\"https:\\\/\\\/diarieducacio.cat\\\/grao\\\/?s={search_term_string}\"},\"query-input\":{\"@type\":\"PropertyValueSpecification\",\"valueRequired\":true,\"valueName\":\"search_term_string\"}}],\"inLanguage\":\"ca\"},{\"@type\":\"Person\",\"@id\":\"https:\\\/\\\/diarieducacio.cat\\\/grao\\\/#\\\/schema\\\/person\\\/131fe889ba50cb4a8381cabc75beb3ff\",\"name\":\"Redacci\u00f3 - Editorial Gra\u00f3\",\"image\":{\"@type\":\"ImageObject\",\"inLanguage\":\"ca\",\"@id\":\"https:\\\/\\\/secure.gravatar.com\\\/avatar\\\/9d8b5293e92495f73d6f062cfac5de13f5a8355a89caf901edc1274d5640ad66?s=96&d=mm&r=g\",\"url\":\"https:\\\/\\\/secure.gravatar.com\\\/avatar\\\/9d8b5293e92495f73d6f062cfac5de13f5a8355a89caf901edc1274d5640ad66?s=96&d=mm&r=g\",\"contentUrl\":\"https:\\\/\\\/secure.gravatar.com\\\/avatar\\\/9d8b5293e92495f73d6f062cfac5de13f5a8355a89caf901edc1274d5640ad66?s=96&d=mm&r=g\",\"caption\":\"Redacci\u00f3 - Editorial Gra\u00f3\"},\"url\":\"https:\\\/\\\/diarieducacio.cat\\\/grao\\\/author\\\/emoreno\\\/\"}]}<\/script>\n<!-- \/ Yoast SEO plugin. -->","yoast_head_json":{"title":"\"Nom\u00e9s avui\", un joc que crea vincles - L'escola gra\u00f3 a gra\u00f3","robots":{"index":"index","follow":"follow","max-snippet":"max-snippet:-1","max-image-preview":"max-image-preview:large","max-video-preview":"max-video-preview:-1"},"canonical":"https:\/\/diarieducacio.cat\/grao\/2015\/05\/07\/nomes-avui-un-joc-que-crea-vincles\/","og_locale":"ca_ES","og_type":"article","og_title":"\"Nom\u00e9s avui\", un joc que crea vincles - L'escola gra\u00f3 a gra\u00f3","og_description":"L\u2019actitud interior davant de qualsevol situaci\u00f3 de la vida pot marcar una clara difer\u00e8ncia entre\u00a0estar \u00abb\u00e9\u00bb o estar \u00abinc\u00f2mode\u00bb.","og_url":"https:\/\/diarieducacio.cat\/grao\/2015\/05\/07\/nomes-avui-un-joc-que-crea-vincles\/","og_site_name":"L'escola gra\u00f3 a gra\u00f3","article_published_time":"2015-05-07T10:45:49+00:00","article_modified_time":"2024-05-13T16:30:17+00:00","og_image":[{"width":2560,"height":1707,"url":"https:\/\/diarieducacio.cat\/grao\/wp-content\/uploads\/sites\/31\/2015\/04\/543917_xl-scaled-1.jpg","type":"image\/jpeg"}],"author":"Redacci\u00f3 - Editorial Gra\u00f3","twitter_card":"summary_large_image","twitter_misc":{"Escrit per":"Redacci\u00f3 - Editorial Gra\u00f3","Temps estimat de lectura":"1 minut"},"schema":{"@context":"https:\/\/schema.org","@graph":[{"@type":"Article","@id":"https:\/\/diarieducacio.cat\/grao\/2015\/05\/07\/nomes-avui-un-joc-que-crea-vincles\/#article","isPartOf":{"@id":"https:\/\/diarieducacio.cat\/grao\/2015\/05\/07\/nomes-avui-un-joc-que-crea-vincles\/"},"author":{"name":"Redacci\u00f3 - Editorial Gra\u00f3","@id":"https:\/\/diarieducacio.cat\/grao\/#\/schema\/person\/131fe889ba50cb4a8381cabc75beb3ff"},"headline":"&#8220;Nom\u00e9s avui&#8221;, un joc que crea vincles","datePublished":"2015-05-07T10:45:49+00:00","dateModified":"2024-05-13T16:30:17+00:00","mainEntityOfPage":{"@id":"https:\/\/diarieducacio.cat\/grao\/2015\/05\/07\/nomes-avui-un-joc-que-crea-vincles\/"},"wordCount":202,"commentCount":0,"image":{"@id":"https:\/\/diarieducacio.cat\/grao\/2015\/05\/07\/nomes-avui-un-joc-que-crea-vincles\/#primaryimage"},"thumbnailUrl":"https:\/\/diarieducacio.cat\/grao\/wp-content\/uploads\/sites\/31\/2015\/04\/543917_xl-scaled-1.jpg","keywords":["benestar del professorat","benestar personal","creixement personal","educaci\u00f3 emocional","identitat"],"articleSection":["coaching","Desenvolupament Personal","Educaci\u00f3 afectiva\/emocional","Psicologia de l'Educaci\u00f3"],"inLanguage":"ca","potentialAction":[{"@type":"CommentAction","name":"Comment","target":["https:\/\/diarieducacio.cat\/grao\/2015\/05\/07\/nomes-avui-un-joc-que-crea-vincles\/#respond"]}]},{"@type":"WebPage","@id":"https:\/\/diarieducacio.cat\/grao\/2015\/05\/07\/nomes-avui-un-joc-que-crea-vincles\/","url":"https:\/\/diarieducacio.cat\/grao\/2015\/05\/07\/nomes-avui-un-joc-que-crea-vincles\/","name":"\"Nom\u00e9s avui\", un joc que crea vincles - L'escola gra\u00f3 a gra\u00f3","isPartOf":{"@id":"https:\/\/diarieducacio.cat\/grao\/#website"},"primaryImageOfPage":{"@id":"https:\/\/diarieducacio.cat\/grao\/2015\/05\/07\/nomes-avui-un-joc-que-crea-vincles\/#primaryimage"},"image":{"@id":"https:\/\/diarieducacio.cat\/grao\/2015\/05\/07\/nomes-avui-un-joc-que-crea-vincles\/#primaryimage"},"thumbnailUrl":"https:\/\/diarieducacio.cat\/grao\/wp-content\/uploads\/sites\/31\/2015\/04\/543917_xl-scaled-1.jpg","datePublished":"2015-05-07T10:45:49+00:00","dateModified":"2024-05-13T16:30:17+00:00","author":{"@id":"https:\/\/diarieducacio.cat\/grao\/#\/schema\/person\/131fe889ba50cb4a8381cabc75beb3ff"},"breadcrumb":{"@id":"https:\/\/diarieducacio.cat\/grao\/2015\/05\/07\/nomes-avui-un-joc-que-crea-vincles\/#breadcrumb"},"inLanguage":"ca","potentialAction":[{"@type":"ReadAction","target":["https:\/\/diarieducacio.cat\/grao\/2015\/05\/07\/nomes-avui-un-joc-que-crea-vincles\/"]}]},{"@type":"ImageObject","inLanguage":"ca","@id":"https:\/\/diarieducacio.cat\/grao\/2015\/05\/07\/nomes-avui-un-joc-que-crea-vincles\/#primaryimage","url":"https:\/\/diarieducacio.cat\/grao\/wp-content\/uploads\/sites\/31\/2015\/04\/543917_xl-scaled-1.jpg","contentUrl":"https:\/\/diarieducacio.cat\/grao\/wp-content\/uploads\/sites\/31\/2015\/04\/543917_xl-scaled-1.jpg","width":2560,"height":1707},{"@type":"BreadcrumbList","@id":"https:\/\/diarieducacio.cat\/grao\/2015\/05\/07\/nomes-avui-un-joc-que-crea-vincles\/#breadcrumb","itemListElement":[{"@type":"ListItem","position":1,"name":"Inici","item":"https:\/\/diarieducacio.cat\/grao\/"},{"@type":"ListItem","position":2,"name":"&#8220;Nom\u00e9s avui&#8221;, un joc que crea vincles"}]},{"@type":"WebSite","@id":"https:\/\/diarieducacio.cat\/grao\/#website","url":"https:\/\/diarieducacio.cat\/grao\/","name":"L'escola gra\u00f3 a gra\u00f3","description":"Un blog de El Diari de l&#039;Educaci\u00f3","potentialAction":[{"@type":"SearchAction","target":{"@type":"EntryPoint","urlTemplate":"https:\/\/diarieducacio.cat\/grao\/?s={search_term_string}"},"query-input":{"@type":"PropertyValueSpecification","valueRequired":true,"valueName":"search_term_string"}}],"inLanguage":"ca"},{"@type":"Person","@id":"https:\/\/diarieducacio.cat\/grao\/#\/schema\/person\/131fe889ba50cb4a8381cabc75beb3ff","name":"Redacci\u00f3 - Editorial Gra\u00f3","image":{"@type":"ImageObject","inLanguage":"ca","@id":"https:\/\/secure.gravatar.com\/avatar\/9d8b5293e92495f73d6f062cfac5de13f5a8355a89caf901edc1274d5640ad66?s=96&d=mm&r=g","url":"https:\/\/secure.gravatar.com\/avatar\/9d8b5293e92495f73d6f062cfac5de13f5a8355a89caf901edc1274d5640ad66?s=96&d=mm&r=g","contentUrl":"https:\/\/secure.gravatar.com\/avatar\/9d8b5293e92495f73d6f062cfac5de13f5a8355a89caf901edc1274d5640ad66?s=96&d=mm&r=g","caption":"Redacci\u00f3 - Editorial Gra\u00f3"},"url":"https:\/\/diarieducacio.cat\/grao\/author\/emoreno\/"}]}},"_links":{"self":[{"href":"https:\/\/diarieducacio.cat\/grao\/wp-json\/wp\/v2\/posts\/920","targetHints":{"allow":["GET"]}}],"collection":[{"href":"https:\/\/diarieducacio.cat\/grao\/wp-json\/wp\/v2\/posts"}],"about":[{"href":"https:\/\/diarieducacio.cat\/grao\/wp-json\/wp\/v2\/types\/post"}],"author":[{"embeddable":true,"href":"https:\/\/diarieducacio.cat\/grao\/wp-json\/wp\/v2\/users\/524"}],"replies":[{"embeddable":true,"href":"https:\/\/diarieducacio.cat\/grao\/wp-json\/wp\/v2\/comments?post=920"}],"version-history":[{"count":1,"href":"https:\/\/diarieducacio.cat\/grao\/wp-json\/wp\/v2\/posts\/920\/revisions"}],"predecessor-version":[{"id":6222,"href":"https:\/\/diarieducacio.cat\/grao\/wp-json\/wp\/v2\/posts\/920\/revisions\/6222"}],"wp:featuredmedia":[{"embeddable":true,"href":"https:\/\/diarieducacio.cat\/grao\/wp-json\/wp\/v2\/media\/1819"}],"wp:attachment":[{"href":"https:\/\/diarieducacio.cat\/grao\/wp-json\/wp\/v2\/media?parent=920"}],"wp:term":[{"taxonomy":"category","embeddable":true,"href":"https:\/\/diarieducacio.cat\/grao\/wp-json\/wp\/v2\/categories?post=920"},{"taxonomy":"post_tag","embeddable":true,"href":"https:\/\/diarieducacio.cat\/grao\/wp-json\/wp\/v2\/tags?post=920"},{"taxonomy":"tipo","embeddable":true,"href":"https:\/\/diarieducacio.cat\/grao\/wp-json\/wp\/v2\/tipo?post=920"}],"curies":[{"name":"wp","href":"https:\/\/api.w.org\/{rel}","templated":true}]}}