{"id":946,"date":"2015-05-22T06:25:04","date_gmt":"2015-05-22T06:25:04","guid":{"rendered":"https:\/\/diarieducacio.cat\/grao\/?p=946"},"modified":"2024-05-13T18:30:17","modified_gmt":"2024-05-13T16:30:17","slug":"nuria-castejon-directora-de-programes-testimonials","status":"publish","type":"post","link":"https:\/\/diarieducacio.cat\/grao\/2015\/05\/22\/nuria-castejon-directora-de-programes-testimonials\/","title":{"rendered":"N\u00faria Castej\u00f3n, directora de programes testimonials"},"content":{"rendered":"<p><a href=\"https:\/\/nostalgic-ishizaka.82-223-1-47.plesk.page\/grao\/wp-content\/uploads\/sites\/31\/2015\/04\/entrmaig.jpg\"><\/a>La N\u00faria t\u00e9 una llarga traject\u00f2ria a treballar en programes on l\u2019opini\u00f3 dels protagonistes dibuixa el cam\u00ed dels continguts: \u00abTreballem a partir del testimoni, hi ha veus que ens poden ajudar a reflexionar. En alguns programes, hi sortien nens, i vam trobar que deien coses que ens feien parar a pensar. A partir d\u2019aqu\u00ed, vam decidir oferir un espai on els infants poguessin fer sentir la seva veu\u00bb. Aix\u00ed \u00e9s com va n\u00e9ixer <em>Amb ulls de nen<\/em>, un programa em\u00e8s el 2014 a TV3.<\/p>\n<p>Efectivament, \u00e9s un dels pocs programes on els infants s\u00f3n tractats amb el m\u00e0xim de consideraci\u00f3, respecte al que s\u00f3n, respecte al que senten i respecte al que expressen: \u00abTen\u00edem molt clar que no vol\u00edem que fossin un entreteniment. Hem fugit d\u2019aquell format on els nens fan gr\u00e0cia\u00bb. Per abordar aquest projecte amb la m\u00e0xima responsabilitat i admiraci\u00f3 possibles, es va demanar l\u2019assessorament de professionals del m\u00f3n educatiu: \u00abTothom va coincidir a dir que els infants poden parlar de tot. \u00c9s m\u00e9s, sobre alguns temes, ens van aconsellar que en parl\u00e9ssim\u00bb.<\/p>\n<p>Sentir un nen o una nena opinar sobre la mort, la malaltia o el patiment no ens deixa indiferents: \u00abHi ha nens que ens han regalat un exemple extraordinari de com podem viure la vida. Les hist\u00f2ries que expliquen, i com les expliquen, arriben als altres infants espectadors, i s\u2019hi senten interpel\u00b7lats. I tamb\u00e9 als adults: si els escoltes, n\u2019hi ha que et fan parar a pensar\u00bb. Una part dels continguts del programa s\u2019alimenta de les gravacions que els mateixos infants han fet amb una c\u00e0mera de m\u00e0. S\u00f3n moments de m\u00e0xima espontane\u00eftat, innoc\u00e8ncia i veritat. \u00c9s una altra manera de fer sentir la seva veu: \u00abOfereixen una mirada diferent de la de l\u2019adult, sens dubte obren espais de reflexi\u00f3\u00bb. Efectivament, \u00e9s un d\u2019aquells programes que un comenta l\u2019endem\u00e0 a la feina.<\/p>\n<blockquote><p>\u00abAquesta feina m\u2019ha aportat molt\u00edssim a nivell personal. Hem tingut viv\u00e8ncies absolutament brutals. Alguna vegada, despr\u00e9s d\u2019una gravaci\u00f3, ens vam quedar parats, en silenci, impactats pel que acab\u00e0vem de sentir. He compartit molt amb els infants que hi han participat. Tots van enriquir molt aquest projecte. Ara, alguns no els oblidar\u00e9 mai.\u00bb<\/p><\/blockquote>\n<p>La N\u00faria ha donat forma a una idea que cada cop t\u00e9 m\u00e9s for\u00e7a en l\u2019\u00e0mbit educatiu: crear espais de participaci\u00f3, de reflexi\u00f3, on la veu dels infants sigui l\u2019inici i marqui les fites de la missi\u00f3. Quin gran regal, per a un educador, que alg\u00fa -servint-se de paraules espont\u00e0nies, gravacions mig maldestres i escenes quotidianes- faci trontollar all\u00f2 que pensem. \u00c9s una invitaci\u00f3 descarada a aturar-se, a reflexionar, a mirar l\u2019educaci\u00f3 d\u2019una altra manera, a mirar la vida -tal com es titula el programa &#8211; amb ulls de nen.<\/p>\n<p><strong>FONT:<\/strong> Revist GUIX, n\u00ba403. Clic<strong> <a href=\"N\u00faria%20Castej\u00f3n, directora de programes testimonials. \u00abSi els escoltes, et fan parar a pensar\u00bb\" target=\"_blank\" rel=\"noopener\">aqu\u00ed<\/a><\/strong>.<\/p>\n","protected":false},"excerpt":{"rendered":"<p>\u00abSi els escoltes, et fan parar a pensar\u00bb<\/p>\n","protected":false},"author":525,"featured_media":947,"comment_status":"open","ping_status":"open","sticky":false,"template":"","format":"standard","meta":{"footnotes":""},"categories":[182,101,198,155,120,146],"tags":[99,100,147],"tipo":[],"class_list":{"0":"post-946","1":"post","2":"type-post","3":"status-publish","4":"format-standard","5":"has-post-thumbnail","7":"category-comunitat-educativa","8":"category-desenvolupament-personal","9":"category-desenvolupament-professional","10":"category-funcio-social-de-lensenyament","11":"category-motivacio","12":"category-retrats-de-vivencies-personals","13":"tag-creixement-huma","14":"tag-creixement-personal","15":"tag-visio-del-mon"},"yoast_head":"<!-- This site is optimized with the Yoast SEO plugin v27.4 - https:\/\/yoast.com\/product\/yoast-seo-wordpress\/ -->\n<title>N\u00faria Castej\u00f3n, directora de programes testimonials - L&#039;escola gra\u00f3 a gra\u00f3<\/title>\n<meta name=\"robots\" content=\"index, follow, max-snippet:-1, max-image-preview:large, max-video-preview:-1\" \/>\n<link rel=\"canonical\" href=\"https:\/\/diarieducacio.cat\/grao\/2015\/05\/22\/nuria-castejon-directora-de-programes-testimonials\/\" \/>\n<meta property=\"og:locale\" content=\"ca_ES\" \/>\n<meta property=\"og:type\" content=\"article\" \/>\n<meta property=\"og:title\" content=\"N\u00faria Castej\u00f3n, directora de programes testimonials - L&#039;escola gra\u00f3 a gra\u00f3\" \/>\n<meta property=\"og:description\" content=\"\u00abSi els escoltes, et fan parar a pensar\u00bb\" \/>\n<meta property=\"og:url\" content=\"https:\/\/diarieducacio.cat\/grao\/2015\/05\/22\/nuria-castejon-directora-de-programes-testimonials\/\" \/>\n<meta property=\"og:site_name\" content=\"L&#039;escola gra\u00f3 a gra\u00f3\" \/>\n<meta property=\"article:published_time\" content=\"2015-05-22T06:25:04+00:00\" \/>\n<meta property=\"article:modified_time\" content=\"2024-05-13T16:30:17+00:00\" \/>\n<meta property=\"og:image\" content=\"https:\/\/diarieducacio.cat\/grao\/wp-content\/uploads\/sites\/31\/2015\/04\/entrmaig.jpg\" \/>\n\t<meta property=\"og:image:width\" content=\"260\" \/>\n\t<meta property=\"og:image:height\" content=\"168\" \/>\n\t<meta property=\"og:image:type\" content=\"image\/jpeg\" \/>\n<meta name=\"author\" content=\"Eva Mart\u00ednez\" \/>\n<meta name=\"twitter:card\" content=\"summary_large_image\" \/>\n<meta name=\"twitter:label1\" content=\"Escrit per\" \/>\n\t<meta name=\"twitter:data1\" content=\"Eva Mart\u00ednez\" \/>\n\t<meta name=\"twitter:label2\" content=\"Temps estimat de lectura\" \/>\n\t<meta name=\"twitter:data2\" content=\"2 minuts\" \/>\n<script type=\"application\/ld+json\" class=\"yoast-schema-graph\">{\"@context\":\"https:\\\/\\\/schema.org\",\"@graph\":[{\"@type\":\"Article\",\"@id\":\"https:\\\/\\\/diarieducacio.cat\\\/grao\\\/2015\\\/05\\\/22\\\/nuria-castejon-directora-de-programes-testimonials\\\/#article\",\"isPartOf\":{\"@id\":\"https:\\\/\\\/diarieducacio.cat\\\/grao\\\/2015\\\/05\\\/22\\\/nuria-castejon-directora-de-programes-testimonials\\\/\"},\"author\":{\"name\":\"Eva Mart\u00ednez\",\"@id\":\"https:\\\/\\\/diarieducacio.cat\\\/grao\\\/#\\\/schema\\\/person\\\/6ef3c04be493eca55163f8fb357b96dd\"},\"headline\":\"N\u00faria Castej\u00f3n, directora de programes testimonials\",\"datePublished\":\"2015-05-22T06:25:04+00:00\",\"dateModified\":\"2024-05-13T16:30:17+00:00\",\"mainEntityOfPage\":{\"@id\":\"https:\\\/\\\/diarieducacio.cat\\\/grao\\\/2015\\\/05\\\/22\\\/nuria-castejon-directora-de-programes-testimonials\\\/\"},\"wordCount\":507,\"commentCount\":0,\"image\":{\"@id\":\"https:\\\/\\\/diarieducacio.cat\\\/grao\\\/2015\\\/05\\\/22\\\/nuria-castejon-directora-de-programes-testimonials\\\/#primaryimage\"},\"thumbnailUrl\":\"https:\\\/\\\/diarieducacio.cat\\\/grao\\\/wp-content\\\/uploads\\\/sites\\\/31\\\/2015\\\/04\\\/entrmaig.jpg\",\"keywords\":[\"creixement hum\u00e0\",\"creixement personal\",\"visi\u00f3 del m\u00f3n\"],\"articleSection\":[\"comunitat educativa\",\"Desenvolupament Personal\",\"Desenvolupament professional\",\"Funci\u00f3 social de l'ensenyament\",\"Motivaci\u00f3\",\"Retrats de viv\u00e8ncies personals\"],\"inLanguage\":\"ca\",\"potentialAction\":[{\"@type\":\"CommentAction\",\"name\":\"Comment\",\"target\":[\"https:\\\/\\\/diarieducacio.cat\\\/grao\\\/2015\\\/05\\\/22\\\/nuria-castejon-directora-de-programes-testimonials\\\/#respond\"]}]},{\"@type\":\"WebPage\",\"@id\":\"https:\\\/\\\/diarieducacio.cat\\\/grao\\\/2015\\\/05\\\/22\\\/nuria-castejon-directora-de-programes-testimonials\\\/\",\"url\":\"https:\\\/\\\/diarieducacio.cat\\\/grao\\\/2015\\\/05\\\/22\\\/nuria-castejon-directora-de-programes-testimonials\\\/\",\"name\":\"N\u00faria Castej\u00f3n, directora de programes testimonials - L'escola gra\u00f3 a gra\u00f3\",\"isPartOf\":{\"@id\":\"https:\\\/\\\/diarieducacio.cat\\\/grao\\\/#website\"},\"primaryImageOfPage\":{\"@id\":\"https:\\\/\\\/diarieducacio.cat\\\/grao\\\/2015\\\/05\\\/22\\\/nuria-castejon-directora-de-programes-testimonials\\\/#primaryimage\"},\"image\":{\"@id\":\"https:\\\/\\\/diarieducacio.cat\\\/grao\\\/2015\\\/05\\\/22\\\/nuria-castejon-directora-de-programes-testimonials\\\/#primaryimage\"},\"thumbnailUrl\":\"https:\\\/\\\/diarieducacio.cat\\\/grao\\\/wp-content\\\/uploads\\\/sites\\\/31\\\/2015\\\/04\\\/entrmaig.jpg\",\"datePublished\":\"2015-05-22T06:25:04+00:00\",\"dateModified\":\"2024-05-13T16:30:17+00:00\",\"author\":{\"@id\":\"https:\\\/\\\/diarieducacio.cat\\\/grao\\\/#\\\/schema\\\/person\\\/6ef3c04be493eca55163f8fb357b96dd\"},\"breadcrumb\":{\"@id\":\"https:\\\/\\\/diarieducacio.cat\\\/grao\\\/2015\\\/05\\\/22\\\/nuria-castejon-directora-de-programes-testimonials\\\/#breadcrumb\"},\"inLanguage\":\"ca\",\"potentialAction\":[{\"@type\":\"ReadAction\",\"target\":[\"https:\\\/\\\/diarieducacio.cat\\\/grao\\\/2015\\\/05\\\/22\\\/nuria-castejon-directora-de-programes-testimonials\\\/\"]}]},{\"@type\":\"ImageObject\",\"inLanguage\":\"ca\",\"@id\":\"https:\\\/\\\/diarieducacio.cat\\\/grao\\\/2015\\\/05\\\/22\\\/nuria-castejon-directora-de-programes-testimonials\\\/#primaryimage\",\"url\":\"https:\\\/\\\/diarieducacio.cat\\\/grao\\\/wp-content\\\/uploads\\\/sites\\\/31\\\/2015\\\/04\\\/entrmaig.jpg\",\"contentUrl\":\"https:\\\/\\\/diarieducacio.cat\\\/grao\\\/wp-content\\\/uploads\\\/sites\\\/31\\\/2015\\\/04\\\/entrmaig.jpg\",\"width\":260,\"height\":168},{\"@type\":\"BreadcrumbList\",\"@id\":\"https:\\\/\\\/diarieducacio.cat\\\/grao\\\/2015\\\/05\\\/22\\\/nuria-castejon-directora-de-programes-testimonials\\\/#breadcrumb\",\"itemListElement\":[{\"@type\":\"ListItem\",\"position\":1,\"name\":\"Inici\",\"item\":\"https:\\\/\\\/diarieducacio.cat\\\/grao\\\/\"},{\"@type\":\"ListItem\",\"position\":2,\"name\":\"N\u00faria Castej\u00f3n, directora de programes testimonials\"}]},{\"@type\":\"WebSite\",\"@id\":\"https:\\\/\\\/diarieducacio.cat\\\/grao\\\/#website\",\"url\":\"https:\\\/\\\/diarieducacio.cat\\\/grao\\\/\",\"name\":\"L'escola gra\u00f3 a gra\u00f3\",\"description\":\"Un blog de El Diari de l&#039;Educaci\u00f3\",\"potentialAction\":[{\"@type\":\"SearchAction\",\"target\":{\"@type\":\"EntryPoint\",\"urlTemplate\":\"https:\\\/\\\/diarieducacio.cat\\\/grao\\\/?s={search_term_string}\"},\"query-input\":{\"@type\":\"PropertyValueSpecification\",\"valueRequired\":true,\"valueName\":\"search_term_string\"}}],\"inLanguage\":\"ca\"},{\"@type\":\"Person\",\"@id\":\"https:\\\/\\\/diarieducacio.cat\\\/grao\\\/#\\\/schema\\\/person\\\/6ef3c04be493eca55163f8fb357b96dd\",\"name\":\"Eva Mart\u00ednez\",\"image\":{\"@type\":\"ImageObject\",\"inLanguage\":\"ca\",\"@id\":\"https:\\\/\\\/secure.gravatar.com\\\/avatar\\\/9f9560d64d16d032d11d280ee0bf98bcc108e6d3984f5cd72782046d71518cae?s=96&d=mm&r=g\",\"url\":\"https:\\\/\\\/secure.gravatar.com\\\/avatar\\\/9f9560d64d16d032d11d280ee0bf98bcc108e6d3984f5cd72782046d71518cae?s=96&d=mm&r=g\",\"contentUrl\":\"https:\\\/\\\/secure.gravatar.com\\\/avatar\\\/9f9560d64d16d032d11d280ee0bf98bcc108e6d3984f5cd72782046d71518cae?s=96&d=mm&r=g\",\"caption\":\"Eva Mart\u00ednez\"},\"url\":\"https:\\\/\\\/diarieducacio.cat\\\/grao\\\/author\\\/evamartinez\\\/\"}]}<\/script>\n<!-- \/ Yoast SEO plugin. -->","yoast_head_json":{"title":"N\u00faria Castej\u00f3n, directora de programes testimonials - L'escola gra\u00f3 a gra\u00f3","robots":{"index":"index","follow":"follow","max-snippet":"max-snippet:-1","max-image-preview":"max-image-preview:large","max-video-preview":"max-video-preview:-1"},"canonical":"https:\/\/diarieducacio.cat\/grao\/2015\/05\/22\/nuria-castejon-directora-de-programes-testimonials\/","og_locale":"ca_ES","og_type":"article","og_title":"N\u00faria Castej\u00f3n, directora de programes testimonials - L'escola gra\u00f3 a gra\u00f3","og_description":"\u00abSi els escoltes, et fan parar a pensar\u00bb","og_url":"https:\/\/diarieducacio.cat\/grao\/2015\/05\/22\/nuria-castejon-directora-de-programes-testimonials\/","og_site_name":"L'escola gra\u00f3 a gra\u00f3","article_published_time":"2015-05-22T06:25:04+00:00","article_modified_time":"2024-05-13T16:30:17+00:00","og_image":[{"width":260,"height":168,"url":"https:\/\/diarieducacio.cat\/grao\/wp-content\/uploads\/sites\/31\/2015\/04\/entrmaig.jpg","type":"image\/jpeg"}],"author":"Eva Mart\u00ednez","twitter_card":"summary_large_image","twitter_misc":{"Escrit per":"Eva Mart\u00ednez","Temps estimat de lectura":"2 minuts"},"schema":{"@context":"https:\/\/schema.org","@graph":[{"@type":"Article","@id":"https:\/\/diarieducacio.cat\/grao\/2015\/05\/22\/nuria-castejon-directora-de-programes-testimonials\/#article","isPartOf":{"@id":"https:\/\/diarieducacio.cat\/grao\/2015\/05\/22\/nuria-castejon-directora-de-programes-testimonials\/"},"author":{"name":"Eva Mart\u00ednez","@id":"https:\/\/diarieducacio.cat\/grao\/#\/schema\/person\/6ef3c04be493eca55163f8fb357b96dd"},"headline":"N\u00faria Castej\u00f3n, directora de programes testimonials","datePublished":"2015-05-22T06:25:04+00:00","dateModified":"2024-05-13T16:30:17+00:00","mainEntityOfPage":{"@id":"https:\/\/diarieducacio.cat\/grao\/2015\/05\/22\/nuria-castejon-directora-de-programes-testimonials\/"},"wordCount":507,"commentCount":0,"image":{"@id":"https:\/\/diarieducacio.cat\/grao\/2015\/05\/22\/nuria-castejon-directora-de-programes-testimonials\/#primaryimage"},"thumbnailUrl":"https:\/\/diarieducacio.cat\/grao\/wp-content\/uploads\/sites\/31\/2015\/04\/entrmaig.jpg","keywords":["creixement hum\u00e0","creixement personal","visi\u00f3 del m\u00f3n"],"articleSection":["comunitat educativa","Desenvolupament Personal","Desenvolupament professional","Funci\u00f3 social de l'ensenyament","Motivaci\u00f3","Retrats de viv\u00e8ncies personals"],"inLanguage":"ca","potentialAction":[{"@type":"CommentAction","name":"Comment","target":["https:\/\/diarieducacio.cat\/grao\/2015\/05\/22\/nuria-castejon-directora-de-programes-testimonials\/#respond"]}]},{"@type":"WebPage","@id":"https:\/\/diarieducacio.cat\/grao\/2015\/05\/22\/nuria-castejon-directora-de-programes-testimonials\/","url":"https:\/\/diarieducacio.cat\/grao\/2015\/05\/22\/nuria-castejon-directora-de-programes-testimonials\/","name":"N\u00faria Castej\u00f3n, directora de programes testimonials - L'escola gra\u00f3 a gra\u00f3","isPartOf":{"@id":"https:\/\/diarieducacio.cat\/grao\/#website"},"primaryImageOfPage":{"@id":"https:\/\/diarieducacio.cat\/grao\/2015\/05\/22\/nuria-castejon-directora-de-programes-testimonials\/#primaryimage"},"image":{"@id":"https:\/\/diarieducacio.cat\/grao\/2015\/05\/22\/nuria-castejon-directora-de-programes-testimonials\/#primaryimage"},"thumbnailUrl":"https:\/\/diarieducacio.cat\/grao\/wp-content\/uploads\/sites\/31\/2015\/04\/entrmaig.jpg","datePublished":"2015-05-22T06:25:04+00:00","dateModified":"2024-05-13T16:30:17+00:00","author":{"@id":"https:\/\/diarieducacio.cat\/grao\/#\/schema\/person\/6ef3c04be493eca55163f8fb357b96dd"},"breadcrumb":{"@id":"https:\/\/diarieducacio.cat\/grao\/2015\/05\/22\/nuria-castejon-directora-de-programes-testimonials\/#breadcrumb"},"inLanguage":"ca","potentialAction":[{"@type":"ReadAction","target":["https:\/\/diarieducacio.cat\/grao\/2015\/05\/22\/nuria-castejon-directora-de-programes-testimonials\/"]}]},{"@type":"ImageObject","inLanguage":"ca","@id":"https:\/\/diarieducacio.cat\/grao\/2015\/05\/22\/nuria-castejon-directora-de-programes-testimonials\/#primaryimage","url":"https:\/\/diarieducacio.cat\/grao\/wp-content\/uploads\/sites\/31\/2015\/04\/entrmaig.jpg","contentUrl":"https:\/\/diarieducacio.cat\/grao\/wp-content\/uploads\/sites\/31\/2015\/04\/entrmaig.jpg","width":260,"height":168},{"@type":"BreadcrumbList","@id":"https:\/\/diarieducacio.cat\/grao\/2015\/05\/22\/nuria-castejon-directora-de-programes-testimonials\/#breadcrumb","itemListElement":[{"@type":"ListItem","position":1,"name":"Inici","item":"https:\/\/diarieducacio.cat\/grao\/"},{"@type":"ListItem","position":2,"name":"N\u00faria Castej\u00f3n, directora de programes testimonials"}]},{"@type":"WebSite","@id":"https:\/\/diarieducacio.cat\/grao\/#website","url":"https:\/\/diarieducacio.cat\/grao\/","name":"L'escola gra\u00f3 a gra\u00f3","description":"Un blog de El Diari de l&#039;Educaci\u00f3","potentialAction":[{"@type":"SearchAction","target":{"@type":"EntryPoint","urlTemplate":"https:\/\/diarieducacio.cat\/grao\/?s={search_term_string}"},"query-input":{"@type":"PropertyValueSpecification","valueRequired":true,"valueName":"search_term_string"}}],"inLanguage":"ca"},{"@type":"Person","@id":"https:\/\/diarieducacio.cat\/grao\/#\/schema\/person\/6ef3c04be493eca55163f8fb357b96dd","name":"Eva Mart\u00ednez","image":{"@type":"ImageObject","inLanguage":"ca","@id":"https:\/\/secure.gravatar.com\/avatar\/9f9560d64d16d032d11d280ee0bf98bcc108e6d3984f5cd72782046d71518cae?s=96&d=mm&r=g","url":"https:\/\/secure.gravatar.com\/avatar\/9f9560d64d16d032d11d280ee0bf98bcc108e6d3984f5cd72782046d71518cae?s=96&d=mm&r=g","contentUrl":"https:\/\/secure.gravatar.com\/avatar\/9f9560d64d16d032d11d280ee0bf98bcc108e6d3984f5cd72782046d71518cae?s=96&d=mm&r=g","caption":"Eva Mart\u00ednez"},"url":"https:\/\/diarieducacio.cat\/grao\/author\/evamartinez\/"}]}},"_links":{"self":[{"href":"https:\/\/diarieducacio.cat\/grao\/wp-json\/wp\/v2\/posts\/946","targetHints":{"allow":["GET"]}}],"collection":[{"href":"https:\/\/diarieducacio.cat\/grao\/wp-json\/wp\/v2\/posts"}],"about":[{"href":"https:\/\/diarieducacio.cat\/grao\/wp-json\/wp\/v2\/types\/post"}],"author":[{"embeddable":true,"href":"https:\/\/diarieducacio.cat\/grao\/wp-json\/wp\/v2\/users\/525"}],"replies":[{"embeddable":true,"href":"https:\/\/diarieducacio.cat\/grao\/wp-json\/wp\/v2\/comments?post=946"}],"version-history":[{"count":1,"href":"https:\/\/diarieducacio.cat\/grao\/wp-json\/wp\/v2\/posts\/946\/revisions"}],"predecessor-version":[{"id":6225,"href":"https:\/\/diarieducacio.cat\/grao\/wp-json\/wp\/v2\/posts\/946\/revisions\/6225"}],"wp:featuredmedia":[{"embeddable":true,"href":"https:\/\/diarieducacio.cat\/grao\/wp-json\/wp\/v2\/media\/947"}],"wp:attachment":[{"href":"https:\/\/diarieducacio.cat\/grao\/wp-json\/wp\/v2\/media?parent=946"}],"wp:term":[{"taxonomy":"category","embeddable":true,"href":"https:\/\/diarieducacio.cat\/grao\/wp-json\/wp\/v2\/categories?post=946"},{"taxonomy":"post_tag","embeddable":true,"href":"https:\/\/diarieducacio.cat\/grao\/wp-json\/wp\/v2\/tags?post=946"},{"taxonomy":"tipo","embeddable":true,"href":"https:\/\/diarieducacio.cat\/grao\/wp-json\/wp\/v2\/tipo?post=946"}],"curies":[{"name":"wp","href":"https:\/\/api.w.org\/{rel}","templated":true}]}}