{"id":1865,"date":"2023-07-19T09:35:06","date_gmt":"2023-07-19T07:35:06","guid":{"rendered":"https:\/\/diarieducacio.cat\/imatgesperinterrogarelmon\/?p=300"},"modified":"2024-05-13T18:53:27","modified_gmt":"2024-05-13T16:53:27","slug":"interrogar-el-panic-o-com-inventar-pedagogies-contra-la-fi-del-mon-2","status":"publish","type":"post","link":"https:\/\/diarieducacio.cat\/imatgesperinterrogarelmon\/2023\/07\/19\/interrogar-el-panic-o-com-inventar-pedagogies-contra-la-fi-del-mon-2\/","title":{"rendered":"Interrogar el p\u00e0nic o com inventar pedagogies contra la fi del m\u00f3n"},"content":{"rendered":"<p>Ens situem en un present en qu\u00e8 s&#8217;ha instal\u00b7lat el p\u00e0nic, la urg\u00e8ncia, l&#8217;av\u00eds d&#8217;un canvi imminent que ens abocar\u00e0 a la fam, a la sequera, al feixisme, a l&#8217;apocalipsi. La cultura audiovisual i les xarxes socials es fan ress\u00f2 d&#8217;aquesta alerta que sembla voler dominar els nostres cossos per a mobilitzar-los cap a&#8230; on? Cap a un futur on probablement no volem arribar. De mica en mica, l&#8217;espai de la ficci\u00f3 i de les xarxes s&#8217;ha omplert de distopies, d&#8217;un m\u00f3n que castiga i amena\u00e7a.<\/p>\n<p>Despr\u00e9s de la Segona Guerra Mundial i d&#8217;utilitzaci\u00f3 per primera vegada de la bomba at\u00f2mica, el cinema, la televisi\u00f3 i la r\u00e0dio van crear narratives que alertaven sobre la fi de la humanitat sovint protagonitzades per alien\u00edgenes, de les que son exemple, pel\u00b7l\u00edcules com &#8220;Ultimatum\u00a0a la\u00a0Tierra&#8221; (Robert\u00a0Wise, 1951) o &#8220;El enigma\u00a0del otro\u00a0mundo&#8221; (Christian\u00a0Nyby\u00a0i Howard Hawks, 1951), entre moltes d&#8217;altres. Una estrat\u00e8gia pol\u00edtica paternalista \u2013 &#8220;si no us comporteu b\u00e9, mireu les conseq\u00fc\u00e8ncies&#8221;, per\u00f2 que sobretot volia instal\u00b7lar la por i perpetuar en el temps, i en els cossos, el terror generat per una bomba que podria destruir totes les formes de vida i davant de la qual nom\u00e9s podem sentir impot\u00e8ncia i desesperan\u00e7a.<\/p>\n<figure id=\"attachment_317\" aria-describedby=\"caption-attachment-317\" style=\"width: 1024px\" class=\"wp-caption aligncenter\"><img fetchpriority=\"high\" decoding=\"async\" class=\"wp-image-317 size-full\" src=\"https:\/\/diarieducacio.cat\/imatgesperinterrogarelmon\/wp-content\/uploads\/sites\/67\/2023\/07\/futuro-vegetal-2.jpg\" alt=\"\" width=\"1024\" height=\"1024\" srcset=\"https:\/\/diarieducacio.cat\/imatgesperinterrogarelmon\/wp-content\/uploads\/sites\/32\/2023\/07\/futuro-vegetal-2.jpg 1024w, https:\/\/diarieducacio.cat\/imatgesperinterrogarelmon\/wp-content\/uploads\/sites\/32\/2023\/07\/futuro-vegetal-2-300x300.jpg 300w, https:\/\/diarieducacio.cat\/imatgesperinterrogarelmon\/wp-content\/uploads\/sites\/32\/2023\/07\/futuro-vegetal-2-150x150.jpg 150w, https:\/\/diarieducacio.cat\/imatgesperinterrogarelmon\/wp-content\/uploads\/sites\/32\/2023\/07\/futuro-vegetal-2-768x768.jpg 768w, https:\/\/diarieducacio.cat\/imatgesperinterrogarelmon\/wp-content\/uploads\/sites\/32\/2023\/07\/futuro-vegetal-2-450x450.jpg 450w\" sizes=\"(max-width: 1024px) 100vw, 1024px\" \/><figcaption id=\"caption-attachment-317\" class=\"wp-caption-text\">Acci\u00f3 de Futuro Vegetal a l&#8217;exposici\u00f3 de CaixaForum, a Cadis, 2023 | Futuro Vegetal<\/figcaption><\/figure>\n<p>Les imatges i els discursos d&#8217;amena\u00e7a sobre el final del m\u00f3n tal com el coneixem, s\u00f3n mobilitzadores o pel contrari, ens espanten? Davant de la por, som capaces de crear espais de possibilitat o nom\u00e9s hi ha lloc per a la impot\u00e8ncia, pel rebuig, la negaci\u00f3, el no voler sentir ni veure? Quina relaci\u00f3 pot establir amb el futur una generaci\u00f3 que avui dia s&#8217;ha de projectar en un territori sota perill de pobresa extrema i d&#8217;extinci\u00f3? Si determinem el desastre i ens situem en la inevitabilitat d&#8217;all\u00f2 que anunciem, com podem abordar els reptes per educar en la conviv\u00e8ncia, en el benestar com a responsabilitat col\u00b7lectiva, en la possibilitat de canvi? Com desconstruir els imaginaris controlats per un punt de vista \u00fanic que no permeten practicar altres maneres de veure?<br \/>\n<span style=\"font-family: var(--data-base-font-family);font-size: 1rem\"><br \/>\nA finals dels anys setanta, en textos com &#8220;Davant del dolor dels altres&#8221;,\u00a0 Susan Sontag argumentava que la imatge fotogr\u00e0fica havia perdut el poder de fer-nos enrabiar, d&#8217;incitar-nos. Es preguntava sobre com poder transformar l&#8217;efecte que ens produeixen les fotografies en accions pol\u00edtiques eficaces. Davant dels missatges que en l&#8217;actualitat semblen dominar el debat p\u00fablic com la negaci\u00f3 del canvi clim\u00e0tic, l&#8217;expulsi\u00f3 de les vides migrants, l&#8217;esborrament dels cossos trans i dels vincles homosexuals, quin poder poden tenir les imatges per desactivar-los?<\/span><\/p>\n<p>Les xarxes socials s&#8217;omplen de fotografies, cartells, iniciatives i textos protagonitzats per l&#8217;extrema dreta. Irromp la\u00a0por que\u00a0les seves idees ocupin cada vegada m\u00e9s l&#8217;espai p\u00fablic i la reacci\u00f3 sembla activar la icona de compartir. Compartim i amplifiquem perqu\u00e8 creiem que aquests missatges per si mateixos provocaran mobilitzaci\u00f3? Donem per suposat que en la recepci\u00f3 hi ha un consens social favorable a les nostres idees i valors? A quins p\u00fablics volem interpel\u00b7lar? Quina proposta pol\u00edtica volem articular? Quines imatges poden desactivar els imaginaris racistes,\u00a0lgtbif\u00f2bics, masclistes en lloc de perseverar en la reproducci\u00f3, fixaci\u00f3 i circulaci\u00f3 de tot all\u00f2 que volem desconstruir? Quins cossos\u00a0se\u00a0senten amena\u00e7ats?<\/p>\n<p>En el llibre &#8220;Marcs de guerra \u2013 Quines vides plorem?&#8221;, Judith Butler entra en di\u00e0leg amb els textos de\u00a0Sontag\u00a0en qu\u00e8 aquesta es pregunta sobre el poder de les fotografies per indignar-nos i construir visions pol\u00edtiques. Butler diu que les fotografies en circulaci\u00f3 &#8220;no nom\u00e9s es mostren, sin\u00f3 que s&#8217;expliquen. La manera de mostrar-les, la manera d&#8217;emmarcar-les i les paraules que es fan servir per descriure el que mostren treballen juntes per produir una matriu interpretativa d&#8217;all\u00f2 que s&#8217;hi veu&#8221;. Aquest proc\u00e9s d&#8217;emmarcament visual est\u00e0 estructurat per certes normes, a vegades m\u00e9s expl\u00edcites, d&#8217;altres menys, travessades per components de ra\u00e7a, de g\u00e8nere, d&#8217;opci\u00f3 sexual, etc. que defineixen quines vides s\u00f3n considerades humanes &#8211; i per aix\u00f2 el seu patiment \u00e9s capa\u00e7 de generar empatia i potser activa la nostra capacitat de reaccionar amb indignaci\u00f3 \u2013 i quines no.<\/p>\n<p>El 24 de juny de 2022 desenes de persones van ser assassinades quan intentaven travessar la frontera entre Nador i Melilla. En la manifestaci\u00f3 a Barcelona que es va convocar sota el lema &#8220;les vides negres importen&#8221; per denunciar el racisme institucional que va causar aquestes mortes, es va reclamar que es deix\u00e9s de retuitar, de difondre les imatges dels cossos negres assassinats. Una demanda que va generar desconcert, ja que les imatges eren &#8220;prova&#8221; de la viol\u00e8ncia, pel seu valor referencial afirmaven &#8220;all\u00f2 ha passat&#8221;. Les imatges que activaven la indignaci\u00f3 necess\u00e0ria per a la mobilitzaci\u00f3 social. Les imatges que circulaven per iniciativa de diferents col\u00b7lectius antiracistes. M\u00e9s enll\u00e0 de la protecci\u00f3 de les v\u00edctimes i del seu entorn afectiu proper, aquest reclam va interpel\u00b7lar directament la necessitat d&#8217;interrompre la reproducci\u00f3 d&#8217;imaginaris que institueixen la deshumanitzaci\u00f3 dels cossos negres, que els presenten com a cossos que poden ser maltractats, torturats. Es va afirmar el desig de canviar el relat &#8211; i per qu\u00e8 no el marc?, sobre quines vides poden ser presentades com a humanes.<\/p>\n<p>Un desig que es pot entrella\u00e7ar amb la pregunta sobre com elaborar discursos des de la pedagogia, des de la voluntat de generar reflexi\u00f3, i\u00a0per aix\u00f2 canvis en les formes de pensar, de mirar i d&#8217;escoltar. Per\u00f2, un desig que sobretot obre l&#8217;espai al repte sobre quines imatges poden obrir escletxes, i perqu\u00e8 no fer esclatar, les estructures dominants? Imatges que poden oferir escenaris de benestar, de comprensi\u00f3 m\u00fatua, de plaer i goig. Imatges que desestabilitzin els relats del b\u00e9 i del mal, de creen\u00e7a i negaci\u00f3, de progr\u00e9s i\u00a0retard, de mobilitzaci\u00f3 i apatia.\u00a0Imatges\u00a0que abordin la vida des de la complexitat i dels di\u00e0legs entre punts de vista diversos.<\/p>\n<p>En els \u00faltims mesos, diferents mitjans de comunicaci\u00f3 han publicat not\u00edcies en qu\u00e8 s&#8217;afirmava que les generacions joves s&#8217;estan situant a favor dels discursos cap a la dreta, o sigui, cap al racisme, el masclisme, la\u00a0lgtbif\u00f2bia, la seguretat, l&#8217;individualisme. Assenyalen el problema en l&#8217;espai que partits que defensen aquests ideals han sabut ocupar en xarxes socials com tiktok. M\u00e9s enll\u00e0 d&#8217;una an\u00e0lisi\u00a0que sembla demanar reflexions m\u00e9s acurades, \u00e9s interessant preguntar-nos sobre quins imaginaris estan ocupant l&#8217;espai p\u00fablic i quins di\u00e0legs es poden establir amb aquests per a desmuntar-los, sobretot en entorns educatius.<\/p>\n<p>Davant del p\u00e0nic, sembla que sonen m\u00e9s fort els posicionaments polaritzats que divideixen, fixen estereotips i bloquegen moviments cap al canvi. Davant del p\u00e0nic, sembla que s&#8217;ha de definir l&#8217;enemic com quelcom un\u00edvoc i f\u00e0cil d&#8217;assenyalar. I s&#8217;instauren oposicions que determinen i que no permeten pensar juntes, que no es construeixin des de la voluntat d&#8217;acompanyar i de la comprensi\u00f3 que les viol\u00e8ncies i opressions s&#8217;entrecreuen de diferents maneres i en diferents cossos. Com podem crear les condicions perqu\u00e8 sigui possible expressar i escoltar entre iguals? Davant de la difusi\u00f3 d&#8217;imaginaris feministes entre les noies, com acompanyem els nois perqu\u00e8 el canvi desitjat tamb\u00e9 els contempli? Davant de l&#8217;augment del racisme, com acompanyem l&#8217;alumnat racialitzat en estructures que els exclouen? Com no reproduir viol\u00e8ncies racistes davant d\u2019expressions de lgtbif\u00f2bia? Com oferir possibilitats de canvi en lloc de fixar espais de resist\u00e8ncia? Quines imatges poden ser referents m\u00e9s enll\u00e0 de situar-se com a culpable o v\u00edctima? Quins models de relaci\u00f3 desplacen les normes constitu\u00efdes com a ideal d&#8217;amor, de comunicaci\u00f3, de plaer? Quines probabilitats de projectar el futur m\u00e9s enll\u00e0 de les formes occidentals i adultes de mirar el m\u00f3n? Com no imposar un punt de vista \u00fanic? Com desmuntar el p\u00e0nic que ens posiciona en escenaris b\u00e8l\u00b7lics d&#8217;atac i defensa? Com fomentar pedagogies quotidianes inspirades en el desig d&#8217;una cultura de pau, de superar la jerarquitzaci\u00f3 de les viol\u00e8ncies, de posar en relaci\u00f3 les difer\u00e8ncies?<\/p>\n","protected":false},"excerpt":{"rendered":"<p>Entre pel\u00b7l\u00edcules que anuncien el final del m\u00f3n per cat\u00e0strofes &#8220;naturals&#8221;, discursos pol\u00edtics que neguen el canvi clim\u00e0tic, s\u00e8ries que projecten vides dominades pel control social, lones que llencen a les escombraries els canvis socials dels \u00faltims anys, quines s\u00f3n les imatges que necessitem per imaginar el futur com alguna cosa desitjable?<\/p>\n","protected":false},"author":614,"featured_media":301,"comment_status":"open","ping_status":"open","sticky":false,"template":"","format":"standard","meta":{"footnotes":""},"categories":[98,99,100,102,103,2,105],"tags":[],"tipo":[125],"class_list":{"0":"post-1865","1":"post","2":"type-post","3":"status-publish","4":"format-standard","5":"has-post-thumbnail","7":"category-audiovisual","8":"category-cinema","9":"category-cultura-de-pau","10":"category-educacio-en-valors","11":"category-feminismes","12":"category-general","13":"category-perspectiva-de-genere","14":"tipo-actualitat"},"yoast_head":"<!-- This site is optimized with the Yoast SEO plugin v27.5 - https:\/\/yoast.com\/product\/yoast-seo-wordpress\/ -->\n<title>Interrogar el p\u00e0nic o com inventar pedagogies contra la fi del m\u00f3n - Imatges per interrogar el m\u00f3n<\/title>\n<meta name=\"robots\" content=\"index, follow, max-snippet:-1, max-image-preview:large, max-video-preview:-1\" \/>\n<link rel=\"canonical\" href=\"https:\/\/diarieducacio.cat\/imatgesperinterrogarelmon\/2023\/07\/19\/interrogar-el-panic-o-com-inventar-pedagogies-contra-la-fi-del-mon-2\/\" \/>\n<meta property=\"og:locale\" content=\"ca_ES\" \/>\n<meta property=\"og:type\" content=\"article\" \/>\n<meta property=\"og:title\" content=\"Interrogar el p\u00e0nic o com inventar pedagogies contra la fi del m\u00f3n - Imatges per interrogar el m\u00f3n\" \/>\n<meta property=\"og:description\" content=\"Entre pel\u00b7l\u00edcules que anuncien el final del m\u00f3n per cat\u00e0strofes &quot;naturals&quot;, discursos pol\u00edtics que neguen el canvi clim\u00e0tic, s\u00e8ries que projecten vides dominades pel control social, lones que llencen a les escombraries els canvis socials dels \u00faltims anys, quines s\u00f3n les imatges que necessitem per imaginar el futur com alguna cosa desitjable?\" \/>\n<meta property=\"og:url\" content=\"https:\/\/diarieducacio.cat\/imatgesperinterrogarelmon\/2023\/07\/19\/interrogar-el-panic-o-com-inventar-pedagogies-contra-la-fi-del-mon-2\/\" \/>\n<meta property=\"og:site_name\" content=\"Imatges per interrogar el m\u00f3n\" \/>\n<meta property=\"article:publisher\" content=\"https:\/\/www.facebook.com\/diarieducacio\/\" \/>\n<meta property=\"article:published_time\" content=\"2023-07-19T07:35:06+00:00\" \/>\n<meta property=\"article:modified_time\" content=\"2024-05-13T16:53:27+00:00\" \/>\n<meta property=\"og:image\" content=\"https:\/\/diarieducacio.cat\/imatgesperinterrogarelmon\/wp-content\/uploads\/sites\/32\/2023\/07\/Farrucas.jpeg\" \/>\n\t<meta property=\"og:image:width\" content=\"900\" \/>\n\t<meta property=\"og:image:height\" content=\"580\" \/>\n\t<meta property=\"og:image:type\" content=\"image\/jpeg\" \/>\n<meta name=\"author\" content=\"Raquel Marques\" \/>\n<meta name=\"twitter:card\" content=\"summary_large_image\" \/>\n<meta name=\"twitter:creator\" content=\"@DiariEducacio\" \/>\n<meta name=\"twitter:site\" content=\"@DiariEducacio\" \/>\n<meta name=\"twitter:label1\" content=\"Escrit per\" \/>\n\t<meta name=\"twitter:data1\" content=\"Raquel Marques\" \/>\n\t<meta name=\"twitter:label2\" content=\"Temps estimat de lectura\" \/>\n\t<meta name=\"twitter:data2\" content=\"7 minuts\" \/>\n<script type=\"application\/ld+json\" class=\"yoast-schema-graph\">{\"@context\":\"https:\\\/\\\/schema.org\",\"@graph\":[{\"@type\":\"Article\",\"@id\":\"https:\\\/\\\/diarieducacio.cat\\\/imatgesperinterrogarelmon\\\/2023\\\/07\\\/19\\\/interrogar-el-panic-o-com-inventar-pedagogies-contra-la-fi-del-mon-2\\\/#article\",\"isPartOf\":{\"@id\":\"https:\\\/\\\/diarieducacio.cat\\\/imatgesperinterrogarelmon\\\/2023\\\/07\\\/19\\\/interrogar-el-panic-o-com-inventar-pedagogies-contra-la-fi-del-mon-2\\\/\"},\"author\":{\"name\":\"Raquel Marques\",\"@id\":\"https:\\\/\\\/diarieducacio.cat\\\/imatgesperinterrogarelmon\\\/#\\\/schema\\\/person\\\/408c0d884b435149b30c48348205d713\"},\"headline\":\"Interrogar el p\u00e0nic o com inventar pedagogies contra la fi del m\u00f3n\",\"datePublished\":\"2023-07-19T07:35:06+00:00\",\"dateModified\":\"2024-05-13T16:53:27+00:00\",\"mainEntityOfPage\":{\"@id\":\"https:\\\/\\\/diarieducacio.cat\\\/imatgesperinterrogarelmon\\\/2023\\\/07\\\/19\\\/interrogar-el-panic-o-com-inventar-pedagogies-contra-la-fi-del-mon-2\\\/\"},\"wordCount\":1447,\"commentCount\":0,\"image\":{\"@id\":\"https:\\\/\\\/diarieducacio.cat\\\/imatgesperinterrogarelmon\\\/2023\\\/07\\\/19\\\/interrogar-el-panic-o-com-inventar-pedagogies-contra-la-fi-del-mon-2\\\/#primaryimage\"},\"thumbnailUrl\":\"https:\\\/\\\/diarieducacio.cat\\\/imatgesperinterrogarelmon\\\/wp-content\\\/uploads\\\/sites\\\/32\\\/2023\\\/07\\\/Farrucas.jpeg\",\"articleSection\":[\"Audiovisual\",\"Cinema\",\"Cultura de pau\",\"Educaci\u00f3 en valors\",\"Feminismes\",\"General\",\"Perspectiva de g\u00e8nere\"],\"inLanguage\":\"ca\",\"potentialAction\":[{\"@type\":\"CommentAction\",\"name\":\"Comment\",\"target\":[\"https:\\\/\\\/diarieducacio.cat\\\/imatgesperinterrogarelmon\\\/2023\\\/07\\\/19\\\/interrogar-el-panic-o-com-inventar-pedagogies-contra-la-fi-del-mon-2\\\/#respond\"]}]},{\"@type\":\"WebPage\",\"@id\":\"https:\\\/\\\/diarieducacio.cat\\\/imatgesperinterrogarelmon\\\/2023\\\/07\\\/19\\\/interrogar-el-panic-o-com-inventar-pedagogies-contra-la-fi-del-mon-2\\\/\",\"url\":\"https:\\\/\\\/diarieducacio.cat\\\/imatgesperinterrogarelmon\\\/2023\\\/07\\\/19\\\/interrogar-el-panic-o-com-inventar-pedagogies-contra-la-fi-del-mon-2\\\/\",\"name\":\"Interrogar el p\u00e0nic o com inventar pedagogies contra la fi del m\u00f3n - Imatges per interrogar el m\u00f3n\",\"isPartOf\":{\"@id\":\"https:\\\/\\\/diarieducacio.cat\\\/imatgesperinterrogarelmon\\\/#website\"},\"primaryImageOfPage\":{\"@id\":\"https:\\\/\\\/diarieducacio.cat\\\/imatgesperinterrogarelmon\\\/2023\\\/07\\\/19\\\/interrogar-el-panic-o-com-inventar-pedagogies-contra-la-fi-del-mon-2\\\/#primaryimage\"},\"image\":{\"@id\":\"https:\\\/\\\/diarieducacio.cat\\\/imatgesperinterrogarelmon\\\/2023\\\/07\\\/19\\\/interrogar-el-panic-o-com-inventar-pedagogies-contra-la-fi-del-mon-2\\\/#primaryimage\"},\"thumbnailUrl\":\"https:\\\/\\\/diarieducacio.cat\\\/imatgesperinterrogarelmon\\\/wp-content\\\/uploads\\\/sites\\\/32\\\/2023\\\/07\\\/Farrucas.jpeg\",\"datePublished\":\"2023-07-19T07:35:06+00:00\",\"dateModified\":\"2024-05-13T16:53:27+00:00\",\"author\":{\"@id\":\"https:\\\/\\\/diarieducacio.cat\\\/imatgesperinterrogarelmon\\\/#\\\/schema\\\/person\\\/408c0d884b435149b30c48348205d713\"},\"breadcrumb\":{\"@id\":\"https:\\\/\\\/diarieducacio.cat\\\/imatgesperinterrogarelmon\\\/2023\\\/07\\\/19\\\/interrogar-el-panic-o-com-inventar-pedagogies-contra-la-fi-del-mon-2\\\/#breadcrumb\"},\"inLanguage\":\"ca\",\"potentialAction\":[{\"@type\":\"ReadAction\",\"target\":[\"https:\\\/\\\/diarieducacio.cat\\\/imatgesperinterrogarelmon\\\/2023\\\/07\\\/19\\\/interrogar-el-panic-o-com-inventar-pedagogies-contra-la-fi-del-mon-2\\\/\"]}]},{\"@type\":\"ImageObject\",\"inLanguage\":\"ca\",\"@id\":\"https:\\\/\\\/diarieducacio.cat\\\/imatgesperinterrogarelmon\\\/2023\\\/07\\\/19\\\/interrogar-el-panic-o-com-inventar-pedagogies-contra-la-fi-del-mon-2\\\/#primaryimage\",\"url\":\"https:\\\/\\\/diarieducacio.cat\\\/imatgesperinterrogarelmon\\\/wp-content\\\/uploads\\\/sites\\\/32\\\/2023\\\/07\\\/Farrucas.jpeg\",\"contentUrl\":\"https:\\\/\\\/diarieducacio.cat\\\/imatgesperinterrogarelmon\\\/wp-content\\\/uploads\\\/sites\\\/32\\\/2023\\\/07\\\/Farrucas.jpeg\",\"width\":900,\"height\":580,\"caption\":\"Fotograma de \\\"Farrucas\\\", Ian de la Rosa, 2021\"},{\"@type\":\"BreadcrumbList\",\"@id\":\"https:\\\/\\\/diarieducacio.cat\\\/imatgesperinterrogarelmon\\\/2023\\\/07\\\/19\\\/interrogar-el-panic-o-com-inventar-pedagogies-contra-la-fi-del-mon-2\\\/#breadcrumb\",\"itemListElement\":[{\"@type\":\"ListItem\",\"position\":1,\"name\":\"Inici\",\"item\":\"https:\\\/\\\/diarieducacio.cat\\\/imatgesperinterrogarelmon\\\/\"},{\"@type\":\"ListItem\",\"position\":2,\"name\":\"Interrogar el p\u00e0nic o com inventar pedagogies contra la fi del m\u00f3n\"}]},{\"@type\":\"WebSite\",\"@id\":\"https:\\\/\\\/diarieducacio.cat\\\/imatgesperinterrogarelmon\\\/#website\",\"url\":\"https:\\\/\\\/diarieducacio.cat\\\/imatgesperinterrogarelmon\\\/\",\"name\":\"Imatges per interrogar el m\u00f3n\",\"description\":\"Un blog de El Diari de l&#039;Educaci\u00f3\",\"potentialAction\":[{\"@type\":\"SearchAction\",\"target\":{\"@type\":\"EntryPoint\",\"urlTemplate\":\"https:\\\/\\\/diarieducacio.cat\\\/imatgesperinterrogarelmon\\\/?s={search_term_string}\"},\"query-input\":{\"@type\":\"PropertyValueSpecification\",\"valueRequired\":true,\"valueName\":\"search_term_string\"}}],\"inLanguage\":\"ca\"},{\"@type\":\"Person\",\"@id\":\"https:\\\/\\\/diarieducacio.cat\\\/imatgesperinterrogarelmon\\\/#\\\/schema\\\/person\\\/408c0d884b435149b30c48348205d713\",\"name\":\"Raquel Marques\",\"image\":{\"@type\":\"ImageObject\",\"inLanguage\":\"ca\",\"@id\":\"https:\\\/\\\/diarieducacio.cat\\\/imatgesperinterrogarelmon\\\/wp-content\\\/uploads\\\/sites\\\/32\\\/2025\\\/12\\\/raquel-marques_avatar-96x96.jpg\",\"url\":\"https:\\\/\\\/diarieducacio.cat\\\/imatgesperinterrogarelmon\\\/wp-content\\\/uploads\\\/sites\\\/32\\\/2025\\\/12\\\/raquel-marques_avatar-96x96.jpg\",\"contentUrl\":\"https:\\\/\\\/diarieducacio.cat\\\/imatgesperinterrogarelmon\\\/wp-content\\\/uploads\\\/sites\\\/32\\\/2025\\\/12\\\/raquel-marques_avatar-96x96.jpg\",\"caption\":\"Raquel Marques\"},\"url\":\"https:\\\/\\\/diarieducacio.cat\\\/imatgesperinterrogarelmon\\\/author\\\/rmarques\\\/\"}]}<\/script>\n<!-- \/ Yoast SEO plugin. -->","yoast_head_json":{"title":"Interrogar el p\u00e0nic o com inventar pedagogies contra la fi del m\u00f3n - Imatges per interrogar el m\u00f3n","robots":{"index":"index","follow":"follow","max-snippet":"max-snippet:-1","max-image-preview":"max-image-preview:large","max-video-preview":"max-video-preview:-1"},"canonical":"https:\/\/diarieducacio.cat\/imatgesperinterrogarelmon\/2023\/07\/19\/interrogar-el-panic-o-com-inventar-pedagogies-contra-la-fi-del-mon-2\/","og_locale":"ca_ES","og_type":"article","og_title":"Interrogar el p\u00e0nic o com inventar pedagogies contra la fi del m\u00f3n - Imatges per interrogar el m\u00f3n","og_description":"Entre pel\u00b7l\u00edcules que anuncien el final del m\u00f3n per cat\u00e0strofes \"naturals\", discursos pol\u00edtics que neguen el canvi clim\u00e0tic, s\u00e8ries que projecten vides dominades pel control social, lones que llencen a les escombraries els canvis socials dels \u00faltims anys, quines s\u00f3n les imatges que necessitem per imaginar el futur com alguna cosa desitjable?","og_url":"https:\/\/diarieducacio.cat\/imatgesperinterrogarelmon\/2023\/07\/19\/interrogar-el-panic-o-com-inventar-pedagogies-contra-la-fi-del-mon-2\/","og_site_name":"Imatges per interrogar el m\u00f3n","article_publisher":"https:\/\/www.facebook.com\/diarieducacio\/","article_published_time":"2023-07-19T07:35:06+00:00","article_modified_time":"2024-05-13T16:53:27+00:00","og_image":[{"width":900,"height":580,"url":"https:\/\/diarieducacio.cat\/imatgesperinterrogarelmon\/wp-content\/uploads\/sites\/32\/2023\/07\/Farrucas.jpeg","type":"image\/jpeg"}],"author":"Raquel Marques","twitter_card":"summary_large_image","twitter_creator":"@DiariEducacio","twitter_site":"@DiariEducacio","twitter_misc":{"Escrit per":"Raquel Marques","Temps estimat de lectura":"7 minuts"},"schema":{"@context":"https:\/\/schema.org","@graph":[{"@type":"Article","@id":"https:\/\/diarieducacio.cat\/imatgesperinterrogarelmon\/2023\/07\/19\/interrogar-el-panic-o-com-inventar-pedagogies-contra-la-fi-del-mon-2\/#article","isPartOf":{"@id":"https:\/\/diarieducacio.cat\/imatgesperinterrogarelmon\/2023\/07\/19\/interrogar-el-panic-o-com-inventar-pedagogies-contra-la-fi-del-mon-2\/"},"author":{"name":"Raquel Marques","@id":"https:\/\/diarieducacio.cat\/imatgesperinterrogarelmon\/#\/schema\/person\/408c0d884b435149b30c48348205d713"},"headline":"Interrogar el p\u00e0nic o com inventar pedagogies contra la fi del m\u00f3n","datePublished":"2023-07-19T07:35:06+00:00","dateModified":"2024-05-13T16:53:27+00:00","mainEntityOfPage":{"@id":"https:\/\/diarieducacio.cat\/imatgesperinterrogarelmon\/2023\/07\/19\/interrogar-el-panic-o-com-inventar-pedagogies-contra-la-fi-del-mon-2\/"},"wordCount":1447,"commentCount":0,"image":{"@id":"https:\/\/diarieducacio.cat\/imatgesperinterrogarelmon\/2023\/07\/19\/interrogar-el-panic-o-com-inventar-pedagogies-contra-la-fi-del-mon-2\/#primaryimage"},"thumbnailUrl":"https:\/\/diarieducacio.cat\/imatgesperinterrogarelmon\/wp-content\/uploads\/sites\/32\/2023\/07\/Farrucas.jpeg","articleSection":["Audiovisual","Cinema","Cultura de pau","Educaci\u00f3 en valors","Feminismes","General","Perspectiva de g\u00e8nere"],"inLanguage":"ca","potentialAction":[{"@type":"CommentAction","name":"Comment","target":["https:\/\/diarieducacio.cat\/imatgesperinterrogarelmon\/2023\/07\/19\/interrogar-el-panic-o-com-inventar-pedagogies-contra-la-fi-del-mon-2\/#respond"]}]},{"@type":"WebPage","@id":"https:\/\/diarieducacio.cat\/imatgesperinterrogarelmon\/2023\/07\/19\/interrogar-el-panic-o-com-inventar-pedagogies-contra-la-fi-del-mon-2\/","url":"https:\/\/diarieducacio.cat\/imatgesperinterrogarelmon\/2023\/07\/19\/interrogar-el-panic-o-com-inventar-pedagogies-contra-la-fi-del-mon-2\/","name":"Interrogar el p\u00e0nic o com inventar pedagogies contra la fi del m\u00f3n - Imatges per interrogar el m\u00f3n","isPartOf":{"@id":"https:\/\/diarieducacio.cat\/imatgesperinterrogarelmon\/#website"},"primaryImageOfPage":{"@id":"https:\/\/diarieducacio.cat\/imatgesperinterrogarelmon\/2023\/07\/19\/interrogar-el-panic-o-com-inventar-pedagogies-contra-la-fi-del-mon-2\/#primaryimage"},"image":{"@id":"https:\/\/diarieducacio.cat\/imatgesperinterrogarelmon\/2023\/07\/19\/interrogar-el-panic-o-com-inventar-pedagogies-contra-la-fi-del-mon-2\/#primaryimage"},"thumbnailUrl":"https:\/\/diarieducacio.cat\/imatgesperinterrogarelmon\/wp-content\/uploads\/sites\/32\/2023\/07\/Farrucas.jpeg","datePublished":"2023-07-19T07:35:06+00:00","dateModified":"2024-05-13T16:53:27+00:00","author":{"@id":"https:\/\/diarieducacio.cat\/imatgesperinterrogarelmon\/#\/schema\/person\/408c0d884b435149b30c48348205d713"},"breadcrumb":{"@id":"https:\/\/diarieducacio.cat\/imatgesperinterrogarelmon\/2023\/07\/19\/interrogar-el-panic-o-com-inventar-pedagogies-contra-la-fi-del-mon-2\/#breadcrumb"},"inLanguage":"ca","potentialAction":[{"@type":"ReadAction","target":["https:\/\/diarieducacio.cat\/imatgesperinterrogarelmon\/2023\/07\/19\/interrogar-el-panic-o-com-inventar-pedagogies-contra-la-fi-del-mon-2\/"]}]},{"@type":"ImageObject","inLanguage":"ca","@id":"https:\/\/diarieducacio.cat\/imatgesperinterrogarelmon\/2023\/07\/19\/interrogar-el-panic-o-com-inventar-pedagogies-contra-la-fi-del-mon-2\/#primaryimage","url":"https:\/\/diarieducacio.cat\/imatgesperinterrogarelmon\/wp-content\/uploads\/sites\/32\/2023\/07\/Farrucas.jpeg","contentUrl":"https:\/\/diarieducacio.cat\/imatgesperinterrogarelmon\/wp-content\/uploads\/sites\/32\/2023\/07\/Farrucas.jpeg","width":900,"height":580,"caption":"Fotograma de \"Farrucas\", Ian de la Rosa, 2021"},{"@type":"BreadcrumbList","@id":"https:\/\/diarieducacio.cat\/imatgesperinterrogarelmon\/2023\/07\/19\/interrogar-el-panic-o-com-inventar-pedagogies-contra-la-fi-del-mon-2\/#breadcrumb","itemListElement":[{"@type":"ListItem","position":1,"name":"Inici","item":"https:\/\/diarieducacio.cat\/imatgesperinterrogarelmon\/"},{"@type":"ListItem","position":2,"name":"Interrogar el p\u00e0nic o com inventar pedagogies contra la fi del m\u00f3n"}]},{"@type":"WebSite","@id":"https:\/\/diarieducacio.cat\/imatgesperinterrogarelmon\/#website","url":"https:\/\/diarieducacio.cat\/imatgesperinterrogarelmon\/","name":"Imatges per interrogar el m\u00f3n","description":"Un blog de El Diari de l&#039;Educaci\u00f3","potentialAction":[{"@type":"SearchAction","target":{"@type":"EntryPoint","urlTemplate":"https:\/\/diarieducacio.cat\/imatgesperinterrogarelmon\/?s={search_term_string}"},"query-input":{"@type":"PropertyValueSpecification","valueRequired":true,"valueName":"search_term_string"}}],"inLanguage":"ca"},{"@type":"Person","@id":"https:\/\/diarieducacio.cat\/imatgesperinterrogarelmon\/#\/schema\/person\/408c0d884b435149b30c48348205d713","name":"Raquel Marques","image":{"@type":"ImageObject","inLanguage":"ca","@id":"https:\/\/diarieducacio.cat\/imatgesperinterrogarelmon\/wp-content\/uploads\/sites\/32\/2025\/12\/raquel-marques_avatar-96x96.jpg","url":"https:\/\/diarieducacio.cat\/imatgesperinterrogarelmon\/wp-content\/uploads\/sites\/32\/2025\/12\/raquel-marques_avatar-96x96.jpg","contentUrl":"https:\/\/diarieducacio.cat\/imatgesperinterrogarelmon\/wp-content\/uploads\/sites\/32\/2025\/12\/raquel-marques_avatar-96x96.jpg","caption":"Raquel Marques"},"url":"https:\/\/diarieducacio.cat\/imatgesperinterrogarelmon\/author\/rmarques\/"}]}},"_links":{"self":[{"href":"https:\/\/diarieducacio.cat\/imatgesperinterrogarelmon\/wp-json\/wp\/v2\/posts\/1865","targetHints":{"allow":["GET"]}}],"collection":[{"href":"https:\/\/diarieducacio.cat\/imatgesperinterrogarelmon\/wp-json\/wp\/v2\/posts"}],"about":[{"href":"https:\/\/diarieducacio.cat\/imatgesperinterrogarelmon\/wp-json\/wp\/v2\/types\/post"}],"author":[{"embeddable":true,"href":"https:\/\/diarieducacio.cat\/imatgesperinterrogarelmon\/wp-json\/wp\/v2\/users\/614"}],"replies":[{"embeddable":true,"href":"https:\/\/diarieducacio.cat\/imatgesperinterrogarelmon\/wp-json\/wp\/v2\/comments?post=1865"}],"version-history":[{"count":1,"href":"https:\/\/diarieducacio.cat\/imatgesperinterrogarelmon\/wp-json\/wp\/v2\/posts\/1865\/revisions"}],"predecessor-version":[{"id":1879,"href":"https:\/\/diarieducacio.cat\/imatgesperinterrogarelmon\/wp-json\/wp\/v2\/posts\/1865\/revisions\/1879"}],"wp:featuredmedia":[{"embeddable":true,"href":"https:\/\/diarieducacio.cat\/imatgesperinterrogarelmon\/wp-json\/wp\/v2\/media\/301"}],"wp:attachment":[{"href":"https:\/\/diarieducacio.cat\/imatgesperinterrogarelmon\/wp-json\/wp\/v2\/media?parent=1865"}],"wp:term":[{"taxonomy":"category","embeddable":true,"href":"https:\/\/diarieducacio.cat\/imatgesperinterrogarelmon\/wp-json\/wp\/v2\/categories?post=1865"},{"taxonomy":"post_tag","embeddable":true,"href":"https:\/\/diarieducacio.cat\/imatgesperinterrogarelmon\/wp-json\/wp\/v2\/tags?post=1865"},{"taxonomy":"tipo","embeddable":true,"href":"https:\/\/diarieducacio.cat\/imatgesperinterrogarelmon\/wp-json\/wp\/v2\/tipo?post=1865"}],"curies":[{"name":"wp","href":"https:\/\/api.w.org\/{rel}","templated":true}]}}