{"id":2078,"date":"2026-04-28T10:13:52","date_gmt":"2026-04-28T08:13:52","guid":{"rendered":"https:\/\/diarieducacio.cat\/imatgesperinterrogarelmon\/?p=2078"},"modified":"2026-04-28T10:15:56","modified_gmt":"2026-04-28T08:15:56","slug":"cinema-a-la-primera-infancia","status":"publish","type":"post","link":"https:\/\/diarieducacio.cat\/imatgesperinterrogarelmon\/2026\/04\/28\/cinema-a-la-primera-infancia\/","title":{"rendered":"Cinema a la primera inf\u00e0ncia"},"content":{"rendered":"\n<p>Vivim en un moment altament visual. Les imatges en moviment formen part de la nostra quotidianitat apareixent en m\u00faltiples pantalles: tel\u00e8fons m\u00f2bils, ordinadors, rellotges intel\u00b7ligents, tauletes o televisors, entre d\u2019altres. L\u2019hiperpantallitzaci\u00f3 de la realitat afecta tots els sectors de la poblaci\u00f3 a diversos nivells, per\u00f2 \u00e9s en la primera inf\u00e0ncia (0-6 anys) on genera m\u00e9s preocupaci\u00f3 pels efectes adversos pel que fa a la salut, l\u2019atenci\u00f3 i les formes de conviv\u00e8ncia, en una etapa clau del desenvolupament cognitiu.<\/p>\n\n\n\n<p>El debat sobre en quin moment les pantalles \u2014i, per extensi\u00f3, l\u2019audiovisual i el cinema\u2014 han d\u2019arribar als infants continua obert. Massa sovint, per\u00f2, la q\u00fcesti\u00f3 es planteja en termes binaris: pantalles s\u00ed o pantalles no. Per aix\u00f2 cal preguntar-nos: \u00e9s o ha de ser aquest, el punt de partida essencial? Aquesta polaritzaci\u00f3 sovint deixa poc espai per a una reflexi\u00f3 m\u00e9s matisada sobre el paper que les imatges en moviment poden tenir en l\u2019experi\u00e8ncia cultural i educativa dels infants.<\/p>\n\n\n\n<p>En aquest context, el potencial pedag\u00f2gic i imaginatiu del cinema corre el risc de quedar dilu\u00eft dins la l\u00f2gica del consum accelerat d\u2019imatges: continguts breus, moviment constant, colors intensos, veus estridents, m\u00fasiques trepidants&#8230; Diferents estrat\u00e8gies que busquen ser estimulants i que fomenten una recepci\u00f3 passiva. Tanmateix, cal recordar que sempre ha existit un petit oasi. Un tipus de cinema i uns espais f\u00edsics de resist\u00e8ncia \u2014sales petites, filmoteques, festivals minoritaris o aules educatives\u2014 on l\u2019art cinematogr\u00e0fic esdev\u00e9 una experi\u00e8ncia de descoberta, de reflexi\u00f3 i de sensibilitat. Un oasi que no dicta significats tancats, sin\u00f3 que obre preguntes; que fa del cinema un fet col\u00b7lectiu, cr\u00edtic i transformador.<\/p>\n\n\n\n<p>La q\u00fcesti\u00f3, potser, no rau a veure o no veure imatges en moviment, sin\u00f3 en qu\u00e8 mirem i, sobretot, en com aprenem a mirar des de petits. Qu\u00e8 visionem? Sobre quines pantalles? En quines condicions? Amb quin acompanyament? \u00c9s en aquest punt on el di\u00e0leg esdev\u00e9 central.<\/p>\n\n\n\n<h2 class=\"wp-block-heading\">Com i on mirem?<\/h2>\n\n\n\n<p>\u00c9s interessant establir una analogia entre la inf\u00e0ncia i els inicis del cinema: ambdues s\u00f3n etapes marcades pel joc i l\u2019experimentaci\u00f3, pel plaer de la descoberta i la fascinaci\u00f3 visual. Les primeres pel\u00b7l\u00edcules de la hist\u00f2ria eren curtes, mudes i juganeres, amb una estructura narrativa senzilla, i tractaven temes atemporals com l\u2019amistat, la vida quotidiana, la sorpresa, l\u2019amor o les pors. Un bon exemple \u00e9s <em>Pierrette\u2019s Escapades<\/em> (1900), de la pionera Alice Guy-Blach\u00e9, a qui li devem, entre altres aportacions, algunes de les primeres pel\u00b7l\u00edcules que incorporen la narrativa al cinema.<\/p>\n\n\n<div class=\"wp-block-image\">\n<figure class=\"aligncenter size-full\"><img fetchpriority=\"high\" decoding=\"async\" width=\"500\" height=\"379\" src=\"https:\/\/diarieducacio.cat\/imatgesperinterrogarelmon\/wp-content\/uploads\/sites\/32\/2026\/04\/pierretes.gif\" alt=\"\" class=\"wp-image-2081\"\/><figcaption class=\"wp-element-caption\">Fotograma de la pel\u00b7l\u00edcula \u201cPierrette\u2019s Escapades (1900)\u201d d\u2019Alice Guy-Blach\u00e9, 1900<\/figcaption><\/figure>\n<\/div>\n\n\n<p>Segurament, la fascinaci\u00f3 de les primeres persones que veieren una pel\u00b7l\u00edcula s\u2019assimila a la dels infants que miren un film per primera vegada, per\u00f2 la manera com ocorre, en la majoria dels casos, \u00e9s ben diferent: en pantalles individuals \u2014com tel\u00e8fons m\u00f2bils o tauletes\u2014 i de manera solit\u00e0ria, sovint sense un sentit ni una transcend\u00e8ncia concreta, com una forma d\u2019omplir el temps buit, un entreteniment passiu.<\/p>\n\n\n\n<p>En canvi, als inicis del cinema, les projeccions combinaven diverses pel\u00b7l\u00edcules dins d\u2019altres espectacles en fires o teatres de varietats. Com que els films eren muts, hi havia m\u00fasica en directe i persones narradores que acompanyaven la projecci\u00f3. Els comentaris, les rialles i les reaccions del p\u00fablic formaven part del gaudi cinematogr\u00e0fic, convertint el fet de mirar en un acte viu i participatiu, tota una experi\u00e8ncia.<\/p>\n\n\n\n<p>La import\u00e0ncia rau a entendre que mirar pot ser \u2013i ha de ser\u2014 un acte col\u00b7lectiu, i que existeix un espai bombolla dedicat exclusivament a mirar una sola pantalla en comunitat, idoni per afavorir aquesta mirada: la sala de cinema. Encara m\u00e9s, en aquests petits oasis dels quals parl\u00e0vem, es treballa des de fa anys per acompanyar les pel\u00b7l\u00edcules amb mediadores, activitats complement\u00e0ries, dossiers pedag\u00f2gics, propostes teatrals, jocs\u2026 Amb la convicci\u00f3 que ritualitzar el fet d\u2019anar al cinema \u00e9s necessari i \u00fatil.<\/p>\n\n\n\n<p>La problematitzaci\u00f3 de les pantalles a la inf\u00e0ncia no hauria de tenir com a objectiu l\u2019eliminaci\u00f3 total i absoluta d\u2019aquestes, sin\u00f3 que hauria de poder fer una distinci\u00f3 especial per a la gran pantalla. La sala de cinema \u00e9s un espai que conv\u00e9 redescobrir, reivindicar i fomentar per tot el que pot oferir, entenent-la com una eina indispensable pel despertar cultural i emocional dels infants.<\/p>\n\n\n\n<p>Com que l\u2019escola \u00e9s un dels espais m\u00e9s importants per al desenvolupament durant els primers anys de vida, juga un paper clau en aquesta tasca. Sovint, per\u00f2, sorgeix la pregunta: com utilitzem les pantalles a l\u2019aula d\u2019una manera responsable i pedag\u00f2gica en la primera inf\u00e0ncia? Una possible resposta seria usant-les com la gran pantalla de cinema, portant el cinema a l\u2019escola (quan no \u00e9s possible portar l\u2019escola al cinema), transmutant les aules en petites sales cinematogr\u00e0fiques, tal com succeeix en altres disciplines art\u00edstiques, com amb l\u2019obra de dansa <em>Cometa<\/em> (2021) de Roser L\u00f3pez Espinosa.<\/p>\n\n\n\n<figure class=\"wp-block-image size-full\"><img decoding=\"async\" width=\"709\" height=\"199\" src=\"https:\/\/diarieducacio.cat\/imatgesperinterrogarelmon\/wp-content\/uploads\/sites\/32\/2026\/04\/testscreeningcollage.png\" alt=\"\" class=\"wp-image-2089\" srcset=\"https:\/\/diarieducacio.cat\/imatgesperinterrogarelmon\/wp-content\/uploads\/sites\/32\/2026\/04\/testscreeningcollage.png 709w, https:\/\/diarieducacio.cat\/imatgesperinterrogarelmon\/wp-content\/uploads\/sites\/32\/2026\/04\/testscreeningcollage-300x84.png 300w, https:\/\/diarieducacio.cat\/imatgesperinterrogarelmon\/wp-content\/uploads\/sites\/32\/2026\/04\/testscreeningcollage-150x42.png 150w, https:\/\/diarieducacio.cat\/imatgesperinterrogarelmon\/wp-content\/uploads\/sites\/32\/2026\/04\/testscreeningcollage-450x126.png 450w\" sizes=\"(max-width: 709px) 100vw, 709px\" \/><figcaption class=\"wp-element-caption\">Fotografies d\u2019una sessi\u00f3 cinematogr\u00e0fica de Drac M\u00e0gic dins una aula a l\u2019Escola Marius Torres, Hospitalet de Llobregat<\/figcaption><\/figure>\n\n\n\n<p>Qu\u00e8 mirem? Tant d\u2019important \u00e9s com mirem, com qu\u00e8 mirem durant la primera inf\u00e0ncia. Per aquest motiu, els continguts f\u00edlmics han d\u2019estar alineats amb aquesta franja d\u2019edat, aix\u00ed com amb el proc\u00e9s evolutiu i l\u2019experi\u00e8ncia vital de cada infant. \u00c9s important que les primeres experi\u00e8ncies cinematogr\u00e0fiques es donin amb films amb una narrativa senzilla i clara, i amb temes propers a la viv\u00e8ncia dels infants com: l\u2019amistat, els sentiments, la fam\u00edlia, o la curiositat. Amb valors que afavoreixin una comprensi\u00f3 del m\u00f3n des de la rellev\u00e0ncia dels vincles, l\u2019empatia i la col\u00b7laboraci\u00f3 entre les persones, o la relaci\u00f3 amb l\u2019entorn, entre d\u2019altres. Comptant amb un ritme tranquil \u2014moviments pausats, m\u00fasiques serenes, espais per la reflexi\u00f3\u2014 i una narrativa segura, \u00e9s a dir, amb abs\u00e8ncia de llenguatge malsonant, viol\u00e8ncia o escenes que puguin generar por, ansietat o inquietud. Construint, sempre, espais d\u2019acompanyament i di\u00e0leg.<\/p>\n\n\n\n<p>Encara m\u00e9s, hem de poder demanar a aquestes pel\u00b7l\u00edcules que siguin diverses, tant pel que fa a l\u2019est\u00e8tica com a la narrativa i la representaci\u00f3. \u00c9s a dir, que hi apareguin diferents tipus de cossos, diferents identitats de g\u00e8nere i models familiars, aix\u00ed com altres cultures i or\u00edgens, per ajudar-nos a construir imaginaris diversos que activin i enriqueixin la mirada dels infants envers el m\u00f3n. Tal com assenyalaven Marta Selva i Anna Sol\u00e0 en un espai de formaci\u00f3 i conversa sobre l\u2019evoluci\u00f3 de la Cooperativa Drac M\u00e0gic, parafrasejant Eul\u00e0lia Balcells, pel\u00b7l\u00edcules que contribueixin al \u201creencantament del m\u00f3n\u201d.<\/p>\n\n\n\n<p>I \u00e9s que hi ha obres que ens recorden el que es pot aprendre mirant, com el necessari i no caduc <em>Ten minutes older<\/em> (1978) de Herz Frank, en qu\u00e8 contemplem durant deu minuts el joi\u00f3s embadaliment d\u2019un infant que observa, viva\u00e7ment, una obra de teatre. La seva cara esdev\u00e9 un clar reflex de la necessitat de mirar atentament i de manera conjunta. Del fet de posar-nos a la pell dels altres, de reflexionar, assimilar, descodificar, crear connexions, deixar volar la imaginaci\u00f3 i emocionar-nos.<\/p>\n\n\n\n<figure class=\"wp-block-image size-large\"><img decoding=\"async\" width=\"1024\" height=\"411\" src=\"https:\/\/diarieducacio.cat\/imatgesperinterrogarelmon\/wp-content\/uploads\/sites\/32\/2026\/04\/tenminutescollage-1024x411.jpg\" alt=\"\" class=\"wp-image-2090\" srcset=\"https:\/\/diarieducacio.cat\/imatgesperinterrogarelmon\/wp-content\/uploads\/sites\/32\/2026\/04\/tenminutescollage-1024x411.jpg 1024w, https:\/\/diarieducacio.cat\/imatgesperinterrogarelmon\/wp-content\/uploads\/sites\/32\/2026\/04\/tenminutescollage-300x120.jpg 300w, https:\/\/diarieducacio.cat\/imatgesperinterrogarelmon\/wp-content\/uploads\/sites\/32\/2026\/04\/tenminutescollage-768x308.jpg 768w, https:\/\/diarieducacio.cat\/imatgesperinterrogarelmon\/wp-content\/uploads\/sites\/32\/2026\/04\/tenminutescollage-1536x616.jpg 1536w, https:\/\/diarieducacio.cat\/imatgesperinterrogarelmon\/wp-content\/uploads\/sites\/32\/2026\/04\/tenminutescollage-2048x822.jpg 2048w, https:\/\/diarieducacio.cat\/imatgesperinterrogarelmon\/wp-content\/uploads\/sites\/32\/2026\/04\/tenminutescollage-150x60.jpg 150w, https:\/\/diarieducacio.cat\/imatgesperinterrogarelmon\/wp-content\/uploads\/sites\/32\/2026\/04\/tenminutescollage-450x181.jpg 450w, https:\/\/diarieducacio.cat\/imatgesperinterrogarelmon\/wp-content\/uploads\/sites\/32\/2026\/04\/tenminutescollage-1200x482.jpg 1200w\" sizes=\"(max-width: 1024px) 100vw, 1024px\" \/><figcaption class=\"wp-element-caption\">Fotogrames de Ten minutes older (1978) de Herz Frank<\/figcaption><\/figure>\n\n\n\n<p>Segurament necessitem llegir m\u00e9s novel\u00b7les, per\u00f2 tamb\u00e9 mirar m\u00e9s pel\u00b7l\u00edcules i recordar-nos que la nostra experi\u00e8ncia al m\u00f3n no \u00e9s \u00fanica. Necessitem veure\u2019ns reflectits a les pantalles: les nostres pors i alegries, preocupacions, conflictes, com un espai per buscar alternatives i imaginar nous futurs possibles.<\/p>\n\n\n\n<p>Per tot aix\u00f2, en un moment tan visual, \u00e9s necessari reivindicar la import\u00e0ncia de les sales de cinema i les pel\u00b7l\u00edcules de qualitat a la primera inf\u00e0ncia. En un intent de fer participar \u2014d\u2019una manera responsable, plaent i pedag\u00f2gica\u2014 el cinema en el creixement de les persones. Un cinema que pugui ser progressiu a mesura que creixem, que sigui el nostre company al llarg de la vida.<\/p>\n\n\n\n<p><\/p>\n","protected":false},"excerpt":{"rendered":"<p>Vivim en un moment altament visual. Les imatges en moviment formen part de la nostra quotidianitat apareixent en m\u00faltiples pantalles: tel\u00e8fons m\u00f2bils, ordinadors, rellotges intel\u00b7ligents, tauletes o televisors, entre d\u2019altres. L\u2019hiperpantallitzaci\u00f3 de la realitat afecta tots els sectors de la poblaci\u00f3 a diversos nivells, per\u00f2 \u00e9s en la primera inf\u00e0ncia (0-6 anys) on genera m\u00e9s<\/p>\n","protected":false},"author":2226,"featured_media":2080,"comment_status":"open","ping_status":"open","sticky":false,"template":"","format":"standard","meta":{"footnotes":""},"categories":[98,99,102,2,105],"tags":[119],"tipo":[124],"class_list":{"0":"post-2078","1":"post","2":"type-post","3":"status-publish","4":"format-standard","5":"has-post-thumbnail","7":"category-audiovisual","8":"category-cinema","9":"category-educacio-en-valors","10":"category-general","11":"category-perspectiva-de-genere","12":"tag-cinema","13":"tipo-analisi"},"yoast_head":"<!-- This site is optimized with the Yoast SEO plugin v27.4 - https:\/\/yoast.com\/product\/yoast-seo-wordpress\/ -->\n<title>Cinema a la primera inf\u00e0ncia - Imatges per interrogar el m\u00f3n<\/title>\n<meta name=\"description\" content=\"El debat sobre en quin moment les pantalles \u2014i, per extensi\u00f3, l\u2019audiovisual i el cinema\u2014 han d\u2019arribar als infants continua obert. Massa sovint, per\u00f2, la q\u00fcesti\u00f3 es planteja en termes binaris: pantalles s\u00ed o pantalles no. Per aix\u00f2 cal preguntar-nos: \u00e9s o ha de ser aquest, el punt de partida essencial?\" \/>\n<meta name=\"robots\" content=\"index, follow, max-snippet:-1, max-image-preview:large, max-video-preview:-1\" \/>\n<link rel=\"canonical\" href=\"https:\/\/diarieducacio.cat\/imatgesperinterrogarelmon\/2026\/04\/28\/cinema-a-la-primera-infancia\/\" \/>\n<meta property=\"og:locale\" content=\"ca_ES\" \/>\n<meta property=\"og:type\" content=\"article\" \/>\n<meta property=\"og:title\" content=\"Cinema a la primera inf\u00e0ncia - Imatges per interrogar el m\u00f3n\" \/>\n<meta property=\"og:description\" content=\"El debat sobre en quin moment les pantalles \u2014i, per extensi\u00f3, l\u2019audiovisual i el cinema\u2014 han d\u2019arribar als infants continua obert. Massa sovint, per\u00f2, la q\u00fcesti\u00f3 es planteja en termes binaris: pantalles s\u00ed o pantalles no. Per aix\u00f2 cal preguntar-nos: \u00e9s o ha de ser aquest, el punt de partida essencial?\" \/>\n<meta property=\"og:url\" content=\"https:\/\/diarieducacio.cat\/imatgesperinterrogarelmon\/2026\/04\/28\/cinema-a-la-primera-infancia\/\" \/>\n<meta property=\"og:site_name\" content=\"Imatges per interrogar el m\u00f3n\" \/>\n<meta property=\"article:publisher\" content=\"https:\/\/www.facebook.com\/diarieducacio\/\" \/>\n<meta property=\"article:published_time\" content=\"2026-04-28T08:13:52+00:00\" \/>\n<meta property=\"article:modified_time\" content=\"2026-04-28T08:15:56+00:00\" \/>\n<meta property=\"og:image\" content=\"https:\/\/diarieducacio.cat\/imatgesperinterrogarelmon\/wp-content\/uploads\/sites\/32\/2026\/04\/oasis_MarionJamault.jpg\" \/>\n\t<meta property=\"og:image:width\" content=\"2560\" \/>\n\t<meta property=\"og:image:height\" content=\"1434\" \/>\n\t<meta property=\"og:image:type\" content=\"image\/jpeg\" \/>\n<meta name=\"author\" content=\"Ainara Revuelta\" \/>\n<meta name=\"twitter:card\" content=\"summary_large_image\" \/>\n<meta name=\"twitter:creator\" content=\"@DiariEducacio\" \/>\n<meta name=\"twitter:site\" content=\"@DiariEducacio\" \/>\n<meta name=\"twitter:label1\" content=\"Escrit per\" \/>\n\t<meta name=\"twitter:data1\" content=\"Ainara Revuelta\" \/>\n\t<meta name=\"twitter:label2\" content=\"Temps estimat de lectura\" \/>\n\t<meta name=\"twitter:data2\" content=\"8 minuts\" \/>\n<script type=\"application\/ld+json\" class=\"yoast-schema-graph\">{\"@context\":\"https:\\\/\\\/schema.org\",\"@graph\":[{\"@type\":\"Article\",\"@id\":\"https:\\\/\\\/diarieducacio.cat\\\/imatgesperinterrogarelmon\\\/2026\\\/04\\\/28\\\/cinema-a-la-primera-infancia\\\/#article\",\"isPartOf\":{\"@id\":\"https:\\\/\\\/diarieducacio.cat\\\/imatgesperinterrogarelmon\\\/2026\\\/04\\\/28\\\/cinema-a-la-primera-infancia\\\/\"},\"author\":{\"name\":\"Ainara Revuelta\",\"@id\":\"https:\\\/\\\/diarieducacio.cat\\\/imatgesperinterrogarelmon\\\/#\\\/schema\\\/person\\\/bcb5f5260d01b1f6e395882e438696fd\"},\"headline\":\"Cinema a la primera inf\u00e0ncia\",\"datePublished\":\"2026-04-28T08:13:52+00:00\",\"dateModified\":\"2026-04-28T08:15:56+00:00\",\"mainEntityOfPage\":{\"@id\":\"https:\\\/\\\/diarieducacio.cat\\\/imatgesperinterrogarelmon\\\/2026\\\/04\\\/28\\\/cinema-a-la-primera-infancia\\\/\"},\"wordCount\":1396,\"commentCount\":0,\"image\":{\"@id\":\"https:\\\/\\\/diarieducacio.cat\\\/imatgesperinterrogarelmon\\\/2026\\\/04\\\/28\\\/cinema-a-la-primera-infancia\\\/#primaryimage\"},\"thumbnailUrl\":\"https:\\\/\\\/diarieducacio.cat\\\/imatgesperinterrogarelmon\\\/wp-content\\\/uploads\\\/sites\\\/32\\\/2026\\\/04\\\/oasis_MarionJamault.jpg\",\"keywords\":[\"cinema\"],\"articleSection\":[\"Audiovisual\",\"Cinema\",\"Educaci\u00f3 en valors\",\"General\",\"Perspectiva de g\u00e8nere\"],\"inLanguage\":\"ca\",\"potentialAction\":[{\"@type\":\"CommentAction\",\"name\":\"Comment\",\"target\":[\"https:\\\/\\\/diarieducacio.cat\\\/imatgesperinterrogarelmon\\\/2026\\\/04\\\/28\\\/cinema-a-la-primera-infancia\\\/#respond\"]}]},{\"@type\":\"WebPage\",\"@id\":\"https:\\\/\\\/diarieducacio.cat\\\/imatgesperinterrogarelmon\\\/2026\\\/04\\\/28\\\/cinema-a-la-primera-infancia\\\/\",\"url\":\"https:\\\/\\\/diarieducacio.cat\\\/imatgesperinterrogarelmon\\\/2026\\\/04\\\/28\\\/cinema-a-la-primera-infancia\\\/\",\"name\":\"Cinema a la primera inf\u00e0ncia - Imatges per interrogar el m\u00f3n\",\"isPartOf\":{\"@id\":\"https:\\\/\\\/diarieducacio.cat\\\/imatgesperinterrogarelmon\\\/#website\"},\"primaryImageOfPage\":{\"@id\":\"https:\\\/\\\/diarieducacio.cat\\\/imatgesperinterrogarelmon\\\/2026\\\/04\\\/28\\\/cinema-a-la-primera-infancia\\\/#primaryimage\"},\"image\":{\"@id\":\"https:\\\/\\\/diarieducacio.cat\\\/imatgesperinterrogarelmon\\\/2026\\\/04\\\/28\\\/cinema-a-la-primera-infancia\\\/#primaryimage\"},\"thumbnailUrl\":\"https:\\\/\\\/diarieducacio.cat\\\/imatgesperinterrogarelmon\\\/wp-content\\\/uploads\\\/sites\\\/32\\\/2026\\\/04\\\/oasis_MarionJamault.jpg\",\"datePublished\":\"2026-04-28T08:13:52+00:00\",\"dateModified\":\"2026-04-28T08:15:56+00:00\",\"author\":{\"@id\":\"https:\\\/\\\/diarieducacio.cat\\\/imatgesperinterrogarelmon\\\/#\\\/schema\\\/person\\\/bcb5f5260d01b1f6e395882e438696fd\"},\"description\":\"El debat sobre en quin moment les pantalles \u2014i, per extensi\u00f3, l\u2019audiovisual i el cinema\u2014 han d\u2019arribar als infants continua obert. Massa sovint, per\u00f2, la q\u00fcesti\u00f3 es planteja en termes binaris: pantalles s\u00ed o pantalles no. Per aix\u00f2 cal preguntar-nos: \u00e9s o ha de ser aquest, el punt de partida essencial?\",\"breadcrumb\":{\"@id\":\"https:\\\/\\\/diarieducacio.cat\\\/imatgesperinterrogarelmon\\\/2026\\\/04\\\/28\\\/cinema-a-la-primera-infancia\\\/#breadcrumb\"},\"inLanguage\":\"ca\",\"potentialAction\":[{\"@type\":\"ReadAction\",\"target\":[\"https:\\\/\\\/diarieducacio.cat\\\/imatgesperinterrogarelmon\\\/2026\\\/04\\\/28\\\/cinema-a-la-primera-infancia\\\/\"]}]},{\"@type\":\"ImageObject\",\"inLanguage\":\"ca\",\"@id\":\"https:\\\/\\\/diarieducacio.cat\\\/imatgesperinterrogarelmon\\\/2026\\\/04\\\/28\\\/cinema-a-la-primera-infancia\\\/#primaryimage\",\"url\":\"https:\\\/\\\/diarieducacio.cat\\\/imatgesperinterrogarelmon\\\/wp-content\\\/uploads\\\/sites\\\/32\\\/2026\\\/04\\\/oasis_MarionJamault.jpg\",\"contentUrl\":\"https:\\\/\\\/diarieducacio.cat\\\/imatgesperinterrogarelmon\\\/wp-content\\\/uploads\\\/sites\\\/32\\\/2026\\\/04\\\/oasis_MarionJamault.jpg\",\"width\":2560,\"height\":1434,\"caption\":\"Fotograma de la pel\u00b7l\u00edcula \u201cEl naixement dels oasis\u201d de Marion Jamault (2022)\"},{\"@type\":\"BreadcrumbList\",\"@id\":\"https:\\\/\\\/diarieducacio.cat\\\/imatgesperinterrogarelmon\\\/2026\\\/04\\\/28\\\/cinema-a-la-primera-infancia\\\/#breadcrumb\",\"itemListElement\":[{\"@type\":\"ListItem\",\"position\":1,\"name\":\"Inici\",\"item\":\"https:\\\/\\\/diarieducacio.cat\\\/imatgesperinterrogarelmon\\\/\"},{\"@type\":\"ListItem\",\"position\":2,\"name\":\"Cinema a la primera inf\u00e0ncia\"}]},{\"@type\":\"WebSite\",\"@id\":\"https:\\\/\\\/diarieducacio.cat\\\/imatgesperinterrogarelmon\\\/#website\",\"url\":\"https:\\\/\\\/diarieducacio.cat\\\/imatgesperinterrogarelmon\\\/\",\"name\":\"Imatges per interrogar el m\u00f3n\",\"description\":\"Un blog de El Diari de l&#039;Educaci\u00f3\",\"potentialAction\":[{\"@type\":\"SearchAction\",\"target\":{\"@type\":\"EntryPoint\",\"urlTemplate\":\"https:\\\/\\\/diarieducacio.cat\\\/imatgesperinterrogarelmon\\\/?s={search_term_string}\"},\"query-input\":{\"@type\":\"PropertyValueSpecification\",\"valueRequired\":true,\"valueName\":\"search_term_string\"}}],\"inLanguage\":\"ca\"},{\"@type\":\"Person\",\"@id\":\"https:\\\/\\\/diarieducacio.cat\\\/imatgesperinterrogarelmon\\\/#\\\/schema\\\/person\\\/bcb5f5260d01b1f6e395882e438696fd\",\"name\":\"Ainara Revuelta\",\"image\":{\"@type\":\"ImageObject\",\"inLanguage\":\"ca\",\"@id\":\"https:\\\/\\\/diarieducacio.cat\\\/imatgesperinterrogarelmon\\\/wp-content\\\/uploads\\\/sites\\\/32\\\/2026\\\/04\\\/arevuelta_avatar-96x96.jpg\",\"url\":\"https:\\\/\\\/diarieducacio.cat\\\/imatgesperinterrogarelmon\\\/wp-content\\\/uploads\\\/sites\\\/32\\\/2026\\\/04\\\/arevuelta_avatar-96x96.jpg\",\"contentUrl\":\"https:\\\/\\\/diarieducacio.cat\\\/imatgesperinterrogarelmon\\\/wp-content\\\/uploads\\\/sites\\\/32\\\/2026\\\/04\\\/arevuelta_avatar-96x96.jpg\",\"caption\":\"Ainara Revuelta\"},\"url\":\"https:\\\/\\\/diarieducacio.cat\\\/imatgesperinterrogarelmon\\\/author\\\/arevuelta\\\/\"}]}<\/script>\n<!-- \/ Yoast SEO plugin. -->","yoast_head_json":{"title":"Cinema a la primera inf\u00e0ncia - Imatges per interrogar el m\u00f3n","description":"El debat sobre en quin moment les pantalles \u2014i, per extensi\u00f3, l\u2019audiovisual i el cinema\u2014 han d\u2019arribar als infants continua obert. Massa sovint, per\u00f2, la q\u00fcesti\u00f3 es planteja en termes binaris: pantalles s\u00ed o pantalles no. Per aix\u00f2 cal preguntar-nos: \u00e9s o ha de ser aquest, el punt de partida essencial?","robots":{"index":"index","follow":"follow","max-snippet":"max-snippet:-1","max-image-preview":"max-image-preview:large","max-video-preview":"max-video-preview:-1"},"canonical":"https:\/\/diarieducacio.cat\/imatgesperinterrogarelmon\/2026\/04\/28\/cinema-a-la-primera-infancia\/","og_locale":"ca_ES","og_type":"article","og_title":"Cinema a la primera inf\u00e0ncia - Imatges per interrogar el m\u00f3n","og_description":"El debat sobre en quin moment les pantalles \u2014i, per extensi\u00f3, l\u2019audiovisual i el cinema\u2014 han d\u2019arribar als infants continua obert. Massa sovint, per\u00f2, la q\u00fcesti\u00f3 es planteja en termes binaris: pantalles s\u00ed o pantalles no. Per aix\u00f2 cal preguntar-nos: \u00e9s o ha de ser aquest, el punt de partida essencial?","og_url":"https:\/\/diarieducacio.cat\/imatgesperinterrogarelmon\/2026\/04\/28\/cinema-a-la-primera-infancia\/","og_site_name":"Imatges per interrogar el m\u00f3n","article_publisher":"https:\/\/www.facebook.com\/diarieducacio\/","article_published_time":"2026-04-28T08:13:52+00:00","article_modified_time":"2026-04-28T08:15:56+00:00","og_image":[{"width":2560,"height":1434,"url":"https:\/\/diarieducacio.cat\/imatgesperinterrogarelmon\/wp-content\/uploads\/sites\/32\/2026\/04\/oasis_MarionJamault.jpg","type":"image\/jpeg"}],"author":"Ainara Revuelta","twitter_card":"summary_large_image","twitter_creator":"@DiariEducacio","twitter_site":"@DiariEducacio","twitter_misc":{"Escrit per":"Ainara Revuelta","Temps estimat de lectura":"8 minuts"},"schema":{"@context":"https:\/\/schema.org","@graph":[{"@type":"Article","@id":"https:\/\/diarieducacio.cat\/imatgesperinterrogarelmon\/2026\/04\/28\/cinema-a-la-primera-infancia\/#article","isPartOf":{"@id":"https:\/\/diarieducacio.cat\/imatgesperinterrogarelmon\/2026\/04\/28\/cinema-a-la-primera-infancia\/"},"author":{"name":"Ainara Revuelta","@id":"https:\/\/diarieducacio.cat\/imatgesperinterrogarelmon\/#\/schema\/person\/bcb5f5260d01b1f6e395882e438696fd"},"headline":"Cinema a la primera inf\u00e0ncia","datePublished":"2026-04-28T08:13:52+00:00","dateModified":"2026-04-28T08:15:56+00:00","mainEntityOfPage":{"@id":"https:\/\/diarieducacio.cat\/imatgesperinterrogarelmon\/2026\/04\/28\/cinema-a-la-primera-infancia\/"},"wordCount":1396,"commentCount":0,"image":{"@id":"https:\/\/diarieducacio.cat\/imatgesperinterrogarelmon\/2026\/04\/28\/cinema-a-la-primera-infancia\/#primaryimage"},"thumbnailUrl":"https:\/\/diarieducacio.cat\/imatgesperinterrogarelmon\/wp-content\/uploads\/sites\/32\/2026\/04\/oasis_MarionJamault.jpg","keywords":["cinema"],"articleSection":["Audiovisual","Cinema","Educaci\u00f3 en valors","General","Perspectiva de g\u00e8nere"],"inLanguage":"ca","potentialAction":[{"@type":"CommentAction","name":"Comment","target":["https:\/\/diarieducacio.cat\/imatgesperinterrogarelmon\/2026\/04\/28\/cinema-a-la-primera-infancia\/#respond"]}]},{"@type":"WebPage","@id":"https:\/\/diarieducacio.cat\/imatgesperinterrogarelmon\/2026\/04\/28\/cinema-a-la-primera-infancia\/","url":"https:\/\/diarieducacio.cat\/imatgesperinterrogarelmon\/2026\/04\/28\/cinema-a-la-primera-infancia\/","name":"Cinema a la primera inf\u00e0ncia - Imatges per interrogar el m\u00f3n","isPartOf":{"@id":"https:\/\/diarieducacio.cat\/imatgesperinterrogarelmon\/#website"},"primaryImageOfPage":{"@id":"https:\/\/diarieducacio.cat\/imatgesperinterrogarelmon\/2026\/04\/28\/cinema-a-la-primera-infancia\/#primaryimage"},"image":{"@id":"https:\/\/diarieducacio.cat\/imatgesperinterrogarelmon\/2026\/04\/28\/cinema-a-la-primera-infancia\/#primaryimage"},"thumbnailUrl":"https:\/\/diarieducacio.cat\/imatgesperinterrogarelmon\/wp-content\/uploads\/sites\/32\/2026\/04\/oasis_MarionJamault.jpg","datePublished":"2026-04-28T08:13:52+00:00","dateModified":"2026-04-28T08:15:56+00:00","author":{"@id":"https:\/\/diarieducacio.cat\/imatgesperinterrogarelmon\/#\/schema\/person\/bcb5f5260d01b1f6e395882e438696fd"},"description":"El debat sobre en quin moment les pantalles \u2014i, per extensi\u00f3, l\u2019audiovisual i el cinema\u2014 han d\u2019arribar als infants continua obert. Massa sovint, per\u00f2, la q\u00fcesti\u00f3 es planteja en termes binaris: pantalles s\u00ed o pantalles no. Per aix\u00f2 cal preguntar-nos: \u00e9s o ha de ser aquest, el punt de partida essencial?","breadcrumb":{"@id":"https:\/\/diarieducacio.cat\/imatgesperinterrogarelmon\/2026\/04\/28\/cinema-a-la-primera-infancia\/#breadcrumb"},"inLanguage":"ca","potentialAction":[{"@type":"ReadAction","target":["https:\/\/diarieducacio.cat\/imatgesperinterrogarelmon\/2026\/04\/28\/cinema-a-la-primera-infancia\/"]}]},{"@type":"ImageObject","inLanguage":"ca","@id":"https:\/\/diarieducacio.cat\/imatgesperinterrogarelmon\/2026\/04\/28\/cinema-a-la-primera-infancia\/#primaryimage","url":"https:\/\/diarieducacio.cat\/imatgesperinterrogarelmon\/wp-content\/uploads\/sites\/32\/2026\/04\/oasis_MarionJamault.jpg","contentUrl":"https:\/\/diarieducacio.cat\/imatgesperinterrogarelmon\/wp-content\/uploads\/sites\/32\/2026\/04\/oasis_MarionJamault.jpg","width":2560,"height":1434,"caption":"Fotograma de la pel\u00b7l\u00edcula \u201cEl naixement dels oasis\u201d de Marion Jamault (2022)"},{"@type":"BreadcrumbList","@id":"https:\/\/diarieducacio.cat\/imatgesperinterrogarelmon\/2026\/04\/28\/cinema-a-la-primera-infancia\/#breadcrumb","itemListElement":[{"@type":"ListItem","position":1,"name":"Inici","item":"https:\/\/diarieducacio.cat\/imatgesperinterrogarelmon\/"},{"@type":"ListItem","position":2,"name":"Cinema a la primera inf\u00e0ncia"}]},{"@type":"WebSite","@id":"https:\/\/diarieducacio.cat\/imatgesperinterrogarelmon\/#website","url":"https:\/\/diarieducacio.cat\/imatgesperinterrogarelmon\/","name":"Imatges per interrogar el m\u00f3n","description":"Un blog de El Diari de l&#039;Educaci\u00f3","potentialAction":[{"@type":"SearchAction","target":{"@type":"EntryPoint","urlTemplate":"https:\/\/diarieducacio.cat\/imatgesperinterrogarelmon\/?s={search_term_string}"},"query-input":{"@type":"PropertyValueSpecification","valueRequired":true,"valueName":"search_term_string"}}],"inLanguage":"ca"},{"@type":"Person","@id":"https:\/\/diarieducacio.cat\/imatgesperinterrogarelmon\/#\/schema\/person\/bcb5f5260d01b1f6e395882e438696fd","name":"Ainara Revuelta","image":{"@type":"ImageObject","inLanguage":"ca","@id":"https:\/\/diarieducacio.cat\/imatgesperinterrogarelmon\/wp-content\/uploads\/sites\/32\/2026\/04\/arevuelta_avatar-96x96.jpg","url":"https:\/\/diarieducacio.cat\/imatgesperinterrogarelmon\/wp-content\/uploads\/sites\/32\/2026\/04\/arevuelta_avatar-96x96.jpg","contentUrl":"https:\/\/diarieducacio.cat\/imatgesperinterrogarelmon\/wp-content\/uploads\/sites\/32\/2026\/04\/arevuelta_avatar-96x96.jpg","caption":"Ainara Revuelta"},"url":"https:\/\/diarieducacio.cat\/imatgesperinterrogarelmon\/author\/arevuelta\/"}]}},"_links":{"self":[{"href":"https:\/\/diarieducacio.cat\/imatgesperinterrogarelmon\/wp-json\/wp\/v2\/posts\/2078","targetHints":{"allow":["GET"]}}],"collection":[{"href":"https:\/\/diarieducacio.cat\/imatgesperinterrogarelmon\/wp-json\/wp\/v2\/posts"}],"about":[{"href":"https:\/\/diarieducacio.cat\/imatgesperinterrogarelmon\/wp-json\/wp\/v2\/types\/post"}],"author":[{"embeddable":true,"href":"https:\/\/diarieducacio.cat\/imatgesperinterrogarelmon\/wp-json\/wp\/v2\/users\/2226"}],"replies":[{"embeddable":true,"href":"https:\/\/diarieducacio.cat\/imatgesperinterrogarelmon\/wp-json\/wp\/v2\/comments?post=2078"}],"version-history":[{"count":7,"href":"https:\/\/diarieducacio.cat\/imatgesperinterrogarelmon\/wp-json\/wp\/v2\/posts\/2078\/revisions"}],"predecessor-version":[{"id":2099,"href":"https:\/\/diarieducacio.cat\/imatgesperinterrogarelmon\/wp-json\/wp\/v2\/posts\/2078\/revisions\/2099"}],"wp:featuredmedia":[{"embeddable":true,"href":"https:\/\/diarieducacio.cat\/imatgesperinterrogarelmon\/wp-json\/wp\/v2\/media\/2080"}],"wp:attachment":[{"href":"https:\/\/diarieducacio.cat\/imatgesperinterrogarelmon\/wp-json\/wp\/v2\/media?parent=2078"}],"wp:term":[{"taxonomy":"category","embeddable":true,"href":"https:\/\/diarieducacio.cat\/imatgesperinterrogarelmon\/wp-json\/wp\/v2\/categories?post=2078"},{"taxonomy":"post_tag","embeddable":true,"href":"https:\/\/diarieducacio.cat\/imatgesperinterrogarelmon\/wp-json\/wp\/v2\/tags?post=2078"},{"taxonomy":"tipo","embeddable":true,"href":"https:\/\/diarieducacio.cat\/imatgesperinterrogarelmon\/wp-json\/wp\/v2\/tipo?post=2078"}],"curies":[{"name":"wp","href":"https:\/\/api.w.org\/{rel}","templated":true}]}}