{"id":2230,"date":"2024-11-30T12:44:00","date_gmt":"2024-11-30T11:44:00","guid":{"rendered":"https:\/\/diarieducacio.cat\/redaccio\/?p=2230"},"modified":"2025-02-10T12:48:25","modified_gmt":"2025-02-10T11:48:25","slug":"obrim-temporada-de-podcasts","status":"publish","type":"post","link":"https:\/\/diarieducacio.cat\/redaccio\/2024\/11\/30\/obrim-temporada-de-podcasts\/","title":{"rendered":"Obrim temporada de p\u00f2dcasts"},"content":{"rendered":"\n<p><em>El Diari de l&#8217;Educaci\u00f3 <\/em>ha iniciat aquest 2024 una s\u00e8rie de p\u00f2dcasts sobre temes educatius centrats en sis grans temes: g\u00e8nere, diversitat, lleure educatiu, adolesc\u00e8ncia, inf\u00e0ncia i cultura de la pau. Per fer-ho, hem comptat amb sis protagonistes referents en cadascuna d&#8217;aquestes mat\u00e8ries, que han estat entrevistats per la directora del <em>Diari de l&#8217;Educaci\u00f3<\/em>, Ana Basanta. Tots els p\u00f2dcasts estan penjats al canal de <a href=\"https:\/\/www.youtube.com\/user\/diarieducacio\">YouTube <\/a>del diari.<\/p>\n\n\n\n<h4 class=\"wp-block-heading\">Marina Subirats<\/h4>\n\n\n\n<p>Marina Subirats \u00e9s doctora en filosofia i catedr\u00e0tica de sociologia de la Universitat Aut\u00f2noma de Barcelona. Ha estat directora de l\u2019Instituto de la Mujer (1993-96) i ha ocupat diferents c\u00e0rrecs de responsabilitat a l\u2019Ajuntament de Barcelona (1999-2006), entre ells el de regidora d\u2019Educaci\u00f3. \u00c9s especialista en temes de coeducaci\u00f3, situaci\u00f3 de les dones i estructura social.&nbsp;<\/p>\n\n\n\n<figure class=\"wp-block-embed is-type-video is-provider-youtube wp-block-embed-youtube wp-embed-aspect-16-9 wp-has-aspect-ratio\"><div class=\"wp-block-embed__wrapper\">\n<iframe title=\"Po\u0300dcast El Diari de l&#039;Educaci\u00f3 - Parlem de coeducaci\u00f3 amb Marina Subirats\" width=\"788\" height=\"443\" src=\"https:\/\/www.youtube.com\/embed\/oSbFGahdDGA?feature=oembed\" frameborder=\"0\" allow=\"accelerometer; autoplay; clipboard-write; encrypted-media; gyroscope; picture-in-picture; web-share\" referrerpolicy=\"strict-origin-when-cross-origin\" allowfullscreen><\/iframe>\n<\/div><\/figure>\n\n\n\n<h4 class=\"wp-block-heading\">Efr\u00e8n Carbonell<\/h4>\n\n\n\n<p>Efr\u00e8n Carbonell va ser director d\u2019Aspasim, una entitat que treballa pel benestar i els drets de les persones amb discapacitat intel\u00b7lectual greu, i amb la qual continua lligat com a voluntari. Tamb\u00e9 ha presidit l\u2019associaci\u00f3 Dincat, que treballa en la mateixa l\u00ednia i ha estat membre actiu de la Plataforma per l\u2019Escola Inclusiva.<\/p>\n\n\n\n<figure class=\"wp-block-embed is-type-video is-provider-youtube wp-block-embed-youtube wp-embed-aspect-16-9 wp-has-aspect-ratio\"><div class=\"wp-block-embed__wrapper\">\n<iframe title=\"Efr\u00e8n Carbonell: &quot;\u00c9s un valor poder tenir una diversitat d&#039;alumnat dins una aula&quot;\" width=\"788\" height=\"443\" src=\"https:\/\/www.youtube.com\/embed\/nfdNvMblEnY?start=80&#038;feature=oembed\" frameborder=\"0\" allow=\"accelerometer; autoplay; clipboard-write; encrypted-media; gyroscope; picture-in-picture; web-share\" referrerpolicy=\"strict-origin-when-cross-origin\" allowfullscreen><\/iframe>\n<\/div><\/figure>\n\n\n\n<h4 class=\"wp-block-heading\">Enric Aragon\u00e8s<\/h4>\n\n\n\n<p>Enric Aragon\u00e8s Jov\u00e9 \u00e9s titulat superior en M\u00fasica per l\u2019ESMUC, amb especialitat en pedagogia, i m\u00e0ster en gesti\u00f3 p\u00fablica. La seva traject\u00f2ria professional est\u00e0 enfocada en la igualtat d\u2019oportunitats per accedir a l\u2019educaci\u00f3 art\u00edstica, entesa aquesta com un dret cultural. \u00c9s professor del Departament d\u2019Educaci\u00f3 i Mediaci\u00f3 Art\u00edstica de l\u2019ESMUC.<\/p>\n\n\n\n<figure class=\"wp-block-embed is-type-video is-provider-youtube wp-block-embed-youtube wp-embed-aspect-16-9 wp-has-aspect-ratio\"><div class=\"wp-block-embed__wrapper\">\n<iframe title=\"Enric Aragon\u00e8s: \u201cNecessitem l\u2019ecosistema educatiu connectat\u201d\" width=\"788\" height=\"443\" src=\"https:\/\/www.youtube.com\/embed\/2HkliHkPXog?start=105&#038;feature=oembed\" frameborder=\"0\" allow=\"accelerometer; autoplay; clipboard-write; encrypted-media; gyroscope; picture-in-picture; web-share\" referrerpolicy=\"strict-origin-when-cross-origin\" allowfullscreen><\/iframe>\n<\/div><\/figure>\n\n\n\n<h4 class=\"wp-block-heading\">Eva Sargatal<\/h4>\n\n\n\n<p>Eva Sargatal \u00e9s mestra d\u2019escola bressol, formadora de mestres i directora de la Revista Inf\u00e0ncia de l\u2019Associaci\u00f3 de Mestres Rosa Sensat.<\/p>\n\n\n\n<figure class=\"wp-block-embed is-type-video is-provider-youtube wp-block-embed-youtube wp-embed-aspect-16-9 wp-has-aspect-ratio\"><div class=\"wp-block-embed__wrapper\">\n<iframe title=\"Eva Sargatal: &quot;Necessitem professionalitzar l\u2019ofici de mestra de petits&quot;\" width=\"788\" height=\"443\" src=\"https:\/\/www.youtube.com\/embed\/KL1f4TO6nOM?start=42&#038;feature=oembed\" frameborder=\"0\" allow=\"accelerometer; autoplay; clipboard-write; encrypted-media; gyroscope; picture-in-picture; web-share\" referrerpolicy=\"strict-origin-when-cross-origin\" allowfullscreen><\/iframe>\n<\/div><\/figure>\n\n\n\n<h4 class=\"wp-block-heading\">Jaume Funes<\/h4>\n\n\n\n<p>Jaume Funes ha dedicat bona part de la seva vida professional a escoltar, comprendre i ajudar l\u2019adolesc\u00e8ncia. Ha treballat a l\u2019Administraci\u00f3, l\u2019escola, el carrer i espais terap\u00e8utics. Ha publicat nombrosos llibres, com ara \u2018Estima\u2019m quan menys ho mereixi\u2026per qu\u00e8 \u00e9s quan m\u00e9s ho necessito\u2019, \u2018Fer de mestre quan ning\u00fa no sap per a qu\u00e8 serveix\u2019, \u2018<em>Quan la vida ens dol<\/em>\u2019 i \u2018El humanismo en tiempos digitales\u2019.<\/p>\n\n\n\n<figure class=\"wp-block-embed is-type-video is-provider-youtube wp-block-embed-youtube wp-embed-aspect-16-9 wp-has-aspect-ratio\"><div class=\"wp-block-embed__wrapper\">\n<iframe title=\"Jaume Funes: \u201cHem de tenir en compte la perspectiva de l\u2019adolescent\u201d\" width=\"788\" height=\"443\" src=\"https:\/\/www.youtube.com\/embed\/U8EEFZmlYtw?start=518&#038;feature=oembed\" frameborder=\"0\" allow=\"accelerometer; autoplay; clipboard-write; encrypted-media; gyroscope; picture-in-picture; web-share\" referrerpolicy=\"strict-origin-when-cross-origin\" allowfullscreen><\/iframe>\n<\/div><\/figure>\n\n\n\n<h4 class=\"wp-block-heading\">C\u00e9cile Barbeito<\/h4>\n\n\n\n<p>La C\u00e9cile Barbeito est\u00e0 especialitzada en educaci\u00f3 per la pau i just\u00edcia global, la sensibilitat en el conflicte i el paper dels municipis en la construcci\u00f3 de pau. T\u00e9 molts llibres i publicacions, entre elles,&nbsp;<em>Discrep\u00e0ncia benvinguda<\/em>, i actualment est\u00e0 elaborant un llibre amb l\u2019editorial Octaedro.<\/p>\n\n\n\n<figure class=\"wp-block-embed is-type-video is-provider-youtube wp-block-embed-youtube wp-embed-aspect-16-9 wp-has-aspect-ratio\"><div class=\"wp-block-embed__wrapper\">\n<iframe title=\"C\u00e9cile Barbeito: \u201cLa pau no \u00e9s un fet fortu\u00eft, es construeix apostant per l\u2019educaci\u00f3\u201d\" width=\"788\" height=\"443\" src=\"https:\/\/www.youtube.com\/embed\/aK2kqKf5Ap4?start=626&#038;feature=oembed\" frameborder=\"0\" allow=\"accelerometer; autoplay; clipboard-write; encrypted-media; gyroscope; picture-in-picture; web-share\" referrerpolicy=\"strict-origin-when-cross-origin\" allowfullscreen><\/iframe>\n<\/div><\/figure>\n\n\n\n<p>Els p\u00f2dcasts del <em>Diari de l&#8217;Educaci\u00f3 <\/em>compten amb el suport de la Generalitat de Catalunya.<\/p>\n\n\n<div class=\"wp-block-image\">\n<figure class=\"aligncenter size-full is-resized\"><img fetchpriority=\"high\" decoding=\"async\" width=\"511\" height=\"118\" src=\"https:\/\/diarieducacio.cat\/redaccio\/wp-content\/uploads\/sites\/23\/2025\/01\/Logo-Generalitat.jpg\" alt=\"\" class=\"wp-image-2231\" style=\"width:339px;height:auto\" srcset=\"https:\/\/diarieducacio.cat\/redaccio\/wp-content\/uploads\/sites\/23\/2025\/01\/Logo-Generalitat.jpg 511w, https:\/\/diarieducacio.cat\/redaccio\/wp-content\/uploads\/sites\/23\/2025\/01\/Logo-Generalitat-300x69.jpg 300w, https:\/\/diarieducacio.cat\/redaccio\/wp-content\/uploads\/sites\/23\/2025\/01\/Logo-Generalitat-150x35.jpg 150w, https:\/\/diarieducacio.cat\/redaccio\/wp-content\/uploads\/sites\/23\/2025\/01\/Logo-Generalitat-450x104.jpg 450w\" sizes=\"(max-width: 511px) 100vw, 511px\" \/><\/figure>\n<\/div>\n\n\n<p><\/p>\n","protected":false},"excerpt":{"rendered":"<p>El Diari de l&#8217;Educaci\u00f3 ha iniciat aquest 2024 una s\u00e8rie de p\u00f2dcasts sobre temes educatius centrats en sis grans temes: g\u00e8nere, diversitat, lleure educatiu, adolesc\u00e8ncia, inf\u00e0ncia i cultura de la pau. Per fer-ho, hem comptat amb sis protagonistes referents en cadascuna d&#8217;aquestes mat\u00e8ries, que han estat entrevistats per la directora del Diari de l&#8217;Educaci\u00f3, Ana<\/p>\n","protected":false},"author":3,"featured_media":2233,"comment_status":"open","ping_status":"open","sticky":false,"template":"","format":"standard","meta":{"footnotes":""},"categories":[2],"tags":[136,129,152],"class_list":{"0":"post-2230","1":"post","2":"type-post","3":"status-publish","4":"format-standard","5":"has-post-thumbnail","7":"category-general","8":"tag-diari-de-leducacio","9":"tag-periodisme-i-educacio","10":"tag-podcast"},"yoast_head":"<!-- This site is optimized with the Yoast SEO plugin v27.4 - https:\/\/yoast.com\/product\/yoast-seo-wordpress\/ -->\n<title>Obrim temporada de p\u00f2dcasts - El Blog de la Redacci\u00f3<\/title>\n<meta name=\"robots\" content=\"index, follow, max-snippet:-1, max-image-preview:large, max-video-preview:-1\" \/>\n<link rel=\"canonical\" href=\"https:\/\/diarieducacio.cat\/redaccio\/2024\/11\/30\/obrim-temporada-de-podcasts\/\" \/>\n<meta property=\"og:locale\" content=\"ca_ES\" \/>\n<meta property=\"og:type\" content=\"article\" \/>\n<meta property=\"og:title\" content=\"Obrim temporada de p\u00f2dcasts - El Blog de la Redacci\u00f3\" \/>\n<meta property=\"og:description\" content=\"El Diari de l&#8217;Educaci\u00f3 ha iniciat aquest 2024 una s\u00e8rie de p\u00f2dcasts sobre temes educatius centrats en sis grans temes: g\u00e8nere, diversitat, lleure educatiu, adolesc\u00e8ncia, inf\u00e0ncia i cultura de la pau. Per fer-ho, hem comptat amb sis protagonistes referents en cadascuna d&#8217;aquestes mat\u00e8ries, que han estat entrevistats per la directora del Diari de l&#8217;Educaci\u00f3, Ana\" \/>\n<meta property=\"og:url\" content=\"https:\/\/diarieducacio.cat\/redaccio\/2024\/11\/30\/obrim-temporada-de-podcasts\/\" \/>\n<meta property=\"og:site_name\" content=\"El Blog de la Redacci\u00f3\" \/>\n<meta property=\"article:published_time\" content=\"2024-11-30T11:44:00+00:00\" \/>\n<meta property=\"article:modified_time\" content=\"2025-02-10T11:48:25+00:00\" \/>\n<meta property=\"og:image\" content=\"https:\/\/diarieducacio.cat\/redaccio\/wp-content\/uploads\/sites\/23\/2025\/01\/ana-basanta-cecile-barbeito.jpg\" \/>\n\t<meta property=\"og:image:width\" content=\"1538\" \/>\n\t<meta property=\"og:image:height\" content=\"857\" \/>\n\t<meta property=\"og:image:type\" content=\"image\/jpeg\" \/>\n<meta name=\"author\" content=\"Redacci\u00f3\" \/>\n<meta name=\"twitter:card\" content=\"summary_large_image\" \/>\n<meta name=\"twitter:creator\" content=\"@CatalunyaPlural\" \/>\n<meta name=\"twitter:label1\" content=\"Escrit per\" \/>\n\t<meta name=\"twitter:data1\" content=\"Redacci\u00f3\" \/>\n\t<meta name=\"twitter:label2\" content=\"Temps estimat de lectura\" \/>\n\t<meta name=\"twitter:data2\" content=\"3 minuts\" \/>\n<script type=\"application\/ld+json\" class=\"yoast-schema-graph\">{\"@context\":\"https:\\\/\\\/schema.org\",\"@graph\":[{\"@type\":\"Article\",\"@id\":\"https:\\\/\\\/diarieducacio.cat\\\/redaccio\\\/2024\\\/11\\\/30\\\/obrim-temporada-de-podcasts\\\/#article\",\"isPartOf\":{\"@id\":\"https:\\\/\\\/diarieducacio.cat\\\/redaccio\\\/2024\\\/11\\\/30\\\/obrim-temporada-de-podcasts\\\/\"},\"author\":{\"name\":\"Redacci\u00f3\",\"@id\":\"https:\\\/\\\/diarieducacio.cat\\\/redaccio\\\/#\\\/schema\\\/person\\\/a59c6f6463f58484e77cabd794911180\"},\"headline\":\"Obrim temporada de p\u00f2dcasts\",\"datePublished\":\"2024-11-30T11:44:00+00:00\",\"dateModified\":\"2025-02-10T11:48:25+00:00\",\"mainEntityOfPage\":{\"@id\":\"https:\\\/\\\/diarieducacio.cat\\\/redaccio\\\/2024\\\/11\\\/30\\\/obrim-temporada-de-podcasts\\\/\"},\"wordCount\":509,\"commentCount\":0,\"image\":{\"@id\":\"https:\\\/\\\/diarieducacio.cat\\\/redaccio\\\/2024\\\/11\\\/30\\\/obrim-temporada-de-podcasts\\\/#primaryimage\"},\"thumbnailUrl\":\"https:\\\/\\\/diarieducacio.cat\\\/redaccio\\\/wp-content\\\/uploads\\\/sites\\\/23\\\/2025\\\/01\\\/ana-basanta-cecile-barbeito.jpg\",\"keywords\":[\"Diari de l'Educaci\u00f3\",\"periodisme i educaci\u00f3\",\"p\u00f2dcast\"],\"articleSection\":[\"General\"],\"inLanguage\":\"ca\",\"potentialAction\":[{\"@type\":\"CommentAction\",\"name\":\"Comment\",\"target\":[\"https:\\\/\\\/diarieducacio.cat\\\/redaccio\\\/2024\\\/11\\\/30\\\/obrim-temporada-de-podcasts\\\/#respond\"]}]},{\"@type\":\"WebPage\",\"@id\":\"https:\\\/\\\/diarieducacio.cat\\\/redaccio\\\/2024\\\/11\\\/30\\\/obrim-temporada-de-podcasts\\\/\",\"url\":\"https:\\\/\\\/diarieducacio.cat\\\/redaccio\\\/2024\\\/11\\\/30\\\/obrim-temporada-de-podcasts\\\/\",\"name\":\"Obrim temporada de p\u00f2dcasts - El Blog de la Redacci\u00f3\",\"isPartOf\":{\"@id\":\"https:\\\/\\\/diarieducacio.cat\\\/redaccio\\\/#website\"},\"primaryImageOfPage\":{\"@id\":\"https:\\\/\\\/diarieducacio.cat\\\/redaccio\\\/2024\\\/11\\\/30\\\/obrim-temporada-de-podcasts\\\/#primaryimage\"},\"image\":{\"@id\":\"https:\\\/\\\/diarieducacio.cat\\\/redaccio\\\/2024\\\/11\\\/30\\\/obrim-temporada-de-podcasts\\\/#primaryimage\"},\"thumbnailUrl\":\"https:\\\/\\\/diarieducacio.cat\\\/redaccio\\\/wp-content\\\/uploads\\\/sites\\\/23\\\/2025\\\/01\\\/ana-basanta-cecile-barbeito.jpg\",\"datePublished\":\"2024-11-30T11:44:00+00:00\",\"dateModified\":\"2025-02-10T11:48:25+00:00\",\"author\":{\"@id\":\"https:\\\/\\\/diarieducacio.cat\\\/redaccio\\\/#\\\/schema\\\/person\\\/a59c6f6463f58484e77cabd794911180\"},\"breadcrumb\":{\"@id\":\"https:\\\/\\\/diarieducacio.cat\\\/redaccio\\\/2024\\\/11\\\/30\\\/obrim-temporada-de-podcasts\\\/#breadcrumb\"},\"inLanguage\":\"ca\",\"potentialAction\":[{\"@type\":\"ReadAction\",\"target\":[\"https:\\\/\\\/diarieducacio.cat\\\/redaccio\\\/2024\\\/11\\\/30\\\/obrim-temporada-de-podcasts\\\/\"]}]},{\"@type\":\"ImageObject\",\"inLanguage\":\"ca\",\"@id\":\"https:\\\/\\\/diarieducacio.cat\\\/redaccio\\\/2024\\\/11\\\/30\\\/obrim-temporada-de-podcasts\\\/#primaryimage\",\"url\":\"https:\\\/\\\/diarieducacio.cat\\\/redaccio\\\/wp-content\\\/uploads\\\/sites\\\/23\\\/2025\\\/01\\\/ana-basanta-cecile-barbeito.jpg\",\"contentUrl\":\"https:\\\/\\\/diarieducacio.cat\\\/redaccio\\\/wp-content\\\/uploads\\\/sites\\\/23\\\/2025\\\/01\\\/ana-basanta-cecile-barbeito.jpg\",\"width\":1538,\"height\":857},{\"@type\":\"BreadcrumbList\",\"@id\":\"https:\\\/\\\/diarieducacio.cat\\\/redaccio\\\/2024\\\/11\\\/30\\\/obrim-temporada-de-podcasts\\\/#breadcrumb\",\"itemListElement\":[{\"@type\":\"ListItem\",\"position\":1,\"name\":\"Inici\",\"item\":\"https:\\\/\\\/diarieducacio.cat\\\/redaccio\\\/\"},{\"@type\":\"ListItem\",\"position\":2,\"name\":\"Obrim temporada de p\u00f2dcasts\"}]},{\"@type\":\"WebSite\",\"@id\":\"https:\\\/\\\/diarieducacio.cat\\\/redaccio\\\/#website\",\"url\":\"https:\\\/\\\/diarieducacio.cat\\\/redaccio\\\/\",\"name\":\"El Blog de la Redacci\u00f3\",\"description\":\"Un blog d&#039;El Diari de l&#039;Educaci\u00f3\",\"potentialAction\":[{\"@type\":\"SearchAction\",\"target\":{\"@type\":\"EntryPoint\",\"urlTemplate\":\"https:\\\/\\\/diarieducacio.cat\\\/redaccio\\\/?s={search_term_string}\"},\"query-input\":{\"@type\":\"PropertyValueSpecification\",\"valueRequired\":true,\"valueName\":\"search_term_string\"}}],\"inLanguage\":\"ca\"},{\"@type\":\"Person\",\"@id\":\"https:\\\/\\\/diarieducacio.cat\\\/redaccio\\\/#\\\/schema\\\/person\\\/a59c6f6463f58484e77cabd794911180\",\"name\":\"Redacci\u00f3\",\"image\":{\"@type\":\"ImageObject\",\"inLanguage\":\"ca\",\"@id\":\"https:\\\/\\\/diarieducacio.cat\\\/wp-content\\\/uploads\\\/2024\\\/11\\\/redaccio_avatar-96x96.png\",\"url\":\"https:\\\/\\\/diarieducacio.cat\\\/wp-content\\\/uploads\\\/2024\\\/11\\\/redaccio_avatar-96x96.png\",\"contentUrl\":\"https:\\\/\\\/diarieducacio.cat\\\/wp-content\\\/uploads\\\/2024\\\/11\\\/redaccio_avatar-96x96.png\",\"caption\":\"Redacci\u00f3\"},\"sameAs\":[\"https:\\\/\\\/x.com\\\/CatalunyaPlural\"],\"url\":\"https:\\\/\\\/diarieducacio.cat\\\/redaccio\\\/author\\\/redaccio\\\/\"}]}<\/script>\n<!-- \/ Yoast SEO plugin. -->","yoast_head_json":{"title":"Obrim temporada de p\u00f2dcasts - El Blog de la Redacci\u00f3","robots":{"index":"index","follow":"follow","max-snippet":"max-snippet:-1","max-image-preview":"max-image-preview:large","max-video-preview":"max-video-preview:-1"},"canonical":"https:\/\/diarieducacio.cat\/redaccio\/2024\/11\/30\/obrim-temporada-de-podcasts\/","og_locale":"ca_ES","og_type":"article","og_title":"Obrim temporada de p\u00f2dcasts - El Blog de la Redacci\u00f3","og_description":"El Diari de l&#8217;Educaci\u00f3 ha iniciat aquest 2024 una s\u00e8rie de p\u00f2dcasts sobre temes educatius centrats en sis grans temes: g\u00e8nere, diversitat, lleure educatiu, adolesc\u00e8ncia, inf\u00e0ncia i cultura de la pau. Per fer-ho, hem comptat amb sis protagonistes referents en cadascuna d&#8217;aquestes mat\u00e8ries, que han estat entrevistats per la directora del Diari de l&#8217;Educaci\u00f3, Ana","og_url":"https:\/\/diarieducacio.cat\/redaccio\/2024\/11\/30\/obrim-temporada-de-podcasts\/","og_site_name":"El Blog de la Redacci\u00f3","article_published_time":"2024-11-30T11:44:00+00:00","article_modified_time":"2025-02-10T11:48:25+00:00","og_image":[{"width":1538,"height":857,"url":"https:\/\/diarieducacio.cat\/redaccio\/wp-content\/uploads\/sites\/23\/2025\/01\/ana-basanta-cecile-barbeito.jpg","type":"image\/jpeg"}],"author":"Redacci\u00f3","twitter_card":"summary_large_image","twitter_creator":"@CatalunyaPlural","twitter_misc":{"Escrit per":"Redacci\u00f3","Temps estimat de lectura":"3 minuts"},"schema":{"@context":"https:\/\/schema.org","@graph":[{"@type":"Article","@id":"https:\/\/diarieducacio.cat\/redaccio\/2024\/11\/30\/obrim-temporada-de-podcasts\/#article","isPartOf":{"@id":"https:\/\/diarieducacio.cat\/redaccio\/2024\/11\/30\/obrim-temporada-de-podcasts\/"},"author":{"name":"Redacci\u00f3","@id":"https:\/\/diarieducacio.cat\/redaccio\/#\/schema\/person\/a59c6f6463f58484e77cabd794911180"},"headline":"Obrim temporada de p\u00f2dcasts","datePublished":"2024-11-30T11:44:00+00:00","dateModified":"2025-02-10T11:48:25+00:00","mainEntityOfPage":{"@id":"https:\/\/diarieducacio.cat\/redaccio\/2024\/11\/30\/obrim-temporada-de-podcasts\/"},"wordCount":509,"commentCount":0,"image":{"@id":"https:\/\/diarieducacio.cat\/redaccio\/2024\/11\/30\/obrim-temporada-de-podcasts\/#primaryimage"},"thumbnailUrl":"https:\/\/diarieducacio.cat\/redaccio\/wp-content\/uploads\/sites\/23\/2025\/01\/ana-basanta-cecile-barbeito.jpg","keywords":["Diari de l'Educaci\u00f3","periodisme i educaci\u00f3","p\u00f2dcast"],"articleSection":["General"],"inLanguage":"ca","potentialAction":[{"@type":"CommentAction","name":"Comment","target":["https:\/\/diarieducacio.cat\/redaccio\/2024\/11\/30\/obrim-temporada-de-podcasts\/#respond"]}]},{"@type":"WebPage","@id":"https:\/\/diarieducacio.cat\/redaccio\/2024\/11\/30\/obrim-temporada-de-podcasts\/","url":"https:\/\/diarieducacio.cat\/redaccio\/2024\/11\/30\/obrim-temporada-de-podcasts\/","name":"Obrim temporada de p\u00f2dcasts - El Blog de la Redacci\u00f3","isPartOf":{"@id":"https:\/\/diarieducacio.cat\/redaccio\/#website"},"primaryImageOfPage":{"@id":"https:\/\/diarieducacio.cat\/redaccio\/2024\/11\/30\/obrim-temporada-de-podcasts\/#primaryimage"},"image":{"@id":"https:\/\/diarieducacio.cat\/redaccio\/2024\/11\/30\/obrim-temporada-de-podcasts\/#primaryimage"},"thumbnailUrl":"https:\/\/diarieducacio.cat\/redaccio\/wp-content\/uploads\/sites\/23\/2025\/01\/ana-basanta-cecile-barbeito.jpg","datePublished":"2024-11-30T11:44:00+00:00","dateModified":"2025-02-10T11:48:25+00:00","author":{"@id":"https:\/\/diarieducacio.cat\/redaccio\/#\/schema\/person\/a59c6f6463f58484e77cabd794911180"},"breadcrumb":{"@id":"https:\/\/diarieducacio.cat\/redaccio\/2024\/11\/30\/obrim-temporada-de-podcasts\/#breadcrumb"},"inLanguage":"ca","potentialAction":[{"@type":"ReadAction","target":["https:\/\/diarieducacio.cat\/redaccio\/2024\/11\/30\/obrim-temporada-de-podcasts\/"]}]},{"@type":"ImageObject","inLanguage":"ca","@id":"https:\/\/diarieducacio.cat\/redaccio\/2024\/11\/30\/obrim-temporada-de-podcasts\/#primaryimage","url":"https:\/\/diarieducacio.cat\/redaccio\/wp-content\/uploads\/sites\/23\/2025\/01\/ana-basanta-cecile-barbeito.jpg","contentUrl":"https:\/\/diarieducacio.cat\/redaccio\/wp-content\/uploads\/sites\/23\/2025\/01\/ana-basanta-cecile-barbeito.jpg","width":1538,"height":857},{"@type":"BreadcrumbList","@id":"https:\/\/diarieducacio.cat\/redaccio\/2024\/11\/30\/obrim-temporada-de-podcasts\/#breadcrumb","itemListElement":[{"@type":"ListItem","position":1,"name":"Inici","item":"https:\/\/diarieducacio.cat\/redaccio\/"},{"@type":"ListItem","position":2,"name":"Obrim temporada de p\u00f2dcasts"}]},{"@type":"WebSite","@id":"https:\/\/diarieducacio.cat\/redaccio\/#website","url":"https:\/\/diarieducacio.cat\/redaccio\/","name":"El Blog de la Redacci\u00f3","description":"Un blog d&#039;El Diari de l&#039;Educaci\u00f3","potentialAction":[{"@type":"SearchAction","target":{"@type":"EntryPoint","urlTemplate":"https:\/\/diarieducacio.cat\/redaccio\/?s={search_term_string}"},"query-input":{"@type":"PropertyValueSpecification","valueRequired":true,"valueName":"search_term_string"}}],"inLanguage":"ca"},{"@type":"Person","@id":"https:\/\/diarieducacio.cat\/redaccio\/#\/schema\/person\/a59c6f6463f58484e77cabd794911180","name":"Redacci\u00f3","image":{"@type":"ImageObject","inLanguage":"ca","@id":"https:\/\/diarieducacio.cat\/wp-content\/uploads\/2024\/11\/redaccio_avatar-96x96.png","url":"https:\/\/diarieducacio.cat\/wp-content\/uploads\/2024\/11\/redaccio_avatar-96x96.png","contentUrl":"https:\/\/diarieducacio.cat\/wp-content\/uploads\/2024\/11\/redaccio_avatar-96x96.png","caption":"Redacci\u00f3"},"sameAs":["https:\/\/x.com\/CatalunyaPlural"],"url":"https:\/\/diarieducacio.cat\/redaccio\/author\/redaccio\/"}]}},"_links":{"self":[{"href":"https:\/\/diarieducacio.cat\/redaccio\/wp-json\/wp\/v2\/posts\/2230","targetHints":{"allow":["GET"]}}],"collection":[{"href":"https:\/\/diarieducacio.cat\/redaccio\/wp-json\/wp\/v2\/posts"}],"about":[{"href":"https:\/\/diarieducacio.cat\/redaccio\/wp-json\/wp\/v2\/types\/post"}],"author":[{"embeddable":true,"href":"https:\/\/diarieducacio.cat\/redaccio\/wp-json\/wp\/v2\/users\/3"}],"replies":[{"embeddable":true,"href":"https:\/\/diarieducacio.cat\/redaccio\/wp-json\/wp\/v2\/comments?post=2230"}],"version-history":[{"count":4,"href":"https:\/\/diarieducacio.cat\/redaccio\/wp-json\/wp\/v2\/posts\/2230\/revisions"}],"predecessor-version":[{"id":2380,"href":"https:\/\/diarieducacio.cat\/redaccio\/wp-json\/wp\/v2\/posts\/2230\/revisions\/2380"}],"wp:featuredmedia":[{"embeddable":true,"href":"https:\/\/diarieducacio.cat\/redaccio\/wp-json\/wp\/v2\/media\/2233"}],"wp:attachment":[{"href":"https:\/\/diarieducacio.cat\/redaccio\/wp-json\/wp\/v2\/media?parent=2230"}],"wp:term":[{"taxonomy":"category","embeddable":true,"href":"https:\/\/diarieducacio.cat\/redaccio\/wp-json\/wp\/v2\/categories?post=2230"},{"taxonomy":"post_tag","embeddable":true,"href":"https:\/\/diarieducacio.cat\/redaccio\/wp-json\/wp\/v2\/tags?post=2230"}],"curies":[{"name":"wp","href":"https:\/\/api.w.org\/{rel}","templated":true}]}}