{"id":2273,"date":"2025-01-20T03:43:00","date_gmt":"2025-01-20T02:43:00","guid":{"rendered":"https:\/\/diarieducacio.cat\/redaccio\/?p=2273"},"modified":"2025-01-17T21:43:34","modified_gmt":"2025-01-17T20:43:34","slug":"iguals-i-diferents-la-dignitat-com-aprenent","status":"publish","type":"post","link":"https:\/\/diarieducacio.cat\/redaccio\/2025\/01\/20\/iguals-i-diferents-la-dignitat-com-aprenent\/","title":{"rendered":"Iguals i diferents. La dignitat com aprenent"},"content":{"rendered":"\n<h5 class=\"wp-block-heading\"><em>El Diari de l\u2019educaci\u00f3<\/em>: deu anys en defensa de la DIVERSITAT. Article de Neus Sammart\u00ed i Digna Couso, publicat a la revista \u201cUn viatge compartit\u201d.<a href=\"https:\/\/lectoresilectors.diarieducacio.cat\/\">\u00a0AMB LA TEVA SUBSCRIPCI\u00d3<\/a>\u00a0far\u00e0s possible deu anys m\u00e9s de periodisme al servei de la comunitat educativa<\/h5>\n\n\n\n<p><em>El que realment et motiva a aprendre \u00e9s creure que tu, siguis noi o noia, filla d\u2019un tipus de fam\u00edlia o una altra, parlis una llengua o una altra, visquis en un barri o a un altre, pots sortir-te\u2019n aprenent. <\/em><em><\/em><\/p>\n\n\n\n<p>Al llarg de l\u2019escolaritat, i des dels primers anys, els infants van reconeixent les difer\u00e8ncies amb els companys i companyes que els envolten, i decideixen si s\u00f3n bons o no acad\u00e8micament, si tenen capacitats suficients per aprendre determinats sabers, i si val la pena fer l\u2019esfor\u00e7 que requereix aprendre. \u00c9s a dir, van construint la seva identitat com aprenents.&nbsp;Quan valorem que, a l\u2019etapa de secund\u00e0ria, a un noi o noia no li agrada dibuixar o la matem\u00e0tica, molt sovint \u00e9s el resultat de la decisi\u00f3 que va prendre quan ja de ben petit comparava els seus dibuixos amb altres companys o reconeixia que no era tan r\u00e0pid fent les sumes. Ens avaluem des que naixem, i \u00e9s quelcom necessari per aprendre sempre que les decisions ajudin a superar dificultats i, per tant, a construir una identitat que no renuncia a aprendre.<\/p>\n\n\n\n<p>Per\u00f2 la construcci\u00f3 de la identitat no nom\u00e9s es relaciona amb el coneixement (en la percepci\u00f3 sobre si s\u2019\u00e9s capa\u00e7 o no), sin\u00f3 tamb\u00e9 amb el fet de situar-se i pert\u00e0nyer a un determinat grup, com, per exemple, els relacionats amb el g\u00e8nere o l\u2019etnicitat. En el cas de les ci\u00e8ncies, per exemple, els estudis mostren que bona part de les noies, probablement seguint l\u2019estereotip socialment compartit sobre qui excel\u00b7leix en tecnologia i\/o ci\u00e8ncia, creuen que no s\u00f3n eficaces aprenent sabers d\u2019aquest \u00e0mbit i\/o que no s\u00f3n \u201cper a elles\u201d. L\u2019experi\u00e8ncia viscuda a l\u2019escola influeix en l\u2019autoconcepte que es va generant i, no cal dir, en les aspiracions personals i professionals, aix\u00ed com en els interessos, entre molts altres aspectes. A poc a poc, els infants es van situant en determinats col\u00b7lectius que sovint perceben com a &nbsp;contraposats: el dels bons o no tan bons estudiants, el de les noies femenines o les que no, el dels nois futbolers o els altres, el dels que fan el que toca o el dels trapelles, el dels que els agraden les ci\u00e8ncies i els n\u00fameros i dels que no, etc., i aquestes decisions condicionen com es veuen capacitats per aprendre i la seva motivaci\u00f3 i esfor\u00e7 en fer-ho. El desenvolupament de la identitat i l\u2019aprenentatge van de bracet, perqu\u00e8 per construir la identitat es necessita aprendre, i aprendre \u00e9s, de fet, convertir-se en alg\u00fa diferent.<\/p>\n\n\n\n<blockquote class=\"wp-block-quote is-layout-flow wp-block-quote-is-layout-flow\">\n<p>Al llarg de l\u2019escolaritat, i des dels primers anys, els infants van reconeixent les difer\u00e8ncies amb els companys i companyes<\/p>\n<\/blockquote>\n\n\n\n<p>Tanmateix, no poden oblidar que els docents tamb\u00e9 hem constru\u00eft la nostra pr\u00f2pia identitat com aprenents, i sovint creiem que \u00e9s la id\u00f2nia i que \u00e9s la que volem \u2018transmetre\u2019 al nostre alumnat. Per exemple, si hem estat persones del grup preocupat per obtenir bones qualificacions, m\u00e9s o menys conscientment intentarem donar valor a promoure aquest objectiu, mentre que si \u00e9rem del grup interessat en preguntar (el dels \u2018curiosos\u2019), les actuacions seran ben diferents. El mateix passa si ens agradava treballar en equip o, en canvi, creiem que era una p\u00e8rdua de temps. Per tant, el primer repte que tenim \u00e9s el de donar valor a la diversitat d\u2019identitats, i aconseguir que el nostre alumnat percebi quins s\u00f3n els punts forts de cadascuna, i com incorporar trets d\u2019altres que puguin ser \u00fatils per aprendre. Per exemple, no cal enfrontar una identitat molt femenina (que pressuposem superficial) amb una de cient\u00edfica (que pressuposem seriosa). Fins i tot l\u2019entitat \u2018trapella\u2019 la podem valorar des del seu vessant creatiu i de bon humor, enfront de percebre-la com a tramposa o falsa.<\/p>\n\n\n\n<p>No podem deixar d\u2019aprofitar la gran influ\u00e8ncia de la identitat en les decisions i comportaments dels infants i joves, i utilitzar-la com a catalitzador de la seva motivaci\u00f3 i implicaci\u00f3&nbsp;a l\u2019escola. Especialment pot ser important aportar testimonis de persones que han trencat estereotips de tot tipus, per exemple, de cient\u00edfics i cient\u00edfiques que destaquin les dificultats que han superat en comptes de la seva excepcionalitat o talent natural, i que explicitin que el seu gust per la ci\u00e8ncia \u00e9s compatible amb els seus altres hobbies o passions, or\u00edgens i caracter\u00edstiques. El repte \u00e9s que els que senten que hi ha un gap entre la seva identitat i la cultura de l\u2019escola, puguin recon\u00e8ixer que \u00e9s quelcom que moltes altres persones senten i que aix\u00f2 no els ha impedit aprendre.<\/p>\n\n\n\n<p>\u00c9s ben cert que la g\u00e8nesi de la identitat (de les identitats, de fet) no t\u00e9 lloc nom\u00e9s a l\u2019escola i que es dona en molts m\u00e9s cercles de la vida, des de la fam\u00edlia fins als grups d\u2019amics fora de l\u2019aula, i passant per la televisi\u00f3, les xarxes socials i els jocs d\u2019ordinador. Per\u00f2 tamb\u00e9 \u00e9s cert que l\u2019escola \u00e9s el lloc on m\u00e9s podem despertar el sentit cr\u00edtic i ajudar a generar una identitat relacionada amb el gust per aprendre que sigui rellevant i gratificant.&nbsp;<\/p>\n\n\n\n<p><\/p>\n","protected":false},"excerpt":{"rendered":"<p>El Diari de l\u2019educaci\u00f3: deu anys en defensa de la DIVERSITAT. Article de Neus Sammart\u00ed i Digna Couso, publicat a la revista \u201cUn viatge compartit\u201d.\u00a0AMB LA TEVA SUBSCRIPCI\u00d3\u00a0far\u00e0s possible deu anys m\u00e9s de periodisme al servei de la comunitat educativa El que realment et motiva a aprendre \u00e9s creure que tu, siguis noi o noia,<\/p>\n","protected":false},"author":1980,"featured_media":2275,"comment_status":"open","ping_status":"open","sticky":false,"template":"","format":"standard","meta":{"footnotes":""},"categories":[153],"tags":[138,136],"class_list":{"0":"post-2273","1":"post","2":"type-post","3":"status-publish","4":"format-standard","5":"has-post-thumbnail","7":"category-opinio","8":"tag-10-anys-del-diari-de-leducacio","9":"tag-diari-de-leducacio"},"yoast_head":"<!-- This site is optimized with the Yoast SEO plugin v27.5 - https:\/\/yoast.com\/product\/yoast-seo-wordpress\/ -->\n<title>Iguals i diferents. La dignitat com aprenent - El Blog de la Redacci\u00f3<\/title>\n<meta name=\"robots\" content=\"index, follow, max-snippet:-1, max-image-preview:large, max-video-preview:-1\" \/>\n<link rel=\"canonical\" href=\"https:\/\/diarieducacio.cat\/redaccio\/2025\/01\/20\/iguals-i-diferents-la-dignitat-com-aprenent\/\" \/>\n<meta property=\"og:locale\" content=\"ca_ES\" \/>\n<meta property=\"og:type\" content=\"article\" \/>\n<meta property=\"og:title\" content=\"Iguals i diferents. La dignitat com aprenent - El Blog de la Redacci\u00f3\" \/>\n<meta property=\"og:description\" content=\"El Diari de l\u2019educaci\u00f3: deu anys en defensa de la DIVERSITAT. Article de Neus Sammart\u00ed i Digna Couso, publicat a la revista \u201cUn viatge compartit\u201d.\u00a0AMB LA TEVA SUBSCRIPCI\u00d3\u00a0far\u00e0s possible deu anys m\u00e9s de periodisme al servei de la comunitat educativa El que realment et motiva a aprendre \u00e9s creure que tu, siguis noi o noia,\" \/>\n<meta property=\"og:url\" content=\"https:\/\/diarieducacio.cat\/redaccio\/2025\/01\/20\/iguals-i-diferents-la-dignitat-com-aprenent\/\" \/>\n<meta property=\"og:site_name\" content=\"El Blog de la Redacci\u00f3\" \/>\n<meta property=\"article:published_time\" content=\"2025-01-20T02:43:00+00:00\" \/>\n<meta property=\"og:image\" content=\"https:\/\/diarieducacio.cat\/redaccio\/wp-content\/uploads\/sites\/23\/2025\/01\/foto-igualtat.jpg\" \/>\n\t<meta property=\"og:image:width\" content=\"785\" \/>\n\t<meta property=\"og:image:height\" content=\"423\" \/>\n\t<meta property=\"og:image:type\" content=\"image\/jpeg\" \/>\n<meta name=\"author\" content=\"Neus Sammart\u00ed i Digna Couso\" \/>\n<meta name=\"twitter:card\" content=\"summary_large_image\" \/>\n<meta name=\"twitter:label1\" content=\"Escrit per\" \/>\n\t<meta name=\"twitter:data1\" content=\"Neus Sammart\u00ed i Digna Couso\" \/>\n\t<meta name=\"twitter:label2\" content=\"Temps estimat de lectura\" \/>\n\t<meta name=\"twitter:data2\" content=\"5 minuts\" \/>\n<script type=\"application\/ld+json\" class=\"yoast-schema-graph\">{\"@context\":\"https:\\\/\\\/schema.org\",\"@graph\":[{\"@type\":\"Article\",\"@id\":\"https:\\\/\\\/diarieducacio.cat\\\/redaccio\\\/2025\\\/01\\\/20\\\/iguals-i-diferents-la-dignitat-com-aprenent\\\/#article\",\"isPartOf\":{\"@id\":\"https:\\\/\\\/diarieducacio.cat\\\/redaccio\\\/2025\\\/01\\\/20\\\/iguals-i-diferents-la-dignitat-com-aprenent\\\/\"},\"author\":{\"name\":\"Neus Sammart\u00ed i Digna Couso\",\"@id\":\"https:\\\/\\\/diarieducacio.cat\\\/redaccio\\\/#\\\/schema\\\/person\\\/8d39c3ee8380a6f6932b77f9bbda6c1b\"},\"headline\":\"Iguals i diferents. La dignitat com aprenent\",\"datePublished\":\"2025-01-20T02:43:00+00:00\",\"mainEntityOfPage\":{\"@id\":\"https:\\\/\\\/diarieducacio.cat\\\/redaccio\\\/2025\\\/01\\\/20\\\/iguals-i-diferents-la-dignitat-com-aprenent\\\/\"},\"wordCount\":953,\"commentCount\":0,\"image\":{\"@id\":\"https:\\\/\\\/diarieducacio.cat\\\/redaccio\\\/2025\\\/01\\\/20\\\/iguals-i-diferents-la-dignitat-com-aprenent\\\/#primaryimage\"},\"thumbnailUrl\":\"https:\\\/\\\/diarieducacio.cat\\\/redaccio\\\/wp-content\\\/uploads\\\/sites\\\/23\\\/2025\\\/01\\\/foto-igualtat.jpg\",\"keywords\":[\"10 anys del Diari de l'Educaci\u00f3\",\"Diari de l'Educaci\u00f3\"],\"articleSection\":[\"Opini\u00f3\"],\"inLanguage\":\"ca\",\"potentialAction\":[{\"@type\":\"CommentAction\",\"name\":\"Comment\",\"target\":[\"https:\\\/\\\/diarieducacio.cat\\\/redaccio\\\/2025\\\/01\\\/20\\\/iguals-i-diferents-la-dignitat-com-aprenent\\\/#respond\"]}]},{\"@type\":\"WebPage\",\"@id\":\"https:\\\/\\\/diarieducacio.cat\\\/redaccio\\\/2025\\\/01\\\/20\\\/iguals-i-diferents-la-dignitat-com-aprenent\\\/\",\"url\":\"https:\\\/\\\/diarieducacio.cat\\\/redaccio\\\/2025\\\/01\\\/20\\\/iguals-i-diferents-la-dignitat-com-aprenent\\\/\",\"name\":\"Iguals i diferents. La dignitat com aprenent - El Blog de la Redacci\u00f3\",\"isPartOf\":{\"@id\":\"https:\\\/\\\/diarieducacio.cat\\\/redaccio\\\/#website\"},\"primaryImageOfPage\":{\"@id\":\"https:\\\/\\\/diarieducacio.cat\\\/redaccio\\\/2025\\\/01\\\/20\\\/iguals-i-diferents-la-dignitat-com-aprenent\\\/#primaryimage\"},\"image\":{\"@id\":\"https:\\\/\\\/diarieducacio.cat\\\/redaccio\\\/2025\\\/01\\\/20\\\/iguals-i-diferents-la-dignitat-com-aprenent\\\/#primaryimage\"},\"thumbnailUrl\":\"https:\\\/\\\/diarieducacio.cat\\\/redaccio\\\/wp-content\\\/uploads\\\/sites\\\/23\\\/2025\\\/01\\\/foto-igualtat.jpg\",\"datePublished\":\"2025-01-20T02:43:00+00:00\",\"author\":{\"@id\":\"https:\\\/\\\/diarieducacio.cat\\\/redaccio\\\/#\\\/schema\\\/person\\\/8d39c3ee8380a6f6932b77f9bbda6c1b\"},\"breadcrumb\":{\"@id\":\"https:\\\/\\\/diarieducacio.cat\\\/redaccio\\\/2025\\\/01\\\/20\\\/iguals-i-diferents-la-dignitat-com-aprenent\\\/#breadcrumb\"},\"inLanguage\":\"ca\",\"potentialAction\":[{\"@type\":\"ReadAction\",\"target\":[\"https:\\\/\\\/diarieducacio.cat\\\/redaccio\\\/2025\\\/01\\\/20\\\/iguals-i-diferents-la-dignitat-com-aprenent\\\/\"]}]},{\"@type\":\"ImageObject\",\"inLanguage\":\"ca\",\"@id\":\"https:\\\/\\\/diarieducacio.cat\\\/redaccio\\\/2025\\\/01\\\/20\\\/iguals-i-diferents-la-dignitat-com-aprenent\\\/#primaryimage\",\"url\":\"https:\\\/\\\/diarieducacio.cat\\\/redaccio\\\/wp-content\\\/uploads\\\/sites\\\/23\\\/2025\\\/01\\\/foto-igualtat.jpg\",\"contentUrl\":\"https:\\\/\\\/diarieducacio.cat\\\/redaccio\\\/wp-content\\\/uploads\\\/sites\\\/23\\\/2025\\\/01\\\/foto-igualtat.jpg\",\"width\":785,\"height\":423},{\"@type\":\"BreadcrumbList\",\"@id\":\"https:\\\/\\\/diarieducacio.cat\\\/redaccio\\\/2025\\\/01\\\/20\\\/iguals-i-diferents-la-dignitat-com-aprenent\\\/#breadcrumb\",\"itemListElement\":[{\"@type\":\"ListItem\",\"position\":1,\"name\":\"Inici\",\"item\":\"https:\\\/\\\/diarieducacio.cat\\\/redaccio\\\/\"},{\"@type\":\"ListItem\",\"position\":2,\"name\":\"Iguals i diferents. La dignitat com aprenent\"}]},{\"@type\":\"WebSite\",\"@id\":\"https:\\\/\\\/diarieducacio.cat\\\/redaccio\\\/#website\",\"url\":\"https:\\\/\\\/diarieducacio.cat\\\/redaccio\\\/\",\"name\":\"El Blog de la Redacci\u00f3\",\"description\":\"Un blog d&#039;El Diari de l&#039;Educaci\u00f3\",\"potentialAction\":[{\"@type\":\"SearchAction\",\"target\":{\"@type\":\"EntryPoint\",\"urlTemplate\":\"https:\\\/\\\/diarieducacio.cat\\\/redaccio\\\/?s={search_term_string}\"},\"query-input\":{\"@type\":\"PropertyValueSpecification\",\"valueRequired\":true,\"valueName\":\"search_term_string\"}}],\"inLanguage\":\"ca\"},{\"@type\":\"Person\",\"@id\":\"https:\\\/\\\/diarieducacio.cat\\\/redaccio\\\/#\\\/schema\\\/person\\\/8d39c3ee8380a6f6932b77f9bbda6c1b\",\"name\":\"Neus Sammart\u00ed i Digna Couso\",\"image\":{\"@type\":\"ImageObject\",\"inLanguage\":\"ca\",\"@id\":\"https:\\\/\\\/diarieducacio.cat\\\/redaccio\\\/wp-content\\\/uploads\\\/sites\\\/23\\\/2025\\\/01\\\/neus-sammarti-i-digna-couso_avatar-96x96.jpg\",\"url\":\"https:\\\/\\\/diarieducacio.cat\\\/redaccio\\\/wp-content\\\/uploads\\\/sites\\\/23\\\/2025\\\/01\\\/neus-sammarti-i-digna-couso_avatar-96x96.jpg\",\"contentUrl\":\"https:\\\/\\\/diarieducacio.cat\\\/redaccio\\\/wp-content\\\/uploads\\\/sites\\\/23\\\/2025\\\/01\\\/neus-sammarti-i-digna-couso_avatar-96x96.jpg\",\"caption\":\"Neus Sammart\u00ed i Digna Couso\"},\"description\":\"Professores de Did\u00e0ctica de les Ci\u00e8ncies (UAB). Interessades per aprofundir en com despertar el gust per aprendre de tot l\u2019alumnat\",\"url\":\"https:\\\/\\\/diarieducacio.cat\\\/redaccio\\\/author\\\/neussammartidignacouso\\\/\"}]}<\/script>\n<!-- \/ Yoast SEO plugin. -->","yoast_head_json":{"title":"Iguals i diferents. La dignitat com aprenent - El Blog de la Redacci\u00f3","robots":{"index":"index","follow":"follow","max-snippet":"max-snippet:-1","max-image-preview":"max-image-preview:large","max-video-preview":"max-video-preview:-1"},"canonical":"https:\/\/diarieducacio.cat\/redaccio\/2025\/01\/20\/iguals-i-diferents-la-dignitat-com-aprenent\/","og_locale":"ca_ES","og_type":"article","og_title":"Iguals i diferents. La dignitat com aprenent - El Blog de la Redacci\u00f3","og_description":"El Diari de l\u2019educaci\u00f3: deu anys en defensa de la DIVERSITAT. Article de Neus Sammart\u00ed i Digna Couso, publicat a la revista \u201cUn viatge compartit\u201d.\u00a0AMB LA TEVA SUBSCRIPCI\u00d3\u00a0far\u00e0s possible deu anys m\u00e9s de periodisme al servei de la comunitat educativa El que realment et motiva a aprendre \u00e9s creure que tu, siguis noi o noia,","og_url":"https:\/\/diarieducacio.cat\/redaccio\/2025\/01\/20\/iguals-i-diferents-la-dignitat-com-aprenent\/","og_site_name":"El Blog de la Redacci\u00f3","article_published_time":"2025-01-20T02:43:00+00:00","og_image":[{"width":785,"height":423,"url":"https:\/\/diarieducacio.cat\/redaccio\/wp-content\/uploads\/sites\/23\/2025\/01\/foto-igualtat.jpg","type":"image\/jpeg"}],"author":"Neus Sammart\u00ed i Digna Couso","twitter_card":"summary_large_image","twitter_misc":{"Escrit per":"Neus Sammart\u00ed i Digna Couso","Temps estimat de lectura":"5 minuts"},"schema":{"@context":"https:\/\/schema.org","@graph":[{"@type":"Article","@id":"https:\/\/diarieducacio.cat\/redaccio\/2025\/01\/20\/iguals-i-diferents-la-dignitat-com-aprenent\/#article","isPartOf":{"@id":"https:\/\/diarieducacio.cat\/redaccio\/2025\/01\/20\/iguals-i-diferents-la-dignitat-com-aprenent\/"},"author":{"name":"Neus Sammart\u00ed i Digna Couso","@id":"https:\/\/diarieducacio.cat\/redaccio\/#\/schema\/person\/8d39c3ee8380a6f6932b77f9bbda6c1b"},"headline":"Iguals i diferents. La dignitat com aprenent","datePublished":"2025-01-20T02:43:00+00:00","mainEntityOfPage":{"@id":"https:\/\/diarieducacio.cat\/redaccio\/2025\/01\/20\/iguals-i-diferents-la-dignitat-com-aprenent\/"},"wordCount":953,"commentCount":0,"image":{"@id":"https:\/\/diarieducacio.cat\/redaccio\/2025\/01\/20\/iguals-i-diferents-la-dignitat-com-aprenent\/#primaryimage"},"thumbnailUrl":"https:\/\/diarieducacio.cat\/redaccio\/wp-content\/uploads\/sites\/23\/2025\/01\/foto-igualtat.jpg","keywords":["10 anys del Diari de l'Educaci\u00f3","Diari de l'Educaci\u00f3"],"articleSection":["Opini\u00f3"],"inLanguage":"ca","potentialAction":[{"@type":"CommentAction","name":"Comment","target":["https:\/\/diarieducacio.cat\/redaccio\/2025\/01\/20\/iguals-i-diferents-la-dignitat-com-aprenent\/#respond"]}]},{"@type":"WebPage","@id":"https:\/\/diarieducacio.cat\/redaccio\/2025\/01\/20\/iguals-i-diferents-la-dignitat-com-aprenent\/","url":"https:\/\/diarieducacio.cat\/redaccio\/2025\/01\/20\/iguals-i-diferents-la-dignitat-com-aprenent\/","name":"Iguals i diferents. La dignitat com aprenent - El Blog de la Redacci\u00f3","isPartOf":{"@id":"https:\/\/diarieducacio.cat\/redaccio\/#website"},"primaryImageOfPage":{"@id":"https:\/\/diarieducacio.cat\/redaccio\/2025\/01\/20\/iguals-i-diferents-la-dignitat-com-aprenent\/#primaryimage"},"image":{"@id":"https:\/\/diarieducacio.cat\/redaccio\/2025\/01\/20\/iguals-i-diferents-la-dignitat-com-aprenent\/#primaryimage"},"thumbnailUrl":"https:\/\/diarieducacio.cat\/redaccio\/wp-content\/uploads\/sites\/23\/2025\/01\/foto-igualtat.jpg","datePublished":"2025-01-20T02:43:00+00:00","author":{"@id":"https:\/\/diarieducacio.cat\/redaccio\/#\/schema\/person\/8d39c3ee8380a6f6932b77f9bbda6c1b"},"breadcrumb":{"@id":"https:\/\/diarieducacio.cat\/redaccio\/2025\/01\/20\/iguals-i-diferents-la-dignitat-com-aprenent\/#breadcrumb"},"inLanguage":"ca","potentialAction":[{"@type":"ReadAction","target":["https:\/\/diarieducacio.cat\/redaccio\/2025\/01\/20\/iguals-i-diferents-la-dignitat-com-aprenent\/"]}]},{"@type":"ImageObject","inLanguage":"ca","@id":"https:\/\/diarieducacio.cat\/redaccio\/2025\/01\/20\/iguals-i-diferents-la-dignitat-com-aprenent\/#primaryimage","url":"https:\/\/diarieducacio.cat\/redaccio\/wp-content\/uploads\/sites\/23\/2025\/01\/foto-igualtat.jpg","contentUrl":"https:\/\/diarieducacio.cat\/redaccio\/wp-content\/uploads\/sites\/23\/2025\/01\/foto-igualtat.jpg","width":785,"height":423},{"@type":"BreadcrumbList","@id":"https:\/\/diarieducacio.cat\/redaccio\/2025\/01\/20\/iguals-i-diferents-la-dignitat-com-aprenent\/#breadcrumb","itemListElement":[{"@type":"ListItem","position":1,"name":"Inici","item":"https:\/\/diarieducacio.cat\/redaccio\/"},{"@type":"ListItem","position":2,"name":"Iguals i diferents. La dignitat com aprenent"}]},{"@type":"WebSite","@id":"https:\/\/diarieducacio.cat\/redaccio\/#website","url":"https:\/\/diarieducacio.cat\/redaccio\/","name":"El Blog de la Redacci\u00f3","description":"Un blog d&#039;El Diari de l&#039;Educaci\u00f3","potentialAction":[{"@type":"SearchAction","target":{"@type":"EntryPoint","urlTemplate":"https:\/\/diarieducacio.cat\/redaccio\/?s={search_term_string}"},"query-input":{"@type":"PropertyValueSpecification","valueRequired":true,"valueName":"search_term_string"}}],"inLanguage":"ca"},{"@type":"Person","@id":"https:\/\/diarieducacio.cat\/redaccio\/#\/schema\/person\/8d39c3ee8380a6f6932b77f9bbda6c1b","name":"Neus Sammart\u00ed i Digna Couso","image":{"@type":"ImageObject","inLanguage":"ca","@id":"https:\/\/diarieducacio.cat\/redaccio\/wp-content\/uploads\/sites\/23\/2025\/01\/neus-sammarti-i-digna-couso_avatar-96x96.jpg","url":"https:\/\/diarieducacio.cat\/redaccio\/wp-content\/uploads\/sites\/23\/2025\/01\/neus-sammarti-i-digna-couso_avatar-96x96.jpg","contentUrl":"https:\/\/diarieducacio.cat\/redaccio\/wp-content\/uploads\/sites\/23\/2025\/01\/neus-sammarti-i-digna-couso_avatar-96x96.jpg","caption":"Neus Sammart\u00ed i Digna Couso"},"description":"Professores de Did\u00e0ctica de les Ci\u00e8ncies (UAB). Interessades per aprofundir en com despertar el gust per aprendre de tot l\u2019alumnat","url":"https:\/\/diarieducacio.cat\/redaccio\/author\/neussammartidignacouso\/"}]}},"_links":{"self":[{"href":"https:\/\/diarieducacio.cat\/redaccio\/wp-json\/wp\/v2\/posts\/2273","targetHints":{"allow":["GET"]}}],"collection":[{"href":"https:\/\/diarieducacio.cat\/redaccio\/wp-json\/wp\/v2\/posts"}],"about":[{"href":"https:\/\/diarieducacio.cat\/redaccio\/wp-json\/wp\/v2\/types\/post"}],"author":[{"embeddable":true,"href":"https:\/\/diarieducacio.cat\/redaccio\/wp-json\/wp\/v2\/users\/1980"}],"replies":[{"embeddable":true,"href":"https:\/\/diarieducacio.cat\/redaccio\/wp-json\/wp\/v2\/comments?post=2273"}],"version-history":[{"count":3,"href":"https:\/\/diarieducacio.cat\/redaccio\/wp-json\/wp\/v2\/posts\/2273\/revisions"}],"predecessor-version":[{"id":2278,"href":"https:\/\/diarieducacio.cat\/redaccio\/wp-json\/wp\/v2\/posts\/2273\/revisions\/2278"}],"wp:featuredmedia":[{"embeddable":true,"href":"https:\/\/diarieducacio.cat\/redaccio\/wp-json\/wp\/v2\/media\/2275"}],"wp:attachment":[{"href":"https:\/\/diarieducacio.cat\/redaccio\/wp-json\/wp\/v2\/media?parent=2273"}],"wp:term":[{"taxonomy":"category","embeddable":true,"href":"https:\/\/diarieducacio.cat\/redaccio\/wp-json\/wp\/v2\/categories?post=2273"},{"taxonomy":"post_tag","embeddable":true,"href":"https:\/\/diarieducacio.cat\/redaccio\/wp-json\/wp\/v2\/tags?post=2273"}],"curies":[{"name":"wp","href":"https:\/\/api.w.org\/{rel}","templated":true}]}}