{"id":2326,"date":"2025-02-04T08:20:00","date_gmt":"2025-02-04T07:20:00","guid":{"rendered":"https:\/\/diarieducacio.cat\/redaccio\/?p=2326"},"modified":"2025-01-28T18:20:52","modified_gmt":"2025-01-28T17:20:52","slug":"cures-i-relacions-de-la-ciutadania-digital","status":"publish","type":"post","link":"https:\/\/diarieducacio.cat\/redaccio\/2025\/02\/04\/cures-i-relacions-de-la-ciutadania-digital\/","title":{"rendered":"Cures i relacions de la ciutadania digital"},"content":{"rendered":"\n<h5 class=\"wp-block-heading\">10 anys del Diari de l\u2019Educaci\u00f3. Ezequiel Passeron a la revista \u2018Un viatge compartit\u2019: \u201cMolta pedagogia davant tanta tecnologia, per a crear una cultura de ciutadania digital\u201d.\u00a0<a href=\"https:\/\/lectoresilectors.diarieducacio.cat\/\">Amb la teva subscripci\u00f3<\/a>\u00a0far\u00e0s possible deu anys m\u00e9s de periodisme al servei de la comunitat educativa.<\/h5>\n\n\n\n<p>Els inicis de la segona d\u00e8cada del segle XXI es caracteritzen per la conviv\u00e8ncia de la ciutadania amb les m\u00e0quines digitals. La pand\u00e8mia global va comportar un xoc de virtualitzaci\u00f3 (Costa, 2023) de la nostra vida quotidiana. Aix\u00ed, en l&#8217;actualitat, s\u00f3n poques les activitats humanes i els lla\u00e7os socials que no es troben datificades (Rodr\u00edguez, 2020). Ens informem, comuniquem, vinculem, eduquem i una llarga llista d&#8217;etc\u00e8teres a trav\u00e9s de les plataformes digitals. Davant tal gran revoluci\u00f3 en la nostra manera de ser i estar en el m\u00f3n, on les nostres identitats, vincles personals i relacions amb la informaci\u00f3 es veuen interpel\u00b7lades, l&#8217;educaci\u00f3 en general i les institucions educatives en particular tenim el desafiament de pensar i reflexionar sobre les nostres relacions amb les tecnologies digitals.<\/p>\n\n\n\n<p>Despr\u00e9s de molts anys de solucionisme tecnol\u00f2gic (Morozov, 2013) amb la creen\u00e7a que com m\u00e9s tecnologia millor seria l&#8217;educaci\u00f3, passem a un context signat per la desconfian\u00e7a i les postures apocal\u00edptiques. Volem tecnologia?, es pregunta Garces (2020). S\u00ed, clar, respon. La pregunta que ens hem de fer ara \u00e9s: \u2018com la volem?\u2019, seguida de \u2018per a qu\u00e8 la volem?\u2019<\/p>\n\n\n\n<p>En altres paraules, \u00e9s prendre la invitaci\u00f3 de Baricco (2018) que ens convoca a fer-nos c\u00e0rrec de la revoluci\u00f3 mental que precedeix a la digital. \u00c9s a dir, a responsabilitzar-nos per les invencions t\u00e8cniques que avui dia ens envolten. Per a aix\u00f2, ve b\u00e9 fer un recorregut per la filosofia de la t\u00e8cnica (Ferrer, 2013), amb la finalitat de buidar-nos de la boira medi\u00e0tica i conrear aix\u00ed noves preguntes i relacions (Haraway, 1984) amb les m\u00e0quines i tecnologies digitals.<\/p>\n\n\n\n<p>Simondon (2008) parla de la necessitat de desenvolupar un saber intu\u00eftiu (diferent a l&#8217;instrumental o utilitari) sobre els \u00e9ssers t\u00e8cnics. Aix\u00f2 \u00e9s, con\u00e8ixer les arquitectures dels espais que s&#8217;habiten di\u00e0riament -plataformes com a Whatsapp, Tik-Tok, Instagram, Discord, etc.)-, les seves matrius o esquelets (Moyano, 2022), les relacions que propicien (Osuna Acedo et.al, 2018), els usos i pr\u00e0ctiques que possibiliten (Ferres, 2022) i els interessos i valors que hi ha en joc (Sibilia, 2016). Es tracta de poder comprendre de quina manera funcionen, per a intentar imaginar noves maneres de vincular-se amb les tecnologies digitals.<\/p>\n\n\n\n<p>La met\u00e0fora dels nadius digitals (Prensky, 2001) va quedar rebatuda per la recerca cient\u00edfica (Helsper i Enyon, 2009), per\u00f2 els seus efectes perduren en el temps. Nens, nenes i joves necessiten dels seus adults de confian\u00e7a per a la seva cura (Vall\u00e8s Peris, 2021), acompanyament i educaci\u00f3. No obstant aix\u00f2, els qui som a les aules no som especialistes en inform\u00e0tica i ens costa entendre com funcionen les plataformes. Des d&#8217;on podem ensenyar sobre el m\u00f3n digital?<\/p>\n\n\n\n<p>Des de les nostres vulnerabilitats, sost\u00e9 Moyano (2022), partint des d&#8217;una concepci\u00f3 d&#8217;internet i el digital com a territori i espai social (Van Dijck, 2016), on s&#8217;interactua permanentment amb la informaci\u00f3 i, per tant, s&#8217;afecta la nostra subjectivitat i construcci\u00f3 de sentit. Qu\u00e8 ens va passar a nosaltres amb les tecnologies hist\u00f2riques amb les quals ens va tocar conviure? Qu\u00e8 ens passa amb aquestes tecnologies emergents? Un bon docent, diu Dussel (2021), hauria de ser una ant\u00edtesi de l&#8217;algorisme. \u00c9s a dir, no brindar informaci\u00f3 a la carta, fixant a l&#8217;altre o l&#8217;altra en el seu passat; sin\u00f3 m\u00e9s aviat, designant: \u201caix\u00f2 \u00e9s per a tu\u201d, ja que et conec, et convido aquesta informaci\u00f3 o contingut que intueixo que t&#8217;agradar\u00e0 aprendre. El cam\u00ed de l&#8217;emancipaci\u00f3, el que busca el mestre ignorant (Ranciere, 1987).<\/p>\n\n\n\n<p>Amb la pregunta en la butxaca (Casas, 2021), la pedagogia del comprom\u00eds (hooks, 2019) en acci\u00f3, activant el di\u00e0leg i la reflexi\u00f3 com a premisses per a donar ag\u00e8ncia (Freire, 2010) en les nostres trobades \u00e0uliques, i aix\u00ed crear espais i temps genu\u00efns (Masschelein i Simons, 2014) per a estudiar el m\u00f3n (avui el digital) i identificar quines cures dels drets de la ciutadania s\u00f3n necessaris promoure des de les parets, aules i passadissos de les institucions d&#8217;ensenyament. Com solia dir Vera Rexach, \u201cmolta pedagogia davant tanta tecnologia\u201d, per a crear una cultura de ciutadania digital en el context de les intel\u00b7lig\u00e8ncies artificials generatives.<\/p>\n","protected":false},"excerpt":{"rendered":"<p>10 anys del Diari de l\u2019Educaci\u00f3. Ezequiel Passeron a la revista \u2018Un viatge compartit\u2019: \u201cMolta pedagogia davant tanta tecnologia, per a crear una cultura de ciutadania digital\u201d.\u00a0Amb la teva subscripci\u00f3\u00a0far\u00e0s possible deu anys m\u00e9s de periodisme al servei de la comunitat educativa. Els inicis de la segona d\u00e8cada del segle XXI es caracteritzen per la<\/p>\n","protected":false},"author":1990,"featured_media":1849,"comment_status":"open","ping_status":"open","sticky":false,"template":"","format":"standard","meta":{"footnotes":""},"categories":[153],"tags":[138,136],"class_list":{"0":"post-2326","1":"post","2":"type-post","3":"status-publish","4":"format-standard","5":"has-post-thumbnail","7":"category-opinio","8":"tag-10-anys-del-diari-de-leducacio","9":"tag-diari-de-leducacio"},"yoast_head":"<!-- This site is optimized with the Yoast SEO plugin v27.5 - https:\/\/yoast.com\/product\/yoast-seo-wordpress\/ -->\n<title>Cures i relacions de la ciutadania digital - El Blog de la Redacci\u00f3<\/title>\n<meta name=\"robots\" content=\"index, follow, max-snippet:-1, max-image-preview:large, max-video-preview:-1\" \/>\n<link rel=\"canonical\" href=\"https:\/\/diarieducacio.cat\/redaccio\/2025\/02\/04\/cures-i-relacions-de-la-ciutadania-digital\/\" \/>\n<meta property=\"og:locale\" content=\"ca_ES\" \/>\n<meta property=\"og:type\" content=\"article\" \/>\n<meta property=\"og:title\" content=\"Cures i relacions de la ciutadania digital - El Blog de la Redacci\u00f3\" \/>\n<meta property=\"og:description\" content=\"10 anys del Diari de l\u2019Educaci\u00f3. Ezequiel Passeron a la revista \u2018Un viatge compartit\u2019: \u201cMolta pedagogia davant tanta tecnologia, per a crear una cultura de ciutadania digital\u201d.\u00a0Amb la teva subscripci\u00f3\u00a0far\u00e0s possible deu anys m\u00e9s de periodisme al servei de la comunitat educativa. Els inicis de la segona d\u00e8cada del segle XXI es caracteritzen per la\" \/>\n<meta property=\"og:url\" content=\"https:\/\/diarieducacio.cat\/redaccio\/2025\/02\/04\/cures-i-relacions-de-la-ciutadania-digital\/\" \/>\n<meta property=\"og:site_name\" content=\"El Blog de la Redacci\u00f3\" \/>\n<meta property=\"article:published_time\" content=\"2025-02-04T07:20:00+00:00\" \/>\n<meta property=\"og:image\" content=\"https:\/\/diarieducacio.cat\/redaccio\/wp-content\/uploads\/sites\/23\/2024\/01\/portada-doble-DE-10-anys-1.jpg\" \/>\n\t<meta property=\"og:image:width\" content=\"2126\" \/>\n\t<meta property=\"og:image:height\" content=\"1476\" \/>\n\t<meta property=\"og:image:type\" content=\"image\/jpeg\" \/>\n<meta name=\"author\" content=\"Ezequiel Passeron\" \/>\n<meta name=\"twitter:card\" content=\"summary_large_image\" \/>\n<meta name=\"twitter:label1\" content=\"Escrit per\" \/>\n\t<meta name=\"twitter:data1\" content=\"Ezequiel Passeron\" \/>\n\t<meta name=\"twitter:label2\" content=\"Temps estimat de lectura\" \/>\n\t<meta name=\"twitter:data2\" content=\"5 minuts\" \/>\n<script type=\"application\/ld+json\" class=\"yoast-schema-graph\">{\"@context\":\"https:\\\/\\\/schema.org\",\"@graph\":[{\"@type\":\"Article\",\"@id\":\"https:\\\/\\\/diarieducacio.cat\\\/redaccio\\\/2025\\\/02\\\/04\\\/cures-i-relacions-de-la-ciutadania-digital\\\/#article\",\"isPartOf\":{\"@id\":\"https:\\\/\\\/diarieducacio.cat\\\/redaccio\\\/2025\\\/02\\\/04\\\/cures-i-relacions-de-la-ciutadania-digital\\\/\"},\"author\":{\"name\":\"Ezequiel Passeron\",\"@id\":\"https:\\\/\\\/diarieducacio.cat\\\/redaccio\\\/#\\\/schema\\\/person\\\/19aeb31310ad9bece628f3ffa5c62a0b\"},\"headline\":\"Cures i relacions de la ciutadania digital\",\"datePublished\":\"2025-02-04T07:20:00+00:00\",\"mainEntityOfPage\":{\"@id\":\"https:\\\/\\\/diarieducacio.cat\\\/redaccio\\\/2025\\\/02\\\/04\\\/cures-i-relacions-de-la-ciutadania-digital\\\/\"},\"wordCount\":764,\"commentCount\":0,\"image\":{\"@id\":\"https:\\\/\\\/diarieducacio.cat\\\/redaccio\\\/2025\\\/02\\\/04\\\/cures-i-relacions-de-la-ciutadania-digital\\\/#primaryimage\"},\"thumbnailUrl\":\"https:\\\/\\\/diarieducacio.cat\\\/redaccio\\\/wp-content\\\/uploads\\\/sites\\\/23\\\/2024\\\/01\\\/portada-doble-DE-10-anys-1.jpg\",\"keywords\":[\"10 anys del Diari de l'Educaci\u00f3\",\"Diari de l'Educaci\u00f3\"],\"articleSection\":[\"Opini\u00f3\"],\"inLanguage\":\"ca\",\"potentialAction\":[{\"@type\":\"CommentAction\",\"name\":\"Comment\",\"target\":[\"https:\\\/\\\/diarieducacio.cat\\\/redaccio\\\/2025\\\/02\\\/04\\\/cures-i-relacions-de-la-ciutadania-digital\\\/#respond\"]}]},{\"@type\":\"WebPage\",\"@id\":\"https:\\\/\\\/diarieducacio.cat\\\/redaccio\\\/2025\\\/02\\\/04\\\/cures-i-relacions-de-la-ciutadania-digital\\\/\",\"url\":\"https:\\\/\\\/diarieducacio.cat\\\/redaccio\\\/2025\\\/02\\\/04\\\/cures-i-relacions-de-la-ciutadania-digital\\\/\",\"name\":\"Cures i relacions de la ciutadania digital - El Blog de la Redacci\u00f3\",\"isPartOf\":{\"@id\":\"https:\\\/\\\/diarieducacio.cat\\\/redaccio\\\/#website\"},\"primaryImageOfPage\":{\"@id\":\"https:\\\/\\\/diarieducacio.cat\\\/redaccio\\\/2025\\\/02\\\/04\\\/cures-i-relacions-de-la-ciutadania-digital\\\/#primaryimage\"},\"image\":{\"@id\":\"https:\\\/\\\/diarieducacio.cat\\\/redaccio\\\/2025\\\/02\\\/04\\\/cures-i-relacions-de-la-ciutadania-digital\\\/#primaryimage\"},\"thumbnailUrl\":\"https:\\\/\\\/diarieducacio.cat\\\/redaccio\\\/wp-content\\\/uploads\\\/sites\\\/23\\\/2024\\\/01\\\/portada-doble-DE-10-anys-1.jpg\",\"datePublished\":\"2025-02-04T07:20:00+00:00\",\"author\":{\"@id\":\"https:\\\/\\\/diarieducacio.cat\\\/redaccio\\\/#\\\/schema\\\/person\\\/19aeb31310ad9bece628f3ffa5c62a0b\"},\"breadcrumb\":{\"@id\":\"https:\\\/\\\/diarieducacio.cat\\\/redaccio\\\/2025\\\/02\\\/04\\\/cures-i-relacions-de-la-ciutadania-digital\\\/#breadcrumb\"},\"inLanguage\":\"ca\",\"potentialAction\":[{\"@type\":\"ReadAction\",\"target\":[\"https:\\\/\\\/diarieducacio.cat\\\/redaccio\\\/2025\\\/02\\\/04\\\/cures-i-relacions-de-la-ciutadania-digital\\\/\"]}]},{\"@type\":\"ImageObject\",\"inLanguage\":\"ca\",\"@id\":\"https:\\\/\\\/diarieducacio.cat\\\/redaccio\\\/2025\\\/02\\\/04\\\/cures-i-relacions-de-la-ciutadania-digital\\\/#primaryimage\",\"url\":\"https:\\\/\\\/diarieducacio.cat\\\/redaccio\\\/wp-content\\\/uploads\\\/sites\\\/23\\\/2024\\\/01\\\/portada-doble-DE-10-anys-1.jpg\",\"contentUrl\":\"https:\\\/\\\/diarieducacio.cat\\\/redaccio\\\/wp-content\\\/uploads\\\/sites\\\/23\\\/2024\\\/01\\\/portada-doble-DE-10-anys-1.jpg\",\"width\":2126,\"height\":1476},{\"@type\":\"BreadcrumbList\",\"@id\":\"https:\\\/\\\/diarieducacio.cat\\\/redaccio\\\/2025\\\/02\\\/04\\\/cures-i-relacions-de-la-ciutadania-digital\\\/#breadcrumb\",\"itemListElement\":[{\"@type\":\"ListItem\",\"position\":1,\"name\":\"Inici\",\"item\":\"https:\\\/\\\/diarieducacio.cat\\\/redaccio\\\/\"},{\"@type\":\"ListItem\",\"position\":2,\"name\":\"Cures i relacions de la ciutadania digital\"}]},{\"@type\":\"WebSite\",\"@id\":\"https:\\\/\\\/diarieducacio.cat\\\/redaccio\\\/#website\",\"url\":\"https:\\\/\\\/diarieducacio.cat\\\/redaccio\\\/\",\"name\":\"El Blog de la Redacci\u00f3\",\"description\":\"Un blog d&#039;El Diari de l&#039;Educaci\u00f3\",\"potentialAction\":[{\"@type\":\"SearchAction\",\"target\":{\"@type\":\"EntryPoint\",\"urlTemplate\":\"https:\\\/\\\/diarieducacio.cat\\\/redaccio\\\/?s={search_term_string}\"},\"query-input\":{\"@type\":\"PropertyValueSpecification\",\"valueRequired\":true,\"valueName\":\"search_term_string\"}}],\"inLanguage\":\"ca\"},{\"@type\":\"Person\",\"@id\":\"https:\\\/\\\/diarieducacio.cat\\\/redaccio\\\/#\\\/schema\\\/person\\\/19aeb31310ad9bece628f3ffa5c62a0b\",\"name\":\"Ezequiel Passeron\",\"image\":{\"@type\":\"ImageObject\",\"inLanguage\":\"ca\",\"@id\":\"https:\\\/\\\/diarieducacio.cat\\\/redaccio\\\/wp-content\\\/uploads\\\/sites\\\/23\\\/2025\\\/01\\\/epasseron_avatar-96x96.jpg\",\"url\":\"https:\\\/\\\/diarieducacio.cat\\\/redaccio\\\/wp-content\\\/uploads\\\/sites\\\/23\\\/2025\\\/01\\\/epasseron_avatar-96x96.jpg\",\"contentUrl\":\"https:\\\/\\\/diarieducacio.cat\\\/redaccio\\\/wp-content\\\/uploads\\\/sites\\\/23\\\/2025\\\/01\\\/epasseron_avatar-96x96.jpg\",\"caption\":\"Ezequiel Passeron\"},\"description\":\"Director d'Educomunicaci\u00f3 de Faro Digital i professor associat de la Universitat de Barcelona\",\"url\":\"https:\\\/\\\/diarieducacio.cat\\\/redaccio\\\/author\\\/epasseron\\\/\"}]}<\/script>\n<!-- \/ Yoast SEO plugin. -->","yoast_head_json":{"title":"Cures i relacions de la ciutadania digital - El Blog de la Redacci\u00f3","robots":{"index":"index","follow":"follow","max-snippet":"max-snippet:-1","max-image-preview":"max-image-preview:large","max-video-preview":"max-video-preview:-1"},"canonical":"https:\/\/diarieducacio.cat\/redaccio\/2025\/02\/04\/cures-i-relacions-de-la-ciutadania-digital\/","og_locale":"ca_ES","og_type":"article","og_title":"Cures i relacions de la ciutadania digital - El Blog de la Redacci\u00f3","og_description":"10 anys del Diari de l\u2019Educaci\u00f3. Ezequiel Passeron a la revista \u2018Un viatge compartit\u2019: \u201cMolta pedagogia davant tanta tecnologia, per a crear una cultura de ciutadania digital\u201d.\u00a0Amb la teva subscripci\u00f3\u00a0far\u00e0s possible deu anys m\u00e9s de periodisme al servei de la comunitat educativa. Els inicis de la segona d\u00e8cada del segle XXI es caracteritzen per la","og_url":"https:\/\/diarieducacio.cat\/redaccio\/2025\/02\/04\/cures-i-relacions-de-la-ciutadania-digital\/","og_site_name":"El Blog de la Redacci\u00f3","article_published_time":"2025-02-04T07:20:00+00:00","og_image":[{"width":2126,"height":1476,"url":"https:\/\/diarieducacio.cat\/redaccio\/wp-content\/uploads\/sites\/23\/2024\/01\/portada-doble-DE-10-anys-1.jpg","type":"image\/jpeg"}],"author":"Ezequiel Passeron","twitter_card":"summary_large_image","twitter_misc":{"Escrit per":"Ezequiel Passeron","Temps estimat de lectura":"5 minuts"},"schema":{"@context":"https:\/\/schema.org","@graph":[{"@type":"Article","@id":"https:\/\/diarieducacio.cat\/redaccio\/2025\/02\/04\/cures-i-relacions-de-la-ciutadania-digital\/#article","isPartOf":{"@id":"https:\/\/diarieducacio.cat\/redaccio\/2025\/02\/04\/cures-i-relacions-de-la-ciutadania-digital\/"},"author":{"name":"Ezequiel Passeron","@id":"https:\/\/diarieducacio.cat\/redaccio\/#\/schema\/person\/19aeb31310ad9bece628f3ffa5c62a0b"},"headline":"Cures i relacions de la ciutadania digital","datePublished":"2025-02-04T07:20:00+00:00","mainEntityOfPage":{"@id":"https:\/\/diarieducacio.cat\/redaccio\/2025\/02\/04\/cures-i-relacions-de-la-ciutadania-digital\/"},"wordCount":764,"commentCount":0,"image":{"@id":"https:\/\/diarieducacio.cat\/redaccio\/2025\/02\/04\/cures-i-relacions-de-la-ciutadania-digital\/#primaryimage"},"thumbnailUrl":"https:\/\/diarieducacio.cat\/redaccio\/wp-content\/uploads\/sites\/23\/2024\/01\/portada-doble-DE-10-anys-1.jpg","keywords":["10 anys del Diari de l'Educaci\u00f3","Diari de l'Educaci\u00f3"],"articleSection":["Opini\u00f3"],"inLanguage":"ca","potentialAction":[{"@type":"CommentAction","name":"Comment","target":["https:\/\/diarieducacio.cat\/redaccio\/2025\/02\/04\/cures-i-relacions-de-la-ciutadania-digital\/#respond"]}]},{"@type":"WebPage","@id":"https:\/\/diarieducacio.cat\/redaccio\/2025\/02\/04\/cures-i-relacions-de-la-ciutadania-digital\/","url":"https:\/\/diarieducacio.cat\/redaccio\/2025\/02\/04\/cures-i-relacions-de-la-ciutadania-digital\/","name":"Cures i relacions de la ciutadania digital - El Blog de la Redacci\u00f3","isPartOf":{"@id":"https:\/\/diarieducacio.cat\/redaccio\/#website"},"primaryImageOfPage":{"@id":"https:\/\/diarieducacio.cat\/redaccio\/2025\/02\/04\/cures-i-relacions-de-la-ciutadania-digital\/#primaryimage"},"image":{"@id":"https:\/\/diarieducacio.cat\/redaccio\/2025\/02\/04\/cures-i-relacions-de-la-ciutadania-digital\/#primaryimage"},"thumbnailUrl":"https:\/\/diarieducacio.cat\/redaccio\/wp-content\/uploads\/sites\/23\/2024\/01\/portada-doble-DE-10-anys-1.jpg","datePublished":"2025-02-04T07:20:00+00:00","author":{"@id":"https:\/\/diarieducacio.cat\/redaccio\/#\/schema\/person\/19aeb31310ad9bece628f3ffa5c62a0b"},"breadcrumb":{"@id":"https:\/\/diarieducacio.cat\/redaccio\/2025\/02\/04\/cures-i-relacions-de-la-ciutadania-digital\/#breadcrumb"},"inLanguage":"ca","potentialAction":[{"@type":"ReadAction","target":["https:\/\/diarieducacio.cat\/redaccio\/2025\/02\/04\/cures-i-relacions-de-la-ciutadania-digital\/"]}]},{"@type":"ImageObject","inLanguage":"ca","@id":"https:\/\/diarieducacio.cat\/redaccio\/2025\/02\/04\/cures-i-relacions-de-la-ciutadania-digital\/#primaryimage","url":"https:\/\/diarieducacio.cat\/redaccio\/wp-content\/uploads\/sites\/23\/2024\/01\/portada-doble-DE-10-anys-1.jpg","contentUrl":"https:\/\/diarieducacio.cat\/redaccio\/wp-content\/uploads\/sites\/23\/2024\/01\/portada-doble-DE-10-anys-1.jpg","width":2126,"height":1476},{"@type":"BreadcrumbList","@id":"https:\/\/diarieducacio.cat\/redaccio\/2025\/02\/04\/cures-i-relacions-de-la-ciutadania-digital\/#breadcrumb","itemListElement":[{"@type":"ListItem","position":1,"name":"Inici","item":"https:\/\/diarieducacio.cat\/redaccio\/"},{"@type":"ListItem","position":2,"name":"Cures i relacions de la ciutadania digital"}]},{"@type":"WebSite","@id":"https:\/\/diarieducacio.cat\/redaccio\/#website","url":"https:\/\/diarieducacio.cat\/redaccio\/","name":"El Blog de la Redacci\u00f3","description":"Un blog d&#039;El Diari de l&#039;Educaci\u00f3","potentialAction":[{"@type":"SearchAction","target":{"@type":"EntryPoint","urlTemplate":"https:\/\/diarieducacio.cat\/redaccio\/?s={search_term_string}"},"query-input":{"@type":"PropertyValueSpecification","valueRequired":true,"valueName":"search_term_string"}}],"inLanguage":"ca"},{"@type":"Person","@id":"https:\/\/diarieducacio.cat\/redaccio\/#\/schema\/person\/19aeb31310ad9bece628f3ffa5c62a0b","name":"Ezequiel Passeron","image":{"@type":"ImageObject","inLanguage":"ca","@id":"https:\/\/diarieducacio.cat\/redaccio\/wp-content\/uploads\/sites\/23\/2025\/01\/epasseron_avatar-96x96.jpg","url":"https:\/\/diarieducacio.cat\/redaccio\/wp-content\/uploads\/sites\/23\/2025\/01\/epasseron_avatar-96x96.jpg","contentUrl":"https:\/\/diarieducacio.cat\/redaccio\/wp-content\/uploads\/sites\/23\/2025\/01\/epasseron_avatar-96x96.jpg","caption":"Ezequiel Passeron"},"description":"Director d'Educomunicaci\u00f3 de Faro Digital i professor associat de la Universitat de Barcelona","url":"https:\/\/diarieducacio.cat\/redaccio\/author\/epasseron\/"}]}},"_links":{"self":[{"href":"https:\/\/diarieducacio.cat\/redaccio\/wp-json\/wp\/v2\/posts\/2326","targetHints":{"allow":["GET"]}}],"collection":[{"href":"https:\/\/diarieducacio.cat\/redaccio\/wp-json\/wp\/v2\/posts"}],"about":[{"href":"https:\/\/diarieducacio.cat\/redaccio\/wp-json\/wp\/v2\/types\/post"}],"author":[{"embeddable":true,"href":"https:\/\/diarieducacio.cat\/redaccio\/wp-json\/wp\/v2\/users\/1990"}],"replies":[{"embeddable":true,"href":"https:\/\/diarieducacio.cat\/redaccio\/wp-json\/wp\/v2\/comments?post=2326"}],"version-history":[{"count":1,"href":"https:\/\/diarieducacio.cat\/redaccio\/wp-json\/wp\/v2\/posts\/2326\/revisions"}],"predecessor-version":[{"id":2327,"href":"https:\/\/diarieducacio.cat\/redaccio\/wp-json\/wp\/v2\/posts\/2326\/revisions\/2327"}],"wp:featuredmedia":[{"embeddable":true,"href":"https:\/\/diarieducacio.cat\/redaccio\/wp-json\/wp\/v2\/media\/1849"}],"wp:attachment":[{"href":"https:\/\/diarieducacio.cat\/redaccio\/wp-json\/wp\/v2\/media?parent=2326"}],"wp:term":[{"taxonomy":"category","embeddable":true,"href":"https:\/\/diarieducacio.cat\/redaccio\/wp-json\/wp\/v2\/categories?post=2326"},{"taxonomy":"post_tag","embeddable":true,"href":"https:\/\/diarieducacio.cat\/redaccio\/wp-json\/wp\/v2\/tags?post=2326"}],"curies":[{"name":"wp","href":"https:\/\/api.w.org\/{rel}","templated":true}]}}