{"id":2422,"date":"2025-05-30T02:50:00","date_gmt":"2025-05-30T00:50:00","guid":{"rendered":"https:\/\/diarieducacio.cat\/redaccio\/?p=2422"},"modified":"2025-05-30T20:07:25","modified_gmt":"2025-05-30T18:07:25","slug":"el-cineforum-sobre-hedy-crilla-maestra-de-actores-obre-un-debat-sobre-pedagogia-teatral-i-pensament-critic","status":"publish","type":"post","link":"https:\/\/diarieducacio.cat\/redaccio\/2025\/05\/30\/el-cineforum-sobre-hedy-crilla-maestra-de-actores-obre-un-debat-sobre-pedagogia-teatral-i-pensament-critic\/","title":{"rendered":"El cinef\u00f2rum sobre \u2018Hedy Crilla, maestra de actores\u2019 obre un debat sobre pedagogia teatral i pensament cr\u00edtic"},"content":{"rendered":"\n<p>Aprendre a interpretar a trav\u00e9s de les paraules. Aquesta \u00e9s la premissa de la metodologia did\u00e0ctica que Hady Crilla utilitzava amb els seus alumnes de teatre. Posar l\u2019\u00e8mfasi en la paraula per despr\u00e9s poder donar context i interpretaci\u00f3 a l\u2019escenari. \u2018<em>Hedy Crilla, maestra de actores\u2019<\/em>, dirigit per l\u2019argentina Luciana Murujosa, ha estat el documental que s\u2019ha projectat en la darrera sessi\u00f3 del cinef\u00f2rum de \u2018El cicle de l\u2019educaci\u00f3: Cinema i debats per cr\u00e9ixer junts\u2019. Aquesta pe\u00e7a cinematogr\u00e0fica del 2023 repassa la traject\u00f2ria de l\u2019actriu austr\u00edaca Hedy Crilla, que va emigrar a l\u2019Argentina l\u2019any 1940 fugint del r\u00e8gim nazi, a trav\u00e9s dels testimonis dels seus alumnes. Tot i les dificultats per exercir com a actriu a causa del seu accent, Crilla va dedicar la seva vida a la doc\u00e8ncia teatral, aportant-hi una profunda renovaci\u00f3 pedag\u00f2gica a partir de la seva pr\u00f2pia versi\u00f3 del m\u00e8tode Stanislavski, anomenat\u00a0<strong>\u00abla paraula en acci\u00f3\u00bb<\/strong>.<\/p>\n\n\n\n<p>La sessi\u00f3, celebrada aquest dijous, va comptar amb la participaci\u00f3 d\u2019Anna Basanta, directora del&nbsp;<em>Diari de l\u2019Educaci\u00f3<\/em>; Jorge Vera, director teatral que va con\u00e8ixer personalment Crilla; i Roger Pou, professor de secund\u00e0ria d\u2019arts esc\u00e8niques. Despr\u00e9s de la projecci\u00f3, es va obrir un torn de paraules en qu\u00e8 els ponents van destacar la import\u00e0ncia del llegat de Crilla, aix\u00ed com el valor de la transmissi\u00f3 del coneixement art\u00edstic i pedag\u00f2gic entre generacions.&nbsp;<\/p>\n\n\n\n<p>Aquest cicle, organitzat pel&nbsp;<em>Diari de l\u2019Educaci\u00f3<\/em>, que forma part de la fundaci\u00f3&nbsp;<em>Periodisme Plural<\/em>&nbsp;-impulsora del mitj\u00e0&nbsp;<em>Catalunya Metropolitana<\/em>, del qual&nbsp;<em>Sant Boi Diari<\/em>&nbsp;tamb\u00e9 en forma part-, proposa una s\u00e8rie de sessions centrades en el potencial educatiu i transformador del cinema. El projecte compta amb la col\u00b7laboraci\u00f3 dels cinemes Girona de Barcelona i els cinemes de Can Castellet de Sant Boi, i busca generar espais de reflexi\u00f3 col\u00b7lectiva a trav\u00e9s del set\u00e8 art.<\/p>\n\n\n\n<h2 class=\"wp-block-heading\">Reflexions sobre l\u2019educaci\u00f3, l\u2019art i el pensament cr\u00edtic<\/h2>\n\n\n\n<p>Despr\u00e9s de la projecci\u00f3 del documental \u2018<em>Hedy Crilla, maestra de actores\u2019<\/em>, el cinef\u00f2rum es va centrar en la import\u00e0ncia de la figura de Crilla i en com la seva manera d\u2019ensenyar va suposar una aut\u00e8ntica revoluci\u00f3 en la formaci\u00f3 actoral a l\u2019Argentina. Jorge Vera, director teatral i testimoni directe d\u2019aquesta her\u00e8ncia, va explicar que va arribar a rebre algunes classes amb Crilla i va definir com una mestra exigent i incisiva.&nbsp;<strong>\u201cEra molt dura, per\u00f2 sense mala intenci\u00f3, nom\u00e9s volia fer-te millorar dient-te la veritat tal com era\u201d<\/strong>, va apuntar. Segons Vera, hi va haver un abans i un despr\u00e9s de la seva arribada a Buenos Aires, ja que va introduir-hi una nova manera d\u2019entendre el teatre, inspirada en els corrents europeus m\u00e9s avan\u00e7ats.<\/p>\n\n\n\n<p>Roger Pou, professor d\u2019arts esc\u00e8niques en un institut del Maresme, va oferir una mirada cr\u00edtica sobre la situaci\u00f3 actual del teatre a Catalunya.&nbsp;<strong>\u201cA tot el pa\u00eds nom\u00e9s hi ha una quarantena de grups de batxillerat art\u00edstic on no estem formant actors i actrius, sin\u00f3 que nom\u00e9s podem donar tres hores a la setmana de teatre que no ens donen per molt\u201d<\/strong>, va denunciar. Tamb\u00e9 va valorar la import\u00e0ncia de treballar els textos a les aules per anar m\u00e9s enll\u00e0 del simple llu\u00efment. Va explicar, a trav\u00e9s d\u2019un exemple viscut a l\u2019aula amb la representaci\u00f3 d\u2019una obra de Lorca, la import\u00e0ncia que els alumnes coneguin el context d\u2019all\u00f2 que expliquen, aix\u00ed com saber donar-li la seva pr\u00f2pia ess\u00e8ncia.&nbsp;<strong>\u201cQuan treballes des del context i la paraula, apareix una altra manera de viure el teatre i entendre la hist\u00f2ria\u201d<\/strong>, va assegurar.<\/p>\n\n\n\n<p>Les reflexions al voltant del documental es van tancar parlant sobre el paper de l\u2019art com a eina de pensament cr\u00edtic i com a objecte de por per part del poder. \u201c<strong>No s\u00e9 qu\u00e8 t\u00e9 l\u2019art, per\u00f2 al poder li fa por\u201d<\/strong>, va afirmar Vera, recordant que Crilla va ser perseguida pel nazisme i que molts artistes argentins es van veure obligats a exiliar-se durant la dictadura del 76. Roger Pou, per la seva banda, va reflexionar sobre la capacitat del teatre per resistir i perdurar en el temps, fins i tot en contextos adversos.&nbsp;<strong>\u201cQuan canvia una \u00e8poca sempre hi ha trencaments, per\u00f2 el que t\u00e9 el teatre \u00e9s que les obres queden escrites\u201d<\/strong>, va afirmar. Va posar com a exemple la dictadura franquista, durant la qual moltes obres no arribaven al p\u00fablic o es representaven clandestinament.&nbsp;<\/p>\n\n\n\n<p>Tant Jorge Vera com Roger Pou van acabar reivindicant que el teatre sobreviu gr\u00e0cies a la transmissi\u00f3 de coneixement, la preservaci\u00f3 dels textos i la vitalitat de les petites sales que continuen apostant per un teatre comprom\u00e8s i de resist\u00e8ncia.<\/p>\n\n\n\n<p><strong><em>Not\u00edcia publicada originalment a <a href=\"https:\/\/santboidiari.com\/2025\/05\/30\/el-cineforum-sobre-hedy-crilla-maestra-de-actores-obre-un-debat-sobre-pedagogia-teatral-i-pensament-critic\/#google_vignette\">Sant Boi Diari<\/a><\/em><\/strong><\/p>\n","protected":false},"excerpt":{"rendered":"<p>Aprendre a interpretar a trav\u00e9s de les paraules. Aquesta \u00e9s la premissa de la metodologia did\u00e0ctica que Hady Crilla utilitzava amb els seus alumnes de teatre. Posar l\u2019\u00e8mfasi en la paraula per despr\u00e9s poder donar context i interpretaci\u00f3 a l\u2019escenari. \u2018Hedy Crilla, maestra de actores\u2019, dirigit per l\u2019argentina Luciana Murujosa, ha estat el documental que<\/p>\n","protected":false},"author":1167,"featured_media":2423,"comment_status":"open","ping_status":"open","sticky":false,"template":"","format":"standard","meta":{"footnotes":""},"categories":[1],"tags":[142,136,129],"class_list":{"0":"post-2422","1":"post","2":"type-post","3":"status-publish","4":"format-standard","5":"has-post-thumbnail","7":"category-sin-categoria","8":"tag-cinema","9":"tag-diari-de-leducacio","10":"tag-periodisme-i-educacio"},"yoast_head":"<!-- This site is optimized with the Yoast SEO plugin v27.5 - https:\/\/yoast.com\/product\/yoast-seo-wordpress\/ -->\n<title>El cinef\u00f2rum sobre \u2018Hedy Crilla, maestra de actores\u2019 obre un debat sobre pedagogia teatral i pensament cr\u00edtic - El Blog de la Redacci\u00f3<\/title>\n<meta name=\"robots\" content=\"index, follow, max-snippet:-1, max-image-preview:large, max-video-preview:-1\" \/>\n<link rel=\"canonical\" href=\"https:\/\/diarieducacio.cat\/redaccio\/2025\/05\/30\/el-cineforum-sobre-hedy-crilla-maestra-de-actores-obre-un-debat-sobre-pedagogia-teatral-i-pensament-critic\/\" \/>\n<meta property=\"og:locale\" content=\"ca_ES\" \/>\n<meta property=\"og:type\" content=\"article\" \/>\n<meta property=\"og:title\" content=\"El cinef\u00f2rum sobre \u2018Hedy Crilla, maestra de actores\u2019 obre un debat sobre pedagogia teatral i pensament cr\u00edtic - El Blog de la Redacci\u00f3\" \/>\n<meta property=\"og:description\" content=\"Aprendre a interpretar a trav\u00e9s de les paraules. Aquesta \u00e9s la premissa de la metodologia did\u00e0ctica que Hady Crilla utilitzava amb els seus alumnes de teatre. Posar l\u2019\u00e8mfasi en la paraula per despr\u00e9s poder donar context i interpretaci\u00f3 a l\u2019escenari. \u2018Hedy Crilla, maestra de actores\u2019, dirigit per l\u2019argentina Luciana Murujosa, ha estat el documental que\" \/>\n<meta property=\"og:url\" content=\"https:\/\/diarieducacio.cat\/redaccio\/2025\/05\/30\/el-cineforum-sobre-hedy-crilla-maestra-de-actores-obre-un-debat-sobre-pedagogia-teatral-i-pensament-critic\/\" \/>\n<meta property=\"og:site_name\" content=\"El Blog de la Redacci\u00f3\" \/>\n<meta property=\"article:published_time\" content=\"2025-05-30T00:50:00+00:00\" \/>\n<meta property=\"article:modified_time\" content=\"2025-05-30T18:07:25+00:00\" \/>\n<meta property=\"og:image\" content=\"https:\/\/diarieducacio.cat\/redaccio\/wp-content\/uploads\/sites\/23\/2025\/05\/hedy-crilla.jpeg\" \/>\n\t<meta property=\"og:image:width\" content=\"1024\" \/>\n\t<meta property=\"og:image:height\" content=\"768\" \/>\n\t<meta property=\"og:image:type\" content=\"image\/jpeg\" \/>\n<meta name=\"author\" content=\"Samar Elansari\" \/>\n<meta name=\"twitter:card\" content=\"summary_large_image\" \/>\n<meta name=\"twitter:label1\" content=\"Escrit per\" \/>\n\t<meta name=\"twitter:data1\" content=\"Samar Elansari\" \/>\n\t<meta name=\"twitter:label2\" content=\"Temps estimat de lectura\" \/>\n\t<meta name=\"twitter:data2\" content=\"4 minuts\" \/>\n<script type=\"application\/ld+json\" class=\"yoast-schema-graph\">{\"@context\":\"https:\\\/\\\/schema.org\",\"@graph\":[{\"@type\":\"Article\",\"@id\":\"https:\\\/\\\/diarieducacio.cat\\\/redaccio\\\/2025\\\/05\\\/30\\\/el-cineforum-sobre-hedy-crilla-maestra-de-actores-obre-un-debat-sobre-pedagogia-teatral-i-pensament-critic\\\/#article\",\"isPartOf\":{\"@id\":\"https:\\\/\\\/diarieducacio.cat\\\/redaccio\\\/2025\\\/05\\\/30\\\/el-cineforum-sobre-hedy-crilla-maestra-de-actores-obre-un-debat-sobre-pedagogia-teatral-i-pensament-critic\\\/\"},\"author\":{\"name\":\"Samar Elansari\",\"@id\":\"https:\\\/\\\/diarieducacio.cat\\\/redaccio\\\/#\\\/schema\\\/person\\\/9e48c2571c211cbe9a8ed6f2f2a8297b\"},\"headline\":\"El cinef\u00f2rum sobre \u2018Hedy Crilla, maestra de actores\u2019 obre un debat sobre pedagogia teatral i pensament cr\u00edtic\",\"datePublished\":\"2025-05-30T00:50:00+00:00\",\"dateModified\":\"2025-05-30T18:07:25+00:00\",\"mainEntityOfPage\":{\"@id\":\"https:\\\/\\\/diarieducacio.cat\\\/redaccio\\\/2025\\\/05\\\/30\\\/el-cineforum-sobre-hedy-crilla-maestra-de-actores-obre-un-debat-sobre-pedagogia-teatral-i-pensament-critic\\\/\"},\"wordCount\":862,\"commentCount\":0,\"image\":{\"@id\":\"https:\\\/\\\/diarieducacio.cat\\\/redaccio\\\/2025\\\/05\\\/30\\\/el-cineforum-sobre-hedy-crilla-maestra-de-actores-obre-un-debat-sobre-pedagogia-teatral-i-pensament-critic\\\/#primaryimage\"},\"thumbnailUrl\":\"https:\\\/\\\/diarieducacio.cat\\\/redaccio\\\/wp-content\\\/uploads\\\/sites\\\/23\\\/2025\\\/05\\\/hedy-crilla.jpeg\",\"keywords\":[\"cinema\",\"Diari de l'Educaci\u00f3\",\"periodisme i educaci\u00f3\"],\"articleSection\":[\"Sin categor\u00eda\"],\"inLanguage\":\"ca\",\"potentialAction\":[{\"@type\":\"CommentAction\",\"name\":\"Comment\",\"target\":[\"https:\\\/\\\/diarieducacio.cat\\\/redaccio\\\/2025\\\/05\\\/30\\\/el-cineforum-sobre-hedy-crilla-maestra-de-actores-obre-un-debat-sobre-pedagogia-teatral-i-pensament-critic\\\/#respond\"]}]},{\"@type\":\"WebPage\",\"@id\":\"https:\\\/\\\/diarieducacio.cat\\\/redaccio\\\/2025\\\/05\\\/30\\\/el-cineforum-sobre-hedy-crilla-maestra-de-actores-obre-un-debat-sobre-pedagogia-teatral-i-pensament-critic\\\/\",\"url\":\"https:\\\/\\\/diarieducacio.cat\\\/redaccio\\\/2025\\\/05\\\/30\\\/el-cineforum-sobre-hedy-crilla-maestra-de-actores-obre-un-debat-sobre-pedagogia-teatral-i-pensament-critic\\\/\",\"name\":\"El cinef\u00f2rum sobre \u2018Hedy Crilla, maestra de actores\u2019 obre un debat sobre pedagogia teatral i pensament cr\u00edtic - El Blog de la Redacci\u00f3\",\"isPartOf\":{\"@id\":\"https:\\\/\\\/diarieducacio.cat\\\/redaccio\\\/#website\"},\"primaryImageOfPage\":{\"@id\":\"https:\\\/\\\/diarieducacio.cat\\\/redaccio\\\/2025\\\/05\\\/30\\\/el-cineforum-sobre-hedy-crilla-maestra-de-actores-obre-un-debat-sobre-pedagogia-teatral-i-pensament-critic\\\/#primaryimage\"},\"image\":{\"@id\":\"https:\\\/\\\/diarieducacio.cat\\\/redaccio\\\/2025\\\/05\\\/30\\\/el-cineforum-sobre-hedy-crilla-maestra-de-actores-obre-un-debat-sobre-pedagogia-teatral-i-pensament-critic\\\/#primaryimage\"},\"thumbnailUrl\":\"https:\\\/\\\/diarieducacio.cat\\\/redaccio\\\/wp-content\\\/uploads\\\/sites\\\/23\\\/2025\\\/05\\\/hedy-crilla.jpeg\",\"datePublished\":\"2025-05-30T00:50:00+00:00\",\"dateModified\":\"2025-05-30T18:07:25+00:00\",\"author\":{\"@id\":\"https:\\\/\\\/diarieducacio.cat\\\/redaccio\\\/#\\\/schema\\\/person\\\/9e48c2571c211cbe9a8ed6f2f2a8297b\"},\"breadcrumb\":{\"@id\":\"https:\\\/\\\/diarieducacio.cat\\\/redaccio\\\/2025\\\/05\\\/30\\\/el-cineforum-sobre-hedy-crilla-maestra-de-actores-obre-un-debat-sobre-pedagogia-teatral-i-pensament-critic\\\/#breadcrumb\"},\"inLanguage\":\"ca\",\"potentialAction\":[{\"@type\":\"ReadAction\",\"target\":[\"https:\\\/\\\/diarieducacio.cat\\\/redaccio\\\/2025\\\/05\\\/30\\\/el-cineforum-sobre-hedy-crilla-maestra-de-actores-obre-un-debat-sobre-pedagogia-teatral-i-pensament-critic\\\/\"]}]},{\"@type\":\"ImageObject\",\"inLanguage\":\"ca\",\"@id\":\"https:\\\/\\\/diarieducacio.cat\\\/redaccio\\\/2025\\\/05\\\/30\\\/el-cineforum-sobre-hedy-crilla-maestra-de-actores-obre-un-debat-sobre-pedagogia-teatral-i-pensament-critic\\\/#primaryimage\",\"url\":\"https:\\\/\\\/diarieducacio.cat\\\/redaccio\\\/wp-content\\\/uploads\\\/sites\\\/23\\\/2025\\\/05\\\/hedy-crilla.jpeg\",\"contentUrl\":\"https:\\\/\\\/diarieducacio.cat\\\/redaccio\\\/wp-content\\\/uploads\\\/sites\\\/23\\\/2025\\\/05\\\/hedy-crilla.jpeg\",\"width\":1024,\"height\":768,\"caption\":\"El documental tracta sobre la metodologia emprada per Hedy Crilla per ensenyar a interpretar | Samar Elansari\"},{\"@type\":\"BreadcrumbList\",\"@id\":\"https:\\\/\\\/diarieducacio.cat\\\/redaccio\\\/2025\\\/05\\\/30\\\/el-cineforum-sobre-hedy-crilla-maestra-de-actores-obre-un-debat-sobre-pedagogia-teatral-i-pensament-critic\\\/#breadcrumb\",\"itemListElement\":[{\"@type\":\"ListItem\",\"position\":1,\"name\":\"Inici\",\"item\":\"https:\\\/\\\/diarieducacio.cat\\\/redaccio\\\/\"},{\"@type\":\"ListItem\",\"position\":2,\"name\":\"El cinef\u00f2rum sobre \u2018Hedy Crilla, maestra de actores\u2019 obre un debat sobre pedagogia teatral i pensament cr\u00edtic\"}]},{\"@type\":\"WebSite\",\"@id\":\"https:\\\/\\\/diarieducacio.cat\\\/redaccio\\\/#website\",\"url\":\"https:\\\/\\\/diarieducacio.cat\\\/redaccio\\\/\",\"name\":\"El Blog de la Redacci\u00f3\",\"description\":\"Un blog d&#039;El Diari de l&#039;Educaci\u00f3\",\"potentialAction\":[{\"@type\":\"SearchAction\",\"target\":{\"@type\":\"EntryPoint\",\"urlTemplate\":\"https:\\\/\\\/diarieducacio.cat\\\/redaccio\\\/?s={search_term_string}\"},\"query-input\":{\"@type\":\"PropertyValueSpecification\",\"valueRequired\":true,\"valueName\":\"search_term_string\"}}],\"inLanguage\":\"ca\"},{\"@type\":\"Person\",\"@id\":\"https:\\\/\\\/diarieducacio.cat\\\/redaccio\\\/#\\\/schema\\\/person\\\/9e48c2571c211cbe9a8ed6f2f2a8297b\",\"name\":\"Samar Elansari\",\"image\":{\"@type\":\"ImageObject\",\"inLanguage\":\"ca\",\"@id\":\"https:\\\/\\\/diarieducacio.cat\\\/redaccio\\\/wp-content\\\/uploads\\\/sites\\\/23\\\/2025\\\/05\\\/samar-elansari_avatar-96x96.png\",\"url\":\"https:\\\/\\\/diarieducacio.cat\\\/redaccio\\\/wp-content\\\/uploads\\\/sites\\\/23\\\/2025\\\/05\\\/samar-elansari_avatar-96x96.png\",\"contentUrl\":\"https:\\\/\\\/diarieducacio.cat\\\/redaccio\\\/wp-content\\\/uploads\\\/sites\\\/23\\\/2025\\\/05\\\/samar-elansari_avatar-96x96.png\",\"caption\":\"Samar Elansari\"},\"description\":\"Periodista\",\"url\":\"https:\\\/\\\/diarieducacio.cat\\\/redaccio\\\/author\\\/selansari\\\/\"}]}<\/script>\n<!-- \/ Yoast SEO plugin. -->","yoast_head_json":{"title":"El cinef\u00f2rum sobre \u2018Hedy Crilla, maestra de actores\u2019 obre un debat sobre pedagogia teatral i pensament cr\u00edtic - El Blog de la Redacci\u00f3","robots":{"index":"index","follow":"follow","max-snippet":"max-snippet:-1","max-image-preview":"max-image-preview:large","max-video-preview":"max-video-preview:-1"},"canonical":"https:\/\/diarieducacio.cat\/redaccio\/2025\/05\/30\/el-cineforum-sobre-hedy-crilla-maestra-de-actores-obre-un-debat-sobre-pedagogia-teatral-i-pensament-critic\/","og_locale":"ca_ES","og_type":"article","og_title":"El cinef\u00f2rum sobre \u2018Hedy Crilla, maestra de actores\u2019 obre un debat sobre pedagogia teatral i pensament cr\u00edtic - El Blog de la Redacci\u00f3","og_description":"Aprendre a interpretar a trav\u00e9s de les paraules. Aquesta \u00e9s la premissa de la metodologia did\u00e0ctica que Hady Crilla utilitzava amb els seus alumnes de teatre. Posar l\u2019\u00e8mfasi en la paraula per despr\u00e9s poder donar context i interpretaci\u00f3 a l\u2019escenari. \u2018Hedy Crilla, maestra de actores\u2019, dirigit per l\u2019argentina Luciana Murujosa, ha estat el documental que","og_url":"https:\/\/diarieducacio.cat\/redaccio\/2025\/05\/30\/el-cineforum-sobre-hedy-crilla-maestra-de-actores-obre-un-debat-sobre-pedagogia-teatral-i-pensament-critic\/","og_site_name":"El Blog de la Redacci\u00f3","article_published_time":"2025-05-30T00:50:00+00:00","article_modified_time":"2025-05-30T18:07:25+00:00","og_image":[{"width":1024,"height":768,"url":"https:\/\/diarieducacio.cat\/redaccio\/wp-content\/uploads\/sites\/23\/2025\/05\/hedy-crilla.jpeg","type":"image\/jpeg"}],"author":"Samar Elansari","twitter_card":"summary_large_image","twitter_misc":{"Escrit per":"Samar Elansari","Temps estimat de lectura":"4 minuts"},"schema":{"@context":"https:\/\/schema.org","@graph":[{"@type":"Article","@id":"https:\/\/diarieducacio.cat\/redaccio\/2025\/05\/30\/el-cineforum-sobre-hedy-crilla-maestra-de-actores-obre-un-debat-sobre-pedagogia-teatral-i-pensament-critic\/#article","isPartOf":{"@id":"https:\/\/diarieducacio.cat\/redaccio\/2025\/05\/30\/el-cineforum-sobre-hedy-crilla-maestra-de-actores-obre-un-debat-sobre-pedagogia-teatral-i-pensament-critic\/"},"author":{"name":"Samar Elansari","@id":"https:\/\/diarieducacio.cat\/redaccio\/#\/schema\/person\/9e48c2571c211cbe9a8ed6f2f2a8297b"},"headline":"El cinef\u00f2rum sobre \u2018Hedy Crilla, maestra de actores\u2019 obre un debat sobre pedagogia teatral i pensament cr\u00edtic","datePublished":"2025-05-30T00:50:00+00:00","dateModified":"2025-05-30T18:07:25+00:00","mainEntityOfPage":{"@id":"https:\/\/diarieducacio.cat\/redaccio\/2025\/05\/30\/el-cineforum-sobre-hedy-crilla-maestra-de-actores-obre-un-debat-sobre-pedagogia-teatral-i-pensament-critic\/"},"wordCount":862,"commentCount":0,"image":{"@id":"https:\/\/diarieducacio.cat\/redaccio\/2025\/05\/30\/el-cineforum-sobre-hedy-crilla-maestra-de-actores-obre-un-debat-sobre-pedagogia-teatral-i-pensament-critic\/#primaryimage"},"thumbnailUrl":"https:\/\/diarieducacio.cat\/redaccio\/wp-content\/uploads\/sites\/23\/2025\/05\/hedy-crilla.jpeg","keywords":["cinema","Diari de l'Educaci\u00f3","periodisme i educaci\u00f3"],"articleSection":["Sin categor\u00eda"],"inLanguage":"ca","potentialAction":[{"@type":"CommentAction","name":"Comment","target":["https:\/\/diarieducacio.cat\/redaccio\/2025\/05\/30\/el-cineforum-sobre-hedy-crilla-maestra-de-actores-obre-un-debat-sobre-pedagogia-teatral-i-pensament-critic\/#respond"]}]},{"@type":"WebPage","@id":"https:\/\/diarieducacio.cat\/redaccio\/2025\/05\/30\/el-cineforum-sobre-hedy-crilla-maestra-de-actores-obre-un-debat-sobre-pedagogia-teatral-i-pensament-critic\/","url":"https:\/\/diarieducacio.cat\/redaccio\/2025\/05\/30\/el-cineforum-sobre-hedy-crilla-maestra-de-actores-obre-un-debat-sobre-pedagogia-teatral-i-pensament-critic\/","name":"El cinef\u00f2rum sobre \u2018Hedy Crilla, maestra de actores\u2019 obre un debat sobre pedagogia teatral i pensament cr\u00edtic - El Blog de la Redacci\u00f3","isPartOf":{"@id":"https:\/\/diarieducacio.cat\/redaccio\/#website"},"primaryImageOfPage":{"@id":"https:\/\/diarieducacio.cat\/redaccio\/2025\/05\/30\/el-cineforum-sobre-hedy-crilla-maestra-de-actores-obre-un-debat-sobre-pedagogia-teatral-i-pensament-critic\/#primaryimage"},"image":{"@id":"https:\/\/diarieducacio.cat\/redaccio\/2025\/05\/30\/el-cineforum-sobre-hedy-crilla-maestra-de-actores-obre-un-debat-sobre-pedagogia-teatral-i-pensament-critic\/#primaryimage"},"thumbnailUrl":"https:\/\/diarieducacio.cat\/redaccio\/wp-content\/uploads\/sites\/23\/2025\/05\/hedy-crilla.jpeg","datePublished":"2025-05-30T00:50:00+00:00","dateModified":"2025-05-30T18:07:25+00:00","author":{"@id":"https:\/\/diarieducacio.cat\/redaccio\/#\/schema\/person\/9e48c2571c211cbe9a8ed6f2f2a8297b"},"breadcrumb":{"@id":"https:\/\/diarieducacio.cat\/redaccio\/2025\/05\/30\/el-cineforum-sobre-hedy-crilla-maestra-de-actores-obre-un-debat-sobre-pedagogia-teatral-i-pensament-critic\/#breadcrumb"},"inLanguage":"ca","potentialAction":[{"@type":"ReadAction","target":["https:\/\/diarieducacio.cat\/redaccio\/2025\/05\/30\/el-cineforum-sobre-hedy-crilla-maestra-de-actores-obre-un-debat-sobre-pedagogia-teatral-i-pensament-critic\/"]}]},{"@type":"ImageObject","inLanguage":"ca","@id":"https:\/\/diarieducacio.cat\/redaccio\/2025\/05\/30\/el-cineforum-sobre-hedy-crilla-maestra-de-actores-obre-un-debat-sobre-pedagogia-teatral-i-pensament-critic\/#primaryimage","url":"https:\/\/diarieducacio.cat\/redaccio\/wp-content\/uploads\/sites\/23\/2025\/05\/hedy-crilla.jpeg","contentUrl":"https:\/\/diarieducacio.cat\/redaccio\/wp-content\/uploads\/sites\/23\/2025\/05\/hedy-crilla.jpeg","width":1024,"height":768,"caption":"El documental tracta sobre la metodologia emprada per Hedy Crilla per ensenyar a interpretar | Samar Elansari"},{"@type":"BreadcrumbList","@id":"https:\/\/diarieducacio.cat\/redaccio\/2025\/05\/30\/el-cineforum-sobre-hedy-crilla-maestra-de-actores-obre-un-debat-sobre-pedagogia-teatral-i-pensament-critic\/#breadcrumb","itemListElement":[{"@type":"ListItem","position":1,"name":"Inici","item":"https:\/\/diarieducacio.cat\/redaccio\/"},{"@type":"ListItem","position":2,"name":"El cinef\u00f2rum sobre \u2018Hedy Crilla, maestra de actores\u2019 obre un debat sobre pedagogia teatral i pensament cr\u00edtic"}]},{"@type":"WebSite","@id":"https:\/\/diarieducacio.cat\/redaccio\/#website","url":"https:\/\/diarieducacio.cat\/redaccio\/","name":"El Blog de la Redacci\u00f3","description":"Un blog d&#039;El Diari de l&#039;Educaci\u00f3","potentialAction":[{"@type":"SearchAction","target":{"@type":"EntryPoint","urlTemplate":"https:\/\/diarieducacio.cat\/redaccio\/?s={search_term_string}"},"query-input":{"@type":"PropertyValueSpecification","valueRequired":true,"valueName":"search_term_string"}}],"inLanguage":"ca"},{"@type":"Person","@id":"https:\/\/diarieducacio.cat\/redaccio\/#\/schema\/person\/9e48c2571c211cbe9a8ed6f2f2a8297b","name":"Samar Elansari","image":{"@type":"ImageObject","inLanguage":"ca","@id":"https:\/\/diarieducacio.cat\/redaccio\/wp-content\/uploads\/sites\/23\/2025\/05\/samar-elansari_avatar-96x96.png","url":"https:\/\/diarieducacio.cat\/redaccio\/wp-content\/uploads\/sites\/23\/2025\/05\/samar-elansari_avatar-96x96.png","contentUrl":"https:\/\/diarieducacio.cat\/redaccio\/wp-content\/uploads\/sites\/23\/2025\/05\/samar-elansari_avatar-96x96.png","caption":"Samar Elansari"},"description":"Periodista","url":"https:\/\/diarieducacio.cat\/redaccio\/author\/selansari\/"}]}},"_links":{"self":[{"href":"https:\/\/diarieducacio.cat\/redaccio\/wp-json\/wp\/v2\/posts\/2422","targetHints":{"allow":["GET"]}}],"collection":[{"href":"https:\/\/diarieducacio.cat\/redaccio\/wp-json\/wp\/v2\/posts"}],"about":[{"href":"https:\/\/diarieducacio.cat\/redaccio\/wp-json\/wp\/v2\/types\/post"}],"author":[{"embeddable":true,"href":"https:\/\/diarieducacio.cat\/redaccio\/wp-json\/wp\/v2\/users\/1167"}],"replies":[{"embeddable":true,"href":"https:\/\/diarieducacio.cat\/redaccio\/wp-json\/wp\/v2\/comments?post=2422"}],"version-history":[{"count":4,"href":"https:\/\/diarieducacio.cat\/redaccio\/wp-json\/wp\/v2\/posts\/2422\/revisions"}],"predecessor-version":[{"id":2429,"href":"https:\/\/diarieducacio.cat\/redaccio\/wp-json\/wp\/v2\/posts\/2422\/revisions\/2429"}],"wp:featuredmedia":[{"embeddable":true,"href":"https:\/\/diarieducacio.cat\/redaccio\/wp-json\/wp\/v2\/media\/2423"}],"wp:attachment":[{"href":"https:\/\/diarieducacio.cat\/redaccio\/wp-json\/wp\/v2\/media?parent=2422"}],"wp:term":[{"taxonomy":"category","embeddable":true,"href":"https:\/\/diarieducacio.cat\/redaccio\/wp-json\/wp\/v2\/categories?post=2422"},{"taxonomy":"post_tag","embeddable":true,"href":"https:\/\/diarieducacio.cat\/redaccio\/wp-json\/wp\/v2\/tags?post=2422"}],"curies":[{"name":"wp","href":"https:\/\/api.w.org\/{rel}","templated":true}]}}