{"id":2532,"date":"2025-12-09T02:55:00","date_gmt":"2025-12-09T01:55:00","guid":{"rendered":"https:\/\/diarieducacio.cat\/redaccio\/?p=2532"},"modified":"2025-12-05T17:10:27","modified_gmt":"2025-12-05T16:10:27","slug":"carla-galeote-a-pili-vidal-i-jordi-cano-els-mestres-que-mheu-marcat-son-els-que-mheu-ensenyat-mes-enlla-de-la-materia","status":"publish","type":"post","link":"https:\/\/diarieducacio.cat\/redaccio\/2025\/12\/09\/carla-galeote-a-pili-vidal-i-jordi-cano-els-mestres-que-mheu-marcat-son-els-que-mheu-ensenyat-mes-enlla-de-la-materia\/","title":{"rendered":"Carla Galeote a Pili Vidal i Jordi Cano: \u201cEls mestres que m\u2019heu marcat s\u00f3n els que m\u2019heu ensenyat m\u00e9s enll\u00e0 de la mat\u00e8ria\u201d"},"content":{"rendered":"\n<p>Prendre consci\u00e8ncia feminista a trav\u00e9s de la classe de M\u00fasica \u00e9s possible. Despertar consci\u00e8ncies entre la joventut sent professor d&#8217;ESO \u00e9s possible. La prova s\u00f3n l&#8217;advocada i influencer Carla Galeote (Lleida, 2000) i qui va ser el seu professor de M\u00fasica,&nbsp;Jordi Cano (Lleida, 1972). Galeote ho explica: &#8220;Jo no encaixava en els par\u00e0metres de ser una bona estudiant i treure bones notes. Anava fent, per\u00f2 no em motivava ni anar a l&#8217;escola cada dia ni asseure&#8217;m i veure una classe magistral rere l&#8217;altra. En canvi, a les classes de m\u00fasica d&#8217;en Jordi jo hi disfrutava, perqu\u00e8 era l&#8217;\u00fanica assignatura en qu\u00e8 pod\u00edem pensar una mica m\u00e9s enll\u00e0 del que deia el llibre. A 1r d&#8217;ESO ens passava v\u00eddeos de reggaetons i n&#8217;analitz\u00e0vem les lletres, i all\u00ed vaig comen\u00e7ar a veure un pensament que no havia vist mai. En aquelles classes vaig veure el paper de la dona dins la m\u00fasica, el feminisme, la igualtat, els rols de g\u00e8nere&#8230; En aquestes classes que per a la gent del cient\u00edfic eren una p\u00e8rdua de temps,&nbsp;per a mi eren l&#8217;\u00fanica classe que&nbsp;valia la pena, perqu\u00e8 hi podia pensar!&#8221;<\/p>\n\n\n\n<p>Galeote, exponent de l&#8217;anomenada Generaci\u00f3 Z, amb l&#8217;etapa escolar a Maristes Lleida encara molt present a la retina, tamb\u00e9 assenyala la mestra d&#8217;Infantil i Prim\u00e0ria Pili Vidal (Barcelona, 1967), com a referent essencial: &#8220;De la Pili no&nbsp;en&nbsp;tinc un perqu\u00e8 concret, sin\u00f3 que tinc clar la figura que per mi va suposar. Per a mi, que mai no m&#8217;havia agradat anar a l&#8217;escola, la Pili era el meu espai segur. Cada any la volia com a tutora!&#8221; I els engloba als dos sota un mateix paraigua: &#8220;Els mestres que m&#8217;han marcat s\u00f3n aquells que m&#8217;han ensenyat m\u00e9s enll\u00e0 de la mat\u00e8ria estricta. Els mestres, els professors, els educadors, interfereixen en la vida personal de cadasc\u00fa. Transmeten uns valors, perqu\u00e8 passem m\u00e9s temps amb els profes que no pas amb els pares. I ells m&#8217;han marcat.&#8221;<\/p>\n\n\n\n<figure class=\"wp-block-image size-large\"><img fetchpriority=\"high\" decoding=\"async\" width=\"1024\" height=\"348\" src=\"https:\/\/diarieducacio.cat\/redaccio\/wp-content\/uploads\/sites\/23\/2025\/12\/galeote-2-1024x348.jpg\" alt=\"\" class=\"wp-image-2535\" srcset=\"https:\/\/diarieducacio.cat\/redaccio\/wp-content\/uploads\/sites\/23\/2025\/12\/galeote-2-1024x348.jpg 1024w, https:\/\/diarieducacio.cat\/redaccio\/wp-content\/uploads\/sites\/23\/2025\/12\/galeote-2-300x102.jpg 300w, https:\/\/diarieducacio.cat\/redaccio\/wp-content\/uploads\/sites\/23\/2025\/12\/galeote-2-768x261.jpg 768w, https:\/\/diarieducacio.cat\/redaccio\/wp-content\/uploads\/sites\/23\/2025\/12\/galeote-2-1536x521.jpg 1536w, https:\/\/diarieducacio.cat\/redaccio\/wp-content\/uploads\/sites\/23\/2025\/12\/galeote-2-150x51.jpg 150w, https:\/\/diarieducacio.cat\/redaccio\/wp-content\/uploads\/sites\/23\/2025\/12\/galeote-2-450x153.jpg 450w, https:\/\/diarieducacio.cat\/redaccio\/wp-content\/uploads\/sites\/23\/2025\/12\/galeote-2-1200x407.jpg 1200w, https:\/\/diarieducacio.cat\/redaccio\/wp-content\/uploads\/sites\/23\/2025\/12\/galeote-2.jpg 1653w\" sizes=\"(max-width: 1024px) 100vw, 1024px\" \/><figcaption class=\"wp-element-caption\">Carla Galeote: \u201cEn aquelles classes vaig veure el paper de la dona dins la m\u00fasica, el feminisme, la igualtat, els rols de g\u00e8nere&#8230; En aquestes classes que per a la gent del cient\u00edfic eren una p\u00e8rdua de temps, per a mi eren l\u2019\u00fanica classe que valia la pena, perqu\u00e8 hi podia pensar!\u201d| Ismael Bold\u00fa<\/figcaption><\/figure>\n\n\n\n<p>Galeote es presenta com a mala estudiant, tot i haver estudiat Dret i el m\u00e0ster d&#8217;Advocacia. &#8220;S\u00ed, jo no anava a fer Dret. Vaig escollir la carrera un mes abans de la selectivitat. Anava a fer Educaci\u00f3, no tant per vocaci\u00f3, sin\u00f3 perqu\u00e8 m&#8217;agradava poder interferir en les noves generacions, en qu\u00e8 poguessin pensar m\u00e9s enll\u00e0, per poder canviar el sistema. Per\u00f2 va passar el cas de &#8216;la manada&#8217; i vaig acabar escollint Dret. Els meus pares es van horroritzar! De fet, ho vaig passar malament a la carrera, perqu\u00e8 \u00e9s molt magistral, que justament \u00e9s el que no m&#8217;agradava. I despr\u00e9s el m\u00e0ster d&#8217;Advocacia, sis anys en total!&#8221;<\/p>\n\n\n\n<p>En canvi, de les seves intervencions a les xarxes socials no se&#8217;n podria inferir autom\u00e0ticament aquest curr\u00edculum acad\u00e8mic: &#8220;Quan alg\u00fa no em coneix es pot pensar que jo era una noia de matr\u00edcula d&#8217;honor. I no, al contrari. A mi sempre se m&#8217;havia dit que, com que suspenia matem\u00e0tiques, f\u00edsica i qu\u00edmica, que jo no valia per a res! He tingut professors que m&#8217;han dit que hauria d&#8217;estar a l\u2019ONCE, perqu\u00e8 no aprovaria matem\u00e0tiques ni que estigu\u00e9s fent rep\u00e0s durant 80 hores.&nbsp;&#8220;L&#8217;afirmaci\u00f3 cau com una bomba a la sala. Galeote continua: &#8220;O ets un alumne mod\u00e8lic que vulgui ser doctor, o bi\u00f2leg, o arquitecte&#8230;&nbsp;Per\u00f2 si alg\u00fa diu que vol ser ballarina, o pol\u00edtica, o escriptora&#8230; El sistema et diu que no est\u00e0s aqu\u00ed per fer-hi hobbies! I jo perqu\u00e8 vaig tenir la sort de trobar-vos, i que hi havia espais en qu\u00e8 es propiciava poder parlar, per\u00f2 si no&#8230;&#8221;<\/p>\n\n\n\n<h3 class=\"wp-block-heading\">El xoc Prim\u00e0ria-ESO<\/h3>\n\n\n\n<p>Galeote, en el fons, assenyala una de les grans dicotomies que presenta l&#8217;educaci\u00f3 actualment. Cenyir-se a un temari independentment de l&#8217;alumnat que es tingui al davant, o b\u00e9 o mirar-se cada alumne en la seva singularitat.<\/p>\n\n\n\n<p>Cano, que ha exercit de mestre a Infantil i Prim\u00e0ria durant 12 anys, i com a professor de Secund\u00e0ria i Batxillerat durant 16, intenta contextualitzar la situaci\u00f3: &#8220;\u00c9s molt dif\u00edcil que una persona que ha de seguir un temari de matem\u00e0tiques que tamb\u00e9 treballi les emocions, el sentit cr\u00edtic&#8230; L&#8217;estructura no hi ajuda.&#8221; Vidal l&#8217;interpel\u00b7la: &#8220;Per\u00f2 tu vas trobar espais dins de l&#8217;assignatura de M\u00fasica! I tamb\u00e9 havies de seguir un curr\u00edculum!&#8221; I es pregunta: &#8220;Per qu\u00e8 no ho prova aix\u00f2 tamb\u00e9 el professor d&#8217;Hist\u00f2ria, o el de Llengua Catalana?&#8221;<\/p>\n\n\n\n<p>La dicotomia Prim\u00e0ria-ESO que es viu al sistema educatiu catal\u00e0 apareix aqu\u00ed en tota la seva&nbsp;esplendor. Cano la descriu amb precisi\u00f3: &#8220;El principal xoc Prim\u00e0ria-Secund\u00e0ria ve a nivell de formaci\u00f3: els futurs mestres els formem durant 3-4-5 anys, es van professionalitzant en ser &#8216;educadors&#8217;. Des del primer dia que entren a la facultat estan rodejats de persones que els parlen d&#8217;Educaci\u00f3, de persones que seran educadors i educadores&#8230; I tot el seu marc mental gira entorn d&#8217;aix\u00f2. A Secund\u00e0ria tots aquests anys formatius no hi s\u00f3n: all\u00ed hi ha un professional d&#8217;un \u00e0mbit que en un moment donat, pel que sigui, decideix passar-se al m\u00f3n de l&#8217;Educaci\u00f3. Fa un minim\u00e0ster, que t\u00e9 molt poc prestigi, i de cop alg\u00fa que s&#8217;havia preparat per ser f\u00edsic o bi\u00f2leg&#8230; De cop i volta es troba en un context que ning\u00fa no els ha preparat. I, a sobre, molts d&#8217;ells recorden una \u00e8poca de la vida en qu\u00e8 el 50% de la poblaci\u00f3 no arribava a 1r de BUP. I en qu\u00e8 hi havia una estructura familiar molt definida; molt patriarcal, cert, per\u00f2 tamb\u00e9 molt c\u00f2moda a nivell social. Ara tot aix\u00f2 \u00e9s molt m\u00e9s l\u00edquid. I, a m\u00e9s, ens hem tornat inclusius: qualsevol alumne, tingui el que tingui, ha d&#8217;anar a l&#8217;escola. Tot aix\u00f2, combinat, \u00e9s un xoc molt b\u00e8stia. I a m\u00e9s s&#8217;hi afegeix que la tipologia que arriba a professor de Secund\u00e0ria sol ser de classe mitjana\/mitjana-alta, i aix\u00f2 tamb\u00e9 t\u00e9 uns condicionants ideol\u00f2gics.&#8221;<\/p>\n\n\n\n<p>Vidal li d\u00f3na la ra\u00f3, i ho complementa: &#8220;I en un moment d&#8217;adolesc\u00e8ncia, que ha de gestionar gent que no est\u00e0 formada per gestionar-ho.&#8221; Ella, pedag\u00f2gicament parlant, es defineix com &#8220;la dels projectes, la dels projectes, la de treballar per propostes, els ambients&#8230;&#8221; Es defineix partid\u00e0ria &#8220;d&#8217;un aprenentatge molt vivencial, molt partint del que ells escullen&#8230; Pots treballar el sentit cr\u00edtic, l&#8217;argumentaci\u00f3, que siguin aut\u00f2noms&#8230; De classes magistrals, a Prim\u00e0ria gaireb\u00e9 que no n&#8217;hi ha. Tot \u00e9s molt m\u00e9s vivencial a la nostra etapa, i hi crec molt&#8221;. A m\u00e9s, destaca: &#8220;Amb els alumnes de 4t de Prim\u00e0ria hi dec passar unes 15 hores a la setmana. I treballem d&#8217;una manera que te&#8217;ls escoltes molt, tens temps per poder-te&#8217;ls mirar molt, tens relaci\u00f3 amb els seus pares&#8230; Prim\u00e0ria t\u00e9 molt de contacte amb la fam\u00edlia, anem tots a la una. El que ens importa m\u00e9s \u00e9s que el nen o nena sigui el m\u00e9s feli\u00e7 possible, que estigui el millor cuidat possible, que treballi el suficient&#8230;&#8221; I, tot seguit, es pregunta: &#8220;I a l&#8217;institut?&#8221;<\/p>\n\n\n\n<figure class=\"wp-block-image size-large\"><img decoding=\"async\" width=\"1024\" height=\"530\" src=\"https:\/\/diarieducacio.cat\/redaccio\/wp-content\/uploads\/sites\/23\/2025\/12\/galeote-3-1024x530.jpg\" alt=\"\" class=\"wp-image-2536\" srcset=\"https:\/\/diarieducacio.cat\/redaccio\/wp-content\/uploads\/sites\/23\/2025\/12\/galeote-3-1024x530.jpg 1024w, https:\/\/diarieducacio.cat\/redaccio\/wp-content\/uploads\/sites\/23\/2025\/12\/galeote-3-300x155.jpg 300w, https:\/\/diarieducacio.cat\/redaccio\/wp-content\/uploads\/sites\/23\/2025\/12\/galeote-3-768x397.jpg 768w, https:\/\/diarieducacio.cat\/redaccio\/wp-content\/uploads\/sites\/23\/2025\/12\/galeote-3-150x78.jpg 150w, https:\/\/diarieducacio.cat\/redaccio\/wp-content\/uploads\/sites\/23\/2025\/12\/galeote-3-450x233.jpg 450w, https:\/\/diarieducacio.cat\/redaccio\/wp-content\/uploads\/sites\/23\/2025\/12\/galeote-3.jpg 1181w\" sizes=\"(max-width: 1024px) 100vw, 1024px\" \/><figcaption class=\"wp-element-caption\">Pili Vidal: \u201cSi jo no he parlat mai amb aquell noi i l\u2019\u00fanic que vaig \u00e9s a fer la meva classe i a avaluar per escrit els continguts que jo he transm\u00e8s, a aquesta persona no la conec! | Ismael Bold\u00fa<\/figcaption><\/figure>\n\n\n\n<p>Cano, en tant que mestre i en tant que professor, i ara com a professor universitari, sentencia: &#8220;A Prim\u00e0ria cada cop s&#8217;est\u00e0 anant cap a una cosa m\u00e9s org\u00e0nica, m\u00e9s hol\u00edstica, i a Secund\u00e0ria \u00e9s tot el contrari, s&#8217;est\u00e0 parcialitzant l&#8217;educaci\u00f3. L&#8217;encaix \u00e9s complicat, si d&#8217;una banda tenim una formaci\u00f3 tan transversal i, de l&#8217;altra, una formaci\u00f3 tan segmentaritzada&#8230; S\u00f3n dos mons que s\u00f3n absolutament irreconciliables. O es canvia, o anir\u00e0 a m\u00e9s. Els mestres cada cop estem m\u00e9s revolucionaris, i la gent de Secund\u00e0ria cada cop veu que la situaci\u00f3 \u00e9s m\u00e9s complexa i diuen que volen plegar, que volen ser enginyers.&#8221; Dit aix\u00f2, tamb\u00e9 reflexiona: &#8220;I entenc el patiment dels profes de Secund\u00e0ria! Perqu\u00e8 realment hi ha un curr\u00edculum, una pressi\u00f3, una selectivitat&#8230; I tot aix\u00f2 de ser un referent en valors&#8230; aix\u00f2 com s&#8217;ensenya?&#8221;<\/p>\n\n\n\n<h3 class=\"wp-block-heading\">Salut mental i resultats acad\u00e8mics<\/h3>\n\n\n\n<p>Galeote defineix Cano i Vidal com els seus &#8220;espais segurs&#8221;, i els agraeix que se la miressin m\u00e9s enll\u00e0 del curr\u00edculum oficial. &#8220;Si jo no he parlat mai amb aquell noi i l&#8217;\u00fanic que vaig \u00e9s a fer la meva classe i a avaluar per escrit els continguts que jo he transm\u00e8s, a aquesta persona no la conec!&#8221;, s&#8217;exclama Vidal.<\/p>\n\n\n\n<p>Mirar-se cada alumne amb deteniment \u00e9s essencial, considera l&#8217;exalumna. I ressalta: &#8220;Vosaltres vincul\u00e0veu la salut mental de cadasc\u00fa i les seves condicions socioecon\u00f2miques amb els seus resultats acad\u00e8mics, i aix\u00f2 \u00e9s important. A vegades, qui t\u00e9 pitjor comportament \u00e9s perqu\u00e8 t\u00e9 hist\u00f2ries al darrere&#8230;&#8221; Vidal ho argumenta: &#8220;Si tens mancances emocionals, o algun desequilibri d&#8217;alguna cosa, \u00e9s impossible que donis el 100% de tu. Per\u00f2 tot aix\u00f2 a vegades queda dilu\u00eft amb un gen\u00e8ric &#8216;es porta malament&#8217;. Per\u00f2 la meva feina \u00e9s aquesta, veure qu\u00e8 els est\u00e0 passant als nens, i oferir-los aquest espai, aquesta conversa.&#8221;<\/p>\n\n\n\n<p>Cano posa en dubte que el conjunt de la professi\u00f3 docent pugui arribar a compartir les reflexions de Galeote i Vidal. Per\u00f2 avisa: &#8220;Estem vivint la revoluci\u00f3 tecno-digital, la revoluci\u00f3 postmoderna de Baumann i la revoluci\u00f3 que jo anomeno &#8216;inclusionista&#8217;. Que jo hi estic a favor, per\u00f2 que hi ha gent que no. I en totes aquestes tres revolucions, l&#8217;\u00fanica estructura per la qual passa tota la societat \u00e9s l&#8217;escola. L&#8217;\u00fanica eina que tenim per intentar equilibrar i ajudar \u00e9s l&#8217;escola. Fins que no entenguem que la nostra funci\u00f3 \u00e9s aix\u00ed d&#8217;\u00e0mplia, malament. L&#8217;escola rep a tothom i, si \u00e9s possible, equilibra. I, per tant, ens han d&#8217;omplir de recursos!&#8221;<\/p>\n\n\n\n<h3 class=\"wp-block-heading\">Xarxes socials<\/h3>\n\n\n\n<p>De fet, recentment l&#8217;escola s&#8217;ha trobat a l&#8217;ull de l&#8217;hurac\u00e0 per l&#8217;\u00fas que els joves fan dels m\u00f2bils. Vidal s&#8217;exclama: &#8220;Trobo molt impressionant que es responsabilitzi l&#8217;escola de mancances que tenen les fam\u00edlies. S\u00f3n els pares, qui els compren el m\u00f2bil!&#8221; Els m\u00f2bils, i concretament les xarxes socials, \u00e0mbit en qu\u00e8 Galeote sobresurt.<\/p>\n\n\n<div class=\"wp-block-image\">\n<figure class=\"alignright size-full is-resized\"><img decoding=\"async\" width=\"659\" height=\"688\" src=\"https:\/\/diarieducacio.cat\/redaccio\/wp-content\/uploads\/sites\/23\/2025\/12\/galeote-4.jpg\" alt=\"\" class=\"wp-image-2538\" style=\"aspect-ratio:0.9578478799027957;width:447px;height:auto\" srcset=\"https:\/\/diarieducacio.cat\/redaccio\/wp-content\/uploads\/sites\/23\/2025\/12\/galeote-4.jpg 659w, https:\/\/diarieducacio.cat\/redaccio\/wp-content\/uploads\/sites\/23\/2025\/12\/galeote-4-287x300.jpg 287w, https:\/\/diarieducacio.cat\/redaccio\/wp-content\/uploads\/sites\/23\/2025\/12\/galeote-4-150x157.jpg 150w, https:\/\/diarieducacio.cat\/redaccio\/wp-content\/uploads\/sites\/23\/2025\/12\/galeote-4-450x470.jpg 450w\" sizes=\"(max-width: 659px) 100vw, 659px\" \/><figcaption class=\"wp-element-caption\">Jordi Cano. \u201cEstem vivint la revoluci\u00f3 tecno-digital, la revoluci\u00f3 postmoderna de Baumann i la revoluci\u00f3 que  jo anomeno \u2018inclusionista\u2019. I (&#8230;) en totes aquestes tres revolucions, l\u2019\u00fanica eina que tenim per intentar equilibrar i <br>ajudar, \u00e9s l\u2019escola. Fins que no entenguem que la nostra funci\u00f3 \u00e9s aix\u00ed d\u2019\u00e0mplia, malament\u201d | Ismael Bold\u00fa<\/figcaption><\/figure>\n<\/div>\n\n\n<p>&#8220;Les xarxes socials posen&nbsp;la democr\u00e0cia en escac&#8221;, alerta la influencer. &#8220;L&#8217;extrema dreta est\u00e0 pujant sobretot en el g\u00e8nere mascul\u00ed gr\u00e0cies a les xarxes&#8221;, avisa. I entre les noies tamb\u00e9 tenen un impacte m\u00e9s que notable: &#8220;Abans els retocs est\u00e8tics es feien dels 30 cap amunt. Ara la mitjana est\u00e0 en els 20, i tinc companyes de col\u00b7legis concertats que als 18 tenen una operaci\u00f3 de pit com a regal! I no poques! Aix\u00f2 \u00e9s una bogeria.&#8221;<\/p>\n\n\n\n<p>Cano opta per buscar-hi un cant\u00f3 positiu. &#8220;Ara hi ha m\u00e9s feministes que quan estudiaves tu! Perqu\u00e8 llavors&#8230; Estaves tu soleta!&#8221;, li engalta. &#8220;Ho recordo b\u00e9!&#8221;, respon Galeote. I, portant-ho al terreny musical, Cano exposa: &#8220;Abans es cantaven can\u00e7ons com &#8216;<em>Y si si te vuelvo a ver pintar un coraz\u00f3n de tiza en la pared te voy a dar una paliza por haber escrito mi nombre dentro<\/em>&#8216;, de Radio Futura, i &#8216;<em>Solo quiero matarla a punto de navaja bes\u00e1ndola una vez m\u00e1s<\/em>&#8216;, de Loquillo. Ara, aquests continguts rebrien milions de tuits de la Carla criticant-ho. Al menys, hi ha debat. I \u00e9s un debat viu gr\u00e0cies a les xarxes. Que \u00e9s un debat hiperb\u00f2lic, exagerat i s\u00faper-agressiu? S\u00ed. Per\u00f2 abans l&#8217;extrema dreta campava pel carrer i apallissaven per aqu\u00ed i per all\u00ed!&#8221;<\/p>\n\n\n\n<p>Quan Galeote expressa la seva opini\u00f3 a TikTok, l&#8217;allau de comentaris despectius que rep \u00e9s incommensurable. Pateixen, els seus exprofessors? &#8220;Molt&#8221;, responen els dos a l&#8217;un\u00edson. Galeote recorda els inicis: &#8220;Fa dos anys que faig v\u00eddeos. El primer v\u00eddeo ja va ser un boom. Llavors TikTok no era tan pol\u00edtic, i l&#8217;algoritme el va promocionar de la nit al dia: el primer v\u00eddeo ja tenia un mili\u00f3 de visualitzacions! Ho vaig gestionar malament, \u00f2bviament. I sola. Primer estava molt dissociada, perqu\u00e8 no entenia la magnitud de tot all\u00f2. Fins que el meu pare va comptar la magnitud en &#8216;Camps Nous&#8217;: Quants Camps Nous omple la Carla amb aquest v\u00eddeo? I llavors me&#8217;n vaig adonar. \u00d2bviament,&nbsp;he tingut liades molt grosses, perqu\u00e8 et donen un poder molt gran. Amb 20 anys ho vaig racionalitzar fatal. Ara, amb 23, ja ho porto millor, per\u00f2 perqu\u00e8 he tingut molt psic\u00f2leg, perqu\u00e8 tinc un bon entorn&#8230; \u00c9s un poder molt fort. I t&#8217;adones que est\u00e0s fent pol\u00edtica. I aix\u00f2 sent dona, jove i d&#8217;esquerres&#8230; a les xarxes \u00e9s complicat.&#8221;<\/p>\n\n\n\n<p>Vidal confessa: &#8220;Em va sobtar molt tot: el discurs, com parla&#8230; Molt coherent, amb aquella rapidesa amb qu\u00e8 parles&#8230; Vaig veure la gent que et seguia i vaig flipar molt. I entre els mestres ens d\u00e8iem &#8216;Heu vist la Galeote?'&#8221; L&#8217;exalumna mig s&#8217;avergonyeix, mig s&#8217;enorgulleix. I la reacci\u00f3 de Vidal li recorda una mica a la dels seus pares: &#8220;Portaven tota la vida escoltant-me&#8230; i ara de cop i volta quanta gent dius que t&#8217;est\u00e0 escoltant?&#8221;<\/p>\n\n\n\n<h3 class=\"wp-block-heading\">Eppur si muove<\/h3>\n\n\n\n<p>Cano es mira les xarxes amb un cert optimisme, destacant els aven\u00e7os socials que es van assolint per sobre dels punts foscos. La prova, l&#8217;augment de consci\u00e8ncia feminista que detecta a les classes. En part, gr\u00e0cies tamb\u00e9 a l&#8217;esfor\u00e7 fet per Galeote tant a les xarxes com en el seu entorn m\u00e9s immediat. &#8220;Als Maristes mai no s&#8217;hi havia fet el 8 de Mar\u00e7&#8230; I&nbsp;el vam comen\u00e7ar a fer! El primer any que ho vaig voler tirar endavant, a primer de batxillerat, el Llobera em va dir que si no li portava una proposta ben feta, que no el far\u00edem. I no vaig tenir temps. Per\u00f2 l&#8217;any seg\u00fcent vam preparar un Excel i tot&#8230; I&nbsp;el vam fer!&#8221; &#8220;I se segueix fent! Vosaltres ho vau institucionalitzar!&#8221;, rebla Cano.<\/p>\n\n\n\n<p><\/p>\n","protected":false},"excerpt":{"rendered":"<p>Prendre consci\u00e8ncia feminista a trav\u00e9s de la classe de M\u00fasica \u00e9s possible. Despertar consci\u00e8ncies entre la joventut sent professor d&#8217;ESO \u00e9s possible. La prova s\u00f3n l&#8217;advocada i influencer Carla Galeote (Lleida, 2000) i qui va ser el seu professor de M\u00fasica,&nbsp;Jordi Cano (Lleida, 1972). Galeote ho explica: &#8220;Jo no encaixava en els par\u00e0metres de ser<\/p>\n","protected":false},"author":924,"featured_media":2533,"comment_status":"open","ping_status":"open","sticky":false,"template":"","format":"standard","meta":{"footnotes":""},"categories":[2],"tags":[136,156],"class_list":{"0":"post-2532","1":"post","2":"type-post","3":"status-publish","4":"format-standard","5":"has-post-thumbnail","7":"category-general","8":"tag-diari-de-leducacio","9":"tag-mestres-de-la-nostra-vida"},"yoast_head":"<!-- This site is optimized with the Yoast SEO plugin v27.4 - https:\/\/yoast.com\/product\/yoast-seo-wordpress\/ -->\n<title>Carla Galeote a Pili Vidal i Jordi Cano: \u201cEls mestres que m\u2019heu marcat s\u00f3n els que m\u2019heu ensenyat m\u00e9s enll\u00e0 de la mat\u00e8ria\u201d - El Blog de la Redacci\u00f3<\/title>\n<meta name=\"robots\" content=\"index, follow, max-snippet:-1, max-image-preview:large, max-video-preview:-1\" \/>\n<link rel=\"canonical\" href=\"https:\/\/diarieducacio.cat\/redaccio\/2025\/12\/09\/carla-galeote-a-pili-vidal-i-jordi-cano-els-mestres-que-mheu-marcat-son-els-que-mheu-ensenyat-mes-enlla-de-la-materia\/\" \/>\n<meta property=\"og:locale\" content=\"ca_ES\" \/>\n<meta property=\"og:type\" content=\"article\" \/>\n<meta property=\"og:title\" content=\"Carla Galeote a Pili Vidal i Jordi Cano: \u201cEls mestres que m\u2019heu marcat s\u00f3n els que m\u2019heu ensenyat m\u00e9s enll\u00e0 de la mat\u00e8ria\u201d - El Blog de la Redacci\u00f3\" \/>\n<meta property=\"og:description\" content=\"Prendre consci\u00e8ncia feminista a trav\u00e9s de la classe de M\u00fasica \u00e9s possible. Despertar consci\u00e8ncies entre la joventut sent professor d&#8217;ESO \u00e9s possible. La prova s\u00f3n l&#8217;advocada i influencer Carla Galeote (Lleida, 2000) i qui va ser el seu professor de M\u00fasica,&nbsp;Jordi Cano (Lleida, 1972). Galeote ho explica: &#8220;Jo no encaixava en els par\u00e0metres de ser\" \/>\n<meta property=\"og:url\" content=\"https:\/\/diarieducacio.cat\/redaccio\/2025\/12\/09\/carla-galeote-a-pili-vidal-i-jordi-cano-els-mestres-que-mheu-marcat-son-els-que-mheu-ensenyat-mes-enlla-de-la-materia\/\" \/>\n<meta property=\"og:site_name\" content=\"El Blog de la Redacci\u00f3\" \/>\n<meta property=\"article:published_time\" content=\"2025-12-09T01:55:00+00:00\" \/>\n<meta property=\"og:image\" content=\"https:\/\/diarieducacio.cat\/redaccio\/wp-content\/uploads\/sites\/23\/2025\/12\/galeote.jpg\" \/>\n\t<meta property=\"og:image:width\" content=\"1132\" \/>\n\t<meta property=\"og:image:height\" content=\"571\" \/>\n\t<meta property=\"og:image:type\" content=\"image\/jpeg\" \/>\n<meta name=\"author\" content=\"Bernat Ferrer\" \/>\n<meta name=\"twitter:card\" content=\"summary_large_image\" \/>\n<meta name=\"twitter:label1\" content=\"Escrit per\" \/>\n\t<meta name=\"twitter:data1\" content=\"Bernat Ferrer\" \/>\n\t<meta name=\"twitter:label2\" content=\"Temps estimat de lectura\" \/>\n\t<meta name=\"twitter:data2\" content=\"14 minuts\" \/>\n<script type=\"application\/ld+json\" class=\"yoast-schema-graph\">{\"@context\":\"https:\\\/\\\/schema.org\",\"@graph\":[{\"@type\":\"Article\",\"@id\":\"https:\\\/\\\/diarieducacio.cat\\\/redaccio\\\/2025\\\/12\\\/09\\\/carla-galeote-a-pili-vidal-i-jordi-cano-els-mestres-que-mheu-marcat-son-els-que-mheu-ensenyat-mes-enlla-de-la-materia\\\/#article\",\"isPartOf\":{\"@id\":\"https:\\\/\\\/diarieducacio.cat\\\/redaccio\\\/2025\\\/12\\\/09\\\/carla-galeote-a-pili-vidal-i-jordi-cano-els-mestres-que-mheu-marcat-son-els-que-mheu-ensenyat-mes-enlla-de-la-materia\\\/\"},\"author\":{\"name\":\"Bernat Ferrer\",\"@id\":\"https:\\\/\\\/diarieducacio.cat\\\/redaccio\\\/#\\\/schema\\\/person\\\/c6f0b79985d8a64be447cffcd51e1134\"},\"headline\":\"Carla Galeote a Pili Vidal i Jordi Cano: \u201cEls mestres que m\u2019heu marcat s\u00f3n els que m\u2019heu ensenyat m\u00e9s enll\u00e0 de la mat\u00e8ria\u201d\",\"datePublished\":\"2025-12-09T01:55:00+00:00\",\"mainEntityOfPage\":{\"@id\":\"https:\\\/\\\/diarieducacio.cat\\\/redaccio\\\/2025\\\/12\\\/09\\\/carla-galeote-a-pili-vidal-i-jordi-cano-els-mestres-que-mheu-marcat-son-els-que-mheu-ensenyat-mes-enlla-de-la-materia\\\/\"},\"wordCount\":2602,\"commentCount\":0,\"image\":{\"@id\":\"https:\\\/\\\/diarieducacio.cat\\\/redaccio\\\/2025\\\/12\\\/09\\\/carla-galeote-a-pili-vidal-i-jordi-cano-els-mestres-que-mheu-marcat-son-els-que-mheu-ensenyat-mes-enlla-de-la-materia\\\/#primaryimage\"},\"thumbnailUrl\":\"https:\\\/\\\/diarieducacio.cat\\\/redaccio\\\/wp-content\\\/uploads\\\/sites\\\/23\\\/2025\\\/12\\\/galeote.jpg\",\"keywords\":[\"Diari de l'Educaci\u00f3\",\"mestres de la nostra vida\"],\"articleSection\":[\"General\"],\"inLanguage\":\"ca\",\"potentialAction\":[{\"@type\":\"CommentAction\",\"name\":\"Comment\",\"target\":[\"https:\\\/\\\/diarieducacio.cat\\\/redaccio\\\/2025\\\/12\\\/09\\\/carla-galeote-a-pili-vidal-i-jordi-cano-els-mestres-que-mheu-marcat-son-els-que-mheu-ensenyat-mes-enlla-de-la-materia\\\/#respond\"]}]},{\"@type\":\"WebPage\",\"@id\":\"https:\\\/\\\/diarieducacio.cat\\\/redaccio\\\/2025\\\/12\\\/09\\\/carla-galeote-a-pili-vidal-i-jordi-cano-els-mestres-que-mheu-marcat-son-els-que-mheu-ensenyat-mes-enlla-de-la-materia\\\/\",\"url\":\"https:\\\/\\\/diarieducacio.cat\\\/redaccio\\\/2025\\\/12\\\/09\\\/carla-galeote-a-pili-vidal-i-jordi-cano-els-mestres-que-mheu-marcat-son-els-que-mheu-ensenyat-mes-enlla-de-la-materia\\\/\",\"name\":\"Carla Galeote a Pili Vidal i Jordi Cano: \u201cEls mestres que m\u2019heu marcat s\u00f3n els que m\u2019heu ensenyat m\u00e9s enll\u00e0 de la mat\u00e8ria\u201d - El Blog de la Redacci\u00f3\",\"isPartOf\":{\"@id\":\"https:\\\/\\\/diarieducacio.cat\\\/redaccio\\\/#website\"},\"primaryImageOfPage\":{\"@id\":\"https:\\\/\\\/diarieducacio.cat\\\/redaccio\\\/2025\\\/12\\\/09\\\/carla-galeote-a-pili-vidal-i-jordi-cano-els-mestres-que-mheu-marcat-son-els-que-mheu-ensenyat-mes-enlla-de-la-materia\\\/#primaryimage\"},\"image\":{\"@id\":\"https:\\\/\\\/diarieducacio.cat\\\/redaccio\\\/2025\\\/12\\\/09\\\/carla-galeote-a-pili-vidal-i-jordi-cano-els-mestres-que-mheu-marcat-son-els-que-mheu-ensenyat-mes-enlla-de-la-materia\\\/#primaryimage\"},\"thumbnailUrl\":\"https:\\\/\\\/diarieducacio.cat\\\/redaccio\\\/wp-content\\\/uploads\\\/sites\\\/23\\\/2025\\\/12\\\/galeote.jpg\",\"datePublished\":\"2025-12-09T01:55:00+00:00\",\"author\":{\"@id\":\"https:\\\/\\\/diarieducacio.cat\\\/redaccio\\\/#\\\/schema\\\/person\\\/c6f0b79985d8a64be447cffcd51e1134\"},\"breadcrumb\":{\"@id\":\"https:\\\/\\\/diarieducacio.cat\\\/redaccio\\\/2025\\\/12\\\/09\\\/carla-galeote-a-pili-vidal-i-jordi-cano-els-mestres-que-mheu-marcat-son-els-que-mheu-ensenyat-mes-enlla-de-la-materia\\\/#breadcrumb\"},\"inLanguage\":\"ca\",\"potentialAction\":[{\"@type\":\"ReadAction\",\"target\":[\"https:\\\/\\\/diarieducacio.cat\\\/redaccio\\\/2025\\\/12\\\/09\\\/carla-galeote-a-pili-vidal-i-jordi-cano-els-mestres-que-mheu-marcat-son-els-que-mheu-ensenyat-mes-enlla-de-la-materia\\\/\"]}]},{\"@type\":\"ImageObject\",\"inLanguage\":\"ca\",\"@id\":\"https:\\\/\\\/diarieducacio.cat\\\/redaccio\\\/2025\\\/12\\\/09\\\/carla-galeote-a-pili-vidal-i-jordi-cano-els-mestres-que-mheu-marcat-son-els-que-mheu-ensenyat-mes-enlla-de-la-materia\\\/#primaryimage\",\"url\":\"https:\\\/\\\/diarieducacio.cat\\\/redaccio\\\/wp-content\\\/uploads\\\/sites\\\/23\\\/2025\\\/12\\\/galeote.jpg\",\"contentUrl\":\"https:\\\/\\\/diarieducacio.cat\\\/redaccio\\\/wp-content\\\/uploads\\\/sites\\\/23\\\/2025\\\/12\\\/galeote.jpg\",\"width\":1132,\"height\":571,\"caption\":\"Carla Galeote, Pili Vidal i Jordi Cano | Ismael Bold\u00fa\"},{\"@type\":\"BreadcrumbList\",\"@id\":\"https:\\\/\\\/diarieducacio.cat\\\/redaccio\\\/2025\\\/12\\\/09\\\/carla-galeote-a-pili-vidal-i-jordi-cano-els-mestres-que-mheu-marcat-son-els-que-mheu-ensenyat-mes-enlla-de-la-materia\\\/#breadcrumb\",\"itemListElement\":[{\"@type\":\"ListItem\",\"position\":1,\"name\":\"Inici\",\"item\":\"https:\\\/\\\/diarieducacio.cat\\\/redaccio\\\/\"},{\"@type\":\"ListItem\",\"position\":2,\"name\":\"Carla Galeote a Pili Vidal i Jordi Cano: \u201cEls mestres que m\u2019heu marcat s\u00f3n els que m\u2019heu ensenyat m\u00e9s enll\u00e0 de la mat\u00e8ria\u201d\"}]},{\"@type\":\"WebSite\",\"@id\":\"https:\\\/\\\/diarieducacio.cat\\\/redaccio\\\/#website\",\"url\":\"https:\\\/\\\/diarieducacio.cat\\\/redaccio\\\/\",\"name\":\"El Blog de la Redacci\u00f3\",\"description\":\"Un blog d&#039;El Diari de l&#039;Educaci\u00f3\",\"potentialAction\":[{\"@type\":\"SearchAction\",\"target\":{\"@type\":\"EntryPoint\",\"urlTemplate\":\"https:\\\/\\\/diarieducacio.cat\\\/redaccio\\\/?s={search_term_string}\"},\"query-input\":{\"@type\":\"PropertyValueSpecification\",\"valueRequired\":true,\"valueName\":\"search_term_string\"}}],\"inLanguage\":\"ca\"},{\"@type\":\"Person\",\"@id\":\"https:\\\/\\\/diarieducacio.cat\\\/redaccio\\\/#\\\/schema\\\/person\\\/c6f0b79985d8a64be447cffcd51e1134\",\"name\":\"Bernat Ferrer\",\"image\":{\"@type\":\"ImageObject\",\"inLanguage\":\"ca\",\"@id\":\"https:\\\/\\\/diarieducacio.cat\\\/wp-content\\\/uploads\\\/2024\\\/10\\\/bernat-ferrer_avatar_1-96x96.jpg\",\"url\":\"https:\\\/\\\/diarieducacio.cat\\\/wp-content\\\/uploads\\\/2024\\\/10\\\/bernat-ferrer_avatar_1-96x96.jpg\",\"contentUrl\":\"https:\\\/\\\/diarieducacio.cat\\\/wp-content\\\/uploads\\\/2024\\\/10\\\/bernat-ferrer_avatar_1-96x96.jpg\",\"caption\":\"Bernat Ferrer\"},\"url\":\"https:\\\/\\\/diarieducacio.cat\\\/redaccio\\\/author\\\/bferrer\\\/\"}]}<\/script>\n<!-- \/ Yoast SEO plugin. -->","yoast_head_json":{"title":"Carla Galeote a Pili Vidal i Jordi Cano: \u201cEls mestres que m\u2019heu marcat s\u00f3n els que m\u2019heu ensenyat m\u00e9s enll\u00e0 de la mat\u00e8ria\u201d - El Blog de la Redacci\u00f3","robots":{"index":"index","follow":"follow","max-snippet":"max-snippet:-1","max-image-preview":"max-image-preview:large","max-video-preview":"max-video-preview:-1"},"canonical":"https:\/\/diarieducacio.cat\/redaccio\/2025\/12\/09\/carla-galeote-a-pili-vidal-i-jordi-cano-els-mestres-que-mheu-marcat-son-els-que-mheu-ensenyat-mes-enlla-de-la-materia\/","og_locale":"ca_ES","og_type":"article","og_title":"Carla Galeote a Pili Vidal i Jordi Cano: \u201cEls mestres que m\u2019heu marcat s\u00f3n els que m\u2019heu ensenyat m\u00e9s enll\u00e0 de la mat\u00e8ria\u201d - El Blog de la Redacci\u00f3","og_description":"Prendre consci\u00e8ncia feminista a trav\u00e9s de la classe de M\u00fasica \u00e9s possible. Despertar consci\u00e8ncies entre la joventut sent professor d&#8217;ESO \u00e9s possible. La prova s\u00f3n l&#8217;advocada i influencer Carla Galeote (Lleida, 2000) i qui va ser el seu professor de M\u00fasica,&nbsp;Jordi Cano (Lleida, 1972). Galeote ho explica: &#8220;Jo no encaixava en els par\u00e0metres de ser","og_url":"https:\/\/diarieducacio.cat\/redaccio\/2025\/12\/09\/carla-galeote-a-pili-vidal-i-jordi-cano-els-mestres-que-mheu-marcat-son-els-que-mheu-ensenyat-mes-enlla-de-la-materia\/","og_site_name":"El Blog de la Redacci\u00f3","article_published_time":"2025-12-09T01:55:00+00:00","og_image":[{"width":1132,"height":571,"url":"https:\/\/diarieducacio.cat\/redaccio\/wp-content\/uploads\/sites\/23\/2025\/12\/galeote.jpg","type":"image\/jpeg"}],"author":"Bernat Ferrer","twitter_card":"summary_large_image","twitter_misc":{"Escrit per":"Bernat Ferrer","Temps estimat de lectura":"14 minuts"},"schema":{"@context":"https:\/\/schema.org","@graph":[{"@type":"Article","@id":"https:\/\/diarieducacio.cat\/redaccio\/2025\/12\/09\/carla-galeote-a-pili-vidal-i-jordi-cano-els-mestres-que-mheu-marcat-son-els-que-mheu-ensenyat-mes-enlla-de-la-materia\/#article","isPartOf":{"@id":"https:\/\/diarieducacio.cat\/redaccio\/2025\/12\/09\/carla-galeote-a-pili-vidal-i-jordi-cano-els-mestres-que-mheu-marcat-son-els-que-mheu-ensenyat-mes-enlla-de-la-materia\/"},"author":{"name":"Bernat Ferrer","@id":"https:\/\/diarieducacio.cat\/redaccio\/#\/schema\/person\/c6f0b79985d8a64be447cffcd51e1134"},"headline":"Carla Galeote a Pili Vidal i Jordi Cano: \u201cEls mestres que m\u2019heu marcat s\u00f3n els que m\u2019heu ensenyat m\u00e9s enll\u00e0 de la mat\u00e8ria\u201d","datePublished":"2025-12-09T01:55:00+00:00","mainEntityOfPage":{"@id":"https:\/\/diarieducacio.cat\/redaccio\/2025\/12\/09\/carla-galeote-a-pili-vidal-i-jordi-cano-els-mestres-que-mheu-marcat-son-els-que-mheu-ensenyat-mes-enlla-de-la-materia\/"},"wordCount":2602,"commentCount":0,"image":{"@id":"https:\/\/diarieducacio.cat\/redaccio\/2025\/12\/09\/carla-galeote-a-pili-vidal-i-jordi-cano-els-mestres-que-mheu-marcat-son-els-que-mheu-ensenyat-mes-enlla-de-la-materia\/#primaryimage"},"thumbnailUrl":"https:\/\/diarieducacio.cat\/redaccio\/wp-content\/uploads\/sites\/23\/2025\/12\/galeote.jpg","keywords":["Diari de l'Educaci\u00f3","mestres de la nostra vida"],"articleSection":["General"],"inLanguage":"ca","potentialAction":[{"@type":"CommentAction","name":"Comment","target":["https:\/\/diarieducacio.cat\/redaccio\/2025\/12\/09\/carla-galeote-a-pili-vidal-i-jordi-cano-els-mestres-que-mheu-marcat-son-els-que-mheu-ensenyat-mes-enlla-de-la-materia\/#respond"]}]},{"@type":"WebPage","@id":"https:\/\/diarieducacio.cat\/redaccio\/2025\/12\/09\/carla-galeote-a-pili-vidal-i-jordi-cano-els-mestres-que-mheu-marcat-son-els-que-mheu-ensenyat-mes-enlla-de-la-materia\/","url":"https:\/\/diarieducacio.cat\/redaccio\/2025\/12\/09\/carla-galeote-a-pili-vidal-i-jordi-cano-els-mestres-que-mheu-marcat-son-els-que-mheu-ensenyat-mes-enlla-de-la-materia\/","name":"Carla Galeote a Pili Vidal i Jordi Cano: \u201cEls mestres que m\u2019heu marcat s\u00f3n els que m\u2019heu ensenyat m\u00e9s enll\u00e0 de la mat\u00e8ria\u201d - El Blog de la Redacci\u00f3","isPartOf":{"@id":"https:\/\/diarieducacio.cat\/redaccio\/#website"},"primaryImageOfPage":{"@id":"https:\/\/diarieducacio.cat\/redaccio\/2025\/12\/09\/carla-galeote-a-pili-vidal-i-jordi-cano-els-mestres-que-mheu-marcat-son-els-que-mheu-ensenyat-mes-enlla-de-la-materia\/#primaryimage"},"image":{"@id":"https:\/\/diarieducacio.cat\/redaccio\/2025\/12\/09\/carla-galeote-a-pili-vidal-i-jordi-cano-els-mestres-que-mheu-marcat-son-els-que-mheu-ensenyat-mes-enlla-de-la-materia\/#primaryimage"},"thumbnailUrl":"https:\/\/diarieducacio.cat\/redaccio\/wp-content\/uploads\/sites\/23\/2025\/12\/galeote.jpg","datePublished":"2025-12-09T01:55:00+00:00","author":{"@id":"https:\/\/diarieducacio.cat\/redaccio\/#\/schema\/person\/c6f0b79985d8a64be447cffcd51e1134"},"breadcrumb":{"@id":"https:\/\/diarieducacio.cat\/redaccio\/2025\/12\/09\/carla-galeote-a-pili-vidal-i-jordi-cano-els-mestres-que-mheu-marcat-son-els-que-mheu-ensenyat-mes-enlla-de-la-materia\/#breadcrumb"},"inLanguage":"ca","potentialAction":[{"@type":"ReadAction","target":["https:\/\/diarieducacio.cat\/redaccio\/2025\/12\/09\/carla-galeote-a-pili-vidal-i-jordi-cano-els-mestres-que-mheu-marcat-son-els-que-mheu-ensenyat-mes-enlla-de-la-materia\/"]}]},{"@type":"ImageObject","inLanguage":"ca","@id":"https:\/\/diarieducacio.cat\/redaccio\/2025\/12\/09\/carla-galeote-a-pili-vidal-i-jordi-cano-els-mestres-que-mheu-marcat-son-els-que-mheu-ensenyat-mes-enlla-de-la-materia\/#primaryimage","url":"https:\/\/diarieducacio.cat\/redaccio\/wp-content\/uploads\/sites\/23\/2025\/12\/galeote.jpg","contentUrl":"https:\/\/diarieducacio.cat\/redaccio\/wp-content\/uploads\/sites\/23\/2025\/12\/galeote.jpg","width":1132,"height":571,"caption":"Carla Galeote, Pili Vidal i Jordi Cano | Ismael Bold\u00fa"},{"@type":"BreadcrumbList","@id":"https:\/\/diarieducacio.cat\/redaccio\/2025\/12\/09\/carla-galeote-a-pili-vidal-i-jordi-cano-els-mestres-que-mheu-marcat-son-els-que-mheu-ensenyat-mes-enlla-de-la-materia\/#breadcrumb","itemListElement":[{"@type":"ListItem","position":1,"name":"Inici","item":"https:\/\/diarieducacio.cat\/redaccio\/"},{"@type":"ListItem","position":2,"name":"Carla Galeote a Pili Vidal i Jordi Cano: \u201cEls mestres que m\u2019heu marcat s\u00f3n els que m\u2019heu ensenyat m\u00e9s enll\u00e0 de la mat\u00e8ria\u201d"}]},{"@type":"WebSite","@id":"https:\/\/diarieducacio.cat\/redaccio\/#website","url":"https:\/\/diarieducacio.cat\/redaccio\/","name":"El Blog de la Redacci\u00f3","description":"Un blog d&#039;El Diari de l&#039;Educaci\u00f3","potentialAction":[{"@type":"SearchAction","target":{"@type":"EntryPoint","urlTemplate":"https:\/\/diarieducacio.cat\/redaccio\/?s={search_term_string}"},"query-input":{"@type":"PropertyValueSpecification","valueRequired":true,"valueName":"search_term_string"}}],"inLanguage":"ca"},{"@type":"Person","@id":"https:\/\/diarieducacio.cat\/redaccio\/#\/schema\/person\/c6f0b79985d8a64be447cffcd51e1134","name":"Bernat Ferrer","image":{"@type":"ImageObject","inLanguage":"ca","@id":"https:\/\/diarieducacio.cat\/wp-content\/uploads\/2024\/10\/bernat-ferrer_avatar_1-96x96.jpg","url":"https:\/\/diarieducacio.cat\/wp-content\/uploads\/2024\/10\/bernat-ferrer_avatar_1-96x96.jpg","contentUrl":"https:\/\/diarieducacio.cat\/wp-content\/uploads\/2024\/10\/bernat-ferrer_avatar_1-96x96.jpg","caption":"Bernat Ferrer"},"url":"https:\/\/diarieducacio.cat\/redaccio\/author\/bferrer\/"}]}},"_links":{"self":[{"href":"https:\/\/diarieducacio.cat\/redaccio\/wp-json\/wp\/v2\/posts\/2532","targetHints":{"allow":["GET"]}}],"collection":[{"href":"https:\/\/diarieducacio.cat\/redaccio\/wp-json\/wp\/v2\/posts"}],"about":[{"href":"https:\/\/diarieducacio.cat\/redaccio\/wp-json\/wp\/v2\/types\/post"}],"author":[{"embeddable":true,"href":"https:\/\/diarieducacio.cat\/redaccio\/wp-json\/wp\/v2\/users\/924"}],"replies":[{"embeddable":true,"href":"https:\/\/diarieducacio.cat\/redaccio\/wp-json\/wp\/v2\/comments?post=2532"}],"version-history":[{"count":4,"href":"https:\/\/diarieducacio.cat\/redaccio\/wp-json\/wp\/v2\/posts\/2532\/revisions"}],"predecessor-version":[{"id":2541,"href":"https:\/\/diarieducacio.cat\/redaccio\/wp-json\/wp\/v2\/posts\/2532\/revisions\/2541"}],"wp:featuredmedia":[{"embeddable":true,"href":"https:\/\/diarieducacio.cat\/redaccio\/wp-json\/wp\/v2\/media\/2533"}],"wp:attachment":[{"href":"https:\/\/diarieducacio.cat\/redaccio\/wp-json\/wp\/v2\/media?parent=2532"}],"wp:term":[{"taxonomy":"category","embeddable":true,"href":"https:\/\/diarieducacio.cat\/redaccio\/wp-json\/wp\/v2\/categories?post=2532"},{"taxonomy":"post_tag","embeddable":true,"href":"https:\/\/diarieducacio.cat\/redaccio\/wp-json\/wp\/v2\/tags?post=2532"}],"curies":[{"name":"wp","href":"https:\/\/api.w.org\/{rel}","templated":true}]}}