{"id":2596,"date":"2026-01-27T06:51:00","date_gmt":"2026-01-27T05:51:00","guid":{"rendered":"https:\/\/diarieducacio.cat\/redaccio\/?p=2596"},"modified":"2026-01-27T13:48:03","modified_gmt":"2026-01-27T12:48:03","slug":"el-diari-de-leducacio-sis-grans-motius-per-formar-part-de-la-comunitat-de-subscriptors","status":"publish","type":"post","link":"https:\/\/diarieducacio.cat\/redaccio\/2026\/01\/27\/el-diari-de-leducacio-sis-grans-motius-per-formar-part-de-la-comunitat-de-subscriptors\/","title":{"rendered":"El Diari de l\u2019Educaci\u00f3: sis grans motius per formar part de la comunitat de subscriptors"},"content":{"rendered":"\n<p><em>El Diari de l\u2019Educaci\u00f3<\/em>&nbsp;acabem de complir dotze anys de comprom\u00eds amb la comunitat educativa. Pensem que docents i periodistes, de manera conjunta, hem creat una eina d&#8217;informaci\u00f3 independent i rigorosa al servei del dret a l\u2019educaci\u00f3 i, a la vegada, un espai de trobada de tota la comunitat. De di\u00e0leg, de reflexi\u00f3, de debat.<\/p>\n\n\n\n<p>Vam n\u00e9ixer amb la voluntat de \u2018fer comunitat\u2019. Ho hem intentat especialment en l\u2019\u00e0mbit digital. Ara volem posar l&#8217;accent tamb\u00e9 en la trobada, en veure&#8217;ns i parlar. Amb el reinici del programa de cinef\u00f2rums, i amb la posada en marxa d\u2019un cicle de \u2018converses \u00faniques\u2019 amb referents amb els qui compartim els valors del di\u00e0leg, l\u2019equitat, la conviv\u00e8ncia, la democr\u00e0cia, els drets humans&#8230; Valors pels quals hem de lluitar cada dia en un m\u00f3n cada vegada m\u00e9s hostil.<\/p>\n\n\n\n<p>Pensem que aquesta eina informativa i l\u2019espai de trobada s\u00f3n m\u00e9s necess\u00e0ries que mai perqu\u00e8 des del 2014 hem vist com ha crescut la complexitat de l\u2019ofici d\u2019educar, i com els drets i els valors que compartim es veuen amena\u00e7ats per pulsions reaccion\u00e0ries a escala global, per\u00f2 tamb\u00e9 molt a prop nostre.<\/p>\n\n\n\n<p>Considerem que davant la dificultat, hem de reafirmar els nostres principis amb nous passos endavant. \u00c9s en aquest sentit que fem un esfor\u00e7 per intentar conv\u00e8ncer-vos de la necessitat d\u2019implicar-vos en el projecte de <em>El Diari de l\u2019Educaci\u00f3<\/em>. \u00c9s un suport vital per la Fundaci\u00f3 Periodisme Plural, l\u2019entitat sense \u00e0nim de lucre que edita el <em>Diari<\/em>. Nom\u00e9s amb el vostre suport podem exercir el periodisme lliure, independent i al servei de la comunitat educativa.<\/p>\n\n\n\n<h2 class=\"wp-block-heading\"><strong>Sis motius per \u2018fer comunitat\u2019<\/strong><\/h2>\n\n\n\n<p><strong>La revista de sempre<\/strong>: Rebr\u00e0s cada any, com fins ara, una revista pensada per tu. Enguany&nbsp;est\u00e0 dedicada al vincle virtu\u00f3s entre cultura i Educaci\u00f3.&nbsp;La revista vol ser un cant de trobada entre cultura i educaci\u00f3, i ho fa d\u2019una manera ben especial i original, amb<strong>&nbsp;<\/strong>la mirada del Joma,<strong>&nbsp;<\/strong>un dibuixant de refer\u00e8ncia que il\u00b7lustra la revista i inclou un calendari art\u00edstic del 2026. La revista es complementa amb divuit articles sobre els moments dif\u00edcils que viu el sistema educatiu.<\/p>\n\n\n\n<figure class=\"wp-block-image size-large\"><img fetchpriority=\"high\" decoding=\"async\" width=\"1024\" height=\"712\" src=\"https:\/\/diarieducacio.cat\/redaccio\/wp-content\/uploads\/sites\/23\/2026\/01\/Portada-Revista-DE-cultura-i-educacio-1024x712.jpg\" alt=\"El Diari de l'Educaci\u00f3\" class=\"wp-image-2597\" srcset=\"https:\/\/diarieducacio.cat\/redaccio\/wp-content\/uploads\/sites\/23\/2026\/01\/Portada-Revista-DE-cultura-i-educacio-1024x712.jpg 1024w, https:\/\/diarieducacio.cat\/redaccio\/wp-content\/uploads\/sites\/23\/2026\/01\/Portada-Revista-DE-cultura-i-educacio-300x209.jpg 300w, https:\/\/diarieducacio.cat\/redaccio\/wp-content\/uploads\/sites\/23\/2026\/01\/Portada-Revista-DE-cultura-i-educacio-768x534.jpg 768w, https:\/\/diarieducacio.cat\/redaccio\/wp-content\/uploads\/sites\/23\/2026\/01\/Portada-Revista-DE-cultura-i-educacio-150x104.jpg 150w, https:\/\/diarieducacio.cat\/redaccio\/wp-content\/uploads\/sites\/23\/2026\/01\/Portada-Revista-DE-cultura-i-educacio-450x313.jpg 450w, https:\/\/diarieducacio.cat\/redaccio\/wp-content\/uploads\/sites\/23\/2026\/01\/Portada-Revista-DE-cultura-i-educacio-1200x835.jpg 1200w, https:\/\/diarieducacio.cat\/redaccio\/wp-content\/uploads\/sites\/23\/2026\/01\/Portada-Revista-DE-cultura-i-educacio.jpg 1331w\" sizes=\"(max-width: 1024px) 100vw, 1024px\" \/><\/figure>\n\n\n\n<p><strong>Una nova revista:<\/strong>&nbsp;Com a subscriptors de <em>El Diari de l\u2019Educaci\u00f3<\/em>&nbsp;rebreu tamb\u00e9 una revista d\u2019\u00e0mbit m\u00e9s general. Pensem que \u00e9s una forma d\u2019ampliar la mirada i, tamb\u00e9, de millorar el retorn que teniu com a subscriptors. Es tracta d\u2019una revista\/llibre de 140 p\u00e0gines que, sota el titular \u2018Una Catalunya cada vegada m\u00e9s plural\u2019, explica, mitjan\u00e7ant quaranta veus diferents, la Catalunya d\u2019ara, la realitat social, pol\u00edtica, econ\u00f2mica dels vuit milions que formem el pa\u00eds; els reptes i la salut dels drets essencials, comen\u00e7ant per l\u2019educaci\u00f3.<\/p>\n\n\n\n<figure class=\"wp-block-image size-large\"><img decoding=\"async\" width=\"1024\" height=\"713\" src=\"https:\/\/diarieducacio.cat\/redaccio\/wp-content\/uploads\/sites\/23\/2026\/01\/coberta-cp-drets-24-1-1024x713.png\" alt=\"\" class=\"wp-image-2601\" srcset=\"https:\/\/diarieducacio.cat\/redaccio\/wp-content\/uploads\/sites\/23\/2026\/01\/coberta-cp-drets-24-1-1024x713.png 1024w, https:\/\/diarieducacio.cat\/redaccio\/wp-content\/uploads\/sites\/23\/2026\/01\/coberta-cp-drets-24-1-300x209.png 300w, https:\/\/diarieducacio.cat\/redaccio\/wp-content\/uploads\/sites\/23\/2026\/01\/coberta-cp-drets-24-1-768x534.png 768w, https:\/\/diarieducacio.cat\/redaccio\/wp-content\/uploads\/sites\/23\/2026\/01\/coberta-cp-drets-24-1-150x104.png 150w, https:\/\/diarieducacio.cat\/redaccio\/wp-content\/uploads\/sites\/23\/2026\/01\/coberta-cp-drets-24-1-450x313.png 450w, https:\/\/diarieducacio.cat\/redaccio\/wp-content\/uploads\/sites\/23\/2026\/01\/coberta-cp-drets-24-1.png 1200w\" sizes=\"(max-width: 1024px) 100vw, 1024px\" \/><\/figure>\n\n\n\n<p><strong>Converses \u00faniques<\/strong><strong>. <\/strong>Trobades exclusives amb personatges de refer\u00e8ncia. Ens estrenem amb Cristina Gallach, secretaria general adjunta de les Nacions Unides, per parlar del m\u00f3n que ens ve. La conversa amb la catalana que ha tingut m\u00e9s projecci\u00f3 internacional se celebrar\u00e0 el pr\u00f2xim 5 de mar\u00e7 a les 18.30. Apunteu-vos la data! La trobada ser\u00e0 presencial, per\u00f2 tamb\u00e9 hi haur\u00e0 l\u2019opci\u00f3 de participar-hi en l\u00ednia. Una magn\u00edfica ocasi\u00f3 per fer-nos una idea del que est\u00e0 en joc al m\u00f3n aquest 2026.&nbsp;<\/p>\n\n\n\n<figure class=\"wp-block-image size-large\"><img decoding=\"async\" width=\"1024\" height=\"683\" src=\"https:\/\/diarieducacio.cat\/redaccio\/wp-content\/uploads\/sites\/23\/2026\/01\/IMG_5145-1-scaled-1-1024x683.jpg\" alt=\" Cristina Gallach\" class=\"wp-image-2598\" srcset=\"https:\/\/diarieducacio.cat\/redaccio\/wp-content\/uploads\/sites\/23\/2026\/01\/IMG_5145-1-scaled-1-1024x683.jpg 1024w, https:\/\/diarieducacio.cat\/redaccio\/wp-content\/uploads\/sites\/23\/2026\/01\/IMG_5145-1-scaled-1-300x200.jpg 300w, https:\/\/diarieducacio.cat\/redaccio\/wp-content\/uploads\/sites\/23\/2026\/01\/IMG_5145-1-scaled-1-768x512.jpg 768w, https:\/\/diarieducacio.cat\/redaccio\/wp-content\/uploads\/sites\/23\/2026\/01\/IMG_5145-1-scaled-1-1536x1024.jpg 1536w, https:\/\/diarieducacio.cat\/redaccio\/wp-content\/uploads\/sites\/23\/2026\/01\/IMG_5145-1-scaled-1-2048x1366.jpg 2048w, https:\/\/diarieducacio.cat\/redaccio\/wp-content\/uploads\/sites\/23\/2026\/01\/IMG_5145-1-scaled-1-150x100.jpg 150w, https:\/\/diarieducacio.cat\/redaccio\/wp-content\/uploads\/sites\/23\/2026\/01\/IMG_5145-1-scaled-1-450x300.jpg 450w, https:\/\/diarieducacio.cat\/redaccio\/wp-content\/uploads\/sites\/23\/2026\/01\/IMG_5145-1-scaled-1-1200x800.jpg 1200w\" sizes=\"(max-width: 1024px) 100vw, 1024px\" \/><\/figure>\n\n\n\n<p><strong>Cinef\u00f2rum<\/strong>: Recuperem el programa de cinef\u00f2rums amb la pel\u00b7l\u00edcula \u2018La invasi\u00f3 dels B\u00e0rbars\u2019. Tornem a compartir l\u2019experi\u00e8ncia de gaudir del cinema i la paraula. I comencem amb un film de Vicent Montson\u00eds que \u00e9s una reivindicaci\u00f3 de la mem\u00f2ria. L&#8217;obra entrella\u00e7a dues l\u00ednies temporals separades per vuitanta anys. El 1939, la repressi\u00f3. En el present, una neta lluita per localitzar les fosses comunes on podria estar enterrada la seva \u00e0via. Una bona pel\u00b7l\u00edcula per reflexionar sobre els riscos de regressi\u00f3 que pateix la democr\u00e0cia i els drets humans per l\u2019onada reaccion\u00e0ria.<\/p>\n\n\n\n<figure class=\"wp-block-image size-full\"><img loading=\"lazy\" decoding=\"async\" width=\"224\" height=\"320\" src=\"https:\/\/diarieducacio.cat\/redaccio\/wp-content\/uploads\/sites\/23\/2026\/01\/LIDB_CARTELL_LLORERS-01.jpeg\" alt=\"\" class=\"wp-image-2602\" srcset=\"https:\/\/diarieducacio.cat\/redaccio\/wp-content\/uploads\/sites\/23\/2026\/01\/LIDB_CARTELL_LLORERS-01.jpeg 224w, https:\/\/diarieducacio.cat\/redaccio\/wp-content\/uploads\/sites\/23\/2026\/01\/LIDB_CARTELL_LLORERS-01-210x300.jpeg 210w, https:\/\/diarieducacio.cat\/redaccio\/wp-content\/uploads\/sites\/23\/2026\/01\/LIDB_CARTELL_LLORERS-01-150x214.jpeg 150w\" sizes=\"(max-width: 224px) 100vw, 224px\" \/><\/figure>\n\n\n\n<p><strong>Llibres:<\/strong>&nbsp;Amb la subscripci\u00f3, tindr\u00e0s cada any un val de compra de llibres amb vocaci\u00f3 docent, gr\u00e0cies a un acord amb l\u2019Editorial Octaedro. Aqu\u00ed alguns llibres que et recomanem:<\/p>\n\n\n\n<figure class=\"wp-block-image size-large\"><img loading=\"lazy\" decoding=\"async\" width=\"1024\" height=\"279\" src=\"https:\/\/diarieducacio.cat\/redaccio\/wp-content\/uploads\/sites\/23\/2026\/01\/octaedro-llibres-1024x279.png\" alt=\"\" class=\"wp-image-2609\" srcset=\"https:\/\/diarieducacio.cat\/redaccio\/wp-content\/uploads\/sites\/23\/2026\/01\/octaedro-llibres-1024x279.png 1024w, https:\/\/diarieducacio.cat\/redaccio\/wp-content\/uploads\/sites\/23\/2026\/01\/octaedro-llibres-300x82.png 300w, https:\/\/diarieducacio.cat\/redaccio\/wp-content\/uploads\/sites\/23\/2026\/01\/octaedro-llibres-768x209.png 768w, https:\/\/diarieducacio.cat\/redaccio\/wp-content\/uploads\/sites\/23\/2026\/01\/octaedro-llibres-150x41.png 150w, https:\/\/diarieducacio.cat\/redaccio\/wp-content\/uploads\/sites\/23\/2026\/01\/octaedro-llibres-450x123.png 450w, https:\/\/diarieducacio.cat\/redaccio\/wp-content\/uploads\/sites\/23\/2026\/01\/octaedro-llibres.png 1100w\" sizes=\"(max-width: 1024px) 100vw, 1024px\" \/><figcaption class=\"wp-element-caption\">Alguns exemples de llibres molt recents editats per Octaedro, als quals pots aplicar el val de 20 euros si ets subscriptor.<\/figcaption><\/figure>\n\n\n\n<p><strong>I el motiu m\u00e9s important<\/strong>:&nbsp;Fer possible <em>El Diari de l\u2019Educaci\u00f3.<\/em> Fa dotze anys que estem amb tu, per\u00f2 no podem continuar fent periodisme independent i lliure al servei de la comunitat educativa sense tu. La teva subscripci\u00f3 \u00e9s vital per poder continuar. Clica <a href=\"https:\/\/lectoresilectors.diarieducacio.cat\/\" target=\"_blank\" rel=\"noreferrer noopener\">aqu\u00ed<\/a>.<\/p>\n\n\n\n<figure class=\"wp-block-image size-large\"><img loading=\"lazy\" decoding=\"async\" width=\"992\" height=\"1024\" src=\"https:\/\/diarieducacio.cat\/redaccio\/wp-content\/uploads\/sites\/23\/2026\/01\/Captura-de-pantalla-2026-01-26-a-las-21.23.44-992x1024.png\" alt=\"\" class=\"wp-image-2604\" srcset=\"https:\/\/diarieducacio.cat\/redaccio\/wp-content\/uploads\/sites\/23\/2026\/01\/Captura-de-pantalla-2026-01-26-a-las-21.23.44-992x1024.png 992w, https:\/\/diarieducacio.cat\/redaccio\/wp-content\/uploads\/sites\/23\/2026\/01\/Captura-de-pantalla-2026-01-26-a-las-21.23.44-291x300.png 291w, https:\/\/diarieducacio.cat\/redaccio\/wp-content\/uploads\/sites\/23\/2026\/01\/Captura-de-pantalla-2026-01-26-a-las-21.23.44-768x793.png 768w, https:\/\/diarieducacio.cat\/redaccio\/wp-content\/uploads\/sites\/23\/2026\/01\/Captura-de-pantalla-2026-01-26-a-las-21.23.44-150x155.png 150w, https:\/\/diarieducacio.cat\/redaccio\/wp-content\/uploads\/sites\/23\/2026\/01\/Captura-de-pantalla-2026-01-26-a-las-21.23.44-450x465.png 450w, https:\/\/diarieducacio.cat\/redaccio\/wp-content\/uploads\/sites\/23\/2026\/01\/Captura-de-pantalla-2026-01-26-a-las-21.23.44.png 1200w\" sizes=\"(max-width: 992px) 100vw, 992px\" \/><\/figure>\n\n\n\n<h2 class=\"wp-block-heading\"><strong>Per qu\u00e8 \u00e9s vital el teu suport<\/strong><\/h2>\n\n\n\n<p>La traject\u00f2ria de la Fundaci\u00f3 Periodisme Plural demostra la necessitat explorar noves f\u00f3rmules editorials que garanteixin espais independents i lliures per al periodisme. Nosaltres optem per una Fundaci\u00f3 perqu\u00e8, ben entesa, permet proclamar des del primer moment i amb total transpar\u00e8ncia que el periodisme no hauria de tenir \u00e0nim de lucre, sin\u00f3 \u00e0nim de servei als ciutadans. De servei a comunitats de lectors. Amb credibilitat i amb un horitz\u00f3 \u00e8tic. Amb la implicaci\u00f3 dels ciutadans. Amb una alian\u00e7a entre el periodisme i una societat activa, i f\u00f3rmules econ\u00f2miques que garanteixin la independ\u00e8ncia professional.<\/p>\n\n\n\n<p>Considerem que un dels grans factors de segregaci\u00f3 social estar\u00e0 cada vegada m\u00e9s entre aquells que tinguin acc\u00e9s a una informaci\u00f3 de qualitat i els qui no. Per aix\u00f2, reivindiquem les entitats sense \u00e0nim de lucre com una bona f\u00f3rmula per garantir un periodisme que expliqui els fets i el seu context al conjunt de la ciutadania. Que converteixi el periodisme en coneixement i en una potent eina transformadora. Per\u00f2 tot aix\u00f2 no ho podem fer sols, necessitem el teu suport.<\/p>\n","protected":false},"excerpt":{"rendered":"<p>El Diari de l\u2019Educaci\u00f3&nbsp;acabem de complir dotze anys de comprom\u00eds amb la comunitat educativa. Pensem que docents i periodistes, de manera conjunta, hem creat una eina d&#8217;informaci\u00f3 independent i rigorosa al servei del dret a l\u2019educaci\u00f3 i, a la vegada, un espai de trobada de tota la comunitat. De di\u00e0leg, de reflexi\u00f3, de debat. Vam<\/p>\n","protected":false},"author":3,"featured_media":2600,"comment_status":"open","ping_status":"open","sticky":false,"template":"","format":"standard","meta":{"footnotes":""},"categories":[2],"tags":[136,135],"class_list":{"0":"post-2596","1":"post","2":"type-post","3":"status-publish","4":"format-standard","5":"has-post-thumbnail","7":"category-general","8":"tag-diari-de-leducacio","9":"tag-fundacio-periodisme-plural"},"yoast_head":"<!-- This site is optimized with the Yoast SEO plugin v27.4 - https:\/\/yoast.com\/product\/yoast-seo-wordpress\/ -->\n<title>El Diari de l\u2019Educaci\u00f3: sis grans motius per formar part de la comunitat de subscriptors - El Blog de la Redacci\u00f3<\/title>\n<meta name=\"robots\" content=\"index, follow, max-snippet:-1, max-image-preview:large, max-video-preview:-1\" \/>\n<link rel=\"canonical\" href=\"https:\/\/diarieducacio.cat\/redaccio\/2026\/01\/27\/el-diari-de-leducacio-sis-grans-motius-per-formar-part-de-la-comunitat-de-subscriptors\/\" \/>\n<meta property=\"og:locale\" content=\"ca_ES\" \/>\n<meta property=\"og:type\" content=\"article\" \/>\n<meta property=\"og:title\" content=\"El Diari de l\u2019Educaci\u00f3: sis grans motius per formar part de la comunitat de subscriptors - El Blog de la Redacci\u00f3\" \/>\n<meta property=\"og:description\" content=\"El Diari de l\u2019Educaci\u00f3&nbsp;acabem de complir dotze anys de comprom\u00eds amb la comunitat educativa. Pensem que docents i periodistes, de manera conjunta, hem creat una eina d&#8217;informaci\u00f3 independent i rigorosa al servei del dret a l\u2019educaci\u00f3 i, a la vegada, un espai de trobada de tota la comunitat. De di\u00e0leg, de reflexi\u00f3, de debat. Vam\" \/>\n<meta property=\"og:url\" content=\"https:\/\/diarieducacio.cat\/redaccio\/2026\/01\/27\/el-diari-de-leducacio-sis-grans-motius-per-formar-part-de-la-comunitat-de-subscriptors\/\" \/>\n<meta property=\"og:site_name\" content=\"El Blog de la Redacci\u00f3\" \/>\n<meta property=\"article:published_time\" content=\"2026-01-27T05:51:00+00:00\" \/>\n<meta property=\"article:modified_time\" content=\"2026-01-27T12:48:03+00:00\" \/>\n<meta property=\"og:image\" content=\"https:\/\/diarieducacio.cat\/redaccio\/wp-content\/uploads\/sites\/23\/2026\/01\/Portades-i-mes-Revista-DE-cultura-i-educacio.png\" \/>\n\t<meta property=\"og:image:width\" content=\"1331\" \/>\n\t<meta property=\"og:image:height\" content=\"926\" \/>\n\t<meta property=\"og:image:type\" content=\"image\/png\" \/>\n<meta name=\"author\" content=\"Redacci\u00f3\" \/>\n<meta name=\"twitter:card\" content=\"summary_large_image\" \/>\n<meta name=\"twitter:creator\" content=\"@CatalunyaPlural\" \/>\n<meta name=\"twitter:label1\" content=\"Escrit per\" \/>\n\t<meta name=\"twitter:data1\" content=\"Redacci\u00f3\" \/>\n\t<meta name=\"twitter:label2\" content=\"Temps estimat de lectura\" \/>\n\t<meta name=\"twitter:data2\" content=\"7 minuts\" \/>\n<script type=\"application\/ld+json\" class=\"yoast-schema-graph\">{\"@context\":\"https:\\\/\\\/schema.org\",\"@graph\":[{\"@type\":\"Article\",\"@id\":\"https:\\\/\\\/diarieducacio.cat\\\/redaccio\\\/2026\\\/01\\\/27\\\/el-diari-de-leducacio-sis-grans-motius-per-formar-part-de-la-comunitat-de-subscriptors\\\/#article\",\"isPartOf\":{\"@id\":\"https:\\\/\\\/diarieducacio.cat\\\/redaccio\\\/2026\\\/01\\\/27\\\/el-diari-de-leducacio-sis-grans-motius-per-formar-part-de-la-comunitat-de-subscriptors\\\/\"},\"author\":{\"name\":\"Redacci\u00f3\",\"@id\":\"https:\\\/\\\/diarieducacio.cat\\\/redaccio\\\/#\\\/schema\\\/person\\\/a59c6f6463f58484e77cabd794911180\"},\"headline\":\"El Diari de l\u2019Educaci\u00f3: sis grans motius per formar part de la comunitat de subscriptors\",\"datePublished\":\"2026-01-27T05:51:00+00:00\",\"dateModified\":\"2026-01-27T12:48:03+00:00\",\"mainEntityOfPage\":{\"@id\":\"https:\\\/\\\/diarieducacio.cat\\\/redaccio\\\/2026\\\/01\\\/27\\\/el-diari-de-leducacio-sis-grans-motius-per-formar-part-de-la-comunitat-de-subscriptors\\\/\"},\"wordCount\":988,\"commentCount\":0,\"image\":{\"@id\":\"https:\\\/\\\/diarieducacio.cat\\\/redaccio\\\/2026\\\/01\\\/27\\\/el-diari-de-leducacio-sis-grans-motius-per-formar-part-de-la-comunitat-de-subscriptors\\\/#primaryimage\"},\"thumbnailUrl\":\"https:\\\/\\\/diarieducacio.cat\\\/redaccio\\\/wp-content\\\/uploads\\\/sites\\\/23\\\/2026\\\/01\\\/Portades-i-mes-Revista-DE-cultura-i-educacio.png\",\"keywords\":[\"Diari de l'Educaci\u00f3\",\"Fundaci\u00f3 Periodisme Plural\"],\"articleSection\":[\"General\"],\"inLanguage\":\"ca\",\"potentialAction\":[{\"@type\":\"CommentAction\",\"name\":\"Comment\",\"target\":[\"https:\\\/\\\/diarieducacio.cat\\\/redaccio\\\/2026\\\/01\\\/27\\\/el-diari-de-leducacio-sis-grans-motius-per-formar-part-de-la-comunitat-de-subscriptors\\\/#respond\"]}]},{\"@type\":\"WebPage\",\"@id\":\"https:\\\/\\\/diarieducacio.cat\\\/redaccio\\\/2026\\\/01\\\/27\\\/el-diari-de-leducacio-sis-grans-motius-per-formar-part-de-la-comunitat-de-subscriptors\\\/\",\"url\":\"https:\\\/\\\/diarieducacio.cat\\\/redaccio\\\/2026\\\/01\\\/27\\\/el-diari-de-leducacio-sis-grans-motius-per-formar-part-de-la-comunitat-de-subscriptors\\\/\",\"name\":\"El Diari de l\u2019Educaci\u00f3: sis grans motius per formar part de la comunitat de subscriptors - El Blog de la Redacci\u00f3\",\"isPartOf\":{\"@id\":\"https:\\\/\\\/diarieducacio.cat\\\/redaccio\\\/#website\"},\"primaryImageOfPage\":{\"@id\":\"https:\\\/\\\/diarieducacio.cat\\\/redaccio\\\/2026\\\/01\\\/27\\\/el-diari-de-leducacio-sis-grans-motius-per-formar-part-de-la-comunitat-de-subscriptors\\\/#primaryimage\"},\"image\":{\"@id\":\"https:\\\/\\\/diarieducacio.cat\\\/redaccio\\\/2026\\\/01\\\/27\\\/el-diari-de-leducacio-sis-grans-motius-per-formar-part-de-la-comunitat-de-subscriptors\\\/#primaryimage\"},\"thumbnailUrl\":\"https:\\\/\\\/diarieducacio.cat\\\/redaccio\\\/wp-content\\\/uploads\\\/sites\\\/23\\\/2026\\\/01\\\/Portades-i-mes-Revista-DE-cultura-i-educacio.png\",\"datePublished\":\"2026-01-27T05:51:00+00:00\",\"dateModified\":\"2026-01-27T12:48:03+00:00\",\"author\":{\"@id\":\"https:\\\/\\\/diarieducacio.cat\\\/redaccio\\\/#\\\/schema\\\/person\\\/a59c6f6463f58484e77cabd794911180\"},\"breadcrumb\":{\"@id\":\"https:\\\/\\\/diarieducacio.cat\\\/redaccio\\\/2026\\\/01\\\/27\\\/el-diari-de-leducacio-sis-grans-motius-per-formar-part-de-la-comunitat-de-subscriptors\\\/#breadcrumb\"},\"inLanguage\":\"ca\",\"potentialAction\":[{\"@type\":\"ReadAction\",\"target\":[\"https:\\\/\\\/diarieducacio.cat\\\/redaccio\\\/2026\\\/01\\\/27\\\/el-diari-de-leducacio-sis-grans-motius-per-formar-part-de-la-comunitat-de-subscriptors\\\/\"]}]},{\"@type\":\"ImageObject\",\"inLanguage\":\"ca\",\"@id\":\"https:\\\/\\\/diarieducacio.cat\\\/redaccio\\\/2026\\\/01\\\/27\\\/el-diari-de-leducacio-sis-grans-motius-per-formar-part-de-la-comunitat-de-subscriptors\\\/#primaryimage\",\"url\":\"https:\\\/\\\/diarieducacio.cat\\\/redaccio\\\/wp-content\\\/uploads\\\/sites\\\/23\\\/2026\\\/01\\\/Portades-i-mes-Revista-DE-cultura-i-educacio.png\",\"contentUrl\":\"https:\\\/\\\/diarieducacio.cat\\\/redaccio\\\/wp-content\\\/uploads\\\/sites\\\/23\\\/2026\\\/01\\\/Portades-i-mes-Revista-DE-cultura-i-educacio.png\",\"width\":1331,\"height\":926},{\"@type\":\"BreadcrumbList\",\"@id\":\"https:\\\/\\\/diarieducacio.cat\\\/redaccio\\\/2026\\\/01\\\/27\\\/el-diari-de-leducacio-sis-grans-motius-per-formar-part-de-la-comunitat-de-subscriptors\\\/#breadcrumb\",\"itemListElement\":[{\"@type\":\"ListItem\",\"position\":1,\"name\":\"Inici\",\"item\":\"https:\\\/\\\/diarieducacio.cat\\\/redaccio\\\/\"},{\"@type\":\"ListItem\",\"position\":2,\"name\":\"El Diari de l\u2019Educaci\u00f3: sis grans motius per formar part de la comunitat de subscriptors\"}]},{\"@type\":\"WebSite\",\"@id\":\"https:\\\/\\\/diarieducacio.cat\\\/redaccio\\\/#website\",\"url\":\"https:\\\/\\\/diarieducacio.cat\\\/redaccio\\\/\",\"name\":\"El Blog de la Redacci\u00f3\",\"description\":\"Un blog d&#039;El Diari de l&#039;Educaci\u00f3\",\"potentialAction\":[{\"@type\":\"SearchAction\",\"target\":{\"@type\":\"EntryPoint\",\"urlTemplate\":\"https:\\\/\\\/diarieducacio.cat\\\/redaccio\\\/?s={search_term_string}\"},\"query-input\":{\"@type\":\"PropertyValueSpecification\",\"valueRequired\":true,\"valueName\":\"search_term_string\"}}],\"inLanguage\":\"ca\"},{\"@type\":\"Person\",\"@id\":\"https:\\\/\\\/diarieducacio.cat\\\/redaccio\\\/#\\\/schema\\\/person\\\/a59c6f6463f58484e77cabd794911180\",\"name\":\"Redacci\u00f3\",\"image\":{\"@type\":\"ImageObject\",\"inLanguage\":\"ca\",\"@id\":\"https:\\\/\\\/diarieducacio.cat\\\/wp-content\\\/uploads\\\/2024\\\/11\\\/redaccio_avatar-96x96.png\",\"url\":\"https:\\\/\\\/diarieducacio.cat\\\/wp-content\\\/uploads\\\/2024\\\/11\\\/redaccio_avatar-96x96.png\",\"contentUrl\":\"https:\\\/\\\/diarieducacio.cat\\\/wp-content\\\/uploads\\\/2024\\\/11\\\/redaccio_avatar-96x96.png\",\"caption\":\"Redacci\u00f3\"},\"sameAs\":[\"https:\\\/\\\/x.com\\\/CatalunyaPlural\"],\"url\":\"https:\\\/\\\/diarieducacio.cat\\\/redaccio\\\/author\\\/redaccio\\\/\"}]}<\/script>\n<!-- \/ Yoast SEO plugin. -->","yoast_head_json":{"title":"El Diari de l\u2019Educaci\u00f3: sis grans motius per formar part de la comunitat de subscriptors - El Blog de la Redacci\u00f3","robots":{"index":"index","follow":"follow","max-snippet":"max-snippet:-1","max-image-preview":"max-image-preview:large","max-video-preview":"max-video-preview:-1"},"canonical":"https:\/\/diarieducacio.cat\/redaccio\/2026\/01\/27\/el-diari-de-leducacio-sis-grans-motius-per-formar-part-de-la-comunitat-de-subscriptors\/","og_locale":"ca_ES","og_type":"article","og_title":"El Diari de l\u2019Educaci\u00f3: sis grans motius per formar part de la comunitat de subscriptors - El Blog de la Redacci\u00f3","og_description":"El Diari de l\u2019Educaci\u00f3&nbsp;acabem de complir dotze anys de comprom\u00eds amb la comunitat educativa. Pensem que docents i periodistes, de manera conjunta, hem creat una eina d&#8217;informaci\u00f3 independent i rigorosa al servei del dret a l\u2019educaci\u00f3 i, a la vegada, un espai de trobada de tota la comunitat. De di\u00e0leg, de reflexi\u00f3, de debat. Vam","og_url":"https:\/\/diarieducacio.cat\/redaccio\/2026\/01\/27\/el-diari-de-leducacio-sis-grans-motius-per-formar-part-de-la-comunitat-de-subscriptors\/","og_site_name":"El Blog de la Redacci\u00f3","article_published_time":"2026-01-27T05:51:00+00:00","article_modified_time":"2026-01-27T12:48:03+00:00","og_image":[{"width":1331,"height":926,"url":"https:\/\/diarieducacio.cat\/redaccio\/wp-content\/uploads\/sites\/23\/2026\/01\/Portades-i-mes-Revista-DE-cultura-i-educacio.png","type":"image\/png"}],"author":"Redacci\u00f3","twitter_card":"summary_large_image","twitter_creator":"@CatalunyaPlural","twitter_misc":{"Escrit per":"Redacci\u00f3","Temps estimat de lectura":"7 minuts"},"schema":{"@context":"https:\/\/schema.org","@graph":[{"@type":"Article","@id":"https:\/\/diarieducacio.cat\/redaccio\/2026\/01\/27\/el-diari-de-leducacio-sis-grans-motius-per-formar-part-de-la-comunitat-de-subscriptors\/#article","isPartOf":{"@id":"https:\/\/diarieducacio.cat\/redaccio\/2026\/01\/27\/el-diari-de-leducacio-sis-grans-motius-per-formar-part-de-la-comunitat-de-subscriptors\/"},"author":{"name":"Redacci\u00f3","@id":"https:\/\/diarieducacio.cat\/redaccio\/#\/schema\/person\/a59c6f6463f58484e77cabd794911180"},"headline":"El Diari de l\u2019Educaci\u00f3: sis grans motius per formar part de la comunitat de subscriptors","datePublished":"2026-01-27T05:51:00+00:00","dateModified":"2026-01-27T12:48:03+00:00","mainEntityOfPage":{"@id":"https:\/\/diarieducacio.cat\/redaccio\/2026\/01\/27\/el-diari-de-leducacio-sis-grans-motius-per-formar-part-de-la-comunitat-de-subscriptors\/"},"wordCount":988,"commentCount":0,"image":{"@id":"https:\/\/diarieducacio.cat\/redaccio\/2026\/01\/27\/el-diari-de-leducacio-sis-grans-motius-per-formar-part-de-la-comunitat-de-subscriptors\/#primaryimage"},"thumbnailUrl":"https:\/\/diarieducacio.cat\/redaccio\/wp-content\/uploads\/sites\/23\/2026\/01\/Portades-i-mes-Revista-DE-cultura-i-educacio.png","keywords":["Diari de l'Educaci\u00f3","Fundaci\u00f3 Periodisme Plural"],"articleSection":["General"],"inLanguage":"ca","potentialAction":[{"@type":"CommentAction","name":"Comment","target":["https:\/\/diarieducacio.cat\/redaccio\/2026\/01\/27\/el-diari-de-leducacio-sis-grans-motius-per-formar-part-de-la-comunitat-de-subscriptors\/#respond"]}]},{"@type":"WebPage","@id":"https:\/\/diarieducacio.cat\/redaccio\/2026\/01\/27\/el-diari-de-leducacio-sis-grans-motius-per-formar-part-de-la-comunitat-de-subscriptors\/","url":"https:\/\/diarieducacio.cat\/redaccio\/2026\/01\/27\/el-diari-de-leducacio-sis-grans-motius-per-formar-part-de-la-comunitat-de-subscriptors\/","name":"El Diari de l\u2019Educaci\u00f3: sis grans motius per formar part de la comunitat de subscriptors - El Blog de la Redacci\u00f3","isPartOf":{"@id":"https:\/\/diarieducacio.cat\/redaccio\/#website"},"primaryImageOfPage":{"@id":"https:\/\/diarieducacio.cat\/redaccio\/2026\/01\/27\/el-diari-de-leducacio-sis-grans-motius-per-formar-part-de-la-comunitat-de-subscriptors\/#primaryimage"},"image":{"@id":"https:\/\/diarieducacio.cat\/redaccio\/2026\/01\/27\/el-diari-de-leducacio-sis-grans-motius-per-formar-part-de-la-comunitat-de-subscriptors\/#primaryimage"},"thumbnailUrl":"https:\/\/diarieducacio.cat\/redaccio\/wp-content\/uploads\/sites\/23\/2026\/01\/Portades-i-mes-Revista-DE-cultura-i-educacio.png","datePublished":"2026-01-27T05:51:00+00:00","dateModified":"2026-01-27T12:48:03+00:00","author":{"@id":"https:\/\/diarieducacio.cat\/redaccio\/#\/schema\/person\/a59c6f6463f58484e77cabd794911180"},"breadcrumb":{"@id":"https:\/\/diarieducacio.cat\/redaccio\/2026\/01\/27\/el-diari-de-leducacio-sis-grans-motius-per-formar-part-de-la-comunitat-de-subscriptors\/#breadcrumb"},"inLanguage":"ca","potentialAction":[{"@type":"ReadAction","target":["https:\/\/diarieducacio.cat\/redaccio\/2026\/01\/27\/el-diari-de-leducacio-sis-grans-motius-per-formar-part-de-la-comunitat-de-subscriptors\/"]}]},{"@type":"ImageObject","inLanguage":"ca","@id":"https:\/\/diarieducacio.cat\/redaccio\/2026\/01\/27\/el-diari-de-leducacio-sis-grans-motius-per-formar-part-de-la-comunitat-de-subscriptors\/#primaryimage","url":"https:\/\/diarieducacio.cat\/redaccio\/wp-content\/uploads\/sites\/23\/2026\/01\/Portades-i-mes-Revista-DE-cultura-i-educacio.png","contentUrl":"https:\/\/diarieducacio.cat\/redaccio\/wp-content\/uploads\/sites\/23\/2026\/01\/Portades-i-mes-Revista-DE-cultura-i-educacio.png","width":1331,"height":926},{"@type":"BreadcrumbList","@id":"https:\/\/diarieducacio.cat\/redaccio\/2026\/01\/27\/el-diari-de-leducacio-sis-grans-motius-per-formar-part-de-la-comunitat-de-subscriptors\/#breadcrumb","itemListElement":[{"@type":"ListItem","position":1,"name":"Inici","item":"https:\/\/diarieducacio.cat\/redaccio\/"},{"@type":"ListItem","position":2,"name":"El Diari de l\u2019Educaci\u00f3: sis grans motius per formar part de la comunitat de subscriptors"}]},{"@type":"WebSite","@id":"https:\/\/diarieducacio.cat\/redaccio\/#website","url":"https:\/\/diarieducacio.cat\/redaccio\/","name":"El Blog de la Redacci\u00f3","description":"Un blog d&#039;El Diari de l&#039;Educaci\u00f3","potentialAction":[{"@type":"SearchAction","target":{"@type":"EntryPoint","urlTemplate":"https:\/\/diarieducacio.cat\/redaccio\/?s={search_term_string}"},"query-input":{"@type":"PropertyValueSpecification","valueRequired":true,"valueName":"search_term_string"}}],"inLanguage":"ca"},{"@type":"Person","@id":"https:\/\/diarieducacio.cat\/redaccio\/#\/schema\/person\/a59c6f6463f58484e77cabd794911180","name":"Redacci\u00f3","image":{"@type":"ImageObject","inLanguage":"ca","@id":"https:\/\/diarieducacio.cat\/wp-content\/uploads\/2024\/11\/redaccio_avatar-96x96.png","url":"https:\/\/diarieducacio.cat\/wp-content\/uploads\/2024\/11\/redaccio_avatar-96x96.png","contentUrl":"https:\/\/diarieducacio.cat\/wp-content\/uploads\/2024\/11\/redaccio_avatar-96x96.png","caption":"Redacci\u00f3"},"sameAs":["https:\/\/x.com\/CatalunyaPlural"],"url":"https:\/\/diarieducacio.cat\/redaccio\/author\/redaccio\/"}]}},"_links":{"self":[{"href":"https:\/\/diarieducacio.cat\/redaccio\/wp-json\/wp\/v2\/posts\/2596","targetHints":{"allow":["GET"]}}],"collection":[{"href":"https:\/\/diarieducacio.cat\/redaccio\/wp-json\/wp\/v2\/posts"}],"about":[{"href":"https:\/\/diarieducacio.cat\/redaccio\/wp-json\/wp\/v2\/types\/post"}],"author":[{"embeddable":true,"href":"https:\/\/diarieducacio.cat\/redaccio\/wp-json\/wp\/v2\/users\/3"}],"replies":[{"embeddable":true,"href":"https:\/\/diarieducacio.cat\/redaccio\/wp-json\/wp\/v2\/comments?post=2596"}],"version-history":[{"count":6,"href":"https:\/\/diarieducacio.cat\/redaccio\/wp-json\/wp\/v2\/posts\/2596\/revisions"}],"predecessor-version":[{"id":2612,"href":"https:\/\/diarieducacio.cat\/redaccio\/wp-json\/wp\/v2\/posts\/2596\/revisions\/2612"}],"wp:featuredmedia":[{"embeddable":true,"href":"https:\/\/diarieducacio.cat\/redaccio\/wp-json\/wp\/v2\/media\/2600"}],"wp:attachment":[{"href":"https:\/\/diarieducacio.cat\/redaccio\/wp-json\/wp\/v2\/media?parent=2596"}],"wp:term":[{"taxonomy":"category","embeddable":true,"href":"https:\/\/diarieducacio.cat\/redaccio\/wp-json\/wp\/v2\/categories?post=2596"},{"taxonomy":"post_tag","embeddable":true,"href":"https:\/\/diarieducacio.cat\/redaccio\/wp-json\/wp\/v2\/tags?post=2596"}],"curies":[{"name":"wp","href":"https:\/\/api.w.org\/{rel}","templated":true}]}}