{"id":2640,"date":"2026-03-17T05:45:00","date_gmt":"2026-03-17T04:45:00","guid":{"rendered":"https:\/\/diarieducacio.cat\/redaccio\/?p=2640"},"modified":"2026-03-17T08:02:14","modified_gmt":"2026-03-17T07:02:14","slug":"cristina-gallach-el-lider-de-la-confrontacio-es-el-nostre-principal-aliat-i-aixo-fa-que-el-mon-sigui-molt-mes-perillos","status":"publish","type":"post","link":"https:\/\/diarieducacio.cat\/redaccio\/2026\/03\/17\/cristina-gallach-el-lider-de-la-confrontacio-es-el-nostre-principal-aliat-i-aixo-fa-que-el-mon-sigui-molt-mes-perillos\/","title":{"rendered":"Cristina Gallach: \u201cEl l\u00edder de la confrontaci\u00f3 \u00e9s el nostre principal aliat. I aix\u00f2 fa que el m\u00f3n sigui molt m\u00e9s perill\u00f3s\u201d"},"content":{"rendered":"\n<figure class=\"wp-block-embed is-type-video is-provider-youtube wp-block-embed-youtube wp-embed-aspect-16-9 wp-has-aspect-ratio\"><div class=\"wp-block-embed__wrapper\">\n<iframe title=\"Ens trobem per parlar: \u201cEl m\u00f3n que ens espera\u201d\" width=\"788\" height=\"443\" src=\"https:\/\/www.youtube.com\/embed\/dfRi5V126Rc?feature=oembed\" frameborder=\"0\" allow=\"accelerometer; autoplay; clipboard-write; encrypted-media; gyroscope; picture-in-picture; web-share\" referrerpolicy=\"strict-origin-when-cross-origin\" allowfullscreen><\/iframe>\n<\/div><\/figure>\n\n\n\n<p>\u00abLa por neix perqu\u00e8 el futur no est\u00e0 escrit. L\u2019hem d\u2019escriure. Tenim experi\u00e8ncia i coneixement, tamb\u00e9 governs, partits pol\u00edtics i diputats. Animem-nos a escriure una p\u00e0gina diferent i millor per a tots\u00bb. Amb aquest missatge d\u2019optimisme, Cristina Gallach, periodista i exsecret\u00e0ria general adjunta de les Nacions Unides, tancava, el passat 5 de maig, la primera sessi\u00f3 del cicle \u2018Converses \u00daniques\u2019, una iniciativa de la Fundaci\u00f3 Periodisme Plural per defensar el valor del di\u00e0leg, la igualtat, la conviv\u00e8ncia i els drets humans.<\/p>\n\n\n\n<blockquote class=\"wp-block-quote is-layout-flow wp-block-quote-is-layout-flow\">\n<p>La por neix perqu\u00e8 el futur no est\u00e0 escrit. L\u2019hem d\u2019escriure. Tenim experi\u00e8ncia i coneixement, tamb\u00e9 governs, partits pol\u00edtics i diputats. Animem-nos a escriure una p\u00e0gina diferent i millor per a tots<\/p>\n<\/blockquote>\n\n\n\n<p>Aix\u00ed ho va ressaltar tamb\u00e9 durant la benvinguda el president de la fundaci\u00f3, Josep Carles Rius, qui, a m\u00e9s d\u2019agrair la pres\u00e8ncia de Gallach i la cessi\u00f3 de l\u2019Espai per part de l\u2019editorial Octaedro, va refermar la necessitat de trobar-se per sortir de l\u2019a\u00efllament al qual ens aboca, sovint, el m\u00f3n digital. I tot seguit, Rius va revelar una dada que mostra amb encert el col\u00b7lapse del m\u00f3n actual: \u00abQuan vam decidir fer la conversa amb la Cristina, no ens imagin\u00e0vem que patir\u00edem, avui dia, una guerra a l\u2019Iran\u00bb. En aquest context, escoltar la veu de Gallach el passat dijous 5 de mar\u00e7 era encara m\u00e9s pertinent.<\/p>\n\n\n\n<figure class=\"wp-block-image\" id=\"attachment_116592\"><img decoding=\"async\" src=\"https:\/\/catalunyaplural.cat\/wp-content\/uploads\/2026\/03\/IMG_3825.jpg\" alt=\"\" class=\"wp-image-116592\"\/><figcaption class=\"wp-element-caption\">Cristina Gallach i Josep Carles Rius<\/figcaption><\/figure>\n\n\n\n<p>La seva traject\u00f2ria \u00e9s s\u00f2lida i dilatada. Com va exposar Rius, Gallach, en la seva etapa com a periodista va cobrir moments clau de la hist\u00f2ria del segle XX, com la caiguda del Mur de Berl\u00edn o la dissoluci\u00f3 de la Uni\u00f3 Sovi\u00e8tica. M\u00e9s tard, l\u2019any 1996, ja com a portaveu i assessora de comunicaci\u00f3 a l\u2019OTAN i a la Uni\u00f3 Europea al costat de Javier Solana, va con\u00e8ixer de prop els centres de decisi\u00f3 globals. \u00abLa Cristina era una mena d\u2019infiltrada per a nosaltres els antics amics periodistes\u00bb \u2014 va assenyalar Rius abans de donar veu a Gallach\u2014\u00abi sent\u00edem que ella continuava sent periodista, per\u00f2, ara, en el m\u00f3n dels qui prenen les decisions\u00bb, va matisar Rius, mentre Gallach somreia c\u00f2mplice a una sala plena de companys d\u2019ofici i de subscriptors dels mitjans de la Fundaci\u00f3 (<em>Catalunya Plural, El Diari de l\u2019Educaci\u00f3, El Diari de la Sanitat i El Diari del Treball<\/em>).<\/p>\n\n\n\n<h2 class=\"wp-block-heading\">\u201cVivim un moment geopol\u00edtic brutal\u201d<\/h2>\n\n\n\n<p>Acabada la presentaci\u00f3 i en prendre la paraula, l\u2019experta en pol\u00edtica internacional va ser contundent: \u00abVivim un moment geopol\u00edtic brutal. Hem passat d\u2019una globalitzaci\u00f3 basada en l\u2019ordre i la col\u00b7laboraci\u00f3 a una fragmentaci\u00f3 absoluta, i ara estem en la confrontaci\u00f3 m\u00e9s gran de totes, perqu\u00e8 el l\u00edder de la confrontaci\u00f3 \u00e9s el nostre principal aliat. I aix\u00f2 fa que el m\u00f3n sigui molt m\u00e9s perill\u00f3s\u00bb. Eren els primers minuts de la conversa, i el p\u00fablic escoltava amb atenci\u00f3, mentre Gallach desfilava la teranyina del m\u00f3n actual amb la guerra de l\u2019Iran com a rerefons de l\u2019exposici\u00f3.<\/p>\n\n\n\n<p>\u00abObservem una rivalitat crua entre la Xina i els EUA, un factor clau d\u2019aquest per\u00edode geopol\u00edtic tan intens; que succeeix, a la vegada, en un moment de revoluci\u00f3 tecnol\u00f2gica que ens ha canviat la manera de viure i de relacionar-nos\u00bb. I tot seguit, Gallach va perfilar els contorns d\u2019aquesta revoluci\u00f3 tecnol\u00f2gica: \u00abD\u2019una banda, parlo dels famosos tecno-oligarques, o tecnofeudals, senyors que operen i impacten arreu del m\u00f3n. I, a l\u2019altra banda, per\u00f2, apareix la Xina, entesa actualment com una dictadura digital. I, b\u00e9, aquestes dues realitats conflueixen i modelen, avui dia, tot el que ens est\u00e0 passant\u00bb.<\/p>\n\n\n\n<blockquote class=\"wp-block-quote is-layout-flow wp-block-quote-is-layout-flow\">\n<p>Observem una rivalitat crua entre la Xina i els EUA, un factor clau d\u2019aquest per\u00edode geopol\u00edtic tan intens; que succeeix, a la vegada, en un moment de revoluci\u00f3 tecnol\u00f2gica que ens ha canviat la manera de viure i de relacionar-nos<\/p>\n<\/blockquote>\n\n\n\n<p>El p\u00fablic congregat assentia en silenci, i m\u00e9s d\u2019un es va remoure a la cadira quan Gallach, amb algunes notes a la m\u00e0, va oferir unes dades per il\u00b7lustrar l\u2019abast d\u2019aquesta transformaci\u00f3. Llegeixo anotacions. Cadascuna de les empreses digitals m\u00e9s grans del planeta, com Amazon, Tesla, Meta o Alphabet, val m\u00e9s de 2 bilions d\u2019euros. I per acabar d\u2019arrodonir i copsar la complexitat que ens envolta, Gallach encara va oferir dues dades m\u00e9s. El PIB de la Xina \u00e9s tres vegades la capitalitzaci\u00f3 en el mercat d\u2019Apple. I el PIB de l\u2019\u00cdndia val una vegada la capitalitzaci\u00f3 al mercat de NVIDIA. \u00abUna mostra \u2014afegia Gallach\u2014 de l\u2019impacte dels productes massivament influenciadors (les xarxes, les plataformes i la forma de consumir) que aquests oligarques dipositen en el mercat\u00bb. Gallach, per\u00f2, encara va tenir temps de collar-nos una mica m\u00e9s a la cadira: \u00abEl 52% dels beneficis d\u2019aquestes principals companyies digitals tenen lloc fora dels EUA. I aix\u00f2, per tant, planteja un desafiament\u00bb.<\/p>\n\n\n\n<p>Seguint, doncs, el fil de l\u2019exposici\u00f3 de Gallach, la pregunta posterior cau pel seu propi pes. \u00bfCom regulem aquests beneficis? \u00bfQui els ha de regular? Reptes en forma de pregunta que la periodista va plantejar als assistents. Per\u00f2 la mirada de Gallach no es va limitar a presentar el desafiament, sin\u00f3 que va aprofundir per assenyalar que aquesta economia de les plataformes esdev\u00e9 un element fonamental en la fragilitat de les democr\u00e0cies. \u00abI, llavors, neixen els autoritarismes populistes que s\u2019aprofiten d\u2019aquestes vies d\u2019impacte\u00bb.<\/p>\n\n\n\n<figure class=\"wp-block-image\" id=\"attachment_116594\"><img decoding=\"async\" src=\"https:\/\/catalunyaplural.cat\/wp-content\/uploads\/2026\/03\/IMG_3897-2.jpg\" alt=\"Cristina Gallach\" class=\"wp-image-116594\"\/><figcaption class=\"wp-element-caption\">Cristina Gallach<\/figcaption><\/figure>\n\n\n\n<h2 class=\"wp-block-heading\">\u00abPrecarietat laboral, solitud digital i crisi ecol\u00f2gica\u00bb<\/h2>\n\n\n\n<p>L\u2019exposici\u00f3 de Gallach s\u2019eixamplava i oferia perspectives, context i elements d\u2019an\u00e0lisi; i mentre perfilava l\u2019abecedari fosc dels dies actuals, encadenava un repertori de paraules que tensava un xic l\u2019esperit de la sala. Desesperan\u00e7a, incertesa, por, desconfian\u00e7a, inseguretat, malestar. Quins eren, llavors, els tres pilars que explicaven el descontentament social? Gallach els va citar: \u00abPrecarietat laboral, solitud digital i crisi ecol\u00f2gica\u00bb. I com una metgessa que estableix el diagn\u00f2stic va concloure: \u00abLes classes mitjanes occidentals es troben que la globalitzaci\u00f3 els ha afeblit; i, en canvi, els beneficis d\u2019aquesta globalitzaci\u00f3 han recaigut en les classes mitjanes de la Xina, i d\u2019altres economies emergents\u00bb.<\/p>\n\n\n\n<blockquote class=\"wp-block-quote is-layout-flow wp-block-quote-is-layout-flow\">\n<p>Les classes mitjanes occidentals es troben que la globalitzaci\u00f3 els ha afeblit; i, en canvi, els beneficis d\u2019aquesta globalitzaci\u00f3 han recaigut en les classes mitjanes de la Xina, i d\u2019altres economies emergents<\/p>\n<\/blockquote>\n\n\n\n<p>Va ser, aleshores, quan Gallach va encetar un nou apartat: el context europeu i el paper dels mitjans de comunicaci\u00f3 en el temps actual. Primer, va fer esment de la singularitat del govern espanyol oposant-se a l\u2019actual guerra a l\u2019Iran; per compartir, a continuaci\u00f3, algunes observacions sobre la Uni\u00f3 Europea. Entesa, temps en\u00e7\u00e0, com un espai d\u2019estabilitat i progr\u00e9s, Gallach va revelar, arran de la seva experi\u00e8ncia a Europa, com el gruix pol\u00edtic del Parlament Europeu est\u00e0 constitu\u00eft per una majoria de centredreta i extrema dreta que provoca, dins la instituci\u00f3, una gran divisi\u00f3 i una falta de consens.<\/p>\n\n\n\n<p>I, despr\u00e9s, per tancar aquest apartat, Gallach va plantejar el tema dels mitjans de comunicaci\u00f3. \u00bfCom transmetre a les noves generacions, va preguntar-nos la veterana periodista, la necessitat d\u2019informaci\u00f3? Ella mateixa va respondre argumentant la necessitat d\u2019uns mitjans que no es limitin a la creaci\u00f3 de continguts, sin\u00f3 que formulin an\u00e0lisi, context i reflexi\u00f3.<\/p>\n\n\n\n<p>Finalment, poc abans d\u2019obrir l\u2019espai d\u2019intervencions, on cal ressaltar-ne dues; la primera, de Rafael Jorba sobre l\u2019abs\u00e8ncia de lideratges en la pol\u00edtica internacional, i la segona, d\u2019Andreu Miss\u00e9, sobre la p\u00e8rdua europea en la cursa cap al progr\u00e9s, Cristina Gallach va voler concloure citant la famosa frase del te\u00f2ric Antoni Gramsci sobre l\u2019interregne, aquell espai de crisi on el vell m\u00f3n es mor i el nou triga a apar\u00e8ixer, mentre entremig de tots dos sorgeixen els monstres. Sense deixar, per\u00f2, espai per a la desesperan\u00e7a, Gallach va voler tancar amb una llavor de present i de futur que va obrir escletxes de claror en la foscor dels temps actuals: \u00abHem de reconstruir la manera com parlem i ens relacionem\u00bb. El cicle \u2018Converses \u00daniques\u2019 va honrar el seu prop\u00f2sit.<\/p>\n\n\n\n<figure class=\"wp-block-image\"><img decoding=\"async\" src=\"https:\/\/catalunyaplural.cat\/wp-content\/uploads\/2026\/03\/cristina-gallach-acte.jpg\" alt=\"\" class=\"wp-image-116596\"\/><\/figure>\n\n\n\n<p><\/p>\n","protected":false},"excerpt":{"rendered":"<p>\u00abLa por neix perqu\u00e8 el futur no est\u00e0 escrit. L\u2019hem d\u2019escriure. Tenim experi\u00e8ncia i coneixement, tamb\u00e9 governs, partits pol\u00edtics i diputats. Animem-nos a escriure una p\u00e0gina diferent i millor per a tots\u00bb. Amb aquest missatge d\u2019optimisme, Cristina Gallach, periodista i exsecret\u00e0ria general adjunta de les Nacions Unides, tancava, el passat 5 de maig, la primera<\/p>\n","protected":false},"author":955,"featured_media":2642,"comment_status":"open","ping_status":"open","sticky":false,"template":"","format":"standard","meta":{"footnotes":""},"categories":[1],"tags":[135],"class_list":{"0":"post-2640","1":"post","2":"type-post","3":"status-publish","4":"format-standard","5":"has-post-thumbnail","7":"category-sin-categoria","8":"tag-fundacio-periodisme-plural"},"yoast_head":"<!-- This site is optimized with the Yoast SEO plugin v27.5 - https:\/\/yoast.com\/product\/yoast-seo-wordpress\/ -->\n<title>Cristina Gallach: \u201cEl l\u00edder de la confrontaci\u00f3 \u00e9s el nostre principal aliat. I aix\u00f2 fa que el m\u00f3n sigui molt m\u00e9s perill\u00f3s\u201d - El Blog de la Redacci\u00f3<\/title>\n<meta name=\"robots\" content=\"index, follow, max-snippet:-1, max-image-preview:large, max-video-preview:-1\" \/>\n<link rel=\"canonical\" href=\"https:\/\/diarieducacio.cat\/redaccio\/2026\/03\/17\/cristina-gallach-el-lider-de-la-confrontacio-es-el-nostre-principal-aliat-i-aixo-fa-que-el-mon-sigui-molt-mes-perillos\/\" \/>\n<meta property=\"og:locale\" content=\"ca_ES\" \/>\n<meta property=\"og:type\" content=\"article\" \/>\n<meta property=\"og:title\" content=\"Cristina Gallach: \u201cEl l\u00edder de la confrontaci\u00f3 \u00e9s el nostre principal aliat. I aix\u00f2 fa que el m\u00f3n sigui molt m\u00e9s perill\u00f3s\u201d - El Blog de la Redacci\u00f3\" \/>\n<meta property=\"og:description\" content=\"\u00abLa por neix perqu\u00e8 el futur no est\u00e0 escrit. L\u2019hem d\u2019escriure. Tenim experi\u00e8ncia i coneixement, tamb\u00e9 governs, partits pol\u00edtics i diputats. Animem-nos a escriure una p\u00e0gina diferent i millor per a tots\u00bb. Amb aquest missatge d\u2019optimisme, Cristina Gallach, periodista i exsecret\u00e0ria general adjunta de les Nacions Unides, tancava, el passat 5 de maig, la primera\" \/>\n<meta property=\"og:url\" content=\"https:\/\/diarieducacio.cat\/redaccio\/2026\/03\/17\/cristina-gallach-el-lider-de-la-confrontacio-es-el-nostre-principal-aliat-i-aixo-fa-que-el-mon-sigui-molt-mes-perillos\/\" \/>\n<meta property=\"og:site_name\" content=\"El Blog de la Redacci\u00f3\" \/>\n<meta property=\"article:published_time\" content=\"2026-03-17T04:45:00+00:00\" \/>\n<meta property=\"article:modified_time\" content=\"2026-03-17T07:02:14+00:00\" \/>\n<meta property=\"og:image\" content=\"https:\/\/diarieducacio.cat\/redaccio\/wp-content\/uploads\/sites\/23\/2026\/03\/IMG_3882.jpg\" \/>\n\t<meta property=\"og:image:width\" content=\"2048\" \/>\n\t<meta property=\"og:image:height\" content=\"1365\" \/>\n\t<meta property=\"og:image:type\" content=\"image\/jpeg\" \/>\n<meta name=\"author\" content=\"Txema Seglers\" \/>\n<meta name=\"twitter:card\" content=\"summary_large_image\" \/>\n<meta name=\"twitter:label1\" content=\"Escrit per\" \/>\n\t<meta name=\"twitter:data1\" content=\"Txema Seglers\" \/>\n\t<meta name=\"twitter:label2\" content=\"Temps estimat de lectura\" \/>\n\t<meta name=\"twitter:data2\" content=\"8 minuts\" \/>\n<script type=\"application\/ld+json\" class=\"yoast-schema-graph\">{\"@context\":\"https:\\\/\\\/schema.org\",\"@graph\":[{\"@type\":\"Article\",\"@id\":\"https:\\\/\\\/diarieducacio.cat\\\/redaccio\\\/2026\\\/03\\\/17\\\/cristina-gallach-el-lider-de-la-confrontacio-es-el-nostre-principal-aliat-i-aixo-fa-que-el-mon-sigui-molt-mes-perillos\\\/#article\",\"isPartOf\":{\"@id\":\"https:\\\/\\\/diarieducacio.cat\\\/redaccio\\\/2026\\\/03\\\/17\\\/cristina-gallach-el-lider-de-la-confrontacio-es-el-nostre-principal-aliat-i-aixo-fa-que-el-mon-sigui-molt-mes-perillos\\\/\"},\"author\":{\"name\":\"Txema Seglers\",\"@id\":\"https:\\\/\\\/diarieducacio.cat\\\/redaccio\\\/#\\\/schema\\\/person\\\/84400f95cc1907f1e9a96e3310d1b4d5\"},\"headline\":\"Cristina Gallach: \u201cEl l\u00edder de la confrontaci\u00f3 \u00e9s el nostre principal aliat. I aix\u00f2 fa que el m\u00f3n sigui molt m\u00e9s perill\u00f3s\u201d\",\"datePublished\":\"2026-03-17T04:45:00+00:00\",\"dateModified\":\"2026-03-17T07:02:14+00:00\",\"mainEntityOfPage\":{\"@id\":\"https:\\\/\\\/diarieducacio.cat\\\/redaccio\\\/2026\\\/03\\\/17\\\/cristina-gallach-el-lider-de-la-confrontacio-es-el-nostre-principal-aliat-i-aixo-fa-que-el-mon-sigui-molt-mes-perillos\\\/\"},\"wordCount\":1449,\"commentCount\":0,\"image\":{\"@id\":\"https:\\\/\\\/diarieducacio.cat\\\/redaccio\\\/2026\\\/03\\\/17\\\/cristina-gallach-el-lider-de-la-confrontacio-es-el-nostre-principal-aliat-i-aixo-fa-que-el-mon-sigui-molt-mes-perillos\\\/#primaryimage\"},\"thumbnailUrl\":\"https:\\\/\\\/diarieducacio.cat\\\/redaccio\\\/wp-content\\\/uploads\\\/sites\\\/23\\\/2026\\\/03\\\/IMG_3882.jpg\",\"keywords\":[\"Fundaci\u00f3 Periodisme Plural\"],\"articleSection\":[\"Sin categor\u00eda\"],\"inLanguage\":\"ca\",\"potentialAction\":[{\"@type\":\"CommentAction\",\"name\":\"Comment\",\"target\":[\"https:\\\/\\\/diarieducacio.cat\\\/redaccio\\\/2026\\\/03\\\/17\\\/cristina-gallach-el-lider-de-la-confrontacio-es-el-nostre-principal-aliat-i-aixo-fa-que-el-mon-sigui-molt-mes-perillos\\\/#respond\"]}]},{\"@type\":\"WebPage\",\"@id\":\"https:\\\/\\\/diarieducacio.cat\\\/redaccio\\\/2026\\\/03\\\/17\\\/cristina-gallach-el-lider-de-la-confrontacio-es-el-nostre-principal-aliat-i-aixo-fa-que-el-mon-sigui-molt-mes-perillos\\\/\",\"url\":\"https:\\\/\\\/diarieducacio.cat\\\/redaccio\\\/2026\\\/03\\\/17\\\/cristina-gallach-el-lider-de-la-confrontacio-es-el-nostre-principal-aliat-i-aixo-fa-que-el-mon-sigui-molt-mes-perillos\\\/\",\"name\":\"Cristina Gallach: \u201cEl l\u00edder de la confrontaci\u00f3 \u00e9s el nostre principal aliat. I aix\u00f2 fa que el m\u00f3n sigui molt m\u00e9s perill\u00f3s\u201d - El Blog de la Redacci\u00f3\",\"isPartOf\":{\"@id\":\"https:\\\/\\\/diarieducacio.cat\\\/redaccio\\\/#website\"},\"primaryImageOfPage\":{\"@id\":\"https:\\\/\\\/diarieducacio.cat\\\/redaccio\\\/2026\\\/03\\\/17\\\/cristina-gallach-el-lider-de-la-confrontacio-es-el-nostre-principal-aliat-i-aixo-fa-que-el-mon-sigui-molt-mes-perillos\\\/#primaryimage\"},\"image\":{\"@id\":\"https:\\\/\\\/diarieducacio.cat\\\/redaccio\\\/2026\\\/03\\\/17\\\/cristina-gallach-el-lider-de-la-confrontacio-es-el-nostre-principal-aliat-i-aixo-fa-que-el-mon-sigui-molt-mes-perillos\\\/#primaryimage\"},\"thumbnailUrl\":\"https:\\\/\\\/diarieducacio.cat\\\/redaccio\\\/wp-content\\\/uploads\\\/sites\\\/23\\\/2026\\\/03\\\/IMG_3882.jpg\",\"datePublished\":\"2026-03-17T04:45:00+00:00\",\"dateModified\":\"2026-03-17T07:02:14+00:00\",\"author\":{\"@id\":\"https:\\\/\\\/diarieducacio.cat\\\/redaccio\\\/#\\\/schema\\\/person\\\/84400f95cc1907f1e9a96e3310d1b4d5\"},\"breadcrumb\":{\"@id\":\"https:\\\/\\\/diarieducacio.cat\\\/redaccio\\\/2026\\\/03\\\/17\\\/cristina-gallach-el-lider-de-la-confrontacio-es-el-nostre-principal-aliat-i-aixo-fa-que-el-mon-sigui-molt-mes-perillos\\\/#breadcrumb\"},\"inLanguage\":\"ca\",\"potentialAction\":[{\"@type\":\"ReadAction\",\"target\":[\"https:\\\/\\\/diarieducacio.cat\\\/redaccio\\\/2026\\\/03\\\/17\\\/cristina-gallach-el-lider-de-la-confrontacio-es-el-nostre-principal-aliat-i-aixo-fa-que-el-mon-sigui-molt-mes-perillos\\\/\"]}]},{\"@type\":\"ImageObject\",\"inLanguage\":\"ca\",\"@id\":\"https:\\\/\\\/diarieducacio.cat\\\/redaccio\\\/2026\\\/03\\\/17\\\/cristina-gallach-el-lider-de-la-confrontacio-es-el-nostre-principal-aliat-i-aixo-fa-que-el-mon-sigui-molt-mes-perillos\\\/#primaryimage\",\"url\":\"https:\\\/\\\/diarieducacio.cat\\\/redaccio\\\/wp-content\\\/uploads\\\/sites\\\/23\\\/2026\\\/03\\\/IMG_3882.jpg\",\"contentUrl\":\"https:\\\/\\\/diarieducacio.cat\\\/redaccio\\\/wp-content\\\/uploads\\\/sites\\\/23\\\/2026\\\/03\\\/IMG_3882.jpg\",\"width\":2048,\"height\":1365,\"caption\":\"L'exsecret\u00e0ria adjunta de Nacions Unides va obrir el cicle de \u2018converses \u00faniques\u2019 de la Fundaci\u00f3 Periodisme Plural\"},{\"@type\":\"BreadcrumbList\",\"@id\":\"https:\\\/\\\/diarieducacio.cat\\\/redaccio\\\/2026\\\/03\\\/17\\\/cristina-gallach-el-lider-de-la-confrontacio-es-el-nostre-principal-aliat-i-aixo-fa-que-el-mon-sigui-molt-mes-perillos\\\/#breadcrumb\",\"itemListElement\":[{\"@type\":\"ListItem\",\"position\":1,\"name\":\"Inici\",\"item\":\"https:\\\/\\\/diarieducacio.cat\\\/redaccio\\\/\"},{\"@type\":\"ListItem\",\"position\":2,\"name\":\"Cristina Gallach: \u201cEl l\u00edder de la confrontaci\u00f3 \u00e9s el nostre principal aliat. I aix\u00f2 fa que el m\u00f3n sigui molt m\u00e9s perill\u00f3s\u201d\"}]},{\"@type\":\"WebSite\",\"@id\":\"https:\\\/\\\/diarieducacio.cat\\\/redaccio\\\/#website\",\"url\":\"https:\\\/\\\/diarieducacio.cat\\\/redaccio\\\/\",\"name\":\"El Blog de la Redacci\u00f3\",\"description\":\"Un blog d&#039;El Diari de l&#039;Educaci\u00f3\",\"potentialAction\":[{\"@type\":\"SearchAction\",\"target\":{\"@type\":\"EntryPoint\",\"urlTemplate\":\"https:\\\/\\\/diarieducacio.cat\\\/redaccio\\\/?s={search_term_string}\"},\"query-input\":{\"@type\":\"PropertyValueSpecification\",\"valueRequired\":true,\"valueName\":\"search_term_string\"}}],\"inLanguage\":\"ca\"},{\"@type\":\"Person\",\"@id\":\"https:\\\/\\\/diarieducacio.cat\\\/redaccio\\\/#\\\/schema\\\/person\\\/84400f95cc1907f1e9a96e3310d1b4d5\",\"name\":\"Txema Seglers\",\"image\":{\"@type\":\"ImageObject\",\"inLanguage\":\"ca\",\"@id\":\"https:\\\/\\\/secure.gravatar.com\\\/avatar\\\/c20abae451a301a86cb1b455bdab7c0cceef9133a5211a44545d657446dc659c?s=96&d=mm&r=g\",\"url\":\"https:\\\/\\\/secure.gravatar.com\\\/avatar\\\/c20abae451a301a86cb1b455bdab7c0cceef9133a5211a44545d657446dc659c?s=96&d=mm&r=g\",\"contentUrl\":\"https:\\\/\\\/secure.gravatar.com\\\/avatar\\\/c20abae451a301a86cb1b455bdab7c0cceef9133a5211a44545d657446dc659c?s=96&d=mm&r=g\",\"caption\":\"Txema Seglers\"},\"url\":\"https:\\\/\\\/diarieducacio.cat\\\/redaccio\\\/author\\\/txemaseglers\\\/\"}]}<\/script>\n<!-- \/ Yoast SEO plugin. -->","yoast_head_json":{"title":"Cristina Gallach: \u201cEl l\u00edder de la confrontaci\u00f3 \u00e9s el nostre principal aliat. I aix\u00f2 fa que el m\u00f3n sigui molt m\u00e9s perill\u00f3s\u201d - El Blog de la Redacci\u00f3","robots":{"index":"index","follow":"follow","max-snippet":"max-snippet:-1","max-image-preview":"max-image-preview:large","max-video-preview":"max-video-preview:-1"},"canonical":"https:\/\/diarieducacio.cat\/redaccio\/2026\/03\/17\/cristina-gallach-el-lider-de-la-confrontacio-es-el-nostre-principal-aliat-i-aixo-fa-que-el-mon-sigui-molt-mes-perillos\/","og_locale":"ca_ES","og_type":"article","og_title":"Cristina Gallach: \u201cEl l\u00edder de la confrontaci\u00f3 \u00e9s el nostre principal aliat. I aix\u00f2 fa que el m\u00f3n sigui molt m\u00e9s perill\u00f3s\u201d - El Blog de la Redacci\u00f3","og_description":"\u00abLa por neix perqu\u00e8 el futur no est\u00e0 escrit. L\u2019hem d\u2019escriure. Tenim experi\u00e8ncia i coneixement, tamb\u00e9 governs, partits pol\u00edtics i diputats. Animem-nos a escriure una p\u00e0gina diferent i millor per a tots\u00bb. Amb aquest missatge d\u2019optimisme, Cristina Gallach, periodista i exsecret\u00e0ria general adjunta de les Nacions Unides, tancava, el passat 5 de maig, la primera","og_url":"https:\/\/diarieducacio.cat\/redaccio\/2026\/03\/17\/cristina-gallach-el-lider-de-la-confrontacio-es-el-nostre-principal-aliat-i-aixo-fa-que-el-mon-sigui-molt-mes-perillos\/","og_site_name":"El Blog de la Redacci\u00f3","article_published_time":"2026-03-17T04:45:00+00:00","article_modified_time":"2026-03-17T07:02:14+00:00","og_image":[{"width":2048,"height":1365,"url":"https:\/\/diarieducacio.cat\/redaccio\/wp-content\/uploads\/sites\/23\/2026\/03\/IMG_3882.jpg","type":"image\/jpeg"}],"author":"Txema Seglers","twitter_card":"summary_large_image","twitter_misc":{"Escrit per":"Txema Seglers","Temps estimat de lectura":"8 minuts"},"schema":{"@context":"https:\/\/schema.org","@graph":[{"@type":"Article","@id":"https:\/\/diarieducacio.cat\/redaccio\/2026\/03\/17\/cristina-gallach-el-lider-de-la-confrontacio-es-el-nostre-principal-aliat-i-aixo-fa-que-el-mon-sigui-molt-mes-perillos\/#article","isPartOf":{"@id":"https:\/\/diarieducacio.cat\/redaccio\/2026\/03\/17\/cristina-gallach-el-lider-de-la-confrontacio-es-el-nostre-principal-aliat-i-aixo-fa-que-el-mon-sigui-molt-mes-perillos\/"},"author":{"name":"Txema Seglers","@id":"https:\/\/diarieducacio.cat\/redaccio\/#\/schema\/person\/84400f95cc1907f1e9a96e3310d1b4d5"},"headline":"Cristina Gallach: \u201cEl l\u00edder de la confrontaci\u00f3 \u00e9s el nostre principal aliat. I aix\u00f2 fa que el m\u00f3n sigui molt m\u00e9s perill\u00f3s\u201d","datePublished":"2026-03-17T04:45:00+00:00","dateModified":"2026-03-17T07:02:14+00:00","mainEntityOfPage":{"@id":"https:\/\/diarieducacio.cat\/redaccio\/2026\/03\/17\/cristina-gallach-el-lider-de-la-confrontacio-es-el-nostre-principal-aliat-i-aixo-fa-que-el-mon-sigui-molt-mes-perillos\/"},"wordCount":1449,"commentCount":0,"image":{"@id":"https:\/\/diarieducacio.cat\/redaccio\/2026\/03\/17\/cristina-gallach-el-lider-de-la-confrontacio-es-el-nostre-principal-aliat-i-aixo-fa-que-el-mon-sigui-molt-mes-perillos\/#primaryimage"},"thumbnailUrl":"https:\/\/diarieducacio.cat\/redaccio\/wp-content\/uploads\/sites\/23\/2026\/03\/IMG_3882.jpg","keywords":["Fundaci\u00f3 Periodisme Plural"],"articleSection":["Sin categor\u00eda"],"inLanguage":"ca","potentialAction":[{"@type":"CommentAction","name":"Comment","target":["https:\/\/diarieducacio.cat\/redaccio\/2026\/03\/17\/cristina-gallach-el-lider-de-la-confrontacio-es-el-nostre-principal-aliat-i-aixo-fa-que-el-mon-sigui-molt-mes-perillos\/#respond"]}]},{"@type":"WebPage","@id":"https:\/\/diarieducacio.cat\/redaccio\/2026\/03\/17\/cristina-gallach-el-lider-de-la-confrontacio-es-el-nostre-principal-aliat-i-aixo-fa-que-el-mon-sigui-molt-mes-perillos\/","url":"https:\/\/diarieducacio.cat\/redaccio\/2026\/03\/17\/cristina-gallach-el-lider-de-la-confrontacio-es-el-nostre-principal-aliat-i-aixo-fa-que-el-mon-sigui-molt-mes-perillos\/","name":"Cristina Gallach: \u201cEl l\u00edder de la confrontaci\u00f3 \u00e9s el nostre principal aliat. I aix\u00f2 fa que el m\u00f3n sigui molt m\u00e9s perill\u00f3s\u201d - El Blog de la Redacci\u00f3","isPartOf":{"@id":"https:\/\/diarieducacio.cat\/redaccio\/#website"},"primaryImageOfPage":{"@id":"https:\/\/diarieducacio.cat\/redaccio\/2026\/03\/17\/cristina-gallach-el-lider-de-la-confrontacio-es-el-nostre-principal-aliat-i-aixo-fa-que-el-mon-sigui-molt-mes-perillos\/#primaryimage"},"image":{"@id":"https:\/\/diarieducacio.cat\/redaccio\/2026\/03\/17\/cristina-gallach-el-lider-de-la-confrontacio-es-el-nostre-principal-aliat-i-aixo-fa-que-el-mon-sigui-molt-mes-perillos\/#primaryimage"},"thumbnailUrl":"https:\/\/diarieducacio.cat\/redaccio\/wp-content\/uploads\/sites\/23\/2026\/03\/IMG_3882.jpg","datePublished":"2026-03-17T04:45:00+00:00","dateModified":"2026-03-17T07:02:14+00:00","author":{"@id":"https:\/\/diarieducacio.cat\/redaccio\/#\/schema\/person\/84400f95cc1907f1e9a96e3310d1b4d5"},"breadcrumb":{"@id":"https:\/\/diarieducacio.cat\/redaccio\/2026\/03\/17\/cristina-gallach-el-lider-de-la-confrontacio-es-el-nostre-principal-aliat-i-aixo-fa-que-el-mon-sigui-molt-mes-perillos\/#breadcrumb"},"inLanguage":"ca","potentialAction":[{"@type":"ReadAction","target":["https:\/\/diarieducacio.cat\/redaccio\/2026\/03\/17\/cristina-gallach-el-lider-de-la-confrontacio-es-el-nostre-principal-aliat-i-aixo-fa-que-el-mon-sigui-molt-mes-perillos\/"]}]},{"@type":"ImageObject","inLanguage":"ca","@id":"https:\/\/diarieducacio.cat\/redaccio\/2026\/03\/17\/cristina-gallach-el-lider-de-la-confrontacio-es-el-nostre-principal-aliat-i-aixo-fa-que-el-mon-sigui-molt-mes-perillos\/#primaryimage","url":"https:\/\/diarieducacio.cat\/redaccio\/wp-content\/uploads\/sites\/23\/2026\/03\/IMG_3882.jpg","contentUrl":"https:\/\/diarieducacio.cat\/redaccio\/wp-content\/uploads\/sites\/23\/2026\/03\/IMG_3882.jpg","width":2048,"height":1365,"caption":"L'exsecret\u00e0ria adjunta de Nacions Unides va obrir el cicle de \u2018converses \u00faniques\u2019 de la Fundaci\u00f3 Periodisme Plural"},{"@type":"BreadcrumbList","@id":"https:\/\/diarieducacio.cat\/redaccio\/2026\/03\/17\/cristina-gallach-el-lider-de-la-confrontacio-es-el-nostre-principal-aliat-i-aixo-fa-que-el-mon-sigui-molt-mes-perillos\/#breadcrumb","itemListElement":[{"@type":"ListItem","position":1,"name":"Inici","item":"https:\/\/diarieducacio.cat\/redaccio\/"},{"@type":"ListItem","position":2,"name":"Cristina Gallach: \u201cEl l\u00edder de la confrontaci\u00f3 \u00e9s el nostre principal aliat. I aix\u00f2 fa que el m\u00f3n sigui molt m\u00e9s perill\u00f3s\u201d"}]},{"@type":"WebSite","@id":"https:\/\/diarieducacio.cat\/redaccio\/#website","url":"https:\/\/diarieducacio.cat\/redaccio\/","name":"El Blog de la Redacci\u00f3","description":"Un blog d&#039;El Diari de l&#039;Educaci\u00f3","potentialAction":[{"@type":"SearchAction","target":{"@type":"EntryPoint","urlTemplate":"https:\/\/diarieducacio.cat\/redaccio\/?s={search_term_string}"},"query-input":{"@type":"PropertyValueSpecification","valueRequired":true,"valueName":"search_term_string"}}],"inLanguage":"ca"},{"@type":"Person","@id":"https:\/\/diarieducacio.cat\/redaccio\/#\/schema\/person\/84400f95cc1907f1e9a96e3310d1b4d5","name":"Txema Seglers","image":{"@type":"ImageObject","inLanguage":"ca","@id":"https:\/\/secure.gravatar.com\/avatar\/c20abae451a301a86cb1b455bdab7c0cceef9133a5211a44545d657446dc659c?s=96&d=mm&r=g","url":"https:\/\/secure.gravatar.com\/avatar\/c20abae451a301a86cb1b455bdab7c0cceef9133a5211a44545d657446dc659c?s=96&d=mm&r=g","contentUrl":"https:\/\/secure.gravatar.com\/avatar\/c20abae451a301a86cb1b455bdab7c0cceef9133a5211a44545d657446dc659c?s=96&d=mm&r=g","caption":"Txema Seglers"},"url":"https:\/\/diarieducacio.cat\/redaccio\/author\/txemaseglers\/"}]}},"_links":{"self":[{"href":"https:\/\/diarieducacio.cat\/redaccio\/wp-json\/wp\/v2\/posts\/2640","targetHints":{"allow":["GET"]}}],"collection":[{"href":"https:\/\/diarieducacio.cat\/redaccio\/wp-json\/wp\/v2\/posts"}],"about":[{"href":"https:\/\/diarieducacio.cat\/redaccio\/wp-json\/wp\/v2\/types\/post"}],"author":[{"embeddable":true,"href":"https:\/\/diarieducacio.cat\/redaccio\/wp-json\/wp\/v2\/users\/955"}],"replies":[{"embeddable":true,"href":"https:\/\/diarieducacio.cat\/redaccio\/wp-json\/wp\/v2\/comments?post=2640"}],"version-history":[{"count":2,"href":"https:\/\/diarieducacio.cat\/redaccio\/wp-json\/wp\/v2\/posts\/2640\/revisions"}],"predecessor-version":[{"id":2644,"href":"https:\/\/diarieducacio.cat\/redaccio\/wp-json\/wp\/v2\/posts\/2640\/revisions\/2644"}],"wp:featuredmedia":[{"embeddable":true,"href":"https:\/\/diarieducacio.cat\/redaccio\/wp-json\/wp\/v2\/media\/2642"}],"wp:attachment":[{"href":"https:\/\/diarieducacio.cat\/redaccio\/wp-json\/wp\/v2\/media?parent=2640"}],"wp:term":[{"taxonomy":"category","embeddable":true,"href":"https:\/\/diarieducacio.cat\/redaccio\/wp-json\/wp\/v2\/categories?post=2640"},{"taxonomy":"post_tag","embeddable":true,"href":"https:\/\/diarieducacio.cat\/redaccio\/wp-json\/wp\/v2\/tags?post=2640"}],"curies":[{"name":"wp","href":"https:\/\/api.w.org\/{rel}","templated":true}]}}