{"id":154,"date":"2019-02-04T09:17:25","date_gmt":"2019-02-04T07:17:25","guid":{"rendered":"https:\/\/diarieducacio.cat\/rella\/?p=154"},"modified":"2019-02-04T09:17:25","modified_gmt":"2019-02-04T07:17:25","slug":"aula-dalfabetitzacio-dolot-per-a-nois-i-noies-de-16-a-18-anys","status":"publish","type":"post","link":"https:\/\/diarieducacio.cat\/rella\/2019\/02\/04\/aula-dalfabetitzacio-dolot-per-a-nois-i-noies-de-16-a-18-anys\/","title":{"rendered":"Aula d\u2019alfabetitzaci\u00f3 d\u2019Olot per a nois i noies de 16 a 18 anys"},"content":{"rendered":"<figure id=\"attachment_152\" aria-describedby=\"caption-attachment-152\" style=\"width: 3898px\" class=\"wp-caption alignnone\"><img fetchpriority=\"high\" decoding=\"async\" class=\"wp-image-152 size-full\" src=\"https:\/\/diarieducacio.cat\/rella\/wp-content\/uploads\/sites\/31\/2019\/02\/Aula-Alfab.-Olot-FOTO.jpg\" alt=\"\" width=\"3898\" height=\"2412\" \/><figcaption id=\"caption-attachment-152\" class=\"wp-caption-text\">Aula d&#8217;alfabetitzaci\u00f3 d&#8217;Olot | Foto: Rella Olot<\/figcaption><\/figure>\n<p>L\u2019Aula d\u2019Alfabetitzaci\u00f3 \u00e9s un recurs per a noies i nois de 16 a 18 anys que no estan alfabetitzats i acaben d\u2019arribar a la ciutat d\u2019Olot o a algun municipi de la comarca de La Garrotxa.<\/p>\n<p>El sistema educatiu vigent a Catalunya marca que l\u2019educaci\u00f3 obligat\u00f2ria ho \u00e9s fins als 16 anys. Els joves d\u2019entre 16 i 18 anys, que arriben a Olot sense coneixement de la llengua i sense documents de convalidaci\u00f3 d\u2019estudis no tenen un recurs en l\u2019\u00e0mbit formatiu i formal que ajudi a millorar la seva formaci\u00f3 i sobretot, el seu coneixement de la llengua catalana.<\/p>\n<p>Per tot aix\u00f2, des de <a href=\"http:\/\/ime.olot.cat\/\">l\u2019Institut Municipal d\u2019Educaci\u00f3 i Joventut d\u2019Olot (IME)<\/a> tenim aquest espai.<\/p>\n<p>Els <strong>OBJECTIUS<\/strong> de l\u2019Aula d\u2019Alfabetitzaci\u00f3 s\u00f3n els seg\u00fcents:<\/p>\n<ul>\n<li>Proporcionar els recursos m\u00ednims necessaris per a comprendre i poder utilitzar la llengua catalana en les situacions de comunicaci\u00f3 orals i escrites m\u00e9s habituals.<\/li>\n<li>Con\u00e8ixer l\u2019entorn social, cultural i juvenil de la ciutat (entitats, espais, serveis\u2026)<\/li>\n<li>Oferir orientaci\u00f3 formativa i laboral en funci\u00f3 dels interessos dels joves participants.<\/li>\n<li>Crear un espai de comunicaci\u00f3, de coneixement i de respecte mutus, entre persones de proced\u00e8ncies diferents.<\/li>\n<li>Aconseguir la incorporaci\u00f3 dels joves nouvinguts als recursos que ja existeixen a la ciutat.<\/li>\n<li>Aconseguir que les i els joves tinguin les habilitats necess\u00e0ries per a poder escollir el seu futur personal, ja sigui continuant estudiant, ampliant la seva formaci\u00f3 laboral o inserint-se al mercat de treball.<\/li>\n<\/ul>\n<p>El projecte s\u2019adre\u00e7a a joves acabats d\u2019arribar a Olot, que tenen entre 16 i 18 anys, tant els que han pogut estar atesos en algun dels diferents recursos com els que no poden accedir a cap recurs formatiu normalitzat, ja sigui per la manca de places o per les limitacions que tenen en un primer moment especialment pel que fa al coneixement de la llengua catalana i els recursos socials de la ciutat. El projecte s\u2019ha d\u2019entendre necess\u00e0riament com a puntual i limitat en el temps; o sia, el sentit del car\u00e0cter espec\u00edfic \u00e9s corregir les mancances inicials que tenen aquests joves en el moment d\u2019arribar a la ciutat i, una vegada tenen les habilitats necess\u00e0ries, es puguin incorporar en recursos normalitzats per a joves de la seva edat.<\/p>\n<p>L\u2019Aula d\u2019Alfabetitzaci\u00f3 funciona de dilluns a divendres de 9.00 a 12.00h i de 16.00 a 17.00h, seguint el calendari escolar ordinari a les aules de l\u2019Institut Municipal d\u2019Educaci\u00f3 i Joventut.<\/p>\n<p>Les sessions d\u2019alfabetitzaci\u00f3 les realitzen un grup de 15 mestres i professors\/es jubilats i jubilades de l\u2019associaci\u00f3 <a href=\"http:\/\/www.rella.cat\/\">RELLA<\/a> que aporten el seu coneixement i experi\u00e8ncia per desenvolupar els objectius d\u2019aquest recurs. Aquest grup de docents s\u2019encarrega de fer classes de catal\u00e0, matem\u00e0tiques i inform\u00e0tica.<\/p>\n<p>A m\u00e9s els dimarts i dijous comptem amb la col\u00b7laboraci\u00f3 d\u2019<a href=\"http:\/\/arriant.org\/\">ARRIANT<\/a> que amb educadors i educadores fan sessions encaminades a treballar el coneixement de l\u2019entorn, el lleure i el creixement emocional i personal de cada alumne.<\/p>\n<p>Per \u00faltim, els dimecres els joves de l\u2019Aula d\u2019Alfabetitzaci\u00f3 poden anar de manera volunt\u00e0ria a l\u2019ESPAI FAM\u00cdLIES on disposen d\u2019un espai obert per poder esmorzar, jugar, llegir, consultar internet, etc&#8230; i on hi ha una educadora social del <a href=\"http:\/\/www.casg.cat\/\">Consorci d\u2019Acci\u00f3 Social de La Garrotxa<\/a> que els acompanya en all\u00f2 que puguin necessitar.<\/p>\n<p>L\u2019Aula d\u2019Alfabetitzaci\u00f3 compta amb variats i nombrosos materials que faciliten l\u2019aprenentatge de la llengua des de diferents metodologies i continguts.\u00a0Aquesta diversitat de materials permeten poder-se adaptar a la diversitat de l\u2019alumnat que acull l\u2019aula, ja que cada jove arriba amb uns coneixements i un bagatge ben diferents.<\/p>\n<p>L\u2019experi\u00e8ncia dels anys ens permet explicar que cada curs passen per l\u2019aula entre 15 i 30 alumnes, tenint un grup estable d\u2019uns 20 joves durant tot el curs. L\u2019origen d\u2019aquests nois i noies \u00e9s variat, per\u00f2 predominin els de G\u00e0mbia, el Panjab i el Marroc.<\/p>\n<p>No \u00e9s una tasca f\u00e0cil\u00a0 aconseguir una comunicaci\u00f3 i aprenentatge fluid (entre nivells\u00a0 escolars i capacitaci\u00f3 diversa, interfer\u00e8ncies ling\u00fc\u00edstiques constants, manca d\u2019escolaritzaci\u00f3, cultures i h\u00e0bits distants)\u00a0 per\u00f2\u00a0 amb ganes i il\u00b7lusi\u00f3\u00a0 millorem\u00a0 tot fent cam\u00ed junts. Estem molt contents de l\u00b4experi\u00e8ncia que va n\u00e9ixer ara fa deu anys. No podem parlar de grans \u00e8xits\u00a0 ni exagerada rendibilitat\u00a0 per\u00f2 s\u00ed d\u2019una gran tenacitat i bona voluntat per part de tots els que hi treballem.\u00a0 \u00c9s m\u00e9s, i aqu\u00ed est\u00e0 la gr\u00e0cia, els adults\u00a0 descobrim constantment\u00a0 una gran riquesa\u00a0 en el contacte personal. Alhora aprenem a llegir i escriure\u00a0 unes viv\u00e8ncies que ens\u00a0 permeten sortir de nosaltres mateixos i mentre\u00a0 la salut ens ho permeti retornar rec\u00edprocament els b\u00e9ns rebuts des d\u2019un aprendre-aprendre i d\u2019un esperit de servei que ens d\u00f3na molta vida. Ho recomanem a tothom\u00a0 perqu\u00e8\u00a0 els\u00a0 desequilibris\u00a0 socials, econ\u00f2mics\u00a0 i culturals\u00a0 s\u00f3n grans i demanen l\u00b4auxili de tothom.<\/p>\n<p>Voldr\u00edem acabar reivindicant que aquesta formaci\u00f3 tan important per aquestes i aquests joves que venen i es volen integrar a la vida i cultura del nostre pa\u00eds, no ha de ser una tasca assignada\u00a0 \u00fanicament al voluntariat i hauria de ser la Generalitat qui es fes c\u00e0rrec institucional d\u2019aquesta formaci\u00f3, clau pel proc\u00e9s d\u2019acollida i integraci\u00f3 d\u2019aquests joves nouvinguts.<\/p>\n","protected":false},"excerpt":{"rendered":"<p>Us presentem l\u2019experi\u00e8ncia d\u2019un grup de mestres jubilats d\u2019Olot, que amb el suport de RELLA (Associaci\u00f3 de mestres i professorat jubilats) i l\u2019IME (L\u2019Institut Municipal d\u2019Educaci\u00f3 i Joventut d\u2019Olot) fan una feina d\u2019alfabetitzaci\u00f3 amb noies i nois nouvingudes de 16 a 18 anys.<\/p>\n","protected":false},"author":366,"featured_media":152,"comment_status":"open","ping_status":"closed","sticky":false,"template":"","format":"standard","meta":{"footnotes":""},"categories":[2],"tags":[],"tipo":[],"class_list":{"0":"post-154","1":"post","2":"type-post","3":"status-publish","4":"format-standard","5":"has-post-thumbnail","7":"category-general"},"yoast_head":"<!-- This site is optimized with the Yoast SEO plugin v27.4 - https:\/\/yoast.com\/product\/yoast-seo-wordpress\/ -->\n<title>Aula d\u2019alfabetitzaci\u00f3 d\u2019Olot per a nois i noies de 16 a 18 anys - El Blog de Rella<\/title>\n<meta name=\"robots\" content=\"index, follow, max-snippet:-1, max-image-preview:large, max-video-preview:-1\" \/>\n<link rel=\"canonical\" href=\"https:\/\/diarieducacio.cat\/rella\/2019\/02\/04\/aula-dalfabetitzacio-dolot-per-a-nois-i-noies-de-16-a-18-anys\/\" \/>\n<meta property=\"og:locale\" content=\"ca_ES\" \/>\n<meta property=\"og:type\" content=\"article\" \/>\n<meta property=\"og:title\" content=\"Aula d\u2019alfabetitzaci\u00f3 d\u2019Olot per a nois i noies de 16 a 18 anys - El Blog de Rella\" \/>\n<meta property=\"og:description\" content=\"Us presentem l\u2019experi\u00e8ncia d\u2019un grup de mestres jubilats d\u2019Olot, que amb el suport de RELLA (Associaci\u00f3 de mestres i professorat jubilats) i l\u2019IME (L\u2019Institut Municipal d\u2019Educaci\u00f3 i Joventut d\u2019Olot) fan una feina d\u2019alfabetitzaci\u00f3 amb noies i nois nouvingudes de 16 a 18 anys.\" \/>\n<meta property=\"og:url\" content=\"https:\/\/diarieducacio.cat\/rella\/2019\/02\/04\/aula-dalfabetitzacio-dolot-per-a-nois-i-noies-de-16-a-18-anys\/\" \/>\n<meta property=\"og:site_name\" content=\"El Blog de Rella\" \/>\n<meta property=\"article:publisher\" content=\"https:\/\/www.facebook.com\/diarieducacio\/\" \/>\n<meta property=\"article:published_time\" content=\"2019-02-04T07:17:25+00:00\" \/>\n<meta property=\"og:image\" content=\"https:\/\/diarieducacio.cat\/rella\/wp-content\/uploads\/sites\/26\/2019\/02\/Aula-Alfab.-Olot-FOTO-scaled-1.jpg\" \/>\n\t<meta property=\"og:image:width\" content=\"2560\" \/>\n\t<meta property=\"og:image:height\" content=\"1584\" \/>\n\t<meta property=\"og:image:type\" content=\"image\/jpeg\" \/>\n<meta name=\"author\" content=\"Rella Olot\" \/>\n<meta name=\"twitter:card\" content=\"summary_large_image\" \/>\n<meta name=\"twitter:creator\" content=\"@DiariEducacio\" \/>\n<meta name=\"twitter:site\" content=\"@DiariEducacio\" \/>\n<meta name=\"twitter:label1\" content=\"Escrit per\" \/>\n\t<meta name=\"twitter:data1\" content=\"Rella Olot\" \/>\n\t<meta name=\"twitter:label2\" content=\"Temps estimat de lectura\" \/>\n\t<meta name=\"twitter:data2\" content=\"5 minuts\" \/>\n<script type=\"application\/ld+json\" class=\"yoast-schema-graph\">{\"@context\":\"https:\\\/\\\/schema.org\",\"@graph\":[{\"@type\":\"Article\",\"@id\":\"https:\\\/\\\/diarieducacio.cat\\\/rella\\\/2019\\\/02\\\/04\\\/aula-dalfabetitzacio-dolot-per-a-nois-i-noies-de-16-a-18-anys\\\/#article\",\"isPartOf\":{\"@id\":\"https:\\\/\\\/diarieducacio.cat\\\/rella\\\/2019\\\/02\\\/04\\\/aula-dalfabetitzacio-dolot-per-a-nois-i-noies-de-16-a-18-anys\\\/\"},\"author\":{\"name\":\"Rella Olot\",\"@id\":\"https:\\\/\\\/diarieducacio.cat\\\/rella\\\/#\\\/schema\\\/person\\\/20b3666bc0a35f27d81890224b73f3b8\"},\"headline\":\"Aula d\u2019alfabetitzaci\u00f3 d\u2019Olot per a nois i noies de 16 a 18 anys\",\"datePublished\":\"2019-02-04T07:17:25+00:00\",\"mainEntityOfPage\":{\"@id\":\"https:\\\/\\\/diarieducacio.cat\\\/rella\\\/2019\\\/02\\\/04\\\/aula-dalfabetitzacio-dolot-per-a-nois-i-noies-de-16-a-18-anys\\\/\"},\"wordCount\":935,\"commentCount\":1,\"image\":{\"@id\":\"https:\\\/\\\/diarieducacio.cat\\\/rella\\\/2019\\\/02\\\/04\\\/aula-dalfabetitzacio-dolot-per-a-nois-i-noies-de-16-a-18-anys\\\/#primaryimage\"},\"thumbnailUrl\":\"https:\\\/\\\/diarieducacio.cat\\\/rella\\\/wp-content\\\/uploads\\\/sites\\\/26\\\/2019\\\/02\\\/Aula-Alfab.-Olot-FOTO-scaled-1.jpg\",\"articleSection\":[\"General\"],\"inLanguage\":\"ca\",\"potentialAction\":[{\"@type\":\"CommentAction\",\"name\":\"Comment\",\"target\":[\"https:\\\/\\\/diarieducacio.cat\\\/rella\\\/2019\\\/02\\\/04\\\/aula-dalfabetitzacio-dolot-per-a-nois-i-noies-de-16-a-18-anys\\\/#respond\"]}]},{\"@type\":\"WebPage\",\"@id\":\"https:\\\/\\\/diarieducacio.cat\\\/rella\\\/2019\\\/02\\\/04\\\/aula-dalfabetitzacio-dolot-per-a-nois-i-noies-de-16-a-18-anys\\\/\",\"url\":\"https:\\\/\\\/diarieducacio.cat\\\/rella\\\/2019\\\/02\\\/04\\\/aula-dalfabetitzacio-dolot-per-a-nois-i-noies-de-16-a-18-anys\\\/\",\"name\":\"Aula d\u2019alfabetitzaci\u00f3 d\u2019Olot per a nois i noies de 16 a 18 anys - El Blog de Rella\",\"isPartOf\":{\"@id\":\"https:\\\/\\\/diarieducacio.cat\\\/rella\\\/#website\"},\"primaryImageOfPage\":{\"@id\":\"https:\\\/\\\/diarieducacio.cat\\\/rella\\\/2019\\\/02\\\/04\\\/aula-dalfabetitzacio-dolot-per-a-nois-i-noies-de-16-a-18-anys\\\/#primaryimage\"},\"image\":{\"@id\":\"https:\\\/\\\/diarieducacio.cat\\\/rella\\\/2019\\\/02\\\/04\\\/aula-dalfabetitzacio-dolot-per-a-nois-i-noies-de-16-a-18-anys\\\/#primaryimage\"},\"thumbnailUrl\":\"https:\\\/\\\/diarieducacio.cat\\\/rella\\\/wp-content\\\/uploads\\\/sites\\\/26\\\/2019\\\/02\\\/Aula-Alfab.-Olot-FOTO-scaled-1.jpg\",\"datePublished\":\"2019-02-04T07:17:25+00:00\",\"author\":{\"@id\":\"https:\\\/\\\/diarieducacio.cat\\\/rella\\\/#\\\/schema\\\/person\\\/20b3666bc0a35f27d81890224b73f3b8\"},\"breadcrumb\":{\"@id\":\"https:\\\/\\\/diarieducacio.cat\\\/rella\\\/2019\\\/02\\\/04\\\/aula-dalfabetitzacio-dolot-per-a-nois-i-noies-de-16-a-18-anys\\\/#breadcrumb\"},\"inLanguage\":\"ca\",\"potentialAction\":[{\"@type\":\"ReadAction\",\"target\":[\"https:\\\/\\\/diarieducacio.cat\\\/rella\\\/2019\\\/02\\\/04\\\/aula-dalfabetitzacio-dolot-per-a-nois-i-noies-de-16-a-18-anys\\\/\"]}]},{\"@type\":\"ImageObject\",\"inLanguage\":\"ca\",\"@id\":\"https:\\\/\\\/diarieducacio.cat\\\/rella\\\/2019\\\/02\\\/04\\\/aula-dalfabetitzacio-dolot-per-a-nois-i-noies-de-16-a-18-anys\\\/#primaryimage\",\"url\":\"https:\\\/\\\/diarieducacio.cat\\\/rella\\\/wp-content\\\/uploads\\\/sites\\\/26\\\/2019\\\/02\\\/Aula-Alfab.-Olot-FOTO-scaled-1.jpg\",\"contentUrl\":\"https:\\\/\\\/diarieducacio.cat\\\/rella\\\/wp-content\\\/uploads\\\/sites\\\/26\\\/2019\\\/02\\\/Aula-Alfab.-Olot-FOTO-scaled-1.jpg\",\"width\":2560,\"height\":1584,\"caption\":\"Aula d'alfabetitzaci\u00f3 d'Olot | Foto: Rella Olot\"},{\"@type\":\"BreadcrumbList\",\"@id\":\"https:\\\/\\\/diarieducacio.cat\\\/rella\\\/2019\\\/02\\\/04\\\/aula-dalfabetitzacio-dolot-per-a-nois-i-noies-de-16-a-18-anys\\\/#breadcrumb\",\"itemListElement\":[{\"@type\":\"ListItem\",\"position\":1,\"name\":\"Inici\",\"item\":\"https:\\\/\\\/diarieducacio.cat\\\/rella\\\/\"},{\"@type\":\"ListItem\",\"position\":2,\"name\":\"Aula d\u2019alfabetitzaci\u00f3 d\u2019Olot per a nois i noies de 16 a 18 anys\"}]},{\"@type\":\"WebSite\",\"@id\":\"https:\\\/\\\/diarieducacio.cat\\\/rella\\\/#website\",\"url\":\"https:\\\/\\\/diarieducacio.cat\\\/rella\\\/\",\"name\":\"El Blog de Rella\",\"description\":\"Un blog de El Diari de l&#039;Educaci\u00f3\",\"potentialAction\":[{\"@type\":\"SearchAction\",\"target\":{\"@type\":\"EntryPoint\",\"urlTemplate\":\"https:\\\/\\\/diarieducacio.cat\\\/rella\\\/?s={search_term_string}\"},\"query-input\":{\"@type\":\"PropertyValueSpecification\",\"valueRequired\":true,\"valueName\":\"search_term_string\"}}],\"inLanguage\":\"ca\"},{\"@type\":\"Person\",\"@id\":\"https:\\\/\\\/diarieducacio.cat\\\/rella\\\/#\\\/schema\\\/person\\\/20b3666bc0a35f27d81890224b73f3b8\",\"name\":\"Rella Olot\",\"image\":{\"@type\":\"ImageObject\",\"inLanguage\":\"ca\",\"@id\":\"https:\\\/\\\/secure.gravatar.com\\\/avatar\\\/e15839485f8decbc4077d0c3fc6326b88472ed8e6989d97ec8815e2da1c600ca?s=96&d=mm&r=g\",\"url\":\"https:\\\/\\\/secure.gravatar.com\\\/avatar\\\/e15839485f8decbc4077d0c3fc6326b88472ed8e6989d97ec8815e2da1c600ca?s=96&d=mm&r=g\",\"contentUrl\":\"https:\\\/\\\/secure.gravatar.com\\\/avatar\\\/e15839485f8decbc4077d0c3fc6326b88472ed8e6989d97ec8815e2da1c600ca?s=96&d=mm&r=g\",\"caption\":\"Rella Olot\"},\"url\":\"https:\\\/\\\/diarieducacio.cat\\\/rella\\\/author\\\/rellaolot\\\/\"}]}<\/script>\n<!-- \/ Yoast SEO plugin. -->","yoast_head_json":{"title":"Aula d\u2019alfabetitzaci\u00f3 d\u2019Olot per a nois i noies de 16 a 18 anys - El Blog de Rella","robots":{"index":"index","follow":"follow","max-snippet":"max-snippet:-1","max-image-preview":"max-image-preview:large","max-video-preview":"max-video-preview:-1"},"canonical":"https:\/\/diarieducacio.cat\/rella\/2019\/02\/04\/aula-dalfabetitzacio-dolot-per-a-nois-i-noies-de-16-a-18-anys\/","og_locale":"ca_ES","og_type":"article","og_title":"Aula d\u2019alfabetitzaci\u00f3 d\u2019Olot per a nois i noies de 16 a 18 anys - El Blog de Rella","og_description":"Us presentem l\u2019experi\u00e8ncia d\u2019un grup de mestres jubilats d\u2019Olot, que amb el suport de RELLA (Associaci\u00f3 de mestres i professorat jubilats) i l\u2019IME (L\u2019Institut Municipal d\u2019Educaci\u00f3 i Joventut d\u2019Olot) fan una feina d\u2019alfabetitzaci\u00f3 amb noies i nois nouvingudes de 16 a 18 anys.","og_url":"https:\/\/diarieducacio.cat\/rella\/2019\/02\/04\/aula-dalfabetitzacio-dolot-per-a-nois-i-noies-de-16-a-18-anys\/","og_site_name":"El Blog de Rella","article_publisher":"https:\/\/www.facebook.com\/diarieducacio\/","article_published_time":"2019-02-04T07:17:25+00:00","og_image":[{"width":2560,"height":1584,"url":"https:\/\/diarieducacio.cat\/rella\/wp-content\/uploads\/sites\/26\/2019\/02\/Aula-Alfab.-Olot-FOTO-scaled-1.jpg","type":"image\/jpeg"}],"author":"Rella Olot","twitter_card":"summary_large_image","twitter_creator":"@DiariEducacio","twitter_site":"@DiariEducacio","twitter_misc":{"Escrit per":"Rella Olot","Temps estimat de lectura":"5 minuts"},"schema":{"@context":"https:\/\/schema.org","@graph":[{"@type":"Article","@id":"https:\/\/diarieducacio.cat\/rella\/2019\/02\/04\/aula-dalfabetitzacio-dolot-per-a-nois-i-noies-de-16-a-18-anys\/#article","isPartOf":{"@id":"https:\/\/diarieducacio.cat\/rella\/2019\/02\/04\/aula-dalfabetitzacio-dolot-per-a-nois-i-noies-de-16-a-18-anys\/"},"author":{"name":"Rella Olot","@id":"https:\/\/diarieducacio.cat\/rella\/#\/schema\/person\/20b3666bc0a35f27d81890224b73f3b8"},"headline":"Aula d\u2019alfabetitzaci\u00f3 d\u2019Olot per a nois i noies de 16 a 18 anys","datePublished":"2019-02-04T07:17:25+00:00","mainEntityOfPage":{"@id":"https:\/\/diarieducacio.cat\/rella\/2019\/02\/04\/aula-dalfabetitzacio-dolot-per-a-nois-i-noies-de-16-a-18-anys\/"},"wordCount":935,"commentCount":1,"image":{"@id":"https:\/\/diarieducacio.cat\/rella\/2019\/02\/04\/aula-dalfabetitzacio-dolot-per-a-nois-i-noies-de-16-a-18-anys\/#primaryimage"},"thumbnailUrl":"https:\/\/diarieducacio.cat\/rella\/wp-content\/uploads\/sites\/26\/2019\/02\/Aula-Alfab.-Olot-FOTO-scaled-1.jpg","articleSection":["General"],"inLanguage":"ca","potentialAction":[{"@type":"CommentAction","name":"Comment","target":["https:\/\/diarieducacio.cat\/rella\/2019\/02\/04\/aula-dalfabetitzacio-dolot-per-a-nois-i-noies-de-16-a-18-anys\/#respond"]}]},{"@type":"WebPage","@id":"https:\/\/diarieducacio.cat\/rella\/2019\/02\/04\/aula-dalfabetitzacio-dolot-per-a-nois-i-noies-de-16-a-18-anys\/","url":"https:\/\/diarieducacio.cat\/rella\/2019\/02\/04\/aula-dalfabetitzacio-dolot-per-a-nois-i-noies-de-16-a-18-anys\/","name":"Aula d\u2019alfabetitzaci\u00f3 d\u2019Olot per a nois i noies de 16 a 18 anys - El Blog de Rella","isPartOf":{"@id":"https:\/\/diarieducacio.cat\/rella\/#website"},"primaryImageOfPage":{"@id":"https:\/\/diarieducacio.cat\/rella\/2019\/02\/04\/aula-dalfabetitzacio-dolot-per-a-nois-i-noies-de-16-a-18-anys\/#primaryimage"},"image":{"@id":"https:\/\/diarieducacio.cat\/rella\/2019\/02\/04\/aula-dalfabetitzacio-dolot-per-a-nois-i-noies-de-16-a-18-anys\/#primaryimage"},"thumbnailUrl":"https:\/\/diarieducacio.cat\/rella\/wp-content\/uploads\/sites\/26\/2019\/02\/Aula-Alfab.-Olot-FOTO-scaled-1.jpg","datePublished":"2019-02-04T07:17:25+00:00","author":{"@id":"https:\/\/diarieducacio.cat\/rella\/#\/schema\/person\/20b3666bc0a35f27d81890224b73f3b8"},"breadcrumb":{"@id":"https:\/\/diarieducacio.cat\/rella\/2019\/02\/04\/aula-dalfabetitzacio-dolot-per-a-nois-i-noies-de-16-a-18-anys\/#breadcrumb"},"inLanguage":"ca","potentialAction":[{"@type":"ReadAction","target":["https:\/\/diarieducacio.cat\/rella\/2019\/02\/04\/aula-dalfabetitzacio-dolot-per-a-nois-i-noies-de-16-a-18-anys\/"]}]},{"@type":"ImageObject","inLanguage":"ca","@id":"https:\/\/diarieducacio.cat\/rella\/2019\/02\/04\/aula-dalfabetitzacio-dolot-per-a-nois-i-noies-de-16-a-18-anys\/#primaryimage","url":"https:\/\/diarieducacio.cat\/rella\/wp-content\/uploads\/sites\/26\/2019\/02\/Aula-Alfab.-Olot-FOTO-scaled-1.jpg","contentUrl":"https:\/\/diarieducacio.cat\/rella\/wp-content\/uploads\/sites\/26\/2019\/02\/Aula-Alfab.-Olot-FOTO-scaled-1.jpg","width":2560,"height":1584,"caption":"Aula d'alfabetitzaci\u00f3 d'Olot | Foto: Rella Olot"},{"@type":"BreadcrumbList","@id":"https:\/\/diarieducacio.cat\/rella\/2019\/02\/04\/aula-dalfabetitzacio-dolot-per-a-nois-i-noies-de-16-a-18-anys\/#breadcrumb","itemListElement":[{"@type":"ListItem","position":1,"name":"Inici","item":"https:\/\/diarieducacio.cat\/rella\/"},{"@type":"ListItem","position":2,"name":"Aula d\u2019alfabetitzaci\u00f3 d\u2019Olot per a nois i noies de 16 a 18 anys"}]},{"@type":"WebSite","@id":"https:\/\/diarieducacio.cat\/rella\/#website","url":"https:\/\/diarieducacio.cat\/rella\/","name":"El Blog de Rella","description":"Un blog de El Diari de l&#039;Educaci\u00f3","potentialAction":[{"@type":"SearchAction","target":{"@type":"EntryPoint","urlTemplate":"https:\/\/diarieducacio.cat\/rella\/?s={search_term_string}"},"query-input":{"@type":"PropertyValueSpecification","valueRequired":true,"valueName":"search_term_string"}}],"inLanguage":"ca"},{"@type":"Person","@id":"https:\/\/diarieducacio.cat\/rella\/#\/schema\/person\/20b3666bc0a35f27d81890224b73f3b8","name":"Rella Olot","image":{"@type":"ImageObject","inLanguage":"ca","@id":"https:\/\/secure.gravatar.com\/avatar\/e15839485f8decbc4077d0c3fc6326b88472ed8e6989d97ec8815e2da1c600ca?s=96&d=mm&r=g","url":"https:\/\/secure.gravatar.com\/avatar\/e15839485f8decbc4077d0c3fc6326b88472ed8e6989d97ec8815e2da1c600ca?s=96&d=mm&r=g","contentUrl":"https:\/\/secure.gravatar.com\/avatar\/e15839485f8decbc4077d0c3fc6326b88472ed8e6989d97ec8815e2da1c600ca?s=96&d=mm&r=g","caption":"Rella Olot"},"url":"https:\/\/diarieducacio.cat\/rella\/author\/rellaolot\/"}]}},"_links":{"self":[{"href":"https:\/\/diarieducacio.cat\/rella\/wp-json\/wp\/v2\/posts\/154","targetHints":{"allow":["GET"]}}],"collection":[{"href":"https:\/\/diarieducacio.cat\/rella\/wp-json\/wp\/v2\/posts"}],"about":[{"href":"https:\/\/diarieducacio.cat\/rella\/wp-json\/wp\/v2\/types\/post"}],"author":[{"embeddable":true,"href":"https:\/\/diarieducacio.cat\/rella\/wp-json\/wp\/v2\/users\/366"}],"replies":[{"embeddable":true,"href":"https:\/\/diarieducacio.cat\/rella\/wp-json\/wp\/v2\/comments?post=154"}],"version-history":[{"count":0,"href":"https:\/\/diarieducacio.cat\/rella\/wp-json\/wp\/v2\/posts\/154\/revisions"}],"wp:featuredmedia":[{"embeddable":true,"href":"https:\/\/diarieducacio.cat\/rella\/wp-json\/wp\/v2\/media\/152"}],"wp:attachment":[{"href":"https:\/\/diarieducacio.cat\/rella\/wp-json\/wp\/v2\/media?parent=154"}],"wp:term":[{"taxonomy":"category","embeddable":true,"href":"https:\/\/diarieducacio.cat\/rella\/wp-json\/wp\/v2\/categories?post=154"},{"taxonomy":"post_tag","embeddable":true,"href":"https:\/\/diarieducacio.cat\/rella\/wp-json\/wp\/v2\/tags?post=154"},{"taxonomy":"tipo","embeddable":true,"href":"https:\/\/diarieducacio.cat\/rella\/wp-json\/wp\/v2\/tipo?post=154"}],"curies":[{"name":"wp","href":"https:\/\/api.w.org\/{rel}","templated":true}]}}