{"id":169,"date":"2019-04-10T23:49:25","date_gmt":"2019-04-10T21:49:25","guid":{"rendered":"https:\/\/diarieducacio.cat\/rella\/?p=169"},"modified":"2019-04-10T23:49:25","modified_gmt":"2019-04-10T21:49:25","slug":"40-anys-del-cepepc-una-trobada-emotiva","status":"publish","type":"post","link":"https:\/\/diarieducacio.cat\/rella\/2019\/04\/10\/40-anys-del-cepepc-una-trobada-emotiva\/","title":{"rendered":"40 anys del CEPEPC: una trobada emotiva"},"content":{"rendered":"<figure id=\"attachment_170\" aria-describedby=\"caption-attachment-170\" style=\"width: 1145px\" class=\"wp-caption aligncenter\"><img fetchpriority=\"high\" decoding=\"async\" class=\"wp-image-170 size-full\" src=\"https:\/\/diarieducacio.cat\/rella\/wp-content\/uploads\/sites\/31\/2019\/04\/trobada-cepepc.jpg\" alt=\"\" width=\"1145\" height=\"779\" srcset=\"https:\/\/diarieducacio.cat\/rella\/wp-content\/uploads\/sites\/26\/2019\/04\/trobada-cepepc.jpg 1145w, https:\/\/diarieducacio.cat\/rella\/wp-content\/uploads\/sites\/26\/2019\/04\/trobada-cepepc-300x204.jpg 300w, https:\/\/diarieducacio.cat\/rella\/wp-content\/uploads\/sites\/26\/2019\/04\/trobada-cepepc-1024x697.jpg 1024w, https:\/\/diarieducacio.cat\/rella\/wp-content\/uploads\/sites\/26\/2019\/04\/trobada-cepepc-768x523.jpg 768w, https:\/\/diarieducacio.cat\/rella\/wp-content\/uploads\/sites\/26\/2019\/04\/trobada-cepepc-150x102.jpg 150w, https:\/\/diarieducacio.cat\/rella\/wp-content\/uploads\/sites\/26\/2019\/04\/trobada-cepepc-450x306.jpg 450w\" sizes=\"(max-width: 1145px) 100vw, 1145px\" \/><figcaption id=\"caption-attachment-170\" class=\"wp-caption-text\">Trobada del CEPEPC a la seu de Rosa Sensat<\/figcaption><\/figure>\n<p>El repte era complicat, perqu\u00e8 hav\u00edem de connectar amb un conjunt de persones que per la seva edat moltes d\u2019elles ja estaven jubilades i fora del m\u00f3n educatiu actiu, malgrat que algunes encara hi participem activament. Vol\u00edem aprofitar que moltes de les escoles del CEPEPC en els darrers anys han celebrat els seus\u00a0 40 o 50 anys i aix\u00f2 ha fet possible\u00a0 que mestres i fam\u00edlies s\u2019hagin retrobat i aix\u00ed h\u00e0gim pogut connectar-hi. A poc a poc i amb paci\u00e8ncia es va anar creant una xarxa de contactes que es va anar ampliant fins a poder tenir-ne com a m\u00ednim un amb cada escola del col\u00b7lectiu.<\/p>\n<p>La finalitat era retrobar-nos despr\u00e9s de tant de temps i fer un homenatge a totes les persones que amb esfor\u00e7 i persist\u00e8ncia varen aconseguir integrar a la xarxa p\u00fablica totes les escoles del col\u00b7lectiu que ho varen voler. Aquest projecte va comportar una tasca dif\u00edcil, ja que la Generalitat no ho va posar f\u00e0cil. El proc\u00e9s, des de la creaci\u00f3 del CEPPEPC fins a la total integraci\u00f3 de totes les escoles a la xarxa p\u00fablica l\u2019any 1988, va durar 10 anys i va aconseguir una fita que a priori semblava impossible.<\/p>\n<p>L\u2019homenatge es va centrar en les persones que varen coordinar el CEPEPC:\u00a0 en Carles Mart\u00ednez, l\u2019Anna Piguillem i la Carme Suaz com a secret\u00e0ria. En Carles, el veritable motor i impulsor del moviment, ja no \u00e9s entre nosaltres i va ser la seva parella, la Neus Sanmart\u00ed, persona molt coneguda en el m\u00f3n educatiu qui va parlar en el seu nom.<\/p>\n<p>L\u2019acte no va ser nom\u00e9s un homenatge i una trobada amical, tamb\u00e9 volia ser l\u2019inici d\u2019un treball de recuperaci\u00f3 del que va significar aquest moviment per a la renovaci\u00f3 pedag\u00f2gica del pa\u00eds entre els anys 60 i 80.<\/p>\n<p>Moltes d\u2019aquestes escoles es van crear a finals dels 60 com a cooperatives de pares o mestres, com a alternativa a les escoles tradicionals i autorit\u00e0ries de l\u2019\u00e8poca: l\u2019escola nacional, la religiosa i les acad\u00e8mies de pis.<\/p>\n<p>Al voltant de Rosa Sensat, activa des de l\u2019any 1965, i de les seves Escoles d\u2019Estiu es va anar formant un conjunt de mestres que van anar creant, tant a les escoles del CEPEPC com a les escoles p\u00fabliques de nova creaci\u00f3 sobretot als barris i municipis amb forta immigraci\u00f3, un nou model educatiu que va capgirar la manera d\u2019educar els infants d\u2019aquella \u00e8poca.<\/p>\n<p>No volem perdre aquest llegat. Volem deixar escrita la hist\u00f2ria d\u2019aquest moviment que va fer de pont entre la Renovaci\u00f3 Pedag\u00f2gica de principis de segle XX i la Segona Rep\u00fablica amb les escoles innovadores actuals. Volem que aquesta etapa, important per la renovaci\u00f3 pedag\u00f2gica del pa\u00eds, no quedi en l\u2019oblit d\u2019aqu\u00ed a uns anys. \u00c9s per aix\u00f2 que un grup de mestres ens hem proposat, amb la col\u00b7laboraci\u00f3 de tothom que hi vulgui participar, elaborar un llibre on s\u2019expliqui tota aquesta aventura educativa i que pugui ser un referent per a les noves fornades de mestres i de fam\u00edlies que des dels nous temps del segle XXI tamb\u00e9 lluiten per una escola p\u00fablica democr\u00e0tica, viva, participativa i innovadora, on els nens i nenes i les fam\u00edlies, comparteixin conjuntament amb els mestres, una educaci\u00f3 cr\u00edtica i vivencial.<\/p>\n<p>Tots aquells que hi vulgueu participar, podeu posar-vos en contacte amb el grup organitzador: <a href=\"mailto:grupcepepc@gmail.com\">grupcepepc@gmail.com<\/a><\/p>\n<p>Esperem retrobar-nos a la presentaci\u00f3 del llibre.<\/p>\n","protected":false},"excerpt":{"rendered":"<p>Des de l\u2019Associaci\u00f3 de mestres jubilats RELLA i amb el suport de Rosa Sensat i de la Federaci\u00f3 de Moviments de Renovaci\u00f3 Pedag\u00f2gica, un grup redu\u00eft de persones ens v\u00e0rem proposar el repte de fer una trobada d\u2019antics membres del Col\u00b7lectiu d\u2019Escoles per l\u2019Escola P\u00fablica Catalana, CEPEPC, creat l\u2019any 1978.<\/p>\n","protected":false},"author":368,"featured_media":0,"comment_status":"open","ping_status":"closed","sticky":false,"template":"","format":"standard","meta":{"footnotes":""},"categories":[2],"tags":[],"tipo":[],"class_list":{"0":"post-169","1":"post","2":"type-post","3":"status-publish","4":"format-standard","6":"category-general"},"yoast_head":"<!-- This site is optimized with the Yoast SEO plugin v27.4 - https:\/\/yoast.com\/product\/yoast-seo-wordpress\/ -->\n<title>40 anys del CEPEPC: una trobada emotiva - El Blog de Rella<\/title>\n<meta name=\"robots\" content=\"index, follow, max-snippet:-1, max-image-preview:large, max-video-preview:-1\" \/>\n<link rel=\"canonical\" href=\"https:\/\/diarieducacio.cat\/rella\/2019\/04\/10\/40-anys-del-cepepc-una-trobada-emotiva\/\" \/>\n<meta property=\"og:locale\" content=\"ca_ES\" \/>\n<meta property=\"og:type\" content=\"article\" \/>\n<meta property=\"og:title\" content=\"40 anys del CEPEPC: una trobada emotiva - El Blog de Rella\" \/>\n<meta property=\"og:description\" content=\"Des de l\u2019Associaci\u00f3 de mestres jubilats RELLA i amb el suport de Rosa Sensat i de la Federaci\u00f3 de Moviments de Renovaci\u00f3 Pedag\u00f2gica, un grup redu\u00eft de persones ens v\u00e0rem proposar el repte de fer una trobada d\u2019antics membres del Col\u00b7lectiu d\u2019Escoles per l\u2019Escola P\u00fablica Catalana, CEPEPC, creat l\u2019any 1978.\" \/>\n<meta property=\"og:url\" content=\"https:\/\/diarieducacio.cat\/rella\/2019\/04\/10\/40-anys-del-cepepc-una-trobada-emotiva\/\" \/>\n<meta property=\"og:site_name\" content=\"El Blog de Rella\" \/>\n<meta property=\"article:publisher\" content=\"https:\/\/www.facebook.com\/diarieducacio\/\" \/>\n<meta property=\"article:published_time\" content=\"2019-04-10T21:49:25+00:00\" \/>\n<meta property=\"og:image\" content=\"https:\/\/diarieducacio.cat\/rella\/wp-content\/uploads\/sites\/26\/2019\/04\/trobada-cepepc.jpg\" \/>\n\t<meta property=\"og:image:width\" content=\"1145\" \/>\n\t<meta property=\"og:image:height\" content=\"779\" \/>\n\t<meta property=\"og:image:type\" content=\"image\/jpeg\" \/>\n<meta name=\"author\" content=\"Quim L\u00e1zaro\" \/>\n<meta name=\"twitter:card\" content=\"summary_large_image\" \/>\n<meta name=\"twitter:creator\" content=\"@DiariEducacio\" \/>\n<meta name=\"twitter:site\" content=\"@DiariEducacio\" \/>\n<meta name=\"twitter:label1\" content=\"Escrit per\" \/>\n\t<meta name=\"twitter:data1\" content=\"Quim L\u00e1zaro\" \/>\n\t<meta name=\"twitter:label2\" content=\"Temps estimat de lectura\" \/>\n\t<meta name=\"twitter:data2\" content=\"3 minuts\" \/>\n<script type=\"application\/ld+json\" class=\"yoast-schema-graph\">{\"@context\":\"https:\\\/\\\/schema.org\",\"@graph\":[{\"@type\":\"Article\",\"@id\":\"https:\\\/\\\/diarieducacio.cat\\\/rella\\\/2019\\\/04\\\/10\\\/40-anys-del-cepepc-una-trobada-emotiva\\\/#article\",\"isPartOf\":{\"@id\":\"https:\\\/\\\/diarieducacio.cat\\\/rella\\\/2019\\\/04\\\/10\\\/40-anys-del-cepepc-una-trobada-emotiva\\\/\"},\"author\":{\"name\":\"Quim L\u00e1zaro\",\"@id\":\"https:\\\/\\\/diarieducacio.cat\\\/rella\\\/#\\\/schema\\\/person\\\/bf25ad766d8c6fc8751c8dbe8d5fbe6c\"},\"headline\":\"40 anys del CEPEPC: una trobada emotiva\",\"datePublished\":\"2019-04-10T21:49:25+00:00\",\"mainEntityOfPage\":{\"@id\":\"https:\\\/\\\/diarieducacio.cat\\\/rella\\\/2019\\\/04\\\/10\\\/40-anys-del-cepepc-una-trobada-emotiva\\\/\"},\"wordCount\":626,\"commentCount\":4,\"image\":{\"@id\":\"https:\\\/\\\/diarieducacio.cat\\\/rella\\\/2019\\\/04\\\/10\\\/40-anys-del-cepepc-una-trobada-emotiva\\\/#primaryimage\"},\"thumbnailUrl\":\"https:\\\/\\\/diarieducacio.cat\\\/rella\\\/wp-content\\\/uploads\\\/sites\\\/31\\\/2019\\\/04\\\/trobada-cepepc.jpg\",\"articleSection\":[\"General\"],\"inLanguage\":\"ca\",\"potentialAction\":[{\"@type\":\"CommentAction\",\"name\":\"Comment\",\"target\":[\"https:\\\/\\\/diarieducacio.cat\\\/rella\\\/2019\\\/04\\\/10\\\/40-anys-del-cepepc-una-trobada-emotiva\\\/#respond\"]}]},{\"@type\":\"WebPage\",\"@id\":\"https:\\\/\\\/diarieducacio.cat\\\/rella\\\/2019\\\/04\\\/10\\\/40-anys-del-cepepc-una-trobada-emotiva\\\/\",\"url\":\"https:\\\/\\\/diarieducacio.cat\\\/rella\\\/2019\\\/04\\\/10\\\/40-anys-del-cepepc-una-trobada-emotiva\\\/\",\"name\":\"40 anys del CEPEPC: una trobada emotiva - El Blog de Rella\",\"isPartOf\":{\"@id\":\"https:\\\/\\\/diarieducacio.cat\\\/rella\\\/#website\"},\"primaryImageOfPage\":{\"@id\":\"https:\\\/\\\/diarieducacio.cat\\\/rella\\\/2019\\\/04\\\/10\\\/40-anys-del-cepepc-una-trobada-emotiva\\\/#primaryimage\"},\"image\":{\"@id\":\"https:\\\/\\\/diarieducacio.cat\\\/rella\\\/2019\\\/04\\\/10\\\/40-anys-del-cepepc-una-trobada-emotiva\\\/#primaryimage\"},\"thumbnailUrl\":\"https:\\\/\\\/diarieducacio.cat\\\/rella\\\/wp-content\\\/uploads\\\/sites\\\/31\\\/2019\\\/04\\\/trobada-cepepc.jpg\",\"datePublished\":\"2019-04-10T21:49:25+00:00\",\"author\":{\"@id\":\"https:\\\/\\\/diarieducacio.cat\\\/rella\\\/#\\\/schema\\\/person\\\/bf25ad766d8c6fc8751c8dbe8d5fbe6c\"},\"breadcrumb\":{\"@id\":\"https:\\\/\\\/diarieducacio.cat\\\/rella\\\/2019\\\/04\\\/10\\\/40-anys-del-cepepc-una-trobada-emotiva\\\/#breadcrumb\"},\"inLanguage\":\"ca\",\"potentialAction\":[{\"@type\":\"ReadAction\",\"target\":[\"https:\\\/\\\/diarieducacio.cat\\\/rella\\\/2019\\\/04\\\/10\\\/40-anys-del-cepepc-una-trobada-emotiva\\\/\"]}]},{\"@type\":\"ImageObject\",\"inLanguage\":\"ca\",\"@id\":\"https:\\\/\\\/diarieducacio.cat\\\/rella\\\/2019\\\/04\\\/10\\\/40-anys-del-cepepc-una-trobada-emotiva\\\/#primaryimage\",\"url\":\"https:\\\/\\\/diarieducacio.cat\\\/rella\\\/wp-content\\\/uploads\\\/sites\\\/26\\\/2019\\\/04\\\/trobada-cepepc.jpg\",\"contentUrl\":\"https:\\\/\\\/diarieducacio.cat\\\/rella\\\/wp-content\\\/uploads\\\/sites\\\/26\\\/2019\\\/04\\\/trobada-cepepc.jpg\",\"width\":1145,\"height\":779,\"caption\":\"Trobada del CEPEPC a la seu de Rosa Sensat\"},{\"@type\":\"BreadcrumbList\",\"@id\":\"https:\\\/\\\/diarieducacio.cat\\\/rella\\\/2019\\\/04\\\/10\\\/40-anys-del-cepepc-una-trobada-emotiva\\\/#breadcrumb\",\"itemListElement\":[{\"@type\":\"ListItem\",\"position\":1,\"name\":\"Inici\",\"item\":\"https:\\\/\\\/diarieducacio.cat\\\/rella\\\/\"},{\"@type\":\"ListItem\",\"position\":2,\"name\":\"40 anys del CEPEPC: una trobada emotiva\"}]},{\"@type\":\"WebSite\",\"@id\":\"https:\\\/\\\/diarieducacio.cat\\\/rella\\\/#website\",\"url\":\"https:\\\/\\\/diarieducacio.cat\\\/rella\\\/\",\"name\":\"El Blog de Rella\",\"description\":\"Un blog de El Diari de l&#039;Educaci\u00f3\",\"potentialAction\":[{\"@type\":\"SearchAction\",\"target\":{\"@type\":\"EntryPoint\",\"urlTemplate\":\"https:\\\/\\\/diarieducacio.cat\\\/rella\\\/?s={search_term_string}\"},\"query-input\":{\"@type\":\"PropertyValueSpecification\",\"valueRequired\":true,\"valueName\":\"search_term_string\"}}],\"inLanguage\":\"ca\"},{\"@type\":\"Person\",\"@id\":\"https:\\\/\\\/diarieducacio.cat\\\/rella\\\/#\\\/schema\\\/person\\\/bf25ad766d8c6fc8751c8dbe8d5fbe6c\",\"name\":\"Quim L\u00e1zaro\",\"image\":{\"@type\":\"ImageObject\",\"inLanguage\":\"ca\",\"@id\":\"https:\\\/\\\/diarieducacio.cat\\\/wp-content\\\/uploads\\\/2024\\\/11\\\/quim-lazaro_avatar-96x96.jpg\",\"url\":\"https:\\\/\\\/diarieducacio.cat\\\/wp-content\\\/uploads\\\/2024\\\/11\\\/quim-lazaro_avatar-96x96.jpg\",\"contentUrl\":\"https:\\\/\\\/diarieducacio.cat\\\/wp-content\\\/uploads\\\/2024\\\/11\\\/quim-lazaro_avatar-96x96.jpg\",\"caption\":\"Quim L\u00e1zaro\"},\"description\":\"Grup Educaci\u00f3 de RELLA\",\"url\":\"https:\\\/\\\/diarieducacio.cat\\\/rella\\\/author\\\/qlazaro\\\/\"}]}<\/script>\n<!-- \/ Yoast SEO plugin. -->","yoast_head_json":{"title":"40 anys del CEPEPC: una trobada emotiva - El Blog de Rella","robots":{"index":"index","follow":"follow","max-snippet":"max-snippet:-1","max-image-preview":"max-image-preview:large","max-video-preview":"max-video-preview:-1"},"canonical":"https:\/\/diarieducacio.cat\/rella\/2019\/04\/10\/40-anys-del-cepepc-una-trobada-emotiva\/","og_locale":"ca_ES","og_type":"article","og_title":"40 anys del CEPEPC: una trobada emotiva - El Blog de Rella","og_description":"Des de l\u2019Associaci\u00f3 de mestres jubilats RELLA i amb el suport de Rosa Sensat i de la Federaci\u00f3 de Moviments de Renovaci\u00f3 Pedag\u00f2gica, un grup redu\u00eft de persones ens v\u00e0rem proposar el repte de fer una trobada d\u2019antics membres del Col\u00b7lectiu d\u2019Escoles per l\u2019Escola P\u00fablica Catalana, CEPEPC, creat l\u2019any 1978.","og_url":"https:\/\/diarieducacio.cat\/rella\/2019\/04\/10\/40-anys-del-cepepc-una-trobada-emotiva\/","og_site_name":"El Blog de Rella","article_publisher":"https:\/\/www.facebook.com\/diarieducacio\/","article_published_time":"2019-04-10T21:49:25+00:00","og_image":[{"width":1145,"height":779,"url":"https:\/\/diarieducacio.cat\/rella\/wp-content\/uploads\/sites\/26\/2019\/04\/trobada-cepepc.jpg","type":"image\/jpeg"}],"author":"Quim L\u00e1zaro","twitter_card":"summary_large_image","twitter_creator":"@DiariEducacio","twitter_site":"@DiariEducacio","twitter_misc":{"Escrit per":"Quim L\u00e1zaro","Temps estimat de lectura":"3 minuts"},"schema":{"@context":"https:\/\/schema.org","@graph":[{"@type":"Article","@id":"https:\/\/diarieducacio.cat\/rella\/2019\/04\/10\/40-anys-del-cepepc-una-trobada-emotiva\/#article","isPartOf":{"@id":"https:\/\/diarieducacio.cat\/rella\/2019\/04\/10\/40-anys-del-cepepc-una-trobada-emotiva\/"},"author":{"name":"Quim L\u00e1zaro","@id":"https:\/\/diarieducacio.cat\/rella\/#\/schema\/person\/bf25ad766d8c6fc8751c8dbe8d5fbe6c"},"headline":"40 anys del CEPEPC: una trobada emotiva","datePublished":"2019-04-10T21:49:25+00:00","mainEntityOfPage":{"@id":"https:\/\/diarieducacio.cat\/rella\/2019\/04\/10\/40-anys-del-cepepc-una-trobada-emotiva\/"},"wordCount":626,"commentCount":4,"image":{"@id":"https:\/\/diarieducacio.cat\/rella\/2019\/04\/10\/40-anys-del-cepepc-una-trobada-emotiva\/#primaryimage"},"thumbnailUrl":"https:\/\/diarieducacio.cat\/rella\/wp-content\/uploads\/sites\/31\/2019\/04\/trobada-cepepc.jpg","articleSection":["General"],"inLanguage":"ca","potentialAction":[{"@type":"CommentAction","name":"Comment","target":["https:\/\/diarieducacio.cat\/rella\/2019\/04\/10\/40-anys-del-cepepc-una-trobada-emotiva\/#respond"]}]},{"@type":"WebPage","@id":"https:\/\/diarieducacio.cat\/rella\/2019\/04\/10\/40-anys-del-cepepc-una-trobada-emotiva\/","url":"https:\/\/diarieducacio.cat\/rella\/2019\/04\/10\/40-anys-del-cepepc-una-trobada-emotiva\/","name":"40 anys del CEPEPC: una trobada emotiva - El Blog de Rella","isPartOf":{"@id":"https:\/\/diarieducacio.cat\/rella\/#website"},"primaryImageOfPage":{"@id":"https:\/\/diarieducacio.cat\/rella\/2019\/04\/10\/40-anys-del-cepepc-una-trobada-emotiva\/#primaryimage"},"image":{"@id":"https:\/\/diarieducacio.cat\/rella\/2019\/04\/10\/40-anys-del-cepepc-una-trobada-emotiva\/#primaryimage"},"thumbnailUrl":"https:\/\/diarieducacio.cat\/rella\/wp-content\/uploads\/sites\/31\/2019\/04\/trobada-cepepc.jpg","datePublished":"2019-04-10T21:49:25+00:00","author":{"@id":"https:\/\/diarieducacio.cat\/rella\/#\/schema\/person\/bf25ad766d8c6fc8751c8dbe8d5fbe6c"},"breadcrumb":{"@id":"https:\/\/diarieducacio.cat\/rella\/2019\/04\/10\/40-anys-del-cepepc-una-trobada-emotiva\/#breadcrumb"},"inLanguage":"ca","potentialAction":[{"@type":"ReadAction","target":["https:\/\/diarieducacio.cat\/rella\/2019\/04\/10\/40-anys-del-cepepc-una-trobada-emotiva\/"]}]},{"@type":"ImageObject","inLanguage":"ca","@id":"https:\/\/diarieducacio.cat\/rella\/2019\/04\/10\/40-anys-del-cepepc-una-trobada-emotiva\/#primaryimage","url":"https:\/\/diarieducacio.cat\/rella\/wp-content\/uploads\/sites\/26\/2019\/04\/trobada-cepepc.jpg","contentUrl":"https:\/\/diarieducacio.cat\/rella\/wp-content\/uploads\/sites\/26\/2019\/04\/trobada-cepepc.jpg","width":1145,"height":779,"caption":"Trobada del CEPEPC a la seu de Rosa Sensat"},{"@type":"BreadcrumbList","@id":"https:\/\/diarieducacio.cat\/rella\/2019\/04\/10\/40-anys-del-cepepc-una-trobada-emotiva\/#breadcrumb","itemListElement":[{"@type":"ListItem","position":1,"name":"Inici","item":"https:\/\/diarieducacio.cat\/rella\/"},{"@type":"ListItem","position":2,"name":"40 anys del CEPEPC: una trobada emotiva"}]},{"@type":"WebSite","@id":"https:\/\/diarieducacio.cat\/rella\/#website","url":"https:\/\/diarieducacio.cat\/rella\/","name":"El Blog de Rella","description":"Un blog de El Diari de l&#039;Educaci\u00f3","potentialAction":[{"@type":"SearchAction","target":{"@type":"EntryPoint","urlTemplate":"https:\/\/diarieducacio.cat\/rella\/?s={search_term_string}"},"query-input":{"@type":"PropertyValueSpecification","valueRequired":true,"valueName":"search_term_string"}}],"inLanguage":"ca"},{"@type":"Person","@id":"https:\/\/diarieducacio.cat\/rella\/#\/schema\/person\/bf25ad766d8c6fc8751c8dbe8d5fbe6c","name":"Quim L\u00e1zaro","image":{"@type":"ImageObject","inLanguage":"ca","@id":"https:\/\/diarieducacio.cat\/wp-content\/uploads\/2024\/11\/quim-lazaro_avatar-96x96.jpg","url":"https:\/\/diarieducacio.cat\/wp-content\/uploads\/2024\/11\/quim-lazaro_avatar-96x96.jpg","contentUrl":"https:\/\/diarieducacio.cat\/wp-content\/uploads\/2024\/11\/quim-lazaro_avatar-96x96.jpg","caption":"Quim L\u00e1zaro"},"description":"Grup Educaci\u00f3 de RELLA","url":"https:\/\/diarieducacio.cat\/rella\/author\/qlazaro\/"}]}},"_links":{"self":[{"href":"https:\/\/diarieducacio.cat\/rella\/wp-json\/wp\/v2\/posts\/169","targetHints":{"allow":["GET"]}}],"collection":[{"href":"https:\/\/diarieducacio.cat\/rella\/wp-json\/wp\/v2\/posts"}],"about":[{"href":"https:\/\/diarieducacio.cat\/rella\/wp-json\/wp\/v2\/types\/post"}],"author":[{"embeddable":true,"href":"https:\/\/diarieducacio.cat\/rella\/wp-json\/wp\/v2\/users\/368"}],"replies":[{"embeddable":true,"href":"https:\/\/diarieducacio.cat\/rella\/wp-json\/wp\/v2\/comments?post=169"}],"version-history":[{"count":0,"href":"https:\/\/diarieducacio.cat\/rella\/wp-json\/wp\/v2\/posts\/169\/revisions"}],"wp:attachment":[{"href":"https:\/\/diarieducacio.cat\/rella\/wp-json\/wp\/v2\/media?parent=169"}],"wp:term":[{"taxonomy":"category","embeddable":true,"href":"https:\/\/diarieducacio.cat\/rella\/wp-json\/wp\/v2\/categories?post=169"},{"taxonomy":"post_tag","embeddable":true,"href":"https:\/\/diarieducacio.cat\/rella\/wp-json\/wp\/v2\/tags?post=169"},{"taxonomy":"tipo","embeddable":true,"href":"https:\/\/diarieducacio.cat\/rella\/wp-json\/wp\/v2\/tipo?post=169"}],"curies":[{"name":"wp","href":"https:\/\/api.w.org\/{rel}","templated":true}]}}