{"id":1975,"date":"2019-11-26T00:52:38","date_gmt":"2019-11-25T22:52:38","guid":{"rendered":"https:\/\/diarieducacio.cat\/rella\/?p=204"},"modified":"2019-11-26T00:52:38","modified_gmt":"2019-11-25T22:52:38","slug":"compartint-experiencia-i-experiencies-amb-les-mares-de-wad-ras","status":"publish","type":"post","link":"https:\/\/diarieducacio.cat\/rella\/2019\/11\/26\/compartint-experiencia-i-experiencies-amb-les-mares-de-wad-ras\/","title":{"rendered":"Compartint experi\u00e8ncia i experi\u00e8ncies amb les mares de Wad-Ras"},"content":{"rendered":"<p>Wad-Ras \u00e9s un centre per a dones en situaci\u00f3 preventiva, amb capacitat per unes 150 internes. Tamb\u00e9 hi trobem una Secci\u00f3 Oberta per homes i dones en tercer grau que, generalment, hi fan pernoctes, amb unes 450 places. Aquest centre penitenciari t\u00e9 la particularitat de ser l\u2019\u00fanic de Catalunya amb un departament de mares, en el qual poden conviure amb els seus fills i filles fins als tres anys. El fet que sigui l\u2019\u00fanic de Catalunya fa que hi trobem dones en situaci\u00f3 preventiva per\u00f2 tamb\u00e9 penades. S\u2019accedeix a aquest departament quan es t\u00e9 un fill o filla estant a pres\u00f3 o quan, a l\u2019ingressar una mare, sol\u00b7licita l\u2019entrada del menor. En tots els casos es valora la idone\u00eftat de l\u2019estada al departament, pensant sempre en el millor per l\u2019infant.<\/p>\n<p>Es parteix de la base que, com nombrosos llibres, estudis, articles i professionals de la inf\u00e0ncia recalquen, en aquesta etapa evolutiva \u00e9s fonamental l\u2019establiment de vincles afectius segurs i estables per al desenvolupament psicol\u00f2gic i de la personalitat de l\u2019infant. Per aix\u00f2, sempre que es pugui i segons les circumst\u00e0ncies de cada cas, es valora com a positiu que els nens i nenes visquin amb les seves mares encara que sigui en la condici\u00f3 de preses.<\/p>\n<p>En el departament de mares tot va enfocat a un desenvolupament \u00f2ptim dels infants i \u00e9s per aix\u00f2 que trobem espais acollidors amb colors i dibuixos a les parets, horaris adequats a la primera inf\u00e0ncia i una organitzaci\u00f3 adaptada per cobrir les necessitats dels nens i nenes i les seves mares, aix\u00ed com tamb\u00e9 es vetlla per una bona conviv\u00e8ncia entre tots i totes.<\/p>\n<p>Hi ha onze habitacions, per una mare o dues amb els seus fills o filles, segons el n\u00famero que hi hagi en cada moment, i espais comuns com la sala de jocs, la sala de mares, el menjador amb trones pels petits\/es, un espai amb lavabos, dutxes i una banyera i un pati amb mobiliari infantil, on a l\u2019estiu s\u2019hi posa una piscina. Es d\u00f3na molta import\u00e0ncia a la higiene i a la seguretat de tots els espais.<\/p>\n<p>Pel que fa al funcionament del departament s\u2019interv\u00e9 amb les mares treballant aspectes per la reinserci\u00f3 en la societat com la formaci\u00f3, h\u00e0bits laborals i de vida, programes espec\u00edfics de tractament, entre altres, i que s\u00f3n els mateixos que es treballen amb la resta d\u2019internes del centre. Aix\u00f2 ho fan quan els seus fills i filles estan a la llar d\u2019infants o fora del centre, participant en totes les activitats planificades en el seu Programa individual de tractament. Igualment, amb les mares tamb\u00e9 es tracten aspectes relacionats amb la maternitat i la crian\u00e7a dels infants, realitzant activitats, tallers i formacions espec\u00edfiques per aix\u00f2. Per exemple, actualment realitzem un taller, <em>Escola de mares: acompanyament familiar i orientaci\u00f3 educativa<\/em>, ofert per la Creu Roja.<\/p>\n<p>Pel qu\u00e8 fa als infants, l\u2019organitzaci\u00f3 del dia a dia va dirigida a promoure un bon desenvolupament en tots els \u00e0mbits: educatiu, afectiu, psicol\u00f2gic, social, f\u00edsic&#8230; adequat sempre a la seva edat.<\/p>\n<p>Els quatre primers mesos, considerats de perm\u00eds de maternitat, resten amb les seves mares al departament, per\u00edode que es pot allargar als 6 mesos si fan lact\u00e0ncia materna exclusiva. Despr\u00e9s, en funci\u00f3 de l\u2019edat i del nombre de nens i nenes que hi hagi, uns quants van a la llar d\u2019infants del centre unes hores, tornant a l\u2019hora de dinar amb les seves mares.<\/p>\n<p>Des de ja fa uns anys, 7 dels infants, que s\u2019intenta que siguin els de m\u00e9s edat, assisteixen a l\u2019Escola Bressol Municipal Cobi, de 9 a 17 hores, acompanyats per un referent i voluntaris i volunt\u00e0ries de la Creu Roja, aix\u00ed com de l\u2019educadora de mares, que \u00e9s el vincle diari entre la llar i les mares.<\/p>\n<p>De la col\u00b7laboraci\u00f3 amb l\u2019escola Cobi \u00a0en va sorgir el <em>Projecte de col\u00b7laboraci\u00f3 entre l\u2019EBM Cobi i el Centre Penitenciari de Dones de Barcelona,<\/em> distingit recentment pels II Premis d&#8217;Innovaci\u00f3 Pedag\u00f2gica de la Ciutat de Barcelona, reconeixent-ne el valor inclusiu i normalitzador. Aquesta col\u00b7laboraci\u00f3, iniciada el curs 2011-2012, parteix de poder compartir amb les mares dels infants del centre penitenciari la cura i atenci\u00f3 dels seus fills i filles i acompanyar-los en el seu proc\u00e9s de desenvolupament i aprenentatge de manera harm\u00f2nica i el m\u00e9s normalitzada possible.<\/p>\n<p>Un altre aspecte fonamental en la vida dels infants relacionat amb la seva socialitzaci\u00f3 s\u00f3n les sortides a l\u2019exterior.<\/p>\n<p>Quan la situaci\u00f3 penitenciaria de la mare ho permet, pot sortir amb els seu fill o filla, ja sigui amb el gaudiment de permisos; amb sortides programades, acompanyades de professionals, en les quals s\u2019acostumen a fer activitats com anar al zoo, a la platja, veure algun espectacle, visitar granges-escola o dinars de p\u00edcnic a algun parc de la ciutat. O, en la modalitat de 100.2 RP, per exemple, disposant d\u2019unes hores cada tarda per anar a buscar als seus fills o filles a la llar d\u2019infants i podent gaudir d\u2019una estona al parc amb ells o elles.<\/p>\n<p><img fetchpriority=\"high\" decoding=\"async\" class=\"alignnone wp-image-207 size-full\" src=\"https:\/\/diarieducacio.cat\/rella\/wp-content\/uploads\/sites\/31\/2019\/11\/IMG_9662-scaled.jpg\" alt=\"\" width=\"2560\" height=\"1704\" \/><\/p>\n<p>Quan no \u00e9s possible que les mares surtin, les sortides a l\u2019exterior dels infants es realitzaran amb familiars o amistats properes, pr\u00e8viament validades com a id\u00f2nies. En el cas de mares sense cap vinculaci\u00f3 a l\u2019exterior, a trav\u00e9s del Servei de Fam\u00edlies Col\u00b7laboradores de l\u2019Ajuntament de Barcelona es busca una fam\u00edlia que es pugui fer c\u00e0rrec de l\u2019infant els caps de setmana i per\u00edodes de vacances.<\/p>\n<p>Per altra banda, a les tardes, moment en qu\u00e8 quasi totes les mares es troben al departament amb els seus fills i filles, s\u2019organitzen diferents activitats, generalment l\u00fadiques, amb l\u2019objectiu de refor\u00e7ar la relaci\u00f3 materno-filial. Activitats com contacontes, \u00a0oferta des de la Xarxa de Biblioteques Municipals, o com a <em>Primeres passes<\/em>; de joc lliure, a c\u00e0rrec de l\u2019entitat Tata Inti; ter\u00e0pia amb rucs, des de l\u2019Associaci\u00f3 Unicorn; activitats de m\u00fasica; i celebracions d\u2019aniversaris i festes populars, entre d\u2019altres.<\/p>\n<p>\u00c9s en aquest espai on el mes d\u2019octubre hem iniciat un projecte amb el voluntariat de <strong>l\u2019Associaci\u00f3 RELLA de mestres i professorat jubilats<\/strong>, amb l\u2019objectiu de donar suport a la important tasca educativa i afectiva de les mares i per la millora en la crian\u00e7a dels seus fills i filles.<\/p>\n<p>Aquest projecte neix de la voluntat d\u2019atendre les necessitats socioeducatives dels nens i nenes que viuen al departament i a les seves mares, dins d\u2019un model participatiu i integral de treball, promovent noves formes de suport familiar en relaci\u00f3 a la cura i l\u2019educaci\u00f3 dels infants. El projecte \u00e9s b\u00e0sicament <em>pr\u00e0ctic<\/em>, parteix de l\u2019observaci\u00f3 de les relacions mare\/fill, del joc espontani, compartint\u00a0 moments de lleure i espais de conviv\u00e8ncia.<\/p>\n<p>\u00c9s per aix\u00f2 que creiem que pot ser molt positiva la pres\u00e8ncia de persones especialitzades en l\u2019educaci\u00f3 d\u2019infants, volunt\u00e0ries de l\u2019Associaci\u00f3 RELLA de mestres i professors\/es jubilats, en una franja hor\u00e0ria que permet treballar aspectes com el joc, les relacions amb iguals i amb les mares, els l\u00edmits, l\u2019adquisici\u00f3 d\u2019h\u00e0bits i d\u2019autonomia dels infants, entre altres.<\/p>\n<p>Els objectius b\u00e0sics d\u2019aquest projecte s\u00f3n, per tant, incidir en la millora de la qualitat de vida dels nens i nenes i de les mares; donar suport a les primeres relacions que estableixen els infants amb els adults que els cuiden, en el mateix entorn, per tal de refor\u00e7ar uns vincles afectius mare-fill\/a sans; con\u00e8ixer i observar els models de relaci\u00f3 mare\/fill i oferir assessorament per millorar-los en cas necessari (respectant sempre la diversitat d\u2019estils de crian\u00e7a i models culturals). En definitiva, donar eines i suport a les mares en all\u00f2 referent als dubtes i als temors que puguin sorgir pel que fa a l\u2019educaci\u00f3 dels seus fills; donant tamb\u00e9 confian\u00e7a i apoderant-les en la seva tasca educativa.<\/p>\n<p>Es tracta de compartir dubtes, maneres de fer, coneixements, angoixes i viv\u00e8ncies i poder rebre el suport de persones amb molts anys d\u2019experi\u00e8ncia en l\u2019educaci\u00f3 dels m\u00e9s petits i petites.<\/p>\n<p>Aix\u00f2 \u00e9s possible partint de l\u2019establiment d\u2019una relaci\u00f3 de confian\u00e7a entre les mares i les volunt\u00e0ries de RELLA, la qual cosa permet anar acceptant, per part de les primeres, assessoraments i m\u00e8todes de crian\u00e7a adequats que parteixen de l\u2019experi\u00e8ncia de les volunt\u00e0ries amb la primera inf\u00e0ncia.<\/p>\n<p>Paral\u00b7lelament, hem establert una coordinaci\u00f3 estreta entre les volunt\u00e0ries de RELLA, la persona responsable dels tallers de la Creu Roja <em>Escola de mares<\/em>, on es treballen de manera m\u00e9s te\u00f2rica habilitats i compet\u00e8ncies de crian\u00e7a, i l\u2019educadora del departament de mares. Creiem que s\u00f3n dos projectes que es complementen molt b\u00e9, unint un vessant m\u00e9s te\u00f2ric amb un m\u00e9s pr\u00e0ctic i del dia a dia.<\/p>\n<p>Tot i que ens trobem en una fase molt inicial de la implementaci\u00f3 d\u2019aquests projectes, de moment el <em>feedback<\/em> de totes les parts implicades \u00e9s molt positiu. Per\u00f2, sobretot, que les diferents parts gaudeixin del proc\u00e9s ja \u00e9s el millor indicador que anem pel bon cam\u00ed i que seran uns projectes exitosos.<\/p>\n<p>Volem agrair a tothom la seva col\u00b7laboraci\u00f3 perqu\u00e8 la vida dels nens i nenes de Wad-Ras i les seves mares sigui m\u00e9s bonica!<\/p>\n","protected":false},"excerpt":{"rendered":"<p>El Centre Penitenciari de Dones de Barcelona, m\u00e9s conegut com a Wad-Ras, \u00e9s l\u2019\u00faltima pres\u00f3 que queda a la ciutat. L\u2019associaci\u00f3 RELLA ha iniciat un projecte de voluntariat per ajudar a atendre les necessitats socioeducatives dels nens i nenes que viuen al departament de mares.<\/p>\n","protected":false},"author":370,"featured_media":206,"comment_status":"open","ping_status":"closed","sticky":false,"template":"","format":"standard","meta":{"footnotes":""},"categories":[2],"tags":[],"tipo":[],"class_list":{"0":"post-1975","1":"post","2":"type-post","3":"status-publish","4":"format-standard","5":"has-post-thumbnail","7":"category-general"},"yoast_head":"<!-- This site is optimized with the Yoast SEO plugin v27.4 - https:\/\/yoast.com\/product\/yoast-seo-wordpress\/ -->\n<title>Compartint experi\u00e8ncia i experi\u00e8ncies amb les mares de Wad-Ras - El Blog de Rella<\/title>\n<meta name=\"robots\" content=\"index, follow, max-snippet:-1, max-image-preview:large, max-video-preview:-1\" \/>\n<link rel=\"canonical\" href=\"https:\/\/diarieducacio.cat\/rella\/2019\/11\/26\/compartint-experiencia-i-experiencies-amb-les-mares-de-wad-ras\/\" \/>\n<meta property=\"og:locale\" content=\"ca_ES\" \/>\n<meta property=\"og:type\" content=\"article\" \/>\n<meta property=\"og:title\" content=\"Compartint experi\u00e8ncia i experi\u00e8ncies amb les mares de Wad-Ras - El Blog de Rella\" \/>\n<meta property=\"og:description\" content=\"El Centre Penitenciari de Dones de Barcelona, m\u00e9s conegut com a Wad-Ras, \u00e9s l\u2019\u00faltima pres\u00f3 que queda a la ciutat. L\u2019associaci\u00f3 RELLA ha iniciat un projecte de voluntariat per ajudar a atendre les necessitats socioeducatives dels nens i nenes que viuen al departament de mares.\" \/>\n<meta property=\"og:url\" content=\"https:\/\/diarieducacio.cat\/rella\/2019\/11\/26\/compartint-experiencia-i-experiencies-amb-les-mares-de-wad-ras\/\" \/>\n<meta property=\"og:site_name\" content=\"El Blog de Rella\" \/>\n<meta property=\"article:publisher\" content=\"https:\/\/www.facebook.com\/diarieducacio\/\" \/>\n<meta property=\"article:published_time\" content=\"2019-11-25T22:52:38+00:00\" \/>\n<meta property=\"og:image\" content=\"https:\/\/diarieducacio.cat\/rella\/wp-content\/uploads\/sites\/26\/2019\/11\/IMG_0961-scaled-1.jpg\" \/>\n\t<meta property=\"og:image:width\" content=\"2560\" \/>\n\t<meta property=\"og:image:height\" content=\"1704\" \/>\n\t<meta property=\"og:image:type\" content=\"image\/jpeg\" \/>\n<meta name=\"author\" content=\"Anna Pijuan\" \/>\n<meta name=\"twitter:card\" content=\"summary_large_image\" \/>\n<meta name=\"twitter:creator\" content=\"@DiariEducacio\" \/>\n<meta name=\"twitter:site\" content=\"@DiariEducacio\" \/>\n<meta name=\"twitter:label1\" content=\"Escrit per\" \/>\n\t<meta name=\"twitter:data1\" content=\"Anna Pijuan\" \/>\n\t<meta name=\"twitter:label2\" content=\"Temps estimat de lectura\" \/>\n\t<meta name=\"twitter:data2\" content=\"8 minuts\" \/>\n<script type=\"application\/ld+json\" class=\"yoast-schema-graph\">{\"@context\":\"https:\\\/\\\/schema.org\",\"@graph\":[{\"@type\":\"Article\",\"@id\":\"https:\\\/\\\/diarieducacio.cat\\\/rella\\\/2019\\\/11\\\/26\\\/compartint-experiencia-i-experiencies-amb-les-mares-de-wad-ras\\\/#article\",\"isPartOf\":{\"@id\":\"https:\\\/\\\/diarieducacio.cat\\\/rella\\\/2019\\\/11\\\/26\\\/compartint-experiencia-i-experiencies-amb-les-mares-de-wad-ras\\\/\"},\"author\":{\"name\":\"Anna Pijuan\",\"@id\":\"https:\\\/\\\/diarieducacio.cat\\\/rella\\\/#\\\/schema\\\/person\\\/da147fca347736d51d5c5b1bc5a30b09\"},\"headline\":\"Compartint experi\u00e8ncia i experi\u00e8ncies amb les mares de Wad-Ras\",\"datePublished\":\"2019-11-25T22:52:38+00:00\",\"mainEntityOfPage\":{\"@id\":\"https:\\\/\\\/diarieducacio.cat\\\/rella\\\/2019\\\/11\\\/26\\\/compartint-experiencia-i-experiencies-amb-les-mares-de-wad-ras\\\/\"},\"wordCount\":1634,\"commentCount\":2,\"image\":{\"@id\":\"https:\\\/\\\/diarieducacio.cat\\\/rella\\\/2019\\\/11\\\/26\\\/compartint-experiencia-i-experiencies-amb-les-mares-de-wad-ras\\\/#primaryimage\"},\"thumbnailUrl\":\"https:\\\/\\\/diarieducacio.cat\\\/rella\\\/wp-content\\\/uploads\\\/sites\\\/26\\\/2019\\\/11\\\/IMG_0961-scaled-1.jpg\",\"articleSection\":[\"General\"],\"inLanguage\":\"ca\",\"potentialAction\":[{\"@type\":\"CommentAction\",\"name\":\"Comment\",\"target\":[\"https:\\\/\\\/diarieducacio.cat\\\/rella\\\/2019\\\/11\\\/26\\\/compartint-experiencia-i-experiencies-amb-les-mares-de-wad-ras\\\/#respond\"]}]},{\"@type\":\"WebPage\",\"@id\":\"https:\\\/\\\/diarieducacio.cat\\\/rella\\\/2019\\\/11\\\/26\\\/compartint-experiencia-i-experiencies-amb-les-mares-de-wad-ras\\\/\",\"url\":\"https:\\\/\\\/diarieducacio.cat\\\/rella\\\/2019\\\/11\\\/26\\\/compartint-experiencia-i-experiencies-amb-les-mares-de-wad-ras\\\/\",\"name\":\"Compartint experi\u00e8ncia i experi\u00e8ncies amb les mares de Wad-Ras - El Blog de Rella\",\"isPartOf\":{\"@id\":\"https:\\\/\\\/diarieducacio.cat\\\/rella\\\/#website\"},\"primaryImageOfPage\":{\"@id\":\"https:\\\/\\\/diarieducacio.cat\\\/rella\\\/2019\\\/11\\\/26\\\/compartint-experiencia-i-experiencies-amb-les-mares-de-wad-ras\\\/#primaryimage\"},\"image\":{\"@id\":\"https:\\\/\\\/diarieducacio.cat\\\/rella\\\/2019\\\/11\\\/26\\\/compartint-experiencia-i-experiencies-amb-les-mares-de-wad-ras\\\/#primaryimage\"},\"thumbnailUrl\":\"https:\\\/\\\/diarieducacio.cat\\\/rella\\\/wp-content\\\/uploads\\\/sites\\\/26\\\/2019\\\/11\\\/IMG_0961-scaled-1.jpg\",\"datePublished\":\"2019-11-25T22:52:38+00:00\",\"author\":{\"@id\":\"https:\\\/\\\/diarieducacio.cat\\\/rella\\\/#\\\/schema\\\/person\\\/da147fca347736d51d5c5b1bc5a30b09\"},\"breadcrumb\":{\"@id\":\"https:\\\/\\\/diarieducacio.cat\\\/rella\\\/2019\\\/11\\\/26\\\/compartint-experiencia-i-experiencies-amb-les-mares-de-wad-ras\\\/#breadcrumb\"},\"inLanguage\":\"ca\",\"potentialAction\":[{\"@type\":\"ReadAction\",\"target\":[\"https:\\\/\\\/diarieducacio.cat\\\/rella\\\/2019\\\/11\\\/26\\\/compartint-experiencia-i-experiencies-amb-les-mares-de-wad-ras\\\/\"]}]},{\"@type\":\"ImageObject\",\"inLanguage\":\"ca\",\"@id\":\"https:\\\/\\\/diarieducacio.cat\\\/rella\\\/2019\\\/11\\\/26\\\/compartint-experiencia-i-experiencies-amb-les-mares-de-wad-ras\\\/#primaryimage\",\"url\":\"https:\\\/\\\/diarieducacio.cat\\\/rella\\\/wp-content\\\/uploads\\\/sites\\\/26\\\/2019\\\/11\\\/IMG_0961-scaled-1.jpg\",\"contentUrl\":\"https:\\\/\\\/diarieducacio.cat\\\/rella\\\/wp-content\\\/uploads\\\/sites\\\/26\\\/2019\\\/11\\\/IMG_0961-scaled-1.jpg\",\"width\":2560,\"height\":1704,\"caption\":\"Infants del Departament de Mares de Wad-Ras\"},{\"@type\":\"BreadcrumbList\",\"@id\":\"https:\\\/\\\/diarieducacio.cat\\\/rella\\\/2019\\\/11\\\/26\\\/compartint-experiencia-i-experiencies-amb-les-mares-de-wad-ras\\\/#breadcrumb\",\"itemListElement\":[{\"@type\":\"ListItem\",\"position\":1,\"name\":\"Inici\",\"item\":\"https:\\\/\\\/diarieducacio.cat\\\/rella\\\/\"},{\"@type\":\"ListItem\",\"position\":2,\"name\":\"Compartint experi\u00e8ncia i experi\u00e8ncies amb les mares de Wad-Ras\"}]},{\"@type\":\"WebSite\",\"@id\":\"https:\\\/\\\/diarieducacio.cat\\\/rella\\\/#website\",\"url\":\"https:\\\/\\\/diarieducacio.cat\\\/rella\\\/\",\"name\":\"El Blog de Rella\",\"description\":\"Un blog de El Diari de l&#039;Educaci\u00f3\",\"potentialAction\":[{\"@type\":\"SearchAction\",\"target\":{\"@type\":\"EntryPoint\",\"urlTemplate\":\"https:\\\/\\\/diarieducacio.cat\\\/rella\\\/?s={search_term_string}\"},\"query-input\":{\"@type\":\"PropertyValueSpecification\",\"valueRequired\":true,\"valueName\":\"search_term_string\"}}],\"inLanguage\":\"ca\"},{\"@type\":\"Person\",\"@id\":\"https:\\\/\\\/diarieducacio.cat\\\/rella\\\/#\\\/schema\\\/person\\\/da147fca347736d51d5c5b1bc5a30b09\",\"name\":\"Anna Pijuan\",\"image\":{\"@type\":\"ImageObject\",\"inLanguage\":\"ca\",\"@id\":\"https:\\\/\\\/secure.gravatar.com\\\/avatar\\\/3f3e5bb4ab462fe9f2488beb3948ed58988d0be5187b6dd0cd176f6536ddb97a?s=96&d=mm&r=g\",\"url\":\"https:\\\/\\\/secure.gravatar.com\\\/avatar\\\/3f3e5bb4ab462fe9f2488beb3948ed58988d0be5187b6dd0cd176f6536ddb97a?s=96&d=mm&r=g\",\"contentUrl\":\"https:\\\/\\\/secure.gravatar.com\\\/avatar\\\/3f3e5bb4ab462fe9f2488beb3948ed58988d0be5187b6dd0cd176f6536ddb97a?s=96&d=mm&r=g\",\"caption\":\"Anna Pijuan\"},\"url\":\"https:\\\/\\\/diarieducacio.cat\\\/rella\\\/author\\\/apijuan\\\/\"}]}<\/script>\n<!-- \/ Yoast SEO plugin. -->","yoast_head_json":{"title":"Compartint experi\u00e8ncia i experi\u00e8ncies amb les mares de Wad-Ras - El Blog de Rella","robots":{"index":"index","follow":"follow","max-snippet":"max-snippet:-1","max-image-preview":"max-image-preview:large","max-video-preview":"max-video-preview:-1"},"canonical":"https:\/\/diarieducacio.cat\/rella\/2019\/11\/26\/compartint-experiencia-i-experiencies-amb-les-mares-de-wad-ras\/","og_locale":"ca_ES","og_type":"article","og_title":"Compartint experi\u00e8ncia i experi\u00e8ncies amb les mares de Wad-Ras - El Blog de Rella","og_description":"El Centre Penitenciari de Dones de Barcelona, m\u00e9s conegut com a Wad-Ras, \u00e9s l\u2019\u00faltima pres\u00f3 que queda a la ciutat. L\u2019associaci\u00f3 RELLA ha iniciat un projecte de voluntariat per ajudar a atendre les necessitats socioeducatives dels nens i nenes que viuen al departament de mares.","og_url":"https:\/\/diarieducacio.cat\/rella\/2019\/11\/26\/compartint-experiencia-i-experiencies-amb-les-mares-de-wad-ras\/","og_site_name":"El Blog de Rella","article_publisher":"https:\/\/www.facebook.com\/diarieducacio\/","article_published_time":"2019-11-25T22:52:38+00:00","og_image":[{"width":2560,"height":1704,"url":"https:\/\/diarieducacio.cat\/rella\/wp-content\/uploads\/sites\/26\/2019\/11\/IMG_0961-scaled-1.jpg","type":"image\/jpeg"}],"author":"Anna Pijuan","twitter_card":"summary_large_image","twitter_creator":"@DiariEducacio","twitter_site":"@DiariEducacio","twitter_misc":{"Escrit per":"Anna Pijuan","Temps estimat de lectura":"8 minuts"},"schema":{"@context":"https:\/\/schema.org","@graph":[{"@type":"Article","@id":"https:\/\/diarieducacio.cat\/rella\/2019\/11\/26\/compartint-experiencia-i-experiencies-amb-les-mares-de-wad-ras\/#article","isPartOf":{"@id":"https:\/\/diarieducacio.cat\/rella\/2019\/11\/26\/compartint-experiencia-i-experiencies-amb-les-mares-de-wad-ras\/"},"author":{"name":"Anna Pijuan","@id":"https:\/\/diarieducacio.cat\/rella\/#\/schema\/person\/da147fca347736d51d5c5b1bc5a30b09"},"headline":"Compartint experi\u00e8ncia i experi\u00e8ncies amb les mares de Wad-Ras","datePublished":"2019-11-25T22:52:38+00:00","mainEntityOfPage":{"@id":"https:\/\/diarieducacio.cat\/rella\/2019\/11\/26\/compartint-experiencia-i-experiencies-amb-les-mares-de-wad-ras\/"},"wordCount":1634,"commentCount":2,"image":{"@id":"https:\/\/diarieducacio.cat\/rella\/2019\/11\/26\/compartint-experiencia-i-experiencies-amb-les-mares-de-wad-ras\/#primaryimage"},"thumbnailUrl":"https:\/\/diarieducacio.cat\/rella\/wp-content\/uploads\/sites\/26\/2019\/11\/IMG_0961-scaled-1.jpg","articleSection":["General"],"inLanguage":"ca","potentialAction":[{"@type":"CommentAction","name":"Comment","target":["https:\/\/diarieducacio.cat\/rella\/2019\/11\/26\/compartint-experiencia-i-experiencies-amb-les-mares-de-wad-ras\/#respond"]}]},{"@type":"WebPage","@id":"https:\/\/diarieducacio.cat\/rella\/2019\/11\/26\/compartint-experiencia-i-experiencies-amb-les-mares-de-wad-ras\/","url":"https:\/\/diarieducacio.cat\/rella\/2019\/11\/26\/compartint-experiencia-i-experiencies-amb-les-mares-de-wad-ras\/","name":"Compartint experi\u00e8ncia i experi\u00e8ncies amb les mares de Wad-Ras - El Blog de Rella","isPartOf":{"@id":"https:\/\/diarieducacio.cat\/rella\/#website"},"primaryImageOfPage":{"@id":"https:\/\/diarieducacio.cat\/rella\/2019\/11\/26\/compartint-experiencia-i-experiencies-amb-les-mares-de-wad-ras\/#primaryimage"},"image":{"@id":"https:\/\/diarieducacio.cat\/rella\/2019\/11\/26\/compartint-experiencia-i-experiencies-amb-les-mares-de-wad-ras\/#primaryimage"},"thumbnailUrl":"https:\/\/diarieducacio.cat\/rella\/wp-content\/uploads\/sites\/26\/2019\/11\/IMG_0961-scaled-1.jpg","datePublished":"2019-11-25T22:52:38+00:00","author":{"@id":"https:\/\/diarieducacio.cat\/rella\/#\/schema\/person\/da147fca347736d51d5c5b1bc5a30b09"},"breadcrumb":{"@id":"https:\/\/diarieducacio.cat\/rella\/2019\/11\/26\/compartint-experiencia-i-experiencies-amb-les-mares-de-wad-ras\/#breadcrumb"},"inLanguage":"ca","potentialAction":[{"@type":"ReadAction","target":["https:\/\/diarieducacio.cat\/rella\/2019\/11\/26\/compartint-experiencia-i-experiencies-amb-les-mares-de-wad-ras\/"]}]},{"@type":"ImageObject","inLanguage":"ca","@id":"https:\/\/diarieducacio.cat\/rella\/2019\/11\/26\/compartint-experiencia-i-experiencies-amb-les-mares-de-wad-ras\/#primaryimage","url":"https:\/\/diarieducacio.cat\/rella\/wp-content\/uploads\/sites\/26\/2019\/11\/IMG_0961-scaled-1.jpg","contentUrl":"https:\/\/diarieducacio.cat\/rella\/wp-content\/uploads\/sites\/26\/2019\/11\/IMG_0961-scaled-1.jpg","width":2560,"height":1704,"caption":"Infants del Departament de Mares de Wad-Ras"},{"@type":"BreadcrumbList","@id":"https:\/\/diarieducacio.cat\/rella\/2019\/11\/26\/compartint-experiencia-i-experiencies-amb-les-mares-de-wad-ras\/#breadcrumb","itemListElement":[{"@type":"ListItem","position":1,"name":"Inici","item":"https:\/\/diarieducacio.cat\/rella\/"},{"@type":"ListItem","position":2,"name":"Compartint experi\u00e8ncia i experi\u00e8ncies amb les mares de Wad-Ras"}]},{"@type":"WebSite","@id":"https:\/\/diarieducacio.cat\/rella\/#website","url":"https:\/\/diarieducacio.cat\/rella\/","name":"El Blog de Rella","description":"Un blog de El Diari de l&#039;Educaci\u00f3","potentialAction":[{"@type":"SearchAction","target":{"@type":"EntryPoint","urlTemplate":"https:\/\/diarieducacio.cat\/rella\/?s={search_term_string}"},"query-input":{"@type":"PropertyValueSpecification","valueRequired":true,"valueName":"search_term_string"}}],"inLanguage":"ca"},{"@type":"Person","@id":"https:\/\/diarieducacio.cat\/rella\/#\/schema\/person\/da147fca347736d51d5c5b1bc5a30b09","name":"Anna Pijuan","image":{"@type":"ImageObject","inLanguage":"ca","@id":"https:\/\/secure.gravatar.com\/avatar\/3f3e5bb4ab462fe9f2488beb3948ed58988d0be5187b6dd0cd176f6536ddb97a?s=96&d=mm&r=g","url":"https:\/\/secure.gravatar.com\/avatar\/3f3e5bb4ab462fe9f2488beb3948ed58988d0be5187b6dd0cd176f6536ddb97a?s=96&d=mm&r=g","contentUrl":"https:\/\/secure.gravatar.com\/avatar\/3f3e5bb4ab462fe9f2488beb3948ed58988d0be5187b6dd0cd176f6536ddb97a?s=96&d=mm&r=g","caption":"Anna Pijuan"},"url":"https:\/\/diarieducacio.cat\/rella\/author\/apijuan\/"}]}},"_links":{"self":[{"href":"https:\/\/diarieducacio.cat\/rella\/wp-json\/wp\/v2\/posts\/1975","targetHints":{"allow":["GET"]}}],"collection":[{"href":"https:\/\/diarieducacio.cat\/rella\/wp-json\/wp\/v2\/posts"}],"about":[{"href":"https:\/\/diarieducacio.cat\/rella\/wp-json\/wp\/v2\/types\/post"}],"author":[{"embeddable":true,"href":"https:\/\/diarieducacio.cat\/rella\/wp-json\/wp\/v2\/users\/370"}],"replies":[{"embeddable":true,"href":"https:\/\/diarieducacio.cat\/rella\/wp-json\/wp\/v2\/comments?post=1975"}],"version-history":[{"count":0,"href":"https:\/\/diarieducacio.cat\/rella\/wp-json\/wp\/v2\/posts\/1975\/revisions"}],"wp:featuredmedia":[{"embeddable":true,"href":"https:\/\/diarieducacio.cat\/rella\/wp-json\/wp\/v2\/media\/206"}],"wp:attachment":[{"href":"https:\/\/diarieducacio.cat\/rella\/wp-json\/wp\/v2\/media?parent=1975"}],"wp:term":[{"taxonomy":"category","embeddable":true,"href":"https:\/\/diarieducacio.cat\/rella\/wp-json\/wp\/v2\/categories?post=1975"},{"taxonomy":"post_tag","embeddable":true,"href":"https:\/\/diarieducacio.cat\/rella\/wp-json\/wp\/v2\/tags?post=1975"},{"taxonomy":"tipo","embeddable":true,"href":"https:\/\/diarieducacio.cat\/rella\/wp-json\/wp\/v2\/tipo?post=1975"}],"curies":[{"name":"wp","href":"https:\/\/api.w.org\/{rel}","templated":true}]}}