{"id":1980,"date":"2023-01-27T06:05:27","date_gmt":"2023-01-27T04:05:27","guid":{"rendered":"https:\/\/diarieducacio.cat\/rella\/?p=426"},"modified":"2023-01-27T06:05:27","modified_gmt":"2023-01-27T04:05:27","slug":"la-inclusio-escolar","status":"publish","type":"post","link":"https:\/\/diarieducacio.cat\/rella\/2023\/01\/27\/la-inclusio-escolar\/","title":{"rendered":"La inclusi\u00f3 escolar"},"content":{"rendered":"<p>Tots els ensenyants i docents, com tamb\u00e9 monitors i altres persones d\u2019educaci\u00f3 en el lleure ens adonem que no tots els infants aprenen igual i que el proc\u00e9s ensenyament-aprenentatge \u00e9s ampli i divers.<\/p>\n<p>Sabem que la inclusi\u00f3 implica acolliment, acompanyament i acceptaci\u00f3 cap als altres, contrari a segregaci\u00f3 i marginaci\u00f3, com tamb\u00e9 que tots els infants tenen dret a aprendre i a ser estimats.<\/p>\n<p>Hem de tenir molt present que incloure a tots els nens i nenes del municipi en l\u2019aprenentatge requereix un plantejament no tan sols de l\u2019escola sin\u00f3 de tots els nens i nenes nouvinguts d\u2019altres cultures que necessiten participar, conviure i compartir les viv\u00e8ncies amb altres nens i nenes del municipi per tal que la integraci\u00f3 esdevingui una realitat. Perqu\u00e8 es compleixi aquest objectiu calen molts m\u00e9s recursos de les diferents administracions, com tamb\u00e9 un treball en xarxa dels diferents departaments de la Generalitat i altres entitats municipals, com s\u00f3n el consell escolar municipal i el departament de benestar social del municipi.<\/p>\n<blockquote><p>La inclusi\u00f3 implica acolliment, acompanyament i acceptaci\u00f3 cap als altres<\/p><\/blockquote>\n<p>Cal recordar que totes les persones aprenem a partir d\u2019una motivaci\u00f3 i un inter\u00e8s pel que s\u2019observa, es realitza i es comparteix.<\/p>\n<p>Per motivar-se, les connexions neuronals que es produeixen al nostre cervell, estan en funci\u00f3 de la quantitat de dopamina i altres neurotransmissors que es produeixen entre aquestes. La dopamina augmenta quan hi ha m\u00e9s curiositat i novetat per alguna cosa, a la vegada que tamb\u00e9 es millora l\u2019atenci\u00f3 i l\u2019inter\u00e8s. Si l\u2019infant \u00e9s conscient del seu proc\u00e9s d\u2019aprenentatge, augmenta el seu nivell de dopamina i, com a conseq\u00fc\u00e8ncia, millora l\u2019atenci\u00f3 selectiva.<\/p>\n<p>Aquesta tesi la corroboren molts estudis de recerca realitzats a les darreres d\u00e8cades als EUA.<\/p>\n<p>Quan les situacions socioecon\u00f2miques esdevenen m\u00e9s desfavorables per la qualitat i quantitat d\u2019experi\u00e8ncies viscudes al llarg dels anys, sovint disminueix la curiositat per aprendre, es fa m\u00e9s dif\u00edcil el processament de determinada informaci\u00f3, tamb\u00e9 \u00e9s m\u00e9s dif\u00edcil l\u2019adquisici\u00f3 de coneixements previs pel desenvolupament de la mem\u00f2ria comprensiva necess\u00e0ria per establir relacions entre diferents conceptes.<\/p>\n<blockquote><p>Es necessita una formaci\u00f3 continuada de tots els professionals<\/p><\/blockquote>\n<p>Els aprenentatges m\u00e9s interdisciplinaris requereixen una intervenci\u00f3 neurol\u00f2gica tant de l\u2019hemisferi esquerre com del dret, i aquesta interconnexi\u00f3 fa que es millori la mem\u00f2ria de treball, la presa de decisions, la gesti\u00f3 emocional i tamb\u00e9 l\u2019entrenament de les tasques a nivell motriu.<\/p>\n<p>Per incidir en la inclusi\u00f3 escolar de tots els alumnes, tant a l\u2019escola com a les activitats del lleure a nivell municipal s\u00f3n necessaris molts m\u00e9s recursos tant personals com materials. Es necessita una formaci\u00f3 continuada de tots els professionals, un reciclatge en eines innovadores per confegir i adquirir nous materials, etc. Cal dir que tots els recursos i l\u2019\u00fas d\u2019aquests han de ser revisables i avaluables.<\/p>\n<p>Tamb\u00e9 cal una millora en la distribuci\u00f3 adequada de tots els recursos disponibles, a la vegada d\u2019establir una an\u00e0lisi d\u2019avaluaci\u00f3 formativa malgrat que sovint es generen dubtes i preguntes tan necess\u00e0ries per a la millora de la inclusi\u00f3 social i escolar.<\/p>\n","protected":false},"excerpt":{"rendered":"<p>Tots els ensenyants i docents, com tamb\u00e9 monitors i altres persones d\u2019educaci\u00f3 en el lleure ens adonem que no tots els infants aprenen igual i que el proc\u00e9s ensenyament-aprenentatge \u00e9s ampli i divers. Sabem que la inclusi\u00f3 implica acolliment, acompanyament i acceptaci\u00f3 cap als altres, contrari a segregaci\u00f3 i marginaci\u00f3, com tamb\u00e9 que tots els<\/p>\n","protected":false},"author":379,"featured_media":1806,"comment_status":"open","ping_status":"closed","sticky":false,"template":"","format":"standard","meta":{"footnotes":""},"categories":[106],"tags":[108],"tipo":[],"class_list":{"0":"post-1980","1":"post","2":"type-post","3":"status-publish","4":"format-standard","5":"has-post-thumbnail","7":"category-escola","8":"tag-inclusio"},"yoast_head":"<!-- This site is optimized with the Yoast SEO plugin v27.4 - https:\/\/yoast.com\/product\/yoast-seo-wordpress\/ -->\n<title>La inclusi\u00f3 escolar - El Blog de Rella<\/title>\n<meta name=\"robots\" content=\"index, follow, max-snippet:-1, max-image-preview:large, max-video-preview:-1\" \/>\n<link rel=\"canonical\" href=\"https:\/\/diarieducacio.cat\/rella\/2023\/01\/27\/la-inclusio-escolar\/\" \/>\n<meta property=\"og:locale\" content=\"ca_ES\" \/>\n<meta property=\"og:type\" content=\"article\" \/>\n<meta property=\"og:title\" content=\"La inclusi\u00f3 escolar - El Blog de Rella\" \/>\n<meta property=\"og:description\" content=\"Tots els ensenyants i docents, com tamb\u00e9 monitors i altres persones d\u2019educaci\u00f3 en el lleure ens adonem que no tots els infants aprenen igual i que el proc\u00e9s ensenyament-aprenentatge \u00e9s ampli i divers. Sabem que la inclusi\u00f3 implica acolliment, acompanyament i acceptaci\u00f3 cap als altres, contrari a segregaci\u00f3 i marginaci\u00f3, com tamb\u00e9 que tots els\" \/>\n<meta property=\"og:url\" content=\"https:\/\/diarieducacio.cat\/rella\/2023\/01\/27\/la-inclusio-escolar\/\" \/>\n<meta property=\"og:site_name\" content=\"El Blog de Rella\" \/>\n<meta property=\"article:publisher\" content=\"https:\/\/www.facebook.com\/diarieducacio\/\" \/>\n<meta property=\"article:published_time\" content=\"2023-01-27T04:05:27+00:00\" \/>\n<meta property=\"og:image\" content=\"https:\/\/diarieducacio.cat\/rella\/wp-content\/uploads\/sites\/26\/2023\/01\/gettyimages-1372403137-612x612-inclusio.jpg\" \/>\n\t<meta property=\"og:image:width\" content=\"612\" \/>\n\t<meta property=\"og:image:height\" content=\"429\" \/>\n\t<meta property=\"og:image:type\" content=\"image\/jpeg\" \/>\n<meta name=\"author\" content=\"Carme Graells Piqu\u00e9\" \/>\n<meta name=\"twitter:card\" content=\"summary_large_image\" \/>\n<meta name=\"twitter:creator\" content=\"@DiariEducacio\" \/>\n<meta name=\"twitter:site\" content=\"@DiariEducacio\" \/>\n<meta name=\"twitter:label1\" content=\"Escrit per\" \/>\n\t<meta name=\"twitter:data1\" content=\"Carme Graells Piqu\u00e9\" \/>\n\t<meta name=\"twitter:label2\" content=\"Temps estimat de lectura\" \/>\n\t<meta name=\"twitter:data2\" content=\"3 minuts\" \/>\n<script type=\"application\/ld+json\" class=\"yoast-schema-graph\">{\"@context\":\"https:\\\/\\\/schema.org\",\"@graph\":[{\"@type\":\"Article\",\"@id\":\"https:\\\/\\\/diarieducacio.cat\\\/rella\\\/2023\\\/01\\\/27\\\/la-inclusio-escolar\\\/#article\",\"isPartOf\":{\"@id\":\"https:\\\/\\\/diarieducacio.cat\\\/rella\\\/2023\\\/01\\\/27\\\/la-inclusio-escolar\\\/\"},\"author\":{\"name\":\"Carme Graells Piqu\u00e9\",\"@id\":\"https:\\\/\\\/diarieducacio.cat\\\/rella\\\/#\\\/schema\\\/person\\\/aefdf1240603cac4093348633826281f\"},\"headline\":\"La inclusi\u00f3 escolar\",\"datePublished\":\"2023-01-27T04:05:27+00:00\",\"mainEntityOfPage\":{\"@id\":\"https:\\\/\\\/diarieducacio.cat\\\/rella\\\/2023\\\/01\\\/27\\\/la-inclusio-escolar\\\/\"},\"wordCount\":545,\"commentCount\":0,\"image\":{\"@id\":\"https:\\\/\\\/diarieducacio.cat\\\/rella\\\/2023\\\/01\\\/27\\\/la-inclusio-escolar\\\/#primaryimage\"},\"thumbnailUrl\":\"https:\\\/\\\/diarieducacio.cat\\\/rella\\\/wp-content\\\/uploads\\\/sites\\\/26\\\/2023\\\/01\\\/gettyimages-1372403137-612x612-inclusio.jpg\",\"keywords\":[\"inclusi\u00f3\"],\"articleSection\":[\"Escola\"],\"inLanguage\":\"ca\",\"potentialAction\":[{\"@type\":\"CommentAction\",\"name\":\"Comment\",\"target\":[\"https:\\\/\\\/diarieducacio.cat\\\/rella\\\/2023\\\/01\\\/27\\\/la-inclusio-escolar\\\/#respond\"]}]},{\"@type\":\"WebPage\",\"@id\":\"https:\\\/\\\/diarieducacio.cat\\\/rella\\\/2023\\\/01\\\/27\\\/la-inclusio-escolar\\\/\",\"url\":\"https:\\\/\\\/diarieducacio.cat\\\/rella\\\/2023\\\/01\\\/27\\\/la-inclusio-escolar\\\/\",\"name\":\"La inclusi\u00f3 escolar - El Blog de Rella\",\"isPartOf\":{\"@id\":\"https:\\\/\\\/diarieducacio.cat\\\/rella\\\/#website\"},\"primaryImageOfPage\":{\"@id\":\"https:\\\/\\\/diarieducacio.cat\\\/rella\\\/2023\\\/01\\\/27\\\/la-inclusio-escolar\\\/#primaryimage\"},\"image\":{\"@id\":\"https:\\\/\\\/diarieducacio.cat\\\/rella\\\/2023\\\/01\\\/27\\\/la-inclusio-escolar\\\/#primaryimage\"},\"thumbnailUrl\":\"https:\\\/\\\/diarieducacio.cat\\\/rella\\\/wp-content\\\/uploads\\\/sites\\\/26\\\/2023\\\/01\\\/gettyimages-1372403137-612x612-inclusio.jpg\",\"datePublished\":\"2023-01-27T04:05:27+00:00\",\"author\":{\"@id\":\"https:\\\/\\\/diarieducacio.cat\\\/rella\\\/#\\\/schema\\\/person\\\/aefdf1240603cac4093348633826281f\"},\"breadcrumb\":{\"@id\":\"https:\\\/\\\/diarieducacio.cat\\\/rella\\\/2023\\\/01\\\/27\\\/la-inclusio-escolar\\\/#breadcrumb\"},\"inLanguage\":\"ca\",\"potentialAction\":[{\"@type\":\"ReadAction\",\"target\":[\"https:\\\/\\\/diarieducacio.cat\\\/rella\\\/2023\\\/01\\\/27\\\/la-inclusio-escolar\\\/\"]}]},{\"@type\":\"ImageObject\",\"inLanguage\":\"ca\",\"@id\":\"https:\\\/\\\/diarieducacio.cat\\\/rella\\\/2023\\\/01\\\/27\\\/la-inclusio-escolar\\\/#primaryimage\",\"url\":\"https:\\\/\\\/diarieducacio.cat\\\/rella\\\/wp-content\\\/uploads\\\/sites\\\/26\\\/2023\\\/01\\\/gettyimages-1372403137-612x612-inclusio.jpg\",\"contentUrl\":\"https:\\\/\\\/diarieducacio.cat\\\/rella\\\/wp-content\\\/uploads\\\/sites\\\/26\\\/2023\\\/01\\\/gettyimages-1372403137-612x612-inclusio.jpg\",\"width\":612,\"height\":429,\"caption\":\"| GettyImages\"},{\"@type\":\"BreadcrumbList\",\"@id\":\"https:\\\/\\\/diarieducacio.cat\\\/rella\\\/2023\\\/01\\\/27\\\/la-inclusio-escolar\\\/#breadcrumb\",\"itemListElement\":[{\"@type\":\"ListItem\",\"position\":1,\"name\":\"Inici\",\"item\":\"https:\\\/\\\/diarieducacio.cat\\\/rella\\\/\"},{\"@type\":\"ListItem\",\"position\":2,\"name\":\"La inclusi\u00f3 escolar\"}]},{\"@type\":\"WebSite\",\"@id\":\"https:\\\/\\\/diarieducacio.cat\\\/rella\\\/#website\",\"url\":\"https:\\\/\\\/diarieducacio.cat\\\/rella\\\/\",\"name\":\"El Blog de Rella\",\"description\":\"Un blog de El Diari de l&#039;Educaci\u00f3\",\"potentialAction\":[{\"@type\":\"SearchAction\",\"target\":{\"@type\":\"EntryPoint\",\"urlTemplate\":\"https:\\\/\\\/diarieducacio.cat\\\/rella\\\/?s={search_term_string}\"},\"query-input\":{\"@type\":\"PropertyValueSpecification\",\"valueRequired\":true,\"valueName\":\"search_term_string\"}}],\"inLanguage\":\"ca\"},{\"@type\":\"Person\",\"@id\":\"https:\\\/\\\/diarieducacio.cat\\\/rella\\\/#\\\/schema\\\/person\\\/aefdf1240603cac4093348633826281f\",\"name\":\"Carme Graells Piqu\u00e9\",\"image\":{\"@type\":\"ImageObject\",\"inLanguage\":\"ca\",\"@id\":\"https:\\\/\\\/secure.gravatar.com\\\/avatar\\\/dc68d700c76781b699cfb61d8c5e8d151593d57e6c036615eaa24dea44e1f7cd?s=96&d=mm&r=g\",\"url\":\"https:\\\/\\\/secure.gravatar.com\\\/avatar\\\/dc68d700c76781b699cfb61d8c5e8d151593d57e6c036615eaa24dea44e1f7cd?s=96&d=mm&r=g\",\"contentUrl\":\"https:\\\/\\\/secure.gravatar.com\\\/avatar\\\/dc68d700c76781b699cfb61d8c5e8d151593d57e6c036615eaa24dea44e1f7cd?s=96&d=mm&r=g\",\"caption\":\"Carme Graells Piqu\u00e9\"},\"url\":\"https:\\\/\\\/diarieducacio.cat\\\/rella\\\/author\\\/cgraells\\\/\"}]}<\/script>\n<!-- \/ Yoast SEO plugin. -->","yoast_head_json":{"title":"La inclusi\u00f3 escolar - El Blog de Rella","robots":{"index":"index","follow":"follow","max-snippet":"max-snippet:-1","max-image-preview":"max-image-preview:large","max-video-preview":"max-video-preview:-1"},"canonical":"https:\/\/diarieducacio.cat\/rella\/2023\/01\/27\/la-inclusio-escolar\/","og_locale":"ca_ES","og_type":"article","og_title":"La inclusi\u00f3 escolar - El Blog de Rella","og_description":"Tots els ensenyants i docents, com tamb\u00e9 monitors i altres persones d\u2019educaci\u00f3 en el lleure ens adonem que no tots els infants aprenen igual i que el proc\u00e9s ensenyament-aprenentatge \u00e9s ampli i divers. Sabem que la inclusi\u00f3 implica acolliment, acompanyament i acceptaci\u00f3 cap als altres, contrari a segregaci\u00f3 i marginaci\u00f3, com tamb\u00e9 que tots els","og_url":"https:\/\/diarieducacio.cat\/rella\/2023\/01\/27\/la-inclusio-escolar\/","og_site_name":"El Blog de Rella","article_publisher":"https:\/\/www.facebook.com\/diarieducacio\/","article_published_time":"2023-01-27T04:05:27+00:00","og_image":[{"width":612,"height":429,"url":"https:\/\/diarieducacio.cat\/rella\/wp-content\/uploads\/sites\/26\/2023\/01\/gettyimages-1372403137-612x612-inclusio.jpg","type":"image\/jpeg"}],"author":"Carme Graells Piqu\u00e9","twitter_card":"summary_large_image","twitter_creator":"@DiariEducacio","twitter_site":"@DiariEducacio","twitter_misc":{"Escrit per":"Carme Graells Piqu\u00e9","Temps estimat de lectura":"3 minuts"},"schema":{"@context":"https:\/\/schema.org","@graph":[{"@type":"Article","@id":"https:\/\/diarieducacio.cat\/rella\/2023\/01\/27\/la-inclusio-escolar\/#article","isPartOf":{"@id":"https:\/\/diarieducacio.cat\/rella\/2023\/01\/27\/la-inclusio-escolar\/"},"author":{"name":"Carme Graells Piqu\u00e9","@id":"https:\/\/diarieducacio.cat\/rella\/#\/schema\/person\/aefdf1240603cac4093348633826281f"},"headline":"La inclusi\u00f3 escolar","datePublished":"2023-01-27T04:05:27+00:00","mainEntityOfPage":{"@id":"https:\/\/diarieducacio.cat\/rella\/2023\/01\/27\/la-inclusio-escolar\/"},"wordCount":545,"commentCount":0,"image":{"@id":"https:\/\/diarieducacio.cat\/rella\/2023\/01\/27\/la-inclusio-escolar\/#primaryimage"},"thumbnailUrl":"https:\/\/diarieducacio.cat\/rella\/wp-content\/uploads\/sites\/26\/2023\/01\/gettyimages-1372403137-612x612-inclusio.jpg","keywords":["inclusi\u00f3"],"articleSection":["Escola"],"inLanguage":"ca","potentialAction":[{"@type":"CommentAction","name":"Comment","target":["https:\/\/diarieducacio.cat\/rella\/2023\/01\/27\/la-inclusio-escolar\/#respond"]}]},{"@type":"WebPage","@id":"https:\/\/diarieducacio.cat\/rella\/2023\/01\/27\/la-inclusio-escolar\/","url":"https:\/\/diarieducacio.cat\/rella\/2023\/01\/27\/la-inclusio-escolar\/","name":"La inclusi\u00f3 escolar - El Blog de Rella","isPartOf":{"@id":"https:\/\/diarieducacio.cat\/rella\/#website"},"primaryImageOfPage":{"@id":"https:\/\/diarieducacio.cat\/rella\/2023\/01\/27\/la-inclusio-escolar\/#primaryimage"},"image":{"@id":"https:\/\/diarieducacio.cat\/rella\/2023\/01\/27\/la-inclusio-escolar\/#primaryimage"},"thumbnailUrl":"https:\/\/diarieducacio.cat\/rella\/wp-content\/uploads\/sites\/26\/2023\/01\/gettyimages-1372403137-612x612-inclusio.jpg","datePublished":"2023-01-27T04:05:27+00:00","author":{"@id":"https:\/\/diarieducacio.cat\/rella\/#\/schema\/person\/aefdf1240603cac4093348633826281f"},"breadcrumb":{"@id":"https:\/\/diarieducacio.cat\/rella\/2023\/01\/27\/la-inclusio-escolar\/#breadcrumb"},"inLanguage":"ca","potentialAction":[{"@type":"ReadAction","target":["https:\/\/diarieducacio.cat\/rella\/2023\/01\/27\/la-inclusio-escolar\/"]}]},{"@type":"ImageObject","inLanguage":"ca","@id":"https:\/\/diarieducacio.cat\/rella\/2023\/01\/27\/la-inclusio-escolar\/#primaryimage","url":"https:\/\/diarieducacio.cat\/rella\/wp-content\/uploads\/sites\/26\/2023\/01\/gettyimages-1372403137-612x612-inclusio.jpg","contentUrl":"https:\/\/diarieducacio.cat\/rella\/wp-content\/uploads\/sites\/26\/2023\/01\/gettyimages-1372403137-612x612-inclusio.jpg","width":612,"height":429,"caption":"| GettyImages"},{"@type":"BreadcrumbList","@id":"https:\/\/diarieducacio.cat\/rella\/2023\/01\/27\/la-inclusio-escolar\/#breadcrumb","itemListElement":[{"@type":"ListItem","position":1,"name":"Inici","item":"https:\/\/diarieducacio.cat\/rella\/"},{"@type":"ListItem","position":2,"name":"La inclusi\u00f3 escolar"}]},{"@type":"WebSite","@id":"https:\/\/diarieducacio.cat\/rella\/#website","url":"https:\/\/diarieducacio.cat\/rella\/","name":"El Blog de Rella","description":"Un blog de El Diari de l&#039;Educaci\u00f3","potentialAction":[{"@type":"SearchAction","target":{"@type":"EntryPoint","urlTemplate":"https:\/\/diarieducacio.cat\/rella\/?s={search_term_string}"},"query-input":{"@type":"PropertyValueSpecification","valueRequired":true,"valueName":"search_term_string"}}],"inLanguage":"ca"},{"@type":"Person","@id":"https:\/\/diarieducacio.cat\/rella\/#\/schema\/person\/aefdf1240603cac4093348633826281f","name":"Carme Graells Piqu\u00e9","image":{"@type":"ImageObject","inLanguage":"ca","@id":"https:\/\/secure.gravatar.com\/avatar\/dc68d700c76781b699cfb61d8c5e8d151593d57e6c036615eaa24dea44e1f7cd?s=96&d=mm&r=g","url":"https:\/\/secure.gravatar.com\/avatar\/dc68d700c76781b699cfb61d8c5e8d151593d57e6c036615eaa24dea44e1f7cd?s=96&d=mm&r=g","contentUrl":"https:\/\/secure.gravatar.com\/avatar\/dc68d700c76781b699cfb61d8c5e8d151593d57e6c036615eaa24dea44e1f7cd?s=96&d=mm&r=g","caption":"Carme Graells Piqu\u00e9"},"url":"https:\/\/diarieducacio.cat\/rella\/author\/cgraells\/"}]}},"_links":{"self":[{"href":"https:\/\/diarieducacio.cat\/rella\/wp-json\/wp\/v2\/posts\/1980","targetHints":{"allow":["GET"]}}],"collection":[{"href":"https:\/\/diarieducacio.cat\/rella\/wp-json\/wp\/v2\/posts"}],"about":[{"href":"https:\/\/diarieducacio.cat\/rella\/wp-json\/wp\/v2\/types\/post"}],"author":[{"embeddable":true,"href":"https:\/\/diarieducacio.cat\/rella\/wp-json\/wp\/v2\/users\/379"}],"replies":[{"embeddable":true,"href":"https:\/\/diarieducacio.cat\/rella\/wp-json\/wp\/v2\/comments?post=1980"}],"version-history":[{"count":0,"href":"https:\/\/diarieducacio.cat\/rella\/wp-json\/wp\/v2\/posts\/1980\/revisions"}],"wp:featuredmedia":[{"embeddable":true,"href":"https:\/\/diarieducacio.cat\/rella\/wp-json\/wp\/v2\/media\/1806"}],"wp:attachment":[{"href":"https:\/\/diarieducacio.cat\/rella\/wp-json\/wp\/v2\/media?parent=1980"}],"wp:term":[{"taxonomy":"category","embeddable":true,"href":"https:\/\/diarieducacio.cat\/rella\/wp-json\/wp\/v2\/categories?post=1980"},{"taxonomy":"post_tag","embeddable":true,"href":"https:\/\/diarieducacio.cat\/rella\/wp-json\/wp\/v2\/tags?post=1980"},{"taxonomy":"tipo","embeddable":true,"href":"https:\/\/diarieducacio.cat\/rella\/wp-json\/wp\/v2\/tipo?post=1980"}],"curies":[{"name":"wp","href":"https:\/\/api.w.org\/{rel}","templated":true}]}}