{"id":2118,"date":"2025-11-11T02:01:00","date_gmt":"2025-11-11T01:01:00","guid":{"rendered":"https:\/\/diarieducacio.cat\/rella\/?p=2118"},"modified":"2025-11-11T12:39:57","modified_gmt":"2025-11-11T11:39:57","slug":"la-visita-a-centres-educatius-doeiras-una-escapadeta-molt-aprofitada","status":"publish","type":"post","link":"https:\/\/diarieducacio.cat\/rella\/2025\/11\/11\/la-visita-a-centres-educatius-doeiras-una-escapadeta-molt-aprofitada\/","title":{"rendered":"La visita a centres educatius d&#8217;Oeiras, una escapadeta molt aprofitada"},"content":{"rendered":"\n<p>El 29 d&#8217;octubre passat, un grup de socis i s\u00f2cies de RELLA vam viatjar a Portugal per tal de visitar dos centres educatius al Municipi d&#8217;Oeiras, proper a Lisboa.<\/p>\n\n\n\n<p>En concret, vam visitar el Agrupamento de Escolas Aquilino Ribeiro en el qual vam ser rebudes i acompanyades per Isabel Marques &#8211; Diretora do Agrupamento de Escolas, Gl\u00f3ria Dias &#8211; Coordenadora do Departamento de 1.\u00ba Ciclo do Ensino B\u00e1sico i Leonor Loureiro \u2013 Coordenadora da Escola B\u00e1sica de Porto Salvo.<\/p>\n\n\n\n<p>I en aquesta Agrupamento tamb\u00e9 ens van acompanyar Maria Paula Rodrigues \u2013 Diretora do Departamento de Educa\u00e7\u00e3o, Emanuel Pereira &#8211; Chefe da Unidade de Inova\u00e7\u00e3o e Projetos Especiais do Departamento de Educa\u00e7\u00e3o, Mariana Santos \u2013 T\u00e9cnica da Unidade de Inova\u00e7\u00e3o e Projetos Especiais do Departamento de Educa\u00e7\u00e3o<\/p>\n\n\n\n<p>I m\u00e9s tard, el Agrupamento de Escolas de S\u00e3o Bruno on vam ser acompanyades per Rita Rolo \u2013 Diretora do Agrupamento de Escolas i tamb\u00e9 per Emanuel i Mariana de l&#8217;Ajuntament. En aquesta darrera escola ens van convidar a dinar, cosa que va permetre que la conversa es prolongu\u00e9s en el temps.<\/p>\n\n\n\n<figure class=\"wp-block-image size-large\"><img fetchpriority=\"high\" decoding=\"async\" width=\"1024\" height=\"683\" src=\"https:\/\/diarieducacio.cat\/rella\/wp-content\/uploads\/sites\/26\/2025\/11\/Rella-portugal-2-1024x683.jpg\" alt=\"\" class=\"wp-image-2121\" srcset=\"https:\/\/diarieducacio.cat\/rella\/wp-content\/uploads\/sites\/26\/2025\/11\/Rella-portugal-2-1024x683.jpg 1024w, https:\/\/diarieducacio.cat\/rella\/wp-content\/uploads\/sites\/26\/2025\/11\/Rella-portugal-2-300x200.jpg 300w, https:\/\/diarieducacio.cat\/rella\/wp-content\/uploads\/sites\/26\/2025\/11\/Rella-portugal-2-768x512.jpg 768w, https:\/\/diarieducacio.cat\/rella\/wp-content\/uploads\/sites\/26\/2025\/11\/Rella-portugal-2-150x100.jpg 150w, https:\/\/diarieducacio.cat\/rella\/wp-content\/uploads\/sites\/26\/2025\/11\/Rella-portugal-2-450x300.jpg 450w, https:\/\/diarieducacio.cat\/rella\/wp-content\/uploads\/sites\/26\/2025\/11\/Rella-portugal-2-1200x800.jpg 1200w, https:\/\/diarieducacio.cat\/rella\/wp-content\/uploads\/sites\/26\/2025\/11\/Rella-portugal-2.jpg 1404w\" sizes=\"(max-width: 1024px) 100vw, 1024px\" \/><\/figure>\n\n\n\n<p>Des del grup d&#8217;educaci\u00f3 de Rella, en m\u00e9s d&#8217;una ocasi\u00f3 hem tractat els canvis en el sistema educatiu portugu\u00e8s perqu\u00e8 hi havia alguns elements que ens interessaven especialment, no perqu\u00e8 creiem que els sistemes educatius es puguin copiar sense m\u00e9s ni m\u00e9s, sin\u00f3 perqu\u00e8 presentaven elements que cr\u00e8iem pod\u00edem considerar com a positius.<\/p>\n\n\n\n<p>Per comen\u00e7ar, hi ha alguns elements importants a considerar del sistema educatiu portugu\u00e8s que el fan ben diferent del nostre:<strong> l&#8217;obligatorietat, que arriba als divuit anys, la poca pres\u00e8ncia de centres privats<\/strong> <strong>i la formaci\u00f3 inicial \u00fanica per a tot el professorat<\/strong>. Tamb\u00e9 que amb dades del 2021, Portugal inverteix un 4,6% del PIB en educaci\u00f3, lleugerament per sobre de Catalunya, que se situa al 4,26%, per\u00f2 aquesta inversi\u00f3 \u00e9s sostinguda en el temps.<\/p>\n\n\n\n<p>El sistema educatiu es divideix en les seg\u00fcents etapes i cicles:<\/p>\n\n\n\n<ul class=\"wp-block-list\">\n<li>Educaci\u00f3 infantil (de 3 a 6 anys). \u00c9s una etapa no obligat\u00f2ria per\u00f2 que at\u00e9n el 80% dels infants, un 53% en centres p\u00fablics i un 47% en centres privats (curs 2018-2019)<\/li>\n\n\n\n<li>Educaci\u00f3 prim\u00e0ria. (Ensino B\u00e0sico) De 6 a 15 anys, dividida en tres cicles. 1r cicle, dels 6 als 10 anys, 2n cicle de 10 a 12 anys i 3r cicle, de 12 a 15 anys<\/li>\n<\/ul>\n\n\n\n<p>Hi ha diferents tipus d&#8217;escoles de prim\u00e0ria en funci\u00f3 dels nivells educatius que acull<\/p>\n\n\n\n<ul class=\"wp-block-list\">\n<li>Educaci\u00f3 secund\u00e0ria, dels 15 als 18 anys. Etapa obligat\u00f2ria<\/li>\n\n\n\n<li>Educaci\u00f3 postobligat\u00f2ria (Universitat o instituts polit\u00e8cnics)<\/li>\n<\/ul>\n\n\n\n<p>Un dels aspectes que ens havien cridat l&#8217;atenci\u00f3 era el que anomenen \u201cEscola a Tempo Inteiro\u201d, dirigida a l&#8217;alumnat de 6 a 10 anys. Representa que els centres educatius estan oberts fins a les 17:30 de la tarda (l&#8217;horari lectiu acaba a les 15:30) amb activitats que anomenen \u201c<strong>Activitats d&#8217;enriquiment curricular<\/strong>\u201d que s&#8217;ofereixen en col\u00b7laboraci\u00f3 entre el centre i el municipi i que s\u00f3n gratu\u00eftes per a les fam\u00edlies (es financen entre els ajuntaments i el govern central). Quasi tot l&#8217;alumnat hi participa. Cada municipi ofereix un tipus d&#8217;activitats diferents en funci\u00f3 dels objectius educatius que s&#8217;han plantejat. En concret, els que vam visitar, donaven molta import\u00e0ncia a activitats art\u00edstiques i esportives perqu\u00e8 havien valorat que no era bo per als infants tenir tan poc temps per bellugar-se i jugar. Cal dir que ens va impressionar els espais dels dos centres, amb espais molt amplis on poder treballar amb petits grups, amb diversos patis i llocs d&#8217;esbarjo i una lluminositat natural molt gran. Aquesta iniciativa \u00e9s valorada per la societat portuguesa com una manera de reduir desigualtats.<\/p>\n\n\n\n<p>En les converses en els dos centres, ens van explicar que fruit de les reformes del 2018 es va donar m\u00e9s autonomia als centres per crear projectes de treball interdisciplinaris i on es poden incloure temes com el canvi clim\u00e0tic, les migracions, la demografia i noves din\u00e0miques a les aules, mentre que el curr\u00edculum com\u00fa s&#8217;ha aprimat; aix\u00f2 s&#8217;ha viscut com una mostra de<strong> confian\u00e7a cap a la capacitat del professorat<\/strong>. Tamb\u00e9 es va refor\u00e7ar la formaci\u00f3 del professorat sobre l&#8217;ensenyament de la llengua i de les ci\u00e8ncies. I a partir del 2021 es va presentar la llei d&#8217;inclusi\u00f3 que implica que tot l&#8217;alumnat est\u00e0 escolaritzat en els centres ordinaris que disposen d&#8217;equips multidisciplinaris de suport.<\/p>\n\n\n\n<figure class=\"wp-block-image size-large\"><img decoding=\"async\" width=\"1024\" height=\"764\" src=\"https:\/\/diarieducacio.cat\/rella\/wp-content\/uploads\/sites\/26\/2025\/11\/Rella-portugal-3-1024x764.jpg\" alt=\"\" class=\"wp-image-2122\" srcset=\"https:\/\/diarieducacio.cat\/rella\/wp-content\/uploads\/sites\/26\/2025\/11\/Rella-portugal-3-1024x764.jpg 1024w, https:\/\/diarieducacio.cat\/rella\/wp-content\/uploads\/sites\/26\/2025\/11\/Rella-portugal-3-300x224.jpg 300w, https:\/\/diarieducacio.cat\/rella\/wp-content\/uploads\/sites\/26\/2025\/11\/Rella-portugal-3-768x573.jpg 768w, https:\/\/diarieducacio.cat\/rella\/wp-content\/uploads\/sites\/26\/2025\/11\/Rella-portugal-3-150x112.jpg 150w, https:\/\/diarieducacio.cat\/rella\/wp-content\/uploads\/sites\/26\/2025\/11\/Rella-portugal-3-450x336.jpg 450w, https:\/\/diarieducacio.cat\/rella\/wp-content\/uploads\/sites\/26\/2025\/11\/Rella-portugal-3-1200x895.jpg 1200w, https:\/\/diarieducacio.cat\/rella\/wp-content\/uploads\/sites\/26\/2025\/11\/Rella-portugal-3.jpg 1502w\" sizes=\"(max-width: 1024px) 100vw, 1024px\" \/><\/figure>\n\n\n\n<p>Vam comprovar que a prim\u00e0ria no disposen d&#8217;especialistes, per\u00f2 que el professorat de m\u00fasica i educaci\u00f3 f\u00edsica \u00e9s finan\u00e7at per l&#8217;ajuntament i aix\u00f2 implica que aquestes mat\u00e8ries es fan amb dos mestres a l&#8217;aula: el mateix tutor o tutora i l&#8217;especialista. El municipi \u00e9s considerat com una <strong>comunitat educadora<\/strong> \u201cOeiras educa\u201d, ofereix a les escoles m\u00faltiples i variades activitats i sortides (amb transport gratu\u00eft). Per\u00f2 tamb\u00e9, davant la dificultat de trobar professorat, el municipi ofereix al professorat que ho necessita ajudes pels lloguers i beques per m\u00e0sters i postgraus sempre que els estudis reverteixin en el territori.<\/p>\n\n\n\n<p>En els dos centres tamb\u00e9 vam tractar dels diferents nivells d&#8217;avaluaci\u00f3: interna de centre, anual i externa, cada dos anys per banda del ministeri. Per\u00f2 ens van manifestar que, si b\u00e9 abans les proves eren predictives i es passaven a l&#8217;alumnat al final de 2n, 5\u00e8 i 9\u00e8 (cursos de final de cicle) per tenir indicadors de com s&#8217;havia d&#8217;afrontar el nou cicle, ara est\u00e0 canviant la mentalitat del Ministeri i passen a ser proves verificadores a 4t i 6\u00e8. Tamb\u00e9 vam poder tractar el paper de les direccions que vam veure molt actives i amb funci\u00f3 facilitadora, qu\u00e8 significa el concurs de trasllats i com s&#8217;articula&#8230;<\/p>\n\n\n\n<p>En un dia, \u00e9s evident que no pots con\u00e8ixer totes les llums i ombres d&#8217;un sistema educatiu que sabem complex i contradictori; pel sistema portugu\u00e8s, la immersi\u00f3 ling\u00fc\u00edstica \u00e9s un fenomen nou, han de continuar aprofundint en totes les persones no docents del centre, que consideren molt importants, per\u00f2 que tenen unes retribucions molt baixes, la poca motivaci\u00f3 de la gent jove per dedicar-se a l&#8217;educaci\u00f3, els reptes de treballar per projectes a mesura que l&#8217;alumnat creix en edat&#8230;<\/p>\n\n\n\n<p>Per\u00f2 ens va reafirmar amb alguns aspectes que des de RELLA hem defensat en moltes ocasions: que els municipis han de tenir un paper important en el m\u00f3n educatiu i que <strong>l&#8217;educaci\u00f3 a temps complert ajuda a superar desigualtats<\/strong>, que l&#8217;educaci\u00f3 obligat\u00f2ria fins als divuit anys \u00e9s positiva, que el pressupost que es dedica a l&#8217;educaci\u00f3, s\u00ed que importa per poder donar resposta a les necessitats de les criatures. I, especialment, que <strong>quan hi ha equips docents amb direccions implicades i entusiastes, les dificultats es converteixen en reptes<\/strong> que es poden superar.<\/p>\n\n\n\n<p>I tamb\u00e9 volem aprofitar aquest article per agrair l&#8217;amabilitat i estima amb qu\u00e8 vam ser rebudes i tractades per banda de l&#8217;ajuntament i dels equips directius dels dos centres. Tot el grup hem valorat les visites com a molt interessants i profitoses.<\/p>\n","protected":false},"excerpt":{"rendered":"<p>El 29 d&#8217;octubre passat, un grup de socis i s\u00f2cies de RELLA vam viatjar a Portugal per tal de visitar dos centres educatius al Municipi d&#8217;Oeiras, proper a Lisboa. En concret, vam visitar el Agrupamento de Escolas Aquilino Ribeiro en el qual vam ser rebudes i acompanyades per Isabel Marques &#8211; Diretora do Agrupamento de<\/p>\n","protected":false},"author":358,"featured_media":2119,"comment_status":"open","ping_status":"open","sticky":false,"template":"","format":"standard","meta":{"footnotes":""},"categories":[106],"tags":[109,129],"tipo":[],"class_list":{"0":"post-2118","1":"post","2":"type-post","3":"status-publish","4":"format-standard","5":"has-post-thumbnail","7":"category-escola","8":"tag-escoles","9":"tag-portugal"},"yoast_head":"<!-- This site is optimized with the Yoast SEO plugin v27.5 - https:\/\/yoast.com\/product\/yoast-seo-wordpress\/ -->\n<title>La visita a centres educatius d&#039;Oeiras, una escapadeta molt aprofitada - El Blog de Rella<\/title>\n<meta name=\"robots\" content=\"index, follow, max-snippet:-1, max-image-preview:large, max-video-preview:-1\" \/>\n<link rel=\"canonical\" href=\"https:\/\/diarieducacio.cat\/rella\/2025\/11\/11\/la-visita-a-centres-educatius-doeiras-una-escapadeta-molt-aprofitada\/\" \/>\n<meta property=\"og:locale\" content=\"ca_ES\" \/>\n<meta property=\"og:type\" content=\"article\" \/>\n<meta property=\"og:title\" content=\"La visita a centres educatius d&#039;Oeiras, una escapadeta molt aprofitada - El Blog de Rella\" \/>\n<meta property=\"og:description\" content=\"El 29 d&#8217;octubre passat, un grup de socis i s\u00f2cies de RELLA vam viatjar a Portugal per tal de visitar dos centres educatius al Municipi d&#8217;Oeiras, proper a Lisboa. En concret, vam visitar el Agrupamento de Escolas Aquilino Ribeiro en el qual vam ser rebudes i acompanyades per Isabel Marques &#8211; Diretora do Agrupamento de\" \/>\n<meta property=\"og:url\" content=\"https:\/\/diarieducacio.cat\/rella\/2025\/11\/11\/la-visita-a-centres-educatius-doeiras-una-escapadeta-molt-aprofitada\/\" \/>\n<meta property=\"og:site_name\" content=\"El Blog de Rella\" \/>\n<meta property=\"article:publisher\" content=\"https:\/\/www.facebook.com\/diarieducacio\/\" \/>\n<meta property=\"article:published_time\" content=\"2025-11-11T01:01:00+00:00\" \/>\n<meta property=\"article:modified_time\" content=\"2025-11-11T11:39:57+00:00\" \/>\n<meta property=\"og:image\" content=\"https:\/\/diarieducacio.cat\/rella\/wp-content\/uploads\/sites\/26\/2025\/11\/rella-portugal-1.jpg\" \/>\n\t<meta property=\"og:image:width\" content=\"1256\" \/>\n\t<meta property=\"og:image:height\" content=\"967\" \/>\n\t<meta property=\"og:image:type\" content=\"image\/jpeg\" \/>\n<meta name=\"author\" content=\"Adelina Escandell Grases\" \/>\n<meta name=\"twitter:card\" content=\"summary_large_image\" \/>\n<meta name=\"twitter:creator\" content=\"@DiariEducacio\" \/>\n<meta name=\"twitter:site\" content=\"@DiariEducacio\" \/>\n<meta name=\"twitter:label1\" content=\"Escrit per\" \/>\n\t<meta name=\"twitter:data1\" content=\"Adelina Escandell Grases\" \/>\n\t<meta name=\"twitter:label2\" content=\"Temps estimat de lectura\" \/>\n\t<meta name=\"twitter:data2\" content=\"7 minuts\" \/>\n<script type=\"application\/ld+json\" class=\"yoast-schema-graph\">{\"@context\":\"https:\\\/\\\/schema.org\",\"@graph\":[{\"@type\":\"Article\",\"@id\":\"https:\\\/\\\/diarieducacio.cat\\\/rella\\\/2025\\\/11\\\/11\\\/la-visita-a-centres-educatius-doeiras-una-escapadeta-molt-aprofitada\\\/#article\",\"isPartOf\":{\"@id\":\"https:\\\/\\\/diarieducacio.cat\\\/rella\\\/2025\\\/11\\\/11\\\/la-visita-a-centres-educatius-doeiras-una-escapadeta-molt-aprofitada\\\/\"},\"author\":{\"name\":\"Adelina Escandell Grases\",\"@id\":\"https:\\\/\\\/diarieducacio.cat\\\/rella\\\/#\\\/schema\\\/person\\\/e9318b3206126b658f1cca86e5fabc3f\"},\"headline\":\"La visita a centres educatius d&#8217;Oeiras, una escapadeta molt aprofitada\",\"datePublished\":\"2025-11-11T01:01:00+00:00\",\"dateModified\":\"2025-11-11T11:39:57+00:00\",\"mainEntityOfPage\":{\"@id\":\"https:\\\/\\\/diarieducacio.cat\\\/rella\\\/2025\\\/11\\\/11\\\/la-visita-a-centres-educatius-doeiras-una-escapadeta-molt-aprofitada\\\/\"},\"wordCount\":1198,\"commentCount\":1,\"image\":{\"@id\":\"https:\\\/\\\/diarieducacio.cat\\\/rella\\\/2025\\\/11\\\/11\\\/la-visita-a-centres-educatius-doeiras-una-escapadeta-molt-aprofitada\\\/#primaryimage\"},\"thumbnailUrl\":\"https:\\\/\\\/diarieducacio.cat\\\/rella\\\/wp-content\\\/uploads\\\/sites\\\/26\\\/2025\\\/11\\\/rella-portugal-1.jpg\",\"keywords\":[\"escoles\",\"portugal\"],\"articleSection\":[\"Escola\"],\"inLanguage\":\"ca\",\"potentialAction\":[{\"@type\":\"CommentAction\",\"name\":\"Comment\",\"target\":[\"https:\\\/\\\/diarieducacio.cat\\\/rella\\\/2025\\\/11\\\/11\\\/la-visita-a-centres-educatius-doeiras-una-escapadeta-molt-aprofitada\\\/#respond\"]}]},{\"@type\":\"WebPage\",\"@id\":\"https:\\\/\\\/diarieducacio.cat\\\/rella\\\/2025\\\/11\\\/11\\\/la-visita-a-centres-educatius-doeiras-una-escapadeta-molt-aprofitada\\\/\",\"url\":\"https:\\\/\\\/diarieducacio.cat\\\/rella\\\/2025\\\/11\\\/11\\\/la-visita-a-centres-educatius-doeiras-una-escapadeta-molt-aprofitada\\\/\",\"name\":\"La visita a centres educatius d'Oeiras, una escapadeta molt aprofitada - El Blog de Rella\",\"isPartOf\":{\"@id\":\"https:\\\/\\\/diarieducacio.cat\\\/rella\\\/#website\"},\"primaryImageOfPage\":{\"@id\":\"https:\\\/\\\/diarieducacio.cat\\\/rella\\\/2025\\\/11\\\/11\\\/la-visita-a-centres-educatius-doeiras-una-escapadeta-molt-aprofitada\\\/#primaryimage\"},\"image\":{\"@id\":\"https:\\\/\\\/diarieducacio.cat\\\/rella\\\/2025\\\/11\\\/11\\\/la-visita-a-centres-educatius-doeiras-una-escapadeta-molt-aprofitada\\\/#primaryimage\"},\"thumbnailUrl\":\"https:\\\/\\\/diarieducacio.cat\\\/rella\\\/wp-content\\\/uploads\\\/sites\\\/26\\\/2025\\\/11\\\/rella-portugal-1.jpg\",\"datePublished\":\"2025-11-11T01:01:00+00:00\",\"dateModified\":\"2025-11-11T11:39:57+00:00\",\"author\":{\"@id\":\"https:\\\/\\\/diarieducacio.cat\\\/rella\\\/#\\\/schema\\\/person\\\/e9318b3206126b658f1cca86e5fabc3f\"},\"breadcrumb\":{\"@id\":\"https:\\\/\\\/diarieducacio.cat\\\/rella\\\/2025\\\/11\\\/11\\\/la-visita-a-centres-educatius-doeiras-una-escapadeta-molt-aprofitada\\\/#breadcrumb\"},\"inLanguage\":\"ca\",\"potentialAction\":[{\"@type\":\"ReadAction\",\"target\":[\"https:\\\/\\\/diarieducacio.cat\\\/rella\\\/2025\\\/11\\\/11\\\/la-visita-a-centres-educatius-doeiras-una-escapadeta-molt-aprofitada\\\/\"]}]},{\"@type\":\"ImageObject\",\"inLanguage\":\"ca\",\"@id\":\"https:\\\/\\\/diarieducacio.cat\\\/rella\\\/2025\\\/11\\\/11\\\/la-visita-a-centres-educatius-doeiras-una-escapadeta-molt-aprofitada\\\/#primaryimage\",\"url\":\"https:\\\/\\\/diarieducacio.cat\\\/rella\\\/wp-content\\\/uploads\\\/sites\\\/26\\\/2025\\\/11\\\/rella-portugal-1.jpg\",\"contentUrl\":\"https:\\\/\\\/diarieducacio.cat\\\/rella\\\/wp-content\\\/uploads\\\/sites\\\/26\\\/2025\\\/11\\\/rella-portugal-1.jpg\",\"width\":1256,\"height\":967},{\"@type\":\"BreadcrumbList\",\"@id\":\"https:\\\/\\\/diarieducacio.cat\\\/rella\\\/2025\\\/11\\\/11\\\/la-visita-a-centres-educatius-doeiras-una-escapadeta-molt-aprofitada\\\/#breadcrumb\",\"itemListElement\":[{\"@type\":\"ListItem\",\"position\":1,\"name\":\"Inici\",\"item\":\"https:\\\/\\\/diarieducacio.cat\\\/rella\\\/\"},{\"@type\":\"ListItem\",\"position\":2,\"name\":\"La visita a centres educatius d&#8217;Oeiras, una escapadeta molt aprofitada\"}]},{\"@type\":\"WebSite\",\"@id\":\"https:\\\/\\\/diarieducacio.cat\\\/rella\\\/#website\",\"url\":\"https:\\\/\\\/diarieducacio.cat\\\/rella\\\/\",\"name\":\"El Blog de Rella\",\"description\":\"Un blog de El Diari de l&#039;Educaci\u00f3\",\"potentialAction\":[{\"@type\":\"SearchAction\",\"target\":{\"@type\":\"EntryPoint\",\"urlTemplate\":\"https:\\\/\\\/diarieducacio.cat\\\/rella\\\/?s={search_term_string}\"},\"query-input\":{\"@type\":\"PropertyValueSpecification\",\"valueRequired\":true,\"valueName\":\"search_term_string\"}}],\"inLanguage\":\"ca\"},{\"@type\":\"Person\",\"@id\":\"https:\\\/\\\/diarieducacio.cat\\\/rella\\\/#\\\/schema\\\/person\\\/e9318b3206126b658f1cca86e5fabc3f\",\"name\":\"Adelina Escandell Grases\",\"image\":{\"@type\":\"ImageObject\",\"inLanguage\":\"ca\",\"@id\":\"https:\\\/\\\/diarieducacio.cat\\\/rella\\\/wp-content\\\/uploads\\\/sites\\\/26\\\/2025\\\/02\\\/adelina-escandell-grases_avatar-96x96.jpg\",\"url\":\"https:\\\/\\\/diarieducacio.cat\\\/rella\\\/wp-content\\\/uploads\\\/sites\\\/26\\\/2025\\\/02\\\/adelina-escandell-grases_avatar-96x96.jpg\",\"contentUrl\":\"https:\\\/\\\/diarieducacio.cat\\\/rella\\\/wp-content\\\/uploads\\\/sites\\\/26\\\/2025\\\/02\\\/adelina-escandell-grases_avatar-96x96.jpg\",\"caption\":\"Adelina Escandell Grases\"},\"description\":\"Grup d'educaci\u00f3 de RELLA\",\"url\":\"https:\\\/\\\/diarieducacio.cat\\\/rella\\\/author\\\/aescandell\\\/\"}]}<\/script>\n<!-- \/ Yoast SEO plugin. -->","yoast_head_json":{"title":"La visita a centres educatius d'Oeiras, una escapadeta molt aprofitada - El Blog de Rella","robots":{"index":"index","follow":"follow","max-snippet":"max-snippet:-1","max-image-preview":"max-image-preview:large","max-video-preview":"max-video-preview:-1"},"canonical":"https:\/\/diarieducacio.cat\/rella\/2025\/11\/11\/la-visita-a-centres-educatius-doeiras-una-escapadeta-molt-aprofitada\/","og_locale":"ca_ES","og_type":"article","og_title":"La visita a centres educatius d'Oeiras, una escapadeta molt aprofitada - El Blog de Rella","og_description":"El 29 d&#8217;octubre passat, un grup de socis i s\u00f2cies de RELLA vam viatjar a Portugal per tal de visitar dos centres educatius al Municipi d&#8217;Oeiras, proper a Lisboa. En concret, vam visitar el Agrupamento de Escolas Aquilino Ribeiro en el qual vam ser rebudes i acompanyades per Isabel Marques &#8211; Diretora do Agrupamento de","og_url":"https:\/\/diarieducacio.cat\/rella\/2025\/11\/11\/la-visita-a-centres-educatius-doeiras-una-escapadeta-molt-aprofitada\/","og_site_name":"El Blog de Rella","article_publisher":"https:\/\/www.facebook.com\/diarieducacio\/","article_published_time":"2025-11-11T01:01:00+00:00","article_modified_time":"2025-11-11T11:39:57+00:00","og_image":[{"width":1256,"height":967,"url":"https:\/\/diarieducacio.cat\/rella\/wp-content\/uploads\/sites\/26\/2025\/11\/rella-portugal-1.jpg","type":"image\/jpeg"}],"author":"Adelina Escandell Grases","twitter_card":"summary_large_image","twitter_creator":"@DiariEducacio","twitter_site":"@DiariEducacio","twitter_misc":{"Escrit per":"Adelina Escandell Grases","Temps estimat de lectura":"7 minuts"},"schema":{"@context":"https:\/\/schema.org","@graph":[{"@type":"Article","@id":"https:\/\/diarieducacio.cat\/rella\/2025\/11\/11\/la-visita-a-centres-educatius-doeiras-una-escapadeta-molt-aprofitada\/#article","isPartOf":{"@id":"https:\/\/diarieducacio.cat\/rella\/2025\/11\/11\/la-visita-a-centres-educatius-doeiras-una-escapadeta-molt-aprofitada\/"},"author":{"name":"Adelina Escandell Grases","@id":"https:\/\/diarieducacio.cat\/rella\/#\/schema\/person\/e9318b3206126b658f1cca86e5fabc3f"},"headline":"La visita a centres educatius d&#8217;Oeiras, una escapadeta molt aprofitada","datePublished":"2025-11-11T01:01:00+00:00","dateModified":"2025-11-11T11:39:57+00:00","mainEntityOfPage":{"@id":"https:\/\/diarieducacio.cat\/rella\/2025\/11\/11\/la-visita-a-centres-educatius-doeiras-una-escapadeta-molt-aprofitada\/"},"wordCount":1198,"commentCount":1,"image":{"@id":"https:\/\/diarieducacio.cat\/rella\/2025\/11\/11\/la-visita-a-centres-educatius-doeiras-una-escapadeta-molt-aprofitada\/#primaryimage"},"thumbnailUrl":"https:\/\/diarieducacio.cat\/rella\/wp-content\/uploads\/sites\/26\/2025\/11\/rella-portugal-1.jpg","keywords":["escoles","portugal"],"articleSection":["Escola"],"inLanguage":"ca","potentialAction":[{"@type":"CommentAction","name":"Comment","target":["https:\/\/diarieducacio.cat\/rella\/2025\/11\/11\/la-visita-a-centres-educatius-doeiras-una-escapadeta-molt-aprofitada\/#respond"]}]},{"@type":"WebPage","@id":"https:\/\/diarieducacio.cat\/rella\/2025\/11\/11\/la-visita-a-centres-educatius-doeiras-una-escapadeta-molt-aprofitada\/","url":"https:\/\/diarieducacio.cat\/rella\/2025\/11\/11\/la-visita-a-centres-educatius-doeiras-una-escapadeta-molt-aprofitada\/","name":"La visita a centres educatius d'Oeiras, una escapadeta molt aprofitada - El Blog de Rella","isPartOf":{"@id":"https:\/\/diarieducacio.cat\/rella\/#website"},"primaryImageOfPage":{"@id":"https:\/\/diarieducacio.cat\/rella\/2025\/11\/11\/la-visita-a-centres-educatius-doeiras-una-escapadeta-molt-aprofitada\/#primaryimage"},"image":{"@id":"https:\/\/diarieducacio.cat\/rella\/2025\/11\/11\/la-visita-a-centres-educatius-doeiras-una-escapadeta-molt-aprofitada\/#primaryimage"},"thumbnailUrl":"https:\/\/diarieducacio.cat\/rella\/wp-content\/uploads\/sites\/26\/2025\/11\/rella-portugal-1.jpg","datePublished":"2025-11-11T01:01:00+00:00","dateModified":"2025-11-11T11:39:57+00:00","author":{"@id":"https:\/\/diarieducacio.cat\/rella\/#\/schema\/person\/e9318b3206126b658f1cca86e5fabc3f"},"breadcrumb":{"@id":"https:\/\/diarieducacio.cat\/rella\/2025\/11\/11\/la-visita-a-centres-educatius-doeiras-una-escapadeta-molt-aprofitada\/#breadcrumb"},"inLanguage":"ca","potentialAction":[{"@type":"ReadAction","target":["https:\/\/diarieducacio.cat\/rella\/2025\/11\/11\/la-visita-a-centres-educatius-doeiras-una-escapadeta-molt-aprofitada\/"]}]},{"@type":"ImageObject","inLanguage":"ca","@id":"https:\/\/diarieducacio.cat\/rella\/2025\/11\/11\/la-visita-a-centres-educatius-doeiras-una-escapadeta-molt-aprofitada\/#primaryimage","url":"https:\/\/diarieducacio.cat\/rella\/wp-content\/uploads\/sites\/26\/2025\/11\/rella-portugal-1.jpg","contentUrl":"https:\/\/diarieducacio.cat\/rella\/wp-content\/uploads\/sites\/26\/2025\/11\/rella-portugal-1.jpg","width":1256,"height":967},{"@type":"BreadcrumbList","@id":"https:\/\/diarieducacio.cat\/rella\/2025\/11\/11\/la-visita-a-centres-educatius-doeiras-una-escapadeta-molt-aprofitada\/#breadcrumb","itemListElement":[{"@type":"ListItem","position":1,"name":"Inici","item":"https:\/\/diarieducacio.cat\/rella\/"},{"@type":"ListItem","position":2,"name":"La visita a centres educatius d&#8217;Oeiras, una escapadeta molt aprofitada"}]},{"@type":"WebSite","@id":"https:\/\/diarieducacio.cat\/rella\/#website","url":"https:\/\/diarieducacio.cat\/rella\/","name":"El Blog de Rella","description":"Un blog de El Diari de l&#039;Educaci\u00f3","potentialAction":[{"@type":"SearchAction","target":{"@type":"EntryPoint","urlTemplate":"https:\/\/diarieducacio.cat\/rella\/?s={search_term_string}"},"query-input":{"@type":"PropertyValueSpecification","valueRequired":true,"valueName":"search_term_string"}}],"inLanguage":"ca"},{"@type":"Person","@id":"https:\/\/diarieducacio.cat\/rella\/#\/schema\/person\/e9318b3206126b658f1cca86e5fabc3f","name":"Adelina Escandell Grases","image":{"@type":"ImageObject","inLanguage":"ca","@id":"https:\/\/diarieducacio.cat\/rella\/wp-content\/uploads\/sites\/26\/2025\/02\/adelina-escandell-grases_avatar-96x96.jpg","url":"https:\/\/diarieducacio.cat\/rella\/wp-content\/uploads\/sites\/26\/2025\/02\/adelina-escandell-grases_avatar-96x96.jpg","contentUrl":"https:\/\/diarieducacio.cat\/rella\/wp-content\/uploads\/sites\/26\/2025\/02\/adelina-escandell-grases_avatar-96x96.jpg","caption":"Adelina Escandell Grases"},"description":"Grup d'educaci\u00f3 de RELLA","url":"https:\/\/diarieducacio.cat\/rella\/author\/aescandell\/"}]}},"_links":{"self":[{"href":"https:\/\/diarieducacio.cat\/rella\/wp-json\/wp\/v2\/posts\/2118","targetHints":{"allow":["GET"]}}],"collection":[{"href":"https:\/\/diarieducacio.cat\/rella\/wp-json\/wp\/v2\/posts"}],"about":[{"href":"https:\/\/diarieducacio.cat\/rella\/wp-json\/wp\/v2\/types\/post"}],"author":[{"embeddable":true,"href":"https:\/\/diarieducacio.cat\/rella\/wp-json\/wp\/v2\/users\/358"}],"replies":[{"embeddable":true,"href":"https:\/\/diarieducacio.cat\/rella\/wp-json\/wp\/v2\/comments?post=2118"}],"version-history":[{"count":4,"href":"https:\/\/diarieducacio.cat\/rella\/wp-json\/wp\/v2\/posts\/2118\/revisions"}],"predecessor-version":[{"id":2128,"href":"https:\/\/diarieducacio.cat\/rella\/wp-json\/wp\/v2\/posts\/2118\/revisions\/2128"}],"wp:featuredmedia":[{"embeddable":true,"href":"https:\/\/diarieducacio.cat\/rella\/wp-json\/wp\/v2\/media\/2119"}],"wp:attachment":[{"href":"https:\/\/diarieducacio.cat\/rella\/wp-json\/wp\/v2\/media?parent=2118"}],"wp:term":[{"taxonomy":"category","embeddable":true,"href":"https:\/\/diarieducacio.cat\/rella\/wp-json\/wp\/v2\/categories?post=2118"},{"taxonomy":"post_tag","embeddable":true,"href":"https:\/\/diarieducacio.cat\/rella\/wp-json\/wp\/v2\/tags?post=2118"},{"taxonomy":"tipo","embeddable":true,"href":"https:\/\/diarieducacio.cat\/rella\/wp-json\/wp\/v2\/tipo?post=2118"}],"curies":[{"name":"wp","href":"https:\/\/api.w.org\/{rel}","templated":true}]}}