{"id":212,"date":"2020-01-08T00:50:32","date_gmt":"2020-01-07T22:50:32","guid":{"rendered":"https:\/\/diarieducacio.cat\/rella\/?p=212"},"modified":"2020-01-08T00:50:32","modified_gmt":"2020-01-07T22:50:32","slug":"apunts-de-la-prehistoria-de-rella","status":"publish","type":"post","link":"https:\/\/diarieducacio.cat\/rella\/2020\/01\/08\/apunts-de-la-prehistoria-de-rella\/","title":{"rendered":"Apunts de la prehist\u00f2ria de Rella"},"content":{"rendered":"<figure id=\"attachment_214\" aria-describedby=\"caption-attachment-214\" style=\"width: 2560px\" class=\"wp-caption aligncenter\"><img fetchpriority=\"high\" decoding=\"async\" class=\"wp-image-214 size-full\" src=\"https:\/\/diarieducacio.cat\/rella\/wp-content\/uploads\/sites\/31\/2020\/01\/Reuni\u00f3-amb-el-Conseller-scaled.jpg\" alt=\"\" width=\"2560\" height=\"1707\" \/><figcaption id=\"caption-attachment-214\" class=\"wp-caption-text\">Reuni\u00f3 amb el conseller Maragall | Arxiu Rella<\/figcaption><\/figure>\n<h3><strong>D\u2019una provocaci\u00f3 a un projecte<\/strong><\/h3>\n<p>El 31 de Mar\u00e7 de 2009 ens va rebre Francesc Vidal en nom del conseller Maragall. Ell ens va explicar que creien que era bo posar aquell article en l\u2019avantprojecte de la LEC i nosaltres li deixarem un document on hi havia escrit una llista de possibilitats del que podrien fer els jubilats i jubilades d\u2019\u00e0mbits educatius. Alguns exemples:<\/p>\n<ol>\n<li>Estimular als mestres i professorat a escriure les seves mem\u00f2ries, i recollir materials professionals.<\/li>\n<li>Aportacions regulars a l\u2019escola: amb alumnes, als espais especialitzats, fent acompanyament de tutories i pr\u00e0ctiques. Tamb\u00e9 col\u00b7laborar amb les AMPA i associacions d\u2019alumnes.<\/li>\n<li>Aportacions a l\u2019Ajuntament o Districte Municipal. IME\u2019s<\/li>\n<li>Als Centres de Recursos.<\/li>\n<li>A les Universitats i Escoles de Formaci\u00f3 del Professorat (Normals).<\/li>\n<li>A la conselleria d\u2019Educaci\u00f3.<\/li>\n<\/ol>\n<p>En la mateixa conversa ja van sortir dos temes clau: El voluntariat. La no ocupaci\u00f3 d\u2019un lloc de treball.<\/p>\n<h3><strong>Inicis<\/strong><\/h3>\n<p>Per fer l\u2019Associaci\u00f3 feien falta mestres. Les primeres llistes de jubilats les van proporcionar l\u2019Anna Piguillem i en Ricard Aymeric. Per comen\u00e7ar ten\u00edem una dotzena i mitja d\u2019adreces electr\u00f2niques.<\/p>\n<p>Gr\u00e0cies a aix\u00f2 es va convocar una reuni\u00f3. Hi assisteixen Montserrat Bastardas, Isabel Francesc, Jordi Maduell, Merc\u00e8 Marimon, Antoni Poch i Montserrat Sala, per parlar de qu\u00e8 els semblava la idea i si s\u2019animarien a emp\u00e8nyer el projecte. Aquesta reuni\u00f3 va ser l\u201911 de juny de 2009. \u00c9s molt remarcable que entre sis persones aport\u00e0vem experi\u00e8ncies des de l\u2019escola bressol fins al batxillerat, fent servir un llenguatge com\u00fa. De ganes d\u2019aprofitar la nostra hist\u00f2ria docent.<\/p>\n<p>En successives reunions, que comen\u00e7aven fent les presentacions individuals, ja v\u00e0rem descobrir que hom individualment, un cop acabada la seva etapa laboral, s\u2019havia buscat activitats en el camp de l\u2019educaci\u00f3. El nostre projecte podia coordinar-les i potenciar-les.<\/p>\n<p>Algunes de les activitats que ja feien els jubilats que ens v\u00e0rem trobar en els inicis:<\/p>\n<ul>\n<li>Participaci\u00f3 de la gesti\u00f3 de la Coordinadora 3-18 Horta-Guinard\u00f3, conjuntament amb el CRP.<\/li>\n<li>Col\u00b7laboraci\u00f3 com a traductor de documents del catal\u00e0 al castell\u00e0 per al grup APS (Aprenentatge Servei).<\/li>\n<li>Organitzar i mantenir viu un hort a l\u2019escola de prim\u00e0ria amb alumnes de 4t, 5\u00e8 i 6\u00e8.<\/li>\n<li>Ajudar als mestres per a les reunions de pares<\/li>\n<li>Hist\u00f2ria de l\u2019educaci\u00f3 a l\u2019Hospitalet a partir de les escoles. Casalet del Mestre.<\/li>\n<li>Portar avis i \u00e0vies a l\u2019escola per ensenyar sardanes, jocs, costums&#8230;<\/li>\n<\/ul>\n<p>En aquestes primeres trobades es notava l\u2019inter\u00e8s per repassar la hist\u00f2ria professional i fer-ho servir com a material de reflexi\u00f3 sobre el present i futur de l\u2019educaci\u00f3.<\/p>\n<figure id=\"attachment_217\" aria-describedby=\"caption-attachment-217\" style=\"width: 2560px\" class=\"wp-caption alignnone\"><img decoding=\"async\" class=\"wp-image-217 size-full\" src=\"https:\/\/diarieducacio.cat\/rella\/wp-content\/uploads\/sites\/31\/2020\/01\/Jornada-de-treball-interna-scaled.jpg\" alt=\"\" width=\"2560\" height=\"1706\" \/><figcaption id=\"caption-attachment-217\" class=\"wp-caption-text\">Jornada de treball interna | Arxiu Rella<\/figcaption><\/figure>\n<h3><strong>Cal anar concretant<\/strong><\/h3>\n<p>A una associaci\u00f3 li calen uns objectius, un nom, una seu, una quota. Tamb\u00e9 m\u00e9s endavant uns estatuts.<\/p>\n<p>Aquestes coses les vam anar treballant durant les reunions mensuals i es resolen el primer trimestre del 2010. Simult\u00e0niament es consolida el grup dinamitzador format per Pilar Closas, Montserrat Company, N\u00faria Figuerola, Maria Guilera, Enric Lahoz, Jordi Maduell, Ma Vict\u00f2ria Maduell, Llu\u00efsa Salvador, Albert Sol\u00e0 i Herm\u00ednia Villa, els quals es reuneix m\u00e9s sovint, greixen l\u2019organitzaci\u00f3 interna, es reparteixen les feines i representen a la futura associaci\u00f3 en els contactes amb l\u2019exterior.<\/p>\n<h3><strong>Objectius<\/strong><\/h3>\n<p>Remarquem que va ser f\u00e0cil posar-nos d\u2019acord i es van aprovar per assentiment el gener del 2010. El proc\u00e9s va cohesionar el grup. La majoria d\u2019objectius enfocats en com a partir de les nostres experi\u00e8ncies podr\u00edem ajudar a millorar el sistema, retornant a la societat part del que hav\u00edem rebut mentre treball\u00e0vem. Alguns exemples dels objectius aprovats el gener de 2010:<\/p>\n<ol>\n<li>Acollir els i les mestres que creuen que amb el seu criteri i experi\u00e8ncia poden ajudar a millorar l\u2019escola catalana, sobretot la p\u00fablica.<\/li>\n<li>Fomentar la col\u00b7laboraci\u00f3 de l\u2019associaci\u00f3 en actuacions singulars o continuades als centres educatius per infants i joves (0-18), en \u00e0mbits de formaci\u00f3 i inicial i continuada i en altres entitats. Atendre i canalitzar les demandes que ens arribin.<\/li>\n<li>Afavorir la continu\u00eftat de la culturalitzaci\u00f3 dels associats informant, difonent i organitzant confer\u00e8ncies, lectures, exposicions, pel\u00b7l\u00edcules, concerts, teatre i dansa, i tamb\u00e9 excursions, sortides, viatges i altres descobertes.<\/li>\n<li>Mantenir-nos independents ideol\u00f2gicament i econ\u00f2mica. Autoimposar-nos les obligacions derivades de la primera part d\u2019aquest objectiu.<\/li>\n<\/ol>\n<h3><strong>El nom<\/strong><\/h3>\n<p><strong>RELLA<\/strong> va sorgir despr\u00e9s de diverses alternatives que no varen quallar. El seu significat (\u201cpart fixada al dental de l\u2019arada, penetra a la terra fent solcs\u201d<strong><em>) <\/em><\/strong>va satisfer tothom. Cal dir que ara ja hi estem identificats plenament. Ens diem RELLA, Associaci\u00f3 de Mestres i Professorat Jubilats.<\/p>\n<figure id=\"attachment_219\" aria-describedby=\"caption-attachment-219\" style=\"width: 2560px\" class=\"wp-caption alignnone\"><img decoding=\"async\" class=\"wp-image-219 size-full\" src=\"https:\/\/diarieducacio.cat\/rella\/wp-content\/uploads\/sites\/31\/2020\/01\/Sortida-a-Les-Guilleries-scaled.jpg\" alt=\"\" width=\"2560\" height=\"1707\" \/><figcaption id=\"caption-attachment-219\" class=\"wp-caption-text\">Sortida a Les Guilleries | Arxiu Rella<\/figcaption><\/figure>\n<h3><strong>Seu, territori i quota<\/strong><\/h3>\n<p>La q\u00fcesti\u00f3 de la seu social o local de l\u2019associaci\u00f3 no era nom\u00e9s una q\u00fcesti\u00f3 geogr\u00e0fica. Necessit\u00e0vem llocs de trobada i connexions ideol\u00f2giques. Converses i reunions diverses varen concretar-se en cercar aixopluc en la Federaci\u00f3 de Moviments de Renovaci\u00f3 Pedag\u00f2gica de Catalunya (nosaltres encara no ten\u00edem entitat jur\u00eddica). Per a la pr\u00e0ctica quotidiana de reunions i trobades v\u00e0rem acollir-nos a Centres de Recursos, IMEB&#8230; els quals oferien els seus locals gratu\u00eftament a RELLA. La nostra il\u00b7lusi\u00f3 \u00e9s ser una associaci\u00f3 de tot Catalunya. Hi ha dificultats pr\u00e0ctiques insuperables de moment. Estem oberts a fer xarxa des del primer moment.<\/p>\n<p>Totes aquestes q\u00fcestions organitzatives no gaire divertides i\u00a0 poc engrescadores (com organitzar el fitxer de socis i les seves adreces electr\u00f2niques i disposar d\u2019un lloc virtual o informar, un web corporatiu) ens van prendre molt de temps i gestions. Tamb\u00e9 cal dir que si ens hagu\u00e9ssim decidit per una associaci\u00f3 independent legalitzada, el temps s\u2019hauria esmer\u00e7at en fer els estatuts i seguir el proc\u00e9s per votar els c\u00e0rrecs corresponents.<\/p>\n<p>La quota es va fixar sense discrep\u00e0ncies. Quantitat necessitaria i no discriminat\u00f2ria: 20\u20ac anuals.<\/p>\n<h3><strong>Vida incipient pr\u00f2pia<\/strong><\/h3>\n<p>En paral\u00b7lel i amb poca intensitat, i a partir del boca a orella, an\u00e0vem engruixint la llista d\u2019interessats, els quals a partir del seu ingr\u00e9s rebien totes les convocat\u00f2ries i altres materials. El m\u00e9s important era poder participar en les reunions generals mensuals.<\/p>\n<p>Ten\u00edem contactes amb mestres i professors de Lleida, Santa Coloma de Gramenet, Granollers i Matar\u00f3. Ens varem inventar un sistema per cr\u00e9ixer: anar a una localitat catalana per con\u00e8ixer-la i presentar RELLA. La primera va ser Cervera, amb resultats desiguals per\u00f2 globalment positius per l\u2019associaci\u00f3.<\/p>\n<h3><strong>El primer any de l&#8217;associaci\u00f3<\/strong><\/h3>\n<p>Quan feia un any de la creaci\u00f3 de RELLA vam passar llista a tot el que hav\u00edem fet:<\/p>\n<h3><strong><img loading=\"lazy\" decoding=\"async\" class=\"alignright wp-image-216\" src=\"https:\/\/diarieducacio.cat\/rella\/wp-content\/uploads\/sites\/31\/2020\/01\/Carpeta-20101124-156x300.jpg\" alt=\"\" width=\"250\" height=\"480\" \/><\/strong><\/h3>\n<ul>\n<li>Hem comen\u00e7at a treballar col\u00b7laborant amb el Programa \u201c\u00c8xit\u201d que impulsa el Consorci d\u2019Educaci\u00f3 de Barcelona.<\/li>\n<li>Tamb\u00e9 en el grup de treball sobre El Codi Deontol\u00f2gic, Codi \u00c8tic, de la nostra professi\u00f3 que organitza la Federaci\u00f3.<\/li>\n<li>Ens hem proposat fer un grup de treball\u00a0 que porta per t\u00edtol \u201cInvariants Pedag\u00f2giques 2009\u201d i que\u00a0 es relacionar\u00e0 amb el que impulsa la Federaci\u00f3 \u201cCap on va l\u2019educaci\u00f3?\u201d.<\/li>\n<li>Hem muntat dues comissions: una per debatre \u201cTemes d\u2019actualitat educativa\u201d, com per exemple el \u201cDecret d\u2019Autonomia de Centres\u201d o el tema de les \u201cSortides i Col\u00f2nies\u201c i l\u2019altra per organitzar \u201cActes i sortides culturals\u201d.<\/li>\n<li>Des de la DGACE, Isabel Darder ens ha ofert la possibilitat de participar amb d\u2019altres grups o associacions semblants, en una \u201cTaula de Jubilats\u201d.<\/li>\n<li>Hem fet ja dues reunions: La primera, constitutiva, va ser presidida per l\u2019honorable conseller Maragall. En la segona, ja ens va donar respostes (per exemple, que entrem en la p\u00f2lissa d\u2019asseguran\u00e7a que la Generalitat t\u00e9 contractada per cobrir la responsabilitat civil dels mestres quan fan activitats amb alumnes en els centres).<\/li>\n<li>Hem connectat amb Fundaci\u00f3 Propedag\u00f2gic<\/li>\n<li>Tamb\u00e9 amb el Consorci d\u2019Educaci\u00f3 de Barcelona<\/li>\n<li>Hem iniciat converses amb la Diputaci\u00f3 de Barcelona<\/li>\n<li>Hi ha bona entesa amb Abacus Cooperativa<\/li>\n<li>Ens obrirem a mida de les nostres possibilitats<\/li>\n<li>Hem organitzat aquesta Jornada del dia 24 de novembre de 2010<\/li>\n<\/ul>\n<p><strong>Ara fa deu anys. Celebrem-ho!!!<\/strong><\/p>\n","protected":false},"excerpt":{"rendered":"<p>Primavera del 2009. Un mestre jubilat i un avantprojecte de Llei d\u2019Educaci\u00f3 de Catalunya. Dues realitats que es troben en l\u2019article 95.3, on es diu que  \u201cl\u2019administraci\u00f3 educativa ha d\u2019afavorir l\u2019aprofitament de l\u2019experi\u00e8ncia professional del professorat jubilat\u201d. Tenim una primera idea te\u00f2rica del que podrien oferir els jubilats. Elaborem un document i truquem a la conselleria.<\/p>\n","protected":false},"author":362,"featured_media":0,"comment_status":"open","ping_status":"closed","sticky":false,"template":"","format":"standard","meta":{"footnotes":""},"categories":[2],"tags":[],"tipo":[],"class_list":{"0":"post-212","1":"post","2":"type-post","3":"status-publish","4":"format-standard","6":"category-general"},"yoast_head":"<!-- This site is optimized with the Yoast SEO plugin v27.4 - https:\/\/yoast.com\/product\/yoast-seo-wordpress\/ -->\n<title>Apunts de la prehist\u00f2ria de Rella - El Blog de Rella<\/title>\n<meta name=\"robots\" content=\"index, follow, max-snippet:-1, max-image-preview:large, max-video-preview:-1\" \/>\n<link rel=\"canonical\" href=\"https:\/\/diarieducacio.cat\/rella\/2020\/01\/08\/apunts-de-la-prehistoria-de-rella\/\" \/>\n<meta property=\"og:locale\" content=\"ca_ES\" \/>\n<meta property=\"og:type\" content=\"article\" \/>\n<meta property=\"og:title\" content=\"Apunts de la prehist\u00f2ria de Rella - El Blog de Rella\" \/>\n<meta property=\"og:description\" content=\"Primavera del 2009. Un mestre jubilat i un avantprojecte de Llei d\u2019Educaci\u00f3 de Catalunya. Dues realitats que es troben en l\u2019article 95.3, on es diu que \u201cl\u2019administraci\u00f3 educativa ha d\u2019afavorir l\u2019aprofitament de l\u2019experi\u00e8ncia professional del professorat jubilat\u201d. Tenim una primera idea te\u00f2rica del que podrien oferir els jubilats. Elaborem un document i truquem a la conselleria.\" \/>\n<meta property=\"og:url\" content=\"https:\/\/diarieducacio.cat\/rella\/2020\/01\/08\/apunts-de-la-prehistoria-de-rella\/\" \/>\n<meta property=\"og:site_name\" content=\"El Blog de Rella\" \/>\n<meta property=\"article:publisher\" content=\"https:\/\/www.facebook.com\/diarieducacio\/\" \/>\n<meta property=\"article:published_time\" content=\"2020-01-07T22:50:32+00:00\" \/>\n<meta property=\"og:image\" content=\"https:\/\/diarieducacio.cat\/rella\/wp-content\/uploads\/sites\/31\/2020\/01\/Jornada-de-treball-interna-scaled.jpg\" \/>\n<meta name=\"author\" content=\"Jordi Maduell\" \/>\n<meta name=\"twitter:card\" content=\"summary_large_image\" \/>\n<meta name=\"twitter:creator\" content=\"@DiariEducacio\" \/>\n<meta name=\"twitter:site\" content=\"@DiariEducacio\" \/>\n<meta name=\"twitter:label1\" content=\"Escrit per\" \/>\n\t<meta name=\"twitter:data1\" content=\"Jordi Maduell\" \/>\n\t<meta name=\"twitter:label2\" content=\"Temps estimat de lectura\" \/>\n\t<meta name=\"twitter:data2\" content=\"7 minuts\" \/>\n<script type=\"application\/ld+json\" class=\"yoast-schema-graph\">{\"@context\":\"https:\\\/\\\/schema.org\",\"@graph\":[{\"@type\":\"Article\",\"@id\":\"https:\\\/\\\/diarieducacio.cat\\\/rella\\\/2020\\\/01\\\/08\\\/apunts-de-la-prehistoria-de-rella\\\/#article\",\"isPartOf\":{\"@id\":\"https:\\\/\\\/diarieducacio.cat\\\/rella\\\/2020\\\/01\\\/08\\\/apunts-de-la-prehistoria-de-rella\\\/\"},\"author\":{\"name\":\"Jordi Maduell\",\"@id\":\"https:\\\/\\\/diarieducacio.cat\\\/rella\\\/#\\\/schema\\\/person\\\/a2748fb33175ad586af0dad9fa7302b3\"},\"headline\":\"Apunts de la prehist\u00f2ria de Rella\",\"datePublished\":\"2020-01-07T22:50:32+00:00\",\"mainEntityOfPage\":{\"@id\":\"https:\\\/\\\/diarieducacio.cat\\\/rella\\\/2020\\\/01\\\/08\\\/apunts-de-la-prehistoria-de-rella\\\/\"},\"wordCount\":1406,\"commentCount\":0,\"image\":{\"@id\":\"https:\\\/\\\/diarieducacio.cat\\\/rella\\\/2020\\\/01\\\/08\\\/apunts-de-la-prehistoria-de-rella\\\/#primaryimage\"},\"thumbnailUrl\":\"https:\\\/\\\/diarieducacio.cat\\\/rella\\\/wp-content\\\/uploads\\\/sites\\\/31\\\/2020\\\/01\\\/Jornada-de-treball-interna-scaled.jpg\",\"articleSection\":[\"General\"],\"inLanguage\":\"ca\",\"potentialAction\":[{\"@type\":\"CommentAction\",\"name\":\"Comment\",\"target\":[\"https:\\\/\\\/diarieducacio.cat\\\/rella\\\/2020\\\/01\\\/08\\\/apunts-de-la-prehistoria-de-rella\\\/#respond\"]}]},{\"@type\":\"WebPage\",\"@id\":\"https:\\\/\\\/diarieducacio.cat\\\/rella\\\/2020\\\/01\\\/08\\\/apunts-de-la-prehistoria-de-rella\\\/\",\"url\":\"https:\\\/\\\/diarieducacio.cat\\\/rella\\\/2020\\\/01\\\/08\\\/apunts-de-la-prehistoria-de-rella\\\/\",\"name\":\"Apunts de la prehist\u00f2ria de Rella - El Blog de Rella\",\"isPartOf\":{\"@id\":\"https:\\\/\\\/diarieducacio.cat\\\/rella\\\/#website\"},\"primaryImageOfPage\":{\"@id\":\"https:\\\/\\\/diarieducacio.cat\\\/rella\\\/2020\\\/01\\\/08\\\/apunts-de-la-prehistoria-de-rella\\\/#primaryimage\"},\"image\":{\"@id\":\"https:\\\/\\\/diarieducacio.cat\\\/rella\\\/2020\\\/01\\\/08\\\/apunts-de-la-prehistoria-de-rella\\\/#primaryimage\"},\"thumbnailUrl\":\"https:\\\/\\\/diarieducacio.cat\\\/rella\\\/wp-content\\\/uploads\\\/sites\\\/31\\\/2020\\\/01\\\/Jornada-de-treball-interna-scaled.jpg\",\"datePublished\":\"2020-01-07T22:50:32+00:00\",\"author\":{\"@id\":\"https:\\\/\\\/diarieducacio.cat\\\/rella\\\/#\\\/schema\\\/person\\\/a2748fb33175ad586af0dad9fa7302b3\"},\"breadcrumb\":{\"@id\":\"https:\\\/\\\/diarieducacio.cat\\\/rella\\\/2020\\\/01\\\/08\\\/apunts-de-la-prehistoria-de-rella\\\/#breadcrumb\"},\"inLanguage\":\"ca\",\"potentialAction\":[{\"@type\":\"ReadAction\",\"target\":[\"https:\\\/\\\/diarieducacio.cat\\\/rella\\\/2020\\\/01\\\/08\\\/apunts-de-la-prehistoria-de-rella\\\/\"]}]},{\"@type\":\"ImageObject\",\"inLanguage\":\"ca\",\"@id\":\"https:\\\/\\\/diarieducacio.cat\\\/rella\\\/2020\\\/01\\\/08\\\/apunts-de-la-prehistoria-de-rella\\\/#primaryimage\",\"url\":\"https:\\\/\\\/diarieducacio.cat\\\/rella\\\/wp-content\\\/uploads\\\/sites\\\/26\\\/2014\\\/04\\\/800px-Encuentro_de_Michelle_Bachelet_con_lideres_estudiantiles.jpg\",\"contentUrl\":\"https:\\\/\\\/diarieducacio.cat\\\/rella\\\/wp-content\\\/uploads\\\/sites\\\/26\\\/2014\\\/04\\\/800px-Encuentro_de_Michelle_Bachelet_con_lideres_estudiantiles.jpg\",\"width\":800,\"height\":533,\"caption\":\"Michelle Bachelet en un acte amb diversos representants estudiantils\"},{\"@type\":\"BreadcrumbList\",\"@id\":\"https:\\\/\\\/diarieducacio.cat\\\/rella\\\/2020\\\/01\\\/08\\\/apunts-de-la-prehistoria-de-rella\\\/#breadcrumb\",\"itemListElement\":[{\"@type\":\"ListItem\",\"position\":1,\"name\":\"Inici\",\"item\":\"https:\\\/\\\/diarieducacio.cat\\\/rella\\\/\"},{\"@type\":\"ListItem\",\"position\":2,\"name\":\"Apunts de la prehist\u00f2ria de Rella\"}]},{\"@type\":\"WebSite\",\"@id\":\"https:\\\/\\\/diarieducacio.cat\\\/rella\\\/#website\",\"url\":\"https:\\\/\\\/diarieducacio.cat\\\/rella\\\/\",\"name\":\"El Blog de Rella\",\"description\":\"Un blog de El Diari de l&#039;Educaci\u00f3\",\"potentialAction\":[{\"@type\":\"SearchAction\",\"target\":{\"@type\":\"EntryPoint\",\"urlTemplate\":\"https:\\\/\\\/diarieducacio.cat\\\/rella\\\/?s={search_term_string}\"},\"query-input\":{\"@type\":\"PropertyValueSpecification\",\"valueRequired\":true,\"valueName\":\"search_term_string\"}}],\"inLanguage\":\"ca\"},{\"@type\":\"Person\",\"@id\":\"https:\\\/\\\/diarieducacio.cat\\\/rella\\\/#\\\/schema\\\/person\\\/a2748fb33175ad586af0dad9fa7302b3\",\"name\":\"Jordi Maduell\",\"image\":{\"@type\":\"ImageObject\",\"inLanguage\":\"ca\",\"@id\":\"https:\\\/\\\/secure.gravatar.com\\\/avatar\\\/0b28b1dcf00232468582cb10d1d17e9d95c4c99ab6b506e920a9ed459e59c048?s=96&d=mm&r=g\",\"url\":\"https:\\\/\\\/secure.gravatar.com\\\/avatar\\\/0b28b1dcf00232468582cb10d1d17e9d95c4c99ab6b506e920a9ed459e59c048?s=96&d=mm&r=g\",\"contentUrl\":\"https:\\\/\\\/secure.gravatar.com\\\/avatar\\\/0b28b1dcf00232468582cb10d1d17e9d95c4c99ab6b506e920a9ed459e59c048?s=96&d=mm&r=g\",\"caption\":\"Jordi Maduell\"},\"url\":\"https:\\\/\\\/diarieducacio.cat\\\/rella\\\/author\\\/jordimaduell\\\/\"}]}<\/script>\n<!-- \/ Yoast SEO plugin. -->","yoast_head_json":{"title":"Apunts de la prehist\u00f2ria de Rella - El Blog de Rella","robots":{"index":"index","follow":"follow","max-snippet":"max-snippet:-1","max-image-preview":"max-image-preview:large","max-video-preview":"max-video-preview:-1"},"canonical":"https:\/\/diarieducacio.cat\/rella\/2020\/01\/08\/apunts-de-la-prehistoria-de-rella\/","og_locale":"ca_ES","og_type":"article","og_title":"Apunts de la prehist\u00f2ria de Rella - El Blog de Rella","og_description":"Primavera del 2009. Un mestre jubilat i un avantprojecte de Llei d\u2019Educaci\u00f3 de Catalunya. Dues realitats que es troben en l\u2019article 95.3, on es diu que \u201cl\u2019administraci\u00f3 educativa ha d\u2019afavorir l\u2019aprofitament de l\u2019experi\u00e8ncia professional del professorat jubilat\u201d. Tenim una primera idea te\u00f2rica del que podrien oferir els jubilats. Elaborem un document i truquem a la conselleria.","og_url":"https:\/\/diarieducacio.cat\/rella\/2020\/01\/08\/apunts-de-la-prehistoria-de-rella\/","og_site_name":"El Blog de Rella","article_publisher":"https:\/\/www.facebook.com\/diarieducacio\/","article_published_time":"2020-01-07T22:50:32+00:00","og_image":[{"url":"https:\/\/diarieducacio.cat\/rella\/wp-content\/uploads\/sites\/31\/2020\/01\/Jornada-de-treball-interna-scaled.jpg","type":"","width":"","height":""}],"author":"Jordi Maduell","twitter_card":"summary_large_image","twitter_creator":"@DiariEducacio","twitter_site":"@DiariEducacio","twitter_misc":{"Escrit per":"Jordi Maduell","Temps estimat de lectura":"7 minuts"},"schema":{"@context":"https:\/\/schema.org","@graph":[{"@type":"Article","@id":"https:\/\/diarieducacio.cat\/rella\/2020\/01\/08\/apunts-de-la-prehistoria-de-rella\/#article","isPartOf":{"@id":"https:\/\/diarieducacio.cat\/rella\/2020\/01\/08\/apunts-de-la-prehistoria-de-rella\/"},"author":{"name":"Jordi Maduell","@id":"https:\/\/diarieducacio.cat\/rella\/#\/schema\/person\/a2748fb33175ad586af0dad9fa7302b3"},"headline":"Apunts de la prehist\u00f2ria de Rella","datePublished":"2020-01-07T22:50:32+00:00","mainEntityOfPage":{"@id":"https:\/\/diarieducacio.cat\/rella\/2020\/01\/08\/apunts-de-la-prehistoria-de-rella\/"},"wordCount":1406,"commentCount":0,"image":{"@id":"https:\/\/diarieducacio.cat\/rella\/2020\/01\/08\/apunts-de-la-prehistoria-de-rella\/#primaryimage"},"thumbnailUrl":"https:\/\/diarieducacio.cat\/rella\/wp-content\/uploads\/sites\/31\/2020\/01\/Jornada-de-treball-interna-scaled.jpg","articleSection":["General"],"inLanguage":"ca","potentialAction":[{"@type":"CommentAction","name":"Comment","target":["https:\/\/diarieducacio.cat\/rella\/2020\/01\/08\/apunts-de-la-prehistoria-de-rella\/#respond"]}]},{"@type":"WebPage","@id":"https:\/\/diarieducacio.cat\/rella\/2020\/01\/08\/apunts-de-la-prehistoria-de-rella\/","url":"https:\/\/diarieducacio.cat\/rella\/2020\/01\/08\/apunts-de-la-prehistoria-de-rella\/","name":"Apunts de la prehist\u00f2ria de Rella - El Blog de Rella","isPartOf":{"@id":"https:\/\/diarieducacio.cat\/rella\/#website"},"primaryImageOfPage":{"@id":"https:\/\/diarieducacio.cat\/rella\/2020\/01\/08\/apunts-de-la-prehistoria-de-rella\/#primaryimage"},"image":{"@id":"https:\/\/diarieducacio.cat\/rella\/2020\/01\/08\/apunts-de-la-prehistoria-de-rella\/#primaryimage"},"thumbnailUrl":"https:\/\/diarieducacio.cat\/rella\/wp-content\/uploads\/sites\/31\/2020\/01\/Jornada-de-treball-interna-scaled.jpg","datePublished":"2020-01-07T22:50:32+00:00","author":{"@id":"https:\/\/diarieducacio.cat\/rella\/#\/schema\/person\/a2748fb33175ad586af0dad9fa7302b3"},"breadcrumb":{"@id":"https:\/\/diarieducacio.cat\/rella\/2020\/01\/08\/apunts-de-la-prehistoria-de-rella\/#breadcrumb"},"inLanguage":"ca","potentialAction":[{"@type":"ReadAction","target":["https:\/\/diarieducacio.cat\/rella\/2020\/01\/08\/apunts-de-la-prehistoria-de-rella\/"]}]},{"@type":"ImageObject","inLanguage":"ca","@id":"https:\/\/diarieducacio.cat\/rella\/2020\/01\/08\/apunts-de-la-prehistoria-de-rella\/#primaryimage","url":"https:\/\/diarieducacio.cat\/rella\/wp-content\/uploads\/sites\/26\/2014\/04\/800px-Encuentro_de_Michelle_Bachelet_con_lideres_estudiantiles.jpg","contentUrl":"https:\/\/diarieducacio.cat\/rella\/wp-content\/uploads\/sites\/26\/2014\/04\/800px-Encuentro_de_Michelle_Bachelet_con_lideres_estudiantiles.jpg","width":800,"height":533,"caption":"Michelle Bachelet en un acte amb diversos representants estudiantils"},{"@type":"BreadcrumbList","@id":"https:\/\/diarieducacio.cat\/rella\/2020\/01\/08\/apunts-de-la-prehistoria-de-rella\/#breadcrumb","itemListElement":[{"@type":"ListItem","position":1,"name":"Inici","item":"https:\/\/diarieducacio.cat\/rella\/"},{"@type":"ListItem","position":2,"name":"Apunts de la prehist\u00f2ria de Rella"}]},{"@type":"WebSite","@id":"https:\/\/diarieducacio.cat\/rella\/#website","url":"https:\/\/diarieducacio.cat\/rella\/","name":"El Blog de Rella","description":"Un blog de El Diari de l&#039;Educaci\u00f3","potentialAction":[{"@type":"SearchAction","target":{"@type":"EntryPoint","urlTemplate":"https:\/\/diarieducacio.cat\/rella\/?s={search_term_string}"},"query-input":{"@type":"PropertyValueSpecification","valueRequired":true,"valueName":"search_term_string"}}],"inLanguage":"ca"},{"@type":"Person","@id":"https:\/\/diarieducacio.cat\/rella\/#\/schema\/person\/a2748fb33175ad586af0dad9fa7302b3","name":"Jordi Maduell","image":{"@type":"ImageObject","inLanguage":"ca","@id":"https:\/\/secure.gravatar.com\/avatar\/0b28b1dcf00232468582cb10d1d17e9d95c4c99ab6b506e920a9ed459e59c048?s=96&d=mm&r=g","url":"https:\/\/secure.gravatar.com\/avatar\/0b28b1dcf00232468582cb10d1d17e9d95c4c99ab6b506e920a9ed459e59c048?s=96&d=mm&r=g","contentUrl":"https:\/\/secure.gravatar.com\/avatar\/0b28b1dcf00232468582cb10d1d17e9d95c4c99ab6b506e920a9ed459e59c048?s=96&d=mm&r=g","caption":"Jordi Maduell"},"url":"https:\/\/diarieducacio.cat\/rella\/author\/jordimaduell\/"}]}},"_links":{"self":[{"href":"https:\/\/diarieducacio.cat\/rella\/wp-json\/wp\/v2\/posts\/212","targetHints":{"allow":["GET"]}}],"collection":[{"href":"https:\/\/diarieducacio.cat\/rella\/wp-json\/wp\/v2\/posts"}],"about":[{"href":"https:\/\/diarieducacio.cat\/rella\/wp-json\/wp\/v2\/types\/post"}],"author":[{"embeddable":true,"href":"https:\/\/diarieducacio.cat\/rella\/wp-json\/wp\/v2\/users\/362"}],"replies":[{"embeddable":true,"href":"https:\/\/diarieducacio.cat\/rella\/wp-json\/wp\/v2\/comments?post=212"}],"version-history":[{"count":0,"href":"https:\/\/diarieducacio.cat\/rella\/wp-json\/wp\/v2\/posts\/212\/revisions"}],"wp:attachment":[{"href":"https:\/\/diarieducacio.cat\/rella\/wp-json\/wp\/v2\/media?parent=212"}],"wp:term":[{"taxonomy":"category","embeddable":true,"href":"https:\/\/diarieducacio.cat\/rella\/wp-json\/wp\/v2\/categories?post=212"},{"taxonomy":"post_tag","embeddable":true,"href":"https:\/\/diarieducacio.cat\/rella\/wp-json\/wp\/v2\/tags?post=212"},{"taxonomy":"tipo","embeddable":true,"href":"https:\/\/diarieducacio.cat\/rella\/wp-json\/wp\/v2\/tipo?post=212"}],"curies":[{"name":"wp","href":"https:\/\/api.w.org\/{rel}","templated":true}]}}