{"id":228,"date":"2020-01-29T01:12:26","date_gmt":"2020-01-28T23:12:26","guid":{"rendered":"https:\/\/diarieducacio.cat\/rella\/?p=228"},"modified":"2020-01-29T01:12:26","modified_gmt":"2020-01-28T23:12:26","slug":"el-pin-parental-i-els-drets-dels-infants","status":"publish","type":"post","link":"https:\/\/diarieducacio.cat\/rella\/2020\/01\/29\/el-pin-parental-i-els-drets-dels-infants\/","title":{"rendered":"El pin parental i els drets dels infants"},"content":{"rendered":"<figure id=\"attachment_229\" aria-describedby=\"caption-attachment-229\" style=\"width: 1254px\" class=\"wp-caption aligncenter\"><img fetchpriority=\"high\" decoding=\"async\" class=\"wp-image-229 size-full\" src=\"https:\/\/diarieducacio.cat\/rella\/wp-content\/uploads\/sites\/31\/2020\/01\/iStock-584467990.jpg\" alt=\"\" width=\"1254\" height=\"836\" srcset=\"https:\/\/diarieducacio.cat\/rella\/wp-content\/uploads\/sites\/26\/2020\/01\/iStock-584467990.jpg 1254w, https:\/\/diarieducacio.cat\/rella\/wp-content\/uploads\/sites\/26\/2020\/01\/iStock-584467990-300x200.jpg 300w, https:\/\/diarieducacio.cat\/rella\/wp-content\/uploads\/sites\/26\/2020\/01\/iStock-584467990-1024x683.jpg 1024w, https:\/\/diarieducacio.cat\/rella\/wp-content\/uploads\/sites\/26\/2020\/01\/iStock-584467990-768x512.jpg 768w, https:\/\/diarieducacio.cat\/rella\/wp-content\/uploads\/sites\/26\/2020\/01\/iStock-584467990-150x100.jpg 150w, https:\/\/diarieducacio.cat\/rella\/wp-content\/uploads\/sites\/26\/2020\/01\/iStock-584467990-450x300.jpg 450w, https:\/\/diarieducacio.cat\/rella\/wp-content\/uploads\/sites\/26\/2020\/01\/iStock-584467990-1200x800.jpg 1200w\" sizes=\"(max-width: 1254px) 100vw, 1254px\" \/><figcaption id=\"caption-attachment-229\" class=\"wp-caption-text\">iStock<\/figcaption><\/figure>\n<p>Fa anys, quan l\u2019EGB inclo\u00efa l\u2019alumnat de tretze i catorze anys (7\u00e8 i 8\u00e8), en el moment de treballar la formaci\u00f3 de la Terra i l\u2019aparici\u00f3 dels humans, un noi em va venir a explicar que la seva fam\u00edlia pertanyia a una religi\u00f3 que explicava que D\u00e9u era l\u2019autor de la terra i la vida. Vaig poder parlar amb ell sobre el paper de les religions i el paper de la ci\u00e8ncia. I li vaig explicar que, com que est\u00e0vem en el marc de l\u2019escola, el que a mi em tocava era fer-los arribar els arguments cient\u00edfics. I que d\u2019adult, amb coneixement, decidiria com harmonitzava la fe i la ci\u00e8ncia (si \u00e9s que ho volia fer). No vaig tenir cap m\u00e9s problema ni amb ell ni amb la fam\u00edlia.<\/p>\n<p>I aquests dies m\u2019ha vingut al cap aquesta an\u00e8cdota a partir del debat sobre el pin parental que Vox defensa i al qual els seus aliats (PP i Cs) donen suport en part perqu\u00e8 els est\u00e0 b\u00e9, per\u00f2 sobretot per tirar endavant els pressupostos a les comunitats on governen.<\/p>\n<p>Podr\u00edem pensar que \u00e9s una ximpleria, una manera d\u2019apar\u00e8ixer als mitjans, per\u00f2 darrere aquestes propostes, aquest partit aconsegueix situar-se en el primer pla medi\u00e0tic i obrir uns debats que, tot i que a la majoria de la poblaci\u00f3 no interessen, fan molt soroll. I, per altra banda, com va passar a Catalunya amb les den\u00fancies a molt professorat per adoctrinament (que a molts llocs de l&#8217;Estat van creure), aconsegueix crear un sentiment de por entre una part important del professorat. I la por sabem que porta a la inacci\u00f3. No volem mestres i claustres heroics, nom\u00e9s volem que puguin desenvolupar la seva feina sense saber-se en el centre dels focus. L&#8217;educaci\u00f3 necessita calma, observaci\u00f3, di\u00e0leg, discreci\u00f3, il\u00b7lusi\u00f3, complicitat, silenci i paraula&#8230; Educar en la societat del segle XXI ha esdevingut una activitat complexa i a voltes dif\u00edcil. Per\u00f2 tamb\u00e9 aprofundeixen amb la idea de l&#8217;anomenat \u201cdret dels pares a seleccionar l&#8217;educaci\u00f3 pels seus fills\u201d, que \u00e9s el principi b\u00e0sic de la defensa de la doble xarxa.<\/p>\n<p>Deia la pedagoga Marta Mata que \u201cuna educaci\u00f3 de qualitat \u00e9s la que d\u00f3na a cada nen all\u00f2 que necessita tal com \u00e9s\u201d.<\/p>\n<p>I m\u00e9s enll\u00e0 de consideracions pedag\u00f2giques \u2013que sabem que no interessen a aquest tipus de gent perqu\u00e8 s\u00f3n dels qui creuen que la <em>letra con sangre entra<\/em>\u2013, les diverses lleis i tractats internacionals, com la declaraci\u00f3 dels Drets dels Infants, en l&#8217;apartat Dret a ser ciutad\u00e0, ens diuen: \u201cTot infant t\u00e9 el dret intr\u00ednsec a la vida, a ser ciutad\u00e0 i \u00e9s obligaci\u00f3 de l\u2019Estat de garantir la seva superviv\u00e8ncia i el seu desenvolupament. Cada infant ha de tenir totes les eines necess\u00e0ries per a cr\u00e9ixer correctament, com ara tenir una bona alimentaci\u00f3, bona salut i han de tenir l&#8217;ajuda suficient per a con\u00e8ixer el m\u00f3n en qu\u00e8 vivim\u201d. \u00a0O en els objectius de l&#8217;educaci\u00f3: \u201cEls estats convenen que l\u2019educaci\u00f3 ha d\u2019orientar-se al desplegament de la persona i les aptituds de l\u2019infant, a fi de preparar-lo per una vida adulta activa; i que ha d\u2019infondre-li el respecte als drets humans fonamentals, el respecte envers els seus pares, la seva llengua i el seu entorn natural, i el respecte als seus valors culturals i nacionals tant com els de les altres civilitzacions\u201d.<\/p>\n<p>I com que tamb\u00e9 sabem que estan en contra dels tractats internacionals i nom\u00e9s reconeixen la Constituci\u00f3 Espanyola, que defensen com <em>una, grande y libre<\/em>, recordem que en l\u2019article 27.2\u00a0 se&#8217;ns diu: \u201cL&#8217;educaci\u00f3 tendir\u00e0 al ple desenvolupament de la personalitat humana en el respecte als principis democr\u00e0tics de conviv\u00e8ncia i als drets i llibertats fonamentals\u201d.<\/p>\n<p>I l&#8217;article 10: \u201cLa dignitat de la persona, els drets inviolables que li s\u00f3n inherents, el lliure desenvolupament de la personalitat, el respecte a la llei i als drets dels altres s\u00f3n fonament de l&#8217;ordre pol\u00edtic i de la pau social. Les normes relatives als drets fonamentals i les llibertats que la Constituci\u00f3 reconeix s&#8217;interpretaran de conformitat amb la Declaraci\u00f3 Universal de Drets Humans i els tractats i acords internacionals sobre les mateixes mat\u00e8ries ratificats per Espanya\u201d<\/p>\n<p>\u00c9s evident que d&#8217;arguments per defensar que els infants i joves han de rebre una educaci\u00f3 integral, en valors, per prevenir viol\u00e8ncies i per acceptar a tothom com, no ens en falten; en tenim de pedag\u00f2gics, dels tractats internacionals, lleis de l&#8217;Estat, de les diverses comunitats i fins i tot la mateixa <em>sacrosanta<\/em> Constituci\u00f3.<\/p>\n<p>I ens crida l&#8217;atenci\u00f3 que aquests partits que fan de la unitat d&#8217;Espanya i la no diferenciaci\u00f3 per cap motiu entre pobles, decideixin que l&#8217;educaci\u00f3 no sigui igual per a tots nens i nenes. No ens estranya perqu\u00e8 per aquesta gent (Vox, PP i Cs) les necessitats de les persones, la seva llibertat i felicitat o els drets b\u00e0sics no els importa gens. I si no els importa els drets de les persones adultes, tampoc els pot interessar els dels infants.<\/p>\n<p>L&#8217;educaci\u00f3 en valors, en la igualtat de g\u00e8nere, el reconeixement de la diversitat afectivo-sexual,\u00a0 la lluita contra tot tipus de discriminaci\u00f3, el reconeixement de drets i llibertats,\u00a0 s\u00f3n imprescindibles per construir una societat democr\u00e0tica, i en aquests aspectes, anem lents i tard respecte a altres pa\u00efsos de la mateixa Europa. Per\u00f2 tamb\u00e9 hem de defensar una educaci\u00f3 cient\u00edfica. Es tracta, en definitiva, d&#8217;educar per formar persones lliures i felices, amb coneixements sobre el m\u00f3n al segle XXI, compromeses amb la societat.<\/p>\n<p>El cop d&#8217;estat feixista i la repressi\u00f3 quan es va acabar la guerra va castigar especialment el professorat: tancats a la pres\u00f3, afusellats, inhabilitats per seguir treballant&#8230; I els que m\u00e9s sort van tenir, van marxar a l&#8217;exili. Els hereus d&#8217;aquells feixistes continuen considerant l&#8217;escola i el sistema educatiu un camp de batalla. I el professorat, un enemic a batre.<\/p>\n<p>El Govern ja s&#8217;ha manifestat en contra de la mesura. Totes i tots els qui defensem els valors democr\u00e0tics hem de posar els recursos necessaris perqu\u00e8 aquesta aberraci\u00f3 no sigui possible.<\/p>\n","protected":false},"excerpt":{"rendered":"<p>Totes i tots els qui defensem els valors democr\u00e0tics hem de posar els recursos necessaris perqu\u00e8 l\u2019aberraci\u00f3 del pin parental no sigui possible. Hem de barrar el pas als hereus del franquisme que continuen considerant l&#8217;escola i el sistema educatiu un camp de batalla.<\/p>\n","protected":false},"author":358,"featured_media":0,"comment_status":"open","ping_status":"closed","sticky":false,"template":"","format":"standard","meta":{"footnotes":""},"categories":[2],"tags":[],"tipo":[],"class_list":{"0":"post-228","1":"post","2":"type-post","3":"status-publish","4":"format-standard","6":"category-general"},"yoast_head":"<!-- This site is optimized with the Yoast SEO plugin v27.4 - https:\/\/yoast.com\/product\/yoast-seo-wordpress\/ -->\n<title>El pin parental i els drets dels infants - El Blog de Rella<\/title>\n<meta name=\"robots\" content=\"index, follow, max-snippet:-1, max-image-preview:large, max-video-preview:-1\" \/>\n<link rel=\"canonical\" href=\"https:\/\/diarieducacio.cat\/rella\/2020\/01\/29\/el-pin-parental-i-els-drets-dels-infants\/\" \/>\n<meta property=\"og:locale\" content=\"ca_ES\" \/>\n<meta property=\"og:type\" content=\"article\" \/>\n<meta property=\"og:title\" content=\"El pin parental i els drets dels infants - El Blog de Rella\" \/>\n<meta property=\"og:description\" content=\"Totes i tots els qui defensem els valors democr\u00e0tics hem de posar els recursos necessaris perqu\u00e8 l\u2019aberraci\u00f3 del pin parental no sigui possible. Hem de barrar el pas als hereus del franquisme que continuen considerant l&#039;escola i el sistema educatiu un camp de batalla.\" \/>\n<meta property=\"og:url\" content=\"https:\/\/diarieducacio.cat\/rella\/2020\/01\/29\/el-pin-parental-i-els-drets-dels-infants\/\" \/>\n<meta property=\"og:site_name\" content=\"El Blog de Rella\" \/>\n<meta property=\"article:publisher\" content=\"https:\/\/www.facebook.com\/diarieducacio\/\" \/>\n<meta property=\"article:published_time\" content=\"2020-01-28T23:12:26+00:00\" \/>\n<meta property=\"og:image\" content=\"https:\/\/diarieducacio.cat\/rella\/wp-content\/uploads\/sites\/26\/2020\/01\/iStock-584467990.jpg\" \/>\n\t<meta property=\"og:image:width\" content=\"1254\" \/>\n\t<meta property=\"og:image:height\" content=\"836\" \/>\n\t<meta property=\"og:image:type\" content=\"image\/jpeg\" \/>\n<meta name=\"author\" content=\"Adelina Escandell Grases\" \/>\n<meta name=\"twitter:card\" content=\"summary_large_image\" \/>\n<meta name=\"twitter:creator\" content=\"@DiariEducacio\" \/>\n<meta name=\"twitter:site\" content=\"@DiariEducacio\" \/>\n<meta name=\"twitter:label1\" content=\"Escrit per\" \/>\n\t<meta name=\"twitter:data1\" content=\"Adelina Escandell Grases\" \/>\n\t<meta name=\"twitter:label2\" content=\"Temps estimat de lectura\" \/>\n\t<meta name=\"twitter:data2\" content=\"5 minuts\" \/>\n<script type=\"application\/ld+json\" class=\"yoast-schema-graph\">{\"@context\":\"https:\\\/\\\/schema.org\",\"@graph\":[{\"@type\":\"Article\",\"@id\":\"https:\\\/\\\/diarieducacio.cat\\\/rella\\\/2020\\\/01\\\/29\\\/el-pin-parental-i-els-drets-dels-infants\\\/#article\",\"isPartOf\":{\"@id\":\"https:\\\/\\\/diarieducacio.cat\\\/rella\\\/2020\\\/01\\\/29\\\/el-pin-parental-i-els-drets-dels-infants\\\/\"},\"author\":{\"name\":\"Adelina Escandell Grases\",\"@id\":\"https:\\\/\\\/diarieducacio.cat\\\/rella\\\/#\\\/schema\\\/person\\\/e9318b3206126b658f1cca86e5fabc3f\"},\"headline\":\"El pin parental i els drets dels infants\",\"datePublished\":\"2020-01-28T23:12:26+00:00\",\"mainEntityOfPage\":{\"@id\":\"https:\\\/\\\/diarieducacio.cat\\\/rella\\\/2020\\\/01\\\/29\\\/el-pin-parental-i-els-drets-dels-infants\\\/\"},\"wordCount\":1084,\"commentCount\":2,\"image\":{\"@id\":\"https:\\\/\\\/diarieducacio.cat\\\/rella\\\/2020\\\/01\\\/29\\\/el-pin-parental-i-els-drets-dels-infants\\\/#primaryimage\"},\"thumbnailUrl\":\"https:\\\/\\\/diarieducacio.cat\\\/rella\\\/wp-content\\\/uploads\\\/sites\\\/31\\\/2020\\\/01\\\/iStock-584467990.jpg\",\"articleSection\":[\"General\"],\"inLanguage\":\"ca\",\"potentialAction\":[{\"@type\":\"CommentAction\",\"name\":\"Comment\",\"target\":[\"https:\\\/\\\/diarieducacio.cat\\\/rella\\\/2020\\\/01\\\/29\\\/el-pin-parental-i-els-drets-dels-infants\\\/#respond\"]}]},{\"@type\":\"WebPage\",\"@id\":\"https:\\\/\\\/diarieducacio.cat\\\/rella\\\/2020\\\/01\\\/29\\\/el-pin-parental-i-els-drets-dels-infants\\\/\",\"url\":\"https:\\\/\\\/diarieducacio.cat\\\/rella\\\/2020\\\/01\\\/29\\\/el-pin-parental-i-els-drets-dels-infants\\\/\",\"name\":\"El pin parental i els drets dels infants - El Blog de Rella\",\"isPartOf\":{\"@id\":\"https:\\\/\\\/diarieducacio.cat\\\/rella\\\/#website\"},\"primaryImageOfPage\":{\"@id\":\"https:\\\/\\\/diarieducacio.cat\\\/rella\\\/2020\\\/01\\\/29\\\/el-pin-parental-i-els-drets-dels-infants\\\/#primaryimage\"},\"image\":{\"@id\":\"https:\\\/\\\/diarieducacio.cat\\\/rella\\\/2020\\\/01\\\/29\\\/el-pin-parental-i-els-drets-dels-infants\\\/#primaryimage\"},\"thumbnailUrl\":\"https:\\\/\\\/diarieducacio.cat\\\/rella\\\/wp-content\\\/uploads\\\/sites\\\/31\\\/2020\\\/01\\\/iStock-584467990.jpg\",\"datePublished\":\"2020-01-28T23:12:26+00:00\",\"author\":{\"@id\":\"https:\\\/\\\/diarieducacio.cat\\\/rella\\\/#\\\/schema\\\/person\\\/e9318b3206126b658f1cca86e5fabc3f\"},\"breadcrumb\":{\"@id\":\"https:\\\/\\\/diarieducacio.cat\\\/rella\\\/2020\\\/01\\\/29\\\/el-pin-parental-i-els-drets-dels-infants\\\/#breadcrumb\"},\"inLanguage\":\"ca\",\"potentialAction\":[{\"@type\":\"ReadAction\",\"target\":[\"https:\\\/\\\/diarieducacio.cat\\\/rella\\\/2020\\\/01\\\/29\\\/el-pin-parental-i-els-drets-dels-infants\\\/\"]}]},{\"@type\":\"ImageObject\",\"inLanguage\":\"ca\",\"@id\":\"https:\\\/\\\/diarieducacio.cat\\\/rella\\\/2020\\\/01\\\/29\\\/el-pin-parental-i-els-drets-dels-infants\\\/#primaryimage\",\"url\":\"https:\\\/\\\/diarieducacio.cat\\\/rella\\\/wp-content\\\/uploads\\\/sites\\\/26\\\/2020\\\/01\\\/iStock-584467990.jpg\",\"contentUrl\":\"https:\\\/\\\/diarieducacio.cat\\\/rella\\\/wp-content\\\/uploads\\\/sites\\\/26\\\/2020\\\/01\\\/iStock-584467990.jpg\",\"width\":1254,\"height\":836,\"caption\":\"iStock\"},{\"@type\":\"BreadcrumbList\",\"@id\":\"https:\\\/\\\/diarieducacio.cat\\\/rella\\\/2020\\\/01\\\/29\\\/el-pin-parental-i-els-drets-dels-infants\\\/#breadcrumb\",\"itemListElement\":[{\"@type\":\"ListItem\",\"position\":1,\"name\":\"Inici\",\"item\":\"https:\\\/\\\/diarieducacio.cat\\\/rella\\\/\"},{\"@type\":\"ListItem\",\"position\":2,\"name\":\"El pin parental i els drets dels infants\"}]},{\"@type\":\"WebSite\",\"@id\":\"https:\\\/\\\/diarieducacio.cat\\\/rella\\\/#website\",\"url\":\"https:\\\/\\\/diarieducacio.cat\\\/rella\\\/\",\"name\":\"El Blog de Rella\",\"description\":\"Un blog de El Diari de l&#039;Educaci\u00f3\",\"potentialAction\":[{\"@type\":\"SearchAction\",\"target\":{\"@type\":\"EntryPoint\",\"urlTemplate\":\"https:\\\/\\\/diarieducacio.cat\\\/rella\\\/?s={search_term_string}\"},\"query-input\":{\"@type\":\"PropertyValueSpecification\",\"valueRequired\":true,\"valueName\":\"search_term_string\"}}],\"inLanguage\":\"ca\"},{\"@type\":\"Person\",\"@id\":\"https:\\\/\\\/diarieducacio.cat\\\/rella\\\/#\\\/schema\\\/person\\\/e9318b3206126b658f1cca86e5fabc3f\",\"name\":\"Adelina Escandell Grases\",\"image\":{\"@type\":\"ImageObject\",\"inLanguage\":\"ca\",\"@id\":\"https:\\\/\\\/diarieducacio.cat\\\/rella\\\/wp-content\\\/uploads\\\/sites\\\/26\\\/2025\\\/02\\\/adelina-escandell-grases_avatar-96x96.jpg\",\"url\":\"https:\\\/\\\/diarieducacio.cat\\\/rella\\\/wp-content\\\/uploads\\\/sites\\\/26\\\/2025\\\/02\\\/adelina-escandell-grases_avatar-96x96.jpg\",\"contentUrl\":\"https:\\\/\\\/diarieducacio.cat\\\/rella\\\/wp-content\\\/uploads\\\/sites\\\/26\\\/2025\\\/02\\\/adelina-escandell-grases_avatar-96x96.jpg\",\"caption\":\"Adelina Escandell Grases\"},\"description\":\"Grup d'educaci\u00f3 de RELLA\",\"url\":\"https:\\\/\\\/diarieducacio.cat\\\/rella\\\/author\\\/aescandell\\\/\"}]}<\/script>\n<!-- \/ Yoast SEO plugin. -->","yoast_head_json":{"title":"El pin parental i els drets dels infants - El Blog de Rella","robots":{"index":"index","follow":"follow","max-snippet":"max-snippet:-1","max-image-preview":"max-image-preview:large","max-video-preview":"max-video-preview:-1"},"canonical":"https:\/\/diarieducacio.cat\/rella\/2020\/01\/29\/el-pin-parental-i-els-drets-dels-infants\/","og_locale":"ca_ES","og_type":"article","og_title":"El pin parental i els drets dels infants - El Blog de Rella","og_description":"Totes i tots els qui defensem els valors democr\u00e0tics hem de posar els recursos necessaris perqu\u00e8 l\u2019aberraci\u00f3 del pin parental no sigui possible. Hem de barrar el pas als hereus del franquisme que continuen considerant l'escola i el sistema educatiu un camp de batalla.","og_url":"https:\/\/diarieducacio.cat\/rella\/2020\/01\/29\/el-pin-parental-i-els-drets-dels-infants\/","og_site_name":"El Blog de Rella","article_publisher":"https:\/\/www.facebook.com\/diarieducacio\/","article_published_time":"2020-01-28T23:12:26+00:00","og_image":[{"width":1254,"height":836,"url":"https:\/\/diarieducacio.cat\/rella\/wp-content\/uploads\/sites\/26\/2020\/01\/iStock-584467990.jpg","type":"image\/jpeg"}],"author":"Adelina Escandell Grases","twitter_card":"summary_large_image","twitter_creator":"@DiariEducacio","twitter_site":"@DiariEducacio","twitter_misc":{"Escrit per":"Adelina Escandell Grases","Temps estimat de lectura":"5 minuts"},"schema":{"@context":"https:\/\/schema.org","@graph":[{"@type":"Article","@id":"https:\/\/diarieducacio.cat\/rella\/2020\/01\/29\/el-pin-parental-i-els-drets-dels-infants\/#article","isPartOf":{"@id":"https:\/\/diarieducacio.cat\/rella\/2020\/01\/29\/el-pin-parental-i-els-drets-dels-infants\/"},"author":{"name":"Adelina Escandell Grases","@id":"https:\/\/diarieducacio.cat\/rella\/#\/schema\/person\/e9318b3206126b658f1cca86e5fabc3f"},"headline":"El pin parental i els drets dels infants","datePublished":"2020-01-28T23:12:26+00:00","mainEntityOfPage":{"@id":"https:\/\/diarieducacio.cat\/rella\/2020\/01\/29\/el-pin-parental-i-els-drets-dels-infants\/"},"wordCount":1084,"commentCount":2,"image":{"@id":"https:\/\/diarieducacio.cat\/rella\/2020\/01\/29\/el-pin-parental-i-els-drets-dels-infants\/#primaryimage"},"thumbnailUrl":"https:\/\/diarieducacio.cat\/rella\/wp-content\/uploads\/sites\/31\/2020\/01\/iStock-584467990.jpg","articleSection":["General"],"inLanguage":"ca","potentialAction":[{"@type":"CommentAction","name":"Comment","target":["https:\/\/diarieducacio.cat\/rella\/2020\/01\/29\/el-pin-parental-i-els-drets-dels-infants\/#respond"]}]},{"@type":"WebPage","@id":"https:\/\/diarieducacio.cat\/rella\/2020\/01\/29\/el-pin-parental-i-els-drets-dels-infants\/","url":"https:\/\/diarieducacio.cat\/rella\/2020\/01\/29\/el-pin-parental-i-els-drets-dels-infants\/","name":"El pin parental i els drets dels infants - El Blog de Rella","isPartOf":{"@id":"https:\/\/diarieducacio.cat\/rella\/#website"},"primaryImageOfPage":{"@id":"https:\/\/diarieducacio.cat\/rella\/2020\/01\/29\/el-pin-parental-i-els-drets-dels-infants\/#primaryimage"},"image":{"@id":"https:\/\/diarieducacio.cat\/rella\/2020\/01\/29\/el-pin-parental-i-els-drets-dels-infants\/#primaryimage"},"thumbnailUrl":"https:\/\/diarieducacio.cat\/rella\/wp-content\/uploads\/sites\/31\/2020\/01\/iStock-584467990.jpg","datePublished":"2020-01-28T23:12:26+00:00","author":{"@id":"https:\/\/diarieducacio.cat\/rella\/#\/schema\/person\/e9318b3206126b658f1cca86e5fabc3f"},"breadcrumb":{"@id":"https:\/\/diarieducacio.cat\/rella\/2020\/01\/29\/el-pin-parental-i-els-drets-dels-infants\/#breadcrumb"},"inLanguage":"ca","potentialAction":[{"@type":"ReadAction","target":["https:\/\/diarieducacio.cat\/rella\/2020\/01\/29\/el-pin-parental-i-els-drets-dels-infants\/"]}]},{"@type":"ImageObject","inLanguage":"ca","@id":"https:\/\/diarieducacio.cat\/rella\/2020\/01\/29\/el-pin-parental-i-els-drets-dels-infants\/#primaryimage","url":"https:\/\/diarieducacio.cat\/rella\/wp-content\/uploads\/sites\/26\/2020\/01\/iStock-584467990.jpg","contentUrl":"https:\/\/diarieducacio.cat\/rella\/wp-content\/uploads\/sites\/26\/2020\/01\/iStock-584467990.jpg","width":1254,"height":836,"caption":"iStock"},{"@type":"BreadcrumbList","@id":"https:\/\/diarieducacio.cat\/rella\/2020\/01\/29\/el-pin-parental-i-els-drets-dels-infants\/#breadcrumb","itemListElement":[{"@type":"ListItem","position":1,"name":"Inici","item":"https:\/\/diarieducacio.cat\/rella\/"},{"@type":"ListItem","position":2,"name":"El pin parental i els drets dels infants"}]},{"@type":"WebSite","@id":"https:\/\/diarieducacio.cat\/rella\/#website","url":"https:\/\/diarieducacio.cat\/rella\/","name":"El Blog de Rella","description":"Un blog de El Diari de l&#039;Educaci\u00f3","potentialAction":[{"@type":"SearchAction","target":{"@type":"EntryPoint","urlTemplate":"https:\/\/diarieducacio.cat\/rella\/?s={search_term_string}"},"query-input":{"@type":"PropertyValueSpecification","valueRequired":true,"valueName":"search_term_string"}}],"inLanguage":"ca"},{"@type":"Person","@id":"https:\/\/diarieducacio.cat\/rella\/#\/schema\/person\/e9318b3206126b658f1cca86e5fabc3f","name":"Adelina Escandell Grases","image":{"@type":"ImageObject","inLanguage":"ca","@id":"https:\/\/diarieducacio.cat\/rella\/wp-content\/uploads\/sites\/26\/2025\/02\/adelina-escandell-grases_avatar-96x96.jpg","url":"https:\/\/diarieducacio.cat\/rella\/wp-content\/uploads\/sites\/26\/2025\/02\/adelina-escandell-grases_avatar-96x96.jpg","contentUrl":"https:\/\/diarieducacio.cat\/rella\/wp-content\/uploads\/sites\/26\/2025\/02\/adelina-escandell-grases_avatar-96x96.jpg","caption":"Adelina Escandell Grases"},"description":"Grup d'educaci\u00f3 de RELLA","url":"https:\/\/diarieducacio.cat\/rella\/author\/aescandell\/"}]}},"_links":{"self":[{"href":"https:\/\/diarieducacio.cat\/rella\/wp-json\/wp\/v2\/posts\/228","targetHints":{"allow":["GET"]}}],"collection":[{"href":"https:\/\/diarieducacio.cat\/rella\/wp-json\/wp\/v2\/posts"}],"about":[{"href":"https:\/\/diarieducacio.cat\/rella\/wp-json\/wp\/v2\/types\/post"}],"author":[{"embeddable":true,"href":"https:\/\/diarieducacio.cat\/rella\/wp-json\/wp\/v2\/users\/358"}],"replies":[{"embeddable":true,"href":"https:\/\/diarieducacio.cat\/rella\/wp-json\/wp\/v2\/comments?post=228"}],"version-history":[{"count":0,"href":"https:\/\/diarieducacio.cat\/rella\/wp-json\/wp\/v2\/posts\/228\/revisions"}],"wp:attachment":[{"href":"https:\/\/diarieducacio.cat\/rella\/wp-json\/wp\/v2\/media?parent=228"}],"wp:term":[{"taxonomy":"category","embeddable":true,"href":"https:\/\/diarieducacio.cat\/rella\/wp-json\/wp\/v2\/categories?post=228"},{"taxonomy":"post_tag","embeddable":true,"href":"https:\/\/diarieducacio.cat\/rella\/wp-json\/wp\/v2\/tags?post=228"},{"taxonomy":"tipo","embeddable":true,"href":"https:\/\/diarieducacio.cat\/rella\/wp-json\/wp\/v2\/tipo?post=228"}],"curies":[{"name":"wp","href":"https:\/\/api.w.org\/{rel}","templated":true}]}}