{"id":252,"date":"2020-04-28T00:15:36","date_gmt":"2020-04-27T22:15:36","guid":{"rendered":"https:\/\/diarieducacio.cat\/rella\/?p=252"},"modified":"2020-04-28T00:15:36","modified_gmt":"2020-04-27T22:15:36","slug":"temps-de-confinament-temps-dinternet","status":"publish","type":"post","link":"https:\/\/diarieducacio.cat\/rella\/2020\/04\/28\/temps-de-confinament-temps-dinternet\/","title":{"rendered":"Temps de confinament, temps d\u2019internet"},"content":{"rendered":"<p><a href=\"http:\/\/www.rella.cat\/inici\/c\/41\/escrits-en-temps-de-coronavirus\"><\/a><\/p>\n<p>Estem veient com des de diverses activitats econ\u00f2miques i culturals persones que hi estan implicades miren d\u2019ajustar la seva resposta a les exig\u00e8ncies que el perill de contagi ens t\u00e9 sotmesos i sotmeses.<\/p>\n<p>Han aparegut amb for\u00e7a -potser per quedar-se entre nosaltres- el teletreball a diferents empreses, la venda en l\u00ednia que ja duien a terme les grans plataformes ara estan sent copiades per petites i mitjanes botigues per poder vendre els seus productes, activitat que potser nom\u00e9s tres mesos enrere haguessin estat desestimades.<\/p>\n<p>I tamb\u00e9 podem parlar de moviments socials de voluntariat que en diferents barris de les ciutats i en diferents pobles han anat creant una xarxa d\u2019ajuda a gent gran fent-los el servei d\u2019anar a comprar, portar-los els queviures i els medicaments i baixar-los la brossa al carrer.<\/p>\n<p>Hem vist i veurem de tot.<\/p>\n<p>I evidentment, aquesta situaci\u00f3 tamb\u00e9 ha afectat la nostra associaci\u00f3. Hem hagut d\u2019ajornar els actes que ten\u00edem previstos per a la celebraci\u00f3 del 10<sup>\u00e8<\/sup> aniversari, tot esperant millors temps que ens permetin acabar-les i establir a trav\u00e9s del web (<a href=\"http:\/\/www.rella.cat\/\">www.rella.cat<\/a>) tota la relaci\u00f3 que normalment duem a terme entre nosaltres i tamb\u00e9 de cara enfora: debats, xerrades, clubs de lectura, passejades, visites&#8230;<\/p>\n<p>\u00c9s l\u2019\u00fanica via per poder anar oferint a s\u00f2cies i socis les activitats que determinen els nostres objectius.<\/p>\n<p>Com es concreta el que anem fent?<\/p>\n<p>Com en la majoria d\u2019entitats -per no dir totes-, estem utilitzant el nostre web com l\u2019\u00fanic canal possible de qu\u00e8 disposem. Hem creat tres espais on recollim el que ens va arribant i el que anem trobant tot resseguint les diferents xarxes telem\u00e0tiques. Tothom ha pogut constatar l\u2019allau de missatges que rebem personalment, tant a trav\u00e9s de correus o webs com dels canals de comunicaci\u00f3 social com poden ser whatsapp, instagram, youtube, &#8230; S\u00f3n les fonts d\u2019on bevem i tamb\u00e9 les mateixes que alimentem amb les nostres aportacions, de creaci\u00f3 personal o b\u00e9 reenviades: \u00e9s un flux que no para!<\/p>\n<p>En el nostre web hem creat un espai general sota el t\u00edtol <strong>CORONAVIRUS<\/strong> que cont\u00e9 aportacions d\u2019actualitat de <strong>dues tem\u00e0tiques: <\/strong><a href=\"http:\/\/www.rella.cat\/inici\/c\/42\/recomanacions-pel-confinament\"><strong>Recomanacions pel confinament<\/strong><\/a><strong> i <\/strong><a href=\"http:\/\/www.rella.cat\/inici\/c\/43\/recomanacions-del-mon-educatiu\"><strong>Recomanacions del m\u00f3n educatiu<\/strong><\/a>. Clicant sobre les paraules calentes s\u2019obren els enlla\u00e7os directes a aquestes seccions del nostre web.<\/p>\n<p>Les recomanacions pel confinament aporten reflexions sobre l\u2019impacte de la pand\u00e8mia en la nostra vida, en la nostra societat. S\u00f3n escrits, uns m\u00e9s generals que d\u2019altres, en qu\u00e8 les autores i els autors exposen les seves idees, els seus pensaments, les seves cr\u00edtiques sobre la malaltia i les accions personals i de l\u2019administraci\u00f3. Cont\u00e9 enlla\u00e7os i aportacions del Canal Salut i d\u2019autores i autors -la llista no pret\u00e9n ser exhaustiva- com Milagros P\u00e9rez Oliva, Marina Garc\u00e9s, Daniel Innerarity, Manuel Castells, Yayo Herrero, Josep Ramoneda, David Fern\u00e0ndez. Les tem\u00e0tiques giren al voltant de la salut, l\u2019economia, l\u2019aprenentatge a casa, pensament, societat, pol\u00edtica, sortida del confinament.<\/p>\n<p>D\u2019altra banda, el recull relacionat amb el m\u00f3n educatiu ens ofereix la possibilitat de llegir escrits relacionats amb el nostre m\u00f3n professional. Hi podem trobar documents d\u2019autores i autors com Francesco Tonicci, Jaume Cela i Juli Palou, Jaume Funes, Ricard Aymerich, Joan Dom\u00e8nech, Adelina Escandell, Xavier Bonal. Tamb\u00e9 del Grup d\u2019Educaci\u00f3 Avui, de la nostra Associaci\u00f3.<\/p>\n<p>Finalment, la pestanya <a href=\"http:\/\/www.rella.cat\/inici\/c\/41\/escrits-en-temps-de-coronavirus\"><strong>Escrits en temps de coronavirus<\/strong><\/a> ens mena a totes les comunicacions aportades per les diferents s\u00f2cies i socis i que est\u00e0 oberta a la participaci\u00f3 de qui vulgui fer-ho, nom\u00e9s cal enviar el vostre escrit a <a href=\"mailto:rellacat@rella.cat\">rellacat@rella.cat<\/a> i el penjarem en aquesta secci\u00f3.<\/p>\n<p>La idea l\u2019ha recollida la Junta de la proposta que va fer un dels nostres socis amb la finalitat que totes i tots tinguem la possibilitat de dir-hi la nostra.<\/p>\n<p>La tem\u00e0tica \u00e9s completament oberta. Cadascuna de les aportacions est\u00e0 feta des del punt de vista que cada autora, cada autor ha volgut focalitzar. I no exclusivament des d\u2019un punt de vista d\u2019exensenyants, perqu\u00e8 l\u2019hem volgut oberta a tothom.<\/p>\n<p>Realment, ha estat un encert perqu\u00e8 les aportacions van arribant cont\u00ednuament, cosa que demostra la necessitat que tenim d\u2019expressar les nostres viv\u00e8ncies en moments tan especials.<\/p>\n<p>Queda\u2019t a casa i segueix connectat!<\/p>\n","protected":false},"excerpt":{"rendered":"<p>\u00c9s evident que la situaci\u00f3 actual de la humanitat vivint sota l\u2019amena\u00e7a de la pand\u00e8mia del coronavirus est\u00e0 obligant tothom a modificar totes les seves rutines, totes les seves activitats en funci\u00f3 del confinament que han decretat les autoritats de cada estat.<\/p>\n","protected":false},"author":365,"featured_media":253,"comment_status":"open","ping_status":"closed","sticky":false,"template":"","format":"standard","meta":{"footnotes":""},"categories":[2],"tags":[],"tipo":[],"class_list":{"0":"post-252","1":"post","2":"type-post","3":"status-publish","4":"format-standard","5":"has-post-thumbnail","7":"category-general"},"yoast_head":"<!-- This site is optimized with the Yoast SEO plugin v27.4 - https:\/\/yoast.com\/product\/yoast-seo-wordpress\/ -->\n<title>Temps de confinament, temps d\u2019internet - El Blog de Rella<\/title>\n<meta name=\"robots\" content=\"index, follow, max-snippet:-1, max-image-preview:large, max-video-preview:-1\" \/>\n<link rel=\"canonical\" href=\"https:\/\/diarieducacio.cat\/rella\/2020\/04\/28\/temps-de-confinament-temps-dinternet\/\" \/>\n<meta property=\"og:locale\" content=\"ca_ES\" \/>\n<meta property=\"og:type\" content=\"article\" \/>\n<meta property=\"og:title\" content=\"Temps de confinament, temps d\u2019internet - El Blog de Rella\" \/>\n<meta property=\"og:description\" content=\"\u00c9s evident que la situaci\u00f3 actual de la humanitat vivint sota l\u2019amena\u00e7a de la pand\u00e8mia del coronavirus est\u00e0 obligant tothom a modificar totes les seves rutines, totes les seves activitats en funci\u00f3 del confinament que han decretat les autoritats de cada estat.\" \/>\n<meta property=\"og:url\" content=\"https:\/\/diarieducacio.cat\/rella\/2020\/04\/28\/temps-de-confinament-temps-dinternet\/\" \/>\n<meta property=\"og:site_name\" content=\"El Blog de Rella\" \/>\n<meta property=\"article:publisher\" content=\"https:\/\/www.facebook.com\/diarieducacio\/\" \/>\n<meta property=\"article:published_time\" content=\"2020-04-27T22:15:36+00:00\" \/>\n<meta property=\"og:image\" content=\"https:\/\/diarieducacio.cat\/rella\/wp-content\/uploads\/sites\/26\/2020\/04\/Rella-web.jpg\" \/>\n\t<meta property=\"og:image:width\" content=\"1294\" \/>\n\t<meta property=\"og:image:height\" content=\"825\" \/>\n\t<meta property=\"og:image:type\" content=\"image\/jpeg\" \/>\n<meta name=\"author\" content=\"Albert Sol\u00e0 i Puigjaner\" \/>\n<meta name=\"twitter:card\" content=\"summary_large_image\" \/>\n<meta name=\"twitter:creator\" content=\"@DiariEducacio\" \/>\n<meta name=\"twitter:site\" content=\"@DiariEducacio\" \/>\n<meta name=\"twitter:label1\" content=\"Escrit per\" \/>\n\t<meta name=\"twitter:data1\" content=\"Albert Sol\u00e0 i Puigjaner\" \/>\n\t<meta name=\"twitter:label2\" content=\"Temps estimat de lectura\" \/>\n\t<meta name=\"twitter:data2\" content=\"4 minuts\" \/>\n<script type=\"application\/ld+json\" class=\"yoast-schema-graph\">{\"@context\":\"https:\\\/\\\/schema.org\",\"@graph\":[{\"@type\":\"Article\",\"@id\":\"https:\\\/\\\/diarieducacio.cat\\\/rella\\\/2020\\\/04\\\/28\\\/temps-de-confinament-temps-dinternet\\\/#article\",\"isPartOf\":{\"@id\":\"https:\\\/\\\/diarieducacio.cat\\\/rella\\\/2020\\\/04\\\/28\\\/temps-de-confinament-temps-dinternet\\\/\"},\"author\":{\"name\":\"Albert Sol\u00e0 i Puigjaner\",\"@id\":\"https:\\\/\\\/diarieducacio.cat\\\/rella\\\/#\\\/schema\\\/person\\\/04421b857383a678f51fb6fa8b9e7212\"},\"headline\":\"Temps de confinament, temps d\u2019internet\",\"datePublished\":\"2020-04-27T22:15:36+00:00\",\"mainEntityOfPage\":{\"@id\":\"https:\\\/\\\/diarieducacio.cat\\\/rella\\\/2020\\\/04\\\/28\\\/temps-de-confinament-temps-dinternet\\\/\"},\"wordCount\":742,\"commentCount\":0,\"image\":{\"@id\":\"https:\\\/\\\/diarieducacio.cat\\\/rella\\\/2020\\\/04\\\/28\\\/temps-de-confinament-temps-dinternet\\\/#primaryimage\"},\"thumbnailUrl\":\"https:\\\/\\\/diarieducacio.cat\\\/rella\\\/wp-content\\\/uploads\\\/sites\\\/26\\\/2020\\\/04\\\/Rella-web.jpg\",\"articleSection\":[\"General\"],\"inLanguage\":\"ca\",\"potentialAction\":[{\"@type\":\"CommentAction\",\"name\":\"Comment\",\"target\":[\"https:\\\/\\\/diarieducacio.cat\\\/rella\\\/2020\\\/04\\\/28\\\/temps-de-confinament-temps-dinternet\\\/#respond\"]}]},{\"@type\":\"WebPage\",\"@id\":\"https:\\\/\\\/diarieducacio.cat\\\/rella\\\/2020\\\/04\\\/28\\\/temps-de-confinament-temps-dinternet\\\/\",\"url\":\"https:\\\/\\\/diarieducacio.cat\\\/rella\\\/2020\\\/04\\\/28\\\/temps-de-confinament-temps-dinternet\\\/\",\"name\":\"Temps de confinament, temps d\u2019internet - El Blog de Rella\",\"isPartOf\":{\"@id\":\"https:\\\/\\\/diarieducacio.cat\\\/rella\\\/#website\"},\"primaryImageOfPage\":{\"@id\":\"https:\\\/\\\/diarieducacio.cat\\\/rella\\\/2020\\\/04\\\/28\\\/temps-de-confinament-temps-dinternet\\\/#primaryimage\"},\"image\":{\"@id\":\"https:\\\/\\\/diarieducacio.cat\\\/rella\\\/2020\\\/04\\\/28\\\/temps-de-confinament-temps-dinternet\\\/#primaryimage\"},\"thumbnailUrl\":\"https:\\\/\\\/diarieducacio.cat\\\/rella\\\/wp-content\\\/uploads\\\/sites\\\/26\\\/2020\\\/04\\\/Rella-web.jpg\",\"datePublished\":\"2020-04-27T22:15:36+00:00\",\"author\":{\"@id\":\"https:\\\/\\\/diarieducacio.cat\\\/rella\\\/#\\\/schema\\\/person\\\/04421b857383a678f51fb6fa8b9e7212\"},\"breadcrumb\":{\"@id\":\"https:\\\/\\\/diarieducacio.cat\\\/rella\\\/2020\\\/04\\\/28\\\/temps-de-confinament-temps-dinternet\\\/#breadcrumb\"},\"inLanguage\":\"ca\",\"potentialAction\":[{\"@type\":\"ReadAction\",\"target\":[\"https:\\\/\\\/diarieducacio.cat\\\/rella\\\/2020\\\/04\\\/28\\\/temps-de-confinament-temps-dinternet\\\/\"]}]},{\"@type\":\"ImageObject\",\"inLanguage\":\"ca\",\"@id\":\"https:\\\/\\\/diarieducacio.cat\\\/rella\\\/2020\\\/04\\\/28\\\/temps-de-confinament-temps-dinternet\\\/#primaryimage\",\"url\":\"https:\\\/\\\/diarieducacio.cat\\\/rella\\\/wp-content\\\/uploads\\\/sites\\\/26\\\/2020\\\/04\\\/Rella-web.jpg\",\"contentUrl\":\"https:\\\/\\\/diarieducacio.cat\\\/rella\\\/wp-content\\\/uploads\\\/sites\\\/26\\\/2020\\\/04\\\/Rella-web.jpg\",\"width\":1294,\"height\":825},{\"@type\":\"BreadcrumbList\",\"@id\":\"https:\\\/\\\/diarieducacio.cat\\\/rella\\\/2020\\\/04\\\/28\\\/temps-de-confinament-temps-dinternet\\\/#breadcrumb\",\"itemListElement\":[{\"@type\":\"ListItem\",\"position\":1,\"name\":\"Inici\",\"item\":\"https:\\\/\\\/diarieducacio.cat\\\/rella\\\/\"},{\"@type\":\"ListItem\",\"position\":2,\"name\":\"Temps de confinament, temps d\u2019internet\"}]},{\"@type\":\"WebSite\",\"@id\":\"https:\\\/\\\/diarieducacio.cat\\\/rella\\\/#website\",\"url\":\"https:\\\/\\\/diarieducacio.cat\\\/rella\\\/\",\"name\":\"El Blog de Rella\",\"description\":\"Un blog de El Diari de l&#039;Educaci\u00f3\",\"potentialAction\":[{\"@type\":\"SearchAction\",\"target\":{\"@type\":\"EntryPoint\",\"urlTemplate\":\"https:\\\/\\\/diarieducacio.cat\\\/rella\\\/?s={search_term_string}\"},\"query-input\":{\"@type\":\"PropertyValueSpecification\",\"valueRequired\":true,\"valueName\":\"search_term_string\"}}],\"inLanguage\":\"ca\"},{\"@type\":\"Person\",\"@id\":\"https:\\\/\\\/diarieducacio.cat\\\/rella\\\/#\\\/schema\\\/person\\\/04421b857383a678f51fb6fa8b9e7212\",\"name\":\"Albert Sol\u00e0 i Puigjaner\",\"image\":{\"@type\":\"ImageObject\",\"inLanguage\":\"ca\",\"@id\":\"https:\\\/\\\/diarieducacio.cat\\\/rella\\\/wp-content\\\/uploads\\\/sites\\\/26\\\/2026\\\/02\\\/albert-sola-i-puigjaner_avatar-96x96.jpeg\",\"url\":\"https:\\\/\\\/diarieducacio.cat\\\/rella\\\/wp-content\\\/uploads\\\/sites\\\/26\\\/2026\\\/02\\\/albert-sola-i-puigjaner_avatar-96x96.jpeg\",\"contentUrl\":\"https:\\\/\\\/diarieducacio.cat\\\/rella\\\/wp-content\\\/uploads\\\/sites\\\/26\\\/2026\\\/02\\\/albert-sola-i-puigjaner_avatar-96x96.jpeg\",\"caption\":\"Albert Sol\u00e0 i Puigjaner\"},\"description\":\"Mestre jubilat\",\"url\":\"https:\\\/\\\/diarieducacio.cat\\\/rella\\\/author\\\/albertsola\\\/\"}]}<\/script>\n<!-- \/ Yoast SEO plugin. -->","yoast_head_json":{"title":"Temps de confinament, temps d\u2019internet - El Blog de Rella","robots":{"index":"index","follow":"follow","max-snippet":"max-snippet:-1","max-image-preview":"max-image-preview:large","max-video-preview":"max-video-preview:-1"},"canonical":"https:\/\/diarieducacio.cat\/rella\/2020\/04\/28\/temps-de-confinament-temps-dinternet\/","og_locale":"ca_ES","og_type":"article","og_title":"Temps de confinament, temps d\u2019internet - El Blog de Rella","og_description":"\u00c9s evident que la situaci\u00f3 actual de la humanitat vivint sota l\u2019amena\u00e7a de la pand\u00e8mia del coronavirus est\u00e0 obligant tothom a modificar totes les seves rutines, totes les seves activitats en funci\u00f3 del confinament que han decretat les autoritats de cada estat.","og_url":"https:\/\/diarieducacio.cat\/rella\/2020\/04\/28\/temps-de-confinament-temps-dinternet\/","og_site_name":"El Blog de Rella","article_publisher":"https:\/\/www.facebook.com\/diarieducacio\/","article_published_time":"2020-04-27T22:15:36+00:00","og_image":[{"width":1294,"height":825,"url":"https:\/\/diarieducacio.cat\/rella\/wp-content\/uploads\/sites\/26\/2020\/04\/Rella-web.jpg","type":"image\/jpeg"}],"author":"Albert Sol\u00e0 i Puigjaner","twitter_card":"summary_large_image","twitter_creator":"@DiariEducacio","twitter_site":"@DiariEducacio","twitter_misc":{"Escrit per":"Albert Sol\u00e0 i Puigjaner","Temps estimat de lectura":"4 minuts"},"schema":{"@context":"https:\/\/schema.org","@graph":[{"@type":"Article","@id":"https:\/\/diarieducacio.cat\/rella\/2020\/04\/28\/temps-de-confinament-temps-dinternet\/#article","isPartOf":{"@id":"https:\/\/diarieducacio.cat\/rella\/2020\/04\/28\/temps-de-confinament-temps-dinternet\/"},"author":{"name":"Albert Sol\u00e0 i Puigjaner","@id":"https:\/\/diarieducacio.cat\/rella\/#\/schema\/person\/04421b857383a678f51fb6fa8b9e7212"},"headline":"Temps de confinament, temps d\u2019internet","datePublished":"2020-04-27T22:15:36+00:00","mainEntityOfPage":{"@id":"https:\/\/diarieducacio.cat\/rella\/2020\/04\/28\/temps-de-confinament-temps-dinternet\/"},"wordCount":742,"commentCount":0,"image":{"@id":"https:\/\/diarieducacio.cat\/rella\/2020\/04\/28\/temps-de-confinament-temps-dinternet\/#primaryimage"},"thumbnailUrl":"https:\/\/diarieducacio.cat\/rella\/wp-content\/uploads\/sites\/26\/2020\/04\/Rella-web.jpg","articleSection":["General"],"inLanguage":"ca","potentialAction":[{"@type":"CommentAction","name":"Comment","target":["https:\/\/diarieducacio.cat\/rella\/2020\/04\/28\/temps-de-confinament-temps-dinternet\/#respond"]}]},{"@type":"WebPage","@id":"https:\/\/diarieducacio.cat\/rella\/2020\/04\/28\/temps-de-confinament-temps-dinternet\/","url":"https:\/\/diarieducacio.cat\/rella\/2020\/04\/28\/temps-de-confinament-temps-dinternet\/","name":"Temps de confinament, temps d\u2019internet - El Blog de Rella","isPartOf":{"@id":"https:\/\/diarieducacio.cat\/rella\/#website"},"primaryImageOfPage":{"@id":"https:\/\/diarieducacio.cat\/rella\/2020\/04\/28\/temps-de-confinament-temps-dinternet\/#primaryimage"},"image":{"@id":"https:\/\/diarieducacio.cat\/rella\/2020\/04\/28\/temps-de-confinament-temps-dinternet\/#primaryimage"},"thumbnailUrl":"https:\/\/diarieducacio.cat\/rella\/wp-content\/uploads\/sites\/26\/2020\/04\/Rella-web.jpg","datePublished":"2020-04-27T22:15:36+00:00","author":{"@id":"https:\/\/diarieducacio.cat\/rella\/#\/schema\/person\/04421b857383a678f51fb6fa8b9e7212"},"breadcrumb":{"@id":"https:\/\/diarieducacio.cat\/rella\/2020\/04\/28\/temps-de-confinament-temps-dinternet\/#breadcrumb"},"inLanguage":"ca","potentialAction":[{"@type":"ReadAction","target":["https:\/\/diarieducacio.cat\/rella\/2020\/04\/28\/temps-de-confinament-temps-dinternet\/"]}]},{"@type":"ImageObject","inLanguage":"ca","@id":"https:\/\/diarieducacio.cat\/rella\/2020\/04\/28\/temps-de-confinament-temps-dinternet\/#primaryimage","url":"https:\/\/diarieducacio.cat\/rella\/wp-content\/uploads\/sites\/26\/2020\/04\/Rella-web.jpg","contentUrl":"https:\/\/diarieducacio.cat\/rella\/wp-content\/uploads\/sites\/26\/2020\/04\/Rella-web.jpg","width":1294,"height":825},{"@type":"BreadcrumbList","@id":"https:\/\/diarieducacio.cat\/rella\/2020\/04\/28\/temps-de-confinament-temps-dinternet\/#breadcrumb","itemListElement":[{"@type":"ListItem","position":1,"name":"Inici","item":"https:\/\/diarieducacio.cat\/rella\/"},{"@type":"ListItem","position":2,"name":"Temps de confinament, temps d\u2019internet"}]},{"@type":"WebSite","@id":"https:\/\/diarieducacio.cat\/rella\/#website","url":"https:\/\/diarieducacio.cat\/rella\/","name":"El Blog de Rella","description":"Un blog de El Diari de l&#039;Educaci\u00f3","potentialAction":[{"@type":"SearchAction","target":{"@type":"EntryPoint","urlTemplate":"https:\/\/diarieducacio.cat\/rella\/?s={search_term_string}"},"query-input":{"@type":"PropertyValueSpecification","valueRequired":true,"valueName":"search_term_string"}}],"inLanguage":"ca"},{"@type":"Person","@id":"https:\/\/diarieducacio.cat\/rella\/#\/schema\/person\/04421b857383a678f51fb6fa8b9e7212","name":"Albert Sol\u00e0 i Puigjaner","image":{"@type":"ImageObject","inLanguage":"ca","@id":"https:\/\/diarieducacio.cat\/rella\/wp-content\/uploads\/sites\/26\/2026\/02\/albert-sola-i-puigjaner_avatar-96x96.jpeg","url":"https:\/\/diarieducacio.cat\/rella\/wp-content\/uploads\/sites\/26\/2026\/02\/albert-sola-i-puigjaner_avatar-96x96.jpeg","contentUrl":"https:\/\/diarieducacio.cat\/rella\/wp-content\/uploads\/sites\/26\/2026\/02\/albert-sola-i-puigjaner_avatar-96x96.jpeg","caption":"Albert Sol\u00e0 i Puigjaner"},"description":"Mestre jubilat","url":"https:\/\/diarieducacio.cat\/rella\/author\/albertsola\/"}]}},"_links":{"self":[{"href":"https:\/\/diarieducacio.cat\/rella\/wp-json\/wp\/v2\/posts\/252","targetHints":{"allow":["GET"]}}],"collection":[{"href":"https:\/\/diarieducacio.cat\/rella\/wp-json\/wp\/v2\/posts"}],"about":[{"href":"https:\/\/diarieducacio.cat\/rella\/wp-json\/wp\/v2\/types\/post"}],"author":[{"embeddable":true,"href":"https:\/\/diarieducacio.cat\/rella\/wp-json\/wp\/v2\/users\/365"}],"replies":[{"embeddable":true,"href":"https:\/\/diarieducacio.cat\/rella\/wp-json\/wp\/v2\/comments?post=252"}],"version-history":[{"count":0,"href":"https:\/\/diarieducacio.cat\/rella\/wp-json\/wp\/v2\/posts\/252\/revisions"}],"wp:featuredmedia":[{"embeddable":true,"href":"https:\/\/diarieducacio.cat\/rella\/wp-json\/wp\/v2\/media\/253"}],"wp:attachment":[{"href":"https:\/\/diarieducacio.cat\/rella\/wp-json\/wp\/v2\/media?parent=252"}],"wp:term":[{"taxonomy":"category","embeddable":true,"href":"https:\/\/diarieducacio.cat\/rella\/wp-json\/wp\/v2\/categories?post=252"},{"taxonomy":"post_tag","embeddable":true,"href":"https:\/\/diarieducacio.cat\/rella\/wp-json\/wp\/v2\/tags?post=252"},{"taxonomy":"tipo","embeddable":true,"href":"https:\/\/diarieducacio.cat\/rella\/wp-json\/wp\/v2\/tipo?post=252"}],"curies":[{"name":"wp","href":"https:\/\/api.w.org\/{rel}","templated":true}]}}