{"id":257,"date":"2020-05-13T01:03:03","date_gmt":"2020-05-12T23:03:03","guid":{"rendered":"https:\/\/diarieducacio.cat\/rella\/?p=257"},"modified":"2020-05-13T01:03:03","modified_gmt":"2020-05-12T23:03:03","slug":"el-valor-de-linfant","status":"publish","type":"post","link":"https:\/\/diarieducacio.cat\/rella\/2020\/05\/13\/el-valor-de-linfant\/","title":{"rendered":"El valor de l\u2019infant"},"content":{"rendered":"<p>Max Van Manen diria que la \u201csalud pedag\u00f2gica es la habilidad mental y corporal del tacto\u201d i en el seu <em>El tacto en la ense\u00f1aza<\/em>\u00a0 (1998. Paid\u00f3s) avisava de la necessitat, la urg\u00e8ncia, que tota acci\u00f3 educativa es fes amb tacte. Cap malalt hauria de ser at\u00e8s sense <em>tacte sanitari<\/em>, ni cap infant sense <em>tacte pedag\u00f2gic<\/em>. Van Manen parla tamb\u00e9 del\u00a0 to i el clima necessaris en tota acci\u00f3 pedag\u00f2gica. Tacte, to i clima per explicar l\u2019art d\u2019una bona trobada educativa. En tota pr\u00e0ctica educativa hi ha quelcom d\u2019imprevisible i molt a preveure. I \u00e9s que l\u2019educaci\u00f3 \u00e9s un art i tamb\u00e9 una ci\u00e8ncia. All\u00f2 que no es pot planificar i que s\u2019esdev\u00e9 en el moment de l\u2019encontre mestre-deixeble sol ser de major qualitat si s\u2019ha reflexionat abans sobre les possibilitats i condicions ambientals per al moment de la trobada. El que hi ha de ci\u00e8ncia, de m\u00e8tode, permet una bona anticipaci\u00f3 i una adequada planificaci\u00f3. Van Manen diria que en ambdues parts, l\u2019art\u00edstica i la cient\u00edfica, s\u2019ha de procedir amb tacte pedag\u00f2gic perqu\u00e8 es tracta de relacions entre persones.<\/p>\n<p>Com encararem, doncs, des de les escoles i altres entitats educatives, aix\u00f2 que en diem una <em>nova normalitat<\/em>? Quin valor t\u00e9 l\u2019esdevenir de cada infant i cada adolescent?<\/p>\n<p>Veure els ulls d\u2019un infant \u00e9s veure all\u00f2 que pot arribar a ser, \u00e9s recon\u00e8ixer que cada mirada \u00e9s singular. Pensar en un nom concret, la Maria, en Juli o l\u2019Abraham, suposa triar maneres particulars d\u2019acompanyar-los, coneixent cadascuna de les seves necessitats i desigs, perqu\u00e8 \u00e9s en cada rostre que l\u2019educador hi veu l\u2019impacte de la seva vida. Exercir la professi\u00f3 de mestre amb tacte, bon to i sabent crear un clima de confian\u00e7a no \u00e9s f\u00e0cil ni en condicions de <em>normalitat normal<\/em>. Com es far\u00e0 en la <em>nova normalitat<\/em>?<\/p>\n<p><strong>Demanem a totes les administracions que pensin en aix\u00f2 cada vegada que dissenyin estrat\u00e8gies i protocols<\/strong>. La mirada de la Maria, que necessita una infermera a prop, la del Juli que requereix sempre un vetllador, la del Jordi que urgeix d\u2019alg\u00fa que l\u2019assessori per tirar endavant una traject\u00f2ria vital d\u2019adolescent en risc d\u2019exclusi\u00f3, la de l\u2019Eva que nom\u00e9s menja un cop al dia o la de l\u2019Abraham que conviu amb pares i cinc germans en dues min\u00fascules habitacions&#8230; Totes aquestes mirades, totes, se les enduu la Carme, la mestra, al llit cada vespre i s\u2019adorm pensant possibilitats i desitjant la trobada.<\/p>\n<p>Tots els equips directius i tots els docents (un altre dia parlarem de pares i mares!) s\u2019han hagut d\u2019acomodar a una situaci\u00f3 totalment nova i han vist com desapareixia <strong>all\u00f2 que \u00e9s m\u00e9s inherent a l\u2019acte educatiu: la trobada f\u00edsica mestre-deixeble<\/strong>. Tots s\u2019han posat a treballar per fer-se presents, per ser-hi, en aquesta situaci\u00f3 de virtualitat excepcional i ho han fet a un ritme superior al de les autoritats a l\u2019hora de repartir vals pel menjar, ordinadors o connexi\u00f3 a la xarxa a qui no en tenia. Molts mestres han apr\u00e8s, a marxes for\u00e7ades, aquestes noves formes de comunicaci\u00f3 perqu\u00e8 molts no s\u00f3n nadius digitals.\u00a0 Per\u00f2 han estat i estan a l\u2019al\u00e7ada.<\/p>\n<p>Hem estat pendents de les cures i de les morts i \u00e9s imprescindible, per\u00f2 ni la mort no pot fer que ens <em>des<\/em>preocupem de la vida. <strong>Creure en l\u2019infant \u00e9s fer tot el possible per refor\u00e7ar-lo<\/strong>. En moments de perill ells tamb\u00e9 tenen por i angoixa i es senten culpables i pensen que ens ataquen i senten que s\u2019han de defensar i volen sortir per\u00f2 tenen por de fer-ho i desitgen veure amics per\u00f2 no saben qu\u00e8 vol dir no tocar-los i&#8230; Ens n\u2019hem de fer c\u00e0rrec! Els hem d\u2019escoltar a tots i cadascun! <strong>Qu\u00e8 passa amb la promesa d\u2019una escola inclusiva? Quina ser\u00e0 la primera administraci\u00f3 que doni sentit real a la participaci\u00f3 d\u2019infants i adolescents? Per qu\u00e8 no els demanem parer i els fem part\u00edcips actius i permanents per encarar aquesta <em>nova normalitat?<\/em><\/strong> Ho decidim tot sobre les seves vides i no els preguntem qu\u00e8 pensen i qu\u00e8 senten. Sabem que infants i adolescents necessiten d\u2019estabilitat i seguretat per cr\u00e9ixer i tamb\u00e9 per aprendre a arriscar-se. <strong>Sense la seva implicaci\u00f3 i mancats d\u2019adults que pensin una mica m\u00e9s enll\u00e0 del nas dif\u00edcilment es podran fer c\u00e0rrec d\u2019una situaci\u00f3 que va canviant cada dia<\/strong><em>.<\/em> Infants i adolescents pensen per si mateixos, s\u00f3n persones amb capacitat de comunicar necessitats i desigs, persones\u00a0 dignes de ser escoltades. Ells i elles tamb\u00e9 pensen, senten i actuen i sovint les seves idees s\u00f3n m\u00e9s assenyades, i sempre m\u00e9s transparents i honestes, que les nostres, els adults.<\/p>\n<p>I els mestres? Qu\u00e8 far\u00edem sense un cos docent implicat en la feina i comprom\u00e8s en la relaci\u00f3 amb els \u201cseus\u201d deixebles? Els hem demanat qu\u00e8 necessiten per afrontar aquesta <em>nova normalitat?<\/em> Ells i elles necessitaran tamb\u00e9 tot el suport possible, de psic\u00f2legs, pedagogs, metges i infermeres per atendre totes i cadascuna de les necessitats del seu alumnat per\u00f2 tamb\u00e9 les seves. En situaci\u00f3 de normalitat tota mestra implicada es buida cada dia i ha de tenir temps per omplir-se de nou i tornar l\u2019endem\u00e0 amb totes les energies. <strong>Com atendrem el cos docent perqu\u00e8 cadascun dels seus membres pugui refer-se dia rere dia? <\/strong><\/p>\n<p>Faran falta totes les mans possibles i a tots els nivells. M\u00e9s que mai s\u2019haur\u00e0 de refor\u00e7ar la pres\u00e8ncia constant en els centres de psic\u00f2legs i pedagogs, de persones que vetllin per la salut d\u2019infants i docents, de persones expertes que puguin guiar els passos dels ne\u00f2fits en situacions d\u2019excepci\u00f3. M\u00e9s que mai es necessitaran vetlladors, persones de refor\u00e7, pares, mares, avis i \u00e0vies, voluntaris, &#8230; M\u00e9s que mai s\u2019hauran de refor\u00e7ar aprenentatges instrumentals b\u00e0sics, m\u00e9s que mai ser\u00e0 rellevant pensar b\u00e9 les activitats de pati, menjador, sortides, possibles conviv\u00e8ncies, etc. La vida en el seu m\u00e9s ampli sentit segueix, malgrat tots els escenaris dif\u00edcils que es puguin donar.<\/p>\n<p><strong>Cada infant \u00e9s una vida singular, una possibilitat, una nova alternativa, un projecte i sobretot una esperan\u00e7a. Qui sigui que tingui el deure de governar ha de fer-ho pensant en aquests infants i adolescents que no poden votar per\u00f2 que tamb\u00e9 compten i que s\u00f3n els \u00fanics que poden donar oxigen a una societat que no ha estat capa\u00e7 de no provocar desastres. <\/strong>Tots els adults que vivim al seu costat tenim la responsabilitat d\u2019exigir que se\u2019ls tingui present en tota decisi\u00f3 que es prengui. Som els adults que els estem robant el futur i som els adults qui tenim l\u2019obligaci\u00f3 \u00e8tica de minimitzar els efectes d\u2019una pand\u00e8mia, que no hem provocat per\u00f2 que potser tampoc hem sabut gestionar de manera que fos menys dolorosa per a tothom.<\/p>\n","protected":false},"excerpt":{"rendered":"<p>Fa pocs dies el curs es donava per acabat, ara diuen que ens retrobarem a les aules, per\u00f2 per grups petits, veurem qu\u00e8 ens diuen en quinze dies. Nom\u00e9s sabem que tot \u00e9s incert, variable i un xic esfere\u00efdor. En tot aquest desgavell, el que no podem oblidar \u00e9s la ra\u00f3 de ser de l\u2019escola i l\u2019ess\u00e8ncia de l\u2019educaci\u00f3: atendre l\u2019infant i l\u2019adolescent. Els adults hem pensat l\u2019escola per servir-los, acompanyar-los i protegir-los. <\/p>\n","protected":false},"author":371,"featured_media":258,"comment_status":"open","ping_status":"closed","sticky":false,"template":"","format":"standard","meta":{"footnotes":""},"categories":[2],"tags":[],"tipo":[],"class_list":{"0":"post-257","1":"post","2":"type-post","3":"status-publish","4":"format-standard","5":"has-post-thumbnail","7":"category-general"},"yoast_head":"<!-- This site is optimized with the Yoast SEO plugin v27.4 - https:\/\/yoast.com\/product\/yoast-seo-wordpress\/ -->\n<title>El valor de l\u2019infant - El Blog de Rella<\/title>\n<meta name=\"robots\" content=\"index, follow, max-snippet:-1, max-image-preview:large, max-video-preview:-1\" \/>\n<link rel=\"canonical\" href=\"https:\/\/diarieducacio.cat\/rella\/2020\/05\/13\/el-valor-de-linfant\/\" \/>\n<meta property=\"og:locale\" content=\"ca_ES\" \/>\n<meta property=\"og:type\" content=\"article\" \/>\n<meta property=\"og:title\" content=\"El valor de l\u2019infant - El Blog de Rella\" \/>\n<meta property=\"og:description\" content=\"Fa pocs dies el curs es donava per acabat, ara diuen que ens retrobarem a les aules, per\u00f2 per grups petits, veurem qu\u00e8 ens diuen en quinze dies. Nom\u00e9s sabem que tot \u00e9s incert, variable i un xic esfere\u00efdor. En tot aquest desgavell, el que no podem oblidar \u00e9s la ra\u00f3 de ser de l\u2019escola i l\u2019ess\u00e8ncia de l\u2019educaci\u00f3: atendre l\u2019infant i l\u2019adolescent. Els adults hem pensat l\u2019escola per servir-los, acompanyar-los i protegir-los.\" \/>\n<meta property=\"og:url\" content=\"https:\/\/diarieducacio.cat\/rella\/2020\/05\/13\/el-valor-de-linfant\/\" \/>\n<meta property=\"og:site_name\" content=\"El Blog de Rella\" \/>\n<meta property=\"article:publisher\" content=\"https:\/\/www.facebook.com\/diarieducacio\/\" \/>\n<meta property=\"article:published_time\" content=\"2020-05-12T23:03:03+00:00\" \/>\n<meta property=\"og:image\" content=\"https:\/\/diarieducacio.cat\/rella\/wp-content\/uploads\/sites\/26\/2020\/05\/iStock-1185715481.jpg\" \/>\n\t<meta property=\"og:image:width\" content=\"1321\" \/>\n\t<meta property=\"og:image:height\" content=\"793\" \/>\n\t<meta property=\"og:image:type\" content=\"image\/jpeg\" \/>\n<meta name=\"author\" content=\"Rella Granollers\" \/>\n<meta name=\"twitter:card\" content=\"summary_large_image\" \/>\n<meta name=\"twitter:creator\" content=\"@DiariEducacio\" \/>\n<meta name=\"twitter:site\" content=\"@DiariEducacio\" \/>\n<meta name=\"twitter:label1\" content=\"Escrit per\" \/>\n\t<meta name=\"twitter:data1\" content=\"Rella Granollers\" \/>\n\t<meta name=\"twitter:label2\" content=\"Temps estimat de lectura\" \/>\n\t<meta name=\"twitter:data2\" content=\"6 minuts\" \/>\n<script type=\"application\/ld+json\" class=\"yoast-schema-graph\">{\"@context\":\"https:\\\/\\\/schema.org\",\"@graph\":[{\"@type\":\"Article\",\"@id\":\"https:\\\/\\\/diarieducacio.cat\\\/rella\\\/2020\\\/05\\\/13\\\/el-valor-de-linfant\\\/#article\",\"isPartOf\":{\"@id\":\"https:\\\/\\\/diarieducacio.cat\\\/rella\\\/2020\\\/05\\\/13\\\/el-valor-de-linfant\\\/\"},\"author\":{\"name\":\"Rella Granollers\",\"@id\":\"https:\\\/\\\/diarieducacio.cat\\\/rella\\\/#\\\/schema\\\/person\\\/54d7582b0ac81d69cbd262a7ae08ffb3\"},\"headline\":\"El valor de l\u2019infant\",\"datePublished\":\"2020-05-12T23:03:03+00:00\",\"mainEntityOfPage\":{\"@id\":\"https:\\\/\\\/diarieducacio.cat\\\/rella\\\/2020\\\/05\\\/13\\\/el-valor-de-linfant\\\/\"},\"wordCount\":1201,\"commentCount\":0,\"image\":{\"@id\":\"https:\\\/\\\/diarieducacio.cat\\\/rella\\\/2020\\\/05\\\/13\\\/el-valor-de-linfant\\\/#primaryimage\"},\"thumbnailUrl\":\"https:\\\/\\\/diarieducacio.cat\\\/rella\\\/wp-content\\\/uploads\\\/sites\\\/26\\\/2020\\\/05\\\/iStock-1185715481.jpg\",\"articleSection\":[\"General\"],\"inLanguage\":\"ca\",\"potentialAction\":[{\"@type\":\"CommentAction\",\"name\":\"Comment\",\"target\":[\"https:\\\/\\\/diarieducacio.cat\\\/rella\\\/2020\\\/05\\\/13\\\/el-valor-de-linfant\\\/#respond\"]}]},{\"@type\":\"WebPage\",\"@id\":\"https:\\\/\\\/diarieducacio.cat\\\/rella\\\/2020\\\/05\\\/13\\\/el-valor-de-linfant\\\/\",\"url\":\"https:\\\/\\\/diarieducacio.cat\\\/rella\\\/2020\\\/05\\\/13\\\/el-valor-de-linfant\\\/\",\"name\":\"El valor de l\u2019infant - El Blog de Rella\",\"isPartOf\":{\"@id\":\"https:\\\/\\\/diarieducacio.cat\\\/rella\\\/#website\"},\"primaryImageOfPage\":{\"@id\":\"https:\\\/\\\/diarieducacio.cat\\\/rella\\\/2020\\\/05\\\/13\\\/el-valor-de-linfant\\\/#primaryimage\"},\"image\":{\"@id\":\"https:\\\/\\\/diarieducacio.cat\\\/rella\\\/2020\\\/05\\\/13\\\/el-valor-de-linfant\\\/#primaryimage\"},\"thumbnailUrl\":\"https:\\\/\\\/diarieducacio.cat\\\/rella\\\/wp-content\\\/uploads\\\/sites\\\/26\\\/2020\\\/05\\\/iStock-1185715481.jpg\",\"datePublished\":\"2020-05-12T23:03:03+00:00\",\"author\":{\"@id\":\"https:\\\/\\\/diarieducacio.cat\\\/rella\\\/#\\\/schema\\\/person\\\/54d7582b0ac81d69cbd262a7ae08ffb3\"},\"breadcrumb\":{\"@id\":\"https:\\\/\\\/diarieducacio.cat\\\/rella\\\/2020\\\/05\\\/13\\\/el-valor-de-linfant\\\/#breadcrumb\"},\"inLanguage\":\"ca\",\"potentialAction\":[{\"@type\":\"ReadAction\",\"target\":[\"https:\\\/\\\/diarieducacio.cat\\\/rella\\\/2020\\\/05\\\/13\\\/el-valor-de-linfant\\\/\"]}]},{\"@type\":\"ImageObject\",\"inLanguage\":\"ca\",\"@id\":\"https:\\\/\\\/diarieducacio.cat\\\/rella\\\/2020\\\/05\\\/13\\\/el-valor-de-linfant\\\/#primaryimage\",\"url\":\"https:\\\/\\\/diarieducacio.cat\\\/rella\\\/wp-content\\\/uploads\\\/sites\\\/26\\\/2020\\\/05\\\/iStock-1185715481.jpg\",\"contentUrl\":\"https:\\\/\\\/diarieducacio.cat\\\/rella\\\/wp-content\\\/uploads\\\/sites\\\/26\\\/2020\\\/05\\\/iStock-1185715481.jpg\",\"width\":1321,\"height\":793,\"caption\":\"iStock\"},{\"@type\":\"BreadcrumbList\",\"@id\":\"https:\\\/\\\/diarieducacio.cat\\\/rella\\\/2020\\\/05\\\/13\\\/el-valor-de-linfant\\\/#breadcrumb\",\"itemListElement\":[{\"@type\":\"ListItem\",\"position\":1,\"name\":\"Inici\",\"item\":\"https:\\\/\\\/diarieducacio.cat\\\/rella\\\/\"},{\"@type\":\"ListItem\",\"position\":2,\"name\":\"El valor de l\u2019infant\"}]},{\"@type\":\"WebSite\",\"@id\":\"https:\\\/\\\/diarieducacio.cat\\\/rella\\\/#website\",\"url\":\"https:\\\/\\\/diarieducacio.cat\\\/rella\\\/\",\"name\":\"El Blog de Rella\",\"description\":\"Un blog de El Diari de l&#039;Educaci\u00f3\",\"potentialAction\":[{\"@type\":\"SearchAction\",\"target\":{\"@type\":\"EntryPoint\",\"urlTemplate\":\"https:\\\/\\\/diarieducacio.cat\\\/rella\\\/?s={search_term_string}\"},\"query-input\":{\"@type\":\"PropertyValueSpecification\",\"valueRequired\":true,\"valueName\":\"search_term_string\"}}],\"inLanguage\":\"ca\"},{\"@type\":\"Person\",\"@id\":\"https:\\\/\\\/diarieducacio.cat\\\/rella\\\/#\\\/schema\\\/person\\\/54d7582b0ac81d69cbd262a7ae08ffb3\",\"name\":\"Rella Granollers\",\"image\":{\"@type\":\"ImageObject\",\"inLanguage\":\"ca\",\"@id\":\"https:\\\/\\\/secure.gravatar.com\\\/avatar\\\/fb471de393977f678b1da13d3db28edf2177daaf04a3d41248bd7e3f4f2c30bd?s=96&d=mm&r=g\",\"url\":\"https:\\\/\\\/secure.gravatar.com\\\/avatar\\\/fb471de393977f678b1da13d3db28edf2177daaf04a3d41248bd7e3f4f2c30bd?s=96&d=mm&r=g\",\"contentUrl\":\"https:\\\/\\\/secure.gravatar.com\\\/avatar\\\/fb471de393977f678b1da13d3db28edf2177daaf04a3d41248bd7e3f4f2c30bd?s=96&d=mm&r=g\",\"caption\":\"Rella Granollers\"},\"url\":\"https:\\\/\\\/diarieducacio.cat\\\/rella\\\/author\\\/rellagr\\\/\"}]}<\/script>\n<!-- \/ Yoast SEO plugin. -->","yoast_head_json":{"title":"El valor de l\u2019infant - El Blog de Rella","robots":{"index":"index","follow":"follow","max-snippet":"max-snippet:-1","max-image-preview":"max-image-preview:large","max-video-preview":"max-video-preview:-1"},"canonical":"https:\/\/diarieducacio.cat\/rella\/2020\/05\/13\/el-valor-de-linfant\/","og_locale":"ca_ES","og_type":"article","og_title":"El valor de l\u2019infant - El Blog de Rella","og_description":"Fa pocs dies el curs es donava per acabat, ara diuen que ens retrobarem a les aules, per\u00f2 per grups petits, veurem qu\u00e8 ens diuen en quinze dies. Nom\u00e9s sabem que tot \u00e9s incert, variable i un xic esfere\u00efdor. En tot aquest desgavell, el que no podem oblidar \u00e9s la ra\u00f3 de ser de l\u2019escola i l\u2019ess\u00e8ncia de l\u2019educaci\u00f3: atendre l\u2019infant i l\u2019adolescent. Els adults hem pensat l\u2019escola per servir-los, acompanyar-los i protegir-los.","og_url":"https:\/\/diarieducacio.cat\/rella\/2020\/05\/13\/el-valor-de-linfant\/","og_site_name":"El Blog de Rella","article_publisher":"https:\/\/www.facebook.com\/diarieducacio\/","article_published_time":"2020-05-12T23:03:03+00:00","og_image":[{"width":1321,"height":793,"url":"https:\/\/diarieducacio.cat\/rella\/wp-content\/uploads\/sites\/26\/2020\/05\/iStock-1185715481.jpg","type":"image\/jpeg"}],"author":"Rella Granollers","twitter_card":"summary_large_image","twitter_creator":"@DiariEducacio","twitter_site":"@DiariEducacio","twitter_misc":{"Escrit per":"Rella Granollers","Temps estimat de lectura":"6 minuts"},"schema":{"@context":"https:\/\/schema.org","@graph":[{"@type":"Article","@id":"https:\/\/diarieducacio.cat\/rella\/2020\/05\/13\/el-valor-de-linfant\/#article","isPartOf":{"@id":"https:\/\/diarieducacio.cat\/rella\/2020\/05\/13\/el-valor-de-linfant\/"},"author":{"name":"Rella Granollers","@id":"https:\/\/diarieducacio.cat\/rella\/#\/schema\/person\/54d7582b0ac81d69cbd262a7ae08ffb3"},"headline":"El valor de l\u2019infant","datePublished":"2020-05-12T23:03:03+00:00","mainEntityOfPage":{"@id":"https:\/\/diarieducacio.cat\/rella\/2020\/05\/13\/el-valor-de-linfant\/"},"wordCount":1201,"commentCount":0,"image":{"@id":"https:\/\/diarieducacio.cat\/rella\/2020\/05\/13\/el-valor-de-linfant\/#primaryimage"},"thumbnailUrl":"https:\/\/diarieducacio.cat\/rella\/wp-content\/uploads\/sites\/26\/2020\/05\/iStock-1185715481.jpg","articleSection":["General"],"inLanguage":"ca","potentialAction":[{"@type":"CommentAction","name":"Comment","target":["https:\/\/diarieducacio.cat\/rella\/2020\/05\/13\/el-valor-de-linfant\/#respond"]}]},{"@type":"WebPage","@id":"https:\/\/diarieducacio.cat\/rella\/2020\/05\/13\/el-valor-de-linfant\/","url":"https:\/\/diarieducacio.cat\/rella\/2020\/05\/13\/el-valor-de-linfant\/","name":"El valor de l\u2019infant - El Blog de Rella","isPartOf":{"@id":"https:\/\/diarieducacio.cat\/rella\/#website"},"primaryImageOfPage":{"@id":"https:\/\/diarieducacio.cat\/rella\/2020\/05\/13\/el-valor-de-linfant\/#primaryimage"},"image":{"@id":"https:\/\/diarieducacio.cat\/rella\/2020\/05\/13\/el-valor-de-linfant\/#primaryimage"},"thumbnailUrl":"https:\/\/diarieducacio.cat\/rella\/wp-content\/uploads\/sites\/26\/2020\/05\/iStock-1185715481.jpg","datePublished":"2020-05-12T23:03:03+00:00","author":{"@id":"https:\/\/diarieducacio.cat\/rella\/#\/schema\/person\/54d7582b0ac81d69cbd262a7ae08ffb3"},"breadcrumb":{"@id":"https:\/\/diarieducacio.cat\/rella\/2020\/05\/13\/el-valor-de-linfant\/#breadcrumb"},"inLanguage":"ca","potentialAction":[{"@type":"ReadAction","target":["https:\/\/diarieducacio.cat\/rella\/2020\/05\/13\/el-valor-de-linfant\/"]}]},{"@type":"ImageObject","inLanguage":"ca","@id":"https:\/\/diarieducacio.cat\/rella\/2020\/05\/13\/el-valor-de-linfant\/#primaryimage","url":"https:\/\/diarieducacio.cat\/rella\/wp-content\/uploads\/sites\/26\/2020\/05\/iStock-1185715481.jpg","contentUrl":"https:\/\/diarieducacio.cat\/rella\/wp-content\/uploads\/sites\/26\/2020\/05\/iStock-1185715481.jpg","width":1321,"height":793,"caption":"iStock"},{"@type":"BreadcrumbList","@id":"https:\/\/diarieducacio.cat\/rella\/2020\/05\/13\/el-valor-de-linfant\/#breadcrumb","itemListElement":[{"@type":"ListItem","position":1,"name":"Inici","item":"https:\/\/diarieducacio.cat\/rella\/"},{"@type":"ListItem","position":2,"name":"El valor de l\u2019infant"}]},{"@type":"WebSite","@id":"https:\/\/diarieducacio.cat\/rella\/#website","url":"https:\/\/diarieducacio.cat\/rella\/","name":"El Blog de Rella","description":"Un blog de El Diari de l&#039;Educaci\u00f3","potentialAction":[{"@type":"SearchAction","target":{"@type":"EntryPoint","urlTemplate":"https:\/\/diarieducacio.cat\/rella\/?s={search_term_string}"},"query-input":{"@type":"PropertyValueSpecification","valueRequired":true,"valueName":"search_term_string"}}],"inLanguage":"ca"},{"@type":"Person","@id":"https:\/\/diarieducacio.cat\/rella\/#\/schema\/person\/54d7582b0ac81d69cbd262a7ae08ffb3","name":"Rella Granollers","image":{"@type":"ImageObject","inLanguage":"ca","@id":"https:\/\/secure.gravatar.com\/avatar\/fb471de393977f678b1da13d3db28edf2177daaf04a3d41248bd7e3f4f2c30bd?s=96&d=mm&r=g","url":"https:\/\/secure.gravatar.com\/avatar\/fb471de393977f678b1da13d3db28edf2177daaf04a3d41248bd7e3f4f2c30bd?s=96&d=mm&r=g","contentUrl":"https:\/\/secure.gravatar.com\/avatar\/fb471de393977f678b1da13d3db28edf2177daaf04a3d41248bd7e3f4f2c30bd?s=96&d=mm&r=g","caption":"Rella Granollers"},"url":"https:\/\/diarieducacio.cat\/rella\/author\/rellagr\/"}]}},"_links":{"self":[{"href":"https:\/\/diarieducacio.cat\/rella\/wp-json\/wp\/v2\/posts\/257","targetHints":{"allow":["GET"]}}],"collection":[{"href":"https:\/\/diarieducacio.cat\/rella\/wp-json\/wp\/v2\/posts"}],"about":[{"href":"https:\/\/diarieducacio.cat\/rella\/wp-json\/wp\/v2\/types\/post"}],"author":[{"embeddable":true,"href":"https:\/\/diarieducacio.cat\/rella\/wp-json\/wp\/v2\/users\/371"}],"replies":[{"embeddable":true,"href":"https:\/\/diarieducacio.cat\/rella\/wp-json\/wp\/v2\/comments?post=257"}],"version-history":[{"count":0,"href":"https:\/\/diarieducacio.cat\/rella\/wp-json\/wp\/v2\/posts\/257\/revisions"}],"wp:featuredmedia":[{"embeddable":true,"href":"https:\/\/diarieducacio.cat\/rella\/wp-json\/wp\/v2\/media\/258"}],"wp:attachment":[{"href":"https:\/\/diarieducacio.cat\/rella\/wp-json\/wp\/v2\/media?parent=257"}],"wp:term":[{"taxonomy":"category","embeddable":true,"href":"https:\/\/diarieducacio.cat\/rella\/wp-json\/wp\/v2\/categories?post=257"},{"taxonomy":"post_tag","embeddable":true,"href":"https:\/\/diarieducacio.cat\/rella\/wp-json\/wp\/v2\/tags?post=257"},{"taxonomy":"tipo","embeddable":true,"href":"https:\/\/diarieducacio.cat\/rella\/wp-json\/wp\/v2\/tipo?post=257"}],"curies":[{"name":"wp","href":"https:\/\/api.w.org\/{rel}","templated":true}]}}